{"id":65205,"date":"2024-07-21T18:24:31","date_gmt":"2024-07-21T16:24:31","guid":{"rendered":"https:\/\/now-news.de\/de\/deutschland\/deutschland-jeder-fuenfte-asylbewerber-legal-eingereist\/"},"modified":"2024-07-21T18:24:31","modified_gmt":"2024-07-21T16:24:31","slug":"deutschland-jeder-fuenfte-asylbewerber-legal-eingereist","status":"publish","type":"post","link":"https:\/\/now-news.de\/de\/deutschland\/deutschland-jeder-fuenfte-asylbewerber-legal-eingereist\/","title":{"rendered":"Deutschland: Jeder f\u00fcnfte Asylbewerber legal eingereist"},"content":{"rendered":"<p><img decoding=\"async\" src=\"https:\/\/now-news.de\/de\/wp-content\/uploads\/sites\/3\/2024\/07\/669d310bb480cc3d450d4874.jpg\" \/><\/p>\n<div class=\"Text-root Text-type_1 \">\n                Da helfen auch keine Grenzkontrollen: Wer legal einreist, um dann in Deutschland einen Asylantrag zu stellen, ist auch dadurch nicht zu behindern. Es sind jedes Jahr Tausende, die etwa ihre Familie besuchen kommen, um dann als Asylbewerber zu bleiben.\n            <\/div>\n<p><\/p>\n<div class=\"Text-root Text-type_5 ArticleView-text ViewText-root \">\n<p>Sie kommen, um Familienangeh\u00f6rige zu besuchen, die schon l\u00e4nger hier leben, mit einem Arbeitsvisum oder aus L\u00e4ndern, deren B\u00fcrger gar keine Visa ben\u00f6tigen \u2013 und dann beantragen sie in Deutschland Asyl. Nach Angaben des Bundesamts f\u00fcr Migration (BAMF) ist das insgesamt ein F\u00fcnftel der neu eingetroffenen Asylbewerber. Das <a rel=\"nofollow noopener\" target=\"_blank\" href=\"https:\/\/www.welt.de\/politik\/deutschland\/article252605642\/Wenn-Migranten-zum-Familienbesuch-einreisen-und-dann-Asyl-beantragen.html\">berichtete<\/a> die <em>Welt<\/em>.<\/p>\n<p>Etwa die H\u00e4lfte davon kommt mit Visa, vor allem aus Syrien, Afghanistan, der T\u00fcrkei und Iran. Die Besuchsvisa sind hierbei nicht zu verwechseln mit dem Familiennachzug \u2012 wer dar\u00fcber ins Land kommt, hat bereits einen Aufenthaltstitel und es daher nicht n\u00f6tig, Asyl zu beantragen.<\/p>\n<p>Welche Visaarten dabei welchen Anteil ausmachen, verzeichnen weder das BAMF noch das Ausw\u00e4rtige Amt. Bei Letzterem wird auch nur aufgezeichnet, an welchem Ort wie viele Visa erteilt wurden, aber nicht die Nationalit\u00e4t der Visaempf\u00e4nger. So sei es durchaus m\u00f6glich, dass ein in der T\u00fcrkei lebender Syrer dort ein Besuchsvisum erhalte, um in Deutschland lebende Angeh\u00f6rige zu besuchen.<\/p>\n<p>Allerdings kam es j\u00fcngst im Ausw\u00e4rtigen Amt zu einem Skandal gerade um die Erteilung von Visa. Bereits im Fr\u00fchjahr 2023 wurde bekannt, dass das Ministerium der Deutschen Botschaft in Pakistan die Anweisung erteilte, \u00fcber gef\u00e4lschte Ausweispapiere hinwegzusehen. Ausl\u00f6ser war der Fall eines Mannes, bei dem die Botschaft sowohl das Alter als auch die Nationalit\u00e4t anzweifelte.<\/p>\n<p>Mittlerweile ist bekannt, dass es sich um Hunderte von F\u00e4llen handelt, die nun von der Bundespolizei \u00fcberpr\u00fcft werden. Bisher sind vergleichbare F\u00e4lle aus anderen Botschaften nicht bekannt. Allerdings wurden die Vorf\u00e4lle in Pakistan auch nur deshalb bekannt, weil sich Mitarbeiter der Botschaft der rechtswidrigen Anweisung widersetzten.<\/p>\n<p>Die zweite gro\u00dfe Gruppe, die legal nach Deutschland einreist, ist im Grunde noch erstaunlicher \u2013 sie kommen n\u00e4mlich aus L\u00e4ndern, f\u00fcr die es keine Visapflicht mehr gibt. Konkret geht es dabei um Georgier, Nordmazedonier, Venezolaner, Serben und Kolumbianer. Wobei die Liste der L\u00e4nder bereits zwei v\u00f6llig unterschiedliche Gr\u00fcnde f\u00fcr das Entfallen der Visapflicht erkennen l\u00e4sst \u2013 solche, die als EU-L\u00e4nder in spe behandelt werden, wie Georgien und Nordmazedonien, und solche, bei denen aus geopolitischen Gr\u00fcnden die Visapflicht gestrichen wurde, weil die deutsche Regierung an Regime-Change-Bestrebungen beteiligt ist. Zumindest bei der ersten Variante ist es doch etwas erstaunlich, wenn die B\u00fcrger solcher L\u00e4nder einen Asylantrag stellen k\u00f6nnen.<\/p>\n<p>Beide Gruppen zusammen stellten im vergangenen Jahr 72.281 von insgesamt 351.915 Erstantragstellern.<\/p>\n<p><strong>Mehr zum Thema<\/strong>\u00a0\u2012 <a rel=\"nofollow noopener\" target=\"_blank\" href=\"https:\/\/freedert.online\/inland\/172550-rechtsbeugung-im-hause-baerbock-staatsanwaltschaft\/\">Rechtsbeugung im Hause Baerbock? Staatsanwaltschaft ermittelt wegen Visa-Aff\u00e4re <\/a><\/p>\n<\/p>\n<\/div>\n<p><br \/>\n<br \/><a href=\"https:\/\/de.rt.com\/inland\/213111-jeder-fuenfte-asylbewerber-legal-eingereist\/\">Source link <\/a><\/p>\n","protected":false},"excerpt":{"rendered":"<p>Da helfen auch keine Grenzkontrollen: Wer legal einreist, um dann in Deutschland einen Asylantrag zu stellen, ist auch dadurch nicht zu behindern. Es sind jedes Jahr Tausende, die etwa ihre Familie besuchen kommen, um dann als Asylbewerber zu bleiben. Sie kommen, um Familienangeh\u00f6rige zu besuchen, die schon l\u00e4nger hier leben, mit einem Arbeitsvisum oder aus [&hellip;]<\/p>\n","protected":false},"author":3,"featured_media":65206,"comment_status":"open","ping_status":"open","sticky":false,"template":"","format":"standard","meta":{"_yoast_indexnow_last_ping":["1721579728"],"wp_automatic_camp":["217"],"f2aacbc2c34c55c5febaeadd0aa5b259":["Deutschland: Jeder f\u00fcnfte Asylbewerber legal eingereist"],"original_link":["https:\/\/de.rt.com\/inland\/213111-jeder-fuenfte-asylbewerber-legal-eingereist\/"],"_thumbnail_id":["65206"],"jnews_social_counter_last_update":["1776981495"],"_wptgpro_p2tg_sent2tg":["a:1:{i:23737;s:19:\"2024-07-21 18:36:38\";}"]},"categories":[19,23],"tags":[36804,179,56843,39703,12049,8525],"yoast_head":"<!-- This site is optimized with the Yoast SEO Premium plugin v22.7 (Yoast SEO v22.7) - https:\/\/yoast.com\/wordpress\/plugins\/seo\/ -->\n<title>Deutschland: Jeder f\u00fcnfte Asylbewerber legal eingereist - just-now.NEWS Deutschland<\/title>\n<meta name=\"robots\" content=\"index, follow, max-snippet:-1, max-image-preview:large, max-video-preview:-1\" \/>\n<link rel=\"canonical\" href=\"https:\/\/now-news.de\/de\/deutschland\/deutschland-jeder-fuenfte-asylbewerber-legal-eingereist\/\" \/>\n<meta property=\"og:locale\" content=\"de_DE\" \/>\n<meta property=\"og:type\" content=\"article\" \/>\n<meta property=\"og:title\" content=\"Deutschland: Jeder f\u00fcnfte Asylbewerber legal eingereist\" \/>\n<meta property=\"og:description\" content=\"Da helfen auch keine Grenzkontrollen: Wer legal einreist, um dann in Deutschland einen Asylantrag zu stellen, ist auch dadurch nicht zu behindern. Es sind jedes Jahr Tausende, die etwa ihre Familie besuchen kommen, um dann als Asylbewerber zu bleiben. Sie kommen, um Familienangeh\u00f6rige zu besuchen, die schon l\u00e4nger hier leben, mit einem Arbeitsvisum oder aus [&hellip;]\" \/>\n<meta property=\"og:url\" content=\"https:\/\/now-news.de\/de\/deutschland\/deutschland-jeder-fuenfte-asylbewerber-legal-eingereist\/\" \/>\n<meta property=\"og:site_name\" content=\"just-now.NEWS Deutschland\" \/>\n<meta property=\"article:publisher\" content=\"https:\/\/www.facebook.com\/wirmachenauf\" \/>\n<meta property=\"article:published_time\" content=\"2024-07-21T16:24:31+00:00\" \/>\n<meta property=\"og:image\" content=\"https:\/\/now-news.de\/de\/wp-content\/uploads\/sites\/3\/2024\/07\/669d310bb480cc3d450d4874.jpg\" \/>\n<meta name=\"author\" content=\"rtnews\" \/>\n<meta name=\"twitter:card\" content=\"summary_large_image\" \/>\n<meta name=\"twitter:creator\" content=\"@WirMachenAuf_de\" \/>\n<meta name=\"twitter:site\" content=\"@WirMachenAuf_de\" \/>\n<meta name=\"twitter:label1\" content=\"Verfasst von\" \/>\n\t<meta name=\"twitter:data1\" content=\"rtnews\" \/>\n\t<meta name=\"twitter:label2\" content=\"Gesch\u00e4tzte Lesezeit\" \/>\n\t<meta name=\"twitter:data2\" content=\"2\u00a0Minuten\" \/>\n<script type=\"application\/ld+json\" class=\"yoast-schema-graph\">{\"@context\":\"https:\/\/schema.org\",\"@graph\":[{\"@type\":\"Article\",\"@id\":\"https:\/\/now-news.de\/de\/deutschland\/deutschland-jeder-fuenfte-asylbewerber-legal-eingereist\/#article\",\"isPartOf\":{\"@id\":\"https:\/\/now-news.de\/de\/deutschland\/deutschland-jeder-fuenfte-asylbewerber-legal-eingereist\/\"},\"author\":{\"name\":\"rtnews\",\"@id\":\"https:\/\/now-news.de\/de\/#\/schema\/person\/fb534a4e865501d8b3285208df34a9b5\"},\"headline\":\"Deutschland: Jeder f\u00fcnfte Asylbewerber legal eingereist\",\"datePublished\":\"2024-07-21T16:24:31+00:00\",\"dateModified\":\"2024-07-21T16:24:31+00:00\",\"mainEntityOfPage\":{\"@id\":\"https:\/\/now-news.de\/de\/deutschland\/deutschland-jeder-fuenfte-asylbewerber-legal-eingereist\/\"},\"wordCount\":466,\"commentCount\":0,\"publisher\":{\"@id\":\"https:\/\/now-news.de\/de\/#organization\"},\"image\":{\"@id\":\"https:\/\/now-news.de\/de\/deutschland\/deutschland-jeder-fuenfte-asylbewerber-legal-eingereist\/#primaryimage\"},\"thumbnailUrl\":\"https:\/\/now-news.de\/de\/wp-content\/uploads\/sites\/3\/2024\/07\/Deutschland-Jeder-fuenfte-Asylbewerber-legal-eingereist.jpg\",\"keywords\":[\"Asylbewerber\",\"Deutschland\",\"eingereist\",\"F\u00fcnfte\",\"jeder\",\"legal\"],\"articleSection\":[\"Deutschland\",\"Russland\"],\"inLanguage\":\"de\",\"potentialAction\":[{\"@type\":\"CommentAction\",\"name\":\"Comment\",\"target\":[\"https:\/\/now-news.de\/de\/deutschland\/deutschland-jeder-fuenfte-asylbewerber-legal-eingereist\/#respond\"]}]},{\"@type\":\"WebPage\",\"@id\":\"https:\/\/now-news.de\/de\/deutschland\/deutschland-jeder-fuenfte-asylbewerber-legal-eingereist\/\",\"url\":\"https:\/\/now-news.de\/de\/deutschland\/deutschland-jeder-fuenfte-asylbewerber-legal-eingereist\/\",\"name\":\"Deutschland: Jeder f\u00fcnfte Asylbewerber legal eingereist - just-now.NEWS Deutschland\",\"isPartOf\":{\"@id\":\"https:\/\/now-news.de\/de\/#website\"},\"primaryImageOfPage\":{\"@id\":\"https:\/\/now-news.de\/de\/deutschland\/deutschland-jeder-fuenfte-asylbewerber-legal-eingereist\/#primaryimage\"},\"image\":{\"@id\":\"https:\/\/now-news.de\/de\/deutschland\/deutschland-jeder-fuenfte-asylbewerber-legal-eingereist\/#primaryimage\"},\"thumbnailUrl\":\"https:\/\/now-news.de\/de\/wp-content\/uploads\/sites\/3\/2024\/07\/Deutschland-Jeder-fuenfte-Asylbewerber-legal-eingereist.jpg\",\"datePublished\":\"2024-07-21T16:24:31+00:00\",\"dateModified\":\"2024-07-21T16:24:31+00:00\",\"breadcrumb\":{\"@id\":\"https:\/\/now-news.de\/de\/deutschland\/deutschland-jeder-fuenfte-asylbewerber-legal-eingereist\/#breadcrumb\"},\"inLanguage\":\"de\",\"potentialAction\":[{\"@type\":\"ReadAction\",\"target\":[\"https:\/\/now-news.de\/de\/deutschland\/deutschland-jeder-fuenfte-asylbewerber-legal-eingereist\/\"]}]},{\"@type\":\"ImageObject\",\"inLanguage\":\"de\",\"@id\":\"https:\/\/now-news.de\/de\/deutschland\/deutschland-jeder-fuenfte-asylbewerber-legal-eingereist\/#primaryimage\",\"url\":\"https:\/\/now-news.de\/de\/wp-content\/uploads\/sites\/3\/2024\/07\/Deutschland-Jeder-fuenfte-Asylbewerber-legal-eingereist.jpg\",\"contentUrl\":\"https:\/\/now-news.de\/de\/wp-content\/uploads\/sites\/3\/2024\/07\/Deutschland-Jeder-fuenfte-Asylbewerber-legal-eingereist.jpg\",\"width\":460,\"height\":259,\"caption\":\"Deutschland: Jeder f\u00fcnfte Asylbewerber legal eingereist\"},{\"@type\":\"BreadcrumbList\",\"@id\":\"https:\/\/now-news.de\/de\/deutschland\/deutschland-jeder-fuenfte-asylbewerber-legal-eingereist\/#breadcrumb\",\"itemListElement\":[{\"@type\":\"ListItem\",\"position\":1,\"name\":\"Home\",\"item\":\"https:\/\/now-news.de\/de\/\"},{\"@type\":\"ListItem\",\"position\":2,\"name\":\"Deutschland: Jeder f\u00fcnfte Asylbewerber legal eingereist\"}]},{\"@type\":\"WebSite\",\"@id\":\"https:\/\/now-news.de\/de\/#website\",\"url\":\"https:\/\/now-news.de\/de\/\",\"name\":\"just-now.NEWS Deutschland\",\"description\":\"Das Portal f\u00fcr unzensierte Nachrichten aus der Welt\",\"publisher\":{\"@id\":\"https:\/\/now-news.de\/de\/#organization\"},\"potentialAction\":[{\"@type\":\"SearchAction\",\"target\":{\"@type\":\"EntryPoint\",\"urlTemplate\":\"https:\/\/now-news.de\/de\/?s={search_term_string}\"},\"query-input\":\"required name=search_term_string\"}],\"inLanguage\":\"de\"},{\"@type\":\"Organization\",\"@id\":\"https:\/\/now-news.de\/de\/#organization\",\"name\":\"Just Now News\",\"url\":\"https:\/\/now-news.de\/de\/\",\"logo\":{\"@type\":\"ImageObject\",\"inLanguage\":\"de\",\"@id\":\"https:\/\/now-news.de\/de\/#\/schema\/logo\/image\/\",\"url\":\"http:\/\/just-now.news\/de\/wp-content\/uploads\/sites\/3\/2022\/04\/logo500x500.jpg\",\"contentUrl\":\"http:\/\/just-now.news\/de\/wp-content\/uploads\/sites\/3\/2022\/04\/logo500x500.jpg\",\"width\":500,\"height\":500,\"caption\":\"Just Now News\"},\"image\":{\"@id\":\"https:\/\/now-news.de\/de\/#\/schema\/logo\/image\/\"},\"sameAs\":[\"https:\/\/www.facebook.com\/wirmachenauf\",\"https:\/\/x.com\/WirMachenAuf_de\"]},{\"@type\":\"Person\",\"@id\":\"https:\/\/now-news.de\/de\/#\/schema\/person\/fb534a4e865501d8b3285208df34a9b5\",\"name\":\"rtnews\",\"image\":{\"@type\":\"ImageObject\",\"inLanguage\":\"de\",\"@id\":\"https:\/\/now-news.de\/de\/#\/schema\/person\/image\/\",\"url\":\"https:\/\/secure.gravatar.com\/avatar\/82aafea7d8127119dd649515f56e2117?s=96&d=mm&r=g\",\"contentUrl\":\"https:\/\/secure.gravatar.com\/avatar\/82aafea7d8127119dd649515f56e2117?s=96&d=mm&r=g\",\"caption\":\"rtnews\"},\"url\":\"https:\/\/now-news.de\/de\/author\/rnews\/\"}]}<\/script>\n<!-- \/ Yoast SEO Premium plugin. -->","yoast_head_json":{"title":"Deutschland: Jeder f\u00fcnfte Asylbewerber legal eingereist - just-now.NEWS Deutschland","robots":{"index":"index","follow":"follow","max-snippet":"max-snippet:-1","max-image-preview":"max-image-preview:large","max-video-preview":"max-video-preview:-1"},"canonical":"https:\/\/now-news.de\/de\/deutschland\/deutschland-jeder-fuenfte-asylbewerber-legal-eingereist\/","og_locale":"de_DE","og_type":"article","og_title":"Deutschland: Jeder f\u00fcnfte Asylbewerber legal eingereist","og_description":"Da helfen auch keine Grenzkontrollen: Wer legal einreist, um dann in Deutschland einen Asylantrag zu stellen, ist auch dadurch nicht zu behindern. Es sind jedes Jahr Tausende, die etwa ihre Familie besuchen kommen, um dann als Asylbewerber zu bleiben. Sie kommen, um Familienangeh\u00f6rige zu besuchen, die schon l\u00e4nger hier leben, mit einem Arbeitsvisum oder aus [&hellip;]","og_url":"https:\/\/now-news.de\/de\/deutschland\/deutschland-jeder-fuenfte-asylbewerber-legal-eingereist\/","og_site_name":"just-now.NEWS Deutschland","article_publisher":"https:\/\/www.facebook.com\/wirmachenauf","article_published_time":"2024-07-21T16:24:31+00:00","og_image":[{"url":"https:\/\/now-news.de\/de\/wp-content\/uploads\/sites\/3\/2024\/07\/669d310bb480cc3d450d4874.jpg"}],"author":"rtnews","twitter_card":"summary_large_image","twitter_creator":"@WirMachenAuf_de","twitter_site":"@WirMachenAuf_de","twitter_misc":{"Verfasst von":"rtnews","Gesch\u00e4tzte Lesezeit":"2\u00a0Minuten"},"schema":{"@context":"https:\/\/schema.org","@graph":[{"@type":"Article","@id":"https:\/\/now-news.de\/de\/deutschland\/deutschland-jeder-fuenfte-asylbewerber-legal-eingereist\/#article","isPartOf":{"@id":"https:\/\/now-news.de\/de\/deutschland\/deutschland-jeder-fuenfte-asylbewerber-legal-eingereist\/"},"author":{"name":"rtnews","@id":"https:\/\/now-news.de\/de\/#\/schema\/person\/fb534a4e865501d8b3285208df34a9b5"},"headline":"Deutschland: Jeder f\u00fcnfte Asylbewerber legal eingereist","datePublished":"2024-07-21T16:24:31+00:00","dateModified":"2024-07-21T16:24:31+00:00","mainEntityOfPage":{"@id":"https:\/\/now-news.de\/de\/deutschland\/deutschland-jeder-fuenfte-asylbewerber-legal-eingereist\/"},"wordCount":466,"commentCount":0,"publisher":{"@id":"https:\/\/now-news.de\/de\/#organization"},"image":{"@id":"https:\/\/now-news.de\/de\/deutschland\/deutschland-jeder-fuenfte-asylbewerber-legal-eingereist\/#primaryimage"},"thumbnailUrl":"https:\/\/now-news.de\/de\/wp-content\/uploads\/sites\/3\/2024\/07\/Deutschland-Jeder-fuenfte-Asylbewerber-legal-eingereist.jpg","keywords":["Asylbewerber","Deutschland","eingereist","F\u00fcnfte","jeder","legal"],"articleSection":["Deutschland","Russland"],"inLanguage":"de","potentialAction":[{"@type":"CommentAction","name":"Comment","target":["https:\/\/now-news.de\/de\/deutschland\/deutschland-jeder-fuenfte-asylbewerber-legal-eingereist\/#respond"]}]},{"@type":"WebPage","@id":"https:\/\/now-news.de\/de\/deutschland\/deutschland-jeder-fuenfte-asylbewerber-legal-eingereist\/","url":"https:\/\/now-news.de\/de\/deutschland\/deutschland-jeder-fuenfte-asylbewerber-legal-eingereist\/","name":"Deutschland: Jeder f\u00fcnfte Asylbewerber legal eingereist - just-now.NEWS Deutschland","isPartOf":{"@id":"https:\/\/now-news.de\/de\/#website"},"primaryImageOfPage":{"@id":"https:\/\/now-news.de\/de\/deutschland\/deutschland-jeder-fuenfte-asylbewerber-legal-eingereist\/#primaryimage"},"image":{"@id":"https:\/\/now-news.de\/de\/deutschland\/deutschland-jeder-fuenfte-asylbewerber-legal-eingereist\/#primaryimage"},"thumbnailUrl":"https:\/\/now-news.de\/de\/wp-content\/uploads\/sites\/3\/2024\/07\/Deutschland-Jeder-fuenfte-Asylbewerber-legal-eingereist.jpg","datePublished":"2024-07-21T16:24:31+00:00","dateModified":"2024-07-21T16:24:31+00:00","breadcrumb":{"@id":"https:\/\/now-news.de\/de\/deutschland\/deutschland-jeder-fuenfte-asylbewerber-legal-eingereist\/#breadcrumb"},"inLanguage":"de","potentialAction":[{"@type":"ReadAction","target":["https:\/\/now-news.de\/de\/deutschland\/deutschland-jeder-fuenfte-asylbewerber-legal-eingereist\/"]}]},{"@type":"ImageObject","inLanguage":"de","@id":"https:\/\/now-news.de\/de\/deutschland\/deutschland-jeder-fuenfte-asylbewerber-legal-eingereist\/#primaryimage","url":"https:\/\/now-news.de\/de\/wp-content\/uploads\/sites\/3\/2024\/07\/Deutschland-Jeder-fuenfte-Asylbewerber-legal-eingereist.jpg","contentUrl":"https:\/\/now-news.de\/de\/wp-content\/uploads\/sites\/3\/2024\/07\/Deutschland-Jeder-fuenfte-Asylbewerber-legal-eingereist.jpg","width":460,"height":259,"caption":"Deutschland: Jeder f\u00fcnfte Asylbewerber legal eingereist"},{"@type":"BreadcrumbList","@id":"https:\/\/now-news.de\/de\/deutschland\/deutschland-jeder-fuenfte-asylbewerber-legal-eingereist\/#breadcrumb","itemListElement":[{"@type":"ListItem","position":1,"name":"Home","item":"https:\/\/now-news.de\/de\/"},{"@type":"ListItem","position":2,"name":"Deutschland: Jeder f\u00fcnfte Asylbewerber legal eingereist"}]},{"@type":"WebSite","@id":"https:\/\/now-news.de\/de\/#website","url":"https:\/\/now-news.de\/de\/","name":"just-now.NEWS Deutschland","description":"Das Portal f\u00fcr unzensierte Nachrichten aus der Welt","publisher":{"@id":"https:\/\/now-news.de\/de\/#organization"},"potentialAction":[{"@type":"SearchAction","target":{"@type":"EntryPoint","urlTemplate":"https:\/\/now-news.de\/de\/?s={search_term_string}"},"query-input":"required name=search_term_string"}],"inLanguage":"de"},{"@type":"Organization","@id":"https:\/\/now-news.de\/de\/#organization","name":"Just Now News","url":"https:\/\/now-news.de\/de\/","logo":{"@type":"ImageObject","inLanguage":"de","@id":"https:\/\/now-news.de\/de\/#\/schema\/logo\/image\/","url":"http:\/\/just-now.news\/de\/wp-content\/uploads\/sites\/3\/2022\/04\/logo500x500.jpg","contentUrl":"http:\/\/just-now.news\/de\/wp-content\/uploads\/sites\/3\/2022\/04\/logo500x500.jpg","width":500,"height":500,"caption":"Just Now News"},"image":{"@id":"https:\/\/now-news.de\/de\/#\/schema\/logo\/image\/"},"sameAs":["https:\/\/www.facebook.com\/wirmachenauf","https:\/\/x.com\/WirMachenAuf_de"]},{"@type":"Person","@id":"https:\/\/now-news.de\/de\/#\/schema\/person\/fb534a4e865501d8b3285208df34a9b5","name":"rtnews","image":{"@type":"ImageObject","inLanguage":"de","@id":"https:\/\/now-news.de\/de\/#\/schema\/person\/image\/","url":"https:\/\/secure.gravatar.com\/avatar\/82aafea7d8127119dd649515f56e2117?s=96&d=mm&r=g","contentUrl":"https:\/\/secure.gravatar.com\/avatar\/82aafea7d8127119dd649515f56e2117?s=96&d=mm&r=g","caption":"rtnews"},"url":"https:\/\/now-news.de\/de\/author\/rnews\/"}]}},"_links":{"self":[{"href":"https:\/\/now-news.de\/de\/wp-json\/wp\/v2\/posts\/65205"}],"collection":[{"href":"https:\/\/now-news.de\/de\/wp-json\/wp\/v2\/posts"}],"about":[{"href":"https:\/\/now-news.de\/de\/wp-json\/wp\/v2\/types\/post"}],"author":[{"embeddable":true,"href":"https:\/\/now-news.de\/de\/wp-json\/wp\/v2\/users\/3"}],"replies":[{"embeddable":true,"href":"https:\/\/now-news.de\/de\/wp-json\/wp\/v2\/comments?post=65205"}],"version-history":[{"count":0,"href":"https:\/\/now-news.de\/de\/wp-json\/wp\/v2\/posts\/65205\/revisions"}],"wp:featuredmedia":[{"embeddable":true,"href":"https:\/\/now-news.de\/de\/wp-json\/wp\/v2\/media\/65206"}],"wp:attachment":[{"href":"https:\/\/now-news.de\/de\/wp-json\/wp\/v2\/media?parent=65205"}],"wp:term":[{"taxonomy":"category","embeddable":true,"href":"https:\/\/now-news.de\/de\/wp-json\/wp\/v2\/categories?post=65205"},{"taxonomy":"post_tag","embeddable":true,"href":"https:\/\/now-news.de\/de\/wp-json\/wp\/v2\/tags?post=65205"}],"curies":[{"name":"wp","href":"https:\/\/api.w.org\/{rel}","templated":true}]}}