{"id":65177,"date":"2024-07-21T10:57:54","date_gmt":"2024-07-21T08:57:54","guid":{"rendered":"https:\/\/now-news.de\/de\/deutschland\/niedersachsen-18-jaehriger-asylbewerber-tritt-familienvater-in-den-tod\/"},"modified":"2024-07-21T10:57:54","modified_gmt":"2024-07-21T08:57:54","slug":"niedersachsen-18-jaehriger-asylbewerber-tritt-familienvater-in-den-tod","status":"publish","type":"post","link":"https:\/\/now-news.de\/de\/deutschland\/niedersachsen-18-jaehriger-asylbewerber-tritt-familienvater-in-den-tod\/","title":{"rendered":"Niedersachsen: 18-j\u00e4hriger Asylbewerber tritt Familienvater in den Tod"},"content":{"rendered":"<p><img decoding=\"async\" src=\"https:\/\/now-news.de\/de\/wp-content\/uploads\/sites\/3\/2024\/07\/669cc4c6b480cc07bd3b165c.jpg\" \/><\/p>\n<div class=\"Text-root Text-type_1 \">\n                Ein Asylbewerber aus Marokko hat am Sonntagmorgen am Bahnhof in Uelzen einen 56-j\u00e4hrigen Familienvater eine Treppe hinuntergetreten. Eigentlich h\u00e4tte das Opfer schon vor Uelzen aus dem Zug steigen m\u00fcssen, schlief jedoch offenbar im Zug ein.\n            <\/div>\n<p><\/p>\n<div class=\"Text-root Text-type_5 ArticleView-text ViewText-root \">\n<p>Ein 56-j\u00e4hriger Familienvater wurde am Bahnhof im nieders\u00e4chsischen Uelzen\u00a0durch die Folgen eines\u00a0Angriffs t\u00f6dlich verletzt. Der 18-j\u00e4hrige T\u00e4ter trat dem Mann gegen die Brust, sodass dieser die Bahnhofstreppe hinabst\u00fcrzte und an den Folgen des Aufpralls starb.<\/p>\n<p>Wie das Springerblatt\u00a0<em>Bild<\/em> berichtet, war der T\u00e4ter mutma\u00dflich alkoholisiert und unter Drogeneinfluss. Der Vorfall ereignete sich in den fr\u00fchen Morgenstunden des 14. Juli gegen 1.30 Uhr.<\/p>\n<p>Wie die Zeitung zudem berichtet, w\u00e4re der 56-J\u00e4hrige normalerweise nicht in Uelzen gewesen. Er verpasste jedoch seinen Ausstieg und\u00a0traf so auf den 18-J\u00e4hrigen. In der Folge eines Sch\u00e4del-Hirn-Traumas konnte nur noch der Tod des Familienvaters festgestellt werden, der im Jahr 2012 vor den Taliban nach Deutschland geflohen war.<\/p>\n<p>Wenige Minuten nach dem Todestritt wurde der 18-j\u00e4hrige Asylbewerber aus Marokko von der Polizei festgenommen. Derzeit sitzt er in U-Haft, er soll bereits einen Tag vor der Tat auf einen anderen Mann eingeschlagen haben.<\/p>\n<p>Der Schwiegersohn des Opfers \u00e4u\u00dferte sich\u00a0nach dem tragischen Tod\u00a0gegen\u00fcber der\u00a0<em>Bild<\/em>-Zeitung\u00a0\u00fcber den T\u00e4ter:<\/p>\n<p>&#8220;Da kommt ein Mensch und zerst\u00f6rt das Leben meines Schwiegervaters. Und dieser Mensch hat durch seine Tat auch eine ganze Familie zerst\u00f6rt. Wir k\u00f6nnen nicht fassen, was vorgefallen ist.&#8221;<\/p>\n<p><strong>Mehr zum Thema<\/strong> \u2013 <a rel=\"nofollow noopener\" target=\"_blank\" href=\"https:\/\/freeassange.rtde.life\/meinung\/213004-menschen-schutz-brauchen-sind-mittlerweise\/\">Verdr\u00e4ngter Messer-Terror: Schutzbed\u00fcrftig sind mittlerweile die Deutschen <\/a><\/p>\n<div class=\"EmbedBlock-root EmbedBlock-externalVideo EmbedBlock-odysee\">\n<div class=\"VkEmbed\"><iframe class=\"lazyload\" data-src=\"https:\/\/odysee.com\/%24\/embed\/%40RTDE%3Ae%2FErmittlungen-gegen-Ausw%C3%A4rtiges-Amt-Illegale-Visa-Vergaben-unter-Baerbocks-Leitung%3A4\" frameborder=\"0\" width=\"853\" height=\"480\" allowfullscreen><\/iframe><\/div>\n<\/div>\n<\/div>\n<p><br \/>\n<br \/><a href=\"https:\/\/de.rt.com\/inland\/213063-niedersachen-18-jaehriger-asylbewerber-tritt-familienvater-in-den-tod\/\">Source link <\/a><\/p>\n","protected":false},"excerpt":{"rendered":"<p>Ein Asylbewerber aus Marokko hat am Sonntagmorgen am Bahnhof in Uelzen einen 56-j\u00e4hrigen Familienvater eine Treppe hinuntergetreten. Eigentlich h\u00e4tte das Opfer schon vor Uelzen aus dem Zug steigen m\u00fcssen, schlief jedoch offenbar im Zug ein. Ein 56-j\u00e4hriger Familienvater wurde am Bahnhof im nieders\u00e4chsischen Uelzen\u00a0durch die Folgen eines\u00a0Angriffs t\u00f6dlich verletzt. Der 18-j\u00e4hrige T\u00e4ter trat dem Mann [&hellip;]<\/p>\n","protected":false},"author":3,"featured_media":65178,"comment_status":"open","ping_status":"open","sticky":false,"template":"","format":"standard","meta":{"_yoast_indexnow_last_ping":["1721552602"],"wp_automatic_camp":["217"],"3f488bca0c61e1ea9571259eaa92c772":["Niedersachsen: 18-j\u00e4hriger Asylbewerber tritt Familienvater in den Tod"],"original_link":["https:\/\/de.rt.com\/inland\/213063-niedersachen-18-jaehriger-asylbewerber-tritt-familienvater-in-den-tod\/"],"_thumbnail_id":["65178"],"jnews_social_counter_last_update":["1776666928"],"_wptgpro_p2tg_sent2tg":["a:1:{i:23737;s:19:\"2024-07-21 11:04:30\";}"]},"categories":[19,23],"tags":[20219,36804,48,48372,181,12077,3470],"yoast_head":"<!-- This site is optimized with the Yoast SEO Premium plugin v22.7 (Yoast SEO v22.7) - https:\/\/yoast.com\/wordpress\/plugins\/seo\/ -->\n<title>Niedersachsen: 18-j\u00e4hriger Asylbewerber tritt Familienvater in den Tod - just-now.NEWS Deutschland<\/title>\n<meta name=\"robots\" content=\"index, follow, max-snippet:-1, max-image-preview:large, max-video-preview:-1\" \/>\n<link rel=\"canonical\" href=\"https:\/\/now-news.de\/de\/deutschland\/niedersachsen-18-jaehriger-asylbewerber-tritt-familienvater-in-den-tod\/\" \/>\n<meta property=\"og:locale\" content=\"de_DE\" \/>\n<meta property=\"og:type\" content=\"article\" \/>\n<meta property=\"og:title\" content=\"Niedersachsen: 18-j\u00e4hriger Asylbewerber tritt Familienvater in den Tod\" \/>\n<meta property=\"og:description\" content=\"Ein Asylbewerber aus Marokko hat am Sonntagmorgen am Bahnhof in Uelzen einen 56-j\u00e4hrigen Familienvater eine Treppe hinuntergetreten. Eigentlich h\u00e4tte das Opfer schon vor Uelzen aus dem Zug steigen m\u00fcssen, schlief jedoch offenbar im Zug ein. Ein 56-j\u00e4hriger Familienvater wurde am Bahnhof im nieders\u00e4chsischen Uelzen\u00a0durch die Folgen eines\u00a0Angriffs t\u00f6dlich verletzt. Der 18-j\u00e4hrige T\u00e4ter trat dem Mann [&hellip;]\" \/>\n<meta property=\"og:url\" content=\"https:\/\/now-news.de\/de\/deutschland\/niedersachsen-18-jaehriger-asylbewerber-tritt-familienvater-in-den-tod\/\" \/>\n<meta property=\"og:site_name\" content=\"just-now.NEWS Deutschland\" \/>\n<meta property=\"article:publisher\" content=\"https:\/\/www.facebook.com\/wirmachenauf\" \/>\n<meta property=\"article:published_time\" content=\"2024-07-21T08:57:54+00:00\" \/>\n<meta property=\"og:image\" content=\"https:\/\/now-news.de\/de\/wp-content\/uploads\/sites\/3\/2024\/07\/669cc4c6b480cc07bd3b165c.jpg\" \/>\n<meta name=\"author\" content=\"rtnews\" \/>\n<meta name=\"twitter:card\" content=\"summary_large_image\" \/>\n<meta name=\"twitter:creator\" content=\"@WirMachenAuf_de\" \/>\n<meta name=\"twitter:site\" content=\"@WirMachenAuf_de\" \/>\n<meta name=\"twitter:label1\" content=\"Verfasst von\" \/>\n\t<meta name=\"twitter:data1\" content=\"rtnews\" \/>\n\t<meta name=\"twitter:label2\" content=\"Gesch\u00e4tzte Lesezeit\" \/>\n\t<meta name=\"twitter:data2\" content=\"1\u00a0Minute\" \/>\n<script type=\"application\/ld+json\" class=\"yoast-schema-graph\">{\"@context\":\"https:\/\/schema.org\",\"@graph\":[{\"@type\":\"Article\",\"@id\":\"https:\/\/now-news.de\/de\/deutschland\/niedersachsen-18-jaehriger-asylbewerber-tritt-familienvater-in-den-tod\/#article\",\"isPartOf\":{\"@id\":\"https:\/\/now-news.de\/de\/deutschland\/niedersachsen-18-jaehriger-asylbewerber-tritt-familienvater-in-den-tod\/\"},\"author\":{\"name\":\"rtnews\",\"@id\":\"https:\/\/now-news.de\/de\/#\/schema\/person\/fb534a4e865501d8b3285208df34a9b5\"},\"headline\":\"Niedersachsen: 18-j\u00e4hriger Asylbewerber tritt Familienvater in den Tod\",\"datePublished\":\"2024-07-21T08:57:54+00:00\",\"dateModified\":\"2024-07-21T08:57:54+00:00\",\"mainEntityOfPage\":{\"@id\":\"https:\/\/now-news.de\/de\/deutschland\/niedersachsen-18-jaehriger-asylbewerber-tritt-familienvater-in-den-tod\/\"},\"wordCount\":271,\"commentCount\":0,\"publisher\":{\"@id\":\"https:\/\/now-news.de\/de\/#organization\"},\"image\":{\"@id\":\"https:\/\/now-news.de\/de\/deutschland\/niedersachsen-18-jaehriger-asylbewerber-tritt-familienvater-in-den-tod\/#primaryimage\"},\"thumbnailUrl\":\"https:\/\/now-news.de\/de\/wp-content\/uploads\/sites\/3\/2024\/07\/Niedersachsen-18-jaehriger-Asylbewerber-tritt-Familienvater-in-den-Tod.jpg\",\"keywords\":[\"18J\u00e4hriger\",\"Asylbewerber\",\"den\",\"Familienvater\",\"Niedersachsen\",\"Tod\",\"tritt\"],\"articleSection\":[\"Deutschland\",\"Russland\"],\"inLanguage\":\"de\",\"potentialAction\":[{\"@type\":\"CommentAction\",\"name\":\"Comment\",\"target\":[\"https:\/\/now-news.de\/de\/deutschland\/niedersachsen-18-jaehriger-asylbewerber-tritt-familienvater-in-den-tod\/#respond\"]}]},{\"@type\":\"WebPage\",\"@id\":\"https:\/\/now-news.de\/de\/deutschland\/niedersachsen-18-jaehriger-asylbewerber-tritt-familienvater-in-den-tod\/\",\"url\":\"https:\/\/now-news.de\/de\/deutschland\/niedersachsen-18-jaehriger-asylbewerber-tritt-familienvater-in-den-tod\/\",\"name\":\"Niedersachsen: 18-j\u00e4hriger Asylbewerber tritt Familienvater in den Tod - just-now.NEWS Deutschland\",\"isPartOf\":{\"@id\":\"https:\/\/now-news.de\/de\/#website\"},\"primaryImageOfPage\":{\"@id\":\"https:\/\/now-news.de\/de\/deutschland\/niedersachsen-18-jaehriger-asylbewerber-tritt-familienvater-in-den-tod\/#primaryimage\"},\"image\":{\"@id\":\"https:\/\/now-news.de\/de\/deutschland\/niedersachsen-18-jaehriger-asylbewerber-tritt-familienvater-in-den-tod\/#primaryimage\"},\"thumbnailUrl\":\"https:\/\/now-news.de\/de\/wp-content\/uploads\/sites\/3\/2024\/07\/Niedersachsen-18-jaehriger-Asylbewerber-tritt-Familienvater-in-den-Tod.jpg\",\"datePublished\":\"2024-07-21T08:57:54+00:00\",\"dateModified\":\"2024-07-21T08:57:54+00:00\",\"breadcrumb\":{\"@id\":\"https:\/\/now-news.de\/de\/deutschland\/niedersachsen-18-jaehriger-asylbewerber-tritt-familienvater-in-den-tod\/#breadcrumb\"},\"inLanguage\":\"de\",\"potentialAction\":[{\"@type\":\"ReadAction\",\"target\":[\"https:\/\/now-news.de\/de\/deutschland\/niedersachsen-18-jaehriger-asylbewerber-tritt-familienvater-in-den-tod\/\"]}]},{\"@type\":\"ImageObject\",\"inLanguage\":\"de\",\"@id\":\"https:\/\/now-news.de\/de\/deutschland\/niedersachsen-18-jaehriger-asylbewerber-tritt-familienvater-in-den-tod\/#primaryimage\",\"url\":\"https:\/\/now-news.de\/de\/wp-content\/uploads\/sites\/3\/2024\/07\/Niedersachsen-18-jaehriger-Asylbewerber-tritt-Familienvater-in-den-Tod.jpg\",\"contentUrl\":\"https:\/\/now-news.de\/de\/wp-content\/uploads\/sites\/3\/2024\/07\/Niedersachsen-18-jaehriger-Asylbewerber-tritt-Familienvater-in-den-Tod.jpg\",\"width\":460,\"height\":259,\"caption\":\"Niedersachsen: 18-j\u00e4hriger Asylbewerber tritt Familienvater in den Tod\"},{\"@type\":\"BreadcrumbList\",\"@id\":\"https:\/\/now-news.de\/de\/deutschland\/niedersachsen-18-jaehriger-asylbewerber-tritt-familienvater-in-den-tod\/#breadcrumb\",\"itemListElement\":[{\"@type\":\"ListItem\",\"position\":1,\"name\":\"Home\",\"item\":\"https:\/\/now-news.de\/de\/\"},{\"@type\":\"ListItem\",\"position\":2,\"name\":\"Niedersachsen: 18-j\u00e4hriger Asylbewerber tritt Familienvater in den Tod\"}]},{\"@type\":\"WebSite\",\"@id\":\"https:\/\/now-news.de\/de\/#website\",\"url\":\"https:\/\/now-news.de\/de\/\",\"name\":\"just-now.NEWS Deutschland\",\"description\":\"Das Portal f\u00fcr unzensierte Nachrichten aus der Welt\",\"publisher\":{\"@id\":\"https:\/\/now-news.de\/de\/#organization\"},\"potentialAction\":[{\"@type\":\"SearchAction\",\"target\":{\"@type\":\"EntryPoint\",\"urlTemplate\":\"https:\/\/now-news.de\/de\/?s={search_term_string}\"},\"query-input\":\"required name=search_term_string\"}],\"inLanguage\":\"de\"},{\"@type\":\"Organization\",\"@id\":\"https:\/\/now-news.de\/de\/#organization\",\"name\":\"Just Now News\",\"url\":\"https:\/\/now-news.de\/de\/\",\"logo\":{\"@type\":\"ImageObject\",\"inLanguage\":\"de\",\"@id\":\"https:\/\/now-news.de\/de\/#\/schema\/logo\/image\/\",\"url\":\"http:\/\/just-now.news\/de\/wp-content\/uploads\/sites\/3\/2022\/04\/logo500x500.jpg\",\"contentUrl\":\"http:\/\/just-now.news\/de\/wp-content\/uploads\/sites\/3\/2022\/04\/logo500x500.jpg\",\"width\":500,\"height\":500,\"caption\":\"Just Now News\"},\"image\":{\"@id\":\"https:\/\/now-news.de\/de\/#\/schema\/logo\/image\/\"},\"sameAs\":[\"https:\/\/www.facebook.com\/wirmachenauf\",\"https:\/\/x.com\/WirMachenAuf_de\"]},{\"@type\":\"Person\",\"@id\":\"https:\/\/now-news.de\/de\/#\/schema\/person\/fb534a4e865501d8b3285208df34a9b5\",\"name\":\"rtnews\",\"image\":{\"@type\":\"ImageObject\",\"inLanguage\":\"de\",\"@id\":\"https:\/\/now-news.de\/de\/#\/schema\/person\/image\/\",\"url\":\"https:\/\/secure.gravatar.com\/avatar\/82aafea7d8127119dd649515f56e2117?s=96&d=mm&r=g\",\"contentUrl\":\"https:\/\/secure.gravatar.com\/avatar\/82aafea7d8127119dd649515f56e2117?s=96&d=mm&r=g\",\"caption\":\"rtnews\"},\"url\":\"https:\/\/now-news.de\/de\/author\/rnews\/\"}]}<\/script>\n<!-- \/ Yoast SEO Premium plugin. -->","yoast_head_json":{"title":"Niedersachsen: 18-j\u00e4hriger Asylbewerber tritt Familienvater in den Tod - just-now.NEWS Deutschland","robots":{"index":"index","follow":"follow","max-snippet":"max-snippet:-1","max-image-preview":"max-image-preview:large","max-video-preview":"max-video-preview:-1"},"canonical":"https:\/\/now-news.de\/de\/deutschland\/niedersachsen-18-jaehriger-asylbewerber-tritt-familienvater-in-den-tod\/","og_locale":"de_DE","og_type":"article","og_title":"Niedersachsen: 18-j\u00e4hriger Asylbewerber tritt Familienvater in den Tod","og_description":"Ein Asylbewerber aus Marokko hat am Sonntagmorgen am Bahnhof in Uelzen einen 56-j\u00e4hrigen Familienvater eine Treppe hinuntergetreten. Eigentlich h\u00e4tte das Opfer schon vor Uelzen aus dem Zug steigen m\u00fcssen, schlief jedoch offenbar im Zug ein. Ein 56-j\u00e4hriger Familienvater wurde am Bahnhof im nieders\u00e4chsischen Uelzen\u00a0durch die Folgen eines\u00a0Angriffs t\u00f6dlich verletzt. Der 18-j\u00e4hrige T\u00e4ter trat dem Mann [&hellip;]","og_url":"https:\/\/now-news.de\/de\/deutschland\/niedersachsen-18-jaehriger-asylbewerber-tritt-familienvater-in-den-tod\/","og_site_name":"just-now.NEWS Deutschland","article_publisher":"https:\/\/www.facebook.com\/wirmachenauf","article_published_time":"2024-07-21T08:57:54+00:00","og_image":[{"url":"https:\/\/now-news.de\/de\/wp-content\/uploads\/sites\/3\/2024\/07\/669cc4c6b480cc07bd3b165c.jpg"}],"author":"rtnews","twitter_card":"summary_large_image","twitter_creator":"@WirMachenAuf_de","twitter_site":"@WirMachenAuf_de","twitter_misc":{"Verfasst von":"rtnews","Gesch\u00e4tzte Lesezeit":"1\u00a0Minute"},"schema":{"@context":"https:\/\/schema.org","@graph":[{"@type":"Article","@id":"https:\/\/now-news.de\/de\/deutschland\/niedersachsen-18-jaehriger-asylbewerber-tritt-familienvater-in-den-tod\/#article","isPartOf":{"@id":"https:\/\/now-news.de\/de\/deutschland\/niedersachsen-18-jaehriger-asylbewerber-tritt-familienvater-in-den-tod\/"},"author":{"name":"rtnews","@id":"https:\/\/now-news.de\/de\/#\/schema\/person\/fb534a4e865501d8b3285208df34a9b5"},"headline":"Niedersachsen: 18-j\u00e4hriger Asylbewerber tritt Familienvater in den Tod","datePublished":"2024-07-21T08:57:54+00:00","dateModified":"2024-07-21T08:57:54+00:00","mainEntityOfPage":{"@id":"https:\/\/now-news.de\/de\/deutschland\/niedersachsen-18-jaehriger-asylbewerber-tritt-familienvater-in-den-tod\/"},"wordCount":271,"commentCount":0,"publisher":{"@id":"https:\/\/now-news.de\/de\/#organization"},"image":{"@id":"https:\/\/now-news.de\/de\/deutschland\/niedersachsen-18-jaehriger-asylbewerber-tritt-familienvater-in-den-tod\/#primaryimage"},"thumbnailUrl":"https:\/\/now-news.de\/de\/wp-content\/uploads\/sites\/3\/2024\/07\/Niedersachsen-18-jaehriger-Asylbewerber-tritt-Familienvater-in-den-Tod.jpg","keywords":["18J\u00e4hriger","Asylbewerber","den","Familienvater","Niedersachsen","Tod","tritt"],"articleSection":["Deutschland","Russland"],"inLanguage":"de","potentialAction":[{"@type":"CommentAction","name":"Comment","target":["https:\/\/now-news.de\/de\/deutschland\/niedersachsen-18-jaehriger-asylbewerber-tritt-familienvater-in-den-tod\/#respond"]}]},{"@type":"WebPage","@id":"https:\/\/now-news.de\/de\/deutschland\/niedersachsen-18-jaehriger-asylbewerber-tritt-familienvater-in-den-tod\/","url":"https:\/\/now-news.de\/de\/deutschland\/niedersachsen-18-jaehriger-asylbewerber-tritt-familienvater-in-den-tod\/","name":"Niedersachsen: 18-j\u00e4hriger Asylbewerber tritt Familienvater in den Tod - just-now.NEWS Deutschland","isPartOf":{"@id":"https:\/\/now-news.de\/de\/#website"},"primaryImageOfPage":{"@id":"https:\/\/now-news.de\/de\/deutschland\/niedersachsen-18-jaehriger-asylbewerber-tritt-familienvater-in-den-tod\/#primaryimage"},"image":{"@id":"https:\/\/now-news.de\/de\/deutschland\/niedersachsen-18-jaehriger-asylbewerber-tritt-familienvater-in-den-tod\/#primaryimage"},"thumbnailUrl":"https:\/\/now-news.de\/de\/wp-content\/uploads\/sites\/3\/2024\/07\/Niedersachsen-18-jaehriger-Asylbewerber-tritt-Familienvater-in-den-Tod.jpg","datePublished":"2024-07-21T08:57:54+00:00","dateModified":"2024-07-21T08:57:54+00:00","breadcrumb":{"@id":"https:\/\/now-news.de\/de\/deutschland\/niedersachsen-18-jaehriger-asylbewerber-tritt-familienvater-in-den-tod\/#breadcrumb"},"inLanguage":"de","potentialAction":[{"@type":"ReadAction","target":["https:\/\/now-news.de\/de\/deutschland\/niedersachsen-18-jaehriger-asylbewerber-tritt-familienvater-in-den-tod\/"]}]},{"@type":"ImageObject","inLanguage":"de","@id":"https:\/\/now-news.de\/de\/deutschland\/niedersachsen-18-jaehriger-asylbewerber-tritt-familienvater-in-den-tod\/#primaryimage","url":"https:\/\/now-news.de\/de\/wp-content\/uploads\/sites\/3\/2024\/07\/Niedersachsen-18-jaehriger-Asylbewerber-tritt-Familienvater-in-den-Tod.jpg","contentUrl":"https:\/\/now-news.de\/de\/wp-content\/uploads\/sites\/3\/2024\/07\/Niedersachsen-18-jaehriger-Asylbewerber-tritt-Familienvater-in-den-Tod.jpg","width":460,"height":259,"caption":"Niedersachsen: 18-j\u00e4hriger Asylbewerber tritt Familienvater in den Tod"},{"@type":"BreadcrumbList","@id":"https:\/\/now-news.de\/de\/deutschland\/niedersachsen-18-jaehriger-asylbewerber-tritt-familienvater-in-den-tod\/#breadcrumb","itemListElement":[{"@type":"ListItem","position":1,"name":"Home","item":"https:\/\/now-news.de\/de\/"},{"@type":"ListItem","position":2,"name":"Niedersachsen: 18-j\u00e4hriger Asylbewerber tritt Familienvater in den Tod"}]},{"@type":"WebSite","@id":"https:\/\/now-news.de\/de\/#website","url":"https:\/\/now-news.de\/de\/","name":"just-now.NEWS Deutschland","description":"Das Portal f\u00fcr unzensierte Nachrichten aus der Welt","publisher":{"@id":"https:\/\/now-news.de\/de\/#organization"},"potentialAction":[{"@type":"SearchAction","target":{"@type":"EntryPoint","urlTemplate":"https:\/\/now-news.de\/de\/?s={search_term_string}"},"query-input":"required name=search_term_string"}],"inLanguage":"de"},{"@type":"Organization","@id":"https:\/\/now-news.de\/de\/#organization","name":"Just Now News","url":"https:\/\/now-news.de\/de\/","logo":{"@type":"ImageObject","inLanguage":"de","@id":"https:\/\/now-news.de\/de\/#\/schema\/logo\/image\/","url":"http:\/\/just-now.news\/de\/wp-content\/uploads\/sites\/3\/2022\/04\/logo500x500.jpg","contentUrl":"http:\/\/just-now.news\/de\/wp-content\/uploads\/sites\/3\/2022\/04\/logo500x500.jpg","width":500,"height":500,"caption":"Just Now News"},"image":{"@id":"https:\/\/now-news.de\/de\/#\/schema\/logo\/image\/"},"sameAs":["https:\/\/www.facebook.com\/wirmachenauf","https:\/\/x.com\/WirMachenAuf_de"]},{"@type":"Person","@id":"https:\/\/now-news.de\/de\/#\/schema\/person\/fb534a4e865501d8b3285208df34a9b5","name":"rtnews","image":{"@type":"ImageObject","inLanguage":"de","@id":"https:\/\/now-news.de\/de\/#\/schema\/person\/image\/","url":"https:\/\/secure.gravatar.com\/avatar\/82aafea7d8127119dd649515f56e2117?s=96&d=mm&r=g","contentUrl":"https:\/\/secure.gravatar.com\/avatar\/82aafea7d8127119dd649515f56e2117?s=96&d=mm&r=g","caption":"rtnews"},"url":"https:\/\/now-news.de\/de\/author\/rnews\/"}]}},"_links":{"self":[{"href":"https:\/\/now-news.de\/de\/wp-json\/wp\/v2\/posts\/65177"}],"collection":[{"href":"https:\/\/now-news.de\/de\/wp-json\/wp\/v2\/posts"}],"about":[{"href":"https:\/\/now-news.de\/de\/wp-json\/wp\/v2\/types\/post"}],"author":[{"embeddable":true,"href":"https:\/\/now-news.de\/de\/wp-json\/wp\/v2\/users\/3"}],"replies":[{"embeddable":true,"href":"https:\/\/now-news.de\/de\/wp-json\/wp\/v2\/comments?post=65177"}],"version-history":[{"count":0,"href":"https:\/\/now-news.de\/de\/wp-json\/wp\/v2\/posts\/65177\/revisions"}],"wp:featuredmedia":[{"embeddable":true,"href":"https:\/\/now-news.de\/de\/wp-json\/wp\/v2\/media\/65178"}],"wp:attachment":[{"href":"https:\/\/now-news.de\/de\/wp-json\/wp\/v2\/media?parent=65177"}],"wp:term":[{"taxonomy":"category","embeddable":true,"href":"https:\/\/now-news.de\/de\/wp-json\/wp\/v2\/categories?post=65177"},{"taxonomy":"post_tag","embeddable":true,"href":"https:\/\/now-news.de\/de\/wp-json\/wp\/v2\/tags?post=65177"}],"curies":[{"name":"wp","href":"https:\/\/api.w.org\/{rel}","templated":true}]}}