{"id":65150,"date":"2024-07-20T17:49:14","date_gmt":"2024-07-20T15:49:14","guid":{"rendered":"https:\/\/now-news.de\/de\/deutschland\/zum-tode-verurteilter-deutscher-minsk-berichtet-ueber-konsultationen-mit-berlin\/"},"modified":"2024-07-20T17:49:14","modified_gmt":"2024-07-20T15:49:14","slug":"zum-tode-verurteilter-deutscher-minsk-berichtet-ueber-konsultationen-mit-berlin","status":"publish","type":"post","link":"https:\/\/now-news.de\/de\/deutschland\/zum-tode-verurteilter-deutscher-minsk-berichtet-ueber-konsultationen-mit-berlin\/","title":{"rendered":"Zum Tode verurteilter Deutscher: Minsk berichtet \u00fcber Konsultationen mit Berlin"},"content":{"rendered":"<p><img decoding=\"async\" src=\"https:\/\/now-news.de\/de\/wp-content\/uploads\/sites\/3\/2024\/07\/669bd7fcb480cc3c811d47f0.jpg\" \/><\/p>\n<div class=\"Text-root Text-type_1 \">\n                Im Fall des in Wei\u00dfrussland zum Tode verurteilten Deutschen hat sich das Au\u00dfenministerium in Minsk ge\u00e4u\u00dfert. Ein Sprecher best\u00e4tigte Konsultationen mit dem Ausw\u00e4rtigen Amt in Berlin. Man habe &#8220;konkrete L\u00f6sungen&#8221; vorgeschlagen.\n            <\/div>\n<p><\/p>\n<div class=\"Text-root Text-type_5 ArticleView-text ViewText-root \">\n<p>Wei\u00dfrussland\u00a0und Deutschland beraten sich \u00fcber die weitere Entwicklung der Situation mit dem zum Tode verurteilten Deutschen Rico Krieger. Das erkl\u00e4rte der Sprecher des wei\u00dfrussischen Au\u00dfenministeriums, Anatoli Glaz, gegen\u00fcber <em>RIA Nowosti<\/em>.<\/p>\n<p>Zuvor hatte das deutsche Au\u00dfenministerium berichtet, dass Krieger, der an der Seite der Streitkr\u00e4fte der Ukraine an den Feindseligkeiten beteiligt war, in Wei\u00dfrussland zum Tode verurteilt wurde. Glaz sagte:<\/p>\n<p><em>&#8220;Die Kontakte mit der deutschen Seite zu diesem Thema waren nat\u00fcrlich &#8230; Unter Ber\u00fccksichtigung des Ersuchens des deutschen Au\u00dfenministeriums hat die wei\u00dfrussische Seite konkrete L\u00f6sungen f\u00fcr die bestehenden Optionen f\u00fcr die Entwicklung der Situation vorgeschlagen. Konsultationen zu diesem Thema werden \u00fcber die Au\u00dfenministerien der beiden L\u00e4nder durchgef\u00fchrt.&#8221;\u00a0<\/em><\/p>\n<p>Der Sprecher des Au\u00dfenministeriums sagte weiter, dass Minsk die Sorge Berlins um den verurteilten Deutschen verstehe und ihm konsularischen Zugang in \u00dcbereinstimmung mit internationalen Normen und bilateralen Abkommen gew\u00e4hre.<\/p>\n<p>Auch die britische Agentur <em>Reuters<\/em> berichtete von Kontakten zwischen den wei\u00dfrussischen und den deutschen Beh\u00f6rden in dieser Frage. Krieger wird des\u00a0Terrorismus und des S\u00f6ldnertums beschuldigt. Er befindet sich seit November 2023 in Haft. Der Deutsche soll mit wei\u00dfrussischen Nationalisten im in Wei\u00dfrussland verbotenen\u00a0Kastus-Kalinouski-Regiment f\u00fcr die Regierung in Kiew gek\u00e4mpft haben.\u00a0Wei\u00dfrussland\u00a0ist derzeit das einzige europ\u00e4ische Land, das Todesurteile verh\u00e4ngt und vollstreckt.\u00a0<\/p>\n<p><strong>Mehr zum Thema<\/strong>\u00a0\u2012\u00a0<a rel=\"nofollow noopener\" target=\"_blank\" href=\"https:\/\/freedert.online\/russland\/200547-kreml-zur-diskussion-ueber-todesstrafe\/\">Kreml zur Diskussion \u00fcber Todesstrafe nach Terroranschlag<\/a>\u00a0\u00a0<\/p>\n<div class=\"EmbedBlock-root EmbedBlock-externalVideo EmbedBlock-odysee\">\n<div class=\"VkEmbed\"><iframe class=\"lazyload\" data-src=\"https:\/\/odysee.com\/%24\/embed\/%40RTDE%3Ae%2FDebatte-%C3%BCber-Todesstrafe-nach-Terroranschlag-auf-Crocus-City-Hall-%E2%80%93-Was-sagen-die-Moskauer-%3A2\" frameborder=\"0\" width=\"853\" height=\"480\" allowfullscreen><\/iframe><\/div>\n<\/div>\n<\/div>\n<p><br \/>\n<br \/><a href=\"https:\/\/de.rt.com\/europa\/213036-zum-tode-verurteilter-deutscher-minsk\/\">Source link <\/a><\/p>\n","protected":false},"excerpt":{"rendered":"<p>Im Fall des in Wei\u00dfrussland zum Tode verurteilten Deutschen hat sich das Au\u00dfenministerium in Minsk ge\u00e4u\u00dfert. Ein Sprecher best\u00e4tigte Konsultationen mit dem Ausw\u00e4rtigen Amt in Berlin. Man habe &#8220;konkrete L\u00f6sungen&#8221; vorgeschlagen. Wei\u00dfrussland\u00a0und Deutschland beraten sich \u00fcber die weitere Entwicklung der Situation mit dem zum Tode verurteilten Deutschen Rico Krieger. Das erkl\u00e4rte der Sprecher des wei\u00dfrussischen [&hellip;]<\/p>\n","protected":false},"author":3,"featured_media":65151,"comment_status":"open","ping_status":"open","sticky":false,"template":"","format":"standard","meta":{"_yoast_indexnow_last_ping":["1721490857"],"wp_automatic_camp":["217"],"e9bfb70cc865322d371b73a0a9f8365f":["Zum Tode verurteilter Deutscher: Minsk berichtet \u00fcber Konsultationen mit Berlin"],"original_link":["https:\/\/de.rt.com\/europa\/213036-zum-tode-verurteilter-deutscher-minsk\/"],"_thumbnail_id":["65151"],"jnews_social_counter_last_update":["1777179901"],"_wptgpro_p2tg_sent2tg":["a:1:{i:23737;s:19:\"2024-07-20 17:55:32\";}"]},"categories":[19,23],"tags":[313,943,8305,56655,19008,419,9522,139,23920,565],"yoast_head":"<!-- This site is optimized with the Yoast SEO Premium plugin v22.7 (Yoast SEO v22.7) - https:\/\/yoast.com\/wordpress\/plugins\/seo\/ -->\n<title>Zum Tode verurteilter Deutscher: Minsk berichtet \u00fcber Konsultationen mit Berlin - just-now.NEWS Deutschland<\/title>\n<meta name=\"robots\" content=\"index, follow, max-snippet:-1, max-image-preview:large, max-video-preview:-1\" \/>\n<link rel=\"canonical\" href=\"https:\/\/now-news.de\/de\/deutschland\/zum-tode-verurteilter-deutscher-minsk-berichtet-ueber-konsultationen-mit-berlin\/\" \/>\n<meta property=\"og:locale\" content=\"de_DE\" \/>\n<meta property=\"og:type\" content=\"article\" \/>\n<meta property=\"og:title\" content=\"Zum Tode verurteilter Deutscher: Minsk berichtet \u00fcber Konsultationen mit Berlin\" \/>\n<meta property=\"og:description\" content=\"Im Fall des in Wei\u00dfrussland zum Tode verurteilten Deutschen hat sich das Au\u00dfenministerium in Minsk ge\u00e4u\u00dfert. Ein Sprecher best\u00e4tigte Konsultationen mit dem Ausw\u00e4rtigen Amt in Berlin. Man habe &#8220;konkrete L\u00f6sungen&#8221; vorgeschlagen. Wei\u00dfrussland\u00a0und Deutschland beraten sich \u00fcber die weitere Entwicklung der Situation mit dem zum Tode verurteilten Deutschen Rico Krieger. Das erkl\u00e4rte der Sprecher des wei\u00dfrussischen [&hellip;]\" \/>\n<meta property=\"og:url\" content=\"https:\/\/now-news.de\/de\/deutschland\/zum-tode-verurteilter-deutscher-minsk-berichtet-ueber-konsultationen-mit-berlin\/\" \/>\n<meta property=\"og:site_name\" content=\"just-now.NEWS Deutschland\" \/>\n<meta property=\"article:publisher\" content=\"https:\/\/www.facebook.com\/wirmachenauf\" \/>\n<meta property=\"article:published_time\" content=\"2024-07-20T15:49:14+00:00\" \/>\n<meta property=\"og:image\" content=\"https:\/\/now-news.de\/de\/wp-content\/uploads\/sites\/3\/2024\/07\/669bd7fcb480cc3c811d47f0.jpg\" \/>\n<meta name=\"author\" content=\"rtnews\" \/>\n<meta name=\"twitter:card\" content=\"summary_large_image\" \/>\n<meta name=\"twitter:creator\" content=\"@WirMachenAuf_de\" \/>\n<meta name=\"twitter:site\" content=\"@WirMachenAuf_de\" \/>\n<meta name=\"twitter:label1\" content=\"Verfasst von\" \/>\n\t<meta name=\"twitter:data1\" content=\"rtnews\" \/>\n\t<meta name=\"twitter:label2\" content=\"Gesch\u00e4tzte Lesezeit\" \/>\n\t<meta name=\"twitter:data2\" content=\"1\u00a0Minute\" \/>\n<script type=\"application\/ld+json\" class=\"yoast-schema-graph\">{\"@context\":\"https:\/\/schema.org\",\"@graph\":[{\"@type\":\"Article\",\"@id\":\"https:\/\/now-news.de\/de\/deutschland\/zum-tode-verurteilter-deutscher-minsk-berichtet-ueber-konsultationen-mit-berlin\/#article\",\"isPartOf\":{\"@id\":\"https:\/\/now-news.de\/de\/deutschland\/zum-tode-verurteilter-deutscher-minsk-berichtet-ueber-konsultationen-mit-berlin\/\"},\"author\":{\"name\":\"rtnews\",\"@id\":\"https:\/\/now-news.de\/de\/#\/schema\/person\/fb534a4e865501d8b3285208df34a9b5\"},\"headline\":\"Zum Tode verurteilter Deutscher: Minsk berichtet \u00fcber Konsultationen mit Berlin\",\"datePublished\":\"2024-07-20T15:49:14+00:00\",\"dateModified\":\"2024-07-20T15:49:14+00:00\",\"mainEntityOfPage\":{\"@id\":\"https:\/\/now-news.de\/de\/deutschland\/zum-tode-verurteilter-deutscher-minsk-berichtet-ueber-konsultationen-mit-berlin\/\"},\"wordCount\":289,\"commentCount\":0,\"publisher\":{\"@id\":\"https:\/\/now-news.de\/de\/#organization\"},\"image\":{\"@id\":\"https:\/\/now-news.de\/de\/deutschland\/zum-tode-verurteilter-deutscher-minsk-berichtet-ueber-konsultationen-mit-berlin\/#primaryimage\"},\"thumbnailUrl\":\"https:\/\/now-news.de\/de\/wp-content\/uploads\/sites\/3\/2024\/07\/Zum-Tode-verurteilter-Deutscher-Minsk-berichtet-ueber-Konsultationen-mit-Berlin.jpg\",\"keywords\":[\"berichtet\",\"Berlin\",\"deutscher\",\"Konsultationen\",\"Minsk\",\"mit\",\"Tode\",\"\u00fcber\",\"verurteilter\",\"zum\"],\"articleSection\":[\"Deutschland\",\"Russland\"],\"inLanguage\":\"de\",\"potentialAction\":[{\"@type\":\"CommentAction\",\"name\":\"Comment\",\"target\":[\"https:\/\/now-news.de\/de\/deutschland\/zum-tode-verurteilter-deutscher-minsk-berichtet-ueber-konsultationen-mit-berlin\/#respond\"]}]},{\"@type\":\"WebPage\",\"@id\":\"https:\/\/now-news.de\/de\/deutschland\/zum-tode-verurteilter-deutscher-minsk-berichtet-ueber-konsultationen-mit-berlin\/\",\"url\":\"https:\/\/now-news.de\/de\/deutschland\/zum-tode-verurteilter-deutscher-minsk-berichtet-ueber-konsultationen-mit-berlin\/\",\"name\":\"Zum Tode verurteilter Deutscher: Minsk berichtet \u00fcber Konsultationen mit Berlin - just-now.NEWS Deutschland\",\"isPartOf\":{\"@id\":\"https:\/\/now-news.de\/de\/#website\"},\"primaryImageOfPage\":{\"@id\":\"https:\/\/now-news.de\/de\/deutschland\/zum-tode-verurteilter-deutscher-minsk-berichtet-ueber-konsultationen-mit-berlin\/#primaryimage\"},\"image\":{\"@id\":\"https:\/\/now-news.de\/de\/deutschland\/zum-tode-verurteilter-deutscher-minsk-berichtet-ueber-konsultationen-mit-berlin\/#primaryimage\"},\"thumbnailUrl\":\"https:\/\/now-news.de\/de\/wp-content\/uploads\/sites\/3\/2024\/07\/Zum-Tode-verurteilter-Deutscher-Minsk-berichtet-ueber-Konsultationen-mit-Berlin.jpg\",\"datePublished\":\"2024-07-20T15:49:14+00:00\",\"dateModified\":\"2024-07-20T15:49:14+00:00\",\"breadcrumb\":{\"@id\":\"https:\/\/now-news.de\/de\/deutschland\/zum-tode-verurteilter-deutscher-minsk-berichtet-ueber-konsultationen-mit-berlin\/#breadcrumb\"},\"inLanguage\":\"de\",\"potentialAction\":[{\"@type\":\"ReadAction\",\"target\":[\"https:\/\/now-news.de\/de\/deutschland\/zum-tode-verurteilter-deutscher-minsk-berichtet-ueber-konsultationen-mit-berlin\/\"]}]},{\"@type\":\"ImageObject\",\"inLanguage\":\"de\",\"@id\":\"https:\/\/now-news.de\/de\/deutschland\/zum-tode-verurteilter-deutscher-minsk-berichtet-ueber-konsultationen-mit-berlin\/#primaryimage\",\"url\":\"https:\/\/now-news.de\/de\/wp-content\/uploads\/sites\/3\/2024\/07\/Zum-Tode-verurteilter-Deutscher-Minsk-berichtet-ueber-Konsultationen-mit-Berlin.jpg\",\"contentUrl\":\"https:\/\/now-news.de\/de\/wp-content\/uploads\/sites\/3\/2024\/07\/Zum-Tode-verurteilter-Deutscher-Minsk-berichtet-ueber-Konsultationen-mit-Berlin.jpg\",\"width\":460,\"height\":259,\"caption\":\"Zum Tode verurteilter Deutscher: Minsk berichtet \u00fcber Konsultationen mit Berlin\"},{\"@type\":\"BreadcrumbList\",\"@id\":\"https:\/\/now-news.de\/de\/deutschland\/zum-tode-verurteilter-deutscher-minsk-berichtet-ueber-konsultationen-mit-berlin\/#breadcrumb\",\"itemListElement\":[{\"@type\":\"ListItem\",\"position\":1,\"name\":\"Home\",\"item\":\"https:\/\/now-news.de\/de\/\"},{\"@type\":\"ListItem\",\"position\":2,\"name\":\"Zum Tode verurteilter Deutscher: Minsk berichtet \u00fcber Konsultationen mit Berlin\"}]},{\"@type\":\"WebSite\",\"@id\":\"https:\/\/now-news.de\/de\/#website\",\"url\":\"https:\/\/now-news.de\/de\/\",\"name\":\"just-now.NEWS Deutschland\",\"description\":\"Das Portal f\u00fcr unzensierte Nachrichten aus der Welt\",\"publisher\":{\"@id\":\"https:\/\/now-news.de\/de\/#organization\"},\"potentialAction\":[{\"@type\":\"SearchAction\",\"target\":{\"@type\":\"EntryPoint\",\"urlTemplate\":\"https:\/\/now-news.de\/de\/?s={search_term_string}\"},\"query-input\":\"required name=search_term_string\"}],\"inLanguage\":\"de\"},{\"@type\":\"Organization\",\"@id\":\"https:\/\/now-news.de\/de\/#organization\",\"name\":\"Just Now News\",\"url\":\"https:\/\/now-news.de\/de\/\",\"logo\":{\"@type\":\"ImageObject\",\"inLanguage\":\"de\",\"@id\":\"https:\/\/now-news.de\/de\/#\/schema\/logo\/image\/\",\"url\":\"http:\/\/just-now.news\/de\/wp-content\/uploads\/sites\/3\/2022\/04\/logo500x500.jpg\",\"contentUrl\":\"http:\/\/just-now.news\/de\/wp-content\/uploads\/sites\/3\/2022\/04\/logo500x500.jpg\",\"width\":500,\"height\":500,\"caption\":\"Just Now News\"},\"image\":{\"@id\":\"https:\/\/now-news.de\/de\/#\/schema\/logo\/image\/\"},\"sameAs\":[\"https:\/\/www.facebook.com\/wirmachenauf\",\"https:\/\/x.com\/WirMachenAuf_de\"]},{\"@type\":\"Person\",\"@id\":\"https:\/\/now-news.de\/de\/#\/schema\/person\/fb534a4e865501d8b3285208df34a9b5\",\"name\":\"rtnews\",\"image\":{\"@type\":\"ImageObject\",\"inLanguage\":\"de\",\"@id\":\"https:\/\/now-news.de\/de\/#\/schema\/person\/image\/\",\"url\":\"https:\/\/secure.gravatar.com\/avatar\/82aafea7d8127119dd649515f56e2117?s=96&d=mm&r=g\",\"contentUrl\":\"https:\/\/secure.gravatar.com\/avatar\/82aafea7d8127119dd649515f56e2117?s=96&d=mm&r=g\",\"caption\":\"rtnews\"},\"url\":\"https:\/\/now-news.de\/de\/author\/rnews\/\"}]}<\/script>\n<!-- \/ Yoast SEO Premium plugin. -->","yoast_head_json":{"title":"Zum Tode verurteilter Deutscher: Minsk berichtet \u00fcber Konsultationen mit Berlin - just-now.NEWS Deutschland","robots":{"index":"index","follow":"follow","max-snippet":"max-snippet:-1","max-image-preview":"max-image-preview:large","max-video-preview":"max-video-preview:-1"},"canonical":"https:\/\/now-news.de\/de\/deutschland\/zum-tode-verurteilter-deutscher-minsk-berichtet-ueber-konsultationen-mit-berlin\/","og_locale":"de_DE","og_type":"article","og_title":"Zum Tode verurteilter Deutscher: Minsk berichtet \u00fcber Konsultationen mit Berlin","og_description":"Im Fall des in Wei\u00dfrussland zum Tode verurteilten Deutschen hat sich das Au\u00dfenministerium in Minsk ge\u00e4u\u00dfert. Ein Sprecher best\u00e4tigte Konsultationen mit dem Ausw\u00e4rtigen Amt in Berlin. Man habe &#8220;konkrete L\u00f6sungen&#8221; vorgeschlagen. Wei\u00dfrussland\u00a0und Deutschland beraten sich \u00fcber die weitere Entwicklung der Situation mit dem zum Tode verurteilten Deutschen Rico Krieger. Das erkl\u00e4rte der Sprecher des wei\u00dfrussischen [&hellip;]","og_url":"https:\/\/now-news.de\/de\/deutschland\/zum-tode-verurteilter-deutscher-minsk-berichtet-ueber-konsultationen-mit-berlin\/","og_site_name":"just-now.NEWS Deutschland","article_publisher":"https:\/\/www.facebook.com\/wirmachenauf","article_published_time":"2024-07-20T15:49:14+00:00","og_image":[{"url":"https:\/\/now-news.de\/de\/wp-content\/uploads\/sites\/3\/2024\/07\/669bd7fcb480cc3c811d47f0.jpg"}],"author":"rtnews","twitter_card":"summary_large_image","twitter_creator":"@WirMachenAuf_de","twitter_site":"@WirMachenAuf_de","twitter_misc":{"Verfasst von":"rtnews","Gesch\u00e4tzte Lesezeit":"1\u00a0Minute"},"schema":{"@context":"https:\/\/schema.org","@graph":[{"@type":"Article","@id":"https:\/\/now-news.de\/de\/deutschland\/zum-tode-verurteilter-deutscher-minsk-berichtet-ueber-konsultationen-mit-berlin\/#article","isPartOf":{"@id":"https:\/\/now-news.de\/de\/deutschland\/zum-tode-verurteilter-deutscher-minsk-berichtet-ueber-konsultationen-mit-berlin\/"},"author":{"name":"rtnews","@id":"https:\/\/now-news.de\/de\/#\/schema\/person\/fb534a4e865501d8b3285208df34a9b5"},"headline":"Zum Tode verurteilter Deutscher: Minsk berichtet \u00fcber Konsultationen mit Berlin","datePublished":"2024-07-20T15:49:14+00:00","dateModified":"2024-07-20T15:49:14+00:00","mainEntityOfPage":{"@id":"https:\/\/now-news.de\/de\/deutschland\/zum-tode-verurteilter-deutscher-minsk-berichtet-ueber-konsultationen-mit-berlin\/"},"wordCount":289,"commentCount":0,"publisher":{"@id":"https:\/\/now-news.de\/de\/#organization"},"image":{"@id":"https:\/\/now-news.de\/de\/deutschland\/zum-tode-verurteilter-deutscher-minsk-berichtet-ueber-konsultationen-mit-berlin\/#primaryimage"},"thumbnailUrl":"https:\/\/now-news.de\/de\/wp-content\/uploads\/sites\/3\/2024\/07\/Zum-Tode-verurteilter-Deutscher-Minsk-berichtet-ueber-Konsultationen-mit-Berlin.jpg","keywords":["berichtet","Berlin","deutscher","Konsultationen","Minsk","mit","Tode","\u00fcber","verurteilter","zum"],"articleSection":["Deutschland","Russland"],"inLanguage":"de","potentialAction":[{"@type":"CommentAction","name":"Comment","target":["https:\/\/now-news.de\/de\/deutschland\/zum-tode-verurteilter-deutscher-minsk-berichtet-ueber-konsultationen-mit-berlin\/#respond"]}]},{"@type":"WebPage","@id":"https:\/\/now-news.de\/de\/deutschland\/zum-tode-verurteilter-deutscher-minsk-berichtet-ueber-konsultationen-mit-berlin\/","url":"https:\/\/now-news.de\/de\/deutschland\/zum-tode-verurteilter-deutscher-minsk-berichtet-ueber-konsultationen-mit-berlin\/","name":"Zum Tode verurteilter Deutscher: Minsk berichtet \u00fcber Konsultationen mit Berlin - just-now.NEWS Deutschland","isPartOf":{"@id":"https:\/\/now-news.de\/de\/#website"},"primaryImageOfPage":{"@id":"https:\/\/now-news.de\/de\/deutschland\/zum-tode-verurteilter-deutscher-minsk-berichtet-ueber-konsultationen-mit-berlin\/#primaryimage"},"image":{"@id":"https:\/\/now-news.de\/de\/deutschland\/zum-tode-verurteilter-deutscher-minsk-berichtet-ueber-konsultationen-mit-berlin\/#primaryimage"},"thumbnailUrl":"https:\/\/now-news.de\/de\/wp-content\/uploads\/sites\/3\/2024\/07\/Zum-Tode-verurteilter-Deutscher-Minsk-berichtet-ueber-Konsultationen-mit-Berlin.jpg","datePublished":"2024-07-20T15:49:14+00:00","dateModified":"2024-07-20T15:49:14+00:00","breadcrumb":{"@id":"https:\/\/now-news.de\/de\/deutschland\/zum-tode-verurteilter-deutscher-minsk-berichtet-ueber-konsultationen-mit-berlin\/#breadcrumb"},"inLanguage":"de","potentialAction":[{"@type":"ReadAction","target":["https:\/\/now-news.de\/de\/deutschland\/zum-tode-verurteilter-deutscher-minsk-berichtet-ueber-konsultationen-mit-berlin\/"]}]},{"@type":"ImageObject","inLanguage":"de","@id":"https:\/\/now-news.de\/de\/deutschland\/zum-tode-verurteilter-deutscher-minsk-berichtet-ueber-konsultationen-mit-berlin\/#primaryimage","url":"https:\/\/now-news.de\/de\/wp-content\/uploads\/sites\/3\/2024\/07\/Zum-Tode-verurteilter-Deutscher-Minsk-berichtet-ueber-Konsultationen-mit-Berlin.jpg","contentUrl":"https:\/\/now-news.de\/de\/wp-content\/uploads\/sites\/3\/2024\/07\/Zum-Tode-verurteilter-Deutscher-Minsk-berichtet-ueber-Konsultationen-mit-Berlin.jpg","width":460,"height":259,"caption":"Zum Tode verurteilter Deutscher: Minsk berichtet \u00fcber Konsultationen mit Berlin"},{"@type":"BreadcrumbList","@id":"https:\/\/now-news.de\/de\/deutschland\/zum-tode-verurteilter-deutscher-minsk-berichtet-ueber-konsultationen-mit-berlin\/#breadcrumb","itemListElement":[{"@type":"ListItem","position":1,"name":"Home","item":"https:\/\/now-news.de\/de\/"},{"@type":"ListItem","position":2,"name":"Zum Tode verurteilter Deutscher: Minsk berichtet \u00fcber Konsultationen mit Berlin"}]},{"@type":"WebSite","@id":"https:\/\/now-news.de\/de\/#website","url":"https:\/\/now-news.de\/de\/","name":"just-now.NEWS Deutschland","description":"Das Portal f\u00fcr unzensierte Nachrichten aus der Welt","publisher":{"@id":"https:\/\/now-news.de\/de\/#organization"},"potentialAction":[{"@type":"SearchAction","target":{"@type":"EntryPoint","urlTemplate":"https:\/\/now-news.de\/de\/?s={search_term_string}"},"query-input":"required name=search_term_string"}],"inLanguage":"de"},{"@type":"Organization","@id":"https:\/\/now-news.de\/de\/#organization","name":"Just Now News","url":"https:\/\/now-news.de\/de\/","logo":{"@type":"ImageObject","inLanguage":"de","@id":"https:\/\/now-news.de\/de\/#\/schema\/logo\/image\/","url":"http:\/\/just-now.news\/de\/wp-content\/uploads\/sites\/3\/2022\/04\/logo500x500.jpg","contentUrl":"http:\/\/just-now.news\/de\/wp-content\/uploads\/sites\/3\/2022\/04\/logo500x500.jpg","width":500,"height":500,"caption":"Just Now News"},"image":{"@id":"https:\/\/now-news.de\/de\/#\/schema\/logo\/image\/"},"sameAs":["https:\/\/www.facebook.com\/wirmachenauf","https:\/\/x.com\/WirMachenAuf_de"]},{"@type":"Person","@id":"https:\/\/now-news.de\/de\/#\/schema\/person\/fb534a4e865501d8b3285208df34a9b5","name":"rtnews","image":{"@type":"ImageObject","inLanguage":"de","@id":"https:\/\/now-news.de\/de\/#\/schema\/person\/image\/","url":"https:\/\/secure.gravatar.com\/avatar\/82aafea7d8127119dd649515f56e2117?s=96&d=mm&r=g","contentUrl":"https:\/\/secure.gravatar.com\/avatar\/82aafea7d8127119dd649515f56e2117?s=96&d=mm&r=g","caption":"rtnews"},"url":"https:\/\/now-news.de\/de\/author\/rnews\/"}]}},"_links":{"self":[{"href":"https:\/\/now-news.de\/de\/wp-json\/wp\/v2\/posts\/65150"}],"collection":[{"href":"https:\/\/now-news.de\/de\/wp-json\/wp\/v2\/posts"}],"about":[{"href":"https:\/\/now-news.de\/de\/wp-json\/wp\/v2\/types\/post"}],"author":[{"embeddable":true,"href":"https:\/\/now-news.de\/de\/wp-json\/wp\/v2\/users\/3"}],"replies":[{"embeddable":true,"href":"https:\/\/now-news.de\/de\/wp-json\/wp\/v2\/comments?post=65150"}],"version-history":[{"count":0,"href":"https:\/\/now-news.de\/de\/wp-json\/wp\/v2\/posts\/65150\/revisions"}],"wp:featuredmedia":[{"embeddable":true,"href":"https:\/\/now-news.de\/de\/wp-json\/wp\/v2\/media\/65151"}],"wp:attachment":[{"href":"https:\/\/now-news.de\/de\/wp-json\/wp\/v2\/media?parent=65150"}],"wp:term":[{"taxonomy":"category","embeddable":true,"href":"https:\/\/now-news.de\/de\/wp-json\/wp\/v2\/categories?post=65150"},{"taxonomy":"post_tag","embeddable":true,"href":"https:\/\/now-news.de\/de\/wp-json\/wp\/v2\/tags?post=65150"}],"curies":[{"name":"wp","href":"https:\/\/api.w.org\/{rel}","templated":true}]}}