{"id":65100,"date":"2024-07-19T20:50:29","date_gmt":"2024-07-19T18:50:29","guid":{"rendered":"https:\/\/now-news.de\/de\/deutschland\/missbrauch-des-vereinsrechts-amtshaftungsklage-gegen-nancy-faeser\/"},"modified":"2024-07-19T20:50:29","modified_gmt":"2024-07-19T18:50:29","slug":"missbrauch-des-vereinsrechts-amtshaftungsklage-gegen-nancy-faeser","status":"publish","type":"post","link":"https:\/\/now-news.de\/de\/deutschland\/missbrauch-des-vereinsrechts-amtshaftungsklage-gegen-nancy-faeser\/","title":{"rendered":"Missbrauch des Vereinsrechts? Amtshaftungsklage gegen Nancy Faeser"},"content":{"rendered":"<p><img decoding=\"async\" src=\"https:\/\/now-news.de\/de\/wp-content\/uploads\/sites\/3\/2024\/07\/669a91e0b480cc47da2d4966.jpg\" \/><\/p>\n<div class=\"Text-root Text-type_1 \">\n                Der K\u00f6lner Rechtsanwalt Gordon Pankalla erhebt Amtshaftungsklage gegen Nancy Faeser. Er habe Anspruch auf Erstattung seiner Compact-Abokosten, weil das Compact-Verbot der Innenministerin rechtswidrig sei. Faeser missbrauche ihr Ministeramt und das Vereinsrecht f\u00fcr eine Zensur der freien Presse.\n            <\/div>\n<p><\/p>\n<div class=\"Text-root Text-type_5 ArticleView-text ViewText-root \">\n<p><em>Von Felicitas Rabe<\/em><\/p>\n<p>Der K\u00f6lner Rechtsanwalt Gordon Pankalla reichte am Donnerstag eine Amtshaftungsklage gegen die Bundesrepublik Deutschland, vertreten von der Innenministerin Nancy Faeser, beim Landgericht K\u00f6ln ein. In der Klageschrift beantragt er, dass der Staat ihm die bereits bezahlten Abogeb\u00fchren f\u00fcr sein Jahresabonnement des <em>Compact-<\/em>Magazins erstatten soll. In der Begr\u00fcndung f\u00fchrt er aus, warum er und wom\u00f6glich rund 40.000 weitere Abonnenten ein Recht auf R\u00fcckerstattung der Abokosten durch den Staat oder sogar durch Frau Faeser pers\u00f6nlich haben sollten.<\/p>\n<p>Zun\u00e4chst schildert der Anwalt den Sachverhalt, wonach die <em>Compact<\/em>-Redaktion im Januar 2024 \u00fcber ein Verkaufsverbot ihrer Zeitschrift an Kiosken und in Bahnh\u00f6fen informiert habe. Pankalla sei daraufhin dem Aufruf des Chefredakteurs J\u00fcrgen Els\u00e4sser nachgekommen, welcher in Internetvideos darum bat, das <em>Compact<\/em>-Magazin zu abonnieren, weil es durch das Verkaufsverbot existenziell gef\u00e4hrdet sei. Der K\u00f6lner Jurist empfand das Verbot als Ungerechtigkeit, erkl\u00e4rte er in der Klageschrift weiter. Infolgedessen schloss er am 29. Januar 2024 zur Unterst\u00fctzung des <em>Compact<\/em>-Verlags ein Abonnement ab. Das Jahresabo in H\u00f6he von 69,95 Euro bezahlte er im Januar im Voraus.<\/p>\n<p>Am 5. Juli verbot die beklagte Bundesrepublik, vertreten durch Nancy Faeser, den (angeblichen) Verein &#8220;COMPACT-Magazin GmbH&#8221; und seine Teilorganisation &#8220;CONSPECT FILM GmbH&#8221; und verf\u00fcgte deren Aufl\u00f6sung mit der Begr\u00fcndung, der Verein richte sich gegen die verfassungsm\u00e4\u00dfige Ordnung. Dem Kl\u00e4ger seien bis dato nur f\u00fcnf von insgesamt zw\u00f6lf bezahlten <em>Compact<\/em>-Ausgaben zugestellt worden.<\/p>\n<p><strong>Ein Verein, den es rechtlich nicht gibt, kann nicht verboten werden<\/strong><\/p>\n<p>Hinsichtlich seiner rechtlichen Bewertung habe Pankalla deshalb einen Schadensersatzanspruch nach \u00a7 839 B\u00fcrgerliches Gesetzbuch (BGB) in Verbindung mit Artikel 34 Grundgesetz. Denn der Staat, in Person von Nancy Faeser, habe schuldhaft seine Amtspflicht verletzt. Zur Amtspflicht geh\u00f6re, dass die Innenministerin Faeser innerhalb der g\u00fcltigen Gesetze handeln m\u00fcsse. Das stellt der K\u00f6lner Anwalt in seiner Klageschrift infrage.<\/p>\n<p>Auf der Webseite des Innenministeriums <a rel=\"nofollow noopener\" target=\"_blank\" href=\"https:\/\/www.bmi.bund.de\/SharedDocs\/pressemitteilungen\/DE\/2024\/07\/exekutive1.html\">informierte<\/a> die Ministerin \u00fcber das Verbot: &#8220;Ich habe heute das rechtsextremistische &#8216;COMPACT-Magazin&#8217; verboten.&#8221; Anlass daf\u00fcr sei laut Faeser, dass dieses Magazin angeblich auf unertr\u00e4gliche Weise gegen Juden, Migranten und gegen die parlamentarische Demokratie hetzen w\u00fcrde. In der <em>Tagesschau<\/em> habe Ministerin Faeser laut Pankalla <a rel=\"nofollow noopener\" target=\"_blank\" href=\"https:\/\/www.tagesschau.de\/inland\/gesellschaft\/compact-verbot-100.html\">zudem erkl\u00e4rt<\/a>, das Ziel (oder der Vereinszweck) von Els\u00e4sser sei die Zerst\u00f6rung der Gesellschaft. Entscheidend f\u00fcr das Verbot sei jedenfalls, dass <em>Compact<\/em> nach der Bewertung des Innenministeriums gegen die freiheitlich-demokratische Grundordnung versto\u00dfe und dabei &#8220;aggressiv-k\u00e4mpferisch&#8221; auftrete.<\/p>\n<p>Fraglich sei auch, so der K\u00f6lner Jurist, ob die oben genannte Verbotsverf\u00fcgung rechtlich zul\u00e4ssig gewesen ist. Dies erscheine sehr zweifelhaft. Die Innenministerin habe sich bei ihrem <em>Compact<\/em>-Verbot auf das Vereinsrecht bezogen. Allerdings brauche es zum Beleg eines wie auch immer gearteten <em>Compact<\/em>-Vereins eine Vereinssatzung mit einem festgelegten Vereinszweck. Neben so einem Beleg fehle auch der Nachweis, mit welchen Personen sich Els\u00e4sser angeblich f\u00fcr einen Vereinszweck zusammengetan habe. Die Unterstellung eines nicht existenten Vereins und eines Vereinszwecks seitens einer Innenministerin sei sowieso schon einmalig. Dazu schrieb Pankalla:<\/p>\n<blockquote>\n<p><em>&#8220;Dabei sollte es ein einmaliger Vorgang sein, dass Personen und Firmen einfach unterstellt wird, sie seien ein Verein und ihr Vereinszweck sei dies, was eine Innenministerin glaubt.&#8221;<\/em><\/p>\n<\/blockquote>\n<p>Es sei Tatsache, so der K\u00f6lner Anwalt weiter, dass keinerlei Satzung vorl\u00e4ge. Ebenso fehle ein Beleg f\u00fcr eine &#8220;nicht rechtsf\u00e4hige Vereinsform&#8221;. Schlie\u00dflich ben\u00f6tige man auch daf\u00fcr den Nachweis einer Gr\u00fcndungsversammlung, den Nachweis einer formalen Vorstandswahl und eine auf der Gr\u00fcndungsversammlung definierte Satzung. All dies sei beim Vereinsverbot von Faeser nicht gegeben. Der Rechtsanwalt stellte klar:<\/p>\n<blockquote>\n<p><em>&#8220;Es gab keine Gr\u00fcndungsversammlung, es gibt keinen gew\u00e4hlten Vorstand und es gibt auch keine Satzung.&#8221;<\/em><\/p>\n<\/blockquote>\n<p>Mal abgesehen davon sei es &#8220;\u00e4u\u00dferst zweifelhaft&#8221;, ob Paragraf 3 des Vereinsgesetzes auf einen nicht rechtsf\u00e4higen Verein \u00fcberhaupt Anwendung f\u00e4nde. Dem Rechtsanwalt zufolge werde seitens des Staates, vertreten durch die Ministerin Nancy Faeser, dem Chefredakteur J\u00fcrgen Els\u00e4sser &#8220;nur auf unglaubliche Weise unterstellt, ein Verein zu sein, um ihm anschlie\u00dfend seinen Gewerbebetrieb schlie\u00dfen zu k\u00f6nnen&#8221;. Dabei handele es sich um einen &#8220;unfassbaren Eingriff in die Berufs- und Gewerbefreiheit und eine Aush\u00f6hlung des in Art. 5 GG normierten Rechts auf Presse- und Meinungsfreiheit.&#8221;<\/p>\n<p><strong>Mit einem Trick \u00fcber das Vereinsrecht schr\u00e4nkt der Staat die Pressefreiheit ein<\/strong><\/p>\n<p>Zudem\u00a0stehe nicht fest, ob Els\u00e4sser, wie behauptet, die verfassungsm\u00e4\u00dfige Ordnung abschaffen wollte. Der Staat in Vertretung von Innenministerin Faeser habe mit dem Trick \u00fcber das Vereinsrecht an den Gerichten vorbei die Pressefreiheit einschr\u00e4nken wollen, da der Innenministerin Faeser die Meinung des <em>Compact<\/em>-Magazins<br \/> nicht gefallen hat, kommentierte Pankalla das Motiv des Verbots.<\/p>\n<p>Aufgrund der Meinungs- und Pressefreiheit als wesentlicher Bestandteil der verfassungsm\u00e4\u00dfigen Ordnung reiche &#8220;die blo\u00dfe Bef\u00fcrchtung, dass das gesellschaftliche und politische Klima durch die Arbeit von Els\u00e4sser gef\u00e4hrdet w\u00fcrde, f\u00fcr ein Verbot bei Weitem nicht aus&#8221;. Man k\u00f6nne ja ebenso gut behaupten, dass das gesellschaftliche Klima durch Eingriffe in die Meinungsfreiheit vergiftet w\u00fcrde, was in dem Fall sogar eher zutreffen k\u00f6nnte.<\/p>\n<p>Pankalla argumentiert ausf\u00fchrlich, warum es f\u00fcr ihn sogar mehr als zweifelhaft ist, ob es sich bei dem von Nancy Faeser ausgerufenen Kampf gegen rechts und Rechtsextremismus \u00fcberhaupt um eine Ma\u00dfnahme gegen Extremismus handelt. Im Gegenteil, die infrage stehende Verbotsma\u00dfnahme gegen die freie Meinungs\u00e4u\u00dferung sei selbst als extremistisch anzusehen. Sie versto\u00dfe au\u00dferdem gegen das Grundgesetz, welches Faeser angeblich verteidigen wolle.<\/p>\n<p><strong>Warum Nancy Faeser ihr Amt als Innenministerin verletzt hat<\/strong><\/p>\n<p>Die mutma\u00dfliche Amtspflichtverletzung seitens der Innenministerin begr\u00fcndet der Rechtsanwalt wie folgt: Nancy Faeser mache sich mit der Verbotsma\u00dfnahme als Innenministerin zum Richter \u00fcber Meinungen, ohne Richterin zu sein. Sie sei zwar von Hause aus Juristin und\u00a0 h\u00e4tte demnach auch Richterin werden k\u00f6nnen, aber sie sei nun einmal Innenministerin und eben keine Richterin.<\/p>\n<p>Mit den von Pankalla transkribierten Aussagen Faesers bei einer auf <em>Phoenix<\/em> ausgestrahlten <a rel=\"nofollow noopener\" target=\"_blank\" href=\"https:\/\/www.youtube.com\/watch?v=N7LOmiK4IF0\">Pressekonferenz vom 13. Februar<\/a> m\u00f6chte der Anwalt verdeutlichen, dass die Ministerin bereits in der Vergangenheit versuchte, die Meinungsfreiheit einzuschr\u00e4nken, und zwar ausdr\u00fccklich auch &#8220;unterhalb der Strafbarkeitsgrenze&#8221;. Bei der Pressekonferenz habe Nancy Faeser offen zugegeben, &#8220;dass sie den Staat daf\u00fcr ausnutzen will, um Verbote auszusprechen, und dass sie es verhindern will, dass ein bestimmtes angebliches rechtsextremes &#8216;Gedankengut&#8217; in die Gesellschaft getragen wird&#8221;.<\/p>\n<p><strong>Medien sollen als vierte Gewalt den Staat kontrollieren \u2013 und nicht umgekehrt <br \/><\/strong><\/p>\n<p>Der Rechtsanwalt fasst seine juristische Bewertung zusammen: Im Fall des <em>Compact<\/em>-Verbots werde die Meinungsfreiheit in einer pluralistischen Gesellschaft durch den Staat (durch die Beklagte) selbst ausgehebelt, zugunsten eigener politischer Zwecke der Beklagten. Allerdings h\u00e4tten freie Medien wie Zeitungen, Rundfunk und Fernsehen in einer Demokratie eine wichtige Funktion. Sie \u00fcbten Kontrolle \u00fcber staatliches Handeln aus und w\u00fcrden deshalb auch informell &#8220;vierte Gewalt&#8221; genannt.<\/p>\n<p>Des Weiteren\u00a0m\u00fcssten in einer pluralistischen Gesellschaft viele Parteien, Medien und Verb\u00e4nde am Meinungsbildungsprozess beteiligt werden. Genau diese Verfahrensregeln akzeptiere die Ministerin Nancy Faeser in ihrem politischen Kampf gegen rechts und gegen angeblichen Rechtsextremismus eben nicht. Vielmehr handele es sich bei ihrer Ma\u00dfnahme um Zensur:<\/p>\n<blockquote>\n<p><em>&#8220;Das Verbot des &#8216;Els\u00e4sser Vereins&#8217; stellt einen einmaligen Eingriff des Staates in der Geschichte der Bundesrepublik Deutschland in die Meinungsfreiheit\u00a0<\/em><em>und in das pluralistische System dar \u2013 dies kann nur als Zensur &#8216;durch die Hintert\u00fcre&#8217; im politischen Meinungskampf bewertet werden.&#8221;<\/em><\/p>\n<\/blockquote>\n<p>Umso unglaublicher sei es zudem, dass Frau Faeser, die selbst Juristin ist, &#8220;diesen rechtswidrigen Akt der Zensur durchgef\u00fchrt hat&#8221;. Dass es sich dabei um eine Amtspflichtverletzung handele, erkl\u00e4re sich von selbst. M\u00f6glicherweise l\u00e4ge in dem Fall sogar Rechtsbeugung gem\u00e4\u00df \u00a7 339 Strafgesetzbuch vor. Nachdem die Innenministerin \u00f6ffentlich gesagt habe &#8220;ICH habe das rechtsextremistische <em>Compact-<\/em>Magazin verboten&#8221; und damit sich selbst als Handlungssubjekt erkl\u00e4rt habe und eben nicht den Staat oder das Ministerium, k\u00f6nne man auch eine pers\u00f6nliche Haftung der Ministerin pr\u00fcfen.<\/p>\n<p><strong>Mehr zum Thema<\/strong>\u00a0\u2012 <a rel=\"nofollow noopener\" target=\"_blank\" href=\"https:\/\/dert.online\/meinung\/212534-faeser-marie-antoinette\/\">Zum Compact-Verbot: Faeser, Deutschlands Marie-Antoinette <\/a><\/p>\n<\/p>\n<\/div>\n<p><br \/>\n<br \/><a href=\"https:\/\/de.rt.com\/inland\/212932-amtshaftungsklage-gegen-nancy-faeser-missbrauch\/\">Source link <\/a><\/p>\n","protected":false},"excerpt":{"rendered":"<p>Der K\u00f6lner Rechtsanwalt Gordon Pankalla erhebt Amtshaftungsklage gegen Nancy Faeser. Er habe Anspruch auf Erstattung seiner Compact-Abokosten, weil das Compact-Verbot der Innenministerin rechtswidrig sei. Faeser missbrauche ihr Ministeramt und das Vereinsrecht f\u00fcr eine Zensur der freien Presse. Von Felicitas Rabe Der K\u00f6lner Rechtsanwalt Gordon Pankalla reichte am Donnerstag eine Amtshaftungsklage gegen die Bundesrepublik Deutschland, vertreten [&hellip;]<\/p>\n","protected":false},"author":3,"featured_media":65101,"comment_status":"open","ping_status":"open","sticky":false,"template":"","format":"standard","meta":{"_yoast_indexnow_last_ping":["1721415441"],"wp_automatic_camp":["217"],"7a44c08b33c2dd437635c93d16c7e428":["Missbrauch des Vereinsrechts? Amtshaftungsklage gegen Nancy Faeser"],"original_link":["https:\/\/de.rt.com\/inland\/212932-amtshaftungsklage-gegen-nancy-faeser-missbrauch\/"],"_thumbnail_id":["65101"],"jnews_social_counter_last_update":["1777191624"],"_wptgpro_p2tg_sent2tg":["a:1:{i:23737;s:19:\"2024-07-19 20:58:25\";}"]},"categories":[19,23],"tags":[56798,583,16802,278,11370,16829,56797],"yoast_head":"<!-- This site is optimized with the Yoast SEO Premium plugin v22.7 (Yoast SEO v22.7) - https:\/\/yoast.com\/wordpress\/plugins\/seo\/ -->\n<title>Missbrauch des Vereinsrechts? Amtshaftungsklage gegen Nancy Faeser - just-now.NEWS Deutschland<\/title>\n<meta name=\"robots\" content=\"index, follow, max-snippet:-1, max-image-preview:large, max-video-preview:-1\" \/>\n<link rel=\"canonical\" href=\"https:\/\/now-news.de\/de\/deutschland\/missbrauch-des-vereinsrechts-amtshaftungsklage-gegen-nancy-faeser\/\" \/>\n<meta property=\"og:locale\" content=\"de_DE\" \/>\n<meta property=\"og:type\" content=\"article\" \/>\n<meta property=\"og:title\" content=\"Missbrauch des Vereinsrechts? Amtshaftungsklage gegen Nancy Faeser\" \/>\n<meta property=\"og:description\" content=\"Der K\u00f6lner Rechtsanwalt Gordon Pankalla erhebt Amtshaftungsklage gegen Nancy Faeser. Er habe Anspruch auf Erstattung seiner Compact-Abokosten, weil das Compact-Verbot der Innenministerin rechtswidrig sei. Faeser missbrauche ihr Ministeramt und das Vereinsrecht f\u00fcr eine Zensur der freien Presse. Von Felicitas Rabe Der K\u00f6lner Rechtsanwalt Gordon Pankalla reichte am Donnerstag eine Amtshaftungsklage gegen die Bundesrepublik Deutschland, vertreten [&hellip;]\" \/>\n<meta property=\"og:url\" content=\"https:\/\/now-news.de\/de\/deutschland\/missbrauch-des-vereinsrechts-amtshaftungsklage-gegen-nancy-faeser\/\" \/>\n<meta property=\"og:site_name\" content=\"just-now.NEWS Deutschland\" \/>\n<meta property=\"article:publisher\" content=\"https:\/\/www.facebook.com\/wirmachenauf\" \/>\n<meta property=\"article:published_time\" content=\"2024-07-19T18:50:29+00:00\" \/>\n<meta property=\"og:image\" content=\"https:\/\/now-news.de\/de\/wp-content\/uploads\/sites\/3\/2024\/07\/669a91e0b480cc47da2d4966.jpg\" \/>\n<meta name=\"author\" content=\"rtnews\" \/>\n<meta name=\"twitter:card\" content=\"summary_large_image\" \/>\n<meta name=\"twitter:creator\" content=\"@WirMachenAuf_de\" \/>\n<meta name=\"twitter:site\" content=\"@WirMachenAuf_de\" \/>\n<meta name=\"twitter:label1\" content=\"Verfasst von\" \/>\n\t<meta name=\"twitter:data1\" content=\"rtnews\" \/>\n\t<meta name=\"twitter:label2\" content=\"Gesch\u00e4tzte Lesezeit\" \/>\n\t<meta name=\"twitter:data2\" content=\"7\u00a0Minuten\" \/>\n<script type=\"application\/ld+json\" class=\"yoast-schema-graph\">{\"@context\":\"https:\/\/schema.org\",\"@graph\":[{\"@type\":\"Article\",\"@id\":\"https:\/\/now-news.de\/de\/deutschland\/missbrauch-des-vereinsrechts-amtshaftungsklage-gegen-nancy-faeser\/#article\",\"isPartOf\":{\"@id\":\"https:\/\/now-news.de\/de\/deutschland\/missbrauch-des-vereinsrechts-amtshaftungsklage-gegen-nancy-faeser\/\"},\"author\":{\"name\":\"rtnews\",\"@id\":\"https:\/\/now-news.de\/de\/#\/schema\/person\/fb534a4e865501d8b3285208df34a9b5\"},\"headline\":\"Missbrauch des Vereinsrechts? Amtshaftungsklage gegen Nancy Faeser\",\"datePublished\":\"2024-07-19T18:50:29+00:00\",\"dateModified\":\"2024-07-19T18:50:29+00:00\",\"mainEntityOfPage\":{\"@id\":\"https:\/\/now-news.de\/de\/deutschland\/missbrauch-des-vereinsrechts-amtshaftungsklage-gegen-nancy-faeser\/\"},\"wordCount\":1343,\"commentCount\":0,\"publisher\":{\"@id\":\"https:\/\/now-news.de\/de\/#organization\"},\"image\":{\"@id\":\"https:\/\/now-news.de\/de\/deutschland\/missbrauch-des-vereinsrechts-amtshaftungsklage-gegen-nancy-faeser\/#primaryimage\"},\"thumbnailUrl\":\"https:\/\/now-news.de\/de\/wp-content\/uploads\/sites\/3\/2024\/07\/Missbrauch-des-Vereinsrechts-Amtshaftungsklage-gegen-Nancy-Faeser.jpg\",\"keywords\":[\"Amtshaftungsklage\",\"des\",\"Faeser\",\"gegen\",\"Missbrauch\",\"Nancy\",\"Vereinsrechts\"],\"articleSection\":[\"Deutschland\",\"Russland\"],\"inLanguage\":\"de\",\"potentialAction\":[{\"@type\":\"CommentAction\",\"name\":\"Comment\",\"target\":[\"https:\/\/now-news.de\/de\/deutschland\/missbrauch-des-vereinsrechts-amtshaftungsklage-gegen-nancy-faeser\/#respond\"]}]},{\"@type\":\"WebPage\",\"@id\":\"https:\/\/now-news.de\/de\/deutschland\/missbrauch-des-vereinsrechts-amtshaftungsklage-gegen-nancy-faeser\/\",\"url\":\"https:\/\/now-news.de\/de\/deutschland\/missbrauch-des-vereinsrechts-amtshaftungsklage-gegen-nancy-faeser\/\",\"name\":\"Missbrauch des Vereinsrechts? Amtshaftungsklage gegen Nancy Faeser - just-now.NEWS Deutschland\",\"isPartOf\":{\"@id\":\"https:\/\/now-news.de\/de\/#website\"},\"primaryImageOfPage\":{\"@id\":\"https:\/\/now-news.de\/de\/deutschland\/missbrauch-des-vereinsrechts-amtshaftungsklage-gegen-nancy-faeser\/#primaryimage\"},\"image\":{\"@id\":\"https:\/\/now-news.de\/de\/deutschland\/missbrauch-des-vereinsrechts-amtshaftungsklage-gegen-nancy-faeser\/#primaryimage\"},\"thumbnailUrl\":\"https:\/\/now-news.de\/de\/wp-content\/uploads\/sites\/3\/2024\/07\/Missbrauch-des-Vereinsrechts-Amtshaftungsklage-gegen-Nancy-Faeser.jpg\",\"datePublished\":\"2024-07-19T18:50:29+00:00\",\"dateModified\":\"2024-07-19T18:50:29+00:00\",\"breadcrumb\":{\"@id\":\"https:\/\/now-news.de\/de\/deutschland\/missbrauch-des-vereinsrechts-amtshaftungsklage-gegen-nancy-faeser\/#breadcrumb\"},\"inLanguage\":\"de\",\"potentialAction\":[{\"@type\":\"ReadAction\",\"target\":[\"https:\/\/now-news.de\/de\/deutschland\/missbrauch-des-vereinsrechts-amtshaftungsklage-gegen-nancy-faeser\/\"]}]},{\"@type\":\"ImageObject\",\"inLanguage\":\"de\",\"@id\":\"https:\/\/now-news.de\/de\/deutschland\/missbrauch-des-vereinsrechts-amtshaftungsklage-gegen-nancy-faeser\/#primaryimage\",\"url\":\"https:\/\/now-news.de\/de\/wp-content\/uploads\/sites\/3\/2024\/07\/Missbrauch-des-Vereinsrechts-Amtshaftungsklage-gegen-Nancy-Faeser.jpg\",\"contentUrl\":\"https:\/\/now-news.de\/de\/wp-content\/uploads\/sites\/3\/2024\/07\/Missbrauch-des-Vereinsrechts-Amtshaftungsklage-gegen-Nancy-Faeser.jpg\",\"width\":460,\"height\":259,\"caption\":\"Missbrauch des Vereinsrechts? Amtshaftungsklage gegen Nancy Faeser\"},{\"@type\":\"BreadcrumbList\",\"@id\":\"https:\/\/now-news.de\/de\/deutschland\/missbrauch-des-vereinsrechts-amtshaftungsklage-gegen-nancy-faeser\/#breadcrumb\",\"itemListElement\":[{\"@type\":\"ListItem\",\"position\":1,\"name\":\"Home\",\"item\":\"https:\/\/now-news.de\/de\/\"},{\"@type\":\"ListItem\",\"position\":2,\"name\":\"Missbrauch des Vereinsrechts? Amtshaftungsklage gegen Nancy Faeser\"}]},{\"@type\":\"WebSite\",\"@id\":\"https:\/\/now-news.de\/de\/#website\",\"url\":\"https:\/\/now-news.de\/de\/\",\"name\":\"just-now.NEWS Deutschland\",\"description\":\"Das Portal f\u00fcr unzensierte Nachrichten aus der Welt\",\"publisher\":{\"@id\":\"https:\/\/now-news.de\/de\/#organization\"},\"potentialAction\":[{\"@type\":\"SearchAction\",\"target\":{\"@type\":\"EntryPoint\",\"urlTemplate\":\"https:\/\/now-news.de\/de\/?s={search_term_string}\"},\"query-input\":\"required name=search_term_string\"}],\"inLanguage\":\"de\"},{\"@type\":\"Organization\",\"@id\":\"https:\/\/now-news.de\/de\/#organization\",\"name\":\"Just Now News\",\"url\":\"https:\/\/now-news.de\/de\/\",\"logo\":{\"@type\":\"ImageObject\",\"inLanguage\":\"de\",\"@id\":\"https:\/\/now-news.de\/de\/#\/schema\/logo\/image\/\",\"url\":\"http:\/\/just-now.news\/de\/wp-content\/uploads\/sites\/3\/2022\/04\/logo500x500.jpg\",\"contentUrl\":\"http:\/\/just-now.news\/de\/wp-content\/uploads\/sites\/3\/2022\/04\/logo500x500.jpg\",\"width\":500,\"height\":500,\"caption\":\"Just Now News\"},\"image\":{\"@id\":\"https:\/\/now-news.de\/de\/#\/schema\/logo\/image\/\"},\"sameAs\":[\"https:\/\/www.facebook.com\/wirmachenauf\",\"https:\/\/x.com\/WirMachenAuf_de\"]},{\"@type\":\"Person\",\"@id\":\"https:\/\/now-news.de\/de\/#\/schema\/person\/fb534a4e865501d8b3285208df34a9b5\",\"name\":\"rtnews\",\"image\":{\"@type\":\"ImageObject\",\"inLanguage\":\"de\",\"@id\":\"https:\/\/now-news.de\/de\/#\/schema\/person\/image\/\",\"url\":\"https:\/\/secure.gravatar.com\/avatar\/82aafea7d8127119dd649515f56e2117?s=96&d=mm&r=g\",\"contentUrl\":\"https:\/\/secure.gravatar.com\/avatar\/82aafea7d8127119dd649515f56e2117?s=96&d=mm&r=g\",\"caption\":\"rtnews\"},\"url\":\"https:\/\/now-news.de\/de\/author\/rnews\/\"}]}<\/script>\n<!-- \/ Yoast SEO Premium plugin. -->","yoast_head_json":{"title":"Missbrauch des Vereinsrechts? Amtshaftungsklage gegen Nancy Faeser - just-now.NEWS Deutschland","robots":{"index":"index","follow":"follow","max-snippet":"max-snippet:-1","max-image-preview":"max-image-preview:large","max-video-preview":"max-video-preview:-1"},"canonical":"https:\/\/now-news.de\/de\/deutschland\/missbrauch-des-vereinsrechts-amtshaftungsklage-gegen-nancy-faeser\/","og_locale":"de_DE","og_type":"article","og_title":"Missbrauch des Vereinsrechts? Amtshaftungsklage gegen Nancy Faeser","og_description":"Der K\u00f6lner Rechtsanwalt Gordon Pankalla erhebt Amtshaftungsklage gegen Nancy Faeser. Er habe Anspruch auf Erstattung seiner Compact-Abokosten, weil das Compact-Verbot der Innenministerin rechtswidrig sei. Faeser missbrauche ihr Ministeramt und das Vereinsrecht f\u00fcr eine Zensur der freien Presse. Von Felicitas Rabe Der K\u00f6lner Rechtsanwalt Gordon Pankalla reichte am Donnerstag eine Amtshaftungsklage gegen die Bundesrepublik Deutschland, vertreten [&hellip;]","og_url":"https:\/\/now-news.de\/de\/deutschland\/missbrauch-des-vereinsrechts-amtshaftungsklage-gegen-nancy-faeser\/","og_site_name":"just-now.NEWS Deutschland","article_publisher":"https:\/\/www.facebook.com\/wirmachenauf","article_published_time":"2024-07-19T18:50:29+00:00","og_image":[{"url":"https:\/\/now-news.de\/de\/wp-content\/uploads\/sites\/3\/2024\/07\/669a91e0b480cc47da2d4966.jpg"}],"author":"rtnews","twitter_card":"summary_large_image","twitter_creator":"@WirMachenAuf_de","twitter_site":"@WirMachenAuf_de","twitter_misc":{"Verfasst von":"rtnews","Gesch\u00e4tzte Lesezeit":"7\u00a0Minuten"},"schema":{"@context":"https:\/\/schema.org","@graph":[{"@type":"Article","@id":"https:\/\/now-news.de\/de\/deutschland\/missbrauch-des-vereinsrechts-amtshaftungsklage-gegen-nancy-faeser\/#article","isPartOf":{"@id":"https:\/\/now-news.de\/de\/deutschland\/missbrauch-des-vereinsrechts-amtshaftungsklage-gegen-nancy-faeser\/"},"author":{"name":"rtnews","@id":"https:\/\/now-news.de\/de\/#\/schema\/person\/fb534a4e865501d8b3285208df34a9b5"},"headline":"Missbrauch des Vereinsrechts? Amtshaftungsklage gegen Nancy Faeser","datePublished":"2024-07-19T18:50:29+00:00","dateModified":"2024-07-19T18:50:29+00:00","mainEntityOfPage":{"@id":"https:\/\/now-news.de\/de\/deutschland\/missbrauch-des-vereinsrechts-amtshaftungsklage-gegen-nancy-faeser\/"},"wordCount":1343,"commentCount":0,"publisher":{"@id":"https:\/\/now-news.de\/de\/#organization"},"image":{"@id":"https:\/\/now-news.de\/de\/deutschland\/missbrauch-des-vereinsrechts-amtshaftungsklage-gegen-nancy-faeser\/#primaryimage"},"thumbnailUrl":"https:\/\/now-news.de\/de\/wp-content\/uploads\/sites\/3\/2024\/07\/Missbrauch-des-Vereinsrechts-Amtshaftungsklage-gegen-Nancy-Faeser.jpg","keywords":["Amtshaftungsklage","des","Faeser","gegen","Missbrauch","Nancy","Vereinsrechts"],"articleSection":["Deutschland","Russland"],"inLanguage":"de","potentialAction":[{"@type":"CommentAction","name":"Comment","target":["https:\/\/now-news.de\/de\/deutschland\/missbrauch-des-vereinsrechts-amtshaftungsklage-gegen-nancy-faeser\/#respond"]}]},{"@type":"WebPage","@id":"https:\/\/now-news.de\/de\/deutschland\/missbrauch-des-vereinsrechts-amtshaftungsklage-gegen-nancy-faeser\/","url":"https:\/\/now-news.de\/de\/deutschland\/missbrauch-des-vereinsrechts-amtshaftungsklage-gegen-nancy-faeser\/","name":"Missbrauch des Vereinsrechts? Amtshaftungsklage gegen Nancy Faeser - just-now.NEWS Deutschland","isPartOf":{"@id":"https:\/\/now-news.de\/de\/#website"},"primaryImageOfPage":{"@id":"https:\/\/now-news.de\/de\/deutschland\/missbrauch-des-vereinsrechts-amtshaftungsklage-gegen-nancy-faeser\/#primaryimage"},"image":{"@id":"https:\/\/now-news.de\/de\/deutschland\/missbrauch-des-vereinsrechts-amtshaftungsklage-gegen-nancy-faeser\/#primaryimage"},"thumbnailUrl":"https:\/\/now-news.de\/de\/wp-content\/uploads\/sites\/3\/2024\/07\/Missbrauch-des-Vereinsrechts-Amtshaftungsklage-gegen-Nancy-Faeser.jpg","datePublished":"2024-07-19T18:50:29+00:00","dateModified":"2024-07-19T18:50:29+00:00","breadcrumb":{"@id":"https:\/\/now-news.de\/de\/deutschland\/missbrauch-des-vereinsrechts-amtshaftungsklage-gegen-nancy-faeser\/#breadcrumb"},"inLanguage":"de","potentialAction":[{"@type":"ReadAction","target":["https:\/\/now-news.de\/de\/deutschland\/missbrauch-des-vereinsrechts-amtshaftungsklage-gegen-nancy-faeser\/"]}]},{"@type":"ImageObject","inLanguage":"de","@id":"https:\/\/now-news.de\/de\/deutschland\/missbrauch-des-vereinsrechts-amtshaftungsklage-gegen-nancy-faeser\/#primaryimage","url":"https:\/\/now-news.de\/de\/wp-content\/uploads\/sites\/3\/2024\/07\/Missbrauch-des-Vereinsrechts-Amtshaftungsklage-gegen-Nancy-Faeser.jpg","contentUrl":"https:\/\/now-news.de\/de\/wp-content\/uploads\/sites\/3\/2024\/07\/Missbrauch-des-Vereinsrechts-Amtshaftungsklage-gegen-Nancy-Faeser.jpg","width":460,"height":259,"caption":"Missbrauch des Vereinsrechts? Amtshaftungsklage gegen Nancy Faeser"},{"@type":"BreadcrumbList","@id":"https:\/\/now-news.de\/de\/deutschland\/missbrauch-des-vereinsrechts-amtshaftungsklage-gegen-nancy-faeser\/#breadcrumb","itemListElement":[{"@type":"ListItem","position":1,"name":"Home","item":"https:\/\/now-news.de\/de\/"},{"@type":"ListItem","position":2,"name":"Missbrauch des Vereinsrechts? Amtshaftungsklage gegen Nancy Faeser"}]},{"@type":"WebSite","@id":"https:\/\/now-news.de\/de\/#website","url":"https:\/\/now-news.de\/de\/","name":"just-now.NEWS Deutschland","description":"Das Portal f\u00fcr unzensierte Nachrichten aus der Welt","publisher":{"@id":"https:\/\/now-news.de\/de\/#organization"},"potentialAction":[{"@type":"SearchAction","target":{"@type":"EntryPoint","urlTemplate":"https:\/\/now-news.de\/de\/?s={search_term_string}"},"query-input":"required name=search_term_string"}],"inLanguage":"de"},{"@type":"Organization","@id":"https:\/\/now-news.de\/de\/#organization","name":"Just Now News","url":"https:\/\/now-news.de\/de\/","logo":{"@type":"ImageObject","inLanguage":"de","@id":"https:\/\/now-news.de\/de\/#\/schema\/logo\/image\/","url":"http:\/\/just-now.news\/de\/wp-content\/uploads\/sites\/3\/2022\/04\/logo500x500.jpg","contentUrl":"http:\/\/just-now.news\/de\/wp-content\/uploads\/sites\/3\/2022\/04\/logo500x500.jpg","width":500,"height":500,"caption":"Just Now News"},"image":{"@id":"https:\/\/now-news.de\/de\/#\/schema\/logo\/image\/"},"sameAs":["https:\/\/www.facebook.com\/wirmachenauf","https:\/\/x.com\/WirMachenAuf_de"]},{"@type":"Person","@id":"https:\/\/now-news.de\/de\/#\/schema\/person\/fb534a4e865501d8b3285208df34a9b5","name":"rtnews","image":{"@type":"ImageObject","inLanguage":"de","@id":"https:\/\/now-news.de\/de\/#\/schema\/person\/image\/","url":"https:\/\/secure.gravatar.com\/avatar\/82aafea7d8127119dd649515f56e2117?s=96&d=mm&r=g","contentUrl":"https:\/\/secure.gravatar.com\/avatar\/82aafea7d8127119dd649515f56e2117?s=96&d=mm&r=g","caption":"rtnews"},"url":"https:\/\/now-news.de\/de\/author\/rnews\/"}]}},"_links":{"self":[{"href":"https:\/\/now-news.de\/de\/wp-json\/wp\/v2\/posts\/65100"}],"collection":[{"href":"https:\/\/now-news.de\/de\/wp-json\/wp\/v2\/posts"}],"about":[{"href":"https:\/\/now-news.de\/de\/wp-json\/wp\/v2\/types\/post"}],"author":[{"embeddable":true,"href":"https:\/\/now-news.de\/de\/wp-json\/wp\/v2\/users\/3"}],"replies":[{"embeddable":true,"href":"https:\/\/now-news.de\/de\/wp-json\/wp\/v2\/comments?post=65100"}],"version-history":[{"count":0,"href":"https:\/\/now-news.de\/de\/wp-json\/wp\/v2\/posts\/65100\/revisions"}],"wp:featuredmedia":[{"embeddable":true,"href":"https:\/\/now-news.de\/de\/wp-json\/wp\/v2\/media\/65101"}],"wp:attachment":[{"href":"https:\/\/now-news.de\/de\/wp-json\/wp\/v2\/media?parent=65100"}],"wp:term":[{"taxonomy":"category","embeddable":true,"href":"https:\/\/now-news.de\/de\/wp-json\/wp\/v2\/categories?post=65100"},{"taxonomy":"post_tag","embeddable":true,"href":"https:\/\/now-news.de\/de\/wp-json\/wp\/v2\/tags?post=65100"}],"curies":[{"name":"wp","href":"https:\/\/api.w.org\/{rel}","templated":true}]}}