{"id":65084,"date":"2024-07-19T16:18:49","date_gmt":"2024-07-19T14:18:49","guid":{"rendered":"https:\/\/now-news.de\/de\/deutschland\/israelisches-militaer-rekrutiert-3-000-ultraorthodoxe-in-drei-phasen-zur-armee\/"},"modified":"2024-07-19T16:18:49","modified_gmt":"2024-07-19T14:18:49","slug":"israelisches-militaer-rekrutiert-3-000-ultraorthodoxe-in-drei-phasen-zur-armee","status":"publish","type":"post","link":"https:\/\/now-news.de\/de\/deutschland\/israelisches-militaer-rekrutiert-3-000-ultraorthodoxe-in-drei-phasen-zur-armee\/","title":{"rendered":"Israelisches Milit\u00e4r rekrutiert 3.000 Ultraorthodoxe in drei Phasen zur Armee"},"content":{"rendered":"<p><img decoding=\"async\" src=\"https:\/\/now-news.de\/de\/wp-content\/uploads\/sites\/3\/2024\/07\/669a4f12b480cc73382b247a.jpg\" \/><\/p>\n<div class=\"Text-root Text-type_1 \">\n                Der Oberste Gerichtshof Israels hatte Ende Juni entschieden, dass die Regierung nach kontroversen gesellschaftlichen Diskussionen ultraorthodoxe Juden zum Milit\u00e4rdienst einberufen muss. Nun erfolgt die Ank\u00fcndigung des IDF, die ersten 1.000 Einberufungsbefehle zu versenden.\n            <\/div>\n<p><\/p>\n<div class=\"Text-root Text-type_5 ArticleView-text ViewText-root \">\n<p>Der israelische Verteidigungsminister Joaw Galant wies laut Medienberichten das Milit\u00e4r am Donnerstag an, ab n\u00e4chster Woche in drei Wellen vorerst 3.000 Einberufungsbefehle an Mitglieder der Haredim-Gemeinschaft zu verschicken. Die Bezeichnung Haredim steht f\u00fcr Israels streng gl\u00e4ubige, j\u00fcdisch-orthodoxe Gruppierungen.\u00a0<\/p>\n<p>Die ersten 1.000 Einberufungsbefehle f\u00fcr ultraorthodoxe M\u00e4nner im Alter von 18 bis 26 Jahren sollten laut der Zeitung <em>Times of Israel<\/em>\u00a0bereits am Sonntag verschickt werden. Im Anschluss sollen zwei weitere Phasen von je 1.000 Einberufungsbefehlen im Abstand von zwei Wochen erfolgen, so die <a rel=\"nofollow noopener\" target=\"_blank\" href=\"https:\/\/www.timesofisrael.com\/idf-to-begin-drafting-3000-haredi-men-starting-sunday-in-three-waves\/\">Angaben<\/a>\u00a0des zust\u00e4ndigen Ministeriums und der israelischen Verteidigungskr\u00e4fte.<\/p>\n<p>Der Vorgang samt Umsetzung hatte bis zuletzt f\u00fcr kontroverse Diskussionen in der israelischen Gesellschaft gef\u00fchrt. So titelte die Zeitung <em>Haaretz <\/em>Ende Juni zum Gerichtsbeschluss des\u00a0Obersten Gerichtshofs Israels (Bezahlschranke):<\/p>\n<p><em>&#8220;&#8216;Israels oberstes Gericht will Religionskrieg erzwingen&#8217;\u00a0\u2013 Das einstimmige Urteil des Obersten Gerichtshofs, das den Staat zur Einberufung von Haredim verpflichtet, l\u00f6ste im gesamten politischen Spektrum heftige Reaktionen aus.&#8221;<\/em><\/p>\n<p>Israels Pr\u00e4sident Benjamin Netanjahu begr\u00fc\u00dfte die Entscheidung, da seine Regierung zeitnah ein &#8220;historisches Wehrpflichtgesetz verabschieden wird, wo die kommende Einberufung der ultraorthodoxen Armee die h\u00f6chste sein wird, die es je gab&#8221;.\u00a0Der Vorsitzende des Ausschusses f\u00fcr Ausw\u00e4rtige Angelegenheiten und Verteidigung der Likud-Partei, Juli-Joel Edelstein, wies laut Artikel darauf hin, dass die Einberufung der ultraorthodoxen Gemeinschaft nur mit partei\u00fcbergreifender Unterst\u00fctzung m\u00f6glich sei.<\/p>\n<p>Die\u00a0IDF-F\u00fchrung stellte nach Bekanntgabe fest, dass sie &#8220;keine Erfahrung mit der gleichzeitigen Einberufung einer gro\u00dfen Anzahl von Haredim-Soldaten habe&#8221;.\u00a0Die vorgesehenen Aufgaben f\u00fcr die jungen M\u00e4nner w\u00fcrden &#8220;auf die Bed\u00fcrfnisse ultraorthodoxer Israelis zugeschnitten&#8221;, so die IDF-Mitteilung. Ultraorthodoxe Juden selbst <a rel=\"nofollow noopener\" target=\"_blank\" href=\"https:\/\/de.icej.org\/die-haredim-zwischen-gottesfurcht-und-integration\">lehnen<\/a> die Bezeichnung &#8220;ultraorthodox&#8221; ab und bevorzugen den Begriff\u00a0Haredim.<\/p>\n<p>Die Armeef\u00fchrung teilte zudem mit, dass sie extra eine <a rel=\"nofollow noopener\" target=\"_blank\" href=\"https:\/\/9779.mod.gov.il\/\">neue Webseite<\/a> f\u00fcr Haredim eingerichtet h\u00e4tte, auf der sie &#8220;Informationen \u00fcber verf\u00fcgbare Aufgaben und ihre Bem\u00fchungen, ihrem Lebensstil entgegenzukommen, bereitstellt&#8221;, so\u00a0<em>Times of Israel <\/em>berichtend.\u00a0<\/p>\n<p>Die Einberufungsbefehle\u00a0stellen dabei\u00a0die erste Stufe des \u00dcberpr\u00fcfungs- und Beurteilungsprozesses, &#8220;den die Armee f\u00fcr neue Rekruten durchf\u00fchrt, bevor sie im kommenden Jahr in die Armee aufgenommen&#8221; werden k\u00f6nnten.<\/p>\n<p><strong>Mehr zum Thema\u00a0<\/strong>\u2013\u00a0<strong><\/strong><a rel=\"nofollow noopener\" target=\"_blank\" href=\"https:\/\/freedert.online\/der-nahe-osten\/211739-the-lancet-zahl-opfer-in\/\">The Lancet: Die Zahl der Opfer im Gazastreifen k\u00f6nnte mindestens 186.000 betragen<\/a><\/p>\n<div class=\"EmbedBlock-root EmbedBlock-externalVideo EmbedBlock-odysee\">\n<div class=\"VkEmbed\"><iframe class=\"lazyload\" data-src=\"https:\/\/odysee.com\/%24\/embed\/%40RTDE%3Ae%2FIsraels-Angriff-auf-UNRWA-Schule-in-Gaza--Zahl-der-Todesopfer-auf-22-gestiegen%3A9\" frameborder=\"0\" width=\"853\" height=\"480\" allowfullscreen><\/iframe><\/div>\n<\/div>\n<\/div>\n<p><br \/>\n<br \/><a href=\"https:\/\/de.rt.com\/der-nahe-osten\/212906-israelisches-militaer-rekrutiert-3000-ultraorthodoxe\/\">Source link <\/a><\/p>\n","protected":false},"excerpt":{"rendered":"<p>Der Oberste Gerichtshof Israels hatte Ende Juni entschieden, dass die Regierung nach kontroversen gesellschaftlichen Diskussionen ultraorthodoxe Juden zum Milit\u00e4rdienst einberufen muss. Nun erfolgt die Ank\u00fcndigung des IDF, die ersten 1.000 Einberufungsbefehle zu versenden. Der israelische Verteidigungsminister Joaw Galant wies laut Medienberichten das Milit\u00e4r am Donnerstag an, ab n\u00e4chster Woche in drei Wellen vorerst 3.000 Einberufungsbefehle [&hellip;]<\/p>\n","protected":false},"author":3,"featured_media":65085,"comment_status":"open","ping_status":"open","sticky":false,"template":"","format":"standard","meta":{"_yoast_indexnow_last_ping":["1721399127"],"wp_automatic_camp":["217"],"d3f6eafb7a008e107ea250770985f79e":["Israelisches Milit\u00e4r rekrutiert 3.000 Ultraorthodoxe in drei Phasen zur Armee"],"original_link":["https:\/\/de.rt.com\/der-nahe-osten\/212906-israelisches-militaer-rekrutiert-3000-ultraorthodoxe\/"],"_thumbnail_id":["65085"],"jnews_social_counter_last_update":["1777650642"],"_wptgpro_p2tg_sent2tg":["a:1:{i:23737;s:19:\"2024-07-19 16:26:45\";}"]},"categories":[19,23],"tags":[2398,3836,23624,4029,56787,29307,56019,581],"yoast_head":"<!-- This site is optimized with the Yoast SEO Premium plugin v22.7 (Yoast SEO v22.7) - https:\/\/yoast.com\/wordpress\/plugins\/seo\/ -->\n<title>Israelisches Milit\u00e4r rekrutiert 3.000 Ultraorthodoxe in drei Phasen zur Armee - just-now.NEWS Deutschland<\/title>\n<meta name=\"robots\" content=\"index, follow, max-snippet:-1, max-image-preview:large, max-video-preview:-1\" \/>\n<link rel=\"canonical\" href=\"https:\/\/now-news.de\/de\/deutschland\/israelisches-militaer-rekrutiert-3-000-ultraorthodoxe-in-drei-phasen-zur-armee\/\" \/>\n<meta property=\"og:locale\" content=\"de_DE\" \/>\n<meta property=\"og:type\" content=\"article\" \/>\n<meta property=\"og:title\" content=\"Israelisches Milit\u00e4r rekrutiert 3.000 Ultraorthodoxe in drei Phasen zur Armee\" \/>\n<meta property=\"og:description\" content=\"Der Oberste Gerichtshof Israels hatte Ende Juni entschieden, dass die Regierung nach kontroversen gesellschaftlichen Diskussionen ultraorthodoxe Juden zum Milit\u00e4rdienst einberufen muss. Nun erfolgt die Ank\u00fcndigung des IDF, die ersten 1.000 Einberufungsbefehle zu versenden. Der israelische Verteidigungsminister Joaw Galant wies laut Medienberichten das Milit\u00e4r am Donnerstag an, ab n\u00e4chster Woche in drei Wellen vorerst 3.000 Einberufungsbefehle [&hellip;]\" \/>\n<meta property=\"og:url\" content=\"https:\/\/now-news.de\/de\/deutschland\/israelisches-militaer-rekrutiert-3-000-ultraorthodoxe-in-drei-phasen-zur-armee\/\" \/>\n<meta property=\"og:site_name\" content=\"just-now.NEWS Deutschland\" \/>\n<meta property=\"article:publisher\" content=\"https:\/\/www.facebook.com\/wirmachenauf\" \/>\n<meta property=\"article:published_time\" content=\"2024-07-19T14:18:49+00:00\" \/>\n<meta property=\"og:image\" content=\"https:\/\/now-news.de\/de\/wp-content\/uploads\/sites\/3\/2024\/07\/669a4f12b480cc73382b247a.jpg\" \/>\n<meta name=\"author\" content=\"rtnews\" \/>\n<meta name=\"twitter:card\" content=\"summary_large_image\" \/>\n<meta name=\"twitter:creator\" content=\"@WirMachenAuf_de\" \/>\n<meta name=\"twitter:site\" content=\"@WirMachenAuf_de\" \/>\n<meta name=\"twitter:label1\" content=\"Verfasst von\" \/>\n\t<meta name=\"twitter:data1\" content=\"rtnews\" \/>\n\t<meta name=\"twitter:label2\" content=\"Gesch\u00e4tzte Lesezeit\" \/>\n\t<meta name=\"twitter:data2\" content=\"2\u00a0Minuten\" \/>\n<script type=\"application\/ld+json\" class=\"yoast-schema-graph\">{\"@context\":\"https:\/\/schema.org\",\"@graph\":[{\"@type\":\"Article\",\"@id\":\"https:\/\/now-news.de\/de\/deutschland\/israelisches-militaer-rekrutiert-3-000-ultraorthodoxe-in-drei-phasen-zur-armee\/#article\",\"isPartOf\":{\"@id\":\"https:\/\/now-news.de\/de\/deutschland\/israelisches-militaer-rekrutiert-3-000-ultraorthodoxe-in-drei-phasen-zur-armee\/\"},\"author\":{\"name\":\"rtnews\",\"@id\":\"https:\/\/now-news.de\/de\/#\/schema\/person\/fb534a4e865501d8b3285208df34a9b5\"},\"headline\":\"Israelisches Milit\u00e4r rekrutiert 3.000 Ultraorthodoxe in drei Phasen zur Armee\",\"datePublished\":\"2024-07-19T14:18:49+00:00\",\"dateModified\":\"2024-07-19T14:18:49+00:00\",\"mainEntityOfPage\":{\"@id\":\"https:\/\/now-news.de\/de\/deutschland\/israelisches-militaer-rekrutiert-3-000-ultraorthodoxe-in-drei-phasen-zur-armee\/\"},\"wordCount\":413,\"commentCount\":0,\"publisher\":{\"@id\":\"https:\/\/now-news.de\/de\/#organization\"},\"image\":{\"@id\":\"https:\/\/now-news.de\/de\/deutschland\/israelisches-militaer-rekrutiert-3-000-ultraorthodoxe-in-drei-phasen-zur-armee\/#primaryimage\"},\"thumbnailUrl\":\"https:\/\/now-news.de\/de\/wp-content\/uploads\/sites\/3\/2024\/07\/Israelisches-Militaer-rekrutiert-3000-Ultraorthodoxe-in-drei-Phasen-zur-Armee.jpg\",\"keywords\":[\"Armee\",\"drei\",\"israelisches\",\"Milit\u00e4r\",\"Phasen\",\"rekrutiert\",\"Ultraorthodoxe\",\"zur\"],\"articleSection\":[\"Deutschland\",\"Russland\"],\"inLanguage\":\"de\",\"potentialAction\":[{\"@type\":\"CommentAction\",\"name\":\"Comment\",\"target\":[\"https:\/\/now-news.de\/de\/deutschland\/israelisches-militaer-rekrutiert-3-000-ultraorthodoxe-in-drei-phasen-zur-armee\/#respond\"]}]},{\"@type\":\"WebPage\",\"@id\":\"https:\/\/now-news.de\/de\/deutschland\/israelisches-militaer-rekrutiert-3-000-ultraorthodoxe-in-drei-phasen-zur-armee\/\",\"url\":\"https:\/\/now-news.de\/de\/deutschland\/israelisches-militaer-rekrutiert-3-000-ultraorthodoxe-in-drei-phasen-zur-armee\/\",\"name\":\"Israelisches Milit\u00e4r rekrutiert 3.000 Ultraorthodoxe in drei Phasen zur Armee - just-now.NEWS Deutschland\",\"isPartOf\":{\"@id\":\"https:\/\/now-news.de\/de\/#website\"},\"primaryImageOfPage\":{\"@id\":\"https:\/\/now-news.de\/de\/deutschland\/israelisches-militaer-rekrutiert-3-000-ultraorthodoxe-in-drei-phasen-zur-armee\/#primaryimage\"},\"image\":{\"@id\":\"https:\/\/now-news.de\/de\/deutschland\/israelisches-militaer-rekrutiert-3-000-ultraorthodoxe-in-drei-phasen-zur-armee\/#primaryimage\"},\"thumbnailUrl\":\"https:\/\/now-news.de\/de\/wp-content\/uploads\/sites\/3\/2024\/07\/Israelisches-Militaer-rekrutiert-3000-Ultraorthodoxe-in-drei-Phasen-zur-Armee.jpg\",\"datePublished\":\"2024-07-19T14:18:49+00:00\",\"dateModified\":\"2024-07-19T14:18:49+00:00\",\"breadcrumb\":{\"@id\":\"https:\/\/now-news.de\/de\/deutschland\/israelisches-militaer-rekrutiert-3-000-ultraorthodoxe-in-drei-phasen-zur-armee\/#breadcrumb\"},\"inLanguage\":\"de\",\"potentialAction\":[{\"@type\":\"ReadAction\",\"target\":[\"https:\/\/now-news.de\/de\/deutschland\/israelisches-militaer-rekrutiert-3-000-ultraorthodoxe-in-drei-phasen-zur-armee\/\"]}]},{\"@type\":\"ImageObject\",\"inLanguage\":\"de\",\"@id\":\"https:\/\/now-news.de\/de\/deutschland\/israelisches-militaer-rekrutiert-3-000-ultraorthodoxe-in-drei-phasen-zur-armee\/#primaryimage\",\"url\":\"https:\/\/now-news.de\/de\/wp-content\/uploads\/sites\/3\/2024\/07\/Israelisches-Militaer-rekrutiert-3000-Ultraorthodoxe-in-drei-Phasen-zur-Armee.jpg\",\"contentUrl\":\"https:\/\/now-news.de\/de\/wp-content\/uploads\/sites\/3\/2024\/07\/Israelisches-Militaer-rekrutiert-3000-Ultraorthodoxe-in-drei-Phasen-zur-Armee.jpg\",\"width\":460,\"height\":259,\"caption\":\"Israelisches Milit\u00e4r rekrutiert 3.000 Ultraorthodoxe in drei Phasen zur Armee\"},{\"@type\":\"BreadcrumbList\",\"@id\":\"https:\/\/now-news.de\/de\/deutschland\/israelisches-militaer-rekrutiert-3-000-ultraorthodoxe-in-drei-phasen-zur-armee\/#breadcrumb\",\"itemListElement\":[{\"@type\":\"ListItem\",\"position\":1,\"name\":\"Home\",\"item\":\"https:\/\/now-news.de\/de\/\"},{\"@type\":\"ListItem\",\"position\":2,\"name\":\"Israelisches Milit\u00e4r rekrutiert 3.000 Ultraorthodoxe in drei Phasen zur Armee\"}]},{\"@type\":\"WebSite\",\"@id\":\"https:\/\/now-news.de\/de\/#website\",\"url\":\"https:\/\/now-news.de\/de\/\",\"name\":\"just-now.NEWS Deutschland\",\"description\":\"Das Portal f\u00fcr unzensierte Nachrichten aus der Welt\",\"publisher\":{\"@id\":\"https:\/\/now-news.de\/de\/#organization\"},\"potentialAction\":[{\"@type\":\"SearchAction\",\"target\":{\"@type\":\"EntryPoint\",\"urlTemplate\":\"https:\/\/now-news.de\/de\/?s={search_term_string}\"},\"query-input\":\"required name=search_term_string\"}],\"inLanguage\":\"de\"},{\"@type\":\"Organization\",\"@id\":\"https:\/\/now-news.de\/de\/#organization\",\"name\":\"Just Now News\",\"url\":\"https:\/\/now-news.de\/de\/\",\"logo\":{\"@type\":\"ImageObject\",\"inLanguage\":\"de\",\"@id\":\"https:\/\/now-news.de\/de\/#\/schema\/logo\/image\/\",\"url\":\"http:\/\/just-now.news\/de\/wp-content\/uploads\/sites\/3\/2022\/04\/logo500x500.jpg\",\"contentUrl\":\"http:\/\/just-now.news\/de\/wp-content\/uploads\/sites\/3\/2022\/04\/logo500x500.jpg\",\"width\":500,\"height\":500,\"caption\":\"Just Now News\"},\"image\":{\"@id\":\"https:\/\/now-news.de\/de\/#\/schema\/logo\/image\/\"},\"sameAs\":[\"https:\/\/www.facebook.com\/wirmachenauf\",\"https:\/\/x.com\/WirMachenAuf_de\"]},{\"@type\":\"Person\",\"@id\":\"https:\/\/now-news.de\/de\/#\/schema\/person\/fb534a4e865501d8b3285208df34a9b5\",\"name\":\"rtnews\",\"image\":{\"@type\":\"ImageObject\",\"inLanguage\":\"de\",\"@id\":\"https:\/\/now-news.de\/de\/#\/schema\/person\/image\/\",\"url\":\"https:\/\/secure.gravatar.com\/avatar\/82aafea7d8127119dd649515f56e2117?s=96&d=mm&r=g\",\"contentUrl\":\"https:\/\/secure.gravatar.com\/avatar\/82aafea7d8127119dd649515f56e2117?s=96&d=mm&r=g\",\"caption\":\"rtnews\"},\"url\":\"https:\/\/now-news.de\/de\/author\/rnews\/\"}]}<\/script>\n<!-- \/ Yoast SEO Premium plugin. -->","yoast_head_json":{"title":"Israelisches Milit\u00e4r rekrutiert 3.000 Ultraorthodoxe in drei Phasen zur Armee - just-now.NEWS Deutschland","robots":{"index":"index","follow":"follow","max-snippet":"max-snippet:-1","max-image-preview":"max-image-preview:large","max-video-preview":"max-video-preview:-1"},"canonical":"https:\/\/now-news.de\/de\/deutschland\/israelisches-militaer-rekrutiert-3-000-ultraorthodoxe-in-drei-phasen-zur-armee\/","og_locale":"de_DE","og_type":"article","og_title":"Israelisches Milit\u00e4r rekrutiert 3.000 Ultraorthodoxe in drei Phasen zur Armee","og_description":"Der Oberste Gerichtshof Israels hatte Ende Juni entschieden, dass die Regierung nach kontroversen gesellschaftlichen Diskussionen ultraorthodoxe Juden zum Milit\u00e4rdienst einberufen muss. Nun erfolgt die Ank\u00fcndigung des IDF, die ersten 1.000 Einberufungsbefehle zu versenden. Der israelische Verteidigungsminister Joaw Galant wies laut Medienberichten das Milit\u00e4r am Donnerstag an, ab n\u00e4chster Woche in drei Wellen vorerst 3.000 Einberufungsbefehle [&hellip;]","og_url":"https:\/\/now-news.de\/de\/deutschland\/israelisches-militaer-rekrutiert-3-000-ultraorthodoxe-in-drei-phasen-zur-armee\/","og_site_name":"just-now.NEWS Deutschland","article_publisher":"https:\/\/www.facebook.com\/wirmachenauf","article_published_time":"2024-07-19T14:18:49+00:00","og_image":[{"url":"https:\/\/now-news.de\/de\/wp-content\/uploads\/sites\/3\/2024\/07\/669a4f12b480cc73382b247a.jpg"}],"author":"rtnews","twitter_card":"summary_large_image","twitter_creator":"@WirMachenAuf_de","twitter_site":"@WirMachenAuf_de","twitter_misc":{"Verfasst von":"rtnews","Gesch\u00e4tzte Lesezeit":"2\u00a0Minuten"},"schema":{"@context":"https:\/\/schema.org","@graph":[{"@type":"Article","@id":"https:\/\/now-news.de\/de\/deutschland\/israelisches-militaer-rekrutiert-3-000-ultraorthodoxe-in-drei-phasen-zur-armee\/#article","isPartOf":{"@id":"https:\/\/now-news.de\/de\/deutschland\/israelisches-militaer-rekrutiert-3-000-ultraorthodoxe-in-drei-phasen-zur-armee\/"},"author":{"name":"rtnews","@id":"https:\/\/now-news.de\/de\/#\/schema\/person\/fb534a4e865501d8b3285208df34a9b5"},"headline":"Israelisches Milit\u00e4r rekrutiert 3.000 Ultraorthodoxe in drei Phasen zur Armee","datePublished":"2024-07-19T14:18:49+00:00","dateModified":"2024-07-19T14:18:49+00:00","mainEntityOfPage":{"@id":"https:\/\/now-news.de\/de\/deutschland\/israelisches-militaer-rekrutiert-3-000-ultraorthodoxe-in-drei-phasen-zur-armee\/"},"wordCount":413,"commentCount":0,"publisher":{"@id":"https:\/\/now-news.de\/de\/#organization"},"image":{"@id":"https:\/\/now-news.de\/de\/deutschland\/israelisches-militaer-rekrutiert-3-000-ultraorthodoxe-in-drei-phasen-zur-armee\/#primaryimage"},"thumbnailUrl":"https:\/\/now-news.de\/de\/wp-content\/uploads\/sites\/3\/2024\/07\/Israelisches-Militaer-rekrutiert-3000-Ultraorthodoxe-in-drei-Phasen-zur-Armee.jpg","keywords":["Armee","drei","israelisches","Milit\u00e4r","Phasen","rekrutiert","Ultraorthodoxe","zur"],"articleSection":["Deutschland","Russland"],"inLanguage":"de","potentialAction":[{"@type":"CommentAction","name":"Comment","target":["https:\/\/now-news.de\/de\/deutschland\/israelisches-militaer-rekrutiert-3-000-ultraorthodoxe-in-drei-phasen-zur-armee\/#respond"]}]},{"@type":"WebPage","@id":"https:\/\/now-news.de\/de\/deutschland\/israelisches-militaer-rekrutiert-3-000-ultraorthodoxe-in-drei-phasen-zur-armee\/","url":"https:\/\/now-news.de\/de\/deutschland\/israelisches-militaer-rekrutiert-3-000-ultraorthodoxe-in-drei-phasen-zur-armee\/","name":"Israelisches Milit\u00e4r rekrutiert 3.000 Ultraorthodoxe in drei Phasen zur Armee - just-now.NEWS Deutschland","isPartOf":{"@id":"https:\/\/now-news.de\/de\/#website"},"primaryImageOfPage":{"@id":"https:\/\/now-news.de\/de\/deutschland\/israelisches-militaer-rekrutiert-3-000-ultraorthodoxe-in-drei-phasen-zur-armee\/#primaryimage"},"image":{"@id":"https:\/\/now-news.de\/de\/deutschland\/israelisches-militaer-rekrutiert-3-000-ultraorthodoxe-in-drei-phasen-zur-armee\/#primaryimage"},"thumbnailUrl":"https:\/\/now-news.de\/de\/wp-content\/uploads\/sites\/3\/2024\/07\/Israelisches-Militaer-rekrutiert-3000-Ultraorthodoxe-in-drei-Phasen-zur-Armee.jpg","datePublished":"2024-07-19T14:18:49+00:00","dateModified":"2024-07-19T14:18:49+00:00","breadcrumb":{"@id":"https:\/\/now-news.de\/de\/deutschland\/israelisches-militaer-rekrutiert-3-000-ultraorthodoxe-in-drei-phasen-zur-armee\/#breadcrumb"},"inLanguage":"de","potentialAction":[{"@type":"ReadAction","target":["https:\/\/now-news.de\/de\/deutschland\/israelisches-militaer-rekrutiert-3-000-ultraorthodoxe-in-drei-phasen-zur-armee\/"]}]},{"@type":"ImageObject","inLanguage":"de","@id":"https:\/\/now-news.de\/de\/deutschland\/israelisches-militaer-rekrutiert-3-000-ultraorthodoxe-in-drei-phasen-zur-armee\/#primaryimage","url":"https:\/\/now-news.de\/de\/wp-content\/uploads\/sites\/3\/2024\/07\/Israelisches-Militaer-rekrutiert-3000-Ultraorthodoxe-in-drei-Phasen-zur-Armee.jpg","contentUrl":"https:\/\/now-news.de\/de\/wp-content\/uploads\/sites\/3\/2024\/07\/Israelisches-Militaer-rekrutiert-3000-Ultraorthodoxe-in-drei-Phasen-zur-Armee.jpg","width":460,"height":259,"caption":"Israelisches Milit\u00e4r rekrutiert 3.000 Ultraorthodoxe in drei Phasen zur Armee"},{"@type":"BreadcrumbList","@id":"https:\/\/now-news.de\/de\/deutschland\/israelisches-militaer-rekrutiert-3-000-ultraorthodoxe-in-drei-phasen-zur-armee\/#breadcrumb","itemListElement":[{"@type":"ListItem","position":1,"name":"Home","item":"https:\/\/now-news.de\/de\/"},{"@type":"ListItem","position":2,"name":"Israelisches Milit\u00e4r rekrutiert 3.000 Ultraorthodoxe in drei Phasen zur Armee"}]},{"@type":"WebSite","@id":"https:\/\/now-news.de\/de\/#website","url":"https:\/\/now-news.de\/de\/","name":"just-now.NEWS Deutschland","description":"Das Portal f\u00fcr unzensierte Nachrichten aus der Welt","publisher":{"@id":"https:\/\/now-news.de\/de\/#organization"},"potentialAction":[{"@type":"SearchAction","target":{"@type":"EntryPoint","urlTemplate":"https:\/\/now-news.de\/de\/?s={search_term_string}"},"query-input":"required name=search_term_string"}],"inLanguage":"de"},{"@type":"Organization","@id":"https:\/\/now-news.de\/de\/#organization","name":"Just Now News","url":"https:\/\/now-news.de\/de\/","logo":{"@type":"ImageObject","inLanguage":"de","@id":"https:\/\/now-news.de\/de\/#\/schema\/logo\/image\/","url":"http:\/\/just-now.news\/de\/wp-content\/uploads\/sites\/3\/2022\/04\/logo500x500.jpg","contentUrl":"http:\/\/just-now.news\/de\/wp-content\/uploads\/sites\/3\/2022\/04\/logo500x500.jpg","width":500,"height":500,"caption":"Just Now News"},"image":{"@id":"https:\/\/now-news.de\/de\/#\/schema\/logo\/image\/"},"sameAs":["https:\/\/www.facebook.com\/wirmachenauf","https:\/\/x.com\/WirMachenAuf_de"]},{"@type":"Person","@id":"https:\/\/now-news.de\/de\/#\/schema\/person\/fb534a4e865501d8b3285208df34a9b5","name":"rtnews","image":{"@type":"ImageObject","inLanguage":"de","@id":"https:\/\/now-news.de\/de\/#\/schema\/person\/image\/","url":"https:\/\/secure.gravatar.com\/avatar\/82aafea7d8127119dd649515f56e2117?s=96&d=mm&r=g","contentUrl":"https:\/\/secure.gravatar.com\/avatar\/82aafea7d8127119dd649515f56e2117?s=96&d=mm&r=g","caption":"rtnews"},"url":"https:\/\/now-news.de\/de\/author\/rnews\/"}]}},"_links":{"self":[{"href":"https:\/\/now-news.de\/de\/wp-json\/wp\/v2\/posts\/65084"}],"collection":[{"href":"https:\/\/now-news.de\/de\/wp-json\/wp\/v2\/posts"}],"about":[{"href":"https:\/\/now-news.de\/de\/wp-json\/wp\/v2\/types\/post"}],"author":[{"embeddable":true,"href":"https:\/\/now-news.de\/de\/wp-json\/wp\/v2\/users\/3"}],"replies":[{"embeddable":true,"href":"https:\/\/now-news.de\/de\/wp-json\/wp\/v2\/comments?post=65084"}],"version-history":[{"count":0,"href":"https:\/\/now-news.de\/de\/wp-json\/wp\/v2\/posts\/65084\/revisions"}],"wp:featuredmedia":[{"embeddable":true,"href":"https:\/\/now-news.de\/de\/wp-json\/wp\/v2\/media\/65085"}],"wp:attachment":[{"href":"https:\/\/now-news.de\/de\/wp-json\/wp\/v2\/media?parent=65084"}],"wp:term":[{"taxonomy":"category","embeddable":true,"href":"https:\/\/now-news.de\/de\/wp-json\/wp\/v2\/categories?post=65084"},{"taxonomy":"post_tag","embeddable":true,"href":"https:\/\/now-news.de\/de\/wp-json\/wp\/v2\/tags?post=65084"}],"curies":[{"name":"wp","href":"https:\/\/api.w.org\/{rel}","templated":true}]}}