{"id":65052,"date":"2024-07-18T22:10:07","date_gmt":"2024-07-18T20:10:07","guid":{"rendered":"https:\/\/now-news.de\/de\/deutschland\/juergen-elsaesser-auch-mainstream-journalisten-verurteilen-compact-razzia\/"},"modified":"2024-07-18T22:10:07","modified_gmt":"2024-07-18T20:10:07","slug":"juergen-elsaesser-auch-mainstream-journalisten-verurteilen-compact-razzia","status":"publish","type":"post","link":"https:\/\/now-news.de\/de\/deutschland\/juergen-elsaesser-auch-mainstream-journalisten-verurteilen-compact-razzia\/","title":{"rendered":"J\u00fcrgen Els\u00e4sser: Auch Mainstream-Journalisten verurteilen Compact-Razzia"},"content":{"rendered":"<p><img decoding=\"async\" src=\"https:\/\/now-news.de\/de\/wp-content\/uploads\/sites\/3\/2024\/07\/66993400b480cc38cd321928.jpg\" \/><\/p>\n<div class=\"Text-root Text-type_1 \">\n                Bei rund 10 Compact-Mitarbeitern lie\u00df Nancy Faeser Razzien durchf\u00fchren. Am Tag danach erh\u00e4lt Chefredakteur Els\u00e4sser viele Interviewanfragen. Auch Mainstream-Journalisten emp\u00f6ren sich \u00fcber das Compact-Verbot und die Razzien. Man bef\u00fcrchte auch selbst betroffen zu werden.\n            <\/div>\n<p><\/p>\n<div class=\"Text-root Text-type_5 ArticleView-text ViewText-root \">\n<p>Am Dienstag hatte Bundesinnenministerin Nancy Faeser eine Razzia in den R\u00e4umen des <em>Compact<\/em>-Magazins sowie in den Privatwohnungen des <em>Compact<\/em>-Chefs J\u00fcrgen Els\u00e4sser und einiger Mitarbeiter angeordnet. Am Tag danach spricht Els\u00e4sser mit verschiedenen Medienvertretern \u00fcber seine pers\u00f6nliche und politische Bewertung des <em>Compact<\/em>-Verbots f\u00fcr die Gesellschaft dieses Landes.\u00a0<\/p>\n<p>Der Musiker und Aktivist Bj\u00f6rn Banane hatte noch am selben Tag, wo\u00a0die Hausdurchsuchungen stattfanden, eine <em>Compact<\/em>-Solidarit\u00e4tskundgebung vor der Berliner Redaktion organisiert. Trotz polizeilicher Absperrungen beteiligten sich spontan rund 100 Unterst\u00fctzer an der Aktion. Im Interview mit Bj\u00f6rn Banane spricht J\u00fcrgen Els\u00e4sser \u00fcber die Details und Auswirkungen der Razzia. Au\u00dferdem bewertet er das Vorgehen des Innenministeriums aus pers\u00f6nlicher und politischer Perspektive.<\/p>\n<p>Das verordnete Verbot betreffe alle Bereiche der publizistischen Arbeit des Magazins. Dem Team sei &#8220;alles untersagt, was mit Compact zusammenh\u00e4ngt, Berichte, Social Media, TV-Produktionen.&#8221; Bei der Razzia habe man neben dem technischen Equipment der Redaktion und den Firmenwagen auch Bankkonten gesperrt und Privateigentum beschlagnahmt. Beispielsweise habe die Polizei in der Wohnung seiner Frau privates Geld, eine private M\u00fcnzsammlung und einen privaten alten abgemeldeten Sportwagen mitgenommen. Dazu kommentiert der Publizist: &#8220;Man versucht nicht nur uns arbeitsunf\u00e4hig zu machen, sondern auch uns zu demoralisieren.&#8221; Aber bei alledem w\u00fcrde die Staatsmacht eines nicht verstehen:<\/p>\n<blockquote>\n<p><em>&#8220;Das Wesentliche, was unsere Arbeit ausmacht, ist nicht in den Computern, das Wesentliche ist hier im Kopf. Und das k\u00f6nnen sie nicht beschlagnahmen.&#8221;<\/em><\/p>\n<\/blockquote>\n<p>Insgesamt habe es Hausdurchsuchungen und Beschlagnahmungen bei Mitarbeitern in Werder, Falkensee, Panketal und neben Brandenburg auch bei Mitarbeitern in Sachsen-Anhalt, Sachsen und in Hessen gegeben. Bei einem betroffenen freien IT-Mitarbeiter in Hessen, der auch f\u00fcr andere Medien arbeitete, habe die Polizei auch sein ganzes technisches Equipment einkassiert. Der Mann k\u00f6nne nun auch seine anderen Auftr\u00e4ge nicht mehr erf\u00fcllen.<\/p>\n<p>Kurzfristig m\u00fcssten sich rund 25 Mitarbeiter des Magazins arbeitslos melden. Dabei nehme die angebliche Sozialdemokratin Nancy Faeser in Kauf, dass infolge dieser Ma\u00dfnahme auch Menschen, die mit der inhaltlichen Arbeit gar nichts zu tun hatten, sondern in der Buchhaltung, oder der Technik gearbeitet haben, ihr Einkommen verlieren. Els\u00e4sser selbst habe bereits ein neues Handy und einen neuen Laptop besorgt und &#8220;die Kampfbereitschaft wiederhergestellt.&#8221;<\/p>\n<p><strong><\/strong><\/p>\n<p><strong>Mainstream-Medien ver\u00f6ffentlichen seine Interview-Aussagen ungeschnitten<\/strong><\/p>\n<p>Inzwischen habe er schon jede Menge Interviews gegeben. Das Interessante sei, dass er nicht nur von alternativen Medien, sondern auch von Mainstream-Medien daf\u00fcr angefragt wurde. Bei deren Ausstrahlungen sei ihm aufgefallen, dass einige Mainstream-Medien seine Aussagen ungeschnitten ver\u00f6ffentlicht h\u00e4tten. Dieses f\u00fcr ihn auff\u00e4llig wohlwollende Verhalten interpretierte der <em>Compact<\/em>-Chef wie folgt:<\/p>\n<blockquote>\n<p><em>&#8220;Das Interessante ist, dass jetzt Teile vom herrschenden Block, die noch bei Corona gegen uns standen, in dieser Situation die Gefahr erkennen.&#8221;<\/em><\/p>\n<\/blockquote>\n<p>Ihm sei zum Beispiel berichtet worden \u2013 er selbst hatte ja zun\u00e4chst kein Handy und keinen Laptop \u2013 dass der<em> taz<\/em>-Journalist Deniz Y\u00fccel sinngem\u00e4\u00df gesagt haben soll: Er habe zwar kein Verst\u00e4ndnis f\u00fcr <em>Compact,<\/em>\u00a0aber das Verbot und die Razzia gehe zu weit. Und die <em>Junge Welt<\/em> soll sinngem\u00e4\u00df erkl\u00e4rt haben:<\/p>\n<blockquote>\n<p><em>&#8220;Wir d\u00fcrfen Ma\u00dfnahmen nicht unterst\u00fctzen, nur weil sie sich gegen rechts richten. Denn am Schluss wird sich das auch gegen uns richten.&#8221;<\/em><\/p>\n<\/blockquote>\n<p>An der Solikundgebung beteiligten sich auch vier AfD-Landtagsabgeordnete. Els\u00e4sser zufolge soll der Fraktionsvorsitzende Dr. Hans-Christoph Berndt bei der Protestveranstaltung eine sehr gute Rede gehalten haben. Der <em>Compact<\/em>-Chefredakteur zitierte Berndt mit den Worten: &#8220;Der Schlag gegen Compact ist ein Schlag gegen die gesamte Opposition!&#8221;<\/p>\n<p>Auch die Frage, wie es nun weitergehe, beantwortete Els\u00e4sser. Sein Anwaltsteam sei bereits dabei, eine Eilverf\u00fcgung zur Aufhebung des Verbots und zur Herausgabe des beschlagnahmten Eigentums vorzubereiten. Ginge es mit rechten Dingen zu, m\u00fcssten alle Arbeitsmittel und Wertgegenst\u00e4nde binnen einer Woche zur\u00fcckgegeben und die Konten wieder freigeschaltet werden. Schlie\u00dflich besch\u00e4dige die Razzia\u00a0bei einem Presseorgan die Demokratie in ihrem Kernbestandteil: &#8220;Ohne Pressefreiheit gibt es keine Demokratie.&#8221;<\/p>\n<\/p>\n<p><strong>Der Widerstand und die Machtfrage muss vom Volk auf die Stra\u00dfe getragen werden<\/strong><\/p>\n<p>Allerdings gelte es in der aktuellen Situation Folgendes zu bedenken: &#8220;Eine Innenministerin, die einen solchen Vorsto\u00df macht, ist zu allem entschlossen. Sie ist auch in der Lage, die Unabh\u00e4ngigkeit der Justiz zu beeintr\u00e4chtigen, in dem sie versucht, Richter und Gerichte in ihrem Sinne zu beeinflussen.&#8221; Am Ende des Tages handele es sich nicht um Rechtsfragen, sondern um Machtfragen. Zwar liege die Macht im Augenblick auf Seiten der Regierung.\u00a0 &#8220;Aber&#8221;, betont Els\u00e4sser am Ende des Interviews,<\/p>\n<blockquote>\n<p><em>&#8220;uns ist es wichtig, dass das Volk und die Demokratiefreunde auf der Stra\u00dfe zeigen, dass sie diese Macht nicht l\u00e4nger erdulden.&#8221;<\/em><\/p>\n<\/blockquote>\n<p>Da ihnen auch verboten worden sei, ein Ersatzprodukt zu ver\u00f6ffentlichen, sei Els\u00e4sser erfreut, dass es jetzt unabh\u00e4ngig von der alten Compact-Mannschaft schon Bestrebungen gebe, diese L\u00fccke zu f\u00fcllen. Bis dahin lade er alle Unterst\u00fctzer zum Solidarit\u00e4tsfest ein, das nun statt des vorgesehenen Sommerfests zum gleichen Termin am 27. Juli stattfinde.<\/p>\n<\/p>\n<p><strong>Mehr zum Thema<\/strong> &#8211; <a rel=\"nofollow noopener\" target=\"_blank\" href=\"https:\/\/dert.online\/kurzclips\/video\/212610-sacharowa-im-compact-interview-was\/\">Sacharowa im Compact-Interview: &#8220;Was mit Deutschland gemacht wurde, ist Selbstmord&#8221;<\/a><\/p>\n<p>\u00a0<\/p>\n<\/p>\n<\/div>\n<p><br \/>\n<br \/><a href=\"https:\/\/de.rt.com\/inland\/212826-juergen-elsaesser-auch-mainstream-journalisten\/\">Source link <\/a><\/p>\n","protected":false},"excerpt":{"rendered":"<p>Bei rund 10 Compact-Mitarbeitern lie\u00df Nancy Faeser Razzien durchf\u00fchren. Am Tag danach erh\u00e4lt Chefredakteur Els\u00e4sser viele Interviewanfragen. Auch Mainstream-Journalisten emp\u00f6ren sich \u00fcber das Compact-Verbot und die Razzien. Man bef\u00fcrchte auch selbst betroffen zu werden. Am Dienstag hatte Bundesinnenministerin Nancy Faeser eine Razzia in den R\u00e4umen des Compact-Magazins sowie in den Privatwohnungen des Compact-Chefs J\u00fcrgen Els\u00e4sser [&hellip;]<\/p>\n","protected":false},"author":3,"featured_media":65053,"comment_status":"open","ping_status":"open","sticky":false,"template":"","format":"standard","meta":{"_yoast_indexnow_last_ping":["1721333898"],"wp_automatic_camp":["217"],"d1b61c79105be920adfb347aa00d5749":["J\u00fcrgen Els\u00e4sser: Auch Mainstream-Journalisten verurteilen Compact-Razzia"],"original_link":["https:\/\/de.rt.com\/inland\/212826-juergen-elsaesser-auch-mainstream-journalisten\/"],"_thumbnail_id":["65053"],"jnews_social_counter_last_update":["1777366254"],"_wptgpro_p2tg_sent2tg":["a:1:{i:23737;s:19:\"2024-07-18 22:19:19\";}"]},"categories":[19,23],"tags":[1475,56770,56673,36595,56769,18831],"yoast_head":"<!-- This site is optimized with the Yoast SEO Premium plugin v22.7 (Yoast SEO v22.7) - https:\/\/yoast.com\/wordpress\/plugins\/seo\/ -->\n<title>J\u00fcrgen Els\u00e4sser: Auch Mainstream-Journalisten verurteilen Compact-Razzia - just-now.NEWS Deutschland<\/title>\n<meta name=\"robots\" content=\"index, follow, max-snippet:-1, max-image-preview:large, max-video-preview:-1\" \/>\n<link rel=\"canonical\" href=\"https:\/\/now-news.de\/de\/deutschland\/juergen-elsaesser-auch-mainstream-journalisten-verurteilen-compact-razzia\/\" \/>\n<meta property=\"og:locale\" content=\"de_DE\" \/>\n<meta property=\"og:type\" content=\"article\" \/>\n<meta property=\"og:title\" content=\"J\u00fcrgen Els\u00e4sser: Auch Mainstream-Journalisten verurteilen Compact-Razzia\" \/>\n<meta property=\"og:description\" content=\"Bei rund 10 Compact-Mitarbeitern lie\u00df Nancy Faeser Razzien durchf\u00fchren. Am Tag danach erh\u00e4lt Chefredakteur Els\u00e4sser viele Interviewanfragen. Auch Mainstream-Journalisten emp\u00f6ren sich \u00fcber das Compact-Verbot und die Razzien. Man bef\u00fcrchte auch selbst betroffen zu werden. Am Dienstag hatte Bundesinnenministerin Nancy Faeser eine Razzia in den R\u00e4umen des Compact-Magazins sowie in den Privatwohnungen des Compact-Chefs J\u00fcrgen Els\u00e4sser [&hellip;]\" \/>\n<meta property=\"og:url\" content=\"https:\/\/now-news.de\/de\/deutschland\/juergen-elsaesser-auch-mainstream-journalisten-verurteilen-compact-razzia\/\" \/>\n<meta property=\"og:site_name\" content=\"just-now.NEWS Deutschland\" \/>\n<meta property=\"article:publisher\" content=\"https:\/\/www.facebook.com\/wirmachenauf\" \/>\n<meta property=\"article:published_time\" content=\"2024-07-18T20:10:07+00:00\" \/>\n<meta property=\"og:image\" content=\"https:\/\/now-news.de\/de\/wp-content\/uploads\/sites\/3\/2024\/07\/66993400b480cc38cd321928.jpg\" \/>\n<meta name=\"author\" content=\"rtnews\" \/>\n<meta name=\"twitter:card\" content=\"summary_large_image\" \/>\n<meta name=\"twitter:creator\" content=\"@WirMachenAuf_de\" \/>\n<meta name=\"twitter:site\" content=\"@WirMachenAuf_de\" \/>\n<meta name=\"twitter:label1\" content=\"Verfasst von\" \/>\n\t<meta name=\"twitter:data1\" content=\"rtnews\" \/>\n\t<meta name=\"twitter:label2\" content=\"Gesch\u00e4tzte Lesezeit\" \/>\n\t<meta name=\"twitter:data2\" content=\"4\u00a0Minuten\" \/>\n<script type=\"application\/ld+json\" class=\"yoast-schema-graph\">{\"@context\":\"https:\/\/schema.org\",\"@graph\":[{\"@type\":\"Article\",\"@id\":\"https:\/\/now-news.de\/de\/deutschland\/juergen-elsaesser-auch-mainstream-journalisten-verurteilen-compact-razzia\/#article\",\"isPartOf\":{\"@id\":\"https:\/\/now-news.de\/de\/deutschland\/juergen-elsaesser-auch-mainstream-journalisten-verurteilen-compact-razzia\/\"},\"author\":{\"name\":\"rtnews\",\"@id\":\"https:\/\/now-news.de\/de\/#\/schema\/person\/fb534a4e865501d8b3285208df34a9b5\"},\"headline\":\"J\u00fcrgen Els\u00e4sser: Auch Mainstream-Journalisten verurteilen Compact-Razzia\",\"datePublished\":\"2024-07-18T20:10:07+00:00\",\"dateModified\":\"2024-07-18T20:10:07+00:00\",\"mainEntityOfPage\":{\"@id\":\"https:\/\/now-news.de\/de\/deutschland\/juergen-elsaesser-auch-mainstream-journalisten-verurteilen-compact-razzia\/\"},\"wordCount\":879,\"commentCount\":0,\"publisher\":{\"@id\":\"https:\/\/now-news.de\/de\/#organization\"},\"image\":{\"@id\":\"https:\/\/now-news.de\/de\/deutschland\/juergen-elsaesser-auch-mainstream-journalisten-verurteilen-compact-razzia\/#primaryimage\"},\"thumbnailUrl\":\"https:\/\/now-news.de\/de\/wp-content\/uploads\/sites\/3\/2024\/07\/Juergen-Elsaesser-Auch-Mainstream-Journalisten-verurteilen-Compact-Razzia.jpg\",\"keywords\":[\"auch\",\"CompactRazzia\",\"Els\u00e4sser\",\"J\u00fcrgen\",\"MainstreamJournalisten\",\"verurteilen\"],\"articleSection\":[\"Deutschland\",\"Russland\"],\"inLanguage\":\"de\",\"potentialAction\":[{\"@type\":\"CommentAction\",\"name\":\"Comment\",\"target\":[\"https:\/\/now-news.de\/de\/deutschland\/juergen-elsaesser-auch-mainstream-journalisten-verurteilen-compact-razzia\/#respond\"]}]},{\"@type\":\"WebPage\",\"@id\":\"https:\/\/now-news.de\/de\/deutschland\/juergen-elsaesser-auch-mainstream-journalisten-verurteilen-compact-razzia\/\",\"url\":\"https:\/\/now-news.de\/de\/deutschland\/juergen-elsaesser-auch-mainstream-journalisten-verurteilen-compact-razzia\/\",\"name\":\"J\u00fcrgen Els\u00e4sser: Auch Mainstream-Journalisten verurteilen Compact-Razzia - just-now.NEWS Deutschland\",\"isPartOf\":{\"@id\":\"https:\/\/now-news.de\/de\/#website\"},\"primaryImageOfPage\":{\"@id\":\"https:\/\/now-news.de\/de\/deutschland\/juergen-elsaesser-auch-mainstream-journalisten-verurteilen-compact-razzia\/#primaryimage\"},\"image\":{\"@id\":\"https:\/\/now-news.de\/de\/deutschland\/juergen-elsaesser-auch-mainstream-journalisten-verurteilen-compact-razzia\/#primaryimage\"},\"thumbnailUrl\":\"https:\/\/now-news.de\/de\/wp-content\/uploads\/sites\/3\/2024\/07\/Juergen-Elsaesser-Auch-Mainstream-Journalisten-verurteilen-Compact-Razzia.jpg\",\"datePublished\":\"2024-07-18T20:10:07+00:00\",\"dateModified\":\"2024-07-18T20:10:07+00:00\",\"breadcrumb\":{\"@id\":\"https:\/\/now-news.de\/de\/deutschland\/juergen-elsaesser-auch-mainstream-journalisten-verurteilen-compact-razzia\/#breadcrumb\"},\"inLanguage\":\"de\",\"potentialAction\":[{\"@type\":\"ReadAction\",\"target\":[\"https:\/\/now-news.de\/de\/deutschland\/juergen-elsaesser-auch-mainstream-journalisten-verurteilen-compact-razzia\/\"]}]},{\"@type\":\"ImageObject\",\"inLanguage\":\"de\",\"@id\":\"https:\/\/now-news.de\/de\/deutschland\/juergen-elsaesser-auch-mainstream-journalisten-verurteilen-compact-razzia\/#primaryimage\",\"url\":\"https:\/\/now-news.de\/de\/wp-content\/uploads\/sites\/3\/2024\/07\/Juergen-Elsaesser-Auch-Mainstream-Journalisten-verurteilen-Compact-Razzia.jpg\",\"contentUrl\":\"https:\/\/now-news.de\/de\/wp-content\/uploads\/sites\/3\/2024\/07\/Juergen-Elsaesser-Auch-Mainstream-Journalisten-verurteilen-Compact-Razzia.jpg\",\"width\":460,\"height\":259,\"caption\":\"J\u00fcrgen Els\u00e4sser: Auch Mainstream-Journalisten verurteilen Compact-Razzia\"},{\"@type\":\"BreadcrumbList\",\"@id\":\"https:\/\/now-news.de\/de\/deutschland\/juergen-elsaesser-auch-mainstream-journalisten-verurteilen-compact-razzia\/#breadcrumb\",\"itemListElement\":[{\"@type\":\"ListItem\",\"position\":1,\"name\":\"Home\",\"item\":\"https:\/\/now-news.de\/de\/\"},{\"@type\":\"ListItem\",\"position\":2,\"name\":\"J\u00fcrgen Els\u00e4sser: Auch Mainstream-Journalisten verurteilen Compact-Razzia\"}]},{\"@type\":\"WebSite\",\"@id\":\"https:\/\/now-news.de\/de\/#website\",\"url\":\"https:\/\/now-news.de\/de\/\",\"name\":\"just-now.NEWS Deutschland\",\"description\":\"Das Portal f\u00fcr unzensierte Nachrichten aus der Welt\",\"publisher\":{\"@id\":\"https:\/\/now-news.de\/de\/#organization\"},\"potentialAction\":[{\"@type\":\"SearchAction\",\"target\":{\"@type\":\"EntryPoint\",\"urlTemplate\":\"https:\/\/now-news.de\/de\/?s={search_term_string}\"},\"query-input\":\"required name=search_term_string\"}],\"inLanguage\":\"de\"},{\"@type\":\"Organization\",\"@id\":\"https:\/\/now-news.de\/de\/#organization\",\"name\":\"Just Now News\",\"url\":\"https:\/\/now-news.de\/de\/\",\"logo\":{\"@type\":\"ImageObject\",\"inLanguage\":\"de\",\"@id\":\"https:\/\/now-news.de\/de\/#\/schema\/logo\/image\/\",\"url\":\"http:\/\/just-now.news\/de\/wp-content\/uploads\/sites\/3\/2022\/04\/logo500x500.jpg\",\"contentUrl\":\"http:\/\/just-now.news\/de\/wp-content\/uploads\/sites\/3\/2022\/04\/logo500x500.jpg\",\"width\":500,\"height\":500,\"caption\":\"Just Now News\"},\"image\":{\"@id\":\"https:\/\/now-news.de\/de\/#\/schema\/logo\/image\/\"},\"sameAs\":[\"https:\/\/www.facebook.com\/wirmachenauf\",\"https:\/\/x.com\/WirMachenAuf_de\"]},{\"@type\":\"Person\",\"@id\":\"https:\/\/now-news.de\/de\/#\/schema\/person\/fb534a4e865501d8b3285208df34a9b5\",\"name\":\"rtnews\",\"image\":{\"@type\":\"ImageObject\",\"inLanguage\":\"de\",\"@id\":\"https:\/\/now-news.de\/de\/#\/schema\/person\/image\/\",\"url\":\"https:\/\/secure.gravatar.com\/avatar\/82aafea7d8127119dd649515f56e2117?s=96&d=mm&r=g\",\"contentUrl\":\"https:\/\/secure.gravatar.com\/avatar\/82aafea7d8127119dd649515f56e2117?s=96&d=mm&r=g\",\"caption\":\"rtnews\"},\"url\":\"https:\/\/now-news.de\/de\/author\/rnews\/\"}]}<\/script>\n<!-- \/ Yoast SEO Premium plugin. -->","yoast_head_json":{"title":"J\u00fcrgen Els\u00e4sser: Auch Mainstream-Journalisten verurteilen Compact-Razzia - just-now.NEWS Deutschland","robots":{"index":"index","follow":"follow","max-snippet":"max-snippet:-1","max-image-preview":"max-image-preview:large","max-video-preview":"max-video-preview:-1"},"canonical":"https:\/\/now-news.de\/de\/deutschland\/juergen-elsaesser-auch-mainstream-journalisten-verurteilen-compact-razzia\/","og_locale":"de_DE","og_type":"article","og_title":"J\u00fcrgen Els\u00e4sser: Auch Mainstream-Journalisten verurteilen Compact-Razzia","og_description":"Bei rund 10 Compact-Mitarbeitern lie\u00df Nancy Faeser Razzien durchf\u00fchren. Am Tag danach erh\u00e4lt Chefredakteur Els\u00e4sser viele Interviewanfragen. Auch Mainstream-Journalisten emp\u00f6ren sich \u00fcber das Compact-Verbot und die Razzien. Man bef\u00fcrchte auch selbst betroffen zu werden. Am Dienstag hatte Bundesinnenministerin Nancy Faeser eine Razzia in den R\u00e4umen des Compact-Magazins sowie in den Privatwohnungen des Compact-Chefs J\u00fcrgen Els\u00e4sser [&hellip;]","og_url":"https:\/\/now-news.de\/de\/deutschland\/juergen-elsaesser-auch-mainstream-journalisten-verurteilen-compact-razzia\/","og_site_name":"just-now.NEWS Deutschland","article_publisher":"https:\/\/www.facebook.com\/wirmachenauf","article_published_time":"2024-07-18T20:10:07+00:00","og_image":[{"url":"https:\/\/now-news.de\/de\/wp-content\/uploads\/sites\/3\/2024\/07\/66993400b480cc38cd321928.jpg"}],"author":"rtnews","twitter_card":"summary_large_image","twitter_creator":"@WirMachenAuf_de","twitter_site":"@WirMachenAuf_de","twitter_misc":{"Verfasst von":"rtnews","Gesch\u00e4tzte Lesezeit":"4\u00a0Minuten"},"schema":{"@context":"https:\/\/schema.org","@graph":[{"@type":"Article","@id":"https:\/\/now-news.de\/de\/deutschland\/juergen-elsaesser-auch-mainstream-journalisten-verurteilen-compact-razzia\/#article","isPartOf":{"@id":"https:\/\/now-news.de\/de\/deutschland\/juergen-elsaesser-auch-mainstream-journalisten-verurteilen-compact-razzia\/"},"author":{"name":"rtnews","@id":"https:\/\/now-news.de\/de\/#\/schema\/person\/fb534a4e865501d8b3285208df34a9b5"},"headline":"J\u00fcrgen Els\u00e4sser: Auch Mainstream-Journalisten verurteilen Compact-Razzia","datePublished":"2024-07-18T20:10:07+00:00","dateModified":"2024-07-18T20:10:07+00:00","mainEntityOfPage":{"@id":"https:\/\/now-news.de\/de\/deutschland\/juergen-elsaesser-auch-mainstream-journalisten-verurteilen-compact-razzia\/"},"wordCount":879,"commentCount":0,"publisher":{"@id":"https:\/\/now-news.de\/de\/#organization"},"image":{"@id":"https:\/\/now-news.de\/de\/deutschland\/juergen-elsaesser-auch-mainstream-journalisten-verurteilen-compact-razzia\/#primaryimage"},"thumbnailUrl":"https:\/\/now-news.de\/de\/wp-content\/uploads\/sites\/3\/2024\/07\/Juergen-Elsaesser-Auch-Mainstream-Journalisten-verurteilen-Compact-Razzia.jpg","keywords":["auch","CompactRazzia","Els\u00e4sser","J\u00fcrgen","MainstreamJournalisten","verurteilen"],"articleSection":["Deutschland","Russland"],"inLanguage":"de","potentialAction":[{"@type":"CommentAction","name":"Comment","target":["https:\/\/now-news.de\/de\/deutschland\/juergen-elsaesser-auch-mainstream-journalisten-verurteilen-compact-razzia\/#respond"]}]},{"@type":"WebPage","@id":"https:\/\/now-news.de\/de\/deutschland\/juergen-elsaesser-auch-mainstream-journalisten-verurteilen-compact-razzia\/","url":"https:\/\/now-news.de\/de\/deutschland\/juergen-elsaesser-auch-mainstream-journalisten-verurteilen-compact-razzia\/","name":"J\u00fcrgen Els\u00e4sser: Auch Mainstream-Journalisten verurteilen Compact-Razzia - just-now.NEWS Deutschland","isPartOf":{"@id":"https:\/\/now-news.de\/de\/#website"},"primaryImageOfPage":{"@id":"https:\/\/now-news.de\/de\/deutschland\/juergen-elsaesser-auch-mainstream-journalisten-verurteilen-compact-razzia\/#primaryimage"},"image":{"@id":"https:\/\/now-news.de\/de\/deutschland\/juergen-elsaesser-auch-mainstream-journalisten-verurteilen-compact-razzia\/#primaryimage"},"thumbnailUrl":"https:\/\/now-news.de\/de\/wp-content\/uploads\/sites\/3\/2024\/07\/Juergen-Elsaesser-Auch-Mainstream-Journalisten-verurteilen-Compact-Razzia.jpg","datePublished":"2024-07-18T20:10:07+00:00","dateModified":"2024-07-18T20:10:07+00:00","breadcrumb":{"@id":"https:\/\/now-news.de\/de\/deutschland\/juergen-elsaesser-auch-mainstream-journalisten-verurteilen-compact-razzia\/#breadcrumb"},"inLanguage":"de","potentialAction":[{"@type":"ReadAction","target":["https:\/\/now-news.de\/de\/deutschland\/juergen-elsaesser-auch-mainstream-journalisten-verurteilen-compact-razzia\/"]}]},{"@type":"ImageObject","inLanguage":"de","@id":"https:\/\/now-news.de\/de\/deutschland\/juergen-elsaesser-auch-mainstream-journalisten-verurteilen-compact-razzia\/#primaryimage","url":"https:\/\/now-news.de\/de\/wp-content\/uploads\/sites\/3\/2024\/07\/Juergen-Elsaesser-Auch-Mainstream-Journalisten-verurteilen-Compact-Razzia.jpg","contentUrl":"https:\/\/now-news.de\/de\/wp-content\/uploads\/sites\/3\/2024\/07\/Juergen-Elsaesser-Auch-Mainstream-Journalisten-verurteilen-Compact-Razzia.jpg","width":460,"height":259,"caption":"J\u00fcrgen Els\u00e4sser: Auch Mainstream-Journalisten verurteilen Compact-Razzia"},{"@type":"BreadcrumbList","@id":"https:\/\/now-news.de\/de\/deutschland\/juergen-elsaesser-auch-mainstream-journalisten-verurteilen-compact-razzia\/#breadcrumb","itemListElement":[{"@type":"ListItem","position":1,"name":"Home","item":"https:\/\/now-news.de\/de\/"},{"@type":"ListItem","position":2,"name":"J\u00fcrgen Els\u00e4sser: Auch Mainstream-Journalisten verurteilen Compact-Razzia"}]},{"@type":"WebSite","@id":"https:\/\/now-news.de\/de\/#website","url":"https:\/\/now-news.de\/de\/","name":"just-now.NEWS Deutschland","description":"Das Portal f\u00fcr unzensierte Nachrichten aus der Welt","publisher":{"@id":"https:\/\/now-news.de\/de\/#organization"},"potentialAction":[{"@type":"SearchAction","target":{"@type":"EntryPoint","urlTemplate":"https:\/\/now-news.de\/de\/?s={search_term_string}"},"query-input":"required name=search_term_string"}],"inLanguage":"de"},{"@type":"Organization","@id":"https:\/\/now-news.de\/de\/#organization","name":"Just Now News","url":"https:\/\/now-news.de\/de\/","logo":{"@type":"ImageObject","inLanguage":"de","@id":"https:\/\/now-news.de\/de\/#\/schema\/logo\/image\/","url":"http:\/\/just-now.news\/de\/wp-content\/uploads\/sites\/3\/2022\/04\/logo500x500.jpg","contentUrl":"http:\/\/just-now.news\/de\/wp-content\/uploads\/sites\/3\/2022\/04\/logo500x500.jpg","width":500,"height":500,"caption":"Just Now News"},"image":{"@id":"https:\/\/now-news.de\/de\/#\/schema\/logo\/image\/"},"sameAs":["https:\/\/www.facebook.com\/wirmachenauf","https:\/\/x.com\/WirMachenAuf_de"]},{"@type":"Person","@id":"https:\/\/now-news.de\/de\/#\/schema\/person\/fb534a4e865501d8b3285208df34a9b5","name":"rtnews","image":{"@type":"ImageObject","inLanguage":"de","@id":"https:\/\/now-news.de\/de\/#\/schema\/person\/image\/","url":"https:\/\/secure.gravatar.com\/avatar\/82aafea7d8127119dd649515f56e2117?s=96&d=mm&r=g","contentUrl":"https:\/\/secure.gravatar.com\/avatar\/82aafea7d8127119dd649515f56e2117?s=96&d=mm&r=g","caption":"rtnews"},"url":"https:\/\/now-news.de\/de\/author\/rnews\/"}]}},"_links":{"self":[{"href":"https:\/\/now-news.de\/de\/wp-json\/wp\/v2\/posts\/65052"}],"collection":[{"href":"https:\/\/now-news.de\/de\/wp-json\/wp\/v2\/posts"}],"about":[{"href":"https:\/\/now-news.de\/de\/wp-json\/wp\/v2\/types\/post"}],"author":[{"embeddable":true,"href":"https:\/\/now-news.de\/de\/wp-json\/wp\/v2\/users\/3"}],"replies":[{"embeddable":true,"href":"https:\/\/now-news.de\/de\/wp-json\/wp\/v2\/comments?post=65052"}],"version-history":[{"count":0,"href":"https:\/\/now-news.de\/de\/wp-json\/wp\/v2\/posts\/65052\/revisions"}],"wp:featuredmedia":[{"embeddable":true,"href":"https:\/\/now-news.de\/de\/wp-json\/wp\/v2\/media\/65053"}],"wp:attachment":[{"href":"https:\/\/now-news.de\/de\/wp-json\/wp\/v2\/media?parent=65052"}],"wp:term":[{"taxonomy":"category","embeddable":true,"href":"https:\/\/now-news.de\/de\/wp-json\/wp\/v2\/categories?post=65052"},{"taxonomy":"post_tag","embeddable":true,"href":"https:\/\/now-news.de\/de\/wp-json\/wp\/v2\/tags?post=65052"}],"curies":[{"name":"wp","href":"https:\/\/api.w.org\/{rel}","templated":true}]}}