{"id":65032,"date":"2024-07-18T18:10:01","date_gmt":"2024-07-18T16:10:01","guid":{"rendered":"https:\/\/now-news.de\/de\/deutschland\/orban-georgien-versucht-seine-souveraenitaet-zu-verteidigen\/"},"modified":"2024-07-18T18:10:01","modified_gmt":"2024-07-18T16:10:01","slug":"orban-georgien-versucht-seine-souveraenitaet-zu-verteidigen","status":"publish","type":"post","link":"https:\/\/now-news.de\/de\/deutschland\/orban-georgien-versucht-seine-souveraenitaet-zu-verteidigen\/","title":{"rendered":"Orb\u00e1n: Georgien versucht, seine Souver\u00e4nit\u00e4t zu verteidigen"},"content":{"rendered":"<p><img decoding=\"async\" src=\"https:\/\/now-news.de\/de\/wp-content\/uploads\/sites\/3\/2024\/07\/6699241a48fbef2c970234b0.jpg\" \/><\/p>\n<div class=\"Text-root Text-type_1 \">\n                Mit dem Transparenz-Gesetz will die georgische Regierung die Selbstst\u00e4ndigkeit des Landes wahren, erkl\u00e4rte Ungarns Premier Viktor Orb\u00e1n. Er \u00e4u\u00dferte sich zu der politischen Lage in Georgien zum Auftakt des Gipfels der Europ\u00e4ischen Politischen Gemeinschaft (EPC) in England.\n            <\/div>\n<p><\/p>\n<div class=\"Text-root Text-type_5 ArticleView-text ViewText-root \">\n<p>Bei seiner Ankunft zum Gipfel der Europ\u00e4ischen Politischen Gemeinschaft (EPC) in England am Donnerstag hat sich der ungarische Ministerpr\u00e4sident Viktor Orb\u00e1n gegen\u00fcber Journalisten zu mehreren Themen, darunter die politische Situation in Georgien, ge\u00e4u\u00dfert. Dies\u00a0<a rel=\"nofollow noopener\" target=\"_blank\" href=\"https:\/\/hang.hu\/kulfold\/orban-viktor-londonban-a-bekemissziorol-haladok-lassan-de-emesztik-165816\">berichten<\/a>\u00a0ungarische Medien. Mit Blick auf das Transparenzgesetz, das vom georgischen Parlament Mitte Mai verabschiedet wurde, erkl\u00e4rte Orb\u00e1n, dass die Regierung in Tbilisi versuche, die Unabh\u00e4ngigkeit und Souver\u00e4nit\u00e4t des Landes unter sehr schwierigen Umst\u00e4nden aufrechtzuerhalten. W\u00f6rtlich sagte er:<\/p>\n<blockquote>\n<p><em>&#8220;Leider verstehen viele europ\u00e4ische Staats- und Regierungschefs nicht, wie schwierig es f\u00fcr ein Land wie Georgien ist, seine Souver\u00e4nit\u00e4t in allen Richtungen zu wahren.&#8221;<\/em><\/p>\n<\/blockquote>\n<p>Orb\u00e1n f\u00fcgte hinzu, dass er selbst dies respektiere. Georgien sei ein wunderbares Land, dem es sehr gut gehe.<\/p>\n<p>Nichtregierungsorganisationen und Medien, die mehr als 20 Prozent ihrer Mittel aus dem Ausland erhalten, m\u00fcssen sich in Georgien gem\u00e4\u00df der Vorschrift \u00fcber die Transparenz ausl\u00e4ndischer Einflussnahme als Einrichtungen registrieren lassen, die die Interessen einer ausl\u00e4ndischen Macht verfolgen.\u00a0<\/p>\n<p>Zuvor hatte der ungarische Au\u00dfenminister P\u00e9ter Szijj\u00e1rt\u00f3 erkl\u00e4rt, Ungarn sei das einzige Land, das sich f\u00fcr Georgien eingesetzt habe, als es im Rat der Au\u00dfenminister der EU-Mitgliedsstaaten wegen des Transparenzgesetzes scharf kritisiert worden sei. Au\u00dferdem gab der Spitzendiplomat bekannt, dass Budapest die europ\u00e4ische Integration Georgiens w\u00e4hrend seiner EU-Ratspr\u00e4sidentschaft unterst\u00fctzen werde. Diese hat am 1. Juli begonnen.<\/p>\n<p>Nachdem das Parlament in Georgien die besagte Vorschrift erlassen hatte, begannen die westlichen Staaten dem Land mit Konsequenzen zu drohen. Anfang Juli k\u00fcndigte Br\u00fcssel die Aussetzung des Integrationsprozesses mit Tiflis an. Au\u00dferdem wurde eine Tranche von 30 Millionen Euro f\u00fcr die georgische Armee blockiert. Mittlerweile k\u00fcndigten auch die Vereinigten Staaten von Amerika an, alle Kooperationsprogramme mit Georgien \u00fcberpr\u00fcfen zu wollen. Geplante Milit\u00e4r\u00fcbungen mit Georgien\u00a0wurden ausgesetzt.<\/p>\n<p>Zu dem Gipfel der EPC, der im Blenheim Palace in der N\u00e4he von Oxford stattfindet, wurden nach Medienangaben 47 europ\u00e4ische Staats- und Regierungschefs eingeladen. Die Teilnehmer wollten mehrere Themen, unter anderem die Ukraine-Hilfe, die Migration und die Sicherheit besprechen. Die EPC wurde 2022 auf Initiative des franz\u00f6sischen Pr\u00e4sidenten Emmanuel Macron als ein zwischenstaatliches Forum f\u00fcr politische und strategische Diskussionen gegr\u00fcndet.<\/p>\n<p><strong>Mehr zum Thema<\/strong> &#8211; <a rel=\"nofollow noopener\" target=\"_blank\" href=\"https:\/\/freedert.online\/international\/211744-auslandsgeheimdienst-usa-wollen-machtwechsel-in-georgien\/\">Russlands Auslandsgeheimdienst: USA wollen einen Machtwechsel in Georgien<\/a><\/p>\n<\/div>\n<p><br \/>\n<br \/><a href=\"https:\/\/de.rt.com\/europa\/212813-orban-georgien-versucht-seine-souveraenitaet\/\">Source link <\/a><\/p>\n","protected":false},"excerpt":{"rendered":"<p>Mit dem Transparenz-Gesetz will die georgische Regierung die Selbstst\u00e4ndigkeit des Landes wahren, erkl\u00e4rte Ungarns Premier Viktor Orb\u00e1n. Er \u00e4u\u00dferte sich zu der politischen Lage in Georgien zum Auftakt des Gipfels der Europ\u00e4ischen Politischen Gemeinschaft (EPC) in England. Bei seiner Ankunft zum Gipfel der Europ\u00e4ischen Politischen Gemeinschaft (EPC) in England am Donnerstag hat sich der ungarische [&hellip;]<\/p>\n","protected":false},"author":3,"featured_media":65033,"comment_status":"open","ping_status":"open","sticky":false,"template":"","format":"standard","meta":{"_yoast_indexnow_last_ping":["1721319276"],"wp_automatic_camp":["217"],"1c68871dd498d4302ef67d7f47f87aa5":["Orb\u00e1n: Georgien versucht, seine Souver\u00e4nit\u00e4t zu verteidigen"],"original_link":["https:\/\/de.rt.com\/europa\/212813-orban-georgien-versucht-seine-souveraenitaet\/"],"_thumbnail_id":["65033"],"jnews_social_counter_last_update":["1777635874"],"_wptgpro_p2tg_sent2tg":["a:1:{i:23737;s:19:\"2024-07-18 18:15:36\";}"]},"categories":[19,23],"tags":[20848,6397,265,20302,47,4479],"yoast_head":"<!-- This site is optimized with the Yoast SEO Premium plugin v22.7 (Yoast SEO v22.7) - https:\/\/yoast.com\/wordpress\/plugins\/seo\/ -->\n<title>Orb\u00e1n: Georgien versucht, seine Souver\u00e4nit\u00e4t zu verteidigen - just-now.NEWS Deutschland<\/title>\n<meta name=\"robots\" content=\"index, follow, max-snippet:-1, max-image-preview:large, max-video-preview:-1\" \/>\n<link rel=\"canonical\" href=\"https:\/\/now-news.de\/de\/deutschland\/orban-georgien-versucht-seine-souveraenitaet-zu-verteidigen\/\" \/>\n<meta property=\"og:locale\" content=\"de_DE\" \/>\n<meta property=\"og:type\" content=\"article\" \/>\n<meta property=\"og:title\" content=\"Orb\u00e1n: Georgien versucht, seine Souver\u00e4nit\u00e4t zu verteidigen\" \/>\n<meta property=\"og:description\" content=\"Mit dem Transparenz-Gesetz will die georgische Regierung die Selbstst\u00e4ndigkeit des Landes wahren, erkl\u00e4rte Ungarns Premier Viktor Orb\u00e1n. Er \u00e4u\u00dferte sich zu der politischen Lage in Georgien zum Auftakt des Gipfels der Europ\u00e4ischen Politischen Gemeinschaft (EPC) in England. Bei seiner Ankunft zum Gipfel der Europ\u00e4ischen Politischen Gemeinschaft (EPC) in England am Donnerstag hat sich der ungarische [&hellip;]\" \/>\n<meta property=\"og:url\" content=\"https:\/\/now-news.de\/de\/deutschland\/orban-georgien-versucht-seine-souveraenitaet-zu-verteidigen\/\" \/>\n<meta property=\"og:site_name\" content=\"just-now.NEWS Deutschland\" \/>\n<meta property=\"article:publisher\" content=\"https:\/\/www.facebook.com\/wirmachenauf\" \/>\n<meta property=\"article:published_time\" content=\"2024-07-18T16:10:01+00:00\" \/>\n<meta property=\"og:image\" content=\"https:\/\/now-news.de\/de\/wp-content\/uploads\/sites\/3\/2024\/07\/6699241a48fbef2c970234b0.jpg\" \/>\n<meta name=\"author\" content=\"rtnews\" \/>\n<meta name=\"twitter:card\" content=\"summary_large_image\" \/>\n<meta name=\"twitter:creator\" content=\"@WirMachenAuf_de\" \/>\n<meta name=\"twitter:site\" content=\"@WirMachenAuf_de\" \/>\n<meta name=\"twitter:label1\" content=\"Verfasst von\" \/>\n\t<meta name=\"twitter:data1\" content=\"rtnews\" \/>\n\t<meta name=\"twitter:label2\" content=\"Gesch\u00e4tzte Lesezeit\" \/>\n\t<meta name=\"twitter:data2\" content=\"2\u00a0Minuten\" \/>\n<script type=\"application\/ld+json\" class=\"yoast-schema-graph\">{\"@context\":\"https:\/\/schema.org\",\"@graph\":[{\"@type\":\"Article\",\"@id\":\"https:\/\/now-news.de\/de\/deutschland\/orban-georgien-versucht-seine-souveraenitaet-zu-verteidigen\/#article\",\"isPartOf\":{\"@id\":\"https:\/\/now-news.de\/de\/deutschland\/orban-georgien-versucht-seine-souveraenitaet-zu-verteidigen\/\"},\"author\":{\"name\":\"rtnews\",\"@id\":\"https:\/\/now-news.de\/de\/#\/schema\/person\/fb534a4e865501d8b3285208df34a9b5\"},\"headline\":\"Orb\u00e1n: Georgien versucht, seine Souver\u00e4nit\u00e4t zu verteidigen\",\"datePublished\":\"2024-07-18T16:10:01+00:00\",\"dateModified\":\"2024-07-18T16:10:01+00:00\",\"mainEntityOfPage\":{\"@id\":\"https:\/\/now-news.de\/de\/deutschland\/orban-georgien-versucht-seine-souveraenitaet-zu-verteidigen\/\"},\"wordCount\":442,\"commentCount\":0,\"publisher\":{\"@id\":\"https:\/\/now-news.de\/de\/#organization\"},\"image\":{\"@id\":\"https:\/\/now-news.de\/de\/deutschland\/orban-georgien-versucht-seine-souveraenitaet-zu-verteidigen\/#primaryimage\"},\"thumbnailUrl\":\"https:\/\/now-news.de\/de\/wp-content\/uploads\/sites\/3\/2024\/07\/Orban-Georgien-versucht-seine-Souveraenitaet-zu-verteidigen.jpg\",\"keywords\":[\"Georgien\",\"Orb\u00e1n\",\"seine\",\"Souver\u00e4nit\u00e4t\",\"versucht\",\"verteidigen\"],\"articleSection\":[\"Deutschland\",\"Russland\"],\"inLanguage\":\"de\",\"potentialAction\":[{\"@type\":\"CommentAction\",\"name\":\"Comment\",\"target\":[\"https:\/\/now-news.de\/de\/deutschland\/orban-georgien-versucht-seine-souveraenitaet-zu-verteidigen\/#respond\"]}]},{\"@type\":\"WebPage\",\"@id\":\"https:\/\/now-news.de\/de\/deutschland\/orban-georgien-versucht-seine-souveraenitaet-zu-verteidigen\/\",\"url\":\"https:\/\/now-news.de\/de\/deutschland\/orban-georgien-versucht-seine-souveraenitaet-zu-verteidigen\/\",\"name\":\"Orb\u00e1n: Georgien versucht, seine Souver\u00e4nit\u00e4t zu verteidigen - just-now.NEWS Deutschland\",\"isPartOf\":{\"@id\":\"https:\/\/now-news.de\/de\/#website\"},\"primaryImageOfPage\":{\"@id\":\"https:\/\/now-news.de\/de\/deutschland\/orban-georgien-versucht-seine-souveraenitaet-zu-verteidigen\/#primaryimage\"},\"image\":{\"@id\":\"https:\/\/now-news.de\/de\/deutschland\/orban-georgien-versucht-seine-souveraenitaet-zu-verteidigen\/#primaryimage\"},\"thumbnailUrl\":\"https:\/\/now-news.de\/de\/wp-content\/uploads\/sites\/3\/2024\/07\/Orban-Georgien-versucht-seine-Souveraenitaet-zu-verteidigen.jpg\",\"datePublished\":\"2024-07-18T16:10:01+00:00\",\"dateModified\":\"2024-07-18T16:10:01+00:00\",\"breadcrumb\":{\"@id\":\"https:\/\/now-news.de\/de\/deutschland\/orban-georgien-versucht-seine-souveraenitaet-zu-verteidigen\/#breadcrumb\"},\"inLanguage\":\"de\",\"potentialAction\":[{\"@type\":\"ReadAction\",\"target\":[\"https:\/\/now-news.de\/de\/deutschland\/orban-georgien-versucht-seine-souveraenitaet-zu-verteidigen\/\"]}]},{\"@type\":\"ImageObject\",\"inLanguage\":\"de\",\"@id\":\"https:\/\/now-news.de\/de\/deutschland\/orban-georgien-versucht-seine-souveraenitaet-zu-verteidigen\/#primaryimage\",\"url\":\"https:\/\/now-news.de\/de\/wp-content\/uploads\/sites\/3\/2024\/07\/Orban-Georgien-versucht-seine-Souveraenitaet-zu-verteidigen.jpg\",\"contentUrl\":\"https:\/\/now-news.de\/de\/wp-content\/uploads\/sites\/3\/2024\/07\/Orban-Georgien-versucht-seine-Souveraenitaet-zu-verteidigen.jpg\",\"width\":460,\"height\":259,\"caption\":\"Orb\u00e1n: Georgien versucht, seine Souver\u00e4nit\u00e4t zu verteidigen\"},{\"@type\":\"BreadcrumbList\",\"@id\":\"https:\/\/now-news.de\/de\/deutschland\/orban-georgien-versucht-seine-souveraenitaet-zu-verteidigen\/#breadcrumb\",\"itemListElement\":[{\"@type\":\"ListItem\",\"position\":1,\"name\":\"Home\",\"item\":\"https:\/\/now-news.de\/de\/\"},{\"@type\":\"ListItem\",\"position\":2,\"name\":\"Orb\u00e1n: Georgien versucht, seine Souver\u00e4nit\u00e4t zu verteidigen\"}]},{\"@type\":\"WebSite\",\"@id\":\"https:\/\/now-news.de\/de\/#website\",\"url\":\"https:\/\/now-news.de\/de\/\",\"name\":\"just-now.NEWS Deutschland\",\"description\":\"Das Portal f\u00fcr unzensierte Nachrichten aus der Welt\",\"publisher\":{\"@id\":\"https:\/\/now-news.de\/de\/#organization\"},\"potentialAction\":[{\"@type\":\"SearchAction\",\"target\":{\"@type\":\"EntryPoint\",\"urlTemplate\":\"https:\/\/now-news.de\/de\/?s={search_term_string}\"},\"query-input\":\"required name=search_term_string\"}],\"inLanguage\":\"de\"},{\"@type\":\"Organization\",\"@id\":\"https:\/\/now-news.de\/de\/#organization\",\"name\":\"Just Now News\",\"url\":\"https:\/\/now-news.de\/de\/\",\"logo\":{\"@type\":\"ImageObject\",\"inLanguage\":\"de\",\"@id\":\"https:\/\/now-news.de\/de\/#\/schema\/logo\/image\/\",\"url\":\"http:\/\/just-now.news\/de\/wp-content\/uploads\/sites\/3\/2022\/04\/logo500x500.jpg\",\"contentUrl\":\"http:\/\/just-now.news\/de\/wp-content\/uploads\/sites\/3\/2022\/04\/logo500x500.jpg\",\"width\":500,\"height\":500,\"caption\":\"Just Now News\"},\"image\":{\"@id\":\"https:\/\/now-news.de\/de\/#\/schema\/logo\/image\/\"},\"sameAs\":[\"https:\/\/www.facebook.com\/wirmachenauf\",\"https:\/\/x.com\/WirMachenAuf_de\"]},{\"@type\":\"Person\",\"@id\":\"https:\/\/now-news.de\/de\/#\/schema\/person\/fb534a4e865501d8b3285208df34a9b5\",\"name\":\"rtnews\",\"image\":{\"@type\":\"ImageObject\",\"inLanguage\":\"de\",\"@id\":\"https:\/\/now-news.de\/de\/#\/schema\/person\/image\/\",\"url\":\"https:\/\/secure.gravatar.com\/avatar\/82aafea7d8127119dd649515f56e2117?s=96&d=mm&r=g\",\"contentUrl\":\"https:\/\/secure.gravatar.com\/avatar\/82aafea7d8127119dd649515f56e2117?s=96&d=mm&r=g\",\"caption\":\"rtnews\"},\"url\":\"https:\/\/now-news.de\/de\/author\/rnews\/\"}]}<\/script>\n<!-- \/ Yoast SEO Premium plugin. -->","yoast_head_json":{"title":"Orb\u00e1n: Georgien versucht, seine Souver\u00e4nit\u00e4t zu verteidigen - just-now.NEWS Deutschland","robots":{"index":"index","follow":"follow","max-snippet":"max-snippet:-1","max-image-preview":"max-image-preview:large","max-video-preview":"max-video-preview:-1"},"canonical":"https:\/\/now-news.de\/de\/deutschland\/orban-georgien-versucht-seine-souveraenitaet-zu-verteidigen\/","og_locale":"de_DE","og_type":"article","og_title":"Orb\u00e1n: Georgien versucht, seine Souver\u00e4nit\u00e4t zu verteidigen","og_description":"Mit dem Transparenz-Gesetz will die georgische Regierung die Selbstst\u00e4ndigkeit des Landes wahren, erkl\u00e4rte Ungarns Premier Viktor Orb\u00e1n. Er \u00e4u\u00dferte sich zu der politischen Lage in Georgien zum Auftakt des Gipfels der Europ\u00e4ischen Politischen Gemeinschaft (EPC) in England. Bei seiner Ankunft zum Gipfel der Europ\u00e4ischen Politischen Gemeinschaft (EPC) in England am Donnerstag hat sich der ungarische [&hellip;]","og_url":"https:\/\/now-news.de\/de\/deutschland\/orban-georgien-versucht-seine-souveraenitaet-zu-verteidigen\/","og_site_name":"just-now.NEWS Deutschland","article_publisher":"https:\/\/www.facebook.com\/wirmachenauf","article_published_time":"2024-07-18T16:10:01+00:00","og_image":[{"url":"https:\/\/now-news.de\/de\/wp-content\/uploads\/sites\/3\/2024\/07\/6699241a48fbef2c970234b0.jpg"}],"author":"rtnews","twitter_card":"summary_large_image","twitter_creator":"@WirMachenAuf_de","twitter_site":"@WirMachenAuf_de","twitter_misc":{"Verfasst von":"rtnews","Gesch\u00e4tzte Lesezeit":"2\u00a0Minuten"},"schema":{"@context":"https:\/\/schema.org","@graph":[{"@type":"Article","@id":"https:\/\/now-news.de\/de\/deutschland\/orban-georgien-versucht-seine-souveraenitaet-zu-verteidigen\/#article","isPartOf":{"@id":"https:\/\/now-news.de\/de\/deutschland\/orban-georgien-versucht-seine-souveraenitaet-zu-verteidigen\/"},"author":{"name":"rtnews","@id":"https:\/\/now-news.de\/de\/#\/schema\/person\/fb534a4e865501d8b3285208df34a9b5"},"headline":"Orb\u00e1n: Georgien versucht, seine Souver\u00e4nit\u00e4t zu verteidigen","datePublished":"2024-07-18T16:10:01+00:00","dateModified":"2024-07-18T16:10:01+00:00","mainEntityOfPage":{"@id":"https:\/\/now-news.de\/de\/deutschland\/orban-georgien-versucht-seine-souveraenitaet-zu-verteidigen\/"},"wordCount":442,"commentCount":0,"publisher":{"@id":"https:\/\/now-news.de\/de\/#organization"},"image":{"@id":"https:\/\/now-news.de\/de\/deutschland\/orban-georgien-versucht-seine-souveraenitaet-zu-verteidigen\/#primaryimage"},"thumbnailUrl":"https:\/\/now-news.de\/de\/wp-content\/uploads\/sites\/3\/2024\/07\/Orban-Georgien-versucht-seine-Souveraenitaet-zu-verteidigen.jpg","keywords":["Georgien","Orb\u00e1n","seine","Souver\u00e4nit\u00e4t","versucht","verteidigen"],"articleSection":["Deutschland","Russland"],"inLanguage":"de","potentialAction":[{"@type":"CommentAction","name":"Comment","target":["https:\/\/now-news.de\/de\/deutschland\/orban-georgien-versucht-seine-souveraenitaet-zu-verteidigen\/#respond"]}]},{"@type":"WebPage","@id":"https:\/\/now-news.de\/de\/deutschland\/orban-georgien-versucht-seine-souveraenitaet-zu-verteidigen\/","url":"https:\/\/now-news.de\/de\/deutschland\/orban-georgien-versucht-seine-souveraenitaet-zu-verteidigen\/","name":"Orb\u00e1n: Georgien versucht, seine Souver\u00e4nit\u00e4t zu verteidigen - just-now.NEWS Deutschland","isPartOf":{"@id":"https:\/\/now-news.de\/de\/#website"},"primaryImageOfPage":{"@id":"https:\/\/now-news.de\/de\/deutschland\/orban-georgien-versucht-seine-souveraenitaet-zu-verteidigen\/#primaryimage"},"image":{"@id":"https:\/\/now-news.de\/de\/deutschland\/orban-georgien-versucht-seine-souveraenitaet-zu-verteidigen\/#primaryimage"},"thumbnailUrl":"https:\/\/now-news.de\/de\/wp-content\/uploads\/sites\/3\/2024\/07\/Orban-Georgien-versucht-seine-Souveraenitaet-zu-verteidigen.jpg","datePublished":"2024-07-18T16:10:01+00:00","dateModified":"2024-07-18T16:10:01+00:00","breadcrumb":{"@id":"https:\/\/now-news.de\/de\/deutschland\/orban-georgien-versucht-seine-souveraenitaet-zu-verteidigen\/#breadcrumb"},"inLanguage":"de","potentialAction":[{"@type":"ReadAction","target":["https:\/\/now-news.de\/de\/deutschland\/orban-georgien-versucht-seine-souveraenitaet-zu-verteidigen\/"]}]},{"@type":"ImageObject","inLanguage":"de","@id":"https:\/\/now-news.de\/de\/deutschland\/orban-georgien-versucht-seine-souveraenitaet-zu-verteidigen\/#primaryimage","url":"https:\/\/now-news.de\/de\/wp-content\/uploads\/sites\/3\/2024\/07\/Orban-Georgien-versucht-seine-Souveraenitaet-zu-verteidigen.jpg","contentUrl":"https:\/\/now-news.de\/de\/wp-content\/uploads\/sites\/3\/2024\/07\/Orban-Georgien-versucht-seine-Souveraenitaet-zu-verteidigen.jpg","width":460,"height":259,"caption":"Orb\u00e1n: Georgien versucht, seine Souver\u00e4nit\u00e4t zu verteidigen"},{"@type":"BreadcrumbList","@id":"https:\/\/now-news.de\/de\/deutschland\/orban-georgien-versucht-seine-souveraenitaet-zu-verteidigen\/#breadcrumb","itemListElement":[{"@type":"ListItem","position":1,"name":"Home","item":"https:\/\/now-news.de\/de\/"},{"@type":"ListItem","position":2,"name":"Orb\u00e1n: Georgien versucht, seine Souver\u00e4nit\u00e4t zu verteidigen"}]},{"@type":"WebSite","@id":"https:\/\/now-news.de\/de\/#website","url":"https:\/\/now-news.de\/de\/","name":"just-now.NEWS Deutschland","description":"Das Portal f\u00fcr unzensierte Nachrichten aus der Welt","publisher":{"@id":"https:\/\/now-news.de\/de\/#organization"},"potentialAction":[{"@type":"SearchAction","target":{"@type":"EntryPoint","urlTemplate":"https:\/\/now-news.de\/de\/?s={search_term_string}"},"query-input":"required name=search_term_string"}],"inLanguage":"de"},{"@type":"Organization","@id":"https:\/\/now-news.de\/de\/#organization","name":"Just Now News","url":"https:\/\/now-news.de\/de\/","logo":{"@type":"ImageObject","inLanguage":"de","@id":"https:\/\/now-news.de\/de\/#\/schema\/logo\/image\/","url":"http:\/\/just-now.news\/de\/wp-content\/uploads\/sites\/3\/2022\/04\/logo500x500.jpg","contentUrl":"http:\/\/just-now.news\/de\/wp-content\/uploads\/sites\/3\/2022\/04\/logo500x500.jpg","width":500,"height":500,"caption":"Just Now News"},"image":{"@id":"https:\/\/now-news.de\/de\/#\/schema\/logo\/image\/"},"sameAs":["https:\/\/www.facebook.com\/wirmachenauf","https:\/\/x.com\/WirMachenAuf_de"]},{"@type":"Person","@id":"https:\/\/now-news.de\/de\/#\/schema\/person\/fb534a4e865501d8b3285208df34a9b5","name":"rtnews","image":{"@type":"ImageObject","inLanguage":"de","@id":"https:\/\/now-news.de\/de\/#\/schema\/person\/image\/","url":"https:\/\/secure.gravatar.com\/avatar\/82aafea7d8127119dd649515f56e2117?s=96&d=mm&r=g","contentUrl":"https:\/\/secure.gravatar.com\/avatar\/82aafea7d8127119dd649515f56e2117?s=96&d=mm&r=g","caption":"rtnews"},"url":"https:\/\/now-news.de\/de\/author\/rnews\/"}]}},"_links":{"self":[{"href":"https:\/\/now-news.de\/de\/wp-json\/wp\/v2\/posts\/65032"}],"collection":[{"href":"https:\/\/now-news.de\/de\/wp-json\/wp\/v2\/posts"}],"about":[{"href":"https:\/\/now-news.de\/de\/wp-json\/wp\/v2\/types\/post"}],"author":[{"embeddable":true,"href":"https:\/\/now-news.de\/de\/wp-json\/wp\/v2\/users\/3"}],"replies":[{"embeddable":true,"href":"https:\/\/now-news.de\/de\/wp-json\/wp\/v2\/comments?post=65032"}],"version-history":[{"count":0,"href":"https:\/\/now-news.de\/de\/wp-json\/wp\/v2\/posts\/65032\/revisions"}],"wp:featuredmedia":[{"embeddable":true,"href":"https:\/\/now-news.de\/de\/wp-json\/wp\/v2\/media\/65033"}],"wp:attachment":[{"href":"https:\/\/now-news.de\/de\/wp-json\/wp\/v2\/media?parent=65032"}],"wp:term":[{"taxonomy":"category","embeddable":true,"href":"https:\/\/now-news.de\/de\/wp-json\/wp\/v2\/categories?post=65032"},{"taxonomy":"post_tag","embeddable":true,"href":"https:\/\/now-news.de\/de\/wp-json\/wp\/v2\/tags?post=65032"}],"curies":[{"name":"wp","href":"https:\/\/api.w.org\/{rel}","templated":true}]}}