{"id":64991,"date":"2024-07-18T11:12:52","date_gmt":"2024-07-18T09:12:52","guid":{"rendered":"https:\/\/now-news.de\/de\/deutschland\/groesste-lithiumreserven-europas-im-blick-scholz-besucht-ueberraschend-belgrad\/"},"modified":"2024-07-18T11:12:52","modified_gmt":"2024-07-18T09:12:52","slug":"groesste-lithiumreserven-europas-im-blick-scholz-besucht-ueberraschend-belgrad","status":"publish","type":"post","link":"https:\/\/now-news.de\/de\/deutschland\/groesste-lithiumreserven-europas-im-blick-scholz-besucht-ueberraschend-belgrad\/","title":{"rendered":"Gr\u00f6\u00dfte Lithiumreserven Europas im Blick: Scholz besucht \u00fcberraschend Belgrad"},"content":{"rendered":"<p><img decoding=\"async\" src=\"https:\/\/now-news.de\/de\/wp-content\/uploads\/sites\/3\/2024\/07\/6698c6ac48fbef1420499ac8.jpg\" \/><\/p>\n<div class=\"Text-root Text-type_1 \">\n                Der nicht gerade als &#8220;Serbenfreund&#8221; bekannte deutsche Bundeskanzler Olaf Scholz reist \u00fcberraschend nach Belgrad. Es geht dabei nicht um das wieder Aufladen der deutsch-serbischen Beziehungen, sondern schlicht und ergreifend um Batterien f\u00fcr deutsche E-Autos.\n            <\/div>\n<p><\/p>\n<div class=\"Text-root Text-type_5 ArticleView-text ViewText-root \">\n<p><em>Von Marinko U\u010dur<\/em><\/p>\n<p>Was ist der Hintergrund des f\u00fcr Freitag bevorstehenden pl\u00f6tzlichen und unangek\u00fcndigten Besuchs von Bundeskanzler Olaf Scholz in Belgrad? Wenn man bedenkt, dass Staatsbesuche viel fr\u00fcher angek\u00fcndigt und vorbereitet werden, ist es offensichtlich, dass eine solche Vorbereitung dieses Mal nicht getroffen wurde. Noch seltsamer ist es, dass die serbische \u00d6ffentlichkeit erst zwei Tage von der Ankunft des deutschen Bundeskanzlers von dem Besuch erfuhr. Und das Seltsamste ist, dass die Quelle, die diese Informationen \u00fcbermittelt hat, der Sprecher der Bundesregierung in Berlin, Steffen Hebestreit, ist. Nach der ersten \u00dcberraschung folgte die Begr\u00fcndung des Besuchs von Scholz.<\/p>\n<p>Die \u00d6ffentlichkeit erkannte bald, dass es sich nicht um die \u00fcbliche bilaterale politische Kommunikation zwischen den beiden L\u00e4ndern handelt, sondern um den Versuch, Serbiens Zustimmung f\u00fcr die Fortsetzung der fr\u00fcher unter Druck der \u00d6ffentlichkeit eingestellten Aktivit\u00e4ten zum Lithiumabbau, einem der wichtigsten Rohstoffe f\u00fcr die Entwicklung von Elektrobatterien f\u00fcr die Automobilindustrie, zu gewinnen. Einigen Untersuchungen zufolge verf\u00fcgt Serbien \u00fcber die gr\u00f6\u00dften Reserven von Lithiumerz in Europa und liegt nahe genug an den wichtigsten europ\u00e4ischen Automobilherstellern.\u00a0<\/p>\n<p>Die serbische Regierung sieht im Lithiumabbau eine gro\u00dfe Entwicklungschance und in diesem Zusammenhang ist eine politische und mediale Kampagne erkennbar, um die \u00d6ffentlichkeit davon zu \u00fcberzeugen, dass im Westen des Landes keine Gefahr einer Verschmutzung des Lebensraums besteht.<\/p>\n<p>Im Unterlauf der Drina, wo das anglo-australische Unternehmen Rio Tinto Lithiumvorkommen fand, schlummern n\u00e4mlich wahre Reicht\u00fcmer im Wert von 2,4 Milliarden Euro. Experten gehen davon aus, dass solch gro\u00dfe Reserven dieses Erzes in den kommenden Jahrzehnten den gesamten europ\u00e4ischen Bedarf an Lithium zu mehr als 90 Prozent decken w\u00fcrden. Rio Tinto teilte zuvor mit, das Gebiet verf\u00fcge \u00fcber eine der gr\u00f6\u00dften Lithiumreserven Europas und k\u00f6nne 58.000 Tonnen pro Jahr produzieren, genug f\u00fcr 1,1 Millionen Elektrofahrzeuge. In den beiden Jahren zuvor wurde das Projekt nahezu gestoppt, weil sich Umweltaktivisten gegen die, wie sie sagen, &#8220;schmutzige Technologie&#8221; auflehnten, die fast eine halbe Million Einwohner dieses Teils Serbiens gef\u00e4hrden w\u00fcrde.<\/p>\n<p>Nachdem die chinesischen Hersteller von Elektroautos die europ\u00e4ische Automobilindustrie ernsthaft bedroht hatten, wurde offenbar die alte Absicht, Rio Tinto wieder &#8220;ins Spiel&#8221; zu bringen, reaktiviert und die serbische Regierung vergab die zuvor umstrittene Lizenz zur Ausbeutung erneut an den genannten Konzern. Zuvor hatte das Verfassungsgericht des Landes die fr\u00fchere Entscheidung der serbischen Regierung, das Projekt &#8220;Jadar&#8221; beziehungsweise des Lithiumabbaus zu stoppen, aufgehoben.<\/p>\n<p>Das Verfassungsgericht befand, dass die fr\u00fchere Entscheidung \u00fcber das Verbot &#8220;nicht im Einklang mit der Verfassung und dem Gesetz steht!&#8221; Das war der formelle Grund f\u00fcr die Wiederaufnahme des unterbrochenen Lithiumabbaus. Umweltaktivisten behaupten jedoch, dass das Verfassungsgericht die Entscheidung auf Druck der Beh\u00f6rden getroffen habe und nicht an die guten Absichten derer glaube, die hinter solchen Projekten stehen. Es ist auch offensichtlich, dass nur wenige Tage nach der Reaktivierung der Lizenz von Rio Tinto\u00a0Kanzler Scholz Belgrad besuchen wird.<\/p>\n<p>W\u00e4hrend seines Aufenthalts in Serbien wird er vom Vizepr\u00e4sidenten der Europ\u00e4ischen Kommission, Maro\u0161 \u0160ef\u010dovi\u0107, begleitet und wie erwartet werden bei dieser Gelegenheit die Regierung Serbiens und mehrere Unternehmen eine Absichtserkl\u00e4rung zum Projekt des Lithiumabbaus unterzeichnen. Die Unterzeichnung des Memorandums wird offensichtlich von Scholz selbst unterst\u00fctzt, und auf diese Weise werden die wahren Beweggr\u00fcnde seines Besuchs in Belgrad entmystifiziert.<\/p>\n<p>Um es milde auszudr\u00fccken,\u00a0der deutsche Kanzler wird als Vertreter eines gro\u00dfen westlichen Industrielandes in die serbische Hauptstadt kommen, ungeachtet der Tatsache, dass die \u00d6ffentlichkeit beruhigt und &#8220;das Engagement f\u00fcr hohe Umwelt- und Nachhaltigkeitsstandards&#8221; hervorgehoben wird. In gewisser Weise deutete dies auch der erw\u00e4hnte Sprecher der Bundesregierung, Hebestreit, an, der gegen\u00fcber Journalisten best\u00e4tigte, dass die serbische Regierung positiv auf die Kritik aus der Region reagierte und es als &#8220;gut und wichtig&#8221; bewertete, dass es f\u00fcr das Projekt nun &#8220;h\u00f6here Standards&#8221; gebe.<\/p>\n<p>Wird Serbien neben dem wirtschaftlichen auch einen politischen Vorteil aus dieser Geschichte ziehen k\u00f6nnen, da die deutsche Unterst\u00fctzung f\u00fcr die albanischen Separatisten im selbst ernannten Staat Kosovo, der von den Albanern im Jahr 2008 auf dem Gebiet der serbischen Provinz Kosovo und Metochien als illegal erkl\u00e4rt wurde, bekannt ist? Niemand wagt es, diese Frage zu beantworten, aber die \u00d6ffentlichkeit fragt sich zu Recht, ob Serbien mehr aus diesem Projekt h\u00e4tte herausholen k\u00f6nnen, unabh\u00e4ngig davon, was es potenziell f\u00fcr die wirtschaftliche Entwicklung und die Schaffung neuer Arbeitspl\u00e4tze bedeuten wird. F\u00fcr Serbien steht zu viel auf dem Spiel \u2013 da sind sich alle einig, nicht nur wegen der Gefahr der Verschmutzung des Lebensraums von einer halben Million Menschen, sondern auch wegen der Tatsache, dass gerade diejenigen, die Serbien im Jahr 1999 bombardiert und sein verfassungsm\u00e4\u00dfiges Territorium durch die Anerkennung des Kosovo verletzt haben, nun wieder die Gelegenheit bekamen, das Land unter dem Vorwand von Entwicklung und Wohlstand vom Westen abh\u00e4ngig zu machen.<\/p>\n<p>Und was f\u00fcr Europa selbst auf dem Spiel steht, zeigt auch die Unterst\u00fctzung des oft serbenfeindlichen deutschen Kanzlers Scholz beim j\u00fcngsten Versuch, die marode deutsche Automobilindustrie zu retten.<\/p>\n<p><strong>Mehr zum Thema<\/strong> \u2013 <a rel=\"nofollow noopener\" target=\"_blank\" href=\"https:\/\/freeassange.rtde.life\/international\/210358-serbien-unterzeichnet-abkommen-mit-frontex\/\">Serbien unterzeichnet Abkommen mit Frontex <\/a><\/p>\n<div class=\"EmbedBlock-root EmbedBlock-externalVideo EmbedBlock-odysee\">\n<div class=\"VkEmbed\"><iframe class=\"lazyload\" data-src=\"https:\/\/odysee.com\/%24\/embed\/%40RTDE%3Ae%2FDeutscher-Wirtschaftsvertreter--Europa-braucht-ukrainisches-Lithium%3A0\" frameborder=\"0\" width=\"853\" height=\"480\" allowfullscreen><\/iframe><\/div>\n<\/div>\n<p>\u00a0<\/p>\n<\/div>\n<p><br \/>\n<br \/><a href=\"https:\/\/de.rt.com\/international\/212746-scholz-in-belgrad-serbien-auf-dem-pruefstand\/\">Source link <\/a><\/p>\n","protected":false},"excerpt":{"rendered":"<p>Der nicht gerade als &#8220;Serbenfreund&#8221; bekannte deutsche Bundeskanzler Olaf Scholz reist \u00fcberraschend nach Belgrad. Es geht dabei nicht um das wieder Aufladen der deutsch-serbischen Beziehungen, sondern schlicht und ergreifend um Batterien f\u00fcr deutsche E-Autos. Von Marinko U\u010dur Was ist der Hintergrund des f\u00fcr Freitag bevorstehenden pl\u00f6tzlichen und unangek\u00fcndigten Besuchs von Bundeskanzler Olaf Scholz in Belgrad? [&hellip;]<\/p>\n","protected":false},"author":3,"featured_media":64992,"comment_status":"open","ping_status":"open","sticky":false,"template":"","format":"standard","meta":{"_yoast_indexnow_last_ping":["1721294261"],"wp_automatic_camp":["217"],"3072bbba0d175798627e8d13a1cc1ebb":["Gr\u00f6\u00dfte Lithiumreserven Europas im Blick: Scholz besucht \u00fcberraschend Belgrad"],"original_link":["https:\/\/de.rt.com\/international\/212746-scholz-in-belgrad-serbien-auf-dem-pruefstand\/"],"_thumbnail_id":["64992"],"jnews_social_counter_last_update":["1777222933"],"_wptgpro_p2tg_sent2tg":["a:1:{i:23737;s:19:\"2024-07-18 11:19:01\";}"]},"categories":[19,23],"tags":[967,4747,11198,1293,3498,56742,1001,31660],"yoast_head":"<!-- This site is optimized with the Yoast SEO Premium plugin v22.7 (Yoast SEO v22.7) - https:\/\/yoast.com\/wordpress\/plugins\/seo\/ -->\n<title>Gr\u00f6\u00dfte Lithiumreserven Europas im Blick: Scholz besucht \u00fcberraschend Belgrad - just-now.NEWS Deutschland<\/title>\n<meta name=\"robots\" content=\"index, follow, max-snippet:-1, max-image-preview:large, max-video-preview:-1\" \/>\n<link rel=\"canonical\" href=\"https:\/\/now-news.de\/de\/deutschland\/groesste-lithiumreserven-europas-im-blick-scholz-besucht-ueberraschend-belgrad\/\" \/>\n<meta property=\"og:locale\" content=\"de_DE\" \/>\n<meta property=\"og:type\" content=\"article\" \/>\n<meta property=\"og:title\" content=\"Gr\u00f6\u00dfte Lithiumreserven Europas im Blick: Scholz besucht \u00fcberraschend Belgrad\" \/>\n<meta property=\"og:description\" content=\"Der nicht gerade als &#8220;Serbenfreund&#8221; bekannte deutsche Bundeskanzler Olaf Scholz reist \u00fcberraschend nach Belgrad. Es geht dabei nicht um das wieder Aufladen der deutsch-serbischen Beziehungen, sondern schlicht und ergreifend um Batterien f\u00fcr deutsche E-Autos. Von Marinko U\u010dur Was ist der Hintergrund des f\u00fcr Freitag bevorstehenden pl\u00f6tzlichen und unangek\u00fcndigten Besuchs von Bundeskanzler Olaf Scholz in Belgrad? [&hellip;]\" \/>\n<meta property=\"og:url\" content=\"https:\/\/now-news.de\/de\/deutschland\/groesste-lithiumreserven-europas-im-blick-scholz-besucht-ueberraschend-belgrad\/\" \/>\n<meta property=\"og:site_name\" content=\"just-now.NEWS Deutschland\" \/>\n<meta property=\"article:publisher\" content=\"https:\/\/www.facebook.com\/wirmachenauf\" \/>\n<meta property=\"article:published_time\" content=\"2024-07-18T09:12:52+00:00\" \/>\n<meta property=\"og:image\" content=\"https:\/\/now-news.de\/de\/wp-content\/uploads\/sites\/3\/2024\/07\/6698c6ac48fbef1420499ac8.jpg\" \/>\n<meta name=\"author\" content=\"rtnews\" \/>\n<meta name=\"twitter:card\" content=\"summary_large_image\" \/>\n<meta name=\"twitter:creator\" content=\"@WirMachenAuf_de\" \/>\n<meta name=\"twitter:site\" content=\"@WirMachenAuf_de\" \/>\n<meta name=\"twitter:label1\" content=\"Verfasst von\" \/>\n\t<meta name=\"twitter:data1\" content=\"rtnews\" \/>\n\t<meta name=\"twitter:label2\" content=\"Gesch\u00e4tzte Lesezeit\" \/>\n\t<meta name=\"twitter:data2\" content=\"4\u00a0Minuten\" \/>\n<script type=\"application\/ld+json\" class=\"yoast-schema-graph\">{\"@context\":\"https:\/\/schema.org\",\"@graph\":[{\"@type\":\"Article\",\"@id\":\"https:\/\/now-news.de\/de\/deutschland\/groesste-lithiumreserven-europas-im-blick-scholz-besucht-ueberraschend-belgrad\/#article\",\"isPartOf\":{\"@id\":\"https:\/\/now-news.de\/de\/deutschland\/groesste-lithiumreserven-europas-im-blick-scholz-besucht-ueberraschend-belgrad\/\"},\"author\":{\"name\":\"rtnews\",\"@id\":\"https:\/\/now-news.de\/de\/#\/schema\/person\/fb534a4e865501d8b3285208df34a9b5\"},\"headline\":\"Gr\u00f6\u00dfte Lithiumreserven Europas im Blick: Scholz besucht \u00fcberraschend Belgrad\",\"datePublished\":\"2024-07-18T09:12:52+00:00\",\"dateModified\":\"2024-07-18T09:12:52+00:00\",\"mainEntityOfPage\":{\"@id\":\"https:\/\/now-news.de\/de\/deutschland\/groesste-lithiumreserven-europas-im-blick-scholz-besucht-ueberraschend-belgrad\/\"},\"wordCount\":896,\"commentCount\":0,\"publisher\":{\"@id\":\"https:\/\/now-news.de\/de\/#organization\"},\"image\":{\"@id\":\"https:\/\/now-news.de\/de\/deutschland\/groesste-lithiumreserven-europas-im-blick-scholz-besucht-ueberraschend-belgrad\/#primaryimage\"},\"thumbnailUrl\":\"https:\/\/now-news.de\/de\/wp-content\/uploads\/sites\/3\/2024\/07\/Groesste-Lithiumreserven-Europas-im-Blick-Scholz-besucht-ueberraschend-Belgrad.jpg\",\"keywords\":[\"Belgrad\",\"besucht\",\"Blick\",\"Europas\",\"gr\u00f6\u00dfte\",\"Lithiumreserven\",\"Scholz\",\"\u00fcberraschend\"],\"articleSection\":[\"Deutschland\",\"Russland\"],\"inLanguage\":\"de\",\"potentialAction\":[{\"@type\":\"CommentAction\",\"name\":\"Comment\",\"target\":[\"https:\/\/now-news.de\/de\/deutschland\/groesste-lithiumreserven-europas-im-blick-scholz-besucht-ueberraschend-belgrad\/#respond\"]}]},{\"@type\":\"WebPage\",\"@id\":\"https:\/\/now-news.de\/de\/deutschland\/groesste-lithiumreserven-europas-im-blick-scholz-besucht-ueberraschend-belgrad\/\",\"url\":\"https:\/\/now-news.de\/de\/deutschland\/groesste-lithiumreserven-europas-im-blick-scholz-besucht-ueberraschend-belgrad\/\",\"name\":\"Gr\u00f6\u00dfte Lithiumreserven Europas im Blick: Scholz besucht \u00fcberraschend Belgrad - just-now.NEWS Deutschland\",\"isPartOf\":{\"@id\":\"https:\/\/now-news.de\/de\/#website\"},\"primaryImageOfPage\":{\"@id\":\"https:\/\/now-news.de\/de\/deutschland\/groesste-lithiumreserven-europas-im-blick-scholz-besucht-ueberraschend-belgrad\/#primaryimage\"},\"image\":{\"@id\":\"https:\/\/now-news.de\/de\/deutschland\/groesste-lithiumreserven-europas-im-blick-scholz-besucht-ueberraschend-belgrad\/#primaryimage\"},\"thumbnailUrl\":\"https:\/\/now-news.de\/de\/wp-content\/uploads\/sites\/3\/2024\/07\/Groesste-Lithiumreserven-Europas-im-Blick-Scholz-besucht-ueberraschend-Belgrad.jpg\",\"datePublished\":\"2024-07-18T09:12:52+00:00\",\"dateModified\":\"2024-07-18T09:12:52+00:00\",\"breadcrumb\":{\"@id\":\"https:\/\/now-news.de\/de\/deutschland\/groesste-lithiumreserven-europas-im-blick-scholz-besucht-ueberraschend-belgrad\/#breadcrumb\"},\"inLanguage\":\"de\",\"potentialAction\":[{\"@type\":\"ReadAction\",\"target\":[\"https:\/\/now-news.de\/de\/deutschland\/groesste-lithiumreserven-europas-im-blick-scholz-besucht-ueberraschend-belgrad\/\"]}]},{\"@type\":\"ImageObject\",\"inLanguage\":\"de\",\"@id\":\"https:\/\/now-news.de\/de\/deutschland\/groesste-lithiumreserven-europas-im-blick-scholz-besucht-ueberraschend-belgrad\/#primaryimage\",\"url\":\"https:\/\/now-news.de\/de\/wp-content\/uploads\/sites\/3\/2024\/07\/Groesste-Lithiumreserven-Europas-im-Blick-Scholz-besucht-ueberraschend-Belgrad.jpg\",\"contentUrl\":\"https:\/\/now-news.de\/de\/wp-content\/uploads\/sites\/3\/2024\/07\/Groesste-Lithiumreserven-Europas-im-Blick-Scholz-besucht-ueberraschend-Belgrad.jpg\",\"width\":460,\"height\":259,\"caption\":\"Gr\u00f6\u00dfte Lithiumreserven Europas im Blick: Scholz besucht \u00fcberraschend Belgrad\"},{\"@type\":\"BreadcrumbList\",\"@id\":\"https:\/\/now-news.de\/de\/deutschland\/groesste-lithiumreserven-europas-im-blick-scholz-besucht-ueberraschend-belgrad\/#breadcrumb\",\"itemListElement\":[{\"@type\":\"ListItem\",\"position\":1,\"name\":\"Home\",\"item\":\"https:\/\/now-news.de\/de\/\"},{\"@type\":\"ListItem\",\"position\":2,\"name\":\"Gr\u00f6\u00dfte Lithiumreserven Europas im Blick: Scholz besucht \u00fcberraschend Belgrad\"}]},{\"@type\":\"WebSite\",\"@id\":\"https:\/\/now-news.de\/de\/#website\",\"url\":\"https:\/\/now-news.de\/de\/\",\"name\":\"just-now.NEWS Deutschland\",\"description\":\"Das Portal f\u00fcr unzensierte Nachrichten aus der Welt\",\"publisher\":{\"@id\":\"https:\/\/now-news.de\/de\/#organization\"},\"potentialAction\":[{\"@type\":\"SearchAction\",\"target\":{\"@type\":\"EntryPoint\",\"urlTemplate\":\"https:\/\/now-news.de\/de\/?s={search_term_string}\"},\"query-input\":\"required name=search_term_string\"}],\"inLanguage\":\"de\"},{\"@type\":\"Organization\",\"@id\":\"https:\/\/now-news.de\/de\/#organization\",\"name\":\"Just Now News\",\"url\":\"https:\/\/now-news.de\/de\/\",\"logo\":{\"@type\":\"ImageObject\",\"inLanguage\":\"de\",\"@id\":\"https:\/\/now-news.de\/de\/#\/schema\/logo\/image\/\",\"url\":\"http:\/\/just-now.news\/de\/wp-content\/uploads\/sites\/3\/2022\/04\/logo500x500.jpg\",\"contentUrl\":\"http:\/\/just-now.news\/de\/wp-content\/uploads\/sites\/3\/2022\/04\/logo500x500.jpg\",\"width\":500,\"height\":500,\"caption\":\"Just Now News\"},\"image\":{\"@id\":\"https:\/\/now-news.de\/de\/#\/schema\/logo\/image\/\"},\"sameAs\":[\"https:\/\/www.facebook.com\/wirmachenauf\",\"https:\/\/x.com\/WirMachenAuf_de\"]},{\"@type\":\"Person\",\"@id\":\"https:\/\/now-news.de\/de\/#\/schema\/person\/fb534a4e865501d8b3285208df34a9b5\",\"name\":\"rtnews\",\"image\":{\"@type\":\"ImageObject\",\"inLanguage\":\"de\",\"@id\":\"https:\/\/now-news.de\/de\/#\/schema\/person\/image\/\",\"url\":\"https:\/\/secure.gravatar.com\/avatar\/82aafea7d8127119dd649515f56e2117?s=96&d=mm&r=g\",\"contentUrl\":\"https:\/\/secure.gravatar.com\/avatar\/82aafea7d8127119dd649515f56e2117?s=96&d=mm&r=g\",\"caption\":\"rtnews\"},\"url\":\"https:\/\/now-news.de\/de\/author\/rnews\/\"}]}<\/script>\n<!-- \/ Yoast SEO Premium plugin. -->","yoast_head_json":{"title":"Gr\u00f6\u00dfte Lithiumreserven Europas im Blick: Scholz besucht \u00fcberraschend Belgrad - just-now.NEWS Deutschland","robots":{"index":"index","follow":"follow","max-snippet":"max-snippet:-1","max-image-preview":"max-image-preview:large","max-video-preview":"max-video-preview:-1"},"canonical":"https:\/\/now-news.de\/de\/deutschland\/groesste-lithiumreserven-europas-im-blick-scholz-besucht-ueberraschend-belgrad\/","og_locale":"de_DE","og_type":"article","og_title":"Gr\u00f6\u00dfte Lithiumreserven Europas im Blick: Scholz besucht \u00fcberraschend Belgrad","og_description":"Der nicht gerade als &#8220;Serbenfreund&#8221; bekannte deutsche Bundeskanzler Olaf Scholz reist \u00fcberraschend nach Belgrad. Es geht dabei nicht um das wieder Aufladen der deutsch-serbischen Beziehungen, sondern schlicht und ergreifend um Batterien f\u00fcr deutsche E-Autos. Von Marinko U\u010dur Was ist der Hintergrund des f\u00fcr Freitag bevorstehenden pl\u00f6tzlichen und unangek\u00fcndigten Besuchs von Bundeskanzler Olaf Scholz in Belgrad? [&hellip;]","og_url":"https:\/\/now-news.de\/de\/deutschland\/groesste-lithiumreserven-europas-im-blick-scholz-besucht-ueberraschend-belgrad\/","og_site_name":"just-now.NEWS Deutschland","article_publisher":"https:\/\/www.facebook.com\/wirmachenauf","article_published_time":"2024-07-18T09:12:52+00:00","og_image":[{"url":"https:\/\/now-news.de\/de\/wp-content\/uploads\/sites\/3\/2024\/07\/6698c6ac48fbef1420499ac8.jpg"}],"author":"rtnews","twitter_card":"summary_large_image","twitter_creator":"@WirMachenAuf_de","twitter_site":"@WirMachenAuf_de","twitter_misc":{"Verfasst von":"rtnews","Gesch\u00e4tzte Lesezeit":"4\u00a0Minuten"},"schema":{"@context":"https:\/\/schema.org","@graph":[{"@type":"Article","@id":"https:\/\/now-news.de\/de\/deutschland\/groesste-lithiumreserven-europas-im-blick-scholz-besucht-ueberraschend-belgrad\/#article","isPartOf":{"@id":"https:\/\/now-news.de\/de\/deutschland\/groesste-lithiumreserven-europas-im-blick-scholz-besucht-ueberraschend-belgrad\/"},"author":{"name":"rtnews","@id":"https:\/\/now-news.de\/de\/#\/schema\/person\/fb534a4e865501d8b3285208df34a9b5"},"headline":"Gr\u00f6\u00dfte Lithiumreserven Europas im Blick: Scholz besucht \u00fcberraschend Belgrad","datePublished":"2024-07-18T09:12:52+00:00","dateModified":"2024-07-18T09:12:52+00:00","mainEntityOfPage":{"@id":"https:\/\/now-news.de\/de\/deutschland\/groesste-lithiumreserven-europas-im-blick-scholz-besucht-ueberraschend-belgrad\/"},"wordCount":896,"commentCount":0,"publisher":{"@id":"https:\/\/now-news.de\/de\/#organization"},"image":{"@id":"https:\/\/now-news.de\/de\/deutschland\/groesste-lithiumreserven-europas-im-blick-scholz-besucht-ueberraschend-belgrad\/#primaryimage"},"thumbnailUrl":"https:\/\/now-news.de\/de\/wp-content\/uploads\/sites\/3\/2024\/07\/Groesste-Lithiumreserven-Europas-im-Blick-Scholz-besucht-ueberraschend-Belgrad.jpg","keywords":["Belgrad","besucht","Blick","Europas","gr\u00f6\u00dfte","Lithiumreserven","Scholz","\u00fcberraschend"],"articleSection":["Deutschland","Russland"],"inLanguage":"de","potentialAction":[{"@type":"CommentAction","name":"Comment","target":["https:\/\/now-news.de\/de\/deutschland\/groesste-lithiumreserven-europas-im-blick-scholz-besucht-ueberraschend-belgrad\/#respond"]}]},{"@type":"WebPage","@id":"https:\/\/now-news.de\/de\/deutschland\/groesste-lithiumreserven-europas-im-blick-scholz-besucht-ueberraschend-belgrad\/","url":"https:\/\/now-news.de\/de\/deutschland\/groesste-lithiumreserven-europas-im-blick-scholz-besucht-ueberraschend-belgrad\/","name":"Gr\u00f6\u00dfte Lithiumreserven Europas im Blick: Scholz besucht \u00fcberraschend Belgrad - just-now.NEWS Deutschland","isPartOf":{"@id":"https:\/\/now-news.de\/de\/#website"},"primaryImageOfPage":{"@id":"https:\/\/now-news.de\/de\/deutschland\/groesste-lithiumreserven-europas-im-blick-scholz-besucht-ueberraschend-belgrad\/#primaryimage"},"image":{"@id":"https:\/\/now-news.de\/de\/deutschland\/groesste-lithiumreserven-europas-im-blick-scholz-besucht-ueberraschend-belgrad\/#primaryimage"},"thumbnailUrl":"https:\/\/now-news.de\/de\/wp-content\/uploads\/sites\/3\/2024\/07\/Groesste-Lithiumreserven-Europas-im-Blick-Scholz-besucht-ueberraschend-Belgrad.jpg","datePublished":"2024-07-18T09:12:52+00:00","dateModified":"2024-07-18T09:12:52+00:00","breadcrumb":{"@id":"https:\/\/now-news.de\/de\/deutschland\/groesste-lithiumreserven-europas-im-blick-scholz-besucht-ueberraschend-belgrad\/#breadcrumb"},"inLanguage":"de","potentialAction":[{"@type":"ReadAction","target":["https:\/\/now-news.de\/de\/deutschland\/groesste-lithiumreserven-europas-im-blick-scholz-besucht-ueberraschend-belgrad\/"]}]},{"@type":"ImageObject","inLanguage":"de","@id":"https:\/\/now-news.de\/de\/deutschland\/groesste-lithiumreserven-europas-im-blick-scholz-besucht-ueberraschend-belgrad\/#primaryimage","url":"https:\/\/now-news.de\/de\/wp-content\/uploads\/sites\/3\/2024\/07\/Groesste-Lithiumreserven-Europas-im-Blick-Scholz-besucht-ueberraschend-Belgrad.jpg","contentUrl":"https:\/\/now-news.de\/de\/wp-content\/uploads\/sites\/3\/2024\/07\/Groesste-Lithiumreserven-Europas-im-Blick-Scholz-besucht-ueberraschend-Belgrad.jpg","width":460,"height":259,"caption":"Gr\u00f6\u00dfte Lithiumreserven Europas im Blick: Scholz besucht \u00fcberraschend Belgrad"},{"@type":"BreadcrumbList","@id":"https:\/\/now-news.de\/de\/deutschland\/groesste-lithiumreserven-europas-im-blick-scholz-besucht-ueberraschend-belgrad\/#breadcrumb","itemListElement":[{"@type":"ListItem","position":1,"name":"Home","item":"https:\/\/now-news.de\/de\/"},{"@type":"ListItem","position":2,"name":"Gr\u00f6\u00dfte Lithiumreserven Europas im Blick: Scholz besucht \u00fcberraschend Belgrad"}]},{"@type":"WebSite","@id":"https:\/\/now-news.de\/de\/#website","url":"https:\/\/now-news.de\/de\/","name":"just-now.NEWS Deutschland","description":"Das Portal f\u00fcr unzensierte Nachrichten aus der Welt","publisher":{"@id":"https:\/\/now-news.de\/de\/#organization"},"potentialAction":[{"@type":"SearchAction","target":{"@type":"EntryPoint","urlTemplate":"https:\/\/now-news.de\/de\/?s={search_term_string}"},"query-input":"required name=search_term_string"}],"inLanguage":"de"},{"@type":"Organization","@id":"https:\/\/now-news.de\/de\/#organization","name":"Just Now News","url":"https:\/\/now-news.de\/de\/","logo":{"@type":"ImageObject","inLanguage":"de","@id":"https:\/\/now-news.de\/de\/#\/schema\/logo\/image\/","url":"http:\/\/just-now.news\/de\/wp-content\/uploads\/sites\/3\/2022\/04\/logo500x500.jpg","contentUrl":"http:\/\/just-now.news\/de\/wp-content\/uploads\/sites\/3\/2022\/04\/logo500x500.jpg","width":500,"height":500,"caption":"Just Now News"},"image":{"@id":"https:\/\/now-news.de\/de\/#\/schema\/logo\/image\/"},"sameAs":["https:\/\/www.facebook.com\/wirmachenauf","https:\/\/x.com\/WirMachenAuf_de"]},{"@type":"Person","@id":"https:\/\/now-news.de\/de\/#\/schema\/person\/fb534a4e865501d8b3285208df34a9b5","name":"rtnews","image":{"@type":"ImageObject","inLanguage":"de","@id":"https:\/\/now-news.de\/de\/#\/schema\/person\/image\/","url":"https:\/\/secure.gravatar.com\/avatar\/82aafea7d8127119dd649515f56e2117?s=96&d=mm&r=g","contentUrl":"https:\/\/secure.gravatar.com\/avatar\/82aafea7d8127119dd649515f56e2117?s=96&d=mm&r=g","caption":"rtnews"},"url":"https:\/\/now-news.de\/de\/author\/rnews\/"}]}},"_links":{"self":[{"href":"https:\/\/now-news.de\/de\/wp-json\/wp\/v2\/posts\/64991"}],"collection":[{"href":"https:\/\/now-news.de\/de\/wp-json\/wp\/v2\/posts"}],"about":[{"href":"https:\/\/now-news.de\/de\/wp-json\/wp\/v2\/types\/post"}],"author":[{"embeddable":true,"href":"https:\/\/now-news.de\/de\/wp-json\/wp\/v2\/users\/3"}],"replies":[{"embeddable":true,"href":"https:\/\/now-news.de\/de\/wp-json\/wp\/v2\/comments?post=64991"}],"version-history":[{"count":0,"href":"https:\/\/now-news.de\/de\/wp-json\/wp\/v2\/posts\/64991\/revisions"}],"wp:featuredmedia":[{"embeddable":true,"href":"https:\/\/now-news.de\/de\/wp-json\/wp\/v2\/media\/64992"}],"wp:attachment":[{"href":"https:\/\/now-news.de\/de\/wp-json\/wp\/v2\/media?parent=64991"}],"wp:term":[{"taxonomy":"category","embeddable":true,"href":"https:\/\/now-news.de\/de\/wp-json\/wp\/v2\/categories?post=64991"},{"taxonomy":"post_tag","embeddable":true,"href":"https:\/\/now-news.de\/de\/wp-json\/wp\/v2\/tags?post=64991"}],"curies":[{"name":"wp","href":"https:\/\/api.w.org\/{rel}","templated":true}]}}