{"id":64965,"date":"2024-07-17T21:29:36","date_gmt":"2024-07-17T19:29:36","guid":{"rendered":"https:\/\/now-news.de\/de\/deutschland\/was-der-sternfahrer-ijon-tichy-nach-seiner-legendaeren-zeitschleife-zu-sehen-bekam-iii\/"},"modified":"2024-07-17T21:29:36","modified_gmt":"2024-07-17T19:29:36","slug":"was-der-sternfahrer-ijon-tichy-nach-seiner-legendaeren-zeitschleife-zu-sehen-bekam-iii","status":"publish","type":"post","link":"https:\/\/now-news.de\/de\/deutschland\/was-der-sternfahrer-ijon-tichy-nach-seiner-legendaeren-zeitschleife-zu-sehen-bekam-iii\/","title":{"rendered":"Was der Sternfahrer Ijon Tichy nach seiner legend\u00e4ren Zeitschleife zu sehen bekam (III)"},"content":{"rendered":"<p><img decoding=\"async\" src=\"https:\/\/now-news.de\/de\/wp-content\/uploads\/sites\/3\/2024\/07\/66978b0cb480cc03b46a5113.jpg\" \/><\/p>\n<div class=\"Text-root Text-type_1 \">\n                &#8220;Das beste Regenbogenbunt*Land&#8221;, &#8220;Spionagesatelliten&#8221;, &#8220;Pan*Europien&#8221; und ein gewisser &#8220;Leberwurst Ole&#8221; \u2013 lesen Sie hier, wie es mit dem in seiner futuristischen Zeit einstmals ber\u00fchmten Sternfahrer Ijon Tichy weitergeht.\n            <\/div>\n<p><\/p>\n<div class=\"Text-root Text-type_5 ArticleView-text ViewText-root \">\n<p>Teil I finden Sie <a rel=\"nofollow noopener\" target=\"_blank\" href=\"https:\/\/freeassange.rtde.life\/meinung\/209481-was-kosmonaut-iowan-tichow-nach\/\">hier<\/a> \u2013 und Teil II <a rel=\"nofollow noopener\" target=\"_blank\" href=\"https:\/\/freeassange.rtde.life\/meinung\/210801-was-der-sternfahrer-ijon-tichy-nach-seiner-legendaeren-zeitschleife-zu-sehen-bekam-ii\/\">hier<\/a>.<\/p>\n<\/p>\n<p><em>Eine Lesermeinung von Mikhail Balzer<\/em><\/p>\n<p><em><\/em><\/p>\n<p><em>Der Satire dritter Teil: Eine unerwartete Bedrohung<\/em><\/p>\n<\/p>\n<p>Wie \u00fcberraschend und angenehm, wenn man endlich aufwacht und denkt &#8220;Dies alles war doch nur ein dummer Traum. Der ganze Irrsinn mit Zeitschleife, anschlie\u00dfendem R\u00fccksturz in Terraniens Vergangenheit und die Hybris damaliger Kriegspropaganda.&#8221; \u2026 so erging es Ijon Tichy, der nunmehr wieder in seiner eigenen Zeit und auf seinem Heimatplaneten war. Und doch st\u00f6rte da etwas, es war ein flaues Gef\u00fchl, das er nicht genau beschreiben konnte&#8230; Wie dem auch sei: nicht zu viel nachdenken, das macht nur misslaunig! Auch ert\u00f6nte schon die Stimme seiner Mutter, die ihn aus seinen Gedanken aufschrecken lie\u00df und zum Essen rief. Dies inmitten des Sommers, er selbstzufrieden auf der Blumenwiese hinter dem elterlichen Haus und um ihn das beruhigende Gesumme der Insekten \u2026 und dennoch wirkte alles merkw\u00fcrdig, &#8220;da stimmt doch etwas nicht&#8221;, dachte Ijon erneut \u2026<\/p>\n<p>&#8220;Komm schon, es eilt, Ijon,&#8230; Ijjjonnnnn !!!&#8221;, ert\u00f6nte es, nun mit etwas ver\u00e4nderter Stimmlage, die gar nicht mehr zu dem singenden Tonfall seiner Mutter passen wollte. Und da fielen auch schon riesige regenbogenfarbene Schmetterlinge vom Himmel, tauchte ein riesiger dunkler Zeigefinger vor der Sonne auf und \u00fcberhaupt verdunkelte sich der Himmel bedrohlich, um sich dann pl\u00f6tzlich in grellem Rauch aufzul\u00f6sen. &#8220;Letzter Aufruf, Ijon, Kollisionsalarm!!! Falls Sie binnen einer Minute nicht reagieren, \u00fcbernimmt der Autopilot die Kurskorrektur und weitere Ma\u00dfnahmen zur Eliminierung zweier Objekte auf Gegenkurs!&#8221;<\/p>\n<p>Rasch die Augen auf! Pl\u00f6tzlich war er wieder im Raumschiff, in einem Orbit um Terranien, und laut schrillte die Warnsirene: nichts mehr von Muttern, elterlichem Haus und Blumenwiese&#8230; aber zum Gl\u00fcck war auch der bedrohliche Zeigefinger weg! Ganz offensichtlich war diese Reise in seine Jugend nur ein Traum gewesen. &#8220;Schade, eigentlich h\u00e4tte ich gerne noch das Mittagessen und ein Gespr\u00e4ch mit meiner schon lange verstorbenen Mutter wahrgenommen&#8221;, dachte er, musste sich aber beeilen, um die notwendigen Ma\u00dfnahmen der Kurskorrektur pers\u00f6nlich vorzunehmen.<\/p>\n<p>Zun\u00e4chst die Computerautomatik stoppen; dann begann er die Exploration besagter kritischer Objekte. Am Fernexplorationsmonitor wurde nun sukzessive ein immer detailreicheres Bild mit allen erforderlichen Bahnparametern der Kollisionsk\u00f6rper entwickelt. Im ersten Moment dachte er noch &#8220;Wieder so ein terranischer Weltraumschrott&#8221; : In der zuk\u00fcnftigen Zeit sollte es solcherlei hingegen nicht mehr geben, waren doch alle Satelliten mit einer Selbstfragmentierungsautomatik ausgestattet. Diese l\u00f6ste irreversibel aus, wenn der Kontakt zur Terranischen Kontrollstelle abbrach, sich irregul\u00e4re oder gef\u00e4hrliche Parameter zeigten oder auch nur lapidar das Ende der Energieversorgung bevorstand. So hatte man sich der Problematik der tausenden Fremdk\u00f6rper im terranischen Orbit entledigt, die fr\u00fcher wie Schmei\u00dffliegen um einen gro\u00dfes Placken Kuhschei\u00dfe herumschwirrten. Aber nat\u00fcrlich: erst nach dem 21. Jahrhundert wurde diese Technik entwickelt. Und dies auch nur aufgrund der unliebsamen Mahnung schw\u00e4rmerisch veranlagter Zeitgenossen und von Liebhabern des Nachthimmels, die nicht einmal mehr die hellsten Sterne am Firmament genie\u00dfen konnten, weil sie st\u00e4ndig durch vorbeifliegende k\u00fcnstliche Himmelsk\u00f6rper verdunkelt wurden.<\/p>\n<p>Doch zur\u00fcck zum Monitor: Merkw\u00fcrdig, da waren zwei wirr schaukelnde, doch ziemlich nagelneue Satelliten, die f\u00fchrerlos in ihrer instabilen Umlaufbahn herumtrudelten. Interessant auch: er konnte milit\u00e4rische Aufschriften und die Flagge des besten Regenbogenbunt*Landes erkennen, umgeben von einem kreisrunden Sternenbanner Pan*Europiens. Rasch entschied er sich f\u00fcr ein kleines Ausweichman\u00f6ver, wollte er doch keine Aufmerksamkeit erregen, wenn diese zwei blinden Satelliten mittels eines Gravitationssoges eliminiert w\u00fcrden. Derartiges h\u00e4tte die menschlichen und k\u00fcnstlichen Gehirne Terraniens im 21. Jahrhundert v\u00f6llig \u00fcberfordert! Wenigstens wurde seine wissenschaftliche Neugier geweckt, denn der bisherige getarnte Alltag im Orbit war recht langweilig und \u00f6de. So setzte er rasch zwei kleine pechschwarze Tarntauben ab, welche sich nach ihrer irregul\u00e4ren, eben taubenhaften Ann\u00e4herung binnen weniger Minuten an die Au\u00dfenwand der terranischen Satelliten heften sollten. Selbstverst\u00e4ndlich besa\u00dfen diese getarnten, nur vogelgro\u00dfen Spionagesonden neben Scannern und Explorationsinstrumenten auch eine hocheffektive Selbsteliminierungstechnik, womit man sie mitsamt der anheftenden tonnenschweren Last jederzeit in die Singularit\u00e4t bef\u00f6rdern konnte.<\/p>\n<p>Die folgenden Tage waren erf\u00fcllt von den Untersuchungen der beiden terranischen Satelliten durch die applizierten Tarnkappenspione, der Ermittlung von Bahnkorrelationen und der Recherche der aktuellen Nachrichtenlage \u00fcber jene offenbar geisteskrank und f\u00fchrerlos gewordenen Artefakte. Endlich, dachte unser Sternfahrer, habe ich wieder eine wirkliche, eine wissenschaftliche Aufgabe! Und in der Tat: die akribische Analyse, welche Ijon durchf\u00fchrte mit der ihm eigenen Pedanterie aufgrund seines bisweilen etwas schwerm\u00fctigen Charakters und mit dem umfangreichen Wissen eines mehrfach ausgezeichneten &#8220;Universalen Weltraumingenieurs erster Kategorie mit Stern&#8221;, f\u00f6rderte Erstaunliches zutage. Es handelte sich bei den zur Diskussion stehenden Artefakten um die vorgeblich neueste Generation von Hightech-Spionagesatelliten des in massiver Aufr\u00fcstung befindlichen regenbogenbunten Landes. Diese Satelliten, best\u00fcckt mit schweineteurer KI-Technologie und neuesten \u00dcberwachungssystemen, waren bestimmt, eine kontinuierliche Weltraumaufkl\u00e4rung insbesondere auch des seinerzeit angeblich b\u00f6sartigsten und aggressivsten Landes auf Terranien zu unterst\u00fctzen. Der erstaunte Leser beachte, dass der Name dieses Landes, so wie der von Harry Potters bitterb\u00f6sem Gegenspieler &#8220;Lord Voldemo..&#8221; gar nicht ausgesprochen oder geschrieben werden darf! Selbst die ersatzweise Bezeichnung nur durch einen Buchstaben wie zum Beispiel &#8220;\u00df&#8221; oder &#8220;Z&#8221; ist bereits unter Strafe gestellt worden. Interessanterweise nicht unter Strafe gestellt ist hingegen die Erw\u00e4hnung und politische Kontaktaufnahme zu dem N*AZOFF Bataillon in Ukra*Tanien, das sich nun quasi aus seiner langj\u00e4hrigen braungef\u00e4rbten Schale als wei\u00dfes unschuldiges K\u00fcken herausgesch\u00e4lt hatte. Wobei die edlen Ritter gleichgeschalteter Journaille das unbedeutende Detail verschwiegen, dass im Innern dieser lupenrein-demokratischen K\u00fcken doch noch ein tiefbraunes Herz schlug.<\/p>\n<p>Doch nach diesem erl\u00e4uternden Exkurs in das damalige Orwell&#8217;sche Doppeldenk, nun zur\u00fcck zu den Analysen unseres Sternfahrers. Besagte Spionagesatelliten wurden nach jahrelanger Planung und Herstellung der Einzelteile in mehreren streng geheimen Fabriken (die sich zudem weit \u00fcber Pan*Europien verteilten) dann v\u00f6llig inkognito zusammengef\u00fcgt und via Tarnkappenschwerlastschiff in das Vereinigte Konglomerat von Trans*Teichnien bef\u00f6rdert. Dort ging es dann ebenso geheimnisumwittert und ungesehen weiter zur Abschussrampe von Schaum-X, dem gr\u00f6\u00dften kommerziellen Anbieter von orbitalen Abenteuern auf Recyclingbasis. Selbst der Start und die Einleitung in den vorgesehenen Orbit gelangen unerwartet problemlos. Und schon knallten die Schampuskorken in den Kontrollzentren nicht nur der milit\u00e4rischen Leitung in Regenbogenbunt*Land, sondern auch bei den geheimnisvollsten Diensten von NA*Tor, wo sich traditionell auch die Marionettenspielertruppe regelhaft ein Stelldichein gab. Selbstverst\u00e4ndlich durfte da auch der Orwell&#8217;sche Verteidigungsminister Baldovino Pistoletti, der inoffiziell auch noch Gesch\u00e4ftsf\u00fchrender und Erster Sekret\u00e4r der Geheimen Obersten Milit\u00e4rischen Leitungsbeh\u00f6rde seines Landes war, nicht fehlen. Fehlen sollte aber, weil gar ausgeladen, die &#8220;Spa\u00dfbremse&#8221;: ein b\u00fcrokratischer, etwas eng denkender und unflexibler Charakter namens &#8220;Leberwurst Ole&#8221; \u2013 von Amtes wegen Generalsekret\u00e4r von Regenbogenbunt*Land. Dieser hatte n\u00e4mlich bei einer fr\u00fcheren internen Besprechung in diesen geheimnisvollsten Zirkeln von Na*Tor gewagt, die saudumme Frage zu stellen, wie man es denn in Gottes Namen anstellen solle, der skeptisch gewordenen autochthonen Bev\u00f6lkerung Regenbogenbunt*Landes zu verkaufen, dass das Land jetzt sogar im Weltraum verteidigt werden m\u00fcsse. Wohl wollte er anschlie\u00dfend noch die Kostenfrage diskutieren und auch die Notwendigkeit hinterfragen, warum diese Satelliten denn \u00fcberhaupt \u00fcber dem Teich starten sollten \u2013 doch dazu kam er gar nicht mehr. Ein dichter Hauch eisigen Schweigens und unz\u00e4hlige pl\u00f6tzlich grauschwarze Gesichtsz\u00fcge verdeutlichten ihm, dass solcherlei Bagatellen \u00fcberhaupt keine Bedeutung h\u00e4tten und sie geboten ihm, fortan zu schweigen. Nach diesem unerw\u00fcnschten Ereignis wurde er vorsorglich aus dem geheimsten Zirkel ausgeschlossen, und statt seiner war nun nur noch der &#8220;nette Kumpel&#8221; Baldovino Pistoletti wohlgelitten.<\/p>\n<p>Doch das Knallen der Schaumweinkorken sollte alsbald verhallen, als pl\u00f6tzlich vermeldet wurde &#8220;Newton, wir haben ein Problem!&#8221;. N\u00e4mlich beide wunderwirksame Weltraum\u00fcberwachungsk\u00f6rper antworteten und reagierten nicht mit der vorbereiteten Abspreizung ihrer Schmetterlingsantennen. &#8220;Potz Blitz!&#8221; entfuhr es dem nun cholerisch entgleisenden &#8220;netten Kumpel&#8221;. &#8220;Wer hat denn diese Sch&#8230; zu verantworten?&#8221; Achselzucken hochdekorierter strategischer wie taktischer Waffenk\u00f6pfe folgten ebenso wie deren nicht mehr zu ertragendes Schweigen. Es begann sodann ein Drama in vier Akten mit gegenseitigen Schuldzuweisungen an Untergebene, Anfragen an die Herstellerfirmen, direkten Ordern an deren leitende Ingenieure (pardon: leidende Bologna-Bachelors) bis hin zu peinlichen Randnotizen an das v\u00f6llig \u00fcber jegliche Kritik erhabene Raumfahrtzentrum von Schaum-X. Und selbst die besten geheimnisvollsten Dienste aus dem Dunstkreis von Freunden und Unterst\u00fctzern des NA*Tor gaben sich ratlos \u2013 ganz so, wie seinerzeit, als die unterseeischen Oliven\u00f6lleitungen f\u00fcr nordische Veganer urpl\u00f6tzlich korrodiert (worden) waren. Selbst der Geheimnisvolldienst von Regenbogenbunt*Land konnte, auch aufgrund seiner allseits gesch\u00e4tzten Insuffizienz, beim besten Willen keine relevanten Informationen beisteuern, waren doch vor einiger Zeit dessen f\u00e4higste Generalsekret\u00e4re in den unfreiwilligen Ruhestand versetzt worden.<\/p>\n<p>G\u00e4nzlich unangenehm wurde es, als das Ganze etwa sechs Monate sp\u00e4ter an die Presse durchgesteckt wurde, welche wiederum allerhand zu tun hatte, diese ganze unangenehme Geschichte ein wenig zu verw\u00e4ssern. Dummerweise fragte dann doch irgendein offensichtlich betrunkener und kontrollverlustiger Redakteur, was denn diese ganze &#8220;Panne&#8221; gekostet h\u00e4tte. So schnell wie diese Nachricht rausgehauen war, konnte sie nicht mehr ver*Merkelt (sprich: r\u00fcckg\u00e4ngig gemacht) werden. Erneute cholerische Eruption beim &#8220;netten Kumpel&#8221;! Aber seine nervt\u00f6tenden Anrufe bei den Chefredakteuren halfen allesamt nicht mehr. Nun mussten also einige der ohnehin blanken Karten aufgedeckt werden, was ergab, dass man das Geld im Rahmen des &#8220;Private public partnership&#8221; vom privatwirtschaftlichen Kooperationspartner, also dem Hersteller der besagten orbitalen Blindg\u00e4nger zur\u00fcckholen wolle. Denn da diese ja nun nicht ordnungsgem\u00e4\u00df funktionierten, w\u00e4re der Gesamtvertrag nicht erf\u00fcllt. Erwartungsgem\u00e4\u00df verfiel besagter Kooperationspartner nun in Aktionismus, sprach von wiederholten Kontaktierungsversuchen der Spionagesatelliten und davon, dass noch nicht alles verloren w\u00e4re. Man wolle bestens mit den milit\u00e4risch Zust\u00e4ndigen zusammenarbeiten, um zu retten, was noch zu retten w\u00e4re (was auch immer das sei). Nun: Was sollten sie auch anderes tun, war doch die sch\u00f6n verdiente Geldsumme l\u00e4ngst verflogen und verraucht und allein deshalb gab es gar nichts mehr zu Ver*Merkeln. Wie zu erwarten, begann nun eine weitere Lawine gegenseitiger Schuldvorw\u00fcrfe, sogar gegen\u00fcber Schaum-X. Nur fragte sich hier selbst Ijon, was denn diese Firma mit dem Schaden zu schaffen haben sollte nach dem zweifelsfrei einwandfreien Raketenstart der darin verkapselten Satelliten.<\/p>\n<p>So war es nun doch an unserem Kosmonauten, die genaue Ursache zu recherchieren \u2013 um sie dann aber f\u00fcr sich zu behalten! Relativ einfach und nach nur drei Tagen konnte er die genaue Ursachenkette ermitteln, als die mikrometergenauen Scans der blinden Raumk\u00f6rper und ein Datenabgriff von den generierten KI-Speichermedien abgeschlossen waren. Dabei zeigte sich Erstaunliches: im Innern und an den Au\u00dfenw\u00e4nden beider Satelliten fanden sich die typischen verbackenen und irreversibel alles verklebenden Netzwerke der eierlegenden Wollmilchsau, dazu an leider technisch entscheidenden Stellen ein Mottenfra\u00df durch die mutierte Steinlaus. Die sich eigentlich nur geringf\u00fcgig auswirkenden Sch\u00e4den durch diese auf Terranien offiziell noch unbekannten Zivilisationsparasiten wollte er nun aber beim besten Willen nicht reparieren, war er doch \u00fcberzeugter Pazifist und Kleinsttierliebhaber. Zudem war er allzu neugierig auf den ulkigen Fortgang des Spektakels in den terranischen Medien und wollte zudem in Erfahrung bringen, wer in aller Welt denn die Spionagesatelliten mit den vermeintlich seinerzeit unbekannten Parasiten kontaminiert hatte.<\/p>\n<p><strong>Mehr zum Thema<\/strong> &#8211; <a rel=\"nofollow noopener\" target=\"_blank\" href=\"https:\/\/freeassange.rtde.life\/europa\/211103-london-pride-flagge-uebermalt-polizei\/\">London: &#8220;Pride-Flagge&#8221; \u00fcbermalt \u2013 Polizei ermittelt wegen &#8220;homophoben Hassverbrechen&#8221; <\/a><\/p>\n<div class=\"EmbedBlock-root EmbedBlock-externalVideo EmbedBlock-odysee\">\n<div class=\"VkEmbed\"><iframe class=\"lazyload\" data-src=\"https:\/\/odysee.com\/%24\/embed\/%40RTDE%3Ae%2FSacharowa-im-Compact-Interview---Was-mit-Deutschland-gemacht-wurde%2C-ist-Selbstmord-%3A0\" frameborder=\"0\" width=\"853\" height=\"480\" allowfullscreen><\/iframe><\/div>\n<\/div>\n<\/div>\n<p><br \/>\n<br \/><a href=\"https:\/\/de.rt.com\/meinung\/212625-was-sternfahrer-ijon-tichy-nach\/\">Source link <\/a><\/p>\n","protected":false},"excerpt":{"rendered":"<p>&#8220;Das beste Regenbogenbunt*Land&#8221;, &#8220;Spionagesatelliten&#8221;, &#8220;Pan*Europien&#8221; und ein gewisser &#8220;Leberwurst Ole&#8221; \u2013 lesen Sie hier, wie es mit dem in seiner futuristischen Zeit einstmals ber\u00fchmten Sternfahrer Ijon Tichy weitergeht. Teil I finden Sie hier \u2013 und Teil II hier. Eine Lesermeinung von Mikhail Balzer Der Satire dritter Teil: Eine unerwartete Bedrohung Wie \u00fcberraschend und angenehm, wenn [&hellip;]<\/p>\n","protected":false},"author":3,"featured_media":64966,"comment_status":"open","ping_status":"open","sticky":false,"template":"","format":"standard","meta":{"_yoast_indexnow_last_ping":["1721244679"],"wp_automatic_camp":["217"],"b73ae51399cc47e8c156280d1bee1887":["Was der Sternfahrer Ijon Tichy nach seiner legend\u00e4ren Zeitschleife zu sehen bekam (III)"],"original_link":["https:\/\/de.rt.com\/meinung\/212625-was-sternfahrer-ijon-tichy-nach\/"],"_thumbnail_id":["64966"],"jnews_social_counter_last_update":["1777683631"],"_wptgpro_p2tg_sent2tg":["a:1:{i:23737;s:19:\"2024-07-17 21:32:23\";}"]},"categories":[19,23],"tags":[45167,82,8642,55992,35594,979,8173,1607,55991,48093,55993],"yoast_head":"<!-- This site is optimized with the Yoast SEO Premium plugin v22.7 (Yoast SEO v22.7) - https:\/\/yoast.com\/wordpress\/plugins\/seo\/ -->\n<title>Was der Sternfahrer Ijon Tichy nach seiner legend\u00e4ren Zeitschleife zu sehen bekam (III) - just-now.NEWS Deutschland<\/title>\n<meta name=\"robots\" content=\"index, follow, max-snippet:-1, max-image-preview:large, max-video-preview:-1\" \/>\n<link rel=\"canonical\" href=\"https:\/\/now-news.de\/de\/deutschland\/was-der-sternfahrer-ijon-tichy-nach-seiner-legendaeren-zeitschleife-zu-sehen-bekam-iii\/\" \/>\n<meta property=\"og:locale\" content=\"de_DE\" \/>\n<meta property=\"og:type\" content=\"article\" \/>\n<meta property=\"og:title\" content=\"Was der Sternfahrer Ijon Tichy nach seiner legend\u00e4ren Zeitschleife zu sehen bekam (III)\" \/>\n<meta property=\"og:description\" content=\"&#8220;Das beste Regenbogenbunt*Land&#8221;, &#8220;Spionagesatelliten&#8221;, &#8220;Pan*Europien&#8221; und ein gewisser &#8220;Leberwurst Ole&#8221; \u2013 lesen Sie hier, wie es mit dem in seiner futuristischen Zeit einstmals ber\u00fchmten Sternfahrer Ijon Tichy weitergeht. Teil I finden Sie hier \u2013 und Teil II hier. Eine Lesermeinung von Mikhail Balzer Der Satire dritter Teil: Eine unerwartete Bedrohung Wie \u00fcberraschend und angenehm, wenn [&hellip;]\" \/>\n<meta property=\"og:url\" content=\"https:\/\/now-news.de\/de\/deutschland\/was-der-sternfahrer-ijon-tichy-nach-seiner-legendaeren-zeitschleife-zu-sehen-bekam-iii\/\" \/>\n<meta property=\"og:site_name\" content=\"just-now.NEWS Deutschland\" \/>\n<meta property=\"article:publisher\" content=\"https:\/\/www.facebook.com\/wirmachenauf\" \/>\n<meta property=\"article:published_time\" content=\"2024-07-17T19:29:36+00:00\" \/>\n<meta property=\"og:image\" content=\"https:\/\/now-news.de\/de\/wp-content\/uploads\/sites\/3\/2024\/07\/66978b0cb480cc03b46a5113.jpg\" \/>\n<meta name=\"author\" content=\"rtnews\" \/>\n<meta name=\"twitter:card\" content=\"summary_large_image\" \/>\n<meta name=\"twitter:creator\" content=\"@WirMachenAuf_de\" \/>\n<meta name=\"twitter:site\" content=\"@WirMachenAuf_de\" \/>\n<meta name=\"twitter:label1\" content=\"Verfasst von\" \/>\n\t<meta name=\"twitter:data1\" content=\"rtnews\" \/>\n\t<meta name=\"twitter:label2\" content=\"Gesch\u00e4tzte Lesezeit\" \/>\n\t<meta name=\"twitter:data2\" content=\"10\u00a0Minuten\" \/>\n<script type=\"application\/ld+json\" class=\"yoast-schema-graph\">{\"@context\":\"https:\/\/schema.org\",\"@graph\":[{\"@type\":\"Article\",\"@id\":\"https:\/\/now-news.de\/de\/deutschland\/was-der-sternfahrer-ijon-tichy-nach-seiner-legendaeren-zeitschleife-zu-sehen-bekam-iii\/#article\",\"isPartOf\":{\"@id\":\"https:\/\/now-news.de\/de\/deutschland\/was-der-sternfahrer-ijon-tichy-nach-seiner-legendaeren-zeitschleife-zu-sehen-bekam-iii\/\"},\"author\":{\"name\":\"rtnews\",\"@id\":\"https:\/\/now-news.de\/de\/#\/schema\/person\/fb534a4e865501d8b3285208df34a9b5\"},\"headline\":\"Was der Sternfahrer Ijon Tichy nach seiner legend\u00e4ren Zeitschleife zu sehen bekam (III)\",\"datePublished\":\"2024-07-17T19:29:36+00:00\",\"dateModified\":\"2024-07-17T19:29:36+00:00\",\"mainEntityOfPage\":{\"@id\":\"https:\/\/now-news.de\/de\/deutschland\/was-der-sternfahrer-ijon-tichy-nach-seiner-legendaeren-zeitschleife-zu-sehen-bekam-iii\/\"},\"wordCount\":1924,\"commentCount\":0,\"publisher\":{\"@id\":\"https:\/\/now-news.de\/de\/#organization\"},\"image\":{\"@id\":\"https:\/\/now-news.de\/de\/deutschland\/was-der-sternfahrer-ijon-tichy-nach-seiner-legendaeren-zeitschleife-zu-sehen-bekam-iii\/#primaryimage\"},\"thumbnailUrl\":\"https:\/\/now-news.de\/de\/wp-content\/uploads\/sites\/3\/2024\/07\/Was-der-Sternfahrer-Ijon-Tichy-nach-seiner-legendaeren-Zeitschleife-zu.jpg\",\"keywords\":[\"bekam\",\"der\",\"III\",\"Ijon\",\"legend\u00e4ren\",\"nach\",\"sehen\",\"seiner\",\"Sternfahrer\",\"Tichy\",\"Zeitschleife\"],\"articleSection\":[\"Deutschland\",\"Russland\"],\"inLanguage\":\"de\",\"potentialAction\":[{\"@type\":\"CommentAction\",\"name\":\"Comment\",\"target\":[\"https:\/\/now-news.de\/de\/deutschland\/was-der-sternfahrer-ijon-tichy-nach-seiner-legendaeren-zeitschleife-zu-sehen-bekam-iii\/#respond\"]}]},{\"@type\":\"WebPage\",\"@id\":\"https:\/\/now-news.de\/de\/deutschland\/was-der-sternfahrer-ijon-tichy-nach-seiner-legendaeren-zeitschleife-zu-sehen-bekam-iii\/\",\"url\":\"https:\/\/now-news.de\/de\/deutschland\/was-der-sternfahrer-ijon-tichy-nach-seiner-legendaeren-zeitschleife-zu-sehen-bekam-iii\/\",\"name\":\"Was der Sternfahrer Ijon Tichy nach seiner legend\u00e4ren Zeitschleife zu sehen bekam (III) - just-now.NEWS Deutschland\",\"isPartOf\":{\"@id\":\"https:\/\/now-news.de\/de\/#website\"},\"primaryImageOfPage\":{\"@id\":\"https:\/\/now-news.de\/de\/deutschland\/was-der-sternfahrer-ijon-tichy-nach-seiner-legendaeren-zeitschleife-zu-sehen-bekam-iii\/#primaryimage\"},\"image\":{\"@id\":\"https:\/\/now-news.de\/de\/deutschland\/was-der-sternfahrer-ijon-tichy-nach-seiner-legendaeren-zeitschleife-zu-sehen-bekam-iii\/#primaryimage\"},\"thumbnailUrl\":\"https:\/\/now-news.de\/de\/wp-content\/uploads\/sites\/3\/2024\/07\/Was-der-Sternfahrer-Ijon-Tichy-nach-seiner-legendaeren-Zeitschleife-zu.jpg\",\"datePublished\":\"2024-07-17T19:29:36+00:00\",\"dateModified\":\"2024-07-17T19:29:36+00:00\",\"breadcrumb\":{\"@id\":\"https:\/\/now-news.de\/de\/deutschland\/was-der-sternfahrer-ijon-tichy-nach-seiner-legendaeren-zeitschleife-zu-sehen-bekam-iii\/#breadcrumb\"},\"inLanguage\":\"de\",\"potentialAction\":[{\"@type\":\"ReadAction\",\"target\":[\"https:\/\/now-news.de\/de\/deutschland\/was-der-sternfahrer-ijon-tichy-nach-seiner-legendaeren-zeitschleife-zu-sehen-bekam-iii\/\"]}]},{\"@type\":\"ImageObject\",\"inLanguage\":\"de\",\"@id\":\"https:\/\/now-news.de\/de\/deutschland\/was-der-sternfahrer-ijon-tichy-nach-seiner-legendaeren-zeitschleife-zu-sehen-bekam-iii\/#primaryimage\",\"url\":\"https:\/\/now-news.de\/de\/wp-content\/uploads\/sites\/3\/2024\/07\/Was-der-Sternfahrer-Ijon-Tichy-nach-seiner-legendaeren-Zeitschleife-zu.jpg\",\"contentUrl\":\"https:\/\/now-news.de\/de\/wp-content\/uploads\/sites\/3\/2024\/07\/Was-der-Sternfahrer-Ijon-Tichy-nach-seiner-legendaeren-Zeitschleife-zu.jpg\",\"width\":460,\"height\":259,\"caption\":\"Was der Sternfahrer Ijon Tichy nach seiner legend\u00e4ren Zeitschleife zu sehen bekam (III)\"},{\"@type\":\"BreadcrumbList\",\"@id\":\"https:\/\/now-news.de\/de\/deutschland\/was-der-sternfahrer-ijon-tichy-nach-seiner-legendaeren-zeitschleife-zu-sehen-bekam-iii\/#breadcrumb\",\"itemListElement\":[{\"@type\":\"ListItem\",\"position\":1,\"name\":\"Home\",\"item\":\"https:\/\/now-news.de\/de\/\"},{\"@type\":\"ListItem\",\"position\":2,\"name\":\"Was der Sternfahrer Ijon Tichy nach seiner legend\u00e4ren Zeitschleife zu sehen bekam (III)\"}]},{\"@type\":\"WebSite\",\"@id\":\"https:\/\/now-news.de\/de\/#website\",\"url\":\"https:\/\/now-news.de\/de\/\",\"name\":\"just-now.NEWS Deutschland\",\"description\":\"Das Portal f\u00fcr unzensierte Nachrichten aus der Welt\",\"publisher\":{\"@id\":\"https:\/\/now-news.de\/de\/#organization\"},\"potentialAction\":[{\"@type\":\"SearchAction\",\"target\":{\"@type\":\"EntryPoint\",\"urlTemplate\":\"https:\/\/now-news.de\/de\/?s={search_term_string}\"},\"query-input\":\"required name=search_term_string\"}],\"inLanguage\":\"de\"},{\"@type\":\"Organization\",\"@id\":\"https:\/\/now-news.de\/de\/#organization\",\"name\":\"Just Now News\",\"url\":\"https:\/\/now-news.de\/de\/\",\"logo\":{\"@type\":\"ImageObject\",\"inLanguage\":\"de\",\"@id\":\"https:\/\/now-news.de\/de\/#\/schema\/logo\/image\/\",\"url\":\"http:\/\/just-now.news\/de\/wp-content\/uploads\/sites\/3\/2022\/04\/logo500x500.jpg\",\"contentUrl\":\"http:\/\/just-now.news\/de\/wp-content\/uploads\/sites\/3\/2022\/04\/logo500x500.jpg\",\"width\":500,\"height\":500,\"caption\":\"Just Now News\"},\"image\":{\"@id\":\"https:\/\/now-news.de\/de\/#\/schema\/logo\/image\/\"},\"sameAs\":[\"https:\/\/www.facebook.com\/wirmachenauf\",\"https:\/\/x.com\/WirMachenAuf_de\"]},{\"@type\":\"Person\",\"@id\":\"https:\/\/now-news.de\/de\/#\/schema\/person\/fb534a4e865501d8b3285208df34a9b5\",\"name\":\"rtnews\",\"image\":{\"@type\":\"ImageObject\",\"inLanguage\":\"de\",\"@id\":\"https:\/\/now-news.de\/de\/#\/schema\/person\/image\/\",\"url\":\"https:\/\/secure.gravatar.com\/avatar\/82aafea7d8127119dd649515f56e2117?s=96&d=mm&r=g\",\"contentUrl\":\"https:\/\/secure.gravatar.com\/avatar\/82aafea7d8127119dd649515f56e2117?s=96&d=mm&r=g\",\"caption\":\"rtnews\"},\"url\":\"https:\/\/now-news.de\/de\/author\/rnews\/\"}]}<\/script>\n<!-- \/ Yoast SEO Premium plugin. -->","yoast_head_json":{"title":"Was der Sternfahrer Ijon Tichy nach seiner legend\u00e4ren Zeitschleife zu sehen bekam (III) - just-now.NEWS Deutschland","robots":{"index":"index","follow":"follow","max-snippet":"max-snippet:-1","max-image-preview":"max-image-preview:large","max-video-preview":"max-video-preview:-1"},"canonical":"https:\/\/now-news.de\/de\/deutschland\/was-der-sternfahrer-ijon-tichy-nach-seiner-legendaeren-zeitschleife-zu-sehen-bekam-iii\/","og_locale":"de_DE","og_type":"article","og_title":"Was der Sternfahrer Ijon Tichy nach seiner legend\u00e4ren Zeitschleife zu sehen bekam (III)","og_description":"&#8220;Das beste Regenbogenbunt*Land&#8221;, &#8220;Spionagesatelliten&#8221;, &#8220;Pan*Europien&#8221; und ein gewisser &#8220;Leberwurst Ole&#8221; \u2013 lesen Sie hier, wie es mit dem in seiner futuristischen Zeit einstmals ber\u00fchmten Sternfahrer Ijon Tichy weitergeht. Teil I finden Sie hier \u2013 und Teil II hier. Eine Lesermeinung von Mikhail Balzer Der Satire dritter Teil: Eine unerwartete Bedrohung Wie \u00fcberraschend und angenehm, wenn [&hellip;]","og_url":"https:\/\/now-news.de\/de\/deutschland\/was-der-sternfahrer-ijon-tichy-nach-seiner-legendaeren-zeitschleife-zu-sehen-bekam-iii\/","og_site_name":"just-now.NEWS Deutschland","article_publisher":"https:\/\/www.facebook.com\/wirmachenauf","article_published_time":"2024-07-17T19:29:36+00:00","og_image":[{"url":"https:\/\/now-news.de\/de\/wp-content\/uploads\/sites\/3\/2024\/07\/66978b0cb480cc03b46a5113.jpg"}],"author":"rtnews","twitter_card":"summary_large_image","twitter_creator":"@WirMachenAuf_de","twitter_site":"@WirMachenAuf_de","twitter_misc":{"Verfasst von":"rtnews","Gesch\u00e4tzte Lesezeit":"10\u00a0Minuten"},"schema":{"@context":"https:\/\/schema.org","@graph":[{"@type":"Article","@id":"https:\/\/now-news.de\/de\/deutschland\/was-der-sternfahrer-ijon-tichy-nach-seiner-legendaeren-zeitschleife-zu-sehen-bekam-iii\/#article","isPartOf":{"@id":"https:\/\/now-news.de\/de\/deutschland\/was-der-sternfahrer-ijon-tichy-nach-seiner-legendaeren-zeitschleife-zu-sehen-bekam-iii\/"},"author":{"name":"rtnews","@id":"https:\/\/now-news.de\/de\/#\/schema\/person\/fb534a4e865501d8b3285208df34a9b5"},"headline":"Was der Sternfahrer Ijon Tichy nach seiner legend\u00e4ren Zeitschleife zu sehen bekam (III)","datePublished":"2024-07-17T19:29:36+00:00","dateModified":"2024-07-17T19:29:36+00:00","mainEntityOfPage":{"@id":"https:\/\/now-news.de\/de\/deutschland\/was-der-sternfahrer-ijon-tichy-nach-seiner-legendaeren-zeitschleife-zu-sehen-bekam-iii\/"},"wordCount":1924,"commentCount":0,"publisher":{"@id":"https:\/\/now-news.de\/de\/#organization"},"image":{"@id":"https:\/\/now-news.de\/de\/deutschland\/was-der-sternfahrer-ijon-tichy-nach-seiner-legendaeren-zeitschleife-zu-sehen-bekam-iii\/#primaryimage"},"thumbnailUrl":"https:\/\/now-news.de\/de\/wp-content\/uploads\/sites\/3\/2024\/07\/Was-der-Sternfahrer-Ijon-Tichy-nach-seiner-legendaeren-Zeitschleife-zu.jpg","keywords":["bekam","der","III","Ijon","legend\u00e4ren","nach","sehen","seiner","Sternfahrer","Tichy","Zeitschleife"],"articleSection":["Deutschland","Russland"],"inLanguage":"de","potentialAction":[{"@type":"CommentAction","name":"Comment","target":["https:\/\/now-news.de\/de\/deutschland\/was-der-sternfahrer-ijon-tichy-nach-seiner-legendaeren-zeitschleife-zu-sehen-bekam-iii\/#respond"]}]},{"@type":"WebPage","@id":"https:\/\/now-news.de\/de\/deutschland\/was-der-sternfahrer-ijon-tichy-nach-seiner-legendaeren-zeitschleife-zu-sehen-bekam-iii\/","url":"https:\/\/now-news.de\/de\/deutschland\/was-der-sternfahrer-ijon-tichy-nach-seiner-legendaeren-zeitschleife-zu-sehen-bekam-iii\/","name":"Was der Sternfahrer Ijon Tichy nach seiner legend\u00e4ren Zeitschleife zu sehen bekam (III) - just-now.NEWS Deutschland","isPartOf":{"@id":"https:\/\/now-news.de\/de\/#website"},"primaryImageOfPage":{"@id":"https:\/\/now-news.de\/de\/deutschland\/was-der-sternfahrer-ijon-tichy-nach-seiner-legendaeren-zeitschleife-zu-sehen-bekam-iii\/#primaryimage"},"image":{"@id":"https:\/\/now-news.de\/de\/deutschland\/was-der-sternfahrer-ijon-tichy-nach-seiner-legendaeren-zeitschleife-zu-sehen-bekam-iii\/#primaryimage"},"thumbnailUrl":"https:\/\/now-news.de\/de\/wp-content\/uploads\/sites\/3\/2024\/07\/Was-der-Sternfahrer-Ijon-Tichy-nach-seiner-legendaeren-Zeitschleife-zu.jpg","datePublished":"2024-07-17T19:29:36+00:00","dateModified":"2024-07-17T19:29:36+00:00","breadcrumb":{"@id":"https:\/\/now-news.de\/de\/deutschland\/was-der-sternfahrer-ijon-tichy-nach-seiner-legendaeren-zeitschleife-zu-sehen-bekam-iii\/#breadcrumb"},"inLanguage":"de","potentialAction":[{"@type":"ReadAction","target":["https:\/\/now-news.de\/de\/deutschland\/was-der-sternfahrer-ijon-tichy-nach-seiner-legendaeren-zeitschleife-zu-sehen-bekam-iii\/"]}]},{"@type":"ImageObject","inLanguage":"de","@id":"https:\/\/now-news.de\/de\/deutschland\/was-der-sternfahrer-ijon-tichy-nach-seiner-legendaeren-zeitschleife-zu-sehen-bekam-iii\/#primaryimage","url":"https:\/\/now-news.de\/de\/wp-content\/uploads\/sites\/3\/2024\/07\/Was-der-Sternfahrer-Ijon-Tichy-nach-seiner-legendaeren-Zeitschleife-zu.jpg","contentUrl":"https:\/\/now-news.de\/de\/wp-content\/uploads\/sites\/3\/2024\/07\/Was-der-Sternfahrer-Ijon-Tichy-nach-seiner-legendaeren-Zeitschleife-zu.jpg","width":460,"height":259,"caption":"Was der Sternfahrer Ijon Tichy nach seiner legend\u00e4ren Zeitschleife zu sehen bekam (III)"},{"@type":"BreadcrumbList","@id":"https:\/\/now-news.de\/de\/deutschland\/was-der-sternfahrer-ijon-tichy-nach-seiner-legendaeren-zeitschleife-zu-sehen-bekam-iii\/#breadcrumb","itemListElement":[{"@type":"ListItem","position":1,"name":"Home","item":"https:\/\/now-news.de\/de\/"},{"@type":"ListItem","position":2,"name":"Was der Sternfahrer Ijon Tichy nach seiner legend\u00e4ren Zeitschleife zu sehen bekam (III)"}]},{"@type":"WebSite","@id":"https:\/\/now-news.de\/de\/#website","url":"https:\/\/now-news.de\/de\/","name":"just-now.NEWS Deutschland","description":"Das Portal f\u00fcr unzensierte Nachrichten aus der Welt","publisher":{"@id":"https:\/\/now-news.de\/de\/#organization"},"potentialAction":[{"@type":"SearchAction","target":{"@type":"EntryPoint","urlTemplate":"https:\/\/now-news.de\/de\/?s={search_term_string}"},"query-input":"required name=search_term_string"}],"inLanguage":"de"},{"@type":"Organization","@id":"https:\/\/now-news.de\/de\/#organization","name":"Just Now News","url":"https:\/\/now-news.de\/de\/","logo":{"@type":"ImageObject","inLanguage":"de","@id":"https:\/\/now-news.de\/de\/#\/schema\/logo\/image\/","url":"http:\/\/just-now.news\/de\/wp-content\/uploads\/sites\/3\/2022\/04\/logo500x500.jpg","contentUrl":"http:\/\/just-now.news\/de\/wp-content\/uploads\/sites\/3\/2022\/04\/logo500x500.jpg","width":500,"height":500,"caption":"Just Now News"},"image":{"@id":"https:\/\/now-news.de\/de\/#\/schema\/logo\/image\/"},"sameAs":["https:\/\/www.facebook.com\/wirmachenauf","https:\/\/x.com\/WirMachenAuf_de"]},{"@type":"Person","@id":"https:\/\/now-news.de\/de\/#\/schema\/person\/fb534a4e865501d8b3285208df34a9b5","name":"rtnews","image":{"@type":"ImageObject","inLanguage":"de","@id":"https:\/\/now-news.de\/de\/#\/schema\/person\/image\/","url":"https:\/\/secure.gravatar.com\/avatar\/82aafea7d8127119dd649515f56e2117?s=96&d=mm&r=g","contentUrl":"https:\/\/secure.gravatar.com\/avatar\/82aafea7d8127119dd649515f56e2117?s=96&d=mm&r=g","caption":"rtnews"},"url":"https:\/\/now-news.de\/de\/author\/rnews\/"}]}},"_links":{"self":[{"href":"https:\/\/now-news.de\/de\/wp-json\/wp\/v2\/posts\/64965"}],"collection":[{"href":"https:\/\/now-news.de\/de\/wp-json\/wp\/v2\/posts"}],"about":[{"href":"https:\/\/now-news.de\/de\/wp-json\/wp\/v2\/types\/post"}],"author":[{"embeddable":true,"href":"https:\/\/now-news.de\/de\/wp-json\/wp\/v2\/users\/3"}],"replies":[{"embeddable":true,"href":"https:\/\/now-news.de\/de\/wp-json\/wp\/v2\/comments?post=64965"}],"version-history":[{"count":0,"href":"https:\/\/now-news.de\/de\/wp-json\/wp\/v2\/posts\/64965\/revisions"}],"wp:featuredmedia":[{"embeddable":true,"href":"https:\/\/now-news.de\/de\/wp-json\/wp\/v2\/media\/64966"}],"wp:attachment":[{"href":"https:\/\/now-news.de\/de\/wp-json\/wp\/v2\/media?parent=64965"}],"wp:term":[{"taxonomy":"category","embeddable":true,"href":"https:\/\/now-news.de\/de\/wp-json\/wp\/v2\/categories?post=64965"},{"taxonomy":"post_tag","embeddable":true,"href":"https:\/\/now-news.de\/de\/wp-json\/wp\/v2\/tags?post=64965"}],"curies":[{"name":"wp","href":"https:\/\/api.w.org\/{rel}","templated":true}]}}