{"id":64953,"date":"2024-07-17T19:01:27","date_gmt":"2024-07-17T17:01:27","guid":{"rendered":"https:\/\/now-news.de\/de\/deutschland\/donald-trump-jr-attentatsversuch-veraenderte-meinen-vater\/"},"modified":"2024-07-17T19:01:27","modified_gmt":"2024-07-17T17:01:27","slug":"donald-trump-jr-attentatsversuch-veraenderte-meinen-vater","status":"publish","type":"post","link":"https:\/\/now-news.de\/de\/deutschland\/donald-trump-jr-attentatsversuch-veraenderte-meinen-vater\/","title":{"rendered":"Donald Trump Jr.: Attentatsversuch ver\u00e4nderte meinen Vater"},"content":{"rendered":"<p><img decoding=\"async\" src=\"https:\/\/now-news.de\/de\/wp-content\/uploads\/sites\/3\/2024\/07\/6697d94db480cc2b4f499fd5.jpg\" \/><\/p>\n<div class=\"Text-root Text-type_1 \">\n                Donald Trump wird &#8220;sein Bestes tun&#8221;, um seine Botschaft nach seiner Begegnung mit dem Tod &#8220;zu m\u00e4\u00dfigen&#8221;, hat sein Sohn gesagt. Der ehemalige US-Pr\u00e4sident kam am Samstag beinahe ums Leben, als eine Kugel nur wenige Millimeter von seinem Sch\u00e4del entfernt vorbeiflog. Die Kugel streifte sein Ohr und f\u00fchrte zu Blutverlust.\n            <\/div>\n<p><\/p>\n<div class=\"Text-root Text-type_5 ArticleView-text ViewText-root \">\n<p>Der fr\u00fchere US-Pr\u00e4sident Donald Trump hat sich durch das Attentat vom Wochenende <em>&#8220;dauerhaft ver\u00e4ndert&#8221;<\/em> und wird in Zukunft eine gem\u00e4\u00dfigtere Figur sein, so sein Sohn Donald Jr. gegen\u00fcber <em>Axios<\/em>.<\/p>\n<p>Trump entging am Samstag bei einer Wahlkampfveranstaltung in Butler, Pennsylvania, nur knapp dem Tod, als die Kugel eines Attent\u00e4ters sein Ohr streifte und an seinem Kopf vorbeizischte. Der Attent\u00e4ter schoss von einem Dach etwa 150 Meter von der B\u00fchne entfernt und t\u00f6tete einen Zuschauer der Kundgebung und verwundete zwei weitere, bevor er von Scharfsch\u00fctzen des US-Geheimdienstes erschossen wurde.<\/p>\n<p>Im Gespr\u00e4ch mit<em> Axios<\/em> am Rande der republikanischen Nationalversammlung (RNC) in Wisconsin sagte Trump Jr. am Dienstag, dass er mit seiner Familie beim Angeln war, als seine Verlobte ihm mitteilte, dass sein Vater angeschossen worden sei.<\/p>\n<p><em>&#8220;Kim rief mich an und sagte: &#8216;Dein Vater wurde angeschossen'&#8221;<\/em>, erinnerte sich Trump Jr. und f\u00fcgte hinzu: <em>&#8220;Es dauerte 90 Minuten, bis ich wusste, dass er noch am Leben war.&#8221;<\/em><\/p>\n<p>Trump stand fast sofort nach den Sch\u00fcssen wieder auf, reckte die Faust in die Luft und rief seine Anh\u00e4nger zum <em>&#8220;Kampf&#8221;<\/em> auf, bevor er von Agenten des Geheimdienstes weggef\u00fchrt wurde.<\/p>\n<p>Trumps Trotz ist jedoch offenbar einem vers\u00f6hnlicheren Ansatz in der Politik gewichen. Gegen\u00fcber der <em>New York Post<\/em> sagte der republikanische US-Pr\u00e4sidentschaftskandidat am Sonntag, er habe <em>&#8220;eine extrem harte Rede [&#8230;] \u00fcber die korrupte, schreckliche Regierung&#8221;<\/em> geschrieben, die er am Donnerstag auf dem RNC-Kongress halten wollte, habe sie aber <em>&#8220;weggeworfen&#8221;<\/em> und nach dem Attentat mit der Arbeit an einer Rede begonnen, die <em>&#8220;unser Land vereinen&#8221;<\/em> sollte.<\/p>\n<p><em>&#8220;Wissen Sie, ich glaube, das h\u00e4lt an&#8221;<\/em>, sagte Trump Jr. \u00fcber die offensichtliche Milderung seines Vaters. <em>&#8220;Es gibt Ereignisse, die dich f\u00fcr ein paar Minuten ver\u00e4ndern, und es gibt Ereignisse, die dich dauerhaft ver\u00e4ndern.&#8221;<\/em><\/p>\n<p><em>&#8220;Jetzt ist es wieder Trump, also wird er immer noch reaktion\u00e4r sein&#8221;<\/em>, f\u00fcgte Trump Jr. hinzu. <em>&#8220;[Trump wird] immer ein K\u00e4mpfer sein, das wird sich nie \u00e4ndern, aber er wird, denke ich, sein Bestes tun, um das zu m\u00e4\u00dfigen, wo es n\u00f6tig ist.&#8221;<\/em><\/p>\n<p><em>&#8220;Er wird hart sein, wenn er es sein muss&#8221;<\/em>, fuhr er fort. <em>&#8220;Das haben wir gesehen, er wird sich nie \u00e4ndern. Aber ich denke, es wird etwas geben. Ich denke, dass dies bedeutsame Ereignisse sind, die Menschen dauerhaft ver\u00e4ndern.&#8221;<\/em><\/p>\n<p>Trump Jr. sagte gegen\u00fcber <em>Axios<\/em>, dass er mit seinem Vater an der urspr\u00fcnglichen Rede gearbeitet habe, die er als <em>&#8220;hei\u00df&#8221;<\/em> bezeichnete.<\/p>\n<p><em>&#8220;Und nebenbei bemerkt, ich denke, dass es wahrscheinlich zu dieser Zeit h\u00e4tte sein sollen&#8221;<\/em>, sagte er.<em> &#8220;Aber wie gesagt, vieles \u00e4ndert sich, wenn einem erst mal ins Gesicht geschossen wurde.&#8221;<\/em><\/p>\n<p>Am Montag\u00a0beim RNC hatte Trump seinen ersten \u00f6ffentlichen Auftritt nach dem Attentat\u00a0und wirkte sichtlich bewegt, als er unter tosendem Applaus die Veranstaltung betrat. Er wurde am selben Tag offiziell als Kandidat seiner Partei best\u00e4tigt, der bei den Wahlen im November US-Pr\u00e4sident Joe Biden herausfordern soll, und wird am Donnerstag auf dem Parteitag sprechen.<\/p>\n<p><strong>Mehr zum Thema<\/strong>\u00a0\u2012 <a rel=\"nofollow noopener\" target=\"_blank\" href=\"https:\/\/freeassange.rtde.life\/nordamerika\/212512-medienbericht-schuetze-vom-trump-attentat\/\">Medienbericht: Sch\u00fctze vom Trump-Attentat bereits 30 Minuten vor dem Ereignis gesichtet<\/a><\/p>\n<div class=\"EmbedBlock-root EmbedBlock-externalVideo EmbedBlock-odysee\">\n<div class=\"VkEmbed\"><iframe class=\"lazyload\" data-src=\"https:\/\/odysee.com\/%24\/embed\/%40RTDE%3Ae%2FZuschauer-informieren-Polizei-%C3%BCber-Attent%C3%A4ter-%E2%80%93-zwei-Minuten-vor-Schuss-auf-Trump%3A6\" frameborder=\"0\" width=\"853\" height=\"480\" allowfullscreen><\/iframe><\/div>\n<\/div>\n<\/div>\n<p><br \/>\n<br \/><a href=\"https:\/\/de.rt.com\/nordamerika\/212696-donald-trump-jr-attentatsversuch-veraenderte\/\">Source link <\/a><\/p>\n","protected":false},"excerpt":{"rendered":"<p>Donald Trump wird &#8220;sein Bestes tun&#8221;, um seine Botschaft nach seiner Begegnung mit dem Tod &#8220;zu m\u00e4\u00dfigen&#8221;, hat sein Sohn gesagt. Der ehemalige US-Pr\u00e4sident kam am Samstag beinahe ums Leben, als eine Kugel nur wenige Millimeter von seinem Sch\u00e4del entfernt vorbeiflog. Die Kugel streifte sein Ohr und f\u00fchrte zu Blutverlust. Der fr\u00fchere US-Pr\u00e4sident Donald Trump [&hellip;]<\/p>\n","protected":false},"author":3,"featured_media":64954,"comment_status":"open","ping_status":"open","sticky":false,"template":"","format":"standard","meta":{"_yoast_indexnow_last_ping":["1721235982"],"wp_automatic_camp":["217"],"45b225a01516c4907322516b78a2d85b":["Donald Trump Jr.: Attentatsversuch ver\u00e4nderte meinen Vater"],"original_link":["https:\/\/de.rt.com\/nordamerika\/212696-donald-trump-jr-attentatsversuch-veraenderte\/"],"_thumbnail_id":["64954"],"jnews_social_counter_last_update":["1777324719"],"_wptgpro_p2tg_sent2tg":["a:1:{i:23737;s:19:\"2024-07-17 19:07:20\";}"]},"categories":[19,23],"tags":[27244,3129,26576,1639,19980,33754],"yoast_head":"<!-- This site is optimized with the Yoast SEO Premium plugin v22.7 (Yoast SEO v22.7) - https:\/\/yoast.com\/wordpress\/plugins\/seo\/ -->\n<title>Donald Trump Jr.: Attentatsversuch ver\u00e4nderte meinen Vater - just-now.NEWS Deutschland<\/title>\n<meta name=\"robots\" content=\"index, follow, max-snippet:-1, max-image-preview:large, max-video-preview:-1\" \/>\n<link rel=\"canonical\" href=\"https:\/\/now-news.de\/de\/deutschland\/donald-trump-jr-attentatsversuch-veraenderte-meinen-vater\/\" \/>\n<meta property=\"og:locale\" content=\"de_DE\" \/>\n<meta property=\"og:type\" content=\"article\" \/>\n<meta property=\"og:title\" content=\"Donald Trump Jr.: Attentatsversuch ver\u00e4nderte meinen Vater\" \/>\n<meta property=\"og:description\" content=\"Donald Trump wird &#8220;sein Bestes tun&#8221;, um seine Botschaft nach seiner Begegnung mit dem Tod &#8220;zu m\u00e4\u00dfigen&#8221;, hat sein Sohn gesagt. Der ehemalige US-Pr\u00e4sident kam am Samstag beinahe ums Leben, als eine Kugel nur wenige Millimeter von seinem Sch\u00e4del entfernt vorbeiflog. Die Kugel streifte sein Ohr und f\u00fchrte zu Blutverlust. Der fr\u00fchere US-Pr\u00e4sident Donald Trump [&hellip;]\" \/>\n<meta property=\"og:url\" content=\"https:\/\/now-news.de\/de\/deutschland\/donald-trump-jr-attentatsversuch-veraenderte-meinen-vater\/\" \/>\n<meta property=\"og:site_name\" content=\"just-now.NEWS Deutschland\" \/>\n<meta property=\"article:publisher\" content=\"https:\/\/www.facebook.com\/wirmachenauf\" \/>\n<meta property=\"article:published_time\" content=\"2024-07-17T17:01:27+00:00\" \/>\n<meta property=\"og:image\" content=\"https:\/\/now-news.de\/de\/wp-content\/uploads\/sites\/3\/2024\/07\/6697d94db480cc2b4f499fd5.jpg\" \/>\n<meta name=\"author\" content=\"rtnews\" \/>\n<meta name=\"twitter:card\" content=\"summary_large_image\" \/>\n<meta name=\"twitter:creator\" content=\"@WirMachenAuf_de\" \/>\n<meta name=\"twitter:site\" content=\"@WirMachenAuf_de\" \/>\n<meta name=\"twitter:label1\" content=\"Verfasst von\" \/>\n\t<meta name=\"twitter:data1\" content=\"rtnews\" \/>\n\t<meta name=\"twitter:label2\" content=\"Gesch\u00e4tzte Lesezeit\" \/>\n\t<meta name=\"twitter:data2\" content=\"3\u00a0Minuten\" \/>\n<script type=\"application\/ld+json\" class=\"yoast-schema-graph\">{\"@context\":\"https:\/\/schema.org\",\"@graph\":[{\"@type\":\"Article\",\"@id\":\"https:\/\/now-news.de\/de\/deutschland\/donald-trump-jr-attentatsversuch-veraenderte-meinen-vater\/#article\",\"isPartOf\":{\"@id\":\"https:\/\/now-news.de\/de\/deutschland\/donald-trump-jr-attentatsversuch-veraenderte-meinen-vater\/\"},\"author\":{\"name\":\"rtnews\",\"@id\":\"https:\/\/now-news.de\/de\/#\/schema\/person\/fb534a4e865501d8b3285208df34a9b5\"},\"headline\":\"Donald Trump Jr.: Attentatsversuch ver\u00e4nderte meinen Vater\",\"datePublished\":\"2024-07-17T17:01:27+00:00\",\"dateModified\":\"2024-07-17T17:01:27+00:00\",\"mainEntityOfPage\":{\"@id\":\"https:\/\/now-news.de\/de\/deutschland\/donald-trump-jr-attentatsversuch-veraenderte-meinen-vater\/\"},\"wordCount\":579,\"commentCount\":0,\"publisher\":{\"@id\":\"https:\/\/now-news.de\/de\/#organization\"},\"image\":{\"@id\":\"https:\/\/now-news.de\/de\/deutschland\/donald-trump-jr-attentatsversuch-veraenderte-meinen-vater\/#primaryimage\"},\"thumbnailUrl\":\"https:\/\/now-news.de\/de\/wp-content\/uploads\/sites\/3\/2024\/07\/Donald-Trump-Jr-Attentatsversuch-veraenderte-meinen-Vater.jpg\",\"keywords\":[\"Attentatsversuch\",\"Donald\",\"meinen\",\"trump\",\"Vater\",\"ver\u00e4nderte\"],\"articleSection\":[\"Deutschland\",\"Russland\"],\"inLanguage\":\"de\",\"potentialAction\":[{\"@type\":\"CommentAction\",\"name\":\"Comment\",\"target\":[\"https:\/\/now-news.de\/de\/deutschland\/donald-trump-jr-attentatsversuch-veraenderte-meinen-vater\/#respond\"]}]},{\"@type\":\"WebPage\",\"@id\":\"https:\/\/now-news.de\/de\/deutschland\/donald-trump-jr-attentatsversuch-veraenderte-meinen-vater\/\",\"url\":\"https:\/\/now-news.de\/de\/deutschland\/donald-trump-jr-attentatsversuch-veraenderte-meinen-vater\/\",\"name\":\"Donald Trump Jr.: Attentatsversuch ver\u00e4nderte meinen Vater - just-now.NEWS Deutschland\",\"isPartOf\":{\"@id\":\"https:\/\/now-news.de\/de\/#website\"},\"primaryImageOfPage\":{\"@id\":\"https:\/\/now-news.de\/de\/deutschland\/donald-trump-jr-attentatsversuch-veraenderte-meinen-vater\/#primaryimage\"},\"image\":{\"@id\":\"https:\/\/now-news.de\/de\/deutschland\/donald-trump-jr-attentatsversuch-veraenderte-meinen-vater\/#primaryimage\"},\"thumbnailUrl\":\"https:\/\/now-news.de\/de\/wp-content\/uploads\/sites\/3\/2024\/07\/Donald-Trump-Jr-Attentatsversuch-veraenderte-meinen-Vater.jpg\",\"datePublished\":\"2024-07-17T17:01:27+00:00\",\"dateModified\":\"2024-07-17T17:01:27+00:00\",\"breadcrumb\":{\"@id\":\"https:\/\/now-news.de\/de\/deutschland\/donald-trump-jr-attentatsversuch-veraenderte-meinen-vater\/#breadcrumb\"},\"inLanguage\":\"de\",\"potentialAction\":[{\"@type\":\"ReadAction\",\"target\":[\"https:\/\/now-news.de\/de\/deutschland\/donald-trump-jr-attentatsversuch-veraenderte-meinen-vater\/\"]}]},{\"@type\":\"ImageObject\",\"inLanguage\":\"de\",\"@id\":\"https:\/\/now-news.de\/de\/deutschland\/donald-trump-jr-attentatsversuch-veraenderte-meinen-vater\/#primaryimage\",\"url\":\"https:\/\/now-news.de\/de\/wp-content\/uploads\/sites\/3\/2024\/07\/Donald-Trump-Jr-Attentatsversuch-veraenderte-meinen-Vater.jpg\",\"contentUrl\":\"https:\/\/now-news.de\/de\/wp-content\/uploads\/sites\/3\/2024\/07\/Donald-Trump-Jr-Attentatsversuch-veraenderte-meinen-Vater.jpg\",\"width\":460,\"height\":259,\"caption\":\"Donald Trump Jr.: Attentatsversuch ver\u00e4nderte meinen Vater\"},{\"@type\":\"BreadcrumbList\",\"@id\":\"https:\/\/now-news.de\/de\/deutschland\/donald-trump-jr-attentatsversuch-veraenderte-meinen-vater\/#breadcrumb\",\"itemListElement\":[{\"@type\":\"ListItem\",\"position\":1,\"name\":\"Home\",\"item\":\"https:\/\/now-news.de\/de\/\"},{\"@type\":\"ListItem\",\"position\":2,\"name\":\"Donald Trump Jr.: Attentatsversuch ver\u00e4nderte meinen Vater\"}]},{\"@type\":\"WebSite\",\"@id\":\"https:\/\/now-news.de\/de\/#website\",\"url\":\"https:\/\/now-news.de\/de\/\",\"name\":\"just-now.NEWS Deutschland\",\"description\":\"Das Portal f\u00fcr unzensierte Nachrichten aus der Welt\",\"publisher\":{\"@id\":\"https:\/\/now-news.de\/de\/#organization\"},\"potentialAction\":[{\"@type\":\"SearchAction\",\"target\":{\"@type\":\"EntryPoint\",\"urlTemplate\":\"https:\/\/now-news.de\/de\/?s={search_term_string}\"},\"query-input\":\"required name=search_term_string\"}],\"inLanguage\":\"de\"},{\"@type\":\"Organization\",\"@id\":\"https:\/\/now-news.de\/de\/#organization\",\"name\":\"Just Now News\",\"url\":\"https:\/\/now-news.de\/de\/\",\"logo\":{\"@type\":\"ImageObject\",\"inLanguage\":\"de\",\"@id\":\"https:\/\/now-news.de\/de\/#\/schema\/logo\/image\/\",\"url\":\"http:\/\/just-now.news\/de\/wp-content\/uploads\/sites\/3\/2022\/04\/logo500x500.jpg\",\"contentUrl\":\"http:\/\/just-now.news\/de\/wp-content\/uploads\/sites\/3\/2022\/04\/logo500x500.jpg\",\"width\":500,\"height\":500,\"caption\":\"Just Now News\"},\"image\":{\"@id\":\"https:\/\/now-news.de\/de\/#\/schema\/logo\/image\/\"},\"sameAs\":[\"https:\/\/www.facebook.com\/wirmachenauf\",\"https:\/\/x.com\/WirMachenAuf_de\"]},{\"@type\":\"Person\",\"@id\":\"https:\/\/now-news.de\/de\/#\/schema\/person\/fb534a4e865501d8b3285208df34a9b5\",\"name\":\"rtnews\",\"image\":{\"@type\":\"ImageObject\",\"inLanguage\":\"de\",\"@id\":\"https:\/\/now-news.de\/de\/#\/schema\/person\/image\/\",\"url\":\"https:\/\/secure.gravatar.com\/avatar\/82aafea7d8127119dd649515f56e2117?s=96&d=mm&r=g\",\"contentUrl\":\"https:\/\/secure.gravatar.com\/avatar\/82aafea7d8127119dd649515f56e2117?s=96&d=mm&r=g\",\"caption\":\"rtnews\"},\"url\":\"https:\/\/now-news.de\/de\/author\/rnews\/\"}]}<\/script>\n<!-- \/ Yoast SEO Premium plugin. -->","yoast_head_json":{"title":"Donald Trump Jr.: Attentatsversuch ver\u00e4nderte meinen Vater - just-now.NEWS Deutschland","robots":{"index":"index","follow":"follow","max-snippet":"max-snippet:-1","max-image-preview":"max-image-preview:large","max-video-preview":"max-video-preview:-1"},"canonical":"https:\/\/now-news.de\/de\/deutschland\/donald-trump-jr-attentatsversuch-veraenderte-meinen-vater\/","og_locale":"de_DE","og_type":"article","og_title":"Donald Trump Jr.: Attentatsversuch ver\u00e4nderte meinen Vater","og_description":"Donald Trump wird &#8220;sein Bestes tun&#8221;, um seine Botschaft nach seiner Begegnung mit dem Tod &#8220;zu m\u00e4\u00dfigen&#8221;, hat sein Sohn gesagt. Der ehemalige US-Pr\u00e4sident kam am Samstag beinahe ums Leben, als eine Kugel nur wenige Millimeter von seinem Sch\u00e4del entfernt vorbeiflog. Die Kugel streifte sein Ohr und f\u00fchrte zu Blutverlust. Der fr\u00fchere US-Pr\u00e4sident Donald Trump [&hellip;]","og_url":"https:\/\/now-news.de\/de\/deutschland\/donald-trump-jr-attentatsversuch-veraenderte-meinen-vater\/","og_site_name":"just-now.NEWS Deutschland","article_publisher":"https:\/\/www.facebook.com\/wirmachenauf","article_published_time":"2024-07-17T17:01:27+00:00","og_image":[{"url":"https:\/\/now-news.de\/de\/wp-content\/uploads\/sites\/3\/2024\/07\/6697d94db480cc2b4f499fd5.jpg"}],"author":"rtnews","twitter_card":"summary_large_image","twitter_creator":"@WirMachenAuf_de","twitter_site":"@WirMachenAuf_de","twitter_misc":{"Verfasst von":"rtnews","Gesch\u00e4tzte Lesezeit":"3\u00a0Minuten"},"schema":{"@context":"https:\/\/schema.org","@graph":[{"@type":"Article","@id":"https:\/\/now-news.de\/de\/deutschland\/donald-trump-jr-attentatsversuch-veraenderte-meinen-vater\/#article","isPartOf":{"@id":"https:\/\/now-news.de\/de\/deutschland\/donald-trump-jr-attentatsversuch-veraenderte-meinen-vater\/"},"author":{"name":"rtnews","@id":"https:\/\/now-news.de\/de\/#\/schema\/person\/fb534a4e865501d8b3285208df34a9b5"},"headline":"Donald Trump Jr.: Attentatsversuch ver\u00e4nderte meinen Vater","datePublished":"2024-07-17T17:01:27+00:00","dateModified":"2024-07-17T17:01:27+00:00","mainEntityOfPage":{"@id":"https:\/\/now-news.de\/de\/deutschland\/donald-trump-jr-attentatsversuch-veraenderte-meinen-vater\/"},"wordCount":579,"commentCount":0,"publisher":{"@id":"https:\/\/now-news.de\/de\/#organization"},"image":{"@id":"https:\/\/now-news.de\/de\/deutschland\/donald-trump-jr-attentatsversuch-veraenderte-meinen-vater\/#primaryimage"},"thumbnailUrl":"https:\/\/now-news.de\/de\/wp-content\/uploads\/sites\/3\/2024\/07\/Donald-Trump-Jr-Attentatsversuch-veraenderte-meinen-Vater.jpg","keywords":["Attentatsversuch","Donald","meinen","trump","Vater","ver\u00e4nderte"],"articleSection":["Deutschland","Russland"],"inLanguage":"de","potentialAction":[{"@type":"CommentAction","name":"Comment","target":["https:\/\/now-news.de\/de\/deutschland\/donald-trump-jr-attentatsversuch-veraenderte-meinen-vater\/#respond"]}]},{"@type":"WebPage","@id":"https:\/\/now-news.de\/de\/deutschland\/donald-trump-jr-attentatsversuch-veraenderte-meinen-vater\/","url":"https:\/\/now-news.de\/de\/deutschland\/donald-trump-jr-attentatsversuch-veraenderte-meinen-vater\/","name":"Donald Trump Jr.: Attentatsversuch ver\u00e4nderte meinen Vater - just-now.NEWS Deutschland","isPartOf":{"@id":"https:\/\/now-news.de\/de\/#website"},"primaryImageOfPage":{"@id":"https:\/\/now-news.de\/de\/deutschland\/donald-trump-jr-attentatsversuch-veraenderte-meinen-vater\/#primaryimage"},"image":{"@id":"https:\/\/now-news.de\/de\/deutschland\/donald-trump-jr-attentatsversuch-veraenderte-meinen-vater\/#primaryimage"},"thumbnailUrl":"https:\/\/now-news.de\/de\/wp-content\/uploads\/sites\/3\/2024\/07\/Donald-Trump-Jr-Attentatsversuch-veraenderte-meinen-Vater.jpg","datePublished":"2024-07-17T17:01:27+00:00","dateModified":"2024-07-17T17:01:27+00:00","breadcrumb":{"@id":"https:\/\/now-news.de\/de\/deutschland\/donald-trump-jr-attentatsversuch-veraenderte-meinen-vater\/#breadcrumb"},"inLanguage":"de","potentialAction":[{"@type":"ReadAction","target":["https:\/\/now-news.de\/de\/deutschland\/donald-trump-jr-attentatsversuch-veraenderte-meinen-vater\/"]}]},{"@type":"ImageObject","inLanguage":"de","@id":"https:\/\/now-news.de\/de\/deutschland\/donald-trump-jr-attentatsversuch-veraenderte-meinen-vater\/#primaryimage","url":"https:\/\/now-news.de\/de\/wp-content\/uploads\/sites\/3\/2024\/07\/Donald-Trump-Jr-Attentatsversuch-veraenderte-meinen-Vater.jpg","contentUrl":"https:\/\/now-news.de\/de\/wp-content\/uploads\/sites\/3\/2024\/07\/Donald-Trump-Jr-Attentatsversuch-veraenderte-meinen-Vater.jpg","width":460,"height":259,"caption":"Donald Trump Jr.: Attentatsversuch ver\u00e4nderte meinen Vater"},{"@type":"BreadcrumbList","@id":"https:\/\/now-news.de\/de\/deutschland\/donald-trump-jr-attentatsversuch-veraenderte-meinen-vater\/#breadcrumb","itemListElement":[{"@type":"ListItem","position":1,"name":"Home","item":"https:\/\/now-news.de\/de\/"},{"@type":"ListItem","position":2,"name":"Donald Trump Jr.: Attentatsversuch ver\u00e4nderte meinen Vater"}]},{"@type":"WebSite","@id":"https:\/\/now-news.de\/de\/#website","url":"https:\/\/now-news.de\/de\/","name":"just-now.NEWS Deutschland","description":"Das Portal f\u00fcr unzensierte Nachrichten aus der Welt","publisher":{"@id":"https:\/\/now-news.de\/de\/#organization"},"potentialAction":[{"@type":"SearchAction","target":{"@type":"EntryPoint","urlTemplate":"https:\/\/now-news.de\/de\/?s={search_term_string}"},"query-input":"required name=search_term_string"}],"inLanguage":"de"},{"@type":"Organization","@id":"https:\/\/now-news.de\/de\/#organization","name":"Just Now News","url":"https:\/\/now-news.de\/de\/","logo":{"@type":"ImageObject","inLanguage":"de","@id":"https:\/\/now-news.de\/de\/#\/schema\/logo\/image\/","url":"http:\/\/just-now.news\/de\/wp-content\/uploads\/sites\/3\/2022\/04\/logo500x500.jpg","contentUrl":"http:\/\/just-now.news\/de\/wp-content\/uploads\/sites\/3\/2022\/04\/logo500x500.jpg","width":500,"height":500,"caption":"Just Now News"},"image":{"@id":"https:\/\/now-news.de\/de\/#\/schema\/logo\/image\/"},"sameAs":["https:\/\/www.facebook.com\/wirmachenauf","https:\/\/x.com\/WirMachenAuf_de"]},{"@type":"Person","@id":"https:\/\/now-news.de\/de\/#\/schema\/person\/fb534a4e865501d8b3285208df34a9b5","name":"rtnews","image":{"@type":"ImageObject","inLanguage":"de","@id":"https:\/\/now-news.de\/de\/#\/schema\/person\/image\/","url":"https:\/\/secure.gravatar.com\/avatar\/82aafea7d8127119dd649515f56e2117?s=96&d=mm&r=g","contentUrl":"https:\/\/secure.gravatar.com\/avatar\/82aafea7d8127119dd649515f56e2117?s=96&d=mm&r=g","caption":"rtnews"},"url":"https:\/\/now-news.de\/de\/author\/rnews\/"}]}},"_links":{"self":[{"href":"https:\/\/now-news.de\/de\/wp-json\/wp\/v2\/posts\/64953"}],"collection":[{"href":"https:\/\/now-news.de\/de\/wp-json\/wp\/v2\/posts"}],"about":[{"href":"https:\/\/now-news.de\/de\/wp-json\/wp\/v2\/types\/post"}],"author":[{"embeddable":true,"href":"https:\/\/now-news.de\/de\/wp-json\/wp\/v2\/users\/3"}],"replies":[{"embeddable":true,"href":"https:\/\/now-news.de\/de\/wp-json\/wp\/v2\/comments?post=64953"}],"version-history":[{"count":0,"href":"https:\/\/now-news.de\/de\/wp-json\/wp\/v2\/posts\/64953\/revisions"}],"wp:featuredmedia":[{"embeddable":true,"href":"https:\/\/now-news.de\/de\/wp-json\/wp\/v2\/media\/64954"}],"wp:attachment":[{"href":"https:\/\/now-news.de\/de\/wp-json\/wp\/v2\/media?parent=64953"}],"wp:term":[{"taxonomy":"category","embeddable":true,"href":"https:\/\/now-news.de\/de\/wp-json\/wp\/v2\/categories?post=64953"},{"taxonomy":"post_tag","embeddable":true,"href":"https:\/\/now-news.de\/de\/wp-json\/wp\/v2\/tags?post=64953"}],"curies":[{"name":"wp","href":"https:\/\/api.w.org\/{rel}","templated":true}]}}