{"id":64910,"date":"2024-07-17T11:16:53","date_gmt":"2024-07-17T09:16:53","guid":{"rendered":"https:\/\/now-news.de\/de\/deutschland\/biden-lehnt-zusaetzliche-debatte-mit-trump-ab\/"},"modified":"2024-07-17T11:16:53","modified_gmt":"2024-07-17T09:16:53","slug":"biden-lehnt-zusaetzliche-debatte-mit-trump-ab","status":"publish","type":"post","link":"https:\/\/now-news.de\/de\/deutschland\/biden-lehnt-zusaetzliche-debatte-mit-trump-ab\/","title":{"rendered":"Biden lehnt zus\u00e4tzliche Debatte mit Trump ab"},"content":{"rendered":"<p><img decoding=\"async\" src=\"https:\/\/now-news.de\/de\/wp-content\/uploads\/sites\/3\/2024\/07\/6697853248fbef0f8749d43d.jpg\" \/><\/p>\n<div class=\"Text-root Text-type_1 \">\n                Noch vor dem Attentat auf ihn hatte Trump dem US-Pr\u00e4sidenten kurzfristig eine weitere TV-Debatte angeboten. Am Dienstag lehnte Biden diesen Vorschlag im Rahmen eines NBC-Interviews ab. Er werde in dem vereinbarten zweiten TV-Duell im September mit Trump debattieren.\n            <\/div>\n<p><\/p>\n<div class=\"Text-root Text-type_5 ArticleView-text ViewText-root \">\n<p>US-Pr\u00e4sident Joe Biden hat das Angebot von Donald Trump abgelehnt, sich nach seinem desastr\u00f6sen Auftritt in der ersten Fernsehdebatte im vergangenen Monat mit einer weiteren, nicht geplanten Gegen\u00fcberstellung &#8220;reinzuwaschen&#8221;. &#8220;Lassen Sie uns diese Woche eine weitere Debatte f\u00fchren, damit der schl\u00e4frige Joe Biden der ganzen Welt beweisen kann, dass er das Zeug zum Pr\u00e4sidenten hat&#8221;, schlug Trump vor. Au\u00dferdem solle das au\u00dferplanm\u00e4\u00dfige Duell ohne Moderatoren und &#8216;von Mann zu Mann&#8217; stattfinden.\u00a0<\/p>\n<p>In einem Interview mit Lester Holt von\u00a0<em>NBC<\/em>\u00a0am Dienstag sagte Biden, er werde nur zum vereinbarten Zeitpunkt mit Trump debattieren. &#8220;Ich werde mit ihm zu dem Zeitpunkt debattieren, zu dem wir es vereinbart haben. Und ich habe zugestimmt, ihn im September zu debattieren&#8221;, erkl\u00e4rte der US-Pr\u00e4sident. Das zweite Aufeinandertreffen der beiden ist f\u00fcr den 10. September geplant, wobei\u00a0<em>ABC News<\/em>\u00a0als Gastgeber fungieren wird.<\/p>\n<p>Biden reagierte damit auf Holts Anmerkung, wonach eine kurzfristige Debatte in den kommenden Wochen eine Chance f\u00fcr ihn w\u00e4re, &#8220;wieder aufs Pferd zu steigen&#8221;. &#8220;Ich bin auf dem Pferd. Wo waren Sie denn? Ich war auf 22 Gro\u00dfveranstaltungen, habe Tausende Mensch getroffen, \u00fcberw\u00e4ltigende Menschenmassen. Es ist eine Menge passiert. Ich sitze auf dem Pferd&#8221;, konterte Biden. Au\u00dferdem, so f\u00fcgte er hinzu, ben\u00f6tige er weder Notizen noch einen Teleprompter.<\/p>\n<p>&#8220;Ich kann rausgehen und alle Fragen beantworten&#8221;, erkl\u00e4rte er. Mehrere US-Nachrichtenagenturen berichteten in den letzten Wochen, dass Spender und Funktion\u00e4re der Demokraten darauf hinarbeiten, Biden aus dem Rennen zu dr\u00e4ngen.\u00a0<em>Axios<\/em>\u00a0berichtete in der vergangenen Woche, dass ein &#8220;Anti-Biden-Netzwerk&#8221;, zu dem auch Veteranen der Obama- und Clinton-Administration geh\u00f6ren, versuchen, Biden zu beseitigen. Sie wollen stattdessen einen Kandidaten aufstellen, der ihrer Meinung nach eine bessere Chance hat, die Wahl im November zu gewinnen. Biden sagte Holt am Dienstag, er werde seine schlechte Leistung bei der n\u00e4chsten Debatte nicht wiederholen. Der US-Pr\u00e4sident k\u00fcndigte an:<\/p>\n<blockquote>\n<p><em>&#8220;Ich habe nicht vor, noch einmal auf diesem Niveau aufzutreten.&#8221;<\/em>\u00a0<\/p>\n<\/blockquote>\n<p>Nachdem Biden w\u00e4hrend der Debatte gegen Trump am 27. Juni gebrechlich und verwirrt gewirkt hatte, mehren sich die Rufe nach seinem R\u00fcckzug aus dem Pr\u00e4sidentschaftsrennen. Nach Angaben der\u00a0<em>New York Times<\/em>\u00a0haben demokratische Spender rund 90 Millionen Dollar an Spenden zur\u00fcckgehalten, um die Partei davon zu \u00fcberzeugen, den 81-j\u00e4hrigen Pr\u00e4sidenten auf dem Wahlzettel zu ersetzen. Biden hat jedoch darauf bestanden, weiter im Rennen zu bleiben.<\/p>\n<p><strong>Mehr zum Thema<\/strong> &#8211; <a rel=\"nofollow noopener\" target=\"_blank\" href=\"https:\/\/dert.online\/kurzclips\/video\/212462-alex-jones-zu-trump-attentat\/\">Alex Jones zu Trump-Attentat: Die Globalisten sind verzweifelt und zu allem bereit<\/a><\/p>\n<\/p>\n<p>\u00a0<\/p>\n<p>\u00a0<\/p>\n<p>\u00a0<\/p>\n<\/div>\n<p><br \/>\n<br \/><a href=\"https:\/\/de.rt.com\/nordamerika\/212635-biden-lehnt-zusaetzliche-debatte-mit\/\">Source link <\/a><\/p>\n","protected":false},"excerpt":{"rendered":"<p>Noch vor dem Attentat auf ihn hatte Trump dem US-Pr\u00e4sidenten kurzfristig eine weitere TV-Debatte angeboten. Am Dienstag lehnte Biden diesen Vorschlag im Rahmen eines NBC-Interviews ab. Er werde in dem vereinbarten zweiten TV-Duell im September mit Trump debattieren. US-Pr\u00e4sident Joe Biden hat das Angebot von Donald Trump abgelehnt, sich nach seinem desastr\u00f6sen Auftritt in der [&hellip;]<\/p>\n","protected":false},"author":3,"featured_media":64911,"comment_status":"open","ping_status":"open","sticky":false,"template":"","format":"standard","meta":{"_yoast_indexnow_last_ping":["1721207859"],"wp_automatic_camp":["217"],"8b7415f78a9a1aa59ccc60b371789e33":["Biden lehnt zus\u00e4tzliche Debatte mit Trump ab"],"original_link":["https:\/\/de.rt.com\/nordamerika\/212635-biden-lehnt-zusaetzliche-debatte-mit\/"],"_thumbnail_id":["64911"],"jnews_social_counter_last_update":["1777267841"],"_wptgpro_p2tg_sent2tg":["a:1:{i:23737;s:19:\"2024-07-17 11:18:41\";}"]},"categories":[19,23],"tags":[1348,10423,2034,419,1639,21646],"yoast_head":"<!-- This site is optimized with the Yoast SEO Premium plugin v22.7 (Yoast SEO v22.7) - https:\/\/yoast.com\/wordpress\/plugins\/seo\/ -->\n<title>Biden lehnt zus\u00e4tzliche Debatte mit Trump ab - just-now.NEWS Deutschland<\/title>\n<meta name=\"robots\" content=\"index, follow, max-snippet:-1, max-image-preview:large, max-video-preview:-1\" \/>\n<link rel=\"canonical\" href=\"https:\/\/now-news.de\/de\/deutschland\/biden-lehnt-zusaetzliche-debatte-mit-trump-ab\/\" \/>\n<meta property=\"og:locale\" content=\"de_DE\" \/>\n<meta property=\"og:type\" content=\"article\" \/>\n<meta property=\"og:title\" content=\"Biden lehnt zus\u00e4tzliche Debatte mit Trump ab\" \/>\n<meta property=\"og:description\" content=\"Noch vor dem Attentat auf ihn hatte Trump dem US-Pr\u00e4sidenten kurzfristig eine weitere TV-Debatte angeboten. Am Dienstag lehnte Biden diesen Vorschlag im Rahmen eines NBC-Interviews ab. Er werde in dem vereinbarten zweiten TV-Duell im September mit Trump debattieren. US-Pr\u00e4sident Joe Biden hat das Angebot von Donald Trump abgelehnt, sich nach seinem desastr\u00f6sen Auftritt in der [&hellip;]\" \/>\n<meta property=\"og:url\" content=\"https:\/\/now-news.de\/de\/deutschland\/biden-lehnt-zusaetzliche-debatte-mit-trump-ab\/\" \/>\n<meta property=\"og:site_name\" content=\"just-now.NEWS Deutschland\" \/>\n<meta property=\"article:publisher\" content=\"https:\/\/www.facebook.com\/wirmachenauf\" \/>\n<meta property=\"article:published_time\" content=\"2024-07-17T09:16:53+00:00\" \/>\n<meta property=\"og:image\" content=\"https:\/\/now-news.de\/de\/wp-content\/uploads\/sites\/3\/2024\/07\/6697853248fbef0f8749d43d.jpg\" \/>\n<meta name=\"author\" content=\"rtnews\" \/>\n<meta name=\"twitter:card\" content=\"summary_large_image\" \/>\n<meta name=\"twitter:creator\" content=\"@WirMachenAuf_de\" \/>\n<meta name=\"twitter:site\" content=\"@WirMachenAuf_de\" \/>\n<meta name=\"twitter:label1\" content=\"Verfasst von\" \/>\n\t<meta name=\"twitter:data1\" content=\"rtnews\" \/>\n\t<meta name=\"twitter:label2\" content=\"Gesch\u00e4tzte Lesezeit\" \/>\n\t<meta name=\"twitter:data2\" content=\"2\u00a0Minuten\" \/>\n<script type=\"application\/ld+json\" class=\"yoast-schema-graph\">{\"@context\":\"https:\/\/schema.org\",\"@graph\":[{\"@type\":\"Article\",\"@id\":\"https:\/\/now-news.de\/de\/deutschland\/biden-lehnt-zusaetzliche-debatte-mit-trump-ab\/#article\",\"isPartOf\":{\"@id\":\"https:\/\/now-news.de\/de\/deutschland\/biden-lehnt-zusaetzliche-debatte-mit-trump-ab\/\"},\"author\":{\"name\":\"rtnews\",\"@id\":\"https:\/\/now-news.de\/de\/#\/schema\/person\/fb534a4e865501d8b3285208df34a9b5\"},\"headline\":\"Biden lehnt zus\u00e4tzliche Debatte mit Trump ab\",\"datePublished\":\"2024-07-17T09:16:53+00:00\",\"dateModified\":\"2024-07-17T09:16:53+00:00\",\"mainEntityOfPage\":{\"@id\":\"https:\/\/now-news.de\/de\/deutschland\/biden-lehnt-zusaetzliche-debatte-mit-trump-ab\/\"},\"wordCount\":465,\"commentCount\":0,\"publisher\":{\"@id\":\"https:\/\/now-news.de\/de\/#organization\"},\"image\":{\"@id\":\"https:\/\/now-news.de\/de\/deutschland\/biden-lehnt-zusaetzliche-debatte-mit-trump-ab\/#primaryimage\"},\"thumbnailUrl\":\"https:\/\/now-news.de\/de\/wp-content\/uploads\/sites\/3\/2024\/07\/Biden-lehnt-zusaetzliche-Debatte-mit-Trump-ab.jpg\",\"keywords\":[\"Biden\",\"debatte\",\"lehnt\",\"mit\",\"trump\",\"zus\u00e4tzliche\"],\"articleSection\":[\"Deutschland\",\"Russland\"],\"inLanguage\":\"de\",\"potentialAction\":[{\"@type\":\"CommentAction\",\"name\":\"Comment\",\"target\":[\"https:\/\/now-news.de\/de\/deutschland\/biden-lehnt-zusaetzliche-debatte-mit-trump-ab\/#respond\"]}]},{\"@type\":\"WebPage\",\"@id\":\"https:\/\/now-news.de\/de\/deutschland\/biden-lehnt-zusaetzliche-debatte-mit-trump-ab\/\",\"url\":\"https:\/\/now-news.de\/de\/deutschland\/biden-lehnt-zusaetzliche-debatte-mit-trump-ab\/\",\"name\":\"Biden lehnt zus\u00e4tzliche Debatte mit Trump ab - just-now.NEWS Deutschland\",\"isPartOf\":{\"@id\":\"https:\/\/now-news.de\/de\/#website\"},\"primaryImageOfPage\":{\"@id\":\"https:\/\/now-news.de\/de\/deutschland\/biden-lehnt-zusaetzliche-debatte-mit-trump-ab\/#primaryimage\"},\"image\":{\"@id\":\"https:\/\/now-news.de\/de\/deutschland\/biden-lehnt-zusaetzliche-debatte-mit-trump-ab\/#primaryimage\"},\"thumbnailUrl\":\"https:\/\/now-news.de\/de\/wp-content\/uploads\/sites\/3\/2024\/07\/Biden-lehnt-zusaetzliche-Debatte-mit-Trump-ab.jpg\",\"datePublished\":\"2024-07-17T09:16:53+00:00\",\"dateModified\":\"2024-07-17T09:16:53+00:00\",\"breadcrumb\":{\"@id\":\"https:\/\/now-news.de\/de\/deutschland\/biden-lehnt-zusaetzliche-debatte-mit-trump-ab\/#breadcrumb\"},\"inLanguage\":\"de\",\"potentialAction\":[{\"@type\":\"ReadAction\",\"target\":[\"https:\/\/now-news.de\/de\/deutschland\/biden-lehnt-zusaetzliche-debatte-mit-trump-ab\/\"]}]},{\"@type\":\"ImageObject\",\"inLanguage\":\"de\",\"@id\":\"https:\/\/now-news.de\/de\/deutschland\/biden-lehnt-zusaetzliche-debatte-mit-trump-ab\/#primaryimage\",\"url\":\"https:\/\/now-news.de\/de\/wp-content\/uploads\/sites\/3\/2024\/07\/Biden-lehnt-zusaetzliche-Debatte-mit-Trump-ab.jpg\",\"contentUrl\":\"https:\/\/now-news.de\/de\/wp-content\/uploads\/sites\/3\/2024\/07\/Biden-lehnt-zusaetzliche-Debatte-mit-Trump-ab.jpg\",\"width\":460,\"height\":259,\"caption\":\"Biden lehnt zus\u00e4tzliche Debatte mit Trump ab\"},{\"@type\":\"BreadcrumbList\",\"@id\":\"https:\/\/now-news.de\/de\/deutschland\/biden-lehnt-zusaetzliche-debatte-mit-trump-ab\/#breadcrumb\",\"itemListElement\":[{\"@type\":\"ListItem\",\"position\":1,\"name\":\"Home\",\"item\":\"https:\/\/now-news.de\/de\/\"},{\"@type\":\"ListItem\",\"position\":2,\"name\":\"Biden lehnt zus\u00e4tzliche Debatte mit Trump ab\"}]},{\"@type\":\"WebSite\",\"@id\":\"https:\/\/now-news.de\/de\/#website\",\"url\":\"https:\/\/now-news.de\/de\/\",\"name\":\"just-now.NEWS Deutschland\",\"description\":\"Das Portal f\u00fcr unzensierte Nachrichten aus der Welt\",\"publisher\":{\"@id\":\"https:\/\/now-news.de\/de\/#organization\"},\"potentialAction\":[{\"@type\":\"SearchAction\",\"target\":{\"@type\":\"EntryPoint\",\"urlTemplate\":\"https:\/\/now-news.de\/de\/?s={search_term_string}\"},\"query-input\":\"required name=search_term_string\"}],\"inLanguage\":\"de\"},{\"@type\":\"Organization\",\"@id\":\"https:\/\/now-news.de\/de\/#organization\",\"name\":\"Just Now News\",\"url\":\"https:\/\/now-news.de\/de\/\",\"logo\":{\"@type\":\"ImageObject\",\"inLanguage\":\"de\",\"@id\":\"https:\/\/now-news.de\/de\/#\/schema\/logo\/image\/\",\"url\":\"http:\/\/just-now.news\/de\/wp-content\/uploads\/sites\/3\/2022\/04\/logo500x500.jpg\",\"contentUrl\":\"http:\/\/just-now.news\/de\/wp-content\/uploads\/sites\/3\/2022\/04\/logo500x500.jpg\",\"width\":500,\"height\":500,\"caption\":\"Just Now News\"},\"image\":{\"@id\":\"https:\/\/now-news.de\/de\/#\/schema\/logo\/image\/\"},\"sameAs\":[\"https:\/\/www.facebook.com\/wirmachenauf\",\"https:\/\/x.com\/WirMachenAuf_de\"]},{\"@type\":\"Person\",\"@id\":\"https:\/\/now-news.de\/de\/#\/schema\/person\/fb534a4e865501d8b3285208df34a9b5\",\"name\":\"rtnews\",\"image\":{\"@type\":\"ImageObject\",\"inLanguage\":\"de\",\"@id\":\"https:\/\/now-news.de\/de\/#\/schema\/person\/image\/\",\"url\":\"https:\/\/secure.gravatar.com\/avatar\/82aafea7d8127119dd649515f56e2117?s=96&d=mm&r=g\",\"contentUrl\":\"https:\/\/secure.gravatar.com\/avatar\/82aafea7d8127119dd649515f56e2117?s=96&d=mm&r=g\",\"caption\":\"rtnews\"},\"url\":\"https:\/\/now-news.de\/de\/author\/rnews\/\"}]}<\/script>\n<!-- \/ Yoast SEO Premium plugin. -->","yoast_head_json":{"title":"Biden lehnt zus\u00e4tzliche Debatte mit Trump ab - just-now.NEWS Deutschland","robots":{"index":"index","follow":"follow","max-snippet":"max-snippet:-1","max-image-preview":"max-image-preview:large","max-video-preview":"max-video-preview:-1"},"canonical":"https:\/\/now-news.de\/de\/deutschland\/biden-lehnt-zusaetzliche-debatte-mit-trump-ab\/","og_locale":"de_DE","og_type":"article","og_title":"Biden lehnt zus\u00e4tzliche Debatte mit Trump ab","og_description":"Noch vor dem Attentat auf ihn hatte Trump dem US-Pr\u00e4sidenten kurzfristig eine weitere TV-Debatte angeboten. Am Dienstag lehnte Biden diesen Vorschlag im Rahmen eines NBC-Interviews ab. Er werde in dem vereinbarten zweiten TV-Duell im September mit Trump debattieren. US-Pr\u00e4sident Joe Biden hat das Angebot von Donald Trump abgelehnt, sich nach seinem desastr\u00f6sen Auftritt in der [&hellip;]","og_url":"https:\/\/now-news.de\/de\/deutschland\/biden-lehnt-zusaetzliche-debatte-mit-trump-ab\/","og_site_name":"just-now.NEWS Deutschland","article_publisher":"https:\/\/www.facebook.com\/wirmachenauf","article_published_time":"2024-07-17T09:16:53+00:00","og_image":[{"url":"https:\/\/now-news.de\/de\/wp-content\/uploads\/sites\/3\/2024\/07\/6697853248fbef0f8749d43d.jpg"}],"author":"rtnews","twitter_card":"summary_large_image","twitter_creator":"@WirMachenAuf_de","twitter_site":"@WirMachenAuf_de","twitter_misc":{"Verfasst von":"rtnews","Gesch\u00e4tzte Lesezeit":"2\u00a0Minuten"},"schema":{"@context":"https:\/\/schema.org","@graph":[{"@type":"Article","@id":"https:\/\/now-news.de\/de\/deutschland\/biden-lehnt-zusaetzliche-debatte-mit-trump-ab\/#article","isPartOf":{"@id":"https:\/\/now-news.de\/de\/deutschland\/biden-lehnt-zusaetzliche-debatte-mit-trump-ab\/"},"author":{"name":"rtnews","@id":"https:\/\/now-news.de\/de\/#\/schema\/person\/fb534a4e865501d8b3285208df34a9b5"},"headline":"Biden lehnt zus\u00e4tzliche Debatte mit Trump ab","datePublished":"2024-07-17T09:16:53+00:00","dateModified":"2024-07-17T09:16:53+00:00","mainEntityOfPage":{"@id":"https:\/\/now-news.de\/de\/deutschland\/biden-lehnt-zusaetzliche-debatte-mit-trump-ab\/"},"wordCount":465,"commentCount":0,"publisher":{"@id":"https:\/\/now-news.de\/de\/#organization"},"image":{"@id":"https:\/\/now-news.de\/de\/deutschland\/biden-lehnt-zusaetzliche-debatte-mit-trump-ab\/#primaryimage"},"thumbnailUrl":"https:\/\/now-news.de\/de\/wp-content\/uploads\/sites\/3\/2024\/07\/Biden-lehnt-zusaetzliche-Debatte-mit-Trump-ab.jpg","keywords":["Biden","debatte","lehnt","mit","trump","zus\u00e4tzliche"],"articleSection":["Deutschland","Russland"],"inLanguage":"de","potentialAction":[{"@type":"CommentAction","name":"Comment","target":["https:\/\/now-news.de\/de\/deutschland\/biden-lehnt-zusaetzliche-debatte-mit-trump-ab\/#respond"]}]},{"@type":"WebPage","@id":"https:\/\/now-news.de\/de\/deutschland\/biden-lehnt-zusaetzliche-debatte-mit-trump-ab\/","url":"https:\/\/now-news.de\/de\/deutschland\/biden-lehnt-zusaetzliche-debatte-mit-trump-ab\/","name":"Biden lehnt zus\u00e4tzliche Debatte mit Trump ab - just-now.NEWS Deutschland","isPartOf":{"@id":"https:\/\/now-news.de\/de\/#website"},"primaryImageOfPage":{"@id":"https:\/\/now-news.de\/de\/deutschland\/biden-lehnt-zusaetzliche-debatte-mit-trump-ab\/#primaryimage"},"image":{"@id":"https:\/\/now-news.de\/de\/deutschland\/biden-lehnt-zusaetzliche-debatte-mit-trump-ab\/#primaryimage"},"thumbnailUrl":"https:\/\/now-news.de\/de\/wp-content\/uploads\/sites\/3\/2024\/07\/Biden-lehnt-zusaetzliche-Debatte-mit-Trump-ab.jpg","datePublished":"2024-07-17T09:16:53+00:00","dateModified":"2024-07-17T09:16:53+00:00","breadcrumb":{"@id":"https:\/\/now-news.de\/de\/deutschland\/biden-lehnt-zusaetzliche-debatte-mit-trump-ab\/#breadcrumb"},"inLanguage":"de","potentialAction":[{"@type":"ReadAction","target":["https:\/\/now-news.de\/de\/deutschland\/biden-lehnt-zusaetzliche-debatte-mit-trump-ab\/"]}]},{"@type":"ImageObject","inLanguage":"de","@id":"https:\/\/now-news.de\/de\/deutschland\/biden-lehnt-zusaetzliche-debatte-mit-trump-ab\/#primaryimage","url":"https:\/\/now-news.de\/de\/wp-content\/uploads\/sites\/3\/2024\/07\/Biden-lehnt-zusaetzliche-Debatte-mit-Trump-ab.jpg","contentUrl":"https:\/\/now-news.de\/de\/wp-content\/uploads\/sites\/3\/2024\/07\/Biden-lehnt-zusaetzliche-Debatte-mit-Trump-ab.jpg","width":460,"height":259,"caption":"Biden lehnt zus\u00e4tzliche Debatte mit Trump ab"},{"@type":"BreadcrumbList","@id":"https:\/\/now-news.de\/de\/deutschland\/biden-lehnt-zusaetzliche-debatte-mit-trump-ab\/#breadcrumb","itemListElement":[{"@type":"ListItem","position":1,"name":"Home","item":"https:\/\/now-news.de\/de\/"},{"@type":"ListItem","position":2,"name":"Biden lehnt zus\u00e4tzliche Debatte mit Trump ab"}]},{"@type":"WebSite","@id":"https:\/\/now-news.de\/de\/#website","url":"https:\/\/now-news.de\/de\/","name":"just-now.NEWS Deutschland","description":"Das Portal f\u00fcr unzensierte Nachrichten aus der Welt","publisher":{"@id":"https:\/\/now-news.de\/de\/#organization"},"potentialAction":[{"@type":"SearchAction","target":{"@type":"EntryPoint","urlTemplate":"https:\/\/now-news.de\/de\/?s={search_term_string}"},"query-input":"required name=search_term_string"}],"inLanguage":"de"},{"@type":"Organization","@id":"https:\/\/now-news.de\/de\/#organization","name":"Just Now News","url":"https:\/\/now-news.de\/de\/","logo":{"@type":"ImageObject","inLanguage":"de","@id":"https:\/\/now-news.de\/de\/#\/schema\/logo\/image\/","url":"http:\/\/just-now.news\/de\/wp-content\/uploads\/sites\/3\/2022\/04\/logo500x500.jpg","contentUrl":"http:\/\/just-now.news\/de\/wp-content\/uploads\/sites\/3\/2022\/04\/logo500x500.jpg","width":500,"height":500,"caption":"Just Now News"},"image":{"@id":"https:\/\/now-news.de\/de\/#\/schema\/logo\/image\/"},"sameAs":["https:\/\/www.facebook.com\/wirmachenauf","https:\/\/x.com\/WirMachenAuf_de"]},{"@type":"Person","@id":"https:\/\/now-news.de\/de\/#\/schema\/person\/fb534a4e865501d8b3285208df34a9b5","name":"rtnews","image":{"@type":"ImageObject","inLanguage":"de","@id":"https:\/\/now-news.de\/de\/#\/schema\/person\/image\/","url":"https:\/\/secure.gravatar.com\/avatar\/82aafea7d8127119dd649515f56e2117?s=96&d=mm&r=g","contentUrl":"https:\/\/secure.gravatar.com\/avatar\/82aafea7d8127119dd649515f56e2117?s=96&d=mm&r=g","caption":"rtnews"},"url":"https:\/\/now-news.de\/de\/author\/rnews\/"}]}},"_links":{"self":[{"href":"https:\/\/now-news.de\/de\/wp-json\/wp\/v2\/posts\/64910"}],"collection":[{"href":"https:\/\/now-news.de\/de\/wp-json\/wp\/v2\/posts"}],"about":[{"href":"https:\/\/now-news.de\/de\/wp-json\/wp\/v2\/types\/post"}],"author":[{"embeddable":true,"href":"https:\/\/now-news.de\/de\/wp-json\/wp\/v2\/users\/3"}],"replies":[{"embeddable":true,"href":"https:\/\/now-news.de\/de\/wp-json\/wp\/v2\/comments?post=64910"}],"version-history":[{"count":0,"href":"https:\/\/now-news.de\/de\/wp-json\/wp\/v2\/posts\/64910\/revisions"}],"wp:featuredmedia":[{"embeddable":true,"href":"https:\/\/now-news.de\/de\/wp-json\/wp\/v2\/media\/64911"}],"wp:attachment":[{"href":"https:\/\/now-news.de\/de\/wp-json\/wp\/v2\/media?parent=64910"}],"wp:term":[{"taxonomy":"category","embeddable":true,"href":"https:\/\/now-news.de\/de\/wp-json\/wp\/v2\/categories?post=64910"},{"taxonomy":"post_tag","embeddable":true,"href":"https:\/\/now-news.de\/de\/wp-json\/wp\/v2\/tags?post=64910"}],"curies":[{"name":"wp","href":"https:\/\/api.w.org\/{rel}","templated":true}]}}