{"id":64816,"date":"2024-07-15T20:22:00","date_gmt":"2024-07-15T18:22:00","guid":{"rendered":"https:\/\/now-news.de\/de\/deutschland\/die-russen-wollten-ja-nicht-kommen-gibt-es-eine-grenze-fuer-luegen\/"},"modified":"2024-07-15T20:22:00","modified_gmt":"2024-07-15T18:22:00","slug":"die-russen-wollten-ja-nicht-kommen-gibt-es-eine-grenze-fuer-luegen","status":"publish","type":"post","link":"https:\/\/now-news.de\/de\/deutschland\/die-russen-wollten-ja-nicht-kommen-gibt-es-eine-grenze-fuer-luegen\/","title":{"rendered":"&quot;Die Russen wollten ja nicht kommen&quot; \u2013 Gibt es eine Grenze f\u00fcr  L\u00fcgen?"},"content":{"rendered":"<p><img decoding=\"async\" src=\"https:\/\/now-news.de\/de\/wp-content\/uploads\/sites\/3\/2024\/07\/6694e976b480cc5bd513b12c.jpg\" \/><\/p>\n<div class=\"Text-root Text-type_1 \">\n                Es ist noch gar nicht lange her, da fand in der Schweiz eine &#8220;Friedenskonferenz&#8221; statt. Allerdings war Russland nicht dabei, es bekam keine Einladung. Doch bekanntlich wird Geschichte gern umgeschrieben, und so wurde nun eine neue Erz\u00e4hlung kreiert.\n            <\/div>\n<p><\/p>\n<div class=\"Text-root Text-type_5 ArticleView-text ViewText-root \">\n<p><em>Von Tom J. Wellbrock<\/em><\/p>\n<p>K\u00fcrzlich wurde auf YouTube <a rel=\"nofollow noopener\" target=\"_blank\" href=\"https:\/\/www.youtube.com\/watch?v=uC7G1IYiwPM\">ein Video ver\u00f6ffentlicht<\/a>, in dem es um eine Sendung bei <em>Maybrit Illner<\/em> im <em>ZDF<\/em> ging. Zu Gast war neben der Einzelk\u00e4mpferin Sahra Wagenknecht eine Gruppe Russenhasser, unter ihnen auch Omid Nouripour von B\u00fcndnis 90\/Die Gr\u00fcnen. Dieser behauptete an einer Stelle der Sendung:<\/p>\n<blockquote>\n<p><em>&#8220;Die Schweiz hat eine gro\u00dfe Konferenz gemacht, zigmal den Kreml nachgefragt, ob sie kommen wollen \u2026&#8221;<\/em><\/p>\n<\/blockquote>\n<p>Sahra Wagenknecht unterbrach:<\/p>\n<blockquote>\n<p><em>&#8220;Das stimmt doch \u00fcberhaupt nicht.&#8221;<\/em><\/p>\n<\/blockquote>\n<p>Und Nouripour entgegnete:<\/p>\n<blockquote>\n<p><em>&#8220;Doch, das stimmt.&#8221;<\/em><\/p>\n<\/blockquote>\n<p>In dem verlinkten Video wird der Gr\u00fcne zu Recht als L\u00fcgner bezeichnet. Doch dann geschah auf X und im Kommentarbereich bei YouTube etwas Merkw\u00fcrdiges. Bevor wir dazu kommen, seien an dieser Stelle ein paar Medien zitiert, die beweisen, dass Nouripour gelogen hat.<\/p>\n<p><em>RedaktionsNetzwerk Deutschland<\/em>, 12.04.2024:<\/p>\n<blockquote>\n<p><em>&#8220;Moskau. Russlands Pr\u00e4sident Wladimir Putin hat die f\u00fcr die Ukraine geplante Friedenskonferenz in der Schweiz kritisiert. Russland werde dorthin nicht eingeladen&#8221;<\/em><\/p>\n<\/blockquote>\n<p><em>n-tv<\/em>, 15.06.2024<\/p>\n<blockquote>\n<p><em>&#8220;Derzeit wird in den Medien und im Netz sehr viel dar\u00fcber diskutiert, dass Russland nicht eingeladen wurde. Ohne die russische Seite sei es keine ernstzunehmende Friedenskonferenz, hei\u00dft es h\u00e4ufig, und manchmal, die sei auch gar nicht gewollt gewesen.&#8221;<\/em><\/p>\n<\/blockquote>\n<p><em>Freiburger Nachrichten<\/em>, 14.06.2024:<\/p>\n<blockquote>\n<p><em>&#8220;Jetzt ist klar: Die Schweiz l\u00e4dt 160 Staaten ein zur Friedenskonferenz auf dem B\u00fcrgenstock. Nicht eingeladen ist Russland. Putin wird das f\u00fcr sch\u00e4rfere Attacken nutzen. Damit kommen schwierige Zeiten auf die Schweiz zu.&#8221;<\/em><\/p>\n<\/blockquote>\n<p><em>Swissinfo.ch<\/em>, 16.06.2024:<\/p>\n<blockquote>\n<p><em>&#8220;Russland, das nicht eingeladen war und deutlich gemacht hatte, dass es nicht teilnehmen wollte, bezeichnete den Gipfel als Zeitverschwendung und legte stattdessen konkurrierende Vorschl\u00e4ge vor. China war ein weiterer bemerkenswerter Abwesender.&#8221;<\/em><\/p>\n<\/blockquote>\n<p><em>Tagesschau<\/em>, 02.05.2024:<\/p>\n<blockquote>\n<p><em>&#8220;Im Juni soll erneut \u00fcber einen Frieden in der Ukraine gesprochen werden: Die Schweiz hat offiziell zu einer Konferenz geladen und mehr als 160 Einladungen verschickt \u2013 an Russland allerdings nicht. Moskau solle aber einbezogen werden.&#8221;<\/em><\/p>\n<\/blockquote>\n<p>Die Liste lie\u00dfe sich fortsetzen. Launige Russenhasser bogen sich die Sache aber nun neu zurecht und behaupteten, Russland selbst habe die Einladung abgelehnt, und selbst wenn es eingeladen worden w\u00e4re, w\u00e4re ohnehin kein Vertreter Russlands erschienen.<\/p>\n<p>Die Schweiz selbst, die ihre Rolle als neutraler Vertreter mit F\u00fc\u00dfen getreten und sich international unglaubw\u00fcrdig gemacht hat, formuliert es <a rel=\"nofollow noopener\" target=\"_blank\" href=\"https:\/\/www.eda.admin.ch\/eda\/de\/home\/das-eda\/aktuell\/dossiers\/konferenz-zum-frieden-ukraine.html\">auf einer Website<\/a> so:<\/p>\n<blockquote>\n<p><em>&#8220;Die Schweiz hat immer wieder Offenheit signalisiert, eine Einladung an Russland f\u00fcr die hochrangige Konferenz zum Frieden in der Ukraine auszusprechen. Russland hat allerdings mehrfach verlauten lassen, dass es kein Interesse an einer Teilnahme hat. Daher wurde keine formelle Einladung an Russland ausgesprochen.<\/em><\/p>\n<p><em>Die hochrangige Konferenz in der Schweiz sollte einen Friedensprozess ansto\u00dfen. Die Schweiz ist \u00fcberzeugt, dass Russland im Verlauf dieses Prozesses miteinbezogen werden muss. Ein Friedensprozess ohne Russland ist undenkbar.<\/em><\/p>\n<p><em>Tats\u00e4chlich bot die Konferenz die M\u00f6glichkeit, zum ersten Mal auf h\u00f6chster Ebene dar\u00fcber zu diskutieren, wie und wann Russland in diesen Prozess einbezogen werden kann.&#8221;<\/em><\/p>\n<\/blockquote>\n<p>Nouripour und zahlreiche Kommentatoren zeichnen nun also ein Bild, das den Fakten widerspricht. Denn selbst wenn Russland die Einladung abgelehnt h\u00e4tte, bedeutet das nicht, dass sie ausgesprochen wurde. Zudem ist die Formulierung, die Schweiz habe &#8220;immer wieder Offenheit signalisiert, eine Einladung f\u00fcr die hochrangige Konferenz auszusprechen&#8221;, pure Rhetorik. Entweder man spricht eine Einladung aus oder eben nicht.<\/p>\n<p>Das st\u00e4ndige und wiederholte Verdrehen von Tatsachen funktioniert, wie ein Kommentar auf X zeigt:<\/p>\n<blockquote>\n<p><em>&#8220;&#8216;Es w\u00e4re nicht im Sinne Schweizer Neutralit\u00e4t, Russland nicht einzuladen.&#8217; &#8216;Russland wollte sich explizit nicht einladen lassen.&#8217; Ob Russland jetzt dennoch eingeladen wurde, ist mir nicht klar. Die Daten sind widerspr\u00fcchlich. Russland w\u00e4re in keinem Fall zu der Konferenz gekommen.&#8221;<\/em><\/p>\n<\/blockquote>\n<p>Nein, die Daten sind nicht widerspr\u00fcchlich, aber sie wurden so lange manipuliert und entfremdet, bis der Normalsterbliche einfach nichts mehr damit anfangen kann. Das ist Manipulation in Reinkultur, und sie zieht sich durch die deutsche Medienlandschaft wie ein roter Faden.<\/p>\n<p>In der Sendung <em>Maybrit Illner<\/em> ging es munter weiter. Der Fall der Bombardierung des Kinderkrankenhauses in Kiew sei gekl\u00e4rt. Das sagten &#8220;alle Seiten&#8221;, betonten Nouripour und auch Claudia Major, eine angebliche Sicherheits- und Verteidigungsexpertin, in Wahrheit Mitglied der &#8220;Stiftung Wissenschaft und Politik&#8221;, die seit Jahren finanziell \u00fcppig durch die Bundesregierung ausgestattet wird. Als zuverl\u00e4ssige Quelle nannten sie allen Ernstes die &#8220;Rechercheplattform Bellingcat&#8221;, man kann es kaum fassen.<\/p>\n<p>Und dann waren da ja noch die wachsenden Ausgaben f\u00fcr R\u00fcstung nach NATO-Kriterien, die Sahra Wagenknecht f\u00fcr Deutschland nun auf etwas mehr als 90 Milliarden Euro bezifferte. Das sei falsch, konterte Major, die &#8220;ein anderes Verh\u00e4ltnis zu Fakten habe als&#8221; Wagenknecht. Das stimmt tats\u00e4chlich, denn unter der \u00dcberschrift &#8220;90,6 Milliarden Euro \u2013 Deutschland knackt Zwei-Prozent-Marke der NATO&#8221; schrieb am 9. Juni 2024 <em>Die Welt<\/em>:<\/p>\n<blockquote>\n<p><em>&#8220;Deutschland hat der<a rel=\"nofollow noopener\" target=\"_blank\" href=\"https:\/\/dpaq.de\/IWInb\"> NATO<\/a> f\u00fcr das laufende Jahr gesch\u00e4tzte Verteidigungsausgaben von 90,6 Milliarden Euro gemeldet und w\u00fcrde damit derzeit klar das Zwei-Prozent-Ziel des B\u00fcndnisses erreichen. Wie aus einer<a rel=\"nofollow noopener\" target=\"_blank\" href=\"https:\/\/dpaq.de\/58ruHeH\"> neuen \u00dcbersicht der NATO<\/a> hervorgeht, entspricht die Rekordsumme einem Anteil am prognostizierten deutschen Bruttoinlandsprodukt (BIP) von 2,12 Prozent. Die Quote w\u00fcrde damit h\u00f6her liegen als noch zu Jahresbeginn erwartet.&#8221;<\/em><\/p>\n<\/blockquote>\n<p>Zahlreiche weitere Medien meldeten die gleichen Zahlen, aber f\u00fcr Claudia Major stimmen sie einfach nicht, und dieselben Medien, die die 90 Milliarden erst vor kurzem verk\u00fcndet hatten, schreiben jetzt eifrig das Gegenteil und unterstellen nunmehr Wagenknecht, angeblich die Unwahrheit gesagt zu haben.<\/p>\n<p>Die Frage, die in der Beschreibung des oben verlinkten Videos gestellt wurde, ist also inzwischen sehr leicht zu beantworten:<\/p>\n<blockquote>\n<p><em>&#8220;Es gibt einen Punkt, da fragt man sich: Gibt es eine Grenze der L\u00fcge?&#8221;<\/em><\/p>\n<\/blockquote>\n<p>Nein, diese Grenze gibt es nicht mehr, schon lange nicht mehr.<\/p>\n<\/p>\n<p><em>Tom J. Wellbrock ist Journalist, Sprecher, Podcaster, Moderator und Mitherausgeber des Blogs <a rel=\"nofollow noopener\" target=\"_blank\" href=\"https:\/\/www.neulandrebellen.de\/\">neulandrebellen<\/a>.<\/em><\/p>\n<p><strong>Mehr zum Thema <\/strong>&#8211;\u00a0<a rel=\"nofollow noopener\" target=\"_blank\" href=\"https:\/\/freedert.online\/international\/212006-selenskyj-fuerchtet-sich-vor-trump\/\">Selenskij f\u00fcrchtet sich vor Trump-Sieg: Ukraine will neuen Gipfel mit Teilnahme Russlands<\/a><\/p>\n<\/div>\n<p><br \/>\n<br \/><a href=\"https:\/\/de.rt.com\/meinung\/212419-schweizer-friedenskonferenz-russen-wollten-ja\/\">Source link <\/a><\/p>\n","protected":false},"excerpt":{"rendered":"<p>Es ist noch gar nicht lange her, da fand in der Schweiz eine &#8220;Friedenskonferenz&#8221; statt. Allerdings war Russland nicht dabei, es bekam keine Einladung. Doch bekanntlich wird Geschichte gern umgeschrieben, und so wurde nun eine neue Erz\u00e4hlung kreiert. Von Tom J. Wellbrock K\u00fcrzlich wurde auf YouTube ein Video ver\u00f6ffentlicht, in dem es um eine Sendung [&hellip;]<\/p>\n","protected":false},"author":3,"featured_media":64817,"comment_status":"open","ping_status":"open","sticky":false,"template":"","format":"standard","meta":{"_yoast_indexnow_last_ping":["1721068639"],"wp_automatic_camp":["217"],"50d2ea21c3c2302aea12d9ead397e6e5":["&quot;Die Russen wollten ja nicht kommen&quot; \u2013 Gibt es eine Grenze f\u00fcr  L\u00fcgen?"],"original_link":["https:\/\/de.rt.com\/meinung\/212419-schweizer-friedenskonferenz-russen-wollten-ja\/"],"_thumbnail_id":["64817"],"jnews_social_counter_last_update":["1777820715"],"_wptgpro_p2tg_sent2tg":["a:1:{i:23737;s:19:\"2024-07-15 20:38:28\";}"]},"categories":[19,23],"tags":[275,221,1002,366,24829,8897,800,1933,4405,31656],"yoast_head":"<!-- This site is optimized with the Yoast SEO Premium plugin v22.7 (Yoast SEO v22.7) - https:\/\/yoast.com\/wordpress\/plugins\/seo\/ -->\n<title>&quot;Die Russen wollten ja nicht kommen&quot; \u2013 Gibt es eine Grenze f\u00fcr L\u00fcgen? - just-now.NEWS Deutschland<\/title>\n<meta name=\"robots\" content=\"index, follow, max-snippet:-1, max-image-preview:large, max-video-preview:-1\" \/>\n<link rel=\"canonical\" href=\"https:\/\/now-news.de\/de\/deutschland\/die-russen-wollten-ja-nicht-kommen-gibt-es-eine-grenze-fuer-luegen\/\" \/>\n<meta property=\"og:locale\" content=\"de_DE\" \/>\n<meta property=\"og:type\" content=\"article\" \/>\n<meta property=\"og:title\" content=\"&quot;Die Russen wollten ja nicht kommen&quot; \u2013 Gibt es eine Grenze f\u00fcr L\u00fcgen?\" \/>\n<meta property=\"og:description\" content=\"Es ist noch gar nicht lange her, da fand in der Schweiz eine &#8220;Friedenskonferenz&#8221; statt. Allerdings war Russland nicht dabei, es bekam keine Einladung. Doch bekanntlich wird Geschichte gern umgeschrieben, und so wurde nun eine neue Erz\u00e4hlung kreiert. Von Tom J. Wellbrock K\u00fcrzlich wurde auf YouTube ein Video ver\u00f6ffentlicht, in dem es um eine Sendung [&hellip;]\" \/>\n<meta property=\"og:url\" content=\"https:\/\/now-news.de\/de\/deutschland\/die-russen-wollten-ja-nicht-kommen-gibt-es-eine-grenze-fuer-luegen\/\" \/>\n<meta property=\"og:site_name\" content=\"just-now.NEWS Deutschland\" \/>\n<meta property=\"article:publisher\" content=\"https:\/\/www.facebook.com\/wirmachenauf\" \/>\n<meta property=\"article:published_time\" content=\"2024-07-15T18:22:00+00:00\" \/>\n<meta property=\"og:image\" content=\"https:\/\/now-news.de\/de\/wp-content\/uploads\/sites\/3\/2024\/07\/6694e976b480cc5bd513b12c.jpg\" \/>\n<meta name=\"author\" content=\"rtnews\" \/>\n<meta name=\"twitter:card\" content=\"summary_large_image\" \/>\n<meta name=\"twitter:creator\" content=\"@WirMachenAuf_de\" \/>\n<meta name=\"twitter:site\" content=\"@WirMachenAuf_de\" \/>\n<meta name=\"twitter:label1\" content=\"Verfasst von\" \/>\n\t<meta name=\"twitter:data1\" content=\"rtnews\" \/>\n\t<meta name=\"twitter:label2\" content=\"Gesch\u00e4tzte Lesezeit\" \/>\n\t<meta name=\"twitter:data2\" content=\"5\u00a0Minuten\" \/>\n<script type=\"application\/ld+json\" class=\"yoast-schema-graph\">{\"@context\":\"https:\/\/schema.org\",\"@graph\":[{\"@type\":\"Article\",\"@id\":\"https:\/\/now-news.de\/de\/deutschland\/die-russen-wollten-ja-nicht-kommen-gibt-es-eine-grenze-fuer-luegen\/#article\",\"isPartOf\":{\"@id\":\"https:\/\/now-news.de\/de\/deutschland\/die-russen-wollten-ja-nicht-kommen-gibt-es-eine-grenze-fuer-luegen\/\"},\"author\":{\"name\":\"rtnews\",\"@id\":\"https:\/\/now-news.de\/de\/#\/schema\/person\/fb534a4e865501d8b3285208df34a9b5\"},\"headline\":\"&quot;Die Russen wollten ja nicht kommen&quot; \u2013 Gibt es eine Grenze f\u00fcr L\u00fcgen?\",\"datePublished\":\"2024-07-15T18:22:00+00:00\",\"dateModified\":\"2024-07-15T18:22:00+00:00\",\"mainEntityOfPage\":{\"@id\":\"https:\/\/now-news.de\/de\/deutschland\/die-russen-wollten-ja-nicht-kommen-gibt-es-eine-grenze-fuer-luegen\/\"},\"wordCount\":1001,\"commentCount\":0,\"publisher\":{\"@id\":\"https:\/\/now-news.de\/de\/#organization\"},\"image\":{\"@id\":\"https:\/\/now-news.de\/de\/deutschland\/die-russen-wollten-ja-nicht-kommen-gibt-es-eine-grenze-fuer-luegen\/#primaryimage\"},\"thumbnailUrl\":\"https:\/\/now-news.de\/de\/wp-content\/uploads\/sites\/3\/2024\/07\/quotDie-Russen-wollten-ja-nicht-kommenquot-\u2013-Gibt-es-eine.jpg\",\"keywords\":[\"eine\",\"f\u00fcr\",\"gibt\",\"Grenze\",\"kommenquot\",\"l\u00fcgen\",\"nicht\",\"quotDie\",\"Russen\",\"wollten\"],\"articleSection\":[\"Deutschland\",\"Russland\"],\"inLanguage\":\"de\",\"potentialAction\":[{\"@type\":\"CommentAction\",\"name\":\"Comment\",\"target\":[\"https:\/\/now-news.de\/de\/deutschland\/die-russen-wollten-ja-nicht-kommen-gibt-es-eine-grenze-fuer-luegen\/#respond\"]}]},{\"@type\":\"WebPage\",\"@id\":\"https:\/\/now-news.de\/de\/deutschland\/die-russen-wollten-ja-nicht-kommen-gibt-es-eine-grenze-fuer-luegen\/\",\"url\":\"https:\/\/now-news.de\/de\/deutschland\/die-russen-wollten-ja-nicht-kommen-gibt-es-eine-grenze-fuer-luegen\/\",\"name\":\"&quot;Die Russen wollten ja nicht kommen&quot; \u2013 Gibt es eine Grenze f\u00fcr L\u00fcgen? - just-now.NEWS Deutschland\",\"isPartOf\":{\"@id\":\"https:\/\/now-news.de\/de\/#website\"},\"primaryImageOfPage\":{\"@id\":\"https:\/\/now-news.de\/de\/deutschland\/die-russen-wollten-ja-nicht-kommen-gibt-es-eine-grenze-fuer-luegen\/#primaryimage\"},\"image\":{\"@id\":\"https:\/\/now-news.de\/de\/deutschland\/die-russen-wollten-ja-nicht-kommen-gibt-es-eine-grenze-fuer-luegen\/#primaryimage\"},\"thumbnailUrl\":\"https:\/\/now-news.de\/de\/wp-content\/uploads\/sites\/3\/2024\/07\/quotDie-Russen-wollten-ja-nicht-kommenquot-\u2013-Gibt-es-eine.jpg\",\"datePublished\":\"2024-07-15T18:22:00+00:00\",\"dateModified\":\"2024-07-15T18:22:00+00:00\",\"breadcrumb\":{\"@id\":\"https:\/\/now-news.de\/de\/deutschland\/die-russen-wollten-ja-nicht-kommen-gibt-es-eine-grenze-fuer-luegen\/#breadcrumb\"},\"inLanguage\":\"de\",\"potentialAction\":[{\"@type\":\"ReadAction\",\"target\":[\"https:\/\/now-news.de\/de\/deutschland\/die-russen-wollten-ja-nicht-kommen-gibt-es-eine-grenze-fuer-luegen\/\"]}]},{\"@type\":\"ImageObject\",\"inLanguage\":\"de\",\"@id\":\"https:\/\/now-news.de\/de\/deutschland\/die-russen-wollten-ja-nicht-kommen-gibt-es-eine-grenze-fuer-luegen\/#primaryimage\",\"url\":\"https:\/\/now-news.de\/de\/wp-content\/uploads\/sites\/3\/2024\/07\/quotDie-Russen-wollten-ja-nicht-kommenquot-\u2013-Gibt-es-eine.jpg\",\"contentUrl\":\"https:\/\/now-news.de\/de\/wp-content\/uploads\/sites\/3\/2024\/07\/quotDie-Russen-wollten-ja-nicht-kommenquot-\u2013-Gibt-es-eine.jpg\",\"width\":460,\"height\":259,\"caption\":\"&quot;Die Russen wollten ja nicht kommen&quot; \u2013 Gibt es eine Grenze f\u00fcr L\u00fcgen?\"},{\"@type\":\"BreadcrumbList\",\"@id\":\"https:\/\/now-news.de\/de\/deutschland\/die-russen-wollten-ja-nicht-kommen-gibt-es-eine-grenze-fuer-luegen\/#breadcrumb\",\"itemListElement\":[{\"@type\":\"ListItem\",\"position\":1,\"name\":\"Home\",\"item\":\"https:\/\/now-news.de\/de\/\"},{\"@type\":\"ListItem\",\"position\":2,\"name\":\"&quot;Die Russen wollten ja nicht kommen&quot; \u2013 Gibt es eine Grenze f\u00fcr L\u00fcgen?\"}]},{\"@type\":\"WebSite\",\"@id\":\"https:\/\/now-news.de\/de\/#website\",\"url\":\"https:\/\/now-news.de\/de\/\",\"name\":\"just-now.NEWS Deutschland\",\"description\":\"Das Portal f\u00fcr unzensierte Nachrichten aus der Welt\",\"publisher\":{\"@id\":\"https:\/\/now-news.de\/de\/#organization\"},\"potentialAction\":[{\"@type\":\"SearchAction\",\"target\":{\"@type\":\"EntryPoint\",\"urlTemplate\":\"https:\/\/now-news.de\/de\/?s={search_term_string}\"},\"query-input\":\"required name=search_term_string\"}],\"inLanguage\":\"de\"},{\"@type\":\"Organization\",\"@id\":\"https:\/\/now-news.de\/de\/#organization\",\"name\":\"Just Now News\",\"url\":\"https:\/\/now-news.de\/de\/\",\"logo\":{\"@type\":\"ImageObject\",\"inLanguage\":\"de\",\"@id\":\"https:\/\/now-news.de\/de\/#\/schema\/logo\/image\/\",\"url\":\"http:\/\/just-now.news\/de\/wp-content\/uploads\/sites\/3\/2022\/04\/logo500x500.jpg\",\"contentUrl\":\"http:\/\/just-now.news\/de\/wp-content\/uploads\/sites\/3\/2022\/04\/logo500x500.jpg\",\"width\":500,\"height\":500,\"caption\":\"Just Now News\"},\"image\":{\"@id\":\"https:\/\/now-news.de\/de\/#\/schema\/logo\/image\/\"},\"sameAs\":[\"https:\/\/www.facebook.com\/wirmachenauf\",\"https:\/\/x.com\/WirMachenAuf_de\"]},{\"@type\":\"Person\",\"@id\":\"https:\/\/now-news.de\/de\/#\/schema\/person\/fb534a4e865501d8b3285208df34a9b5\",\"name\":\"rtnews\",\"image\":{\"@type\":\"ImageObject\",\"inLanguage\":\"de\",\"@id\":\"https:\/\/now-news.de\/de\/#\/schema\/person\/image\/\",\"url\":\"https:\/\/secure.gravatar.com\/avatar\/82aafea7d8127119dd649515f56e2117?s=96&d=mm&r=g\",\"contentUrl\":\"https:\/\/secure.gravatar.com\/avatar\/82aafea7d8127119dd649515f56e2117?s=96&d=mm&r=g\",\"caption\":\"rtnews\"},\"url\":\"https:\/\/now-news.de\/de\/author\/rnews\/\"}]}<\/script>\n<!-- \/ Yoast SEO Premium plugin. -->","yoast_head_json":{"title":"&quot;Die Russen wollten ja nicht kommen&quot; \u2013 Gibt es eine Grenze f\u00fcr L\u00fcgen? - just-now.NEWS Deutschland","robots":{"index":"index","follow":"follow","max-snippet":"max-snippet:-1","max-image-preview":"max-image-preview:large","max-video-preview":"max-video-preview:-1"},"canonical":"https:\/\/now-news.de\/de\/deutschland\/die-russen-wollten-ja-nicht-kommen-gibt-es-eine-grenze-fuer-luegen\/","og_locale":"de_DE","og_type":"article","og_title":"&quot;Die Russen wollten ja nicht kommen&quot; \u2013 Gibt es eine Grenze f\u00fcr L\u00fcgen?","og_description":"Es ist noch gar nicht lange her, da fand in der Schweiz eine &#8220;Friedenskonferenz&#8221; statt. Allerdings war Russland nicht dabei, es bekam keine Einladung. Doch bekanntlich wird Geschichte gern umgeschrieben, und so wurde nun eine neue Erz\u00e4hlung kreiert. Von Tom J. Wellbrock K\u00fcrzlich wurde auf YouTube ein Video ver\u00f6ffentlicht, in dem es um eine Sendung [&hellip;]","og_url":"https:\/\/now-news.de\/de\/deutschland\/die-russen-wollten-ja-nicht-kommen-gibt-es-eine-grenze-fuer-luegen\/","og_site_name":"just-now.NEWS Deutschland","article_publisher":"https:\/\/www.facebook.com\/wirmachenauf","article_published_time":"2024-07-15T18:22:00+00:00","og_image":[{"url":"https:\/\/now-news.de\/de\/wp-content\/uploads\/sites\/3\/2024\/07\/6694e976b480cc5bd513b12c.jpg"}],"author":"rtnews","twitter_card":"summary_large_image","twitter_creator":"@WirMachenAuf_de","twitter_site":"@WirMachenAuf_de","twitter_misc":{"Verfasst von":"rtnews","Gesch\u00e4tzte Lesezeit":"5\u00a0Minuten"},"schema":{"@context":"https:\/\/schema.org","@graph":[{"@type":"Article","@id":"https:\/\/now-news.de\/de\/deutschland\/die-russen-wollten-ja-nicht-kommen-gibt-es-eine-grenze-fuer-luegen\/#article","isPartOf":{"@id":"https:\/\/now-news.de\/de\/deutschland\/die-russen-wollten-ja-nicht-kommen-gibt-es-eine-grenze-fuer-luegen\/"},"author":{"name":"rtnews","@id":"https:\/\/now-news.de\/de\/#\/schema\/person\/fb534a4e865501d8b3285208df34a9b5"},"headline":"&quot;Die Russen wollten ja nicht kommen&quot; \u2013 Gibt es eine Grenze f\u00fcr L\u00fcgen?","datePublished":"2024-07-15T18:22:00+00:00","dateModified":"2024-07-15T18:22:00+00:00","mainEntityOfPage":{"@id":"https:\/\/now-news.de\/de\/deutschland\/die-russen-wollten-ja-nicht-kommen-gibt-es-eine-grenze-fuer-luegen\/"},"wordCount":1001,"commentCount":0,"publisher":{"@id":"https:\/\/now-news.de\/de\/#organization"},"image":{"@id":"https:\/\/now-news.de\/de\/deutschland\/die-russen-wollten-ja-nicht-kommen-gibt-es-eine-grenze-fuer-luegen\/#primaryimage"},"thumbnailUrl":"https:\/\/now-news.de\/de\/wp-content\/uploads\/sites\/3\/2024\/07\/quotDie-Russen-wollten-ja-nicht-kommenquot-\u2013-Gibt-es-eine.jpg","keywords":["eine","f\u00fcr","gibt","Grenze","kommenquot","l\u00fcgen","nicht","quotDie","Russen","wollten"],"articleSection":["Deutschland","Russland"],"inLanguage":"de","potentialAction":[{"@type":"CommentAction","name":"Comment","target":["https:\/\/now-news.de\/de\/deutschland\/die-russen-wollten-ja-nicht-kommen-gibt-es-eine-grenze-fuer-luegen\/#respond"]}]},{"@type":"WebPage","@id":"https:\/\/now-news.de\/de\/deutschland\/die-russen-wollten-ja-nicht-kommen-gibt-es-eine-grenze-fuer-luegen\/","url":"https:\/\/now-news.de\/de\/deutschland\/die-russen-wollten-ja-nicht-kommen-gibt-es-eine-grenze-fuer-luegen\/","name":"&quot;Die Russen wollten ja nicht kommen&quot; \u2013 Gibt es eine Grenze f\u00fcr L\u00fcgen? - just-now.NEWS Deutschland","isPartOf":{"@id":"https:\/\/now-news.de\/de\/#website"},"primaryImageOfPage":{"@id":"https:\/\/now-news.de\/de\/deutschland\/die-russen-wollten-ja-nicht-kommen-gibt-es-eine-grenze-fuer-luegen\/#primaryimage"},"image":{"@id":"https:\/\/now-news.de\/de\/deutschland\/die-russen-wollten-ja-nicht-kommen-gibt-es-eine-grenze-fuer-luegen\/#primaryimage"},"thumbnailUrl":"https:\/\/now-news.de\/de\/wp-content\/uploads\/sites\/3\/2024\/07\/quotDie-Russen-wollten-ja-nicht-kommenquot-\u2013-Gibt-es-eine.jpg","datePublished":"2024-07-15T18:22:00+00:00","dateModified":"2024-07-15T18:22:00+00:00","breadcrumb":{"@id":"https:\/\/now-news.de\/de\/deutschland\/die-russen-wollten-ja-nicht-kommen-gibt-es-eine-grenze-fuer-luegen\/#breadcrumb"},"inLanguage":"de","potentialAction":[{"@type":"ReadAction","target":["https:\/\/now-news.de\/de\/deutschland\/die-russen-wollten-ja-nicht-kommen-gibt-es-eine-grenze-fuer-luegen\/"]}]},{"@type":"ImageObject","inLanguage":"de","@id":"https:\/\/now-news.de\/de\/deutschland\/die-russen-wollten-ja-nicht-kommen-gibt-es-eine-grenze-fuer-luegen\/#primaryimage","url":"https:\/\/now-news.de\/de\/wp-content\/uploads\/sites\/3\/2024\/07\/quotDie-Russen-wollten-ja-nicht-kommenquot-\u2013-Gibt-es-eine.jpg","contentUrl":"https:\/\/now-news.de\/de\/wp-content\/uploads\/sites\/3\/2024\/07\/quotDie-Russen-wollten-ja-nicht-kommenquot-\u2013-Gibt-es-eine.jpg","width":460,"height":259,"caption":"&quot;Die Russen wollten ja nicht kommen&quot; \u2013 Gibt es eine Grenze f\u00fcr L\u00fcgen?"},{"@type":"BreadcrumbList","@id":"https:\/\/now-news.de\/de\/deutschland\/die-russen-wollten-ja-nicht-kommen-gibt-es-eine-grenze-fuer-luegen\/#breadcrumb","itemListElement":[{"@type":"ListItem","position":1,"name":"Home","item":"https:\/\/now-news.de\/de\/"},{"@type":"ListItem","position":2,"name":"&quot;Die Russen wollten ja nicht kommen&quot; \u2013 Gibt es eine Grenze f\u00fcr L\u00fcgen?"}]},{"@type":"WebSite","@id":"https:\/\/now-news.de\/de\/#website","url":"https:\/\/now-news.de\/de\/","name":"just-now.NEWS Deutschland","description":"Das Portal f\u00fcr unzensierte Nachrichten aus der Welt","publisher":{"@id":"https:\/\/now-news.de\/de\/#organization"},"potentialAction":[{"@type":"SearchAction","target":{"@type":"EntryPoint","urlTemplate":"https:\/\/now-news.de\/de\/?s={search_term_string}"},"query-input":"required name=search_term_string"}],"inLanguage":"de"},{"@type":"Organization","@id":"https:\/\/now-news.de\/de\/#organization","name":"Just Now News","url":"https:\/\/now-news.de\/de\/","logo":{"@type":"ImageObject","inLanguage":"de","@id":"https:\/\/now-news.de\/de\/#\/schema\/logo\/image\/","url":"http:\/\/just-now.news\/de\/wp-content\/uploads\/sites\/3\/2022\/04\/logo500x500.jpg","contentUrl":"http:\/\/just-now.news\/de\/wp-content\/uploads\/sites\/3\/2022\/04\/logo500x500.jpg","width":500,"height":500,"caption":"Just Now News"},"image":{"@id":"https:\/\/now-news.de\/de\/#\/schema\/logo\/image\/"},"sameAs":["https:\/\/www.facebook.com\/wirmachenauf","https:\/\/x.com\/WirMachenAuf_de"]},{"@type":"Person","@id":"https:\/\/now-news.de\/de\/#\/schema\/person\/fb534a4e865501d8b3285208df34a9b5","name":"rtnews","image":{"@type":"ImageObject","inLanguage":"de","@id":"https:\/\/now-news.de\/de\/#\/schema\/person\/image\/","url":"https:\/\/secure.gravatar.com\/avatar\/82aafea7d8127119dd649515f56e2117?s=96&d=mm&r=g","contentUrl":"https:\/\/secure.gravatar.com\/avatar\/82aafea7d8127119dd649515f56e2117?s=96&d=mm&r=g","caption":"rtnews"},"url":"https:\/\/now-news.de\/de\/author\/rnews\/"}]}},"_links":{"self":[{"href":"https:\/\/now-news.de\/de\/wp-json\/wp\/v2\/posts\/64816"}],"collection":[{"href":"https:\/\/now-news.de\/de\/wp-json\/wp\/v2\/posts"}],"about":[{"href":"https:\/\/now-news.de\/de\/wp-json\/wp\/v2\/types\/post"}],"author":[{"embeddable":true,"href":"https:\/\/now-news.de\/de\/wp-json\/wp\/v2\/users\/3"}],"replies":[{"embeddable":true,"href":"https:\/\/now-news.de\/de\/wp-json\/wp\/v2\/comments?post=64816"}],"version-history":[{"count":0,"href":"https:\/\/now-news.de\/de\/wp-json\/wp\/v2\/posts\/64816\/revisions"}],"wp:featuredmedia":[{"embeddable":true,"href":"https:\/\/now-news.de\/de\/wp-json\/wp\/v2\/media\/64817"}],"wp:attachment":[{"href":"https:\/\/now-news.de\/de\/wp-json\/wp\/v2\/media?parent=64816"}],"wp:term":[{"taxonomy":"category","embeddable":true,"href":"https:\/\/now-news.de\/de\/wp-json\/wp\/v2\/categories?post=64816"},{"taxonomy":"post_tag","embeddable":true,"href":"https:\/\/now-news.de\/de\/wp-json\/wp\/v2\/tags?post=64816"}],"curies":[{"name":"wp","href":"https:\/\/api.w.org\/{rel}","templated":true}]}}