{"id":64812,"date":"2024-07-15T19:21:18","date_gmt":"2024-07-15T17:21:18","guid":{"rendered":"https:\/\/now-news.de\/de\/deutschland\/deutliche-zunahme-von-wohnungslosen-in-obdachloseneinrichtungen\/"},"modified":"2024-07-15T19:21:18","modified_gmt":"2024-07-15T17:21:18","slug":"deutliche-zunahme-von-wohnungslosen-in-obdachloseneinrichtungen","status":"publish","type":"post","link":"https:\/\/now-news.de\/de\/deutschland\/deutliche-zunahme-von-wohnungslosen-in-obdachloseneinrichtungen\/","title":{"rendered":"Deutliche Zunahme von Wohnungslosen in Obdachloseneinrichtungen"},"content":{"rendered":"<p><img decoding=\"async\" src=\"https:\/\/now-news.de\/de\/wp-content\/uploads\/sites\/3\/2024\/07\/669536e748fbef3e56047bb4.jpg\" \/><\/p>\n<div class=\"Text-root Text-type_1 \">\n                Die Zahl der Obdachlosen, die in Einrichtungen der Wohnungslosenhilfe untergebracht waren, ist erneut gestiegen. Die gr\u00f6\u00dfte Gruppe sind Fl\u00fcchtlinge aus der Ukraine. M\u00e4nner sind von Obdachlosigkeit h\u00e4ufiger betroffen als Frauen. In Deutschland fehlt bezahlbarer Wohnraum.\n            <\/div>\n<p><\/p>\n<div class=\"Text-root Text-type_5 ArticleView-text ViewText-root \">\n<p>Zum Stichtag 31. Januar 2024 waren in Deutschland 439.500 Menschen wegen Wohnungslosigkeit untergebracht, teilt das Statistische Bundesamt heute mit. Ihnen wurde beispielsweise in Sammelunterk\u00fcnften oder in Einrichtungen f\u00fcr Wohnungslose Schlafpl\u00e4tze zur Verf\u00fcgung gestellt. Das Statistische Bundesamt erfasst die Zahlen zur Unterbringung von Menschen in Wohnungslosigkeit erst seit drei Jahren. F\u00fcr den starken Anstieg von 178.100 Personen im Jahr 2022 auf 372.000 im Jahr 2023 und schlie\u00dflich auf die aktuelle Zahl von weit \u00fcber 400.000 macht das Amt Verbesserungen bei der Meldung verantwortlich.<\/p>\n<p>Nicht erfasst in der Statistik werden Obdachlose und verdeckte Obdachlosigkeit, also Menschen, die zwar ohne eigene Wohnung, aber bei Freunden und Verwandten untergekommen sind. Nicht erfasst werden auch Asylbewerber, deren Verfahren noch nicht positiv abgeschlossen wurde, die aber in einer Asylunterkunft untergebracht sind. Jene Asylbewerber, deren Verfahren positiv abgeschlossen wurde, die aber keine eigene Wohnung finden konnten und daher weiter in einem Wohnheim f\u00fcr Asylanten wohnen, werden dagegen gez\u00e4hlt. Die tats\u00e4chlichen Zahlen liegen daher deutlich h\u00f6her.\u00a0<\/p>\n<p>Die gr\u00f6\u00dfte Gruppe waren aus der Ukraine gefl\u00fcchtete Personen. 136.900 Fl\u00fcchtlinge aus der Ukraine wurden in Unterk\u00fcnften der Wohnungslosenhilfe untergebracht. Mit 40 Prozent relativ gro\u00df ist die Zahl der Menschen mit einem Alter von unter 25 Jahren. M\u00e4nner haben in der Gruppe der untergebrachten Wohnungslosen mit 55 Prozent einen h\u00f6heren Anteil als Frauen.\u00a0<\/p>\n<p>Die hohe Zahl von untergebrachten Wohnungslosen deutet auch auf ein Scheitern der Wohnungsbaupolitik der Bundesregierung. Es fehlt vor allem an g\u00fcnstigem Wohnraum. Experten sprechen von einem Gesamtbedarf von j\u00e4hrlich 700.000 neuen Wohnungen in Deutschland. Die Ampel hat sich das Ziel in den Koalitionsvertrag geschrieben, f\u00fcr j\u00e4hrlich 400.000 Wohnungen sorgen zu wollen. Doch auch daran ist die Bundesregierung bisher gescheitert. Lediglich 294.000 neue Wohnungen sind 2023 entstanden.<\/p>\n<p><strong>Mehr zum Thema<\/strong>\u00a0\u2013 <a rel=\"nofollow noopener\" target=\"_blank\" href=\"https:\/\/freedert.online\/meinung\/211672-spardiktat-hetze-und-peitsche-ampel\/\">Spardiktat, Hetze und Peitsche: Die Ampel im neoliberalen K\u00fcrzungsrausch<\/a><\/p>\n<\/p>\n<\/div>\n<p><br \/>\n<br \/><a href=\"https:\/\/de.rt.com\/inland\/212469-deutliche-zunahme-von-wohnungslosen-in\/\">Source link <\/a><\/p>\n","protected":false},"excerpt":{"rendered":"<p>Die Zahl der Obdachlosen, die in Einrichtungen der Wohnungslosenhilfe untergebracht waren, ist erneut gestiegen. Die gr\u00f6\u00dfte Gruppe sind Fl\u00fcchtlinge aus der Ukraine. M\u00e4nner sind von Obdachlosigkeit h\u00e4ufiger betroffen als Frauen. In Deutschland fehlt bezahlbarer Wohnraum. Zum Stichtag 31. Januar 2024 waren in Deutschland 439.500 Menschen wegen Wohnungslosigkeit untergebracht, teilt das Statistische Bundesamt heute mit. Ihnen [&hellip;]<\/p>\n","protected":false},"author":3,"featured_media":64813,"comment_status":"open","ping_status":"open","sticky":false,"template":"","format":"standard","meta":{"_yoast_indexnow_last_ping":["1721064808"],"wp_automatic_camp":["217"],"79b83d55b8ef08a5a35be2892f67cb59":["Deutliche Zunahme von Wohnungslosen in Obdachloseneinrichtungen"],"original_link":["https:\/\/de.rt.com\/inland\/212469-deutliche-zunahme-von-wohnungslosen-in\/"],"_thumbnail_id":["64813"],"_wptgpro_p2tg_sent2tg":["a:1:{i:23737;s:19:\"2024-07-15 19:34:32\";}"],"jnews_social_counter_last_update":["1777206887"]},"categories":[19,23],"tags":[32259,56639,50,56638,31313],"yoast_head":"<!-- This site is optimized with the Yoast SEO Premium plugin v22.7 (Yoast SEO v22.7) - https:\/\/yoast.com\/wordpress\/plugins\/seo\/ -->\n<title>Deutliche Zunahme von Wohnungslosen in Obdachloseneinrichtungen - just-now.NEWS Deutschland<\/title>\n<meta name=\"robots\" content=\"index, follow, max-snippet:-1, max-image-preview:large, max-video-preview:-1\" \/>\n<link rel=\"canonical\" href=\"https:\/\/now-news.de\/de\/deutschland\/deutliche-zunahme-von-wohnungslosen-in-obdachloseneinrichtungen\/\" \/>\n<meta property=\"og:locale\" content=\"de_DE\" \/>\n<meta property=\"og:type\" content=\"article\" \/>\n<meta property=\"og:title\" content=\"Deutliche Zunahme von Wohnungslosen in Obdachloseneinrichtungen\" \/>\n<meta property=\"og:description\" content=\"Die Zahl der Obdachlosen, die in Einrichtungen der Wohnungslosenhilfe untergebracht waren, ist erneut gestiegen. Die gr\u00f6\u00dfte Gruppe sind Fl\u00fcchtlinge aus der Ukraine. M\u00e4nner sind von Obdachlosigkeit h\u00e4ufiger betroffen als Frauen. In Deutschland fehlt bezahlbarer Wohnraum. Zum Stichtag 31. Januar 2024 waren in Deutschland 439.500 Menschen wegen Wohnungslosigkeit untergebracht, teilt das Statistische Bundesamt heute mit. Ihnen [&hellip;]\" \/>\n<meta property=\"og:url\" content=\"https:\/\/now-news.de\/de\/deutschland\/deutliche-zunahme-von-wohnungslosen-in-obdachloseneinrichtungen\/\" \/>\n<meta property=\"og:site_name\" content=\"just-now.NEWS Deutschland\" \/>\n<meta property=\"article:publisher\" content=\"https:\/\/www.facebook.com\/wirmachenauf\" \/>\n<meta property=\"article:published_time\" content=\"2024-07-15T17:21:18+00:00\" \/>\n<meta property=\"og:image\" content=\"https:\/\/now-news.de\/de\/wp-content\/uploads\/sites\/3\/2024\/07\/669536e748fbef3e56047bb4.jpg\" \/>\n<meta name=\"author\" content=\"rtnews\" \/>\n<meta name=\"twitter:card\" content=\"summary_large_image\" \/>\n<meta name=\"twitter:creator\" content=\"@WirMachenAuf_de\" \/>\n<meta name=\"twitter:site\" content=\"@WirMachenAuf_de\" \/>\n<meta name=\"twitter:label1\" content=\"Verfasst von\" \/>\n\t<meta name=\"twitter:data1\" content=\"rtnews\" \/>\n\t<meta name=\"twitter:label2\" content=\"Gesch\u00e4tzte Lesezeit\" \/>\n\t<meta name=\"twitter:data2\" content=\"2\u00a0Minuten\" \/>\n<script type=\"application\/ld+json\" class=\"yoast-schema-graph\">{\"@context\":\"https:\/\/schema.org\",\"@graph\":[{\"@type\":\"Article\",\"@id\":\"https:\/\/now-news.de\/de\/deutschland\/deutliche-zunahme-von-wohnungslosen-in-obdachloseneinrichtungen\/#article\",\"isPartOf\":{\"@id\":\"https:\/\/now-news.de\/de\/deutschland\/deutliche-zunahme-von-wohnungslosen-in-obdachloseneinrichtungen\/\"},\"author\":{\"name\":\"rtnews\",\"@id\":\"https:\/\/now-news.de\/de\/#\/schema\/person\/fb534a4e865501d8b3285208df34a9b5\"},\"headline\":\"Deutliche Zunahme von Wohnungslosen in Obdachloseneinrichtungen\",\"datePublished\":\"2024-07-15T17:21:18+00:00\",\"dateModified\":\"2024-07-15T17:21:18+00:00\",\"mainEntityOfPage\":{\"@id\":\"https:\/\/now-news.de\/de\/deutschland\/deutliche-zunahme-von-wohnungslosen-in-obdachloseneinrichtungen\/\"},\"wordCount\":342,\"commentCount\":0,\"publisher\":{\"@id\":\"https:\/\/now-news.de\/de\/#organization\"},\"image\":{\"@id\":\"https:\/\/now-news.de\/de\/deutschland\/deutliche-zunahme-von-wohnungslosen-in-obdachloseneinrichtungen\/#primaryimage\"},\"thumbnailUrl\":\"https:\/\/now-news.de\/de\/wp-content\/uploads\/sites\/3\/2024\/07\/Deutliche-Zunahme-von-Wohnungslosen-in-Obdachloseneinrichtungen.jpg\",\"keywords\":[\"Deutliche\",\"Obdachloseneinrichtungen\",\"von\",\"Wohnungslosen\",\"Zunahme\"],\"articleSection\":[\"Deutschland\",\"Russland\"],\"inLanguage\":\"de\",\"potentialAction\":[{\"@type\":\"CommentAction\",\"name\":\"Comment\",\"target\":[\"https:\/\/now-news.de\/de\/deutschland\/deutliche-zunahme-von-wohnungslosen-in-obdachloseneinrichtungen\/#respond\"]}]},{\"@type\":\"WebPage\",\"@id\":\"https:\/\/now-news.de\/de\/deutschland\/deutliche-zunahme-von-wohnungslosen-in-obdachloseneinrichtungen\/\",\"url\":\"https:\/\/now-news.de\/de\/deutschland\/deutliche-zunahme-von-wohnungslosen-in-obdachloseneinrichtungen\/\",\"name\":\"Deutliche Zunahme von Wohnungslosen in Obdachloseneinrichtungen - just-now.NEWS Deutschland\",\"isPartOf\":{\"@id\":\"https:\/\/now-news.de\/de\/#website\"},\"primaryImageOfPage\":{\"@id\":\"https:\/\/now-news.de\/de\/deutschland\/deutliche-zunahme-von-wohnungslosen-in-obdachloseneinrichtungen\/#primaryimage\"},\"image\":{\"@id\":\"https:\/\/now-news.de\/de\/deutschland\/deutliche-zunahme-von-wohnungslosen-in-obdachloseneinrichtungen\/#primaryimage\"},\"thumbnailUrl\":\"https:\/\/now-news.de\/de\/wp-content\/uploads\/sites\/3\/2024\/07\/Deutliche-Zunahme-von-Wohnungslosen-in-Obdachloseneinrichtungen.jpg\",\"datePublished\":\"2024-07-15T17:21:18+00:00\",\"dateModified\":\"2024-07-15T17:21:18+00:00\",\"breadcrumb\":{\"@id\":\"https:\/\/now-news.de\/de\/deutschland\/deutliche-zunahme-von-wohnungslosen-in-obdachloseneinrichtungen\/#breadcrumb\"},\"inLanguage\":\"de\",\"potentialAction\":[{\"@type\":\"ReadAction\",\"target\":[\"https:\/\/now-news.de\/de\/deutschland\/deutliche-zunahme-von-wohnungslosen-in-obdachloseneinrichtungen\/\"]}]},{\"@type\":\"ImageObject\",\"inLanguage\":\"de\",\"@id\":\"https:\/\/now-news.de\/de\/deutschland\/deutliche-zunahme-von-wohnungslosen-in-obdachloseneinrichtungen\/#primaryimage\",\"url\":\"https:\/\/now-news.de\/de\/wp-content\/uploads\/sites\/3\/2024\/07\/Deutliche-Zunahme-von-Wohnungslosen-in-Obdachloseneinrichtungen.jpg\",\"contentUrl\":\"https:\/\/now-news.de\/de\/wp-content\/uploads\/sites\/3\/2024\/07\/Deutliche-Zunahme-von-Wohnungslosen-in-Obdachloseneinrichtungen.jpg\",\"width\":460,\"height\":259,\"caption\":\"Deutliche Zunahme von Wohnungslosen in Obdachloseneinrichtungen\"},{\"@type\":\"BreadcrumbList\",\"@id\":\"https:\/\/now-news.de\/de\/deutschland\/deutliche-zunahme-von-wohnungslosen-in-obdachloseneinrichtungen\/#breadcrumb\",\"itemListElement\":[{\"@type\":\"ListItem\",\"position\":1,\"name\":\"Home\",\"item\":\"https:\/\/now-news.de\/de\/\"},{\"@type\":\"ListItem\",\"position\":2,\"name\":\"Deutliche Zunahme von Wohnungslosen in Obdachloseneinrichtungen\"}]},{\"@type\":\"WebSite\",\"@id\":\"https:\/\/now-news.de\/de\/#website\",\"url\":\"https:\/\/now-news.de\/de\/\",\"name\":\"just-now.NEWS Deutschland\",\"description\":\"Das Portal f\u00fcr unzensierte Nachrichten aus der Welt\",\"publisher\":{\"@id\":\"https:\/\/now-news.de\/de\/#organization\"},\"potentialAction\":[{\"@type\":\"SearchAction\",\"target\":{\"@type\":\"EntryPoint\",\"urlTemplate\":\"https:\/\/now-news.de\/de\/?s={search_term_string}\"},\"query-input\":\"required name=search_term_string\"}],\"inLanguage\":\"de\"},{\"@type\":\"Organization\",\"@id\":\"https:\/\/now-news.de\/de\/#organization\",\"name\":\"Just Now News\",\"url\":\"https:\/\/now-news.de\/de\/\",\"logo\":{\"@type\":\"ImageObject\",\"inLanguage\":\"de\",\"@id\":\"https:\/\/now-news.de\/de\/#\/schema\/logo\/image\/\",\"url\":\"http:\/\/just-now.news\/de\/wp-content\/uploads\/sites\/3\/2022\/04\/logo500x500.jpg\",\"contentUrl\":\"http:\/\/just-now.news\/de\/wp-content\/uploads\/sites\/3\/2022\/04\/logo500x500.jpg\",\"width\":500,\"height\":500,\"caption\":\"Just Now News\"},\"image\":{\"@id\":\"https:\/\/now-news.de\/de\/#\/schema\/logo\/image\/\"},\"sameAs\":[\"https:\/\/www.facebook.com\/wirmachenauf\",\"https:\/\/x.com\/WirMachenAuf_de\"]},{\"@type\":\"Person\",\"@id\":\"https:\/\/now-news.de\/de\/#\/schema\/person\/fb534a4e865501d8b3285208df34a9b5\",\"name\":\"rtnews\",\"image\":{\"@type\":\"ImageObject\",\"inLanguage\":\"de\",\"@id\":\"https:\/\/now-news.de\/de\/#\/schema\/person\/image\/\",\"url\":\"https:\/\/secure.gravatar.com\/avatar\/82aafea7d8127119dd649515f56e2117?s=96&d=mm&r=g\",\"contentUrl\":\"https:\/\/secure.gravatar.com\/avatar\/82aafea7d8127119dd649515f56e2117?s=96&d=mm&r=g\",\"caption\":\"rtnews\"},\"url\":\"https:\/\/now-news.de\/de\/author\/rnews\/\"}]}<\/script>\n<!-- \/ Yoast SEO Premium plugin. -->","yoast_head_json":{"title":"Deutliche Zunahme von Wohnungslosen in Obdachloseneinrichtungen - just-now.NEWS Deutschland","robots":{"index":"index","follow":"follow","max-snippet":"max-snippet:-1","max-image-preview":"max-image-preview:large","max-video-preview":"max-video-preview:-1"},"canonical":"https:\/\/now-news.de\/de\/deutschland\/deutliche-zunahme-von-wohnungslosen-in-obdachloseneinrichtungen\/","og_locale":"de_DE","og_type":"article","og_title":"Deutliche Zunahme von Wohnungslosen in Obdachloseneinrichtungen","og_description":"Die Zahl der Obdachlosen, die in Einrichtungen der Wohnungslosenhilfe untergebracht waren, ist erneut gestiegen. Die gr\u00f6\u00dfte Gruppe sind Fl\u00fcchtlinge aus der Ukraine. M\u00e4nner sind von Obdachlosigkeit h\u00e4ufiger betroffen als Frauen. In Deutschland fehlt bezahlbarer Wohnraum. Zum Stichtag 31. Januar 2024 waren in Deutschland 439.500 Menschen wegen Wohnungslosigkeit untergebracht, teilt das Statistische Bundesamt heute mit. Ihnen [&hellip;]","og_url":"https:\/\/now-news.de\/de\/deutschland\/deutliche-zunahme-von-wohnungslosen-in-obdachloseneinrichtungen\/","og_site_name":"just-now.NEWS Deutschland","article_publisher":"https:\/\/www.facebook.com\/wirmachenauf","article_published_time":"2024-07-15T17:21:18+00:00","og_image":[{"url":"https:\/\/now-news.de\/de\/wp-content\/uploads\/sites\/3\/2024\/07\/669536e748fbef3e56047bb4.jpg"}],"author":"rtnews","twitter_card":"summary_large_image","twitter_creator":"@WirMachenAuf_de","twitter_site":"@WirMachenAuf_de","twitter_misc":{"Verfasst von":"rtnews","Gesch\u00e4tzte Lesezeit":"2\u00a0Minuten"},"schema":{"@context":"https:\/\/schema.org","@graph":[{"@type":"Article","@id":"https:\/\/now-news.de\/de\/deutschland\/deutliche-zunahme-von-wohnungslosen-in-obdachloseneinrichtungen\/#article","isPartOf":{"@id":"https:\/\/now-news.de\/de\/deutschland\/deutliche-zunahme-von-wohnungslosen-in-obdachloseneinrichtungen\/"},"author":{"name":"rtnews","@id":"https:\/\/now-news.de\/de\/#\/schema\/person\/fb534a4e865501d8b3285208df34a9b5"},"headline":"Deutliche Zunahme von Wohnungslosen in Obdachloseneinrichtungen","datePublished":"2024-07-15T17:21:18+00:00","dateModified":"2024-07-15T17:21:18+00:00","mainEntityOfPage":{"@id":"https:\/\/now-news.de\/de\/deutschland\/deutliche-zunahme-von-wohnungslosen-in-obdachloseneinrichtungen\/"},"wordCount":342,"commentCount":0,"publisher":{"@id":"https:\/\/now-news.de\/de\/#organization"},"image":{"@id":"https:\/\/now-news.de\/de\/deutschland\/deutliche-zunahme-von-wohnungslosen-in-obdachloseneinrichtungen\/#primaryimage"},"thumbnailUrl":"https:\/\/now-news.de\/de\/wp-content\/uploads\/sites\/3\/2024\/07\/Deutliche-Zunahme-von-Wohnungslosen-in-Obdachloseneinrichtungen.jpg","keywords":["Deutliche","Obdachloseneinrichtungen","von","Wohnungslosen","Zunahme"],"articleSection":["Deutschland","Russland"],"inLanguage":"de","potentialAction":[{"@type":"CommentAction","name":"Comment","target":["https:\/\/now-news.de\/de\/deutschland\/deutliche-zunahme-von-wohnungslosen-in-obdachloseneinrichtungen\/#respond"]}]},{"@type":"WebPage","@id":"https:\/\/now-news.de\/de\/deutschland\/deutliche-zunahme-von-wohnungslosen-in-obdachloseneinrichtungen\/","url":"https:\/\/now-news.de\/de\/deutschland\/deutliche-zunahme-von-wohnungslosen-in-obdachloseneinrichtungen\/","name":"Deutliche Zunahme von Wohnungslosen in Obdachloseneinrichtungen - just-now.NEWS Deutschland","isPartOf":{"@id":"https:\/\/now-news.de\/de\/#website"},"primaryImageOfPage":{"@id":"https:\/\/now-news.de\/de\/deutschland\/deutliche-zunahme-von-wohnungslosen-in-obdachloseneinrichtungen\/#primaryimage"},"image":{"@id":"https:\/\/now-news.de\/de\/deutschland\/deutliche-zunahme-von-wohnungslosen-in-obdachloseneinrichtungen\/#primaryimage"},"thumbnailUrl":"https:\/\/now-news.de\/de\/wp-content\/uploads\/sites\/3\/2024\/07\/Deutliche-Zunahme-von-Wohnungslosen-in-Obdachloseneinrichtungen.jpg","datePublished":"2024-07-15T17:21:18+00:00","dateModified":"2024-07-15T17:21:18+00:00","breadcrumb":{"@id":"https:\/\/now-news.de\/de\/deutschland\/deutliche-zunahme-von-wohnungslosen-in-obdachloseneinrichtungen\/#breadcrumb"},"inLanguage":"de","potentialAction":[{"@type":"ReadAction","target":["https:\/\/now-news.de\/de\/deutschland\/deutliche-zunahme-von-wohnungslosen-in-obdachloseneinrichtungen\/"]}]},{"@type":"ImageObject","inLanguage":"de","@id":"https:\/\/now-news.de\/de\/deutschland\/deutliche-zunahme-von-wohnungslosen-in-obdachloseneinrichtungen\/#primaryimage","url":"https:\/\/now-news.de\/de\/wp-content\/uploads\/sites\/3\/2024\/07\/Deutliche-Zunahme-von-Wohnungslosen-in-Obdachloseneinrichtungen.jpg","contentUrl":"https:\/\/now-news.de\/de\/wp-content\/uploads\/sites\/3\/2024\/07\/Deutliche-Zunahme-von-Wohnungslosen-in-Obdachloseneinrichtungen.jpg","width":460,"height":259,"caption":"Deutliche Zunahme von Wohnungslosen in Obdachloseneinrichtungen"},{"@type":"BreadcrumbList","@id":"https:\/\/now-news.de\/de\/deutschland\/deutliche-zunahme-von-wohnungslosen-in-obdachloseneinrichtungen\/#breadcrumb","itemListElement":[{"@type":"ListItem","position":1,"name":"Home","item":"https:\/\/now-news.de\/de\/"},{"@type":"ListItem","position":2,"name":"Deutliche Zunahme von Wohnungslosen in Obdachloseneinrichtungen"}]},{"@type":"WebSite","@id":"https:\/\/now-news.de\/de\/#website","url":"https:\/\/now-news.de\/de\/","name":"just-now.NEWS Deutschland","description":"Das Portal f\u00fcr unzensierte Nachrichten aus der Welt","publisher":{"@id":"https:\/\/now-news.de\/de\/#organization"},"potentialAction":[{"@type":"SearchAction","target":{"@type":"EntryPoint","urlTemplate":"https:\/\/now-news.de\/de\/?s={search_term_string}"},"query-input":"required name=search_term_string"}],"inLanguage":"de"},{"@type":"Organization","@id":"https:\/\/now-news.de\/de\/#organization","name":"Just Now News","url":"https:\/\/now-news.de\/de\/","logo":{"@type":"ImageObject","inLanguage":"de","@id":"https:\/\/now-news.de\/de\/#\/schema\/logo\/image\/","url":"http:\/\/just-now.news\/de\/wp-content\/uploads\/sites\/3\/2022\/04\/logo500x500.jpg","contentUrl":"http:\/\/just-now.news\/de\/wp-content\/uploads\/sites\/3\/2022\/04\/logo500x500.jpg","width":500,"height":500,"caption":"Just Now News"},"image":{"@id":"https:\/\/now-news.de\/de\/#\/schema\/logo\/image\/"},"sameAs":["https:\/\/www.facebook.com\/wirmachenauf","https:\/\/x.com\/WirMachenAuf_de"]},{"@type":"Person","@id":"https:\/\/now-news.de\/de\/#\/schema\/person\/fb534a4e865501d8b3285208df34a9b5","name":"rtnews","image":{"@type":"ImageObject","inLanguage":"de","@id":"https:\/\/now-news.de\/de\/#\/schema\/person\/image\/","url":"https:\/\/secure.gravatar.com\/avatar\/82aafea7d8127119dd649515f56e2117?s=96&d=mm&r=g","contentUrl":"https:\/\/secure.gravatar.com\/avatar\/82aafea7d8127119dd649515f56e2117?s=96&d=mm&r=g","caption":"rtnews"},"url":"https:\/\/now-news.de\/de\/author\/rnews\/"}]}},"_links":{"self":[{"href":"https:\/\/now-news.de\/de\/wp-json\/wp\/v2\/posts\/64812"}],"collection":[{"href":"https:\/\/now-news.de\/de\/wp-json\/wp\/v2\/posts"}],"about":[{"href":"https:\/\/now-news.de\/de\/wp-json\/wp\/v2\/types\/post"}],"author":[{"embeddable":true,"href":"https:\/\/now-news.de\/de\/wp-json\/wp\/v2\/users\/3"}],"replies":[{"embeddable":true,"href":"https:\/\/now-news.de\/de\/wp-json\/wp\/v2\/comments?post=64812"}],"version-history":[{"count":0,"href":"https:\/\/now-news.de\/de\/wp-json\/wp\/v2\/posts\/64812\/revisions"}],"wp:featuredmedia":[{"embeddable":true,"href":"https:\/\/now-news.de\/de\/wp-json\/wp\/v2\/media\/64813"}],"wp:attachment":[{"href":"https:\/\/now-news.de\/de\/wp-json\/wp\/v2\/media?parent=64812"}],"wp:term":[{"taxonomy":"category","embeddable":true,"href":"https:\/\/now-news.de\/de\/wp-json\/wp\/v2\/categories?post=64812"},{"taxonomy":"post_tag","embeddable":true,"href":"https:\/\/now-news.de\/de\/wp-json\/wp\/v2\/tags?post=64812"}],"curies":[{"name":"wp","href":"https:\/\/api.w.org\/{rel}","templated":true}]}}