{"id":64787,"date":"2024-07-15T13:47:29","date_gmt":"2024-07-15T11:47:29","guid":{"rendered":"https:\/\/now-news.de\/de\/deutschland\/nato-generalsekretaer-stoltenberg-polen-wird-keine-raketen-ueber-ukraine-abschiessen\/"},"modified":"2024-07-15T13:47:29","modified_gmt":"2024-07-15T11:47:29","slug":"nato-generalsekretaer-stoltenberg-polen-wird-keine-raketen-ueber-ukraine-abschiessen","status":"publish","type":"post","link":"https:\/\/now-news.de\/de\/deutschland\/nato-generalsekretaer-stoltenberg-polen-wird-keine-raketen-ueber-ukraine-abschiessen\/","title":{"rendered":"NATO-Generalsekret\u00e4r Stoltenberg: Polen wird keine Raketen \u00fcber Ukraine abschie\u00dfen"},"content":{"rendered":"<p><img decoding=\"async\" src=\"https:\/\/now-news.de\/de\/wp-content\/uploads\/sites\/3\/2024\/07\/6694ed4148fbef47b00827a0.jpg\" \/><\/p>\n<div class=\"Text-root Text-type_1 \">\n                Die M\u00f6glichkeit, Raketen abzufangen, die in westlicher Richtung \u00fcber die Ukraine fliegen, ist im Verteidigungsabkommen zwischen Kiew und Warschau vorgesehen. Stoltenberg lehnt dies jedoch ab und betont, dass die NATO &#8220;nicht Teil des Konflikts werden wird&#8221;.\n            <\/div>\n<p><\/p>\n<div class=\"Text-root Text-type_5 ArticleView-text ViewText-root \">\n<p>NATO-Generalsekret\u00e4r Jens Stoltenberg spricht sich gegen die Idee aus, russische Raketen abzuschie\u00dfen, die \u00fcber der Ukraine in Richtung Polen fliegen. In einem Telemarathon des ukrainischen Fernsehens sagte er:<strong><\/strong><\/p>\n<blockquote>\n<p><em>&#8220;Die Politik der NATO ist unver\u00e4ndert &#8211; wir werden uns nicht an diesem Konflikt beteiligen. <\/em><\/p>\n<p><em>Wir werden die Ukraine bei der Zerst\u00f6rung der russischen Flugzeuge unterst\u00fctzen, aber die NATO wird nicht direkt beteiligt sein.&#8221;<\/em><\/p>\n<\/blockquote>\n<p>Gleichzeitig erkl\u00e4rte der Generalsekret\u00e4r, dass die Allianz ihre Unterst\u00fctzung f\u00fcr die Ukraine verst\u00e4rke, einschlie\u00dflich der St\u00e4rkung der Luftverteidigung des Landes. Es w\u00fcrden mehr Bodensysteme und Raketen an Kiew geliefert, und die F-16-Kampfjets, die D\u00e4nemark und die Niederlande in die Ukraine entsandt h\u00e4tten, sollten eine wichtige Rolle bei der Abwehr von Luftangriffen spielen.<\/p>\n<p>Am 8. Juli unterzeichneten die Ukraine und Polen ein Abkommen \u00fcber die Sicherheitszusammenarbeit. Laut Wladimir Selenskij sieht dies die M\u00f6glichkeit vor, im ukrainischen Luftraum Raketen abzufangen, die in westlicher Richtung abgefeuert werden.<\/p>\n<p>Polens Premierminister Donald Tusk verk\u00fcndete, Warschau werde mit den NATO-Verb\u00fcndeten \u00fcber diese Idee diskutieren. Der polnische Verteidigungsminister W\u0142adys\u0142aw Kosiniak-Kamysz behauptete seinerseits, Polen werde die Raketen nicht ohne die Zustimmung des Nordatlantischen B\u00fcndnisses abschie\u00dfen, doch Tage sp\u00e4ter widersprach Au\u00dfenminister Rados\u0142aw Sikorski und erkl\u00e4rte, der Vorschlag werde diskutiert.<\/p>\n<p>In den vergangenen Monaten kam es in Polen mehrmals zu Alarmstarts von Kampfflugzeugen, weil Russland in N\u00e4chten, in denen in der Ukraine Luftalarm ausgel\u00f6st wurde und in mehreren St\u00e4dten Explosionen zu h\u00f6ren waren, &#8220;intensive Langstreckenflugaktivit\u00e4ten&#8221; unternahm.<\/p>\n<p>Im M\u00e4rz teilte das polnische Verteidigungsministerium mit, dass ein Marschflugk\u00f6rper in das Hoheitsgebiet des Landes eingedrungen und dort 39 Sekunden lang verblieben war. Im November 2022 landeten zwei Raketen in dem Dorf Przewod\u00f3w, das acht Kilometer von der Grenze zur Ukraine entfernt liegt. Eine der Raketen explodierte und t\u00f6tete zwei Menschen. Das russische Verteidigungsministerium erkl\u00e4rte, die Rakete sei nicht in dem Territorium nahe der polnisch-ukrainischen Grenze eingeschlagen und die Tr\u00fcmmer h\u00e4tten zu einer Lenkrakete des ukrainischen S-300-Flugabwehrsystems geh\u00f6rt. Die polnische Staatsanwaltschaft best\u00e4tigte, dass es sich um eine ukrainische Rakete handelte.<\/p>\n<p><strong>Mehr zum Thema<\/strong> &#8211; <a rel=\"nofollow noopener\" target=\"_blank\" href=\"https:\/\/freedert.online\/europa\/212220-russlands-konstruktionshinterzimmer-gibt-antwort-auf\/\">Russlands &#8220;Konstruktionshinterzimmer&#8221; gibt die Antwort auf neue Raketen in Europa<\/a><\/p>\n<\/div>\n<p><br \/>\n<br \/><a href=\"https:\/\/de.rt.com\/international\/212422-nato-generalsekretaer-stoltenberg-polen-wird\/\">Source link <\/a><\/p>\n","protected":false},"excerpt":{"rendered":"<p>Die M\u00f6glichkeit, Raketen abzufangen, die in westlicher Richtung \u00fcber die Ukraine fliegen, ist im Verteidigungsabkommen zwischen Kiew und Warschau vorgesehen. Stoltenberg lehnt dies jedoch ab und betont, dass die NATO &#8220;nicht Teil des Konflikts werden wird&#8221;. NATO-Generalsekret\u00e4r Jens Stoltenberg spricht sich gegen die Idee aus, russische Raketen abzuschie\u00dfen, die \u00fcber der Ukraine in Richtung Polen [&hellip;]<\/p>\n","protected":false},"author":3,"featured_media":64788,"comment_status":"open","ping_status":"open","sticky":false,"template":"","format":"standard","meta":{"_yoast_indexnow_last_ping":["1721044407"],"wp_automatic_camp":["217"],"9846580a0b28f88bb054a97b03a8e4f2":["NATO-Generalsekret\u00e4r Stoltenberg: Polen wird keine Raketen \u00fcber Ukraine abschie\u00dfen"],"original_link":["https:\/\/de.rt.com\/international\/212422-nato-generalsekretaer-stoltenberg-polen-wird\/"],"_thumbnail_id":["64788"],"jnews_social_counter_last_update":["1777241519"],"_wptgpro_p2tg_sent2tg":["a:1:{i:23737;s:19:\"2024-07-15 13:54:28\";}"]},"categories":[19,23],"tags":[24466,375,29418,5850,13838,22084,139,127,374],"yoast_head":"<!-- This site is optimized with the Yoast SEO Premium plugin v22.7 (Yoast SEO v22.7) - https:\/\/yoast.com\/wordpress\/plugins\/seo\/ -->\n<title>NATO-Generalsekret\u00e4r Stoltenberg: Polen wird keine Raketen \u00fcber Ukraine abschie\u00dfen - just-now.NEWS Deutschland<\/title>\n<meta name=\"robots\" content=\"index, follow, max-snippet:-1, max-image-preview:large, max-video-preview:-1\" \/>\n<link rel=\"canonical\" href=\"https:\/\/now-news.de\/de\/deutschland\/nato-generalsekretaer-stoltenberg-polen-wird-keine-raketen-ueber-ukraine-abschiessen\/\" \/>\n<meta property=\"og:locale\" content=\"de_DE\" \/>\n<meta property=\"og:type\" content=\"article\" \/>\n<meta property=\"og:title\" content=\"NATO-Generalsekret\u00e4r Stoltenberg: Polen wird keine Raketen \u00fcber Ukraine abschie\u00dfen\" \/>\n<meta property=\"og:description\" content=\"Die M\u00f6glichkeit, Raketen abzufangen, die in westlicher Richtung \u00fcber die Ukraine fliegen, ist im Verteidigungsabkommen zwischen Kiew und Warschau vorgesehen. Stoltenberg lehnt dies jedoch ab und betont, dass die NATO &#8220;nicht Teil des Konflikts werden wird&#8221;. NATO-Generalsekret\u00e4r Jens Stoltenberg spricht sich gegen die Idee aus, russische Raketen abzuschie\u00dfen, die \u00fcber der Ukraine in Richtung Polen [&hellip;]\" \/>\n<meta property=\"og:url\" content=\"https:\/\/now-news.de\/de\/deutschland\/nato-generalsekretaer-stoltenberg-polen-wird-keine-raketen-ueber-ukraine-abschiessen\/\" \/>\n<meta property=\"og:site_name\" content=\"just-now.NEWS Deutschland\" \/>\n<meta property=\"article:publisher\" content=\"https:\/\/www.facebook.com\/wirmachenauf\" \/>\n<meta property=\"article:published_time\" content=\"2024-07-15T11:47:29+00:00\" \/>\n<meta property=\"og:image\" content=\"https:\/\/now-news.de\/de\/wp-content\/uploads\/sites\/3\/2024\/07\/6694ed4148fbef47b00827a0.jpg\" \/>\n<meta name=\"author\" content=\"rtnews\" \/>\n<meta name=\"twitter:card\" content=\"summary_large_image\" \/>\n<meta name=\"twitter:creator\" content=\"@WirMachenAuf_de\" \/>\n<meta name=\"twitter:site\" content=\"@WirMachenAuf_de\" \/>\n<meta name=\"twitter:label1\" content=\"Verfasst von\" \/>\n\t<meta name=\"twitter:data1\" content=\"rtnews\" \/>\n\t<meta name=\"twitter:label2\" content=\"Gesch\u00e4tzte Lesezeit\" \/>\n\t<meta name=\"twitter:data2\" content=\"2\u00a0Minuten\" \/>\n<script type=\"application\/ld+json\" class=\"yoast-schema-graph\">{\"@context\":\"https:\/\/schema.org\",\"@graph\":[{\"@type\":\"Article\",\"@id\":\"https:\/\/now-news.de\/de\/deutschland\/nato-generalsekretaer-stoltenberg-polen-wird-keine-raketen-ueber-ukraine-abschiessen\/#article\",\"isPartOf\":{\"@id\":\"https:\/\/now-news.de\/de\/deutschland\/nato-generalsekretaer-stoltenberg-polen-wird-keine-raketen-ueber-ukraine-abschiessen\/\"},\"author\":{\"name\":\"rtnews\",\"@id\":\"https:\/\/now-news.de\/de\/#\/schema\/person\/fb534a4e865501d8b3285208df34a9b5\"},\"headline\":\"NATO-Generalsekret\u00e4r Stoltenberg: Polen wird keine Raketen \u00fcber Ukraine abschie\u00dfen\",\"datePublished\":\"2024-07-15T11:47:29+00:00\",\"dateModified\":\"2024-07-15T11:47:29+00:00\",\"mainEntityOfPage\":{\"@id\":\"https:\/\/now-news.de\/de\/deutschland\/nato-generalsekretaer-stoltenberg-polen-wird-keine-raketen-ueber-ukraine-abschiessen\/\"},\"wordCount\":422,\"commentCount\":0,\"publisher\":{\"@id\":\"https:\/\/now-news.de\/de\/#organization\"},\"image\":{\"@id\":\"https:\/\/now-news.de\/de\/deutschland\/nato-generalsekretaer-stoltenberg-polen-wird-keine-raketen-ueber-ukraine-abschiessen\/#primaryimage\"},\"thumbnailUrl\":\"https:\/\/now-news.de\/de\/wp-content\/uploads\/sites\/3\/2024\/07\/NATO-Generalsekretaer-Stoltenberg-Polen-wird-keine-Raketen-ueber-Ukraine-abschiessen.jpg\",\"keywords\":[\"abschie\u00dfen\",\"keine\",\"NATOGeneralsekret\u00e4r\",\"Polen\",\"Raketen\",\"Stoltenberg\",\"\u00fcber\",\"ukraine\",\"wird\"],\"articleSection\":[\"Deutschland\",\"Russland\"],\"inLanguage\":\"de\",\"potentialAction\":[{\"@type\":\"CommentAction\",\"name\":\"Comment\",\"target\":[\"https:\/\/now-news.de\/de\/deutschland\/nato-generalsekretaer-stoltenberg-polen-wird-keine-raketen-ueber-ukraine-abschiessen\/#respond\"]}]},{\"@type\":\"WebPage\",\"@id\":\"https:\/\/now-news.de\/de\/deutschland\/nato-generalsekretaer-stoltenberg-polen-wird-keine-raketen-ueber-ukraine-abschiessen\/\",\"url\":\"https:\/\/now-news.de\/de\/deutschland\/nato-generalsekretaer-stoltenberg-polen-wird-keine-raketen-ueber-ukraine-abschiessen\/\",\"name\":\"NATO-Generalsekret\u00e4r Stoltenberg: Polen wird keine Raketen \u00fcber Ukraine abschie\u00dfen - just-now.NEWS Deutschland\",\"isPartOf\":{\"@id\":\"https:\/\/now-news.de\/de\/#website\"},\"primaryImageOfPage\":{\"@id\":\"https:\/\/now-news.de\/de\/deutschland\/nato-generalsekretaer-stoltenberg-polen-wird-keine-raketen-ueber-ukraine-abschiessen\/#primaryimage\"},\"image\":{\"@id\":\"https:\/\/now-news.de\/de\/deutschland\/nato-generalsekretaer-stoltenberg-polen-wird-keine-raketen-ueber-ukraine-abschiessen\/#primaryimage\"},\"thumbnailUrl\":\"https:\/\/now-news.de\/de\/wp-content\/uploads\/sites\/3\/2024\/07\/NATO-Generalsekretaer-Stoltenberg-Polen-wird-keine-Raketen-ueber-Ukraine-abschiessen.jpg\",\"datePublished\":\"2024-07-15T11:47:29+00:00\",\"dateModified\":\"2024-07-15T11:47:29+00:00\",\"breadcrumb\":{\"@id\":\"https:\/\/now-news.de\/de\/deutschland\/nato-generalsekretaer-stoltenberg-polen-wird-keine-raketen-ueber-ukraine-abschiessen\/#breadcrumb\"},\"inLanguage\":\"de\",\"potentialAction\":[{\"@type\":\"ReadAction\",\"target\":[\"https:\/\/now-news.de\/de\/deutschland\/nato-generalsekretaer-stoltenberg-polen-wird-keine-raketen-ueber-ukraine-abschiessen\/\"]}]},{\"@type\":\"ImageObject\",\"inLanguage\":\"de\",\"@id\":\"https:\/\/now-news.de\/de\/deutschland\/nato-generalsekretaer-stoltenberg-polen-wird-keine-raketen-ueber-ukraine-abschiessen\/#primaryimage\",\"url\":\"https:\/\/now-news.de\/de\/wp-content\/uploads\/sites\/3\/2024\/07\/NATO-Generalsekretaer-Stoltenberg-Polen-wird-keine-Raketen-ueber-Ukraine-abschiessen.jpg\",\"contentUrl\":\"https:\/\/now-news.de\/de\/wp-content\/uploads\/sites\/3\/2024\/07\/NATO-Generalsekretaer-Stoltenberg-Polen-wird-keine-Raketen-ueber-Ukraine-abschiessen.jpg\",\"width\":460,\"height\":259,\"caption\":\"NATO-Generalsekret\u00e4r Stoltenberg: Polen wird keine Raketen \u00fcber Ukraine abschie\u00dfen\"},{\"@type\":\"BreadcrumbList\",\"@id\":\"https:\/\/now-news.de\/de\/deutschland\/nato-generalsekretaer-stoltenberg-polen-wird-keine-raketen-ueber-ukraine-abschiessen\/#breadcrumb\",\"itemListElement\":[{\"@type\":\"ListItem\",\"position\":1,\"name\":\"Home\",\"item\":\"https:\/\/now-news.de\/de\/\"},{\"@type\":\"ListItem\",\"position\":2,\"name\":\"NATO-Generalsekret\u00e4r Stoltenberg: Polen wird keine Raketen \u00fcber Ukraine abschie\u00dfen\"}]},{\"@type\":\"WebSite\",\"@id\":\"https:\/\/now-news.de\/de\/#website\",\"url\":\"https:\/\/now-news.de\/de\/\",\"name\":\"just-now.NEWS Deutschland\",\"description\":\"Das Portal f\u00fcr unzensierte Nachrichten aus der Welt\",\"publisher\":{\"@id\":\"https:\/\/now-news.de\/de\/#organization\"},\"potentialAction\":[{\"@type\":\"SearchAction\",\"target\":{\"@type\":\"EntryPoint\",\"urlTemplate\":\"https:\/\/now-news.de\/de\/?s={search_term_string}\"},\"query-input\":\"required name=search_term_string\"}],\"inLanguage\":\"de\"},{\"@type\":\"Organization\",\"@id\":\"https:\/\/now-news.de\/de\/#organization\",\"name\":\"Just Now News\",\"url\":\"https:\/\/now-news.de\/de\/\",\"logo\":{\"@type\":\"ImageObject\",\"inLanguage\":\"de\",\"@id\":\"https:\/\/now-news.de\/de\/#\/schema\/logo\/image\/\",\"url\":\"http:\/\/just-now.news\/de\/wp-content\/uploads\/sites\/3\/2022\/04\/logo500x500.jpg\",\"contentUrl\":\"http:\/\/just-now.news\/de\/wp-content\/uploads\/sites\/3\/2022\/04\/logo500x500.jpg\",\"width\":500,\"height\":500,\"caption\":\"Just Now News\"},\"image\":{\"@id\":\"https:\/\/now-news.de\/de\/#\/schema\/logo\/image\/\"},\"sameAs\":[\"https:\/\/www.facebook.com\/wirmachenauf\",\"https:\/\/x.com\/WirMachenAuf_de\"]},{\"@type\":\"Person\",\"@id\":\"https:\/\/now-news.de\/de\/#\/schema\/person\/fb534a4e865501d8b3285208df34a9b5\",\"name\":\"rtnews\",\"image\":{\"@type\":\"ImageObject\",\"inLanguage\":\"de\",\"@id\":\"https:\/\/now-news.de\/de\/#\/schema\/person\/image\/\",\"url\":\"https:\/\/secure.gravatar.com\/avatar\/82aafea7d8127119dd649515f56e2117?s=96&d=mm&r=g\",\"contentUrl\":\"https:\/\/secure.gravatar.com\/avatar\/82aafea7d8127119dd649515f56e2117?s=96&d=mm&r=g\",\"caption\":\"rtnews\"},\"url\":\"https:\/\/now-news.de\/de\/author\/rnews\/\"}]}<\/script>\n<!-- \/ Yoast SEO Premium plugin. -->","yoast_head_json":{"title":"NATO-Generalsekret\u00e4r Stoltenberg: Polen wird keine Raketen \u00fcber Ukraine abschie\u00dfen - just-now.NEWS Deutschland","robots":{"index":"index","follow":"follow","max-snippet":"max-snippet:-1","max-image-preview":"max-image-preview:large","max-video-preview":"max-video-preview:-1"},"canonical":"https:\/\/now-news.de\/de\/deutschland\/nato-generalsekretaer-stoltenberg-polen-wird-keine-raketen-ueber-ukraine-abschiessen\/","og_locale":"de_DE","og_type":"article","og_title":"NATO-Generalsekret\u00e4r Stoltenberg: Polen wird keine Raketen \u00fcber Ukraine abschie\u00dfen","og_description":"Die M\u00f6glichkeit, Raketen abzufangen, die in westlicher Richtung \u00fcber die Ukraine fliegen, ist im Verteidigungsabkommen zwischen Kiew und Warschau vorgesehen. Stoltenberg lehnt dies jedoch ab und betont, dass die NATO &#8220;nicht Teil des Konflikts werden wird&#8221;. NATO-Generalsekret\u00e4r Jens Stoltenberg spricht sich gegen die Idee aus, russische Raketen abzuschie\u00dfen, die \u00fcber der Ukraine in Richtung Polen [&hellip;]","og_url":"https:\/\/now-news.de\/de\/deutschland\/nato-generalsekretaer-stoltenberg-polen-wird-keine-raketen-ueber-ukraine-abschiessen\/","og_site_name":"just-now.NEWS Deutschland","article_publisher":"https:\/\/www.facebook.com\/wirmachenauf","article_published_time":"2024-07-15T11:47:29+00:00","og_image":[{"url":"https:\/\/now-news.de\/de\/wp-content\/uploads\/sites\/3\/2024\/07\/6694ed4148fbef47b00827a0.jpg"}],"author":"rtnews","twitter_card":"summary_large_image","twitter_creator":"@WirMachenAuf_de","twitter_site":"@WirMachenAuf_de","twitter_misc":{"Verfasst von":"rtnews","Gesch\u00e4tzte Lesezeit":"2\u00a0Minuten"},"schema":{"@context":"https:\/\/schema.org","@graph":[{"@type":"Article","@id":"https:\/\/now-news.de\/de\/deutschland\/nato-generalsekretaer-stoltenberg-polen-wird-keine-raketen-ueber-ukraine-abschiessen\/#article","isPartOf":{"@id":"https:\/\/now-news.de\/de\/deutschland\/nato-generalsekretaer-stoltenberg-polen-wird-keine-raketen-ueber-ukraine-abschiessen\/"},"author":{"name":"rtnews","@id":"https:\/\/now-news.de\/de\/#\/schema\/person\/fb534a4e865501d8b3285208df34a9b5"},"headline":"NATO-Generalsekret\u00e4r Stoltenberg: Polen wird keine Raketen \u00fcber Ukraine abschie\u00dfen","datePublished":"2024-07-15T11:47:29+00:00","dateModified":"2024-07-15T11:47:29+00:00","mainEntityOfPage":{"@id":"https:\/\/now-news.de\/de\/deutschland\/nato-generalsekretaer-stoltenberg-polen-wird-keine-raketen-ueber-ukraine-abschiessen\/"},"wordCount":422,"commentCount":0,"publisher":{"@id":"https:\/\/now-news.de\/de\/#organization"},"image":{"@id":"https:\/\/now-news.de\/de\/deutschland\/nato-generalsekretaer-stoltenberg-polen-wird-keine-raketen-ueber-ukraine-abschiessen\/#primaryimage"},"thumbnailUrl":"https:\/\/now-news.de\/de\/wp-content\/uploads\/sites\/3\/2024\/07\/NATO-Generalsekretaer-Stoltenberg-Polen-wird-keine-Raketen-ueber-Ukraine-abschiessen.jpg","keywords":["abschie\u00dfen","keine","NATOGeneralsekret\u00e4r","Polen","Raketen","Stoltenberg","\u00fcber","ukraine","wird"],"articleSection":["Deutschland","Russland"],"inLanguage":"de","potentialAction":[{"@type":"CommentAction","name":"Comment","target":["https:\/\/now-news.de\/de\/deutschland\/nato-generalsekretaer-stoltenberg-polen-wird-keine-raketen-ueber-ukraine-abschiessen\/#respond"]}]},{"@type":"WebPage","@id":"https:\/\/now-news.de\/de\/deutschland\/nato-generalsekretaer-stoltenberg-polen-wird-keine-raketen-ueber-ukraine-abschiessen\/","url":"https:\/\/now-news.de\/de\/deutschland\/nato-generalsekretaer-stoltenberg-polen-wird-keine-raketen-ueber-ukraine-abschiessen\/","name":"NATO-Generalsekret\u00e4r Stoltenberg: Polen wird keine Raketen \u00fcber Ukraine abschie\u00dfen - just-now.NEWS Deutschland","isPartOf":{"@id":"https:\/\/now-news.de\/de\/#website"},"primaryImageOfPage":{"@id":"https:\/\/now-news.de\/de\/deutschland\/nato-generalsekretaer-stoltenberg-polen-wird-keine-raketen-ueber-ukraine-abschiessen\/#primaryimage"},"image":{"@id":"https:\/\/now-news.de\/de\/deutschland\/nato-generalsekretaer-stoltenberg-polen-wird-keine-raketen-ueber-ukraine-abschiessen\/#primaryimage"},"thumbnailUrl":"https:\/\/now-news.de\/de\/wp-content\/uploads\/sites\/3\/2024\/07\/NATO-Generalsekretaer-Stoltenberg-Polen-wird-keine-Raketen-ueber-Ukraine-abschiessen.jpg","datePublished":"2024-07-15T11:47:29+00:00","dateModified":"2024-07-15T11:47:29+00:00","breadcrumb":{"@id":"https:\/\/now-news.de\/de\/deutschland\/nato-generalsekretaer-stoltenberg-polen-wird-keine-raketen-ueber-ukraine-abschiessen\/#breadcrumb"},"inLanguage":"de","potentialAction":[{"@type":"ReadAction","target":["https:\/\/now-news.de\/de\/deutschland\/nato-generalsekretaer-stoltenberg-polen-wird-keine-raketen-ueber-ukraine-abschiessen\/"]}]},{"@type":"ImageObject","inLanguage":"de","@id":"https:\/\/now-news.de\/de\/deutschland\/nato-generalsekretaer-stoltenberg-polen-wird-keine-raketen-ueber-ukraine-abschiessen\/#primaryimage","url":"https:\/\/now-news.de\/de\/wp-content\/uploads\/sites\/3\/2024\/07\/NATO-Generalsekretaer-Stoltenberg-Polen-wird-keine-Raketen-ueber-Ukraine-abschiessen.jpg","contentUrl":"https:\/\/now-news.de\/de\/wp-content\/uploads\/sites\/3\/2024\/07\/NATO-Generalsekretaer-Stoltenberg-Polen-wird-keine-Raketen-ueber-Ukraine-abschiessen.jpg","width":460,"height":259,"caption":"NATO-Generalsekret\u00e4r Stoltenberg: Polen wird keine Raketen \u00fcber Ukraine abschie\u00dfen"},{"@type":"BreadcrumbList","@id":"https:\/\/now-news.de\/de\/deutschland\/nato-generalsekretaer-stoltenberg-polen-wird-keine-raketen-ueber-ukraine-abschiessen\/#breadcrumb","itemListElement":[{"@type":"ListItem","position":1,"name":"Home","item":"https:\/\/now-news.de\/de\/"},{"@type":"ListItem","position":2,"name":"NATO-Generalsekret\u00e4r Stoltenberg: Polen wird keine Raketen \u00fcber Ukraine abschie\u00dfen"}]},{"@type":"WebSite","@id":"https:\/\/now-news.de\/de\/#website","url":"https:\/\/now-news.de\/de\/","name":"just-now.NEWS Deutschland","description":"Das Portal f\u00fcr unzensierte Nachrichten aus der Welt","publisher":{"@id":"https:\/\/now-news.de\/de\/#organization"},"potentialAction":[{"@type":"SearchAction","target":{"@type":"EntryPoint","urlTemplate":"https:\/\/now-news.de\/de\/?s={search_term_string}"},"query-input":"required name=search_term_string"}],"inLanguage":"de"},{"@type":"Organization","@id":"https:\/\/now-news.de\/de\/#organization","name":"Just Now News","url":"https:\/\/now-news.de\/de\/","logo":{"@type":"ImageObject","inLanguage":"de","@id":"https:\/\/now-news.de\/de\/#\/schema\/logo\/image\/","url":"http:\/\/just-now.news\/de\/wp-content\/uploads\/sites\/3\/2022\/04\/logo500x500.jpg","contentUrl":"http:\/\/just-now.news\/de\/wp-content\/uploads\/sites\/3\/2022\/04\/logo500x500.jpg","width":500,"height":500,"caption":"Just Now News"},"image":{"@id":"https:\/\/now-news.de\/de\/#\/schema\/logo\/image\/"},"sameAs":["https:\/\/www.facebook.com\/wirmachenauf","https:\/\/x.com\/WirMachenAuf_de"]},{"@type":"Person","@id":"https:\/\/now-news.de\/de\/#\/schema\/person\/fb534a4e865501d8b3285208df34a9b5","name":"rtnews","image":{"@type":"ImageObject","inLanguage":"de","@id":"https:\/\/now-news.de\/de\/#\/schema\/person\/image\/","url":"https:\/\/secure.gravatar.com\/avatar\/82aafea7d8127119dd649515f56e2117?s=96&d=mm&r=g","contentUrl":"https:\/\/secure.gravatar.com\/avatar\/82aafea7d8127119dd649515f56e2117?s=96&d=mm&r=g","caption":"rtnews"},"url":"https:\/\/now-news.de\/de\/author\/rnews\/"}]}},"_links":{"self":[{"href":"https:\/\/now-news.de\/de\/wp-json\/wp\/v2\/posts\/64787"}],"collection":[{"href":"https:\/\/now-news.de\/de\/wp-json\/wp\/v2\/posts"}],"about":[{"href":"https:\/\/now-news.de\/de\/wp-json\/wp\/v2\/types\/post"}],"author":[{"embeddable":true,"href":"https:\/\/now-news.de\/de\/wp-json\/wp\/v2\/users\/3"}],"replies":[{"embeddable":true,"href":"https:\/\/now-news.de\/de\/wp-json\/wp\/v2\/comments?post=64787"}],"version-history":[{"count":0,"href":"https:\/\/now-news.de\/de\/wp-json\/wp\/v2\/posts\/64787\/revisions"}],"wp:featuredmedia":[{"embeddable":true,"href":"https:\/\/now-news.de\/de\/wp-json\/wp\/v2\/media\/64788"}],"wp:attachment":[{"href":"https:\/\/now-news.de\/de\/wp-json\/wp\/v2\/media?parent=64787"}],"wp:term":[{"taxonomy":"category","embeddable":true,"href":"https:\/\/now-news.de\/de\/wp-json\/wp\/v2\/categories?post=64787"},{"taxonomy":"post_tag","embeddable":true,"href":"https:\/\/now-news.de\/de\/wp-json\/wp\/v2\/tags?post=64787"}],"curies":[{"name":"wp","href":"https:\/\/api.w.org\/{rel}","templated":true}]}}