{"id":64783,"date":"2024-07-15T13:04:50","date_gmt":"2024-07-15T11:04:50","guid":{"rendered":"https:\/\/now-news.de\/de\/deutschland\/corona-faelle-maskenpflicht-bei-der-tour-de-france\/"},"modified":"2024-07-15T13:04:50","modified_gmt":"2024-07-15T11:04:50","slug":"corona-faelle-maskenpflicht-bei-der-tour-de-france","status":"publish","type":"post","link":"https:\/\/now-news.de\/de\/deutschland\/corona-faelle-maskenpflicht-bei-der-tour-de-france\/","title":{"rendered":"Corona-F\u00e4lle: Maskenpflicht bei der Tour de France"},"content":{"rendered":"<p><img decoding=\"async\" src=\"https:\/\/now-news.de\/de\/wp-content\/uploads\/sites\/3\/2024\/07\/6694f38f48fbef47b00827ab.jpg\" \/><\/p>\n<div class=\"Text-root Text-type_1 \">\n                In den Kontakt- und Pressebereichen mit den Radprofis und deren Begleitteams gilt bei der Tour de France Maskenpflicht. Bisher haben drei Fahrer das Radrennen wegen einer Coronainfektion abgebrochen. Tests sind nicht verpflichtend, weshalb nicht alle Teams ihre Fahrer testen.\n            <\/div>\n<p><\/p>\n<div class=\"Text-root Text-type_5 ArticleView-text ViewText-root \">\n<p>Bei der Tour de France wurde von den Organisatoren f\u00fcr bestimmte Zugangsbereiche eine Maskenpflicht eingef\u00fchrt. Mehrere Radfahrer sind bislang wegen einer Coronainfektion ausgeschieden.<\/p>\n<p>Wie Medien am Sonntag berichteten, sei deshalb das Tragen einer Mund-Nasenbedeckung in den Kontakt- und Pressebereichen mit den Fahrern und den Teammitgliedern bis zum Ende der Tour am 21. Juli in Nizza verpflichtend. Gegen\u00fcber\u00a0<em>dpa<\/em>\u00a0teilte ein Toursprecher mit, dass die Organisatoren fast t\u00e4glich Corona-F\u00e4lle verzeichneten.<\/p>\n<p>T-online\u00a0<a rel=\"nofollow noopener\" target=\"_blank\" href=\"https:\/\/www.t-online.de\/sport\/mehr-sport\/radsport\/id_100448490\/tour-de-france-fuehrt-maskenpflicht-wegen-corona-sorge-wieder-ein.html\">zitierte<\/a>\u00a0am Sonntag aus der Mitteilung der Organisationen. Demnach sei es &#8220;obligatorisch, eine Maske zu tragen&#8221;, um mit dieser Ma\u00dfnahme &#8220;Gesundheitsrisiken zu minimieren&#8221;. Die Maskenpflicht gelte f\u00fcr alle &#8220;Mixed Zones&#8221;, in den Zielbereichen und rund um die Teambusse. Allerdings w\u00fcrden die Fahrer nicht in jedem teilnehmenden Team getestet. Insofern w\u00fcrde man davon ausgehen, dass die &#8220;Dunkelziffer deshalb vermutlich deutlich h\u00f6her&#8221; sei. Es g\u00e4be auch Teilnehmer, die trotz einer Coronainfektion weiter fahren w\u00fcrden. Das\u00a0<a rel=\"nofollow noopener\" target=\"_blank\" href=\"https:\/\/www.faz.net\/aktuell\/sport\/tour-de-france\/tour-de-france-2024-tour-fuehrt-maskenpflicht-wieder-ein-19855388.html\">berichtete<\/a>\u00a0laut\u00a0<em>FAZ<\/em>\u00a0vom Sonntag auch der d\u00e4nische Rekord-Etappensieger Mark Cavendish:<\/p>\n<blockquote>\n<p><em>&#8220;Ich wei\u00df, dass es Fahrer gibt, die mit Corona bei der Tour fahren.&#8221;<\/em><\/p>\n<\/blockquote>\n<p>Gegen\u00fcber der\u00a0<em>ARD<\/em>\u00a0teilte der deutsche Sprinter Pascal Ackermann mit, dass die Infektion &#8220;im Feld drin&#8221; sei, und man sie entweder bek\u00e4me, oder eben nicht. Bereits am Donnerstag war der Teamkollege von Cavendish, der Fahrer Michael M\u00f8rk\u00f8v, wegen eines positiven Corona-Tests ausgestiegen. Das hatte das d\u00e4nische Team entschieden, obwohl M\u00f8rk\u00f8v &#8220;keine schweren Symptome habe&#8221;. Man wolle den Radprofi damit vor langfristigen Folgen sch\u00fctzen. Am Samstagmorgen brach der britische Mountainbike-Olympiasieger Thomas Pidcock (Ineos Grenadiers) das Rennen aufgrund einer Covidinfektion vor der 14. Etappe ab. \u00a0<\/p>\n<p>Laut\u00a0<em>FAZ<\/em>\u00a0pr\u00e4sentierte sich der belgische Zeitfahr-Weltmeister Remco Evenepoel beim Auftakt in Florenz mit Maske. Schlie\u00dflich soll der zweifache Tour-de-France-Sieger Tadej Poga\u010dar in der Vorbereitung auf die diesj\u00e4hrige Tour mit mildem Verlauf an Corona erkrankt sein. Unterdessen m\u00fcsse der Titelverteidiger Jonas Vingegaard wegen einer Coronainfektion auf seinen Helfer Sepp Kuss verzichten. Die Teilnehmer Vingegaard und Evenepoel\u00a0trugen bereits\u00a0seit Beginn der Tour und vor der Einf\u00fchrung der Maskenpflicht in Bereichen mit vielen Menschen eine Maske. \u00a0<\/p>\n<p>Grunds\u00e4tzlich sei ein positiver Corona-Test bei der Tour 2024 kein automatischer Ausschlussgrund, hie\u00df es bei\u00a0<em>T-Online<\/em>. Der britische Ex-Toursieger Geraint Thomas (Ineos Grenadiers) sei auf der 14. Etappe nach einem positiven Test gestartet. In der\u00a0<a rel=\"nofollow noopener\" target=\"_blank\" href=\"https:\/\/www.t-online.de\/themen\/ard\/\">ARD<\/a>\u00a0kommentierten die Tour-de-France-Reporter w\u00e4hrend der TV-\u00dcbertragung die neue Maskenpflicht:<\/p>\n<blockquote>\n<p><em>&#8220;Man kann sich sicher sein, dass die Teams das alles andere als auf die leichte Schulter nehmen. Es geht um die Sportler, um die Ziele, um die Gesundheit der Fahrer.&#8221;<\/em><\/p>\n<\/blockquote>\n<p><strong>Mehr zum Thema<\/strong> &#8211; <a rel=\"nofollow noopener\" target=\"_blank\" href=\"https:\/\/dert.online\/europa\/210925-paris-vor-olympischen-spielen-touristen-auf-der-flucht-hotels-sind-leer\/\">Paris vor den Olympischen Spielen: Soziale S\u00e4uberungen und fl\u00fcchtende Touristen <\/a><\/p>\n<\/p>\n<\/div>\n<p><br \/>\n<br \/><a href=\"https:\/\/de.rt.com\/europa\/212421-maskenpflicht-bei-tour-de-france\/\">Source link <\/a><\/p>\n","protected":false},"excerpt":{"rendered":"<p>In den Kontakt- und Pressebereichen mit den Radprofis und deren Begleitteams gilt bei der Tour de France Maskenpflicht. Bisher haben drei Fahrer das Radrennen wegen einer Coronainfektion abgebrochen. Tests sind nicht verpflichtend, weshalb nicht alle Teams ihre Fahrer testen. Bei der Tour de France wurde von den Organisatoren f\u00fcr bestimmte Zugangsbereiche eine Maskenpflicht eingef\u00fchrt. Mehrere [&hellip;]<\/p>\n","protected":false},"author":3,"featured_media":64784,"comment_status":"open","ping_status":"open","sticky":false,"template":"","format":"standard","meta":{"_yoast_indexnow_last_ping":["1721041539"],"wp_automatic_camp":["217"],"0bf45bfafdd80b17bf1247621674bfee":["Corona-F\u00e4lle: Maskenpflicht bei der Tour de France"],"original_link":["https:\/\/de.rt.com\/europa\/212421-maskenpflicht-bei-tour-de-france\/"],"_thumbnail_id":["64784"],"jnews_social_counter_last_update":["1777171181"],"_wptgpro_p2tg_sent2tg":["a:1:{i:23737;s:19:\"2024-07-15 13:06:46\";}"]},"categories":[19,23],"tags":[363,56624,82,6845,2656,10406],"yoast_head":"<!-- This site is optimized with the Yoast SEO Premium plugin v22.7 (Yoast SEO v22.7) - https:\/\/yoast.com\/wordpress\/plugins\/seo\/ -->\n<title>Corona-F\u00e4lle: Maskenpflicht bei der Tour de France - just-now.NEWS Deutschland<\/title>\n<meta name=\"robots\" content=\"index, follow, max-snippet:-1, max-image-preview:large, max-video-preview:-1\" \/>\n<link rel=\"canonical\" href=\"https:\/\/now-news.de\/de\/deutschland\/corona-faelle-maskenpflicht-bei-der-tour-de-france\/\" \/>\n<meta property=\"og:locale\" content=\"de_DE\" \/>\n<meta property=\"og:type\" content=\"article\" \/>\n<meta property=\"og:title\" content=\"Corona-F\u00e4lle: Maskenpflicht bei der Tour de France\" \/>\n<meta property=\"og:description\" content=\"In den Kontakt- und Pressebereichen mit den Radprofis und deren Begleitteams gilt bei der Tour de France Maskenpflicht. Bisher haben drei Fahrer das Radrennen wegen einer Coronainfektion abgebrochen. Tests sind nicht verpflichtend, weshalb nicht alle Teams ihre Fahrer testen. Bei der Tour de France wurde von den Organisatoren f\u00fcr bestimmte Zugangsbereiche eine Maskenpflicht eingef\u00fchrt. Mehrere [&hellip;]\" \/>\n<meta property=\"og:url\" content=\"https:\/\/now-news.de\/de\/deutschland\/corona-faelle-maskenpflicht-bei-der-tour-de-france\/\" \/>\n<meta property=\"og:site_name\" content=\"just-now.NEWS Deutschland\" \/>\n<meta property=\"article:publisher\" content=\"https:\/\/www.facebook.com\/wirmachenauf\" \/>\n<meta property=\"article:published_time\" content=\"2024-07-15T11:04:50+00:00\" \/>\n<meta property=\"og:image\" content=\"https:\/\/now-news.de\/de\/wp-content\/uploads\/sites\/3\/2024\/07\/6694f38f48fbef47b00827ab.jpg\" \/>\n<meta name=\"author\" content=\"rtnews\" \/>\n<meta name=\"twitter:card\" content=\"summary_large_image\" \/>\n<meta name=\"twitter:creator\" content=\"@WirMachenAuf_de\" \/>\n<meta name=\"twitter:site\" content=\"@WirMachenAuf_de\" \/>\n<meta name=\"twitter:label1\" content=\"Verfasst von\" \/>\n\t<meta name=\"twitter:data1\" content=\"rtnews\" \/>\n\t<meta name=\"twitter:label2\" content=\"Gesch\u00e4tzte Lesezeit\" \/>\n\t<meta name=\"twitter:data2\" content=\"2\u00a0Minuten\" \/>\n<script type=\"application\/ld+json\" class=\"yoast-schema-graph\">{\"@context\":\"https:\/\/schema.org\",\"@graph\":[{\"@type\":\"Article\",\"@id\":\"https:\/\/now-news.de\/de\/deutschland\/corona-faelle-maskenpflicht-bei-der-tour-de-france\/#article\",\"isPartOf\":{\"@id\":\"https:\/\/now-news.de\/de\/deutschland\/corona-faelle-maskenpflicht-bei-der-tour-de-france\/\"},\"author\":{\"name\":\"rtnews\",\"@id\":\"https:\/\/now-news.de\/de\/#\/schema\/person\/fb534a4e865501d8b3285208df34a9b5\"},\"headline\":\"Corona-F\u00e4lle: Maskenpflicht bei der Tour de France\",\"datePublished\":\"2024-07-15T11:04:50+00:00\",\"dateModified\":\"2024-07-15T11:04:50+00:00\",\"mainEntityOfPage\":{\"@id\":\"https:\/\/now-news.de\/de\/deutschland\/corona-faelle-maskenpflicht-bei-der-tour-de-france\/\"},\"wordCount\":492,\"commentCount\":0,\"publisher\":{\"@id\":\"https:\/\/now-news.de\/de\/#organization\"},\"image\":{\"@id\":\"https:\/\/now-news.de\/de\/deutschland\/corona-faelle-maskenpflicht-bei-der-tour-de-france\/#primaryimage\"},\"thumbnailUrl\":\"https:\/\/now-news.de\/de\/wp-content\/uploads\/sites\/3\/2024\/07\/Corona-Faelle-Maskenpflicht-bei-der-Tour-de-France.jpg\",\"keywords\":[\"bei\",\"CoronaF\u00e4lle\",\"der\",\"France\",\"maskenpflicht\",\"Tour\"],\"articleSection\":[\"Deutschland\",\"Russland\"],\"inLanguage\":\"de\",\"potentialAction\":[{\"@type\":\"CommentAction\",\"name\":\"Comment\",\"target\":[\"https:\/\/now-news.de\/de\/deutschland\/corona-faelle-maskenpflicht-bei-der-tour-de-france\/#respond\"]}]},{\"@type\":\"WebPage\",\"@id\":\"https:\/\/now-news.de\/de\/deutschland\/corona-faelle-maskenpflicht-bei-der-tour-de-france\/\",\"url\":\"https:\/\/now-news.de\/de\/deutschland\/corona-faelle-maskenpflicht-bei-der-tour-de-france\/\",\"name\":\"Corona-F\u00e4lle: Maskenpflicht bei der Tour de France - just-now.NEWS Deutschland\",\"isPartOf\":{\"@id\":\"https:\/\/now-news.de\/de\/#website\"},\"primaryImageOfPage\":{\"@id\":\"https:\/\/now-news.de\/de\/deutschland\/corona-faelle-maskenpflicht-bei-der-tour-de-france\/#primaryimage\"},\"image\":{\"@id\":\"https:\/\/now-news.de\/de\/deutschland\/corona-faelle-maskenpflicht-bei-der-tour-de-france\/#primaryimage\"},\"thumbnailUrl\":\"https:\/\/now-news.de\/de\/wp-content\/uploads\/sites\/3\/2024\/07\/Corona-Faelle-Maskenpflicht-bei-der-Tour-de-France.jpg\",\"datePublished\":\"2024-07-15T11:04:50+00:00\",\"dateModified\":\"2024-07-15T11:04:50+00:00\",\"breadcrumb\":{\"@id\":\"https:\/\/now-news.de\/de\/deutschland\/corona-faelle-maskenpflicht-bei-der-tour-de-france\/#breadcrumb\"},\"inLanguage\":\"de\",\"potentialAction\":[{\"@type\":\"ReadAction\",\"target\":[\"https:\/\/now-news.de\/de\/deutschland\/corona-faelle-maskenpflicht-bei-der-tour-de-france\/\"]}]},{\"@type\":\"ImageObject\",\"inLanguage\":\"de\",\"@id\":\"https:\/\/now-news.de\/de\/deutschland\/corona-faelle-maskenpflicht-bei-der-tour-de-france\/#primaryimage\",\"url\":\"https:\/\/now-news.de\/de\/wp-content\/uploads\/sites\/3\/2024\/07\/Corona-Faelle-Maskenpflicht-bei-der-Tour-de-France.jpg\",\"contentUrl\":\"https:\/\/now-news.de\/de\/wp-content\/uploads\/sites\/3\/2024\/07\/Corona-Faelle-Maskenpflicht-bei-der-Tour-de-France.jpg\",\"width\":460,\"height\":259,\"caption\":\"Corona-F\u00e4lle: Maskenpflicht bei der Tour de France\"},{\"@type\":\"BreadcrumbList\",\"@id\":\"https:\/\/now-news.de\/de\/deutschland\/corona-faelle-maskenpflicht-bei-der-tour-de-france\/#breadcrumb\",\"itemListElement\":[{\"@type\":\"ListItem\",\"position\":1,\"name\":\"Home\",\"item\":\"https:\/\/now-news.de\/de\/\"},{\"@type\":\"ListItem\",\"position\":2,\"name\":\"Corona-F\u00e4lle: Maskenpflicht bei der Tour de France\"}]},{\"@type\":\"WebSite\",\"@id\":\"https:\/\/now-news.de\/de\/#website\",\"url\":\"https:\/\/now-news.de\/de\/\",\"name\":\"just-now.NEWS Deutschland\",\"description\":\"Das Portal f\u00fcr unzensierte Nachrichten aus der Welt\",\"publisher\":{\"@id\":\"https:\/\/now-news.de\/de\/#organization\"},\"potentialAction\":[{\"@type\":\"SearchAction\",\"target\":{\"@type\":\"EntryPoint\",\"urlTemplate\":\"https:\/\/now-news.de\/de\/?s={search_term_string}\"},\"query-input\":\"required name=search_term_string\"}],\"inLanguage\":\"de\"},{\"@type\":\"Organization\",\"@id\":\"https:\/\/now-news.de\/de\/#organization\",\"name\":\"Just Now News\",\"url\":\"https:\/\/now-news.de\/de\/\",\"logo\":{\"@type\":\"ImageObject\",\"inLanguage\":\"de\",\"@id\":\"https:\/\/now-news.de\/de\/#\/schema\/logo\/image\/\",\"url\":\"http:\/\/just-now.news\/de\/wp-content\/uploads\/sites\/3\/2022\/04\/logo500x500.jpg\",\"contentUrl\":\"http:\/\/just-now.news\/de\/wp-content\/uploads\/sites\/3\/2022\/04\/logo500x500.jpg\",\"width\":500,\"height\":500,\"caption\":\"Just Now News\"},\"image\":{\"@id\":\"https:\/\/now-news.de\/de\/#\/schema\/logo\/image\/\"},\"sameAs\":[\"https:\/\/www.facebook.com\/wirmachenauf\",\"https:\/\/x.com\/WirMachenAuf_de\"]},{\"@type\":\"Person\",\"@id\":\"https:\/\/now-news.de\/de\/#\/schema\/person\/fb534a4e865501d8b3285208df34a9b5\",\"name\":\"rtnews\",\"image\":{\"@type\":\"ImageObject\",\"inLanguage\":\"de\",\"@id\":\"https:\/\/now-news.de\/de\/#\/schema\/person\/image\/\",\"url\":\"https:\/\/secure.gravatar.com\/avatar\/82aafea7d8127119dd649515f56e2117?s=96&d=mm&r=g\",\"contentUrl\":\"https:\/\/secure.gravatar.com\/avatar\/82aafea7d8127119dd649515f56e2117?s=96&d=mm&r=g\",\"caption\":\"rtnews\"},\"url\":\"https:\/\/now-news.de\/de\/author\/rnews\/\"}]}<\/script>\n<!-- \/ Yoast SEO Premium plugin. -->","yoast_head_json":{"title":"Corona-F\u00e4lle: Maskenpflicht bei der Tour de France - just-now.NEWS Deutschland","robots":{"index":"index","follow":"follow","max-snippet":"max-snippet:-1","max-image-preview":"max-image-preview:large","max-video-preview":"max-video-preview:-1"},"canonical":"https:\/\/now-news.de\/de\/deutschland\/corona-faelle-maskenpflicht-bei-der-tour-de-france\/","og_locale":"de_DE","og_type":"article","og_title":"Corona-F\u00e4lle: Maskenpflicht bei der Tour de France","og_description":"In den Kontakt- und Pressebereichen mit den Radprofis und deren Begleitteams gilt bei der Tour de France Maskenpflicht. Bisher haben drei Fahrer das Radrennen wegen einer Coronainfektion abgebrochen. Tests sind nicht verpflichtend, weshalb nicht alle Teams ihre Fahrer testen. Bei der Tour de France wurde von den Organisatoren f\u00fcr bestimmte Zugangsbereiche eine Maskenpflicht eingef\u00fchrt. Mehrere [&hellip;]","og_url":"https:\/\/now-news.de\/de\/deutschland\/corona-faelle-maskenpflicht-bei-der-tour-de-france\/","og_site_name":"just-now.NEWS Deutschland","article_publisher":"https:\/\/www.facebook.com\/wirmachenauf","article_published_time":"2024-07-15T11:04:50+00:00","og_image":[{"url":"https:\/\/now-news.de\/de\/wp-content\/uploads\/sites\/3\/2024\/07\/6694f38f48fbef47b00827ab.jpg"}],"author":"rtnews","twitter_card":"summary_large_image","twitter_creator":"@WirMachenAuf_de","twitter_site":"@WirMachenAuf_de","twitter_misc":{"Verfasst von":"rtnews","Gesch\u00e4tzte Lesezeit":"2\u00a0Minuten"},"schema":{"@context":"https:\/\/schema.org","@graph":[{"@type":"Article","@id":"https:\/\/now-news.de\/de\/deutschland\/corona-faelle-maskenpflicht-bei-der-tour-de-france\/#article","isPartOf":{"@id":"https:\/\/now-news.de\/de\/deutschland\/corona-faelle-maskenpflicht-bei-der-tour-de-france\/"},"author":{"name":"rtnews","@id":"https:\/\/now-news.de\/de\/#\/schema\/person\/fb534a4e865501d8b3285208df34a9b5"},"headline":"Corona-F\u00e4lle: Maskenpflicht bei der Tour de France","datePublished":"2024-07-15T11:04:50+00:00","dateModified":"2024-07-15T11:04:50+00:00","mainEntityOfPage":{"@id":"https:\/\/now-news.de\/de\/deutschland\/corona-faelle-maskenpflicht-bei-der-tour-de-france\/"},"wordCount":492,"commentCount":0,"publisher":{"@id":"https:\/\/now-news.de\/de\/#organization"},"image":{"@id":"https:\/\/now-news.de\/de\/deutschland\/corona-faelle-maskenpflicht-bei-der-tour-de-france\/#primaryimage"},"thumbnailUrl":"https:\/\/now-news.de\/de\/wp-content\/uploads\/sites\/3\/2024\/07\/Corona-Faelle-Maskenpflicht-bei-der-Tour-de-France.jpg","keywords":["bei","CoronaF\u00e4lle","der","France","maskenpflicht","Tour"],"articleSection":["Deutschland","Russland"],"inLanguage":"de","potentialAction":[{"@type":"CommentAction","name":"Comment","target":["https:\/\/now-news.de\/de\/deutschland\/corona-faelle-maskenpflicht-bei-der-tour-de-france\/#respond"]}]},{"@type":"WebPage","@id":"https:\/\/now-news.de\/de\/deutschland\/corona-faelle-maskenpflicht-bei-der-tour-de-france\/","url":"https:\/\/now-news.de\/de\/deutschland\/corona-faelle-maskenpflicht-bei-der-tour-de-france\/","name":"Corona-F\u00e4lle: Maskenpflicht bei der Tour de France - just-now.NEWS Deutschland","isPartOf":{"@id":"https:\/\/now-news.de\/de\/#website"},"primaryImageOfPage":{"@id":"https:\/\/now-news.de\/de\/deutschland\/corona-faelle-maskenpflicht-bei-der-tour-de-france\/#primaryimage"},"image":{"@id":"https:\/\/now-news.de\/de\/deutschland\/corona-faelle-maskenpflicht-bei-der-tour-de-france\/#primaryimage"},"thumbnailUrl":"https:\/\/now-news.de\/de\/wp-content\/uploads\/sites\/3\/2024\/07\/Corona-Faelle-Maskenpflicht-bei-der-Tour-de-France.jpg","datePublished":"2024-07-15T11:04:50+00:00","dateModified":"2024-07-15T11:04:50+00:00","breadcrumb":{"@id":"https:\/\/now-news.de\/de\/deutschland\/corona-faelle-maskenpflicht-bei-der-tour-de-france\/#breadcrumb"},"inLanguage":"de","potentialAction":[{"@type":"ReadAction","target":["https:\/\/now-news.de\/de\/deutschland\/corona-faelle-maskenpflicht-bei-der-tour-de-france\/"]}]},{"@type":"ImageObject","inLanguage":"de","@id":"https:\/\/now-news.de\/de\/deutschland\/corona-faelle-maskenpflicht-bei-der-tour-de-france\/#primaryimage","url":"https:\/\/now-news.de\/de\/wp-content\/uploads\/sites\/3\/2024\/07\/Corona-Faelle-Maskenpflicht-bei-der-Tour-de-France.jpg","contentUrl":"https:\/\/now-news.de\/de\/wp-content\/uploads\/sites\/3\/2024\/07\/Corona-Faelle-Maskenpflicht-bei-der-Tour-de-France.jpg","width":460,"height":259,"caption":"Corona-F\u00e4lle: Maskenpflicht bei der Tour de France"},{"@type":"BreadcrumbList","@id":"https:\/\/now-news.de\/de\/deutschland\/corona-faelle-maskenpflicht-bei-der-tour-de-france\/#breadcrumb","itemListElement":[{"@type":"ListItem","position":1,"name":"Home","item":"https:\/\/now-news.de\/de\/"},{"@type":"ListItem","position":2,"name":"Corona-F\u00e4lle: Maskenpflicht bei der Tour de France"}]},{"@type":"WebSite","@id":"https:\/\/now-news.de\/de\/#website","url":"https:\/\/now-news.de\/de\/","name":"just-now.NEWS Deutschland","description":"Das Portal f\u00fcr unzensierte Nachrichten aus der Welt","publisher":{"@id":"https:\/\/now-news.de\/de\/#organization"},"potentialAction":[{"@type":"SearchAction","target":{"@type":"EntryPoint","urlTemplate":"https:\/\/now-news.de\/de\/?s={search_term_string}"},"query-input":"required name=search_term_string"}],"inLanguage":"de"},{"@type":"Organization","@id":"https:\/\/now-news.de\/de\/#organization","name":"Just Now News","url":"https:\/\/now-news.de\/de\/","logo":{"@type":"ImageObject","inLanguage":"de","@id":"https:\/\/now-news.de\/de\/#\/schema\/logo\/image\/","url":"http:\/\/just-now.news\/de\/wp-content\/uploads\/sites\/3\/2022\/04\/logo500x500.jpg","contentUrl":"http:\/\/just-now.news\/de\/wp-content\/uploads\/sites\/3\/2022\/04\/logo500x500.jpg","width":500,"height":500,"caption":"Just Now News"},"image":{"@id":"https:\/\/now-news.de\/de\/#\/schema\/logo\/image\/"},"sameAs":["https:\/\/www.facebook.com\/wirmachenauf","https:\/\/x.com\/WirMachenAuf_de"]},{"@type":"Person","@id":"https:\/\/now-news.de\/de\/#\/schema\/person\/fb534a4e865501d8b3285208df34a9b5","name":"rtnews","image":{"@type":"ImageObject","inLanguage":"de","@id":"https:\/\/now-news.de\/de\/#\/schema\/person\/image\/","url":"https:\/\/secure.gravatar.com\/avatar\/82aafea7d8127119dd649515f56e2117?s=96&d=mm&r=g","contentUrl":"https:\/\/secure.gravatar.com\/avatar\/82aafea7d8127119dd649515f56e2117?s=96&d=mm&r=g","caption":"rtnews"},"url":"https:\/\/now-news.de\/de\/author\/rnews\/"}]}},"_links":{"self":[{"href":"https:\/\/now-news.de\/de\/wp-json\/wp\/v2\/posts\/64783"}],"collection":[{"href":"https:\/\/now-news.de\/de\/wp-json\/wp\/v2\/posts"}],"about":[{"href":"https:\/\/now-news.de\/de\/wp-json\/wp\/v2\/types\/post"}],"author":[{"embeddable":true,"href":"https:\/\/now-news.de\/de\/wp-json\/wp\/v2\/users\/3"}],"replies":[{"embeddable":true,"href":"https:\/\/now-news.de\/de\/wp-json\/wp\/v2\/comments?post=64783"}],"version-history":[{"count":0,"href":"https:\/\/now-news.de\/de\/wp-json\/wp\/v2\/posts\/64783\/revisions"}],"wp:featuredmedia":[{"embeddable":true,"href":"https:\/\/now-news.de\/de\/wp-json\/wp\/v2\/media\/64784"}],"wp:attachment":[{"href":"https:\/\/now-news.de\/de\/wp-json\/wp\/v2\/media?parent=64783"}],"wp:term":[{"taxonomy":"category","embeddable":true,"href":"https:\/\/now-news.de\/de\/wp-json\/wp\/v2\/categories?post=64783"},{"taxonomy":"post_tag","embeddable":true,"href":"https:\/\/now-news.de\/de\/wp-json\/wp\/v2\/tags?post=64783"}],"curies":[{"name":"wp","href":"https:\/\/api.w.org\/{rel}","templated":true}]}}