{"id":64759,"date":"2024-07-14T22:02:04","date_gmt":"2024-07-14T20:02:04","guid":{"rendered":"https:\/\/now-news.de\/de\/deutschland\/medien-selenskij-ueber-treffen-mit-biden-auf-nato-gipfel-enttaeuscht\/"},"modified":"2024-07-14T22:02:04","modified_gmt":"2024-07-14T20:02:04","slug":"medien-selenskij-ueber-treffen-mit-biden-auf-nato-gipfel-enttaeuscht","status":"publish","type":"post","link":"https:\/\/now-news.de\/de\/deutschland\/medien-selenskij-ueber-treffen-mit-biden-auf-nato-gipfel-enttaeuscht\/","title":{"rendered":"Medien: Selenskij \u00fcber Treffen mit Biden auf NATO-Gipfel entt\u00e4uscht"},"content":{"rendered":"<p><img decoding=\"async\" src=\"https:\/\/now-news.de\/de\/wp-content\/uploads\/sites\/3\/2024\/07\/6694203a48fbef3dcd46aad3.jpg\" \/><\/p>\n<div class=\"Text-root Text-type_1 \">\n                Nach Angaben von Politico ist Selenskij \u00fcber das Ergebnis seiner Gespr\u00e4che mit Biden auf dem NATO-Gipfel entt\u00e4uscht. Gegenstand der Unterredungen war die Weigerung Washingtons, die Beschr\u00e4nkungen f\u00fcr den Einsatz von US-Waffen bei Angriffen auf russisches Territorium aufzuheben.\n            <\/div>\n<p><\/p>\n<div class=\"Text-root Text-type_5 ArticleView-text ViewText-root \">\n<p>Der ukrainische Pr\u00e4sident Wladimir Selenskij und der Leiter seines B\u00fcros, Andrei Jermak, seien &#8220;extrem entt\u00e4uscht&#8221; \u00fcber das Treffen mit US-Pr\u00e4sident Joe Biden auf dem NATO-Gipfel in Washington. Das berichtet <em>Politico<\/em>\u00a0unter Verweis auf ungenannte Quellen. Grund sei demnach die Weigerung, die Beschr\u00e4nkungen f\u00fcr den Einsatz von US-Waffen bei Angriffen auf russisches Territorium aufzuheben.<\/p>\n<p>Die Gespr\u00e4chspartner der Zeitung teilten mit, Selenskij habe das Thema gegen Ende der Veranstaltung angesprochen, woraufhin Biden geantwortet habe, dass die Verhandlungen \u00fcber dieses Thema fortgesetzt werden m\u00fcssten.\u00a0Der US-Pr\u00e4sident erkl\u00e4rte auf einer Pressekonferenz nach dem Treffen mit dem ukrainischen Staatschef:<\/p>\n<blockquote>\n<p><em>&#8220;Wenn er die M\u00f6glichkeit h\u00e4tte, Moskau, den Kreml anzugreifen, w\u00fcrde das Sinn machen? Nein.&#8221;<\/em><\/p>\n<\/blockquote>\n<p>Laut den Gespr\u00e4chspartnern von <em>Politico<\/em>\u00a0habe das\u00a0die T\u00fcr zu einer m\u00f6glichen Aufhebung der Beschr\u00e4nkungen nicht geschlossen, aber man sei noch weit von einem &#8220;Ja&#8221; entfernt. Die Zeitung schrieb:\u00a0<\/p>\n<blockquote>\n<p><em>&#8220;Das Gef\u00fchl ist immer dasselbe: Irgendwann werden die Beschr\u00e4nkungen aufgehoben, aber zuerst muss jemand sterben.&#8221;<\/em><\/p>\n<\/blockquote>\n<p>Am 11. Juli hatte die <em>Neue Z\u00fcrcher Zeitung<\/em> berichtet, Selenskij habe Biden auf dem NATO-Gipfel in Washington gebeten, alle Beschr\u00e4nkungen f\u00fcr den Einsatz von Waffen f\u00fcr Angriffe auf russisches Territorium aufzuheben.<\/p>\n<p>Zugleich erkl\u00e4rte der Chef des Wei\u00dfen Hauses, die Erlaubnis f\u00fcr die ukrainischen Streitkr\u00e4fte, russisches Territorium nahe der Grenze mit US-Waffen anzugreifen, sei nur von kurzer Dauer und es bestehe keine Notwendigkeit, die Beschr\u00e4nkungen in Zukunft aufzuheben.<\/p>\n<p>Ende Mai lockerten die Vereinigten Staaten die Beschr\u00e4nkungen f\u00fcr den Einsatz von US-Waffen und erlaubten einen &#8220;Gesch\u00fctzkampf&#8221; im Gebiet Charkow, das an das Gebiet Belgorod grenzt. Das Verbot des Einsatzes von Langstreckenraketen auf russischem Territorium blieb jedoch, mit Ausnahme der neuen Regionen, in Kraft.<\/p>\n<p><strong>Mehr zum Thema<\/strong> \u2013 <a rel=\"nofollow noopener\" target=\"_blank\" href=\"https:\/\/freedert.online\/russland\/212165-kreml-sieht-lieferung-von-raketen\/\">Kreml: Stationierung von US-Raketen gr\u00f6\u00dferer Reichweite in Europa &#8220;reine Provokation&#8221;<\/a><\/p>\n<div class=\"EmbedBlock-root EmbedBlock-externalVideo EmbedBlock-odysee\">\n<div class=\"VkEmbed\"><iframe class=\"lazyload\" data-src=\"https:\/\/odysee.com\/%24\/embed\/%40RTDE%3Ae%2FScholz-zur-Stationierung-von-US-Hyperschallraketen-in-Deutschland---Sehr-gute-Entscheidung-%3Af\" frameborder=\"0\" width=\"853\" height=\"480\" allowfullscreen><\/iframe><\/div>\n<\/div>\n<\/div>\n<p><br \/>\n<br \/><a href=\"https:\/\/de.rt.com\/international\/212391-medien-selenskij-ueber-treffen-mit\/\">Source link <\/a><\/p>\n","protected":false},"excerpt":{"rendered":"<p>Nach Angaben von Politico ist Selenskij \u00fcber das Ergebnis seiner Gespr\u00e4che mit Biden auf dem NATO-Gipfel entt\u00e4uscht. Gegenstand der Unterredungen war die Weigerung Washingtons, die Beschr\u00e4nkungen f\u00fcr den Einsatz von US-Waffen bei Angriffen auf russisches Territorium aufzuheben. Der ukrainische Pr\u00e4sident Wladimir Selenskij und der Leiter seines B\u00fcros, Andrei Jermak, seien &#8220;extrem entt\u00e4uscht&#8221; \u00fcber das Treffen [&hellip;]<\/p>\n","protected":false},"author":3,"featured_media":64760,"comment_status":"open","ping_status":"open","sticky":false,"template":"","format":"standard","meta":{"_yoast_indexnow_last_ping":["1720987583"],"wp_automatic_camp":["217"],"1bb9c2504912af6906cb4c360a57e022":["Medien: Selenskij \u00fcber Treffen mit Biden auf NATO-Gipfel entt\u00e4uscht"],"original_link":["https:\/\/de.rt.com\/international\/212391-medien-selenskij-ueber-treffen-mit\/"],"_thumbnail_id":["64760"],"jnews_social_counter_last_update":["1777186253"],"_wptgpro_p2tg_sent2tg":["a:1:{i:23737;s:19:\"2024-07-14 22:07:26\";}"]},"categories":[19,23],"tags":[133,1348,22099,580,419,45494,6158,354,139],"yoast_head":"<!-- This site is optimized with the Yoast SEO Premium plugin v22.7 (Yoast SEO v22.7) - https:\/\/yoast.com\/wordpress\/plugins\/seo\/ -->\n<title>Medien: Selenskij \u00fcber Treffen mit Biden auf NATO-Gipfel entt\u00e4uscht - just-now.NEWS Deutschland<\/title>\n<meta name=\"robots\" content=\"index, follow, max-snippet:-1, max-image-preview:large, max-video-preview:-1\" \/>\n<link rel=\"canonical\" href=\"https:\/\/now-news.de\/de\/deutschland\/medien-selenskij-ueber-treffen-mit-biden-auf-nato-gipfel-enttaeuscht\/\" \/>\n<meta property=\"og:locale\" content=\"de_DE\" \/>\n<meta property=\"og:type\" content=\"article\" \/>\n<meta property=\"og:title\" content=\"Medien: Selenskij \u00fcber Treffen mit Biden auf NATO-Gipfel entt\u00e4uscht\" \/>\n<meta property=\"og:description\" content=\"Nach Angaben von Politico ist Selenskij \u00fcber das Ergebnis seiner Gespr\u00e4che mit Biden auf dem NATO-Gipfel entt\u00e4uscht. Gegenstand der Unterredungen war die Weigerung Washingtons, die Beschr\u00e4nkungen f\u00fcr den Einsatz von US-Waffen bei Angriffen auf russisches Territorium aufzuheben. Der ukrainische Pr\u00e4sident Wladimir Selenskij und der Leiter seines B\u00fcros, Andrei Jermak, seien &#8220;extrem entt\u00e4uscht&#8221; \u00fcber das Treffen [&hellip;]\" \/>\n<meta property=\"og:url\" content=\"https:\/\/now-news.de\/de\/deutschland\/medien-selenskij-ueber-treffen-mit-biden-auf-nato-gipfel-enttaeuscht\/\" \/>\n<meta property=\"og:site_name\" content=\"just-now.NEWS Deutschland\" \/>\n<meta property=\"article:publisher\" content=\"https:\/\/www.facebook.com\/wirmachenauf\" \/>\n<meta property=\"article:published_time\" content=\"2024-07-14T20:02:04+00:00\" \/>\n<meta property=\"og:image\" content=\"https:\/\/now-news.de\/de\/wp-content\/uploads\/sites\/3\/2024\/07\/6694203a48fbef3dcd46aad3.jpg\" \/>\n<meta name=\"author\" content=\"rtnews\" \/>\n<meta name=\"twitter:card\" content=\"summary_large_image\" \/>\n<meta name=\"twitter:creator\" content=\"@WirMachenAuf_de\" \/>\n<meta name=\"twitter:site\" content=\"@WirMachenAuf_de\" \/>\n<meta name=\"twitter:label1\" content=\"Verfasst von\" \/>\n\t<meta name=\"twitter:data1\" content=\"rtnews\" \/>\n\t<meta name=\"twitter:label2\" content=\"Gesch\u00e4tzte Lesezeit\" \/>\n\t<meta name=\"twitter:data2\" content=\"2\u00a0Minuten\" \/>\n<script type=\"application\/ld+json\" class=\"yoast-schema-graph\">{\"@context\":\"https:\/\/schema.org\",\"@graph\":[{\"@type\":\"Article\",\"@id\":\"https:\/\/now-news.de\/de\/deutschland\/medien-selenskij-ueber-treffen-mit-biden-auf-nato-gipfel-enttaeuscht\/#article\",\"isPartOf\":{\"@id\":\"https:\/\/now-news.de\/de\/deutschland\/medien-selenskij-ueber-treffen-mit-biden-auf-nato-gipfel-enttaeuscht\/\"},\"author\":{\"name\":\"rtnews\",\"@id\":\"https:\/\/now-news.de\/de\/#\/schema\/person\/fb534a4e865501d8b3285208df34a9b5\"},\"headline\":\"Medien: Selenskij \u00fcber Treffen mit Biden auf NATO-Gipfel entt\u00e4uscht\",\"datePublished\":\"2024-07-14T20:02:04+00:00\",\"dateModified\":\"2024-07-14T20:02:04+00:00\",\"mainEntityOfPage\":{\"@id\":\"https:\/\/now-news.de\/de\/deutschland\/medien-selenskij-ueber-treffen-mit-biden-auf-nato-gipfel-enttaeuscht\/\"},\"wordCount\":361,\"commentCount\":0,\"publisher\":{\"@id\":\"https:\/\/now-news.de\/de\/#organization\"},\"image\":{\"@id\":\"https:\/\/now-news.de\/de\/deutschland\/medien-selenskij-ueber-treffen-mit-biden-auf-nato-gipfel-enttaeuscht\/#primaryimage\"},\"thumbnailUrl\":\"https:\/\/now-news.de\/de\/wp-content\/uploads\/sites\/3\/2024\/07\/Medien-Selenskij-ueber-Treffen-mit-Biden-auf-NATO-Gipfel-enttaeuscht.jpg\",\"keywords\":[\"AUF\",\"Biden\",\"entt\u00e4uscht\",\"Medien\",\"mit\",\"NATOGipfel\",\"Selenskij\",\"Treffen\",\"\u00fcber\"],\"articleSection\":[\"Deutschland\",\"Russland\"],\"inLanguage\":\"de\",\"potentialAction\":[{\"@type\":\"CommentAction\",\"name\":\"Comment\",\"target\":[\"https:\/\/now-news.de\/de\/deutschland\/medien-selenskij-ueber-treffen-mit-biden-auf-nato-gipfel-enttaeuscht\/#respond\"]}]},{\"@type\":\"WebPage\",\"@id\":\"https:\/\/now-news.de\/de\/deutschland\/medien-selenskij-ueber-treffen-mit-biden-auf-nato-gipfel-enttaeuscht\/\",\"url\":\"https:\/\/now-news.de\/de\/deutschland\/medien-selenskij-ueber-treffen-mit-biden-auf-nato-gipfel-enttaeuscht\/\",\"name\":\"Medien: Selenskij \u00fcber Treffen mit Biden auf NATO-Gipfel entt\u00e4uscht - just-now.NEWS Deutschland\",\"isPartOf\":{\"@id\":\"https:\/\/now-news.de\/de\/#website\"},\"primaryImageOfPage\":{\"@id\":\"https:\/\/now-news.de\/de\/deutschland\/medien-selenskij-ueber-treffen-mit-biden-auf-nato-gipfel-enttaeuscht\/#primaryimage\"},\"image\":{\"@id\":\"https:\/\/now-news.de\/de\/deutschland\/medien-selenskij-ueber-treffen-mit-biden-auf-nato-gipfel-enttaeuscht\/#primaryimage\"},\"thumbnailUrl\":\"https:\/\/now-news.de\/de\/wp-content\/uploads\/sites\/3\/2024\/07\/Medien-Selenskij-ueber-Treffen-mit-Biden-auf-NATO-Gipfel-enttaeuscht.jpg\",\"datePublished\":\"2024-07-14T20:02:04+00:00\",\"dateModified\":\"2024-07-14T20:02:04+00:00\",\"breadcrumb\":{\"@id\":\"https:\/\/now-news.de\/de\/deutschland\/medien-selenskij-ueber-treffen-mit-biden-auf-nato-gipfel-enttaeuscht\/#breadcrumb\"},\"inLanguage\":\"de\",\"potentialAction\":[{\"@type\":\"ReadAction\",\"target\":[\"https:\/\/now-news.de\/de\/deutschland\/medien-selenskij-ueber-treffen-mit-biden-auf-nato-gipfel-enttaeuscht\/\"]}]},{\"@type\":\"ImageObject\",\"inLanguage\":\"de\",\"@id\":\"https:\/\/now-news.de\/de\/deutschland\/medien-selenskij-ueber-treffen-mit-biden-auf-nato-gipfel-enttaeuscht\/#primaryimage\",\"url\":\"https:\/\/now-news.de\/de\/wp-content\/uploads\/sites\/3\/2024\/07\/Medien-Selenskij-ueber-Treffen-mit-Biden-auf-NATO-Gipfel-enttaeuscht.jpg\",\"contentUrl\":\"https:\/\/now-news.de\/de\/wp-content\/uploads\/sites\/3\/2024\/07\/Medien-Selenskij-ueber-Treffen-mit-Biden-auf-NATO-Gipfel-enttaeuscht.jpg\",\"width\":460,\"height\":259,\"caption\":\"Medien: Selenskij \u00fcber Treffen mit Biden auf NATO-Gipfel entt\u00e4uscht\"},{\"@type\":\"BreadcrumbList\",\"@id\":\"https:\/\/now-news.de\/de\/deutschland\/medien-selenskij-ueber-treffen-mit-biden-auf-nato-gipfel-enttaeuscht\/#breadcrumb\",\"itemListElement\":[{\"@type\":\"ListItem\",\"position\":1,\"name\":\"Home\",\"item\":\"https:\/\/now-news.de\/de\/\"},{\"@type\":\"ListItem\",\"position\":2,\"name\":\"Medien: Selenskij \u00fcber Treffen mit Biden auf NATO-Gipfel entt\u00e4uscht\"}]},{\"@type\":\"WebSite\",\"@id\":\"https:\/\/now-news.de\/de\/#website\",\"url\":\"https:\/\/now-news.de\/de\/\",\"name\":\"just-now.NEWS Deutschland\",\"description\":\"Das Portal f\u00fcr unzensierte Nachrichten aus der Welt\",\"publisher\":{\"@id\":\"https:\/\/now-news.de\/de\/#organization\"},\"potentialAction\":[{\"@type\":\"SearchAction\",\"target\":{\"@type\":\"EntryPoint\",\"urlTemplate\":\"https:\/\/now-news.de\/de\/?s={search_term_string}\"},\"query-input\":\"required name=search_term_string\"}],\"inLanguage\":\"de\"},{\"@type\":\"Organization\",\"@id\":\"https:\/\/now-news.de\/de\/#organization\",\"name\":\"Just Now News\",\"url\":\"https:\/\/now-news.de\/de\/\",\"logo\":{\"@type\":\"ImageObject\",\"inLanguage\":\"de\",\"@id\":\"https:\/\/now-news.de\/de\/#\/schema\/logo\/image\/\",\"url\":\"http:\/\/just-now.news\/de\/wp-content\/uploads\/sites\/3\/2022\/04\/logo500x500.jpg\",\"contentUrl\":\"http:\/\/just-now.news\/de\/wp-content\/uploads\/sites\/3\/2022\/04\/logo500x500.jpg\",\"width\":500,\"height\":500,\"caption\":\"Just Now News\"},\"image\":{\"@id\":\"https:\/\/now-news.de\/de\/#\/schema\/logo\/image\/\"},\"sameAs\":[\"https:\/\/www.facebook.com\/wirmachenauf\",\"https:\/\/x.com\/WirMachenAuf_de\"]},{\"@type\":\"Person\",\"@id\":\"https:\/\/now-news.de\/de\/#\/schema\/person\/fb534a4e865501d8b3285208df34a9b5\",\"name\":\"rtnews\",\"image\":{\"@type\":\"ImageObject\",\"inLanguage\":\"de\",\"@id\":\"https:\/\/now-news.de\/de\/#\/schema\/person\/image\/\",\"url\":\"https:\/\/secure.gravatar.com\/avatar\/82aafea7d8127119dd649515f56e2117?s=96&d=mm&r=g\",\"contentUrl\":\"https:\/\/secure.gravatar.com\/avatar\/82aafea7d8127119dd649515f56e2117?s=96&d=mm&r=g\",\"caption\":\"rtnews\"},\"url\":\"https:\/\/now-news.de\/de\/author\/rnews\/\"}]}<\/script>\n<!-- \/ Yoast SEO Premium plugin. -->","yoast_head_json":{"title":"Medien: Selenskij \u00fcber Treffen mit Biden auf NATO-Gipfel entt\u00e4uscht - just-now.NEWS Deutschland","robots":{"index":"index","follow":"follow","max-snippet":"max-snippet:-1","max-image-preview":"max-image-preview:large","max-video-preview":"max-video-preview:-1"},"canonical":"https:\/\/now-news.de\/de\/deutschland\/medien-selenskij-ueber-treffen-mit-biden-auf-nato-gipfel-enttaeuscht\/","og_locale":"de_DE","og_type":"article","og_title":"Medien: Selenskij \u00fcber Treffen mit Biden auf NATO-Gipfel entt\u00e4uscht","og_description":"Nach Angaben von Politico ist Selenskij \u00fcber das Ergebnis seiner Gespr\u00e4che mit Biden auf dem NATO-Gipfel entt\u00e4uscht. Gegenstand der Unterredungen war die Weigerung Washingtons, die Beschr\u00e4nkungen f\u00fcr den Einsatz von US-Waffen bei Angriffen auf russisches Territorium aufzuheben. Der ukrainische Pr\u00e4sident Wladimir Selenskij und der Leiter seines B\u00fcros, Andrei Jermak, seien &#8220;extrem entt\u00e4uscht&#8221; \u00fcber das Treffen [&hellip;]","og_url":"https:\/\/now-news.de\/de\/deutschland\/medien-selenskij-ueber-treffen-mit-biden-auf-nato-gipfel-enttaeuscht\/","og_site_name":"just-now.NEWS Deutschland","article_publisher":"https:\/\/www.facebook.com\/wirmachenauf","article_published_time":"2024-07-14T20:02:04+00:00","og_image":[{"url":"https:\/\/now-news.de\/de\/wp-content\/uploads\/sites\/3\/2024\/07\/6694203a48fbef3dcd46aad3.jpg"}],"author":"rtnews","twitter_card":"summary_large_image","twitter_creator":"@WirMachenAuf_de","twitter_site":"@WirMachenAuf_de","twitter_misc":{"Verfasst von":"rtnews","Gesch\u00e4tzte Lesezeit":"2\u00a0Minuten"},"schema":{"@context":"https:\/\/schema.org","@graph":[{"@type":"Article","@id":"https:\/\/now-news.de\/de\/deutschland\/medien-selenskij-ueber-treffen-mit-biden-auf-nato-gipfel-enttaeuscht\/#article","isPartOf":{"@id":"https:\/\/now-news.de\/de\/deutschland\/medien-selenskij-ueber-treffen-mit-biden-auf-nato-gipfel-enttaeuscht\/"},"author":{"name":"rtnews","@id":"https:\/\/now-news.de\/de\/#\/schema\/person\/fb534a4e865501d8b3285208df34a9b5"},"headline":"Medien: Selenskij \u00fcber Treffen mit Biden auf NATO-Gipfel entt\u00e4uscht","datePublished":"2024-07-14T20:02:04+00:00","dateModified":"2024-07-14T20:02:04+00:00","mainEntityOfPage":{"@id":"https:\/\/now-news.de\/de\/deutschland\/medien-selenskij-ueber-treffen-mit-biden-auf-nato-gipfel-enttaeuscht\/"},"wordCount":361,"commentCount":0,"publisher":{"@id":"https:\/\/now-news.de\/de\/#organization"},"image":{"@id":"https:\/\/now-news.de\/de\/deutschland\/medien-selenskij-ueber-treffen-mit-biden-auf-nato-gipfel-enttaeuscht\/#primaryimage"},"thumbnailUrl":"https:\/\/now-news.de\/de\/wp-content\/uploads\/sites\/3\/2024\/07\/Medien-Selenskij-ueber-Treffen-mit-Biden-auf-NATO-Gipfel-enttaeuscht.jpg","keywords":["AUF","Biden","entt\u00e4uscht","Medien","mit","NATOGipfel","Selenskij","Treffen","\u00fcber"],"articleSection":["Deutschland","Russland"],"inLanguage":"de","potentialAction":[{"@type":"CommentAction","name":"Comment","target":["https:\/\/now-news.de\/de\/deutschland\/medien-selenskij-ueber-treffen-mit-biden-auf-nato-gipfel-enttaeuscht\/#respond"]}]},{"@type":"WebPage","@id":"https:\/\/now-news.de\/de\/deutschland\/medien-selenskij-ueber-treffen-mit-biden-auf-nato-gipfel-enttaeuscht\/","url":"https:\/\/now-news.de\/de\/deutschland\/medien-selenskij-ueber-treffen-mit-biden-auf-nato-gipfel-enttaeuscht\/","name":"Medien: Selenskij \u00fcber Treffen mit Biden auf NATO-Gipfel entt\u00e4uscht - just-now.NEWS Deutschland","isPartOf":{"@id":"https:\/\/now-news.de\/de\/#website"},"primaryImageOfPage":{"@id":"https:\/\/now-news.de\/de\/deutschland\/medien-selenskij-ueber-treffen-mit-biden-auf-nato-gipfel-enttaeuscht\/#primaryimage"},"image":{"@id":"https:\/\/now-news.de\/de\/deutschland\/medien-selenskij-ueber-treffen-mit-biden-auf-nato-gipfel-enttaeuscht\/#primaryimage"},"thumbnailUrl":"https:\/\/now-news.de\/de\/wp-content\/uploads\/sites\/3\/2024\/07\/Medien-Selenskij-ueber-Treffen-mit-Biden-auf-NATO-Gipfel-enttaeuscht.jpg","datePublished":"2024-07-14T20:02:04+00:00","dateModified":"2024-07-14T20:02:04+00:00","breadcrumb":{"@id":"https:\/\/now-news.de\/de\/deutschland\/medien-selenskij-ueber-treffen-mit-biden-auf-nato-gipfel-enttaeuscht\/#breadcrumb"},"inLanguage":"de","potentialAction":[{"@type":"ReadAction","target":["https:\/\/now-news.de\/de\/deutschland\/medien-selenskij-ueber-treffen-mit-biden-auf-nato-gipfel-enttaeuscht\/"]}]},{"@type":"ImageObject","inLanguage":"de","@id":"https:\/\/now-news.de\/de\/deutschland\/medien-selenskij-ueber-treffen-mit-biden-auf-nato-gipfel-enttaeuscht\/#primaryimage","url":"https:\/\/now-news.de\/de\/wp-content\/uploads\/sites\/3\/2024\/07\/Medien-Selenskij-ueber-Treffen-mit-Biden-auf-NATO-Gipfel-enttaeuscht.jpg","contentUrl":"https:\/\/now-news.de\/de\/wp-content\/uploads\/sites\/3\/2024\/07\/Medien-Selenskij-ueber-Treffen-mit-Biden-auf-NATO-Gipfel-enttaeuscht.jpg","width":460,"height":259,"caption":"Medien: Selenskij \u00fcber Treffen mit Biden auf NATO-Gipfel entt\u00e4uscht"},{"@type":"BreadcrumbList","@id":"https:\/\/now-news.de\/de\/deutschland\/medien-selenskij-ueber-treffen-mit-biden-auf-nato-gipfel-enttaeuscht\/#breadcrumb","itemListElement":[{"@type":"ListItem","position":1,"name":"Home","item":"https:\/\/now-news.de\/de\/"},{"@type":"ListItem","position":2,"name":"Medien: Selenskij \u00fcber Treffen mit Biden auf NATO-Gipfel entt\u00e4uscht"}]},{"@type":"WebSite","@id":"https:\/\/now-news.de\/de\/#website","url":"https:\/\/now-news.de\/de\/","name":"just-now.NEWS Deutschland","description":"Das Portal f\u00fcr unzensierte Nachrichten aus der Welt","publisher":{"@id":"https:\/\/now-news.de\/de\/#organization"},"potentialAction":[{"@type":"SearchAction","target":{"@type":"EntryPoint","urlTemplate":"https:\/\/now-news.de\/de\/?s={search_term_string}"},"query-input":"required name=search_term_string"}],"inLanguage":"de"},{"@type":"Organization","@id":"https:\/\/now-news.de\/de\/#organization","name":"Just Now News","url":"https:\/\/now-news.de\/de\/","logo":{"@type":"ImageObject","inLanguage":"de","@id":"https:\/\/now-news.de\/de\/#\/schema\/logo\/image\/","url":"http:\/\/just-now.news\/de\/wp-content\/uploads\/sites\/3\/2022\/04\/logo500x500.jpg","contentUrl":"http:\/\/just-now.news\/de\/wp-content\/uploads\/sites\/3\/2022\/04\/logo500x500.jpg","width":500,"height":500,"caption":"Just Now News"},"image":{"@id":"https:\/\/now-news.de\/de\/#\/schema\/logo\/image\/"},"sameAs":["https:\/\/www.facebook.com\/wirmachenauf","https:\/\/x.com\/WirMachenAuf_de"]},{"@type":"Person","@id":"https:\/\/now-news.de\/de\/#\/schema\/person\/fb534a4e865501d8b3285208df34a9b5","name":"rtnews","image":{"@type":"ImageObject","inLanguage":"de","@id":"https:\/\/now-news.de\/de\/#\/schema\/person\/image\/","url":"https:\/\/secure.gravatar.com\/avatar\/82aafea7d8127119dd649515f56e2117?s=96&d=mm&r=g","contentUrl":"https:\/\/secure.gravatar.com\/avatar\/82aafea7d8127119dd649515f56e2117?s=96&d=mm&r=g","caption":"rtnews"},"url":"https:\/\/now-news.de\/de\/author\/rnews\/"}]}},"_links":{"self":[{"href":"https:\/\/now-news.de\/de\/wp-json\/wp\/v2\/posts\/64759"}],"collection":[{"href":"https:\/\/now-news.de\/de\/wp-json\/wp\/v2\/posts"}],"about":[{"href":"https:\/\/now-news.de\/de\/wp-json\/wp\/v2\/types\/post"}],"author":[{"embeddable":true,"href":"https:\/\/now-news.de\/de\/wp-json\/wp\/v2\/users\/3"}],"replies":[{"embeddable":true,"href":"https:\/\/now-news.de\/de\/wp-json\/wp\/v2\/comments?post=64759"}],"version-history":[{"count":0,"href":"https:\/\/now-news.de\/de\/wp-json\/wp\/v2\/posts\/64759\/revisions"}],"wp:featuredmedia":[{"embeddable":true,"href":"https:\/\/now-news.de\/de\/wp-json\/wp\/v2\/media\/64760"}],"wp:attachment":[{"href":"https:\/\/now-news.de\/de\/wp-json\/wp\/v2\/media?parent=64759"}],"wp:term":[{"taxonomy":"category","embeddable":true,"href":"https:\/\/now-news.de\/de\/wp-json\/wp\/v2\/categories?post=64759"},{"taxonomy":"post_tag","embeddable":true,"href":"https:\/\/now-news.de\/de\/wp-json\/wp\/v2\/tags?post=64759"}],"curies":[{"name":"wp","href":"https:\/\/api.w.org\/{rel}","templated":true}]}}