{"id":64722,"date":"2024-07-14T14:03:14","date_gmt":"2024-07-14T12:03:14","guid":{"rendered":"https:\/\/now-news.de\/de\/deutschland\/deutsches-wirtschaftsmagazin-us-modell-des-kapitalismus-treibt-massen-in-den-wahnsinn\/"},"modified":"2024-07-14T14:03:14","modified_gmt":"2024-07-14T12:03:14","slug":"deutsches-wirtschaftsmagazin-us-modell-des-kapitalismus-treibt-massen-in-den-wahnsinn","status":"publish","type":"post","link":"https:\/\/now-news.de\/de\/deutschland\/deutsches-wirtschaftsmagazin-us-modell-des-kapitalismus-treibt-massen-in-den-wahnsinn\/","title":{"rendered":"Deutsches Wirtschaftsmagazin: &quot;US-Modell&quot; des Kapitalismus treibt Massen in den Wahnsinn"},"content":{"rendered":"<p><img decoding=\"async\" src=\"https:\/\/now-news.de\/de\/wp-content\/uploads\/sites\/3\/2024\/07\/66928378b480cc1d7d450f3c.jpg\" \/><\/p>\n<div class=\"Text-root Text-type_1 \">\n                Der Markt \u00fcber allem: Der neoliberal gemanagte Kapitalismus gilt im &#8220;freien Westen&#8221; als Erfolgsmodell. In einer deutschen Wissenschaftspublikation kommt der US-amerikanische Exportschlager aber nicht gut weg: Er mache viele Menschen arm und psychisch krank.\n            <\/div>\n<p><\/p>\n<div class=\"Text-root Text-type_5 ArticleView-text ViewText-root \">\n<p><em>Von Susan Bonath<\/em><\/p>\n<p>H\u00f6her, schneller, weiter: Der pausenlose Konkurrenzkampf im viel gepriesenen freien Markt der westlichen Exportmarke des neoliberalen Kapitalismus &#8220;made in USA&#8221; macht Menschen krank. Die wachsenden sozialen Verwerfungen belegen das seit langem. Auch in Teilen der Wissenschaft ist das schon angekommen, wie eine neue Analyse zeigt. Die im &#8220;Wertewesten&#8221; teils wie einen heiligen Gral verehrten politischen Doktrinen neoliberaler Pseudofreiheit ersch\u00fcttert das wie stets wohl nicht.<\/p>\n<p>&#8220;Die US-Variante des Kapitalismus erzeugt gesundheitsgef\u00e4hrdenden chronischen Stress&#8221;\u00a0\u2013 so <a rel=\"nofollow noopener\" target=\"_blank\" href=\"https:\/\/www.wirtschaftsdienst.eu\/inhalt\/jahr\/2024\/heft\/6\/beitrag\/die-us-variante-des-kapitalismus-erzeugt-gesundheitsgefaehrdenden-chronischen-stress.html\">titelte<\/a> nicht etwa ein marxistisches Untergrundblatt, sondern die deutsche Fachzeitschrift <em>Wirtschaftsdienst<\/em>\u00a0in ihrer j\u00fcngsten Ausgabe. Dabei handelt es sich um die Publikation der Deutschen Zentralbibliothek f\u00fcr Wirtschaftswissenschaften (ZBW) des Leibniz-Informationszentrums Wirtschaft. Ein Thema f\u00fcr die deutsche Presse war das nicht.<\/p>\n<p><em>Arm, krank, drogens\u00fcchtig<\/em><\/p>\n<p>Der Autor John Komlos, ein ungarisch-US-amerikanischer Wirtschaftshistoriker, der fast zwei Jahrzehnte an der Ludwig-Maximilians-Universit\u00e4t (LMU) in M\u00fcnchen lehrte, beleuchtet mit Blick auf die USA eindr\u00fccklich die Details. Demnach litten im Jahr 2019 rund 51,5 Millionen \u00fcber 18-j\u00e4hrige US-B\u00fcrger an einer psychischen St\u00f6rung, Dunkelziffer unbekannt. Das waren 29 Prozent mehr als 2008 und etwa ein F\u00fcnftel der Erwachsenen.<\/p>\n<p>Eine \u00e4hnliche Entwicklung zeigten die Daten bei Jugendlichen in den USA zwischen zw\u00f6lf und siebzehn Jahren. Danach wurden 2019 fast acht Millionen dieser Altersgruppe wegen einer psychischen Erkrankung \u00e4rztlich behandelt. Seit 2017 habe sich die Zahl der Betroffenen damit fast vervierfacht, so der Autor.<\/p>\n<p>Psychische Probleme beg\u00fcnstigen den Einstieg in die Drogensucht, wie Komlos feststellt. Das ist eins der wachsenden Probleme in den USA. Im Jahr 2019 konsumierten demnach mehr als 57 Millionen US-B\u00fcrger ab zw\u00f6lf Jahren aufw\u00e4rts illegale Drogen, mehr als ein Drittel davon harte Substanzen wie Heroin, Kokain, Fentanyl, verschiedene weitere Opioide, Amphetamine und \u00c4hnliches. Der Autor entnimmt den Daten einen anhaltenden Anstieg, bef\u00f6rdert durch immer neue Wirtschaftskrisen.<\/p>\n<p>Bedenklich gestiegen seien damit einhergehend die Mord- und Selbstmordraten, die Zahl von Amokl\u00e4ufen und allgemein die Kriminalit\u00e4t inklusive Schusswaffengebrauch. Auch die Quote der in Gef\u00e4ngnissen Einsitzenden steige. Mit 2,1 Millionen Inhaftierten im Jahr 2022 sei diese achtmal h\u00f6her als in Deutschland.<\/p>\n<p><strong>Stress und Anpassung durch Abstiegsangst<\/strong><\/p>\n<p>Den Grund sieht der Autor in &#8220;wirtschaftlichen Stressfaktoren&#8221;. Diese entst\u00fcnden &#8220;durch existenzgef\u00e4hrdende Umst\u00e4nde&#8221; wie Arbeitslosigkeit, Zwangsr\u00e4umungen oder hohe Rechnungen f\u00fcr Grundbed\u00fcrfnisse wie medizinische Versorgung. Der Autor analysiert:<\/p>\n<p><em>&#8220;Finanzielle Schwierigkeiten sind ein weitverbreiteter Stressfaktor mit verheerenden Auswirkungen auf das Leben der Amerikaner, von denen beinahe drei Viertel ihre finanzielle Situation als Stressfaktor bezeichnen, und ein Viertel sogar als schwerwiegenden Stressfaktor.&#8221;<\/em><\/p>\n<p>Wie auch in Europa w\u00e4chst in den USA die soziale Ungleichheit im Eiltempo. Das sch\u00fcrt, wie der Autor feststellt, freilich Abstiegs\u00e4ngste. Diese wiederum f\u00fchre einerseits zum Frustabbau durch Drogen, Gewalt und Kriminalit\u00e4t, andererseits zu verst\u00e4rktem Anpassungsverhalten. Weiter hei\u00dft es:<\/p>\n<p><em>&#8220;F\u00fcr viele endet der Versuch, diesen sozialen Normen zu entsprechen, in exzessiven Arbeitszeiten.&#8221;<\/em><\/p>\n<p>Mit anderen Worten: Die berechtigte Angst vor dem Abstieg wirkt wie ein Maulkorb f\u00fcr die Lohnabh\u00e4ngigen. Die Profiteure versch\u00e4rfen ihre Ausbeutung ganz ohne Gegenwehr. Wer will schon in der Gosse landen.<\/p>\n<p>Komlos berichtet \u00fcber wachsende Elendsviertel, die Armut zementierten, Perspektiven schwinden lie\u00dfen und Millionen Menschen krank machten. Er f\u00fchrt das vor allem zur\u00fcck auf die neoliberalen Doktrinen der \u00d6konomen Friedrich-August von Hayek und Milton Friedman, dem politischen Dogma in den USA.<\/p>\n<p>Diese Art von &#8220;Marktfundamentalismus&#8221;, der wirtschaftlichen Aufschwung durch &#8220;Deregulierung der M\u00e4rkte&#8221; verspricht, bestimme, so Komlos, seit Jahrzehnten die US-Politik. Dies aber sei die Ursache, nicht die L\u00f6sung der Probleme, die Mensch und Umwelt ausblende und das Streben nach Effizienz und Wachstum f\u00fcr alles erkl\u00e4re.<\/p>\n<p><strong>Zerst\u00f6rerische Konkurrenz<\/strong><\/p>\n<p>Komlos sieht eine Ursache f\u00fcr die Verwerfungen in der Globalisierung. Hier verharrt er im b\u00fcrgerlichen Dogma: Er suggeriert, die globale Ausdehnung der M\u00e4rkte, zunehmend bestimmt durch multinationale Monopolkonzerne, sei eine reine Folge &#8220;neoliberaler Wirtschaftstheorien&#8221;, die &#8220;kl\u00e4glich gescheitert&#8221; seien.<\/p>\n<p>Der Autor findet sogar einen neuen B\u00f6sewicht f\u00fcr die Entwicklung: Donald Trump, der dies vorangetrieben und im Gegenzug von der Entwicklung profitiert habe. Denn soziale Verwerfungen lie\u00dfen &#8220;rechtspopulistische Bewegungen&#8221; erstarken.<\/p>\n<p>Den Schluss, dass die allumfassende Konkurrenz im Kapitalismus grunds\u00e4tzlich danach strebt, Konkurrenz auszuschalten, somit die globale Monopolisierung des Kapitals aus sich heraus bewirkt, zieht Komlos nicht.<\/p>\n<p>Dies mag vielleicht auch daran liegen, dass es nicht unbedingt f\u00f6rderlich f\u00fcr die Karriere ist, sich als Gegner des gepriesenen Systems Kapitalismus selbst zu outen. Die Fakten, die Komlos nennt, sprechen dennoch f\u00fcr sich: Der ewige Konkurrenzkampf, oben um M\u00e4rkte, Ressourcen und Profite, unten um Jobs und Teilhabe, mag den Wirtschaftsturbo trotz Krisen immer wieder ankurbeln. Die Masse der Lohnabh\u00e4ngigen, die f\u00fcr das Wachstum erst mal sorgen m\u00fcssen, macht es indes \u00e4rmer, kr\u00e4nker, rechtloser.<\/p>\n<p>Das Wohlstandsversprechen gilt am Ende nur f\u00fcr den kleinsten Teil: f\u00fcr die Eigent\u00fcmer der Rohstoffe und Unternehmen, die den Profit kassieren und reich genug sind, ihr Eigentum zu sichern und zu mehren. Dass diese nicht nur in den USA bestimmen, in welche Richtung es politisch geht, ist hinreichend belegt.<\/p>\n<p><strong>Europas Kopie der US-Doktrin<\/strong><\/p>\n<p>Seit dem Ende des Zweiten Weltkrieges sind die USA der Fr\u00fchindikator f\u00fcr die \u00f6konomische und soziale Entwicklung der kapitalistischen Realit\u00e4t in allen (bisher) f\u00fchrenden Industrienationen des &#8220;Westens&#8221;. Die dort zu sehende Verelendung eines wachsenden Teils der Bev\u00f6lkerung, manifestiert in Slums und ganzen Kleinst\u00e4dten voller Drogenopfer, schwappt schleichend aber stetig \u00fcber den &#8220;gro\u00dfen Teich&#8221;.<\/p>\n<p>Denn von dem Aufstiegsm\u00e4rchen der Marke &#8220;vom Tellerw\u00e4scher zum Million\u00e4r&#8221; bis hin zur neoliberalen Standarderz\u00e4hlung vom &#8220;Trickle-down-Effekt&#8221;, wonach bei den Armen mehr ankomme, wenn Reiche reicher werden, haben Deutschland und andere europ\u00e4ische L\u00e4nder die US-Doktrinen fast eins zu eins kopiert.<\/p>\n<p>Experimentell getestet im s\u00fcdamerikanischen Chile unter Augusto Pinochet, \u00fcbernommen von der &#8220;Eisernen Lady&#8221; Margaret Thatcher in Gro\u00dfbritannien, etablierte man es sp\u00e4testens mit den Hartz-Reformen Anfang der 2000er-Jahre auch in der Bundesrepublik.<\/p>\n<p><strong>Etablierter Wahnsinn<\/strong><\/p>\n<p>Der Glaube daran scheint nicht nachzulassen. Im Gegenteil: Je mehr sich die gegenw\u00e4rtige, gro\u00dfteils selbst zugunsten der Reichsten der Reichen fabrizierte Wirtschaftskrise versch\u00e4rft, desto exzessiver treibt die Bundesregierung, unabh\u00e4ngig von ihrer Besetzung, den neoliberalen Umbau voran: massiver Sozialabbau und eine repressive Knute auf der einen, Steuersenkungen und Aufr\u00fcstung auf der anderen Seite.<\/p>\n<p>Die Orgie der Privatisierung \u00f6ffentlichen Eigentums l\u00e4uft dementsprechend weiter, darunter Krankenh\u00e4user, Pflegeheime und andere soziale Einrichtungen. Die Politik in Deutschland und im gesamten &#8220;Wertewesten&#8221; scheint geradezu besessen davon zu sein, die Ursache der sozialen, wirtschaftlichen und \u00f6kologischen Probleme als ihre L\u00f6sung zu vermarkten. Kein Wunder, dass die Leute durch diesen Wahnsinn immer kr\u00e4nker werden.<\/p>\n<p><strong>Mehr zum Thema &#8211;<\/strong><a rel=\"nofollow noopener\" target=\"_blank\" href=\"https:\/\/freedert.online\/inland\/212046-vermoegensverteilung-in-deutschland-immer-ungerechter\/\">\u00a0Mehr Superreiche: Verm\u00f6gensverteilung in Deutschland immer ungerechter<\/a><\/p>\n<\/p>\n<\/div>\n<p><br \/>\n<br \/><a href=\"https:\/\/de.rt.com\/meinung\/212248-deutsches-wirtschaftsmagazin-us-modell-kapitalismus\/\">Source link <\/a><\/p>\n","protected":false},"excerpt":{"rendered":"<p>Der Markt \u00fcber allem: Der neoliberal gemanagte Kapitalismus gilt im &#8220;freien Westen&#8221; als Erfolgsmodell. In einer deutschen Wissenschaftspublikation kommt der US-amerikanische Exportschlager aber nicht gut weg: Er mache viele Menschen arm und psychisch krank. Von Susan Bonath H\u00f6her, schneller, weiter: Der pausenlose Konkurrenzkampf im viel gepriesenen freien Markt der westlichen Exportmarke des neoliberalen Kapitalismus &#8220;made [&hellip;]<\/p>\n","protected":false},"author":3,"featured_media":64723,"comment_status":"open","ping_status":"open","sticky":false,"template":"","format":"standard","meta":{"_yoast_indexnow_last_ping":["1720959441"],"wp_automatic_camp":["217"],"46b59e62cd955350a19434ba9e226298":["Deutsches Wirtschaftsmagazin: &quot;US-Modell&quot; des Kapitalismus treibt Massen in den Wahnsinn"],"original_link":["https:\/\/de.rt.com\/meinung\/212248-deutsches-wirtschaftsmagazin-us-modell-kapitalismus\/"],"_thumbnail_id":["64723"],"jnews_social_counter_last_update":["1777190533"],"_wptgpro_p2tg_sent2tg":["a:1:{i:23737;s:19:\"2024-07-14 14:18:39\";}"]},"categories":[19,23],"tags":[48,583,29966,3797,37425,56602,16011,21180,56601],"yoast_head":"<!-- This site is optimized with the Yoast SEO Premium plugin v22.7 (Yoast SEO v22.7) - https:\/\/yoast.com\/wordpress\/plugins\/seo\/ -->\n<title>Deutsches Wirtschaftsmagazin: &quot;US-Modell&quot; des Kapitalismus treibt Massen in den Wahnsinn - just-now.NEWS Deutschland<\/title>\n<meta name=\"robots\" content=\"index, follow, max-snippet:-1, max-image-preview:large, max-video-preview:-1\" \/>\n<link rel=\"canonical\" href=\"https:\/\/now-news.de\/de\/deutschland\/deutsches-wirtschaftsmagazin-us-modell-des-kapitalismus-treibt-massen-in-den-wahnsinn\/\" \/>\n<meta property=\"og:locale\" content=\"de_DE\" \/>\n<meta property=\"og:type\" content=\"article\" \/>\n<meta property=\"og:title\" content=\"Deutsches Wirtschaftsmagazin: &quot;US-Modell&quot; des Kapitalismus treibt Massen in den Wahnsinn\" \/>\n<meta property=\"og:description\" content=\"Der Markt \u00fcber allem: Der neoliberal gemanagte Kapitalismus gilt im &#8220;freien Westen&#8221; als Erfolgsmodell. In einer deutschen Wissenschaftspublikation kommt der US-amerikanische Exportschlager aber nicht gut weg: Er mache viele Menschen arm und psychisch krank. Von Susan Bonath H\u00f6her, schneller, weiter: Der pausenlose Konkurrenzkampf im viel gepriesenen freien Markt der westlichen Exportmarke des neoliberalen Kapitalismus &#8220;made [&hellip;]\" \/>\n<meta property=\"og:url\" content=\"https:\/\/now-news.de\/de\/deutschland\/deutsches-wirtschaftsmagazin-us-modell-des-kapitalismus-treibt-massen-in-den-wahnsinn\/\" \/>\n<meta property=\"og:site_name\" content=\"just-now.NEWS Deutschland\" \/>\n<meta property=\"article:publisher\" content=\"https:\/\/www.facebook.com\/wirmachenauf\" \/>\n<meta property=\"article:published_time\" content=\"2024-07-14T12:03:14+00:00\" \/>\n<meta property=\"og:image\" content=\"https:\/\/now-news.de\/de\/wp-content\/uploads\/sites\/3\/2024\/07\/66928378b480cc1d7d450f3c.jpg\" \/>\n<meta name=\"author\" content=\"rtnews\" \/>\n<meta name=\"twitter:card\" content=\"summary_large_image\" \/>\n<meta name=\"twitter:creator\" content=\"@WirMachenAuf_de\" \/>\n<meta name=\"twitter:site\" content=\"@WirMachenAuf_de\" \/>\n<meta name=\"twitter:label1\" content=\"Verfasst von\" \/>\n\t<meta name=\"twitter:data1\" content=\"rtnews\" \/>\n\t<meta name=\"twitter:label2\" content=\"Gesch\u00e4tzte Lesezeit\" \/>\n\t<meta name=\"twitter:data2\" content=\"6\u00a0Minuten\" \/>\n<script type=\"application\/ld+json\" class=\"yoast-schema-graph\">{\"@context\":\"https:\/\/schema.org\",\"@graph\":[{\"@type\":\"Article\",\"@id\":\"https:\/\/now-news.de\/de\/deutschland\/deutsches-wirtschaftsmagazin-us-modell-des-kapitalismus-treibt-massen-in-den-wahnsinn\/#article\",\"isPartOf\":{\"@id\":\"https:\/\/now-news.de\/de\/deutschland\/deutsches-wirtschaftsmagazin-us-modell-des-kapitalismus-treibt-massen-in-den-wahnsinn\/\"},\"author\":{\"name\":\"rtnews\",\"@id\":\"https:\/\/now-news.de\/de\/#\/schema\/person\/fb534a4e865501d8b3285208df34a9b5\"},\"headline\":\"Deutsches Wirtschaftsmagazin: &quot;US-Modell&quot; des Kapitalismus treibt Massen in den Wahnsinn\",\"datePublished\":\"2024-07-14T12:03:14+00:00\",\"dateModified\":\"2024-07-14T12:03:14+00:00\",\"mainEntityOfPage\":{\"@id\":\"https:\/\/now-news.de\/de\/deutschland\/deutsches-wirtschaftsmagazin-us-modell-des-kapitalismus-treibt-massen-in-den-wahnsinn\/\"},\"wordCount\":1157,\"commentCount\":0,\"publisher\":{\"@id\":\"https:\/\/now-news.de\/de\/#organization\"},\"image\":{\"@id\":\"https:\/\/now-news.de\/de\/deutschland\/deutsches-wirtschaftsmagazin-us-modell-des-kapitalismus-treibt-massen-in-den-wahnsinn\/#primaryimage\"},\"thumbnailUrl\":\"https:\/\/now-news.de\/de\/wp-content\/uploads\/sites\/3\/2024\/07\/Deutsches-Wirtschaftsmagazin-quotUS-Modellquot-des-Kapitalismus-treibt-Massen-in-den-Wahnsinn.jpg\",\"keywords\":[\"den\",\"des\",\"deutsches\",\"Kapitalismus\",\"Massen\",\"quotUSModellquot\",\"treibt\",\"Wahnsinn\",\"Wirtschaftsmagazin\"],\"articleSection\":[\"Deutschland\",\"Russland\"],\"inLanguage\":\"de\",\"potentialAction\":[{\"@type\":\"CommentAction\",\"name\":\"Comment\",\"target\":[\"https:\/\/now-news.de\/de\/deutschland\/deutsches-wirtschaftsmagazin-us-modell-des-kapitalismus-treibt-massen-in-den-wahnsinn\/#respond\"]}]},{\"@type\":\"WebPage\",\"@id\":\"https:\/\/now-news.de\/de\/deutschland\/deutsches-wirtschaftsmagazin-us-modell-des-kapitalismus-treibt-massen-in-den-wahnsinn\/\",\"url\":\"https:\/\/now-news.de\/de\/deutschland\/deutsches-wirtschaftsmagazin-us-modell-des-kapitalismus-treibt-massen-in-den-wahnsinn\/\",\"name\":\"Deutsches Wirtschaftsmagazin: &quot;US-Modell&quot; des Kapitalismus treibt Massen in den Wahnsinn - just-now.NEWS Deutschland\",\"isPartOf\":{\"@id\":\"https:\/\/now-news.de\/de\/#website\"},\"primaryImageOfPage\":{\"@id\":\"https:\/\/now-news.de\/de\/deutschland\/deutsches-wirtschaftsmagazin-us-modell-des-kapitalismus-treibt-massen-in-den-wahnsinn\/#primaryimage\"},\"image\":{\"@id\":\"https:\/\/now-news.de\/de\/deutschland\/deutsches-wirtschaftsmagazin-us-modell-des-kapitalismus-treibt-massen-in-den-wahnsinn\/#primaryimage\"},\"thumbnailUrl\":\"https:\/\/now-news.de\/de\/wp-content\/uploads\/sites\/3\/2024\/07\/Deutsches-Wirtschaftsmagazin-quotUS-Modellquot-des-Kapitalismus-treibt-Massen-in-den-Wahnsinn.jpg\",\"datePublished\":\"2024-07-14T12:03:14+00:00\",\"dateModified\":\"2024-07-14T12:03:14+00:00\",\"breadcrumb\":{\"@id\":\"https:\/\/now-news.de\/de\/deutschland\/deutsches-wirtschaftsmagazin-us-modell-des-kapitalismus-treibt-massen-in-den-wahnsinn\/#breadcrumb\"},\"inLanguage\":\"de\",\"potentialAction\":[{\"@type\":\"ReadAction\",\"target\":[\"https:\/\/now-news.de\/de\/deutschland\/deutsches-wirtschaftsmagazin-us-modell-des-kapitalismus-treibt-massen-in-den-wahnsinn\/\"]}]},{\"@type\":\"ImageObject\",\"inLanguage\":\"de\",\"@id\":\"https:\/\/now-news.de\/de\/deutschland\/deutsches-wirtschaftsmagazin-us-modell-des-kapitalismus-treibt-massen-in-den-wahnsinn\/#primaryimage\",\"url\":\"https:\/\/now-news.de\/de\/wp-content\/uploads\/sites\/3\/2024\/07\/Deutsches-Wirtschaftsmagazin-quotUS-Modellquot-des-Kapitalismus-treibt-Massen-in-den-Wahnsinn.jpg\",\"contentUrl\":\"https:\/\/now-news.de\/de\/wp-content\/uploads\/sites\/3\/2024\/07\/Deutsches-Wirtschaftsmagazin-quotUS-Modellquot-des-Kapitalismus-treibt-Massen-in-den-Wahnsinn.jpg\",\"width\":460,\"height\":259,\"caption\":\"Deutsches Wirtschaftsmagazin: &quot;US-Modell&quot; des Kapitalismus treibt Massen in den Wahnsinn\"},{\"@type\":\"BreadcrumbList\",\"@id\":\"https:\/\/now-news.de\/de\/deutschland\/deutsches-wirtschaftsmagazin-us-modell-des-kapitalismus-treibt-massen-in-den-wahnsinn\/#breadcrumb\",\"itemListElement\":[{\"@type\":\"ListItem\",\"position\":1,\"name\":\"Home\",\"item\":\"https:\/\/now-news.de\/de\/\"},{\"@type\":\"ListItem\",\"position\":2,\"name\":\"Deutsches Wirtschaftsmagazin: &quot;US-Modell&quot; des Kapitalismus treibt Massen in den Wahnsinn\"}]},{\"@type\":\"WebSite\",\"@id\":\"https:\/\/now-news.de\/de\/#website\",\"url\":\"https:\/\/now-news.de\/de\/\",\"name\":\"just-now.NEWS Deutschland\",\"description\":\"Das Portal f\u00fcr unzensierte Nachrichten aus der Welt\",\"publisher\":{\"@id\":\"https:\/\/now-news.de\/de\/#organization\"},\"potentialAction\":[{\"@type\":\"SearchAction\",\"target\":{\"@type\":\"EntryPoint\",\"urlTemplate\":\"https:\/\/now-news.de\/de\/?s={search_term_string}\"},\"query-input\":\"required name=search_term_string\"}],\"inLanguage\":\"de\"},{\"@type\":\"Organization\",\"@id\":\"https:\/\/now-news.de\/de\/#organization\",\"name\":\"Just Now News\",\"url\":\"https:\/\/now-news.de\/de\/\",\"logo\":{\"@type\":\"ImageObject\",\"inLanguage\":\"de\",\"@id\":\"https:\/\/now-news.de\/de\/#\/schema\/logo\/image\/\",\"url\":\"http:\/\/just-now.news\/de\/wp-content\/uploads\/sites\/3\/2022\/04\/logo500x500.jpg\",\"contentUrl\":\"http:\/\/just-now.news\/de\/wp-content\/uploads\/sites\/3\/2022\/04\/logo500x500.jpg\",\"width\":500,\"height\":500,\"caption\":\"Just Now News\"},\"image\":{\"@id\":\"https:\/\/now-news.de\/de\/#\/schema\/logo\/image\/\"},\"sameAs\":[\"https:\/\/www.facebook.com\/wirmachenauf\",\"https:\/\/x.com\/WirMachenAuf_de\"]},{\"@type\":\"Person\",\"@id\":\"https:\/\/now-news.de\/de\/#\/schema\/person\/fb534a4e865501d8b3285208df34a9b5\",\"name\":\"rtnews\",\"image\":{\"@type\":\"ImageObject\",\"inLanguage\":\"de\",\"@id\":\"https:\/\/now-news.de\/de\/#\/schema\/person\/image\/\",\"url\":\"https:\/\/secure.gravatar.com\/avatar\/82aafea7d8127119dd649515f56e2117?s=96&d=mm&r=g\",\"contentUrl\":\"https:\/\/secure.gravatar.com\/avatar\/82aafea7d8127119dd649515f56e2117?s=96&d=mm&r=g\",\"caption\":\"rtnews\"},\"url\":\"https:\/\/now-news.de\/de\/author\/rnews\/\"}]}<\/script>\n<!-- \/ Yoast SEO Premium plugin. -->","yoast_head_json":{"title":"Deutsches Wirtschaftsmagazin: &quot;US-Modell&quot; des Kapitalismus treibt Massen in den Wahnsinn - just-now.NEWS Deutschland","robots":{"index":"index","follow":"follow","max-snippet":"max-snippet:-1","max-image-preview":"max-image-preview:large","max-video-preview":"max-video-preview:-1"},"canonical":"https:\/\/now-news.de\/de\/deutschland\/deutsches-wirtschaftsmagazin-us-modell-des-kapitalismus-treibt-massen-in-den-wahnsinn\/","og_locale":"de_DE","og_type":"article","og_title":"Deutsches Wirtschaftsmagazin: &quot;US-Modell&quot; des Kapitalismus treibt Massen in den Wahnsinn","og_description":"Der Markt \u00fcber allem: Der neoliberal gemanagte Kapitalismus gilt im &#8220;freien Westen&#8221; als Erfolgsmodell. In einer deutschen Wissenschaftspublikation kommt der US-amerikanische Exportschlager aber nicht gut weg: Er mache viele Menschen arm und psychisch krank. Von Susan Bonath H\u00f6her, schneller, weiter: Der pausenlose Konkurrenzkampf im viel gepriesenen freien Markt der westlichen Exportmarke des neoliberalen Kapitalismus &#8220;made [&hellip;]","og_url":"https:\/\/now-news.de\/de\/deutschland\/deutsches-wirtschaftsmagazin-us-modell-des-kapitalismus-treibt-massen-in-den-wahnsinn\/","og_site_name":"just-now.NEWS Deutschland","article_publisher":"https:\/\/www.facebook.com\/wirmachenauf","article_published_time":"2024-07-14T12:03:14+00:00","og_image":[{"url":"https:\/\/now-news.de\/de\/wp-content\/uploads\/sites\/3\/2024\/07\/66928378b480cc1d7d450f3c.jpg"}],"author":"rtnews","twitter_card":"summary_large_image","twitter_creator":"@WirMachenAuf_de","twitter_site":"@WirMachenAuf_de","twitter_misc":{"Verfasst von":"rtnews","Gesch\u00e4tzte Lesezeit":"6\u00a0Minuten"},"schema":{"@context":"https:\/\/schema.org","@graph":[{"@type":"Article","@id":"https:\/\/now-news.de\/de\/deutschland\/deutsches-wirtschaftsmagazin-us-modell-des-kapitalismus-treibt-massen-in-den-wahnsinn\/#article","isPartOf":{"@id":"https:\/\/now-news.de\/de\/deutschland\/deutsches-wirtschaftsmagazin-us-modell-des-kapitalismus-treibt-massen-in-den-wahnsinn\/"},"author":{"name":"rtnews","@id":"https:\/\/now-news.de\/de\/#\/schema\/person\/fb534a4e865501d8b3285208df34a9b5"},"headline":"Deutsches Wirtschaftsmagazin: &quot;US-Modell&quot; des Kapitalismus treibt Massen in den Wahnsinn","datePublished":"2024-07-14T12:03:14+00:00","dateModified":"2024-07-14T12:03:14+00:00","mainEntityOfPage":{"@id":"https:\/\/now-news.de\/de\/deutschland\/deutsches-wirtschaftsmagazin-us-modell-des-kapitalismus-treibt-massen-in-den-wahnsinn\/"},"wordCount":1157,"commentCount":0,"publisher":{"@id":"https:\/\/now-news.de\/de\/#organization"},"image":{"@id":"https:\/\/now-news.de\/de\/deutschland\/deutsches-wirtschaftsmagazin-us-modell-des-kapitalismus-treibt-massen-in-den-wahnsinn\/#primaryimage"},"thumbnailUrl":"https:\/\/now-news.de\/de\/wp-content\/uploads\/sites\/3\/2024\/07\/Deutsches-Wirtschaftsmagazin-quotUS-Modellquot-des-Kapitalismus-treibt-Massen-in-den-Wahnsinn.jpg","keywords":["den","des","deutsches","Kapitalismus","Massen","quotUSModellquot","treibt","Wahnsinn","Wirtschaftsmagazin"],"articleSection":["Deutschland","Russland"],"inLanguage":"de","potentialAction":[{"@type":"CommentAction","name":"Comment","target":["https:\/\/now-news.de\/de\/deutschland\/deutsches-wirtschaftsmagazin-us-modell-des-kapitalismus-treibt-massen-in-den-wahnsinn\/#respond"]}]},{"@type":"WebPage","@id":"https:\/\/now-news.de\/de\/deutschland\/deutsches-wirtschaftsmagazin-us-modell-des-kapitalismus-treibt-massen-in-den-wahnsinn\/","url":"https:\/\/now-news.de\/de\/deutschland\/deutsches-wirtschaftsmagazin-us-modell-des-kapitalismus-treibt-massen-in-den-wahnsinn\/","name":"Deutsches Wirtschaftsmagazin: &quot;US-Modell&quot; des Kapitalismus treibt Massen in den Wahnsinn - just-now.NEWS Deutschland","isPartOf":{"@id":"https:\/\/now-news.de\/de\/#website"},"primaryImageOfPage":{"@id":"https:\/\/now-news.de\/de\/deutschland\/deutsches-wirtschaftsmagazin-us-modell-des-kapitalismus-treibt-massen-in-den-wahnsinn\/#primaryimage"},"image":{"@id":"https:\/\/now-news.de\/de\/deutschland\/deutsches-wirtschaftsmagazin-us-modell-des-kapitalismus-treibt-massen-in-den-wahnsinn\/#primaryimage"},"thumbnailUrl":"https:\/\/now-news.de\/de\/wp-content\/uploads\/sites\/3\/2024\/07\/Deutsches-Wirtschaftsmagazin-quotUS-Modellquot-des-Kapitalismus-treibt-Massen-in-den-Wahnsinn.jpg","datePublished":"2024-07-14T12:03:14+00:00","dateModified":"2024-07-14T12:03:14+00:00","breadcrumb":{"@id":"https:\/\/now-news.de\/de\/deutschland\/deutsches-wirtschaftsmagazin-us-modell-des-kapitalismus-treibt-massen-in-den-wahnsinn\/#breadcrumb"},"inLanguage":"de","potentialAction":[{"@type":"ReadAction","target":["https:\/\/now-news.de\/de\/deutschland\/deutsches-wirtschaftsmagazin-us-modell-des-kapitalismus-treibt-massen-in-den-wahnsinn\/"]}]},{"@type":"ImageObject","inLanguage":"de","@id":"https:\/\/now-news.de\/de\/deutschland\/deutsches-wirtschaftsmagazin-us-modell-des-kapitalismus-treibt-massen-in-den-wahnsinn\/#primaryimage","url":"https:\/\/now-news.de\/de\/wp-content\/uploads\/sites\/3\/2024\/07\/Deutsches-Wirtschaftsmagazin-quotUS-Modellquot-des-Kapitalismus-treibt-Massen-in-den-Wahnsinn.jpg","contentUrl":"https:\/\/now-news.de\/de\/wp-content\/uploads\/sites\/3\/2024\/07\/Deutsches-Wirtschaftsmagazin-quotUS-Modellquot-des-Kapitalismus-treibt-Massen-in-den-Wahnsinn.jpg","width":460,"height":259,"caption":"Deutsches Wirtschaftsmagazin: &quot;US-Modell&quot; des Kapitalismus treibt Massen in den Wahnsinn"},{"@type":"BreadcrumbList","@id":"https:\/\/now-news.de\/de\/deutschland\/deutsches-wirtschaftsmagazin-us-modell-des-kapitalismus-treibt-massen-in-den-wahnsinn\/#breadcrumb","itemListElement":[{"@type":"ListItem","position":1,"name":"Home","item":"https:\/\/now-news.de\/de\/"},{"@type":"ListItem","position":2,"name":"Deutsches Wirtschaftsmagazin: &quot;US-Modell&quot; des Kapitalismus treibt Massen in den Wahnsinn"}]},{"@type":"WebSite","@id":"https:\/\/now-news.de\/de\/#website","url":"https:\/\/now-news.de\/de\/","name":"just-now.NEWS Deutschland","description":"Das Portal f\u00fcr unzensierte Nachrichten aus der Welt","publisher":{"@id":"https:\/\/now-news.de\/de\/#organization"},"potentialAction":[{"@type":"SearchAction","target":{"@type":"EntryPoint","urlTemplate":"https:\/\/now-news.de\/de\/?s={search_term_string}"},"query-input":"required name=search_term_string"}],"inLanguage":"de"},{"@type":"Organization","@id":"https:\/\/now-news.de\/de\/#organization","name":"Just Now News","url":"https:\/\/now-news.de\/de\/","logo":{"@type":"ImageObject","inLanguage":"de","@id":"https:\/\/now-news.de\/de\/#\/schema\/logo\/image\/","url":"http:\/\/just-now.news\/de\/wp-content\/uploads\/sites\/3\/2022\/04\/logo500x500.jpg","contentUrl":"http:\/\/just-now.news\/de\/wp-content\/uploads\/sites\/3\/2022\/04\/logo500x500.jpg","width":500,"height":500,"caption":"Just Now News"},"image":{"@id":"https:\/\/now-news.de\/de\/#\/schema\/logo\/image\/"},"sameAs":["https:\/\/www.facebook.com\/wirmachenauf","https:\/\/x.com\/WirMachenAuf_de"]},{"@type":"Person","@id":"https:\/\/now-news.de\/de\/#\/schema\/person\/fb534a4e865501d8b3285208df34a9b5","name":"rtnews","image":{"@type":"ImageObject","inLanguage":"de","@id":"https:\/\/now-news.de\/de\/#\/schema\/person\/image\/","url":"https:\/\/secure.gravatar.com\/avatar\/82aafea7d8127119dd649515f56e2117?s=96&d=mm&r=g","contentUrl":"https:\/\/secure.gravatar.com\/avatar\/82aafea7d8127119dd649515f56e2117?s=96&d=mm&r=g","caption":"rtnews"},"url":"https:\/\/now-news.de\/de\/author\/rnews\/"}]}},"_links":{"self":[{"href":"https:\/\/now-news.de\/de\/wp-json\/wp\/v2\/posts\/64722"}],"collection":[{"href":"https:\/\/now-news.de\/de\/wp-json\/wp\/v2\/posts"}],"about":[{"href":"https:\/\/now-news.de\/de\/wp-json\/wp\/v2\/types\/post"}],"author":[{"embeddable":true,"href":"https:\/\/now-news.de\/de\/wp-json\/wp\/v2\/users\/3"}],"replies":[{"embeddable":true,"href":"https:\/\/now-news.de\/de\/wp-json\/wp\/v2\/comments?post=64722"}],"version-history":[{"count":0,"href":"https:\/\/now-news.de\/de\/wp-json\/wp\/v2\/posts\/64722\/revisions"}],"wp:featuredmedia":[{"embeddable":true,"href":"https:\/\/now-news.de\/de\/wp-json\/wp\/v2\/media\/64723"}],"wp:attachment":[{"href":"https:\/\/now-news.de\/de\/wp-json\/wp\/v2\/media?parent=64722"}],"wp:term":[{"taxonomy":"category","embeddable":true,"href":"https:\/\/now-news.de\/de\/wp-json\/wp\/v2\/categories?post=64722"},{"taxonomy":"post_tag","embeddable":true,"href":"https:\/\/now-news.de\/de\/wp-json\/wp\/v2\/tags?post=64722"}],"curies":[{"name":"wp","href":"https:\/\/api.w.org\/{rel}","templated":true}]}}