{"id":64718,"date":"2024-07-14T13:06:30","date_gmt":"2024-07-14T11:06:30","guid":{"rendered":"https:\/\/now-news.de\/de\/deutschland\/biden-loescht-tweet-mit-trump-ins-fadenkreuz-nehmen\/"},"modified":"2024-07-14T13:06:30","modified_gmt":"2024-07-14T11:06:30","slug":"biden-loescht-tweet-mit-trump-ins-fadenkreuz-nehmen","status":"publish","type":"post","link":"https:\/\/now-news.de\/de\/deutschland\/biden-loescht-tweet-mit-trump-ins-fadenkreuz-nehmen\/","title":{"rendered":"Biden l\u00f6scht Tweet mit &quot;Trump ins Fadenkreuz nehmen&quot;"},"content":{"rendered":"<p><img decoding=\"async\" src=\"https:\/\/now-news.de\/de\/wp-content\/uploads\/sites\/3\/2024\/07\/66939afeb480cc1fc6448f95.jpg\" \/><\/p>\n<div class=\"Text-root Text-type_1 \">\n                Es war sicher nicht US-Pr\u00e4sident Joe Biden pers\u00f6nlich, der vor Tagen diese Formulierung auf X ver\u00f6ffentlichte. Aber einen Tweet, der auch als Aufforderung zur Gewalt gelesen werden kann, nach ebensolcher Gewalt zu l\u00f6schen, ist ein Akt von zweifelhafter Wirkung.\n            <\/div>\n<p><\/p>\n<div class=\"Text-root Text-type_5 ArticleView-text ViewText-root \">\n<p>Vor f\u00fcnf Tagen ver\u00f6ffentlichte US-Pr\u00e4sident Joe Biden einen Tweet mit folgendem Inhalt:<\/p>\n<p><em>&#8220;Ich habe einen Job, und der ist, Donald Trump zu schlagen. Ich bin absolut sicher, dass ich daf\u00fcr der Beste bin. Also genug geredet \u00fcber die Debatte, es ist Zeit, Trump ins Fadenkreuz zu nehmen.&#8221;<\/em><\/p>\n<p>Nach dem Anschlag auf Donald Trump wurde dieser Tweet gel\u00f6scht. Es stellte sich aber heraus, dass die Nutzer ihn nicht vergessen hatten:<\/p>\n<div class=\"EmbedBlock-root EmbedBlock-twitter\">\n<div class=\"TwitterEmbed\">\n<blockquote class=\"twitter-tweet lazyload\" data-twitter=\"twitter-tweet\">\n<p lang=\"en\" dir=\"ltr\">We know how you truly feel. <a rel=\"nofollow noopener\" target=\"_blank\" href=\"https:\/\/t.co\/uzWriYvhmT\">pic.twitter.com\/uzWriYvhmT<\/a><\/p>\n<p>\u2014 Spitfire (@DogRightGirl) <a rel=\"nofollow noopener\" target=\"_blank\" href=\"https:\/\/twitter.com\/DogRightGirl\/status\/1812276388801716714?ref_src=twsrc%5Etfw\">July 14, 2024<\/a><\/p><\/blockquote>\n<\/div>\n<\/div>\n<p>Andere Kommentare erkl\u00e4rten: &#8220;Ihre gewaltsame Rhetorik hat das verursacht, Joe Biden&#8221;, oder:<\/p>\n<div class=\"EmbedBlock-root EmbedBlock-twitter\">\n<div class=\"TwitterEmbed\">\n<blockquote class=\"twitter-tweet lazyload\" data-twitter=\"twitter-tweet\">\n<p lang=\"en\" dir=\"ltr\">You incited this by saying that Trump and his supporters would end democracy.You have blood on your hands.Resign in disgrace.<\/p>\n<p>\u2014 End Wokeness (@EndWokeness) <a rel=\"nofollow noopener\" target=\"_blank\" href=\"https:\/\/twitter.com\/EndWokeness\/status\/1812276380115316879?ref_src=twsrc%5Etfw\">July 14, 2024<\/a><\/p><\/blockquote>\n<\/div>\n<\/div>\n<p><em>&#8220;Sie haben das heraufbeschworen, indem Sie sagten, Trump und seine Unterst\u00fctzer br\u00e4chten das Ende der Demokratie. Sie haben Blut an den H\u00e4nden. Treten Sie in Unehren zur\u00fcck.&#8221;<\/em><\/p>\n<p>Auch der Auftritt im vergangenen Jahr, in dem Joe Biden Trump zur gr\u00f6\u00dften Bedrohung der Demokratie erkl\u00e4rte, ist nicht in Vergessenheit geraten:<\/p>\n<div class=\"EmbedBlock-root EmbedBlock-twitter\">\n<div class=\"TwitterEmbed\">\n<blockquote class=\"twitter-tweet lazyload\" data-twitter=\"twitter-tweet\">\n<p lang=\"en\" dir=\"ltr\">You called Trump and his supporters domestic threats and endlessly fear-mongered the end of Democracy.Resign. <a rel=\"nofollow noopener\" target=\"_blank\" href=\"https:\/\/t.co\/WrH2uyG3de\">pic.twitter.com\/WrH2uyG3de<\/a><\/p>\n<p>\u2014 Western Lensman (@WesternLensman) <a rel=\"nofollow noopener\" target=\"_blank\" href=\"https:\/\/twitter.com\/WesternLensman\/status\/1812280013351219315?ref_src=twsrc%5Etfw\">July 14, 2024<\/a><\/p><\/blockquote>\n<\/div>\n<\/div>\n<p>Sicher wissen auch die Mitarbeiter des Wei\u00dfen Hauses, die die Mitteilungen auf X betreuen, die unter dem Namen Joe Biden erscheinen, dass das L\u00f6schen eines Tweets weitgehend nutzlos ist, weil irgendjemand im Internet ihn geteilt oder gespeichert hat. In der derzeitigen Lage w\u00e4re eine Entschuldigung f\u00fcr diesen Tweet weitaus sinnvoller gewesen als eine L\u00f6schung, zumindest, um die Stimmung zu beruhigen.<\/p>\n<p><strong>Mehr zum Thema<\/strong> &#8211; <a rel=\"nofollow noopener\" target=\"_blank\" href=\"https:\/\/freedert.online\/nordamerika\/212301-biden-zu-trump-attentat-ich\/\">Biden zu Trump-Attentat: &#8220;Ich bete f\u00fcr ihn und seine Familie&#8221; <\/a><\/p>\n<div class=\"EmbedBlock-root EmbedBlock-externalVideo EmbedBlock-vk\">\n<div class=\"VkEmbed\"><iframe class=\"lazyload\" data-src=\"https:\/\/vk.com\/video_ext.php?oid=-134310637&amp;id=456278359\" frameborder=\"0\" width=\"853\" height=\"480\" allowfullscreen><\/iframe><\/div>\n<\/div>\n<\/div>\n<p><script async src=\"https:\/\/platform.twitter.com\/widgets.js\" charset=\"utf-8\"><\/script><br \/>\n<br \/><br \/>\n<br \/><a href=\"https:\/\/de.rt.com\/nordamerika\/212312-biden-loescht-tweet-mit-trump\/\">Source link <\/a><\/p>\n","protected":false},"excerpt":{"rendered":"<p>Es war sicher nicht US-Pr\u00e4sident Joe Biden pers\u00f6nlich, der vor Tagen diese Formulierung auf X ver\u00f6ffentlichte. Aber einen Tweet, der auch als Aufforderung zur Gewalt gelesen werden kann, nach ebensolcher Gewalt zu l\u00f6schen, ist ein Akt von zweifelhafter Wirkung. Vor f\u00fcnf Tagen ver\u00f6ffentlichte US-Pr\u00e4sident Joe Biden einen Tweet mit folgendem Inhalt: &#8220;Ich habe einen Job, [&hellip;]<\/p>\n","protected":false},"author":3,"featured_media":64719,"comment_status":"open","ping_status":"open","sticky":false,"template":"","format":"standard","meta":{"_yoast_indexnow_last_ping":["1720955614"],"wp_automatic_camp":["217"],"64e7e4f90cade281afd071f29d5b856e":["Biden l\u00f6scht Tweet mit &quot;Trump ins Fadenkreuz nehmen&quot;"],"original_link":["https:\/\/de.rt.com\/nordamerika\/212312-biden-loescht-tweet-mit-trump\/"],"_thumbnail_id":["64719"],"jnews_social_counter_last_update":["1777275123"],"_wptgpro_p2tg_sent2tg":["a:1:{i:23737;s:19:\"2024-07-14 13:14:39\";}"]},"categories":[19,23],"tags":[1348,5340,1678,26611,419,20137,56599,12040],"yoast_head":"<!-- This site is optimized with the Yoast SEO Premium plugin v22.7 (Yoast SEO v22.7) - https:\/\/yoast.com\/wordpress\/plugins\/seo\/ -->\n<title>Biden l\u00f6scht Tweet mit &quot;Trump ins Fadenkreuz nehmen&quot; - just-now.NEWS Deutschland<\/title>\n<meta name=\"robots\" content=\"index, follow, max-snippet:-1, max-image-preview:large, max-video-preview:-1\" \/>\n<link rel=\"canonical\" href=\"https:\/\/now-news.de\/de\/deutschland\/biden-loescht-tweet-mit-trump-ins-fadenkreuz-nehmen\/\" \/>\n<meta property=\"og:locale\" content=\"de_DE\" \/>\n<meta property=\"og:type\" content=\"article\" \/>\n<meta property=\"og:title\" content=\"Biden l\u00f6scht Tweet mit &quot;Trump ins Fadenkreuz nehmen&quot;\" \/>\n<meta property=\"og:description\" content=\"Es war sicher nicht US-Pr\u00e4sident Joe Biden pers\u00f6nlich, der vor Tagen diese Formulierung auf X ver\u00f6ffentlichte. Aber einen Tweet, der auch als Aufforderung zur Gewalt gelesen werden kann, nach ebensolcher Gewalt zu l\u00f6schen, ist ein Akt von zweifelhafter Wirkung. Vor f\u00fcnf Tagen ver\u00f6ffentlichte US-Pr\u00e4sident Joe Biden einen Tweet mit folgendem Inhalt: &#8220;Ich habe einen Job, [&hellip;]\" \/>\n<meta property=\"og:url\" content=\"https:\/\/now-news.de\/de\/deutschland\/biden-loescht-tweet-mit-trump-ins-fadenkreuz-nehmen\/\" \/>\n<meta property=\"og:site_name\" content=\"just-now.NEWS Deutschland\" \/>\n<meta property=\"article:publisher\" content=\"https:\/\/www.facebook.com\/wirmachenauf\" \/>\n<meta property=\"article:published_time\" content=\"2024-07-14T11:06:30+00:00\" \/>\n<meta property=\"og:image\" content=\"https:\/\/now-news.de\/de\/wp-content\/uploads\/sites\/3\/2024\/07\/66939afeb480cc1fc6448f95.jpg\" \/>\n<meta name=\"author\" content=\"rtnews\" \/>\n<meta name=\"twitter:card\" content=\"summary_large_image\" \/>\n<meta name=\"twitter:creator\" content=\"@WirMachenAuf_de\" \/>\n<meta name=\"twitter:site\" content=\"@WirMachenAuf_de\" \/>\n<meta name=\"twitter:label1\" content=\"Verfasst von\" \/>\n\t<meta name=\"twitter:data1\" content=\"rtnews\" \/>\n\t<meta name=\"twitter:label2\" content=\"Gesch\u00e4tzte Lesezeit\" \/>\n\t<meta name=\"twitter:data2\" content=\"2\u00a0Minuten\" \/>\n<script type=\"application\/ld+json\" class=\"yoast-schema-graph\">{\"@context\":\"https:\/\/schema.org\",\"@graph\":[{\"@type\":\"Article\",\"@id\":\"https:\/\/now-news.de\/de\/deutschland\/biden-loescht-tweet-mit-trump-ins-fadenkreuz-nehmen\/#article\",\"isPartOf\":{\"@id\":\"https:\/\/now-news.de\/de\/deutschland\/biden-loescht-tweet-mit-trump-ins-fadenkreuz-nehmen\/\"},\"author\":{\"name\":\"rtnews\",\"@id\":\"https:\/\/now-news.de\/de\/#\/schema\/person\/fb534a4e865501d8b3285208df34a9b5\"},\"headline\":\"Biden l\u00f6scht Tweet mit &quot;Trump ins Fadenkreuz nehmen&quot;\",\"datePublished\":\"2024-07-14T11:06:30+00:00\",\"dateModified\":\"2024-07-14T11:06:30+00:00\",\"mainEntityOfPage\":{\"@id\":\"https:\/\/now-news.de\/de\/deutschland\/biden-loescht-tweet-mit-trump-ins-fadenkreuz-nehmen\/\"},\"wordCount\":344,\"commentCount\":0,\"publisher\":{\"@id\":\"https:\/\/now-news.de\/de\/#organization\"},\"image\":{\"@id\":\"https:\/\/now-news.de\/de\/deutschland\/biden-loescht-tweet-mit-trump-ins-fadenkreuz-nehmen\/#primaryimage\"},\"thumbnailUrl\":\"https:\/\/now-news.de\/de\/wp-content\/uploads\/sites\/3\/2024\/07\/Biden-loescht-Tweet-mit-quotTrump-ins-Fadenkreuz-nehmenquot.jpg\",\"keywords\":[\"Biden\",\"Fadenkreuz\",\"ins\",\"l\u00f6scht\",\"mit\",\"nehmenquot\",\"quotTrump\",\"TWEET\"],\"articleSection\":[\"Deutschland\",\"Russland\"],\"inLanguage\":\"de\",\"potentialAction\":[{\"@type\":\"CommentAction\",\"name\":\"Comment\",\"target\":[\"https:\/\/now-news.de\/de\/deutschland\/biden-loescht-tweet-mit-trump-ins-fadenkreuz-nehmen\/#respond\"]}]},{\"@type\":\"WebPage\",\"@id\":\"https:\/\/now-news.de\/de\/deutschland\/biden-loescht-tweet-mit-trump-ins-fadenkreuz-nehmen\/\",\"url\":\"https:\/\/now-news.de\/de\/deutschland\/biden-loescht-tweet-mit-trump-ins-fadenkreuz-nehmen\/\",\"name\":\"Biden l\u00f6scht Tweet mit &quot;Trump ins Fadenkreuz nehmen&quot; - just-now.NEWS Deutschland\",\"isPartOf\":{\"@id\":\"https:\/\/now-news.de\/de\/#website\"},\"primaryImageOfPage\":{\"@id\":\"https:\/\/now-news.de\/de\/deutschland\/biden-loescht-tweet-mit-trump-ins-fadenkreuz-nehmen\/#primaryimage\"},\"image\":{\"@id\":\"https:\/\/now-news.de\/de\/deutschland\/biden-loescht-tweet-mit-trump-ins-fadenkreuz-nehmen\/#primaryimage\"},\"thumbnailUrl\":\"https:\/\/now-news.de\/de\/wp-content\/uploads\/sites\/3\/2024\/07\/Biden-loescht-Tweet-mit-quotTrump-ins-Fadenkreuz-nehmenquot.jpg\",\"datePublished\":\"2024-07-14T11:06:30+00:00\",\"dateModified\":\"2024-07-14T11:06:30+00:00\",\"breadcrumb\":{\"@id\":\"https:\/\/now-news.de\/de\/deutschland\/biden-loescht-tweet-mit-trump-ins-fadenkreuz-nehmen\/#breadcrumb\"},\"inLanguage\":\"de\",\"potentialAction\":[{\"@type\":\"ReadAction\",\"target\":[\"https:\/\/now-news.de\/de\/deutschland\/biden-loescht-tweet-mit-trump-ins-fadenkreuz-nehmen\/\"]}]},{\"@type\":\"ImageObject\",\"inLanguage\":\"de\",\"@id\":\"https:\/\/now-news.de\/de\/deutschland\/biden-loescht-tweet-mit-trump-ins-fadenkreuz-nehmen\/#primaryimage\",\"url\":\"https:\/\/now-news.de\/de\/wp-content\/uploads\/sites\/3\/2024\/07\/Biden-loescht-Tweet-mit-quotTrump-ins-Fadenkreuz-nehmenquot.jpg\",\"contentUrl\":\"https:\/\/now-news.de\/de\/wp-content\/uploads\/sites\/3\/2024\/07\/Biden-loescht-Tweet-mit-quotTrump-ins-Fadenkreuz-nehmenquot.jpg\",\"width\":460,\"height\":259,\"caption\":\"Biden l\u00f6scht Tweet mit &quot;Trump ins Fadenkreuz nehmen&quot;\"},{\"@type\":\"BreadcrumbList\",\"@id\":\"https:\/\/now-news.de\/de\/deutschland\/biden-loescht-tweet-mit-trump-ins-fadenkreuz-nehmen\/#breadcrumb\",\"itemListElement\":[{\"@type\":\"ListItem\",\"position\":1,\"name\":\"Home\",\"item\":\"https:\/\/now-news.de\/de\/\"},{\"@type\":\"ListItem\",\"position\":2,\"name\":\"Biden l\u00f6scht Tweet mit &quot;Trump ins Fadenkreuz nehmen&quot;\"}]},{\"@type\":\"WebSite\",\"@id\":\"https:\/\/now-news.de\/de\/#website\",\"url\":\"https:\/\/now-news.de\/de\/\",\"name\":\"just-now.NEWS Deutschland\",\"description\":\"Das Portal f\u00fcr unzensierte Nachrichten aus der Welt\",\"publisher\":{\"@id\":\"https:\/\/now-news.de\/de\/#organization\"},\"potentialAction\":[{\"@type\":\"SearchAction\",\"target\":{\"@type\":\"EntryPoint\",\"urlTemplate\":\"https:\/\/now-news.de\/de\/?s={search_term_string}\"},\"query-input\":\"required name=search_term_string\"}],\"inLanguage\":\"de\"},{\"@type\":\"Organization\",\"@id\":\"https:\/\/now-news.de\/de\/#organization\",\"name\":\"Just Now News\",\"url\":\"https:\/\/now-news.de\/de\/\",\"logo\":{\"@type\":\"ImageObject\",\"inLanguage\":\"de\",\"@id\":\"https:\/\/now-news.de\/de\/#\/schema\/logo\/image\/\",\"url\":\"http:\/\/just-now.news\/de\/wp-content\/uploads\/sites\/3\/2022\/04\/logo500x500.jpg\",\"contentUrl\":\"http:\/\/just-now.news\/de\/wp-content\/uploads\/sites\/3\/2022\/04\/logo500x500.jpg\",\"width\":500,\"height\":500,\"caption\":\"Just Now News\"},\"image\":{\"@id\":\"https:\/\/now-news.de\/de\/#\/schema\/logo\/image\/\"},\"sameAs\":[\"https:\/\/www.facebook.com\/wirmachenauf\",\"https:\/\/x.com\/WirMachenAuf_de\"]},{\"@type\":\"Person\",\"@id\":\"https:\/\/now-news.de\/de\/#\/schema\/person\/fb534a4e865501d8b3285208df34a9b5\",\"name\":\"rtnews\",\"image\":{\"@type\":\"ImageObject\",\"inLanguage\":\"de\",\"@id\":\"https:\/\/now-news.de\/de\/#\/schema\/person\/image\/\",\"url\":\"https:\/\/secure.gravatar.com\/avatar\/82aafea7d8127119dd649515f56e2117?s=96&d=mm&r=g\",\"contentUrl\":\"https:\/\/secure.gravatar.com\/avatar\/82aafea7d8127119dd649515f56e2117?s=96&d=mm&r=g\",\"caption\":\"rtnews\"},\"url\":\"https:\/\/now-news.de\/de\/author\/rnews\/\"}]}<\/script>\n<!-- \/ Yoast SEO Premium plugin. -->","yoast_head_json":{"title":"Biden l\u00f6scht Tweet mit &quot;Trump ins Fadenkreuz nehmen&quot; - just-now.NEWS Deutschland","robots":{"index":"index","follow":"follow","max-snippet":"max-snippet:-1","max-image-preview":"max-image-preview:large","max-video-preview":"max-video-preview:-1"},"canonical":"https:\/\/now-news.de\/de\/deutschland\/biden-loescht-tweet-mit-trump-ins-fadenkreuz-nehmen\/","og_locale":"de_DE","og_type":"article","og_title":"Biden l\u00f6scht Tweet mit &quot;Trump ins Fadenkreuz nehmen&quot;","og_description":"Es war sicher nicht US-Pr\u00e4sident Joe Biden pers\u00f6nlich, der vor Tagen diese Formulierung auf X ver\u00f6ffentlichte. Aber einen Tweet, der auch als Aufforderung zur Gewalt gelesen werden kann, nach ebensolcher Gewalt zu l\u00f6schen, ist ein Akt von zweifelhafter Wirkung. Vor f\u00fcnf Tagen ver\u00f6ffentlichte US-Pr\u00e4sident Joe Biden einen Tweet mit folgendem Inhalt: &#8220;Ich habe einen Job, [&hellip;]","og_url":"https:\/\/now-news.de\/de\/deutschland\/biden-loescht-tweet-mit-trump-ins-fadenkreuz-nehmen\/","og_site_name":"just-now.NEWS Deutschland","article_publisher":"https:\/\/www.facebook.com\/wirmachenauf","article_published_time":"2024-07-14T11:06:30+00:00","og_image":[{"url":"https:\/\/now-news.de\/de\/wp-content\/uploads\/sites\/3\/2024\/07\/66939afeb480cc1fc6448f95.jpg"}],"author":"rtnews","twitter_card":"summary_large_image","twitter_creator":"@WirMachenAuf_de","twitter_site":"@WirMachenAuf_de","twitter_misc":{"Verfasst von":"rtnews","Gesch\u00e4tzte Lesezeit":"2\u00a0Minuten"},"schema":{"@context":"https:\/\/schema.org","@graph":[{"@type":"Article","@id":"https:\/\/now-news.de\/de\/deutschland\/biden-loescht-tweet-mit-trump-ins-fadenkreuz-nehmen\/#article","isPartOf":{"@id":"https:\/\/now-news.de\/de\/deutschland\/biden-loescht-tweet-mit-trump-ins-fadenkreuz-nehmen\/"},"author":{"name":"rtnews","@id":"https:\/\/now-news.de\/de\/#\/schema\/person\/fb534a4e865501d8b3285208df34a9b5"},"headline":"Biden l\u00f6scht Tweet mit &quot;Trump ins Fadenkreuz nehmen&quot;","datePublished":"2024-07-14T11:06:30+00:00","dateModified":"2024-07-14T11:06:30+00:00","mainEntityOfPage":{"@id":"https:\/\/now-news.de\/de\/deutschland\/biden-loescht-tweet-mit-trump-ins-fadenkreuz-nehmen\/"},"wordCount":344,"commentCount":0,"publisher":{"@id":"https:\/\/now-news.de\/de\/#organization"},"image":{"@id":"https:\/\/now-news.de\/de\/deutschland\/biden-loescht-tweet-mit-trump-ins-fadenkreuz-nehmen\/#primaryimage"},"thumbnailUrl":"https:\/\/now-news.de\/de\/wp-content\/uploads\/sites\/3\/2024\/07\/Biden-loescht-Tweet-mit-quotTrump-ins-Fadenkreuz-nehmenquot.jpg","keywords":["Biden","Fadenkreuz","ins","l\u00f6scht","mit","nehmenquot","quotTrump","TWEET"],"articleSection":["Deutschland","Russland"],"inLanguage":"de","potentialAction":[{"@type":"CommentAction","name":"Comment","target":["https:\/\/now-news.de\/de\/deutschland\/biden-loescht-tweet-mit-trump-ins-fadenkreuz-nehmen\/#respond"]}]},{"@type":"WebPage","@id":"https:\/\/now-news.de\/de\/deutschland\/biden-loescht-tweet-mit-trump-ins-fadenkreuz-nehmen\/","url":"https:\/\/now-news.de\/de\/deutschland\/biden-loescht-tweet-mit-trump-ins-fadenkreuz-nehmen\/","name":"Biden l\u00f6scht Tweet mit &quot;Trump ins Fadenkreuz nehmen&quot; - just-now.NEWS Deutschland","isPartOf":{"@id":"https:\/\/now-news.de\/de\/#website"},"primaryImageOfPage":{"@id":"https:\/\/now-news.de\/de\/deutschland\/biden-loescht-tweet-mit-trump-ins-fadenkreuz-nehmen\/#primaryimage"},"image":{"@id":"https:\/\/now-news.de\/de\/deutschland\/biden-loescht-tweet-mit-trump-ins-fadenkreuz-nehmen\/#primaryimage"},"thumbnailUrl":"https:\/\/now-news.de\/de\/wp-content\/uploads\/sites\/3\/2024\/07\/Biden-loescht-Tweet-mit-quotTrump-ins-Fadenkreuz-nehmenquot.jpg","datePublished":"2024-07-14T11:06:30+00:00","dateModified":"2024-07-14T11:06:30+00:00","breadcrumb":{"@id":"https:\/\/now-news.de\/de\/deutschland\/biden-loescht-tweet-mit-trump-ins-fadenkreuz-nehmen\/#breadcrumb"},"inLanguage":"de","potentialAction":[{"@type":"ReadAction","target":["https:\/\/now-news.de\/de\/deutschland\/biden-loescht-tweet-mit-trump-ins-fadenkreuz-nehmen\/"]}]},{"@type":"ImageObject","inLanguage":"de","@id":"https:\/\/now-news.de\/de\/deutschland\/biden-loescht-tweet-mit-trump-ins-fadenkreuz-nehmen\/#primaryimage","url":"https:\/\/now-news.de\/de\/wp-content\/uploads\/sites\/3\/2024\/07\/Biden-loescht-Tweet-mit-quotTrump-ins-Fadenkreuz-nehmenquot.jpg","contentUrl":"https:\/\/now-news.de\/de\/wp-content\/uploads\/sites\/3\/2024\/07\/Biden-loescht-Tweet-mit-quotTrump-ins-Fadenkreuz-nehmenquot.jpg","width":460,"height":259,"caption":"Biden l\u00f6scht Tweet mit &quot;Trump ins Fadenkreuz nehmen&quot;"},{"@type":"BreadcrumbList","@id":"https:\/\/now-news.de\/de\/deutschland\/biden-loescht-tweet-mit-trump-ins-fadenkreuz-nehmen\/#breadcrumb","itemListElement":[{"@type":"ListItem","position":1,"name":"Home","item":"https:\/\/now-news.de\/de\/"},{"@type":"ListItem","position":2,"name":"Biden l\u00f6scht Tweet mit &quot;Trump ins Fadenkreuz nehmen&quot;"}]},{"@type":"WebSite","@id":"https:\/\/now-news.de\/de\/#website","url":"https:\/\/now-news.de\/de\/","name":"just-now.NEWS Deutschland","description":"Das Portal f\u00fcr unzensierte Nachrichten aus der Welt","publisher":{"@id":"https:\/\/now-news.de\/de\/#organization"},"potentialAction":[{"@type":"SearchAction","target":{"@type":"EntryPoint","urlTemplate":"https:\/\/now-news.de\/de\/?s={search_term_string}"},"query-input":"required name=search_term_string"}],"inLanguage":"de"},{"@type":"Organization","@id":"https:\/\/now-news.de\/de\/#organization","name":"Just Now News","url":"https:\/\/now-news.de\/de\/","logo":{"@type":"ImageObject","inLanguage":"de","@id":"https:\/\/now-news.de\/de\/#\/schema\/logo\/image\/","url":"http:\/\/just-now.news\/de\/wp-content\/uploads\/sites\/3\/2022\/04\/logo500x500.jpg","contentUrl":"http:\/\/just-now.news\/de\/wp-content\/uploads\/sites\/3\/2022\/04\/logo500x500.jpg","width":500,"height":500,"caption":"Just Now News"},"image":{"@id":"https:\/\/now-news.de\/de\/#\/schema\/logo\/image\/"},"sameAs":["https:\/\/www.facebook.com\/wirmachenauf","https:\/\/x.com\/WirMachenAuf_de"]},{"@type":"Person","@id":"https:\/\/now-news.de\/de\/#\/schema\/person\/fb534a4e865501d8b3285208df34a9b5","name":"rtnews","image":{"@type":"ImageObject","inLanguage":"de","@id":"https:\/\/now-news.de\/de\/#\/schema\/person\/image\/","url":"https:\/\/secure.gravatar.com\/avatar\/82aafea7d8127119dd649515f56e2117?s=96&d=mm&r=g","contentUrl":"https:\/\/secure.gravatar.com\/avatar\/82aafea7d8127119dd649515f56e2117?s=96&d=mm&r=g","caption":"rtnews"},"url":"https:\/\/now-news.de\/de\/author\/rnews\/"}]}},"_links":{"self":[{"href":"https:\/\/now-news.de\/de\/wp-json\/wp\/v2\/posts\/64718"}],"collection":[{"href":"https:\/\/now-news.de\/de\/wp-json\/wp\/v2\/posts"}],"about":[{"href":"https:\/\/now-news.de\/de\/wp-json\/wp\/v2\/types\/post"}],"author":[{"embeddable":true,"href":"https:\/\/now-news.de\/de\/wp-json\/wp\/v2\/users\/3"}],"replies":[{"embeddable":true,"href":"https:\/\/now-news.de\/de\/wp-json\/wp\/v2\/comments?post=64718"}],"version-history":[{"count":0,"href":"https:\/\/now-news.de\/de\/wp-json\/wp\/v2\/posts\/64718\/revisions"}],"wp:featuredmedia":[{"embeddable":true,"href":"https:\/\/now-news.de\/de\/wp-json\/wp\/v2\/media\/64719"}],"wp:attachment":[{"href":"https:\/\/now-news.de\/de\/wp-json\/wp\/v2\/media?parent=64718"}],"wp:term":[{"taxonomy":"category","embeddable":true,"href":"https:\/\/now-news.de\/de\/wp-json\/wp\/v2\/categories?post=64718"},{"taxonomy":"post_tag","embeddable":true,"href":"https:\/\/now-news.de\/de\/wp-json\/wp\/v2\/tags?post=64718"}],"curies":[{"name":"wp","href":"https:\/\/api.w.org\/{rel}","templated":true}]}}