{"id":64687,"date":"2024-07-13T20:27:40","date_gmt":"2024-07-13T18:27:40","guid":{"rendered":"https:\/\/now-news.de\/de\/deutschland\/die-biden-regierung-offenbart-wie-verrottet-die-hirne-westlicher-liberaler-sind\/"},"modified":"2024-07-13T20:27:40","modified_gmt":"2024-07-13T18:27:40","slug":"die-biden-regierung-offenbart-wie-verrottet-die-hirne-westlicher-liberaler-sind","status":"publish","type":"post","link":"https:\/\/now-news.de\/de\/deutschland\/die-biden-regierung-offenbart-wie-verrottet-die-hirne-westlicher-liberaler-sind\/","title":{"rendered":"Die Biden-Regierung offenbart, wie verrottet die Hirne westlicher Liberaler sind"},"content":{"rendered":"<p><img decoding=\"async\" src=\"https:\/\/now-news.de\/de\/wp-content\/uploads\/sites\/3\/2024\/07\/66929add48fbef4bf2742419.jpg\" \/><\/p>\n<div class=\"Text-root Text-type_1 \">\n                US-Pr\u00e4sident Joe Biden ist ein \u00fcberaus passendes Symbol; nicht nur f\u00fcr den Zustand der Regierung, der er vermeintlich vorsteht, sondern auch f\u00fcr den Zustand des Denkens, das die Machtpolitik der Vereinigten Staaten leitet.\n            <\/div>\n<p><\/p>\n<div class=\"Text-root Text-type_5 ArticleView-text ViewText-root \">\n<p><em>Von Caitlin Johnstone<\/em><\/p>\n<p>Auf dem NATO-Gipfel in Washington nannte der US-Pr\u00e4sident am Donnerstag Pr\u00e4sident Selenskij &#8220;Pr\u00e4sident Putin&#8221;, sprach von Kamala Harris als &#8220;Vizepr\u00e4sident Trump&#8221; und sagte, er &#8220;folge dem Rat meines obersten Befehlshabers&#8221; bei wichtigen milit\u00e4rischen Entscheidungen.<\/p>\n<p>Das Hirn dieses Mannes funktioniert eindeutig nicht. Es ist erledigt. Finito. No m\u00e1s. Die Demenz hat ihn sicher im Griff, und die Neurologie von Joe Biden stottert.<\/p>\n<p>Die Amerikaner haben den lebenden Beweis, dass ihr Land keinen Pr\u00e4sidenten mit funktionierender grauer Masse ben\u00f6tigt, damit in der Exekutive der USA Entscheidungen getroffen werden und Politik umgesetzt wird. Die Kriege und der Militarismus ticken ununterbrochen weiter, die autorit\u00e4ren Planungen rollen vom Band und der politische Status quo bleibt erhalten. Man kann keinen \u00fcberzeugenderen Beweis daf\u00fcr verlangen, dass trotz des ganzen Geweses, das um US-Pr\u00e4sidenten und die Pr\u00e4sidentschaftswahlen gemacht wird, dieses Amt nur die Galionsfigur eines Imperiums darstellt, das nicht wirklich von seiner offiziell gew\u00e4hlten Regierung gelenkt wird.<\/p>\n<p>Da passt es nur, dass das Gehirn des US-Pr\u00e4sidenten ihm eigentlich aus den Ohren rinnen sollte, w\u00e4hrend die Hirnf\u00e4ule der Ideologie, die ihn nach oben sp\u00fclte, vor der ganzen Welt offengelegt wird.<\/p>\n<p>Es liegt eine Art poetischer Sch\u00f6nheit in der Tatsache, dass die sogenannten &#8220;Gem\u00e4\u00dfigten&#8221; des westlichen Liberalismus jetzt f\u00fcr die Wiederwahl eines halb toten Demenzpatienten trommeln, w\u00e4hrend seine Regierung einen aktiven Genozid in Gaza f\u00f6rdert, einen die ganze Welt bedrohenden Stellvertreterkrieg in der Ukraine vorantreibt, einen Krieg mit dem Libanon vorbereitet und mit zunehmender Aggression gegen Russland und China aufr\u00fcstet, zugleich das \u00d6kosystem der Erde t\u00f6tet und zur Armut, Krankheit und Unterdr\u00fcckung der amerikanischen Bev\u00f6lkerung daheim beitr\u00e4gt. Die Hirnf\u00e4ule ihrer Weltsicht hat einen Kerl mit einem tats\u00e4chlich faulenden Hirn zum offiziellen Vertreter.<\/p>\n<p>Die Biden-Regierung hat jeden Wert vollst\u00e4ndig diskreditiert, f\u00fcr den einzutreten westliche Liberale von sich behaupten. Frieden. Gerechtigkeit. Menschenrechte. Eine freie Presse. Opposition gegen Rassismus. Opposition gegen Tyrannei. Diese Freaks haben am 7. Oktober schlicht vergessen, dass Genozid etwas Schlechtes ist; und sie werden sich vermutlich nicht mehr daran erinnern, bis die Propagandamaschine des Imperiums diesen Vorwurf gegen die n\u00e4chste Regierung nutzen muss, die das Imperium f\u00fcr einen Regimewechsel vorgesehen hat.<\/p>\n<p>Die &#8220;Gem\u00e4\u00dfigten&#8221; und &#8220;Zentristen&#8221; der westlichen Weltsicht sind in Wirklichkeit gewaltt\u00e4tige Extremisten, und nicht nur das, sondern die m\u00f6rderischste und zerst\u00f6rerischste Extremistengruppe auf dem Angesicht dieses Planeten. Nicht eine Gruppe auf Washingtons Liste von Terrororganisationen hat eine Opferliste, die auch nur einen Bruchteil so lang ist wie die, die das US-Imperium allein im 21. Jahrhundert auf dem Gewissen hat.<\/p>\n<p>Das ist die politische Ideologie, der Biden seine gesamte, viel zu lange dauernde Karriere \u00fcber folgte, seit er nur ein Babymonster im Sumpf war, mit 30 in den Senat gew\u00e4hlt, bis jetzt, wo er all das kognitive Treibgut und Strandgut seines jahrzehntelangen Seelenverkaufs auf der Umgehungsstra\u00dfe in seiner zerst\u00f6rten Hirnmasse ineinanderflie\u00dfen sieht wie \u00d6lfarben auf einer Palette.<\/p>\n<p>Das ist es, was Joe Biden ist. Das ist, was die westlichen Liberalen sind. Sie sind das Gemetzel, die Hungersnot und die Seuchen in Gaza. Sie sind die Biosph\u00e4re, die unter dem Stiefel des \u00f6kozidalen Kapitalismus zu Tode gew\u00fcrgt wird. Sie sind die Atomraketen, die rund um die Welt auf Position fahren. Sie sind ein sterbendes Hirn und ein sterbendes Herz in einer sterbenden Welt, die sie selbst geschaffen haben.<\/p>\n<p>Hoffentlich erfolgt der Tod dieser toxischen, allseits t\u00f6dlichen Ideologie nicht allzu lang nach dem Tod von Joe Biden.<\/p>\n<p><em>Aus dem\u00a0<a rel=\"nofollow noopener\" target=\"_blank\" href=\"https:\/\/www.caitlinjohnst.one\/p\/the-biden-administration-has-exposed\">Englischen<\/a>.<\/em><\/p>\n<p><em>Caitlin Johnstone\u00a0ist eine unabh\u00e4ngige Journalistin aus Melbourne, Australien. Ihre Website\u00a0<a rel=\"nofollow noopener\" target=\"_blank\" href=\"https:\/\/www.caitlinjohnst.one\/\">findet sich hier<\/a>, und man kann ihr auf X unter\u00a0<a rel=\"nofollow noopener\" target=\"_blank\" href=\"https:\/\/twitter.com\/caitoz\">@caitoz<\/a>\u00a0folgen.<\/em><\/p>\n<p><strong>Mehr zum Thema<\/strong> &#8211; <a rel=\"nofollow noopener\" target=\"_blank\" href=\"https:\/\/freedert.online\/nordamerika\/211489-joe-biden-in-abc-interview\/\">Joe Biden in ABC-Interview: Nur Gott kann mich stoppen<\/a><\/p>\n<div class=\"EmbedBlock-root EmbedBlock-externalVideo EmbedBlock-odysee\">\n<div class=\"VkEmbed\"><iframe class=\"lazyload\" data-src=\"https:\/\/odysee.com\/%24\/embed\/%40RTDE%3Ae%2FBiden-ver%C3%A4ndert-alles--Selenskij-ist-Putin-und-Trump-US-Vizepr%C3%A4sidentin%3Af\" frameborder=\"0\" width=\"853\" height=\"480\" allowfullscreen><\/iframe><\/div>\n<\/div>\n<\/div>\n<p><script async src=\"https:\/\/platform.twitter.com\/widgets.js\" charset=\"utf-8\"><\/script><br \/>\n<br \/><br \/>\n<br \/><a href=\"https:\/\/de.rt.com\/meinung\/212267-biden-regierung-offenbart-wie-verrottet\/\">Source link <\/a><\/p>\n","protected":false},"excerpt":{"rendered":"<p>US-Pr\u00e4sident Joe Biden ist ein \u00fcberaus passendes Symbol; nicht nur f\u00fcr den Zustand der Regierung, der er vermeintlich vorsteht, sondern auch f\u00fcr den Zustand des Denkens, das die Machtpolitik der Vereinigten Staaten leitet. Von Caitlin Johnstone Auf dem NATO-Gipfel in Washington nannte der US-Pr\u00e4sident am Donnerstag Pr\u00e4sident Selenskij &#8220;Pr\u00e4sident Putin&#8221;, sprach von Kamala Harris als [&hellip;]<\/p>\n","protected":false},"author":3,"featured_media":64688,"comment_status":"open","ping_status":"open","sticky":false,"template":"","format":"standard","meta":{"_yoast_indexnow_last_ping":["1720895697"],"wp_automatic_camp":["217"],"85a85c735278c752ba3bc285003f0a71":["Die Biden-Regierung offenbart, wie verrottet die Hirne westlicher Liberaler sind"],"original_link":["https:\/\/de.rt.com\/meinung\/212267-biden-regierung-offenbart-wie-verrottet\/"],"_thumbnail_id":["64688"],"jnews_social_counter_last_update":["1777362472"],"_wptgpro_p2tg_sent2tg":["a:1:{i:23737;s:19:\"2024-07-13 20:36:30\";}"]},"categories":[19,23],"tags":[21931,45,56588,33627,20463,1046,55477,16696,579],"yoast_head":"<!-- This site is optimized with the Yoast SEO Premium plugin v22.7 (Yoast SEO v22.7) - https:\/\/yoast.com\/wordpress\/plugins\/seo\/ -->\n<title>Die Biden-Regierung offenbart, wie verrottet die Hirne westlicher Liberaler sind - just-now.NEWS Deutschland<\/title>\n<meta name=\"robots\" content=\"index, follow, max-snippet:-1, max-image-preview:large, max-video-preview:-1\" \/>\n<link rel=\"canonical\" href=\"https:\/\/now-news.de\/de\/deutschland\/die-biden-regierung-offenbart-wie-verrottet-die-hirne-westlicher-liberaler-sind\/\" \/>\n<meta property=\"og:locale\" content=\"de_DE\" \/>\n<meta property=\"og:type\" content=\"article\" \/>\n<meta property=\"og:title\" content=\"Die Biden-Regierung offenbart, wie verrottet die Hirne westlicher Liberaler sind\" \/>\n<meta property=\"og:description\" content=\"US-Pr\u00e4sident Joe Biden ist ein \u00fcberaus passendes Symbol; nicht nur f\u00fcr den Zustand der Regierung, der er vermeintlich vorsteht, sondern auch f\u00fcr den Zustand des Denkens, das die Machtpolitik der Vereinigten Staaten leitet. Von Caitlin Johnstone Auf dem NATO-Gipfel in Washington nannte der US-Pr\u00e4sident am Donnerstag Pr\u00e4sident Selenskij &#8220;Pr\u00e4sident Putin&#8221;, sprach von Kamala Harris als [&hellip;]\" \/>\n<meta property=\"og:url\" content=\"https:\/\/now-news.de\/de\/deutschland\/die-biden-regierung-offenbart-wie-verrottet-die-hirne-westlicher-liberaler-sind\/\" \/>\n<meta property=\"og:site_name\" content=\"just-now.NEWS Deutschland\" \/>\n<meta property=\"article:publisher\" content=\"https:\/\/www.facebook.com\/wirmachenauf\" \/>\n<meta property=\"article:published_time\" content=\"2024-07-13T18:27:40+00:00\" \/>\n<meta property=\"og:image\" content=\"https:\/\/now-news.de\/de\/wp-content\/uploads\/sites\/3\/2024\/07\/66929add48fbef4bf2742419.jpg\" \/>\n<meta name=\"author\" content=\"rtnews\" \/>\n<meta name=\"twitter:card\" content=\"summary_large_image\" \/>\n<meta name=\"twitter:creator\" content=\"@WirMachenAuf_de\" \/>\n<meta name=\"twitter:site\" content=\"@WirMachenAuf_de\" \/>\n<meta name=\"twitter:label1\" content=\"Verfasst von\" \/>\n\t<meta name=\"twitter:data1\" content=\"rtnews\" \/>\n\t<meta name=\"twitter:label2\" content=\"Gesch\u00e4tzte Lesezeit\" \/>\n\t<meta name=\"twitter:data2\" content=\"3\u00a0Minuten\" \/>\n<script type=\"application\/ld+json\" class=\"yoast-schema-graph\">{\"@context\":\"https:\/\/schema.org\",\"@graph\":[{\"@type\":\"Article\",\"@id\":\"https:\/\/now-news.de\/de\/deutschland\/die-biden-regierung-offenbart-wie-verrottet-die-hirne-westlicher-liberaler-sind\/#article\",\"isPartOf\":{\"@id\":\"https:\/\/now-news.de\/de\/deutschland\/die-biden-regierung-offenbart-wie-verrottet-die-hirne-westlicher-liberaler-sind\/\"},\"author\":{\"name\":\"rtnews\",\"@id\":\"https:\/\/now-news.de\/de\/#\/schema\/person\/fb534a4e865501d8b3285208df34a9b5\"},\"headline\":\"Die Biden-Regierung offenbart, wie verrottet die Hirne westlicher Liberaler sind\",\"datePublished\":\"2024-07-13T18:27:40+00:00\",\"dateModified\":\"2024-07-13T18:27:40+00:00\",\"mainEntityOfPage\":{\"@id\":\"https:\/\/now-news.de\/de\/deutschland\/die-biden-regierung-offenbart-wie-verrottet-die-hirne-westlicher-liberaler-sind\/\"},\"wordCount\":679,\"commentCount\":0,\"publisher\":{\"@id\":\"https:\/\/now-news.de\/de\/#organization\"},\"image\":{\"@id\":\"https:\/\/now-news.de\/de\/deutschland\/die-biden-regierung-offenbart-wie-verrottet-die-hirne-westlicher-liberaler-sind\/#primaryimage\"},\"thumbnailUrl\":\"https:\/\/now-news.de\/de\/wp-content\/uploads\/sites\/3\/2024\/07\/Die-Biden-Regierung-offenbart-wie-verrottet-die-Hirne-westlicher-Liberaler-sind.jpg\",\"keywords\":[\"BidenRegierung\",\"die\",\"Hirne\",\"liberaler\",\"offenbart\",\"sind\",\"verrottet\",\"westlicher\",\"Wie\"],\"articleSection\":[\"Deutschland\",\"Russland\"],\"inLanguage\":\"de\",\"potentialAction\":[{\"@type\":\"CommentAction\",\"name\":\"Comment\",\"target\":[\"https:\/\/now-news.de\/de\/deutschland\/die-biden-regierung-offenbart-wie-verrottet-die-hirne-westlicher-liberaler-sind\/#respond\"]}]},{\"@type\":\"WebPage\",\"@id\":\"https:\/\/now-news.de\/de\/deutschland\/die-biden-regierung-offenbart-wie-verrottet-die-hirne-westlicher-liberaler-sind\/\",\"url\":\"https:\/\/now-news.de\/de\/deutschland\/die-biden-regierung-offenbart-wie-verrottet-die-hirne-westlicher-liberaler-sind\/\",\"name\":\"Die Biden-Regierung offenbart, wie verrottet die Hirne westlicher Liberaler sind - just-now.NEWS Deutschland\",\"isPartOf\":{\"@id\":\"https:\/\/now-news.de\/de\/#website\"},\"primaryImageOfPage\":{\"@id\":\"https:\/\/now-news.de\/de\/deutschland\/die-biden-regierung-offenbart-wie-verrottet-die-hirne-westlicher-liberaler-sind\/#primaryimage\"},\"image\":{\"@id\":\"https:\/\/now-news.de\/de\/deutschland\/die-biden-regierung-offenbart-wie-verrottet-die-hirne-westlicher-liberaler-sind\/#primaryimage\"},\"thumbnailUrl\":\"https:\/\/now-news.de\/de\/wp-content\/uploads\/sites\/3\/2024\/07\/Die-Biden-Regierung-offenbart-wie-verrottet-die-Hirne-westlicher-Liberaler-sind.jpg\",\"datePublished\":\"2024-07-13T18:27:40+00:00\",\"dateModified\":\"2024-07-13T18:27:40+00:00\",\"breadcrumb\":{\"@id\":\"https:\/\/now-news.de\/de\/deutschland\/die-biden-regierung-offenbart-wie-verrottet-die-hirne-westlicher-liberaler-sind\/#breadcrumb\"},\"inLanguage\":\"de\",\"potentialAction\":[{\"@type\":\"ReadAction\",\"target\":[\"https:\/\/now-news.de\/de\/deutschland\/die-biden-regierung-offenbart-wie-verrottet-die-hirne-westlicher-liberaler-sind\/\"]}]},{\"@type\":\"ImageObject\",\"inLanguage\":\"de\",\"@id\":\"https:\/\/now-news.de\/de\/deutschland\/die-biden-regierung-offenbart-wie-verrottet-die-hirne-westlicher-liberaler-sind\/#primaryimage\",\"url\":\"https:\/\/now-news.de\/de\/wp-content\/uploads\/sites\/3\/2024\/07\/Die-Biden-Regierung-offenbart-wie-verrottet-die-Hirne-westlicher-Liberaler-sind.jpg\",\"contentUrl\":\"https:\/\/now-news.de\/de\/wp-content\/uploads\/sites\/3\/2024\/07\/Die-Biden-Regierung-offenbart-wie-verrottet-die-Hirne-westlicher-Liberaler-sind.jpg\",\"width\":460,\"height\":259,\"caption\":\"Die Biden-Regierung offenbart, wie verrottet die Hirne westlicher Liberaler sind\"},{\"@type\":\"BreadcrumbList\",\"@id\":\"https:\/\/now-news.de\/de\/deutschland\/die-biden-regierung-offenbart-wie-verrottet-die-hirne-westlicher-liberaler-sind\/#breadcrumb\",\"itemListElement\":[{\"@type\":\"ListItem\",\"position\":1,\"name\":\"Home\",\"item\":\"https:\/\/now-news.de\/de\/\"},{\"@type\":\"ListItem\",\"position\":2,\"name\":\"Die Biden-Regierung offenbart, wie verrottet die Hirne westlicher Liberaler sind\"}]},{\"@type\":\"WebSite\",\"@id\":\"https:\/\/now-news.de\/de\/#website\",\"url\":\"https:\/\/now-news.de\/de\/\",\"name\":\"just-now.NEWS Deutschland\",\"description\":\"Das Portal f\u00fcr unzensierte Nachrichten aus der Welt\",\"publisher\":{\"@id\":\"https:\/\/now-news.de\/de\/#organization\"},\"potentialAction\":[{\"@type\":\"SearchAction\",\"target\":{\"@type\":\"EntryPoint\",\"urlTemplate\":\"https:\/\/now-news.de\/de\/?s={search_term_string}\"},\"query-input\":\"required name=search_term_string\"}],\"inLanguage\":\"de\"},{\"@type\":\"Organization\",\"@id\":\"https:\/\/now-news.de\/de\/#organization\",\"name\":\"Just Now News\",\"url\":\"https:\/\/now-news.de\/de\/\",\"logo\":{\"@type\":\"ImageObject\",\"inLanguage\":\"de\",\"@id\":\"https:\/\/now-news.de\/de\/#\/schema\/logo\/image\/\",\"url\":\"http:\/\/just-now.news\/de\/wp-content\/uploads\/sites\/3\/2022\/04\/logo500x500.jpg\",\"contentUrl\":\"http:\/\/just-now.news\/de\/wp-content\/uploads\/sites\/3\/2022\/04\/logo500x500.jpg\",\"width\":500,\"height\":500,\"caption\":\"Just Now News\"},\"image\":{\"@id\":\"https:\/\/now-news.de\/de\/#\/schema\/logo\/image\/\"},\"sameAs\":[\"https:\/\/www.facebook.com\/wirmachenauf\",\"https:\/\/x.com\/WirMachenAuf_de\"]},{\"@type\":\"Person\",\"@id\":\"https:\/\/now-news.de\/de\/#\/schema\/person\/fb534a4e865501d8b3285208df34a9b5\",\"name\":\"rtnews\",\"image\":{\"@type\":\"ImageObject\",\"inLanguage\":\"de\",\"@id\":\"https:\/\/now-news.de\/de\/#\/schema\/person\/image\/\",\"url\":\"https:\/\/secure.gravatar.com\/avatar\/82aafea7d8127119dd649515f56e2117?s=96&d=mm&r=g\",\"contentUrl\":\"https:\/\/secure.gravatar.com\/avatar\/82aafea7d8127119dd649515f56e2117?s=96&d=mm&r=g\",\"caption\":\"rtnews\"},\"url\":\"https:\/\/now-news.de\/de\/author\/rnews\/\"}]}<\/script>\n<!-- \/ Yoast SEO Premium plugin. -->","yoast_head_json":{"title":"Die Biden-Regierung offenbart, wie verrottet die Hirne westlicher Liberaler sind - just-now.NEWS Deutschland","robots":{"index":"index","follow":"follow","max-snippet":"max-snippet:-1","max-image-preview":"max-image-preview:large","max-video-preview":"max-video-preview:-1"},"canonical":"https:\/\/now-news.de\/de\/deutschland\/die-biden-regierung-offenbart-wie-verrottet-die-hirne-westlicher-liberaler-sind\/","og_locale":"de_DE","og_type":"article","og_title":"Die Biden-Regierung offenbart, wie verrottet die Hirne westlicher Liberaler sind","og_description":"US-Pr\u00e4sident Joe Biden ist ein \u00fcberaus passendes Symbol; nicht nur f\u00fcr den Zustand der Regierung, der er vermeintlich vorsteht, sondern auch f\u00fcr den Zustand des Denkens, das die Machtpolitik der Vereinigten Staaten leitet. Von Caitlin Johnstone Auf dem NATO-Gipfel in Washington nannte der US-Pr\u00e4sident am Donnerstag Pr\u00e4sident Selenskij &#8220;Pr\u00e4sident Putin&#8221;, sprach von Kamala Harris als [&hellip;]","og_url":"https:\/\/now-news.de\/de\/deutschland\/die-biden-regierung-offenbart-wie-verrottet-die-hirne-westlicher-liberaler-sind\/","og_site_name":"just-now.NEWS Deutschland","article_publisher":"https:\/\/www.facebook.com\/wirmachenauf","article_published_time":"2024-07-13T18:27:40+00:00","og_image":[{"url":"https:\/\/now-news.de\/de\/wp-content\/uploads\/sites\/3\/2024\/07\/66929add48fbef4bf2742419.jpg"}],"author":"rtnews","twitter_card":"summary_large_image","twitter_creator":"@WirMachenAuf_de","twitter_site":"@WirMachenAuf_de","twitter_misc":{"Verfasst von":"rtnews","Gesch\u00e4tzte Lesezeit":"3\u00a0Minuten"},"schema":{"@context":"https:\/\/schema.org","@graph":[{"@type":"Article","@id":"https:\/\/now-news.de\/de\/deutschland\/die-biden-regierung-offenbart-wie-verrottet-die-hirne-westlicher-liberaler-sind\/#article","isPartOf":{"@id":"https:\/\/now-news.de\/de\/deutschland\/die-biden-regierung-offenbart-wie-verrottet-die-hirne-westlicher-liberaler-sind\/"},"author":{"name":"rtnews","@id":"https:\/\/now-news.de\/de\/#\/schema\/person\/fb534a4e865501d8b3285208df34a9b5"},"headline":"Die Biden-Regierung offenbart, wie verrottet die Hirne westlicher Liberaler sind","datePublished":"2024-07-13T18:27:40+00:00","dateModified":"2024-07-13T18:27:40+00:00","mainEntityOfPage":{"@id":"https:\/\/now-news.de\/de\/deutschland\/die-biden-regierung-offenbart-wie-verrottet-die-hirne-westlicher-liberaler-sind\/"},"wordCount":679,"commentCount":0,"publisher":{"@id":"https:\/\/now-news.de\/de\/#organization"},"image":{"@id":"https:\/\/now-news.de\/de\/deutschland\/die-biden-regierung-offenbart-wie-verrottet-die-hirne-westlicher-liberaler-sind\/#primaryimage"},"thumbnailUrl":"https:\/\/now-news.de\/de\/wp-content\/uploads\/sites\/3\/2024\/07\/Die-Biden-Regierung-offenbart-wie-verrottet-die-Hirne-westlicher-Liberaler-sind.jpg","keywords":["BidenRegierung","die","Hirne","liberaler","offenbart","sind","verrottet","westlicher","Wie"],"articleSection":["Deutschland","Russland"],"inLanguage":"de","potentialAction":[{"@type":"CommentAction","name":"Comment","target":["https:\/\/now-news.de\/de\/deutschland\/die-biden-regierung-offenbart-wie-verrottet-die-hirne-westlicher-liberaler-sind\/#respond"]}]},{"@type":"WebPage","@id":"https:\/\/now-news.de\/de\/deutschland\/die-biden-regierung-offenbart-wie-verrottet-die-hirne-westlicher-liberaler-sind\/","url":"https:\/\/now-news.de\/de\/deutschland\/die-biden-regierung-offenbart-wie-verrottet-die-hirne-westlicher-liberaler-sind\/","name":"Die Biden-Regierung offenbart, wie verrottet die Hirne westlicher Liberaler sind - just-now.NEWS Deutschland","isPartOf":{"@id":"https:\/\/now-news.de\/de\/#website"},"primaryImageOfPage":{"@id":"https:\/\/now-news.de\/de\/deutschland\/die-biden-regierung-offenbart-wie-verrottet-die-hirne-westlicher-liberaler-sind\/#primaryimage"},"image":{"@id":"https:\/\/now-news.de\/de\/deutschland\/die-biden-regierung-offenbart-wie-verrottet-die-hirne-westlicher-liberaler-sind\/#primaryimage"},"thumbnailUrl":"https:\/\/now-news.de\/de\/wp-content\/uploads\/sites\/3\/2024\/07\/Die-Biden-Regierung-offenbart-wie-verrottet-die-Hirne-westlicher-Liberaler-sind.jpg","datePublished":"2024-07-13T18:27:40+00:00","dateModified":"2024-07-13T18:27:40+00:00","breadcrumb":{"@id":"https:\/\/now-news.de\/de\/deutschland\/die-biden-regierung-offenbart-wie-verrottet-die-hirne-westlicher-liberaler-sind\/#breadcrumb"},"inLanguage":"de","potentialAction":[{"@type":"ReadAction","target":["https:\/\/now-news.de\/de\/deutschland\/die-biden-regierung-offenbart-wie-verrottet-die-hirne-westlicher-liberaler-sind\/"]}]},{"@type":"ImageObject","inLanguage":"de","@id":"https:\/\/now-news.de\/de\/deutschland\/die-biden-regierung-offenbart-wie-verrottet-die-hirne-westlicher-liberaler-sind\/#primaryimage","url":"https:\/\/now-news.de\/de\/wp-content\/uploads\/sites\/3\/2024\/07\/Die-Biden-Regierung-offenbart-wie-verrottet-die-Hirne-westlicher-Liberaler-sind.jpg","contentUrl":"https:\/\/now-news.de\/de\/wp-content\/uploads\/sites\/3\/2024\/07\/Die-Biden-Regierung-offenbart-wie-verrottet-die-Hirne-westlicher-Liberaler-sind.jpg","width":460,"height":259,"caption":"Die Biden-Regierung offenbart, wie verrottet die Hirne westlicher Liberaler sind"},{"@type":"BreadcrumbList","@id":"https:\/\/now-news.de\/de\/deutschland\/die-biden-regierung-offenbart-wie-verrottet-die-hirne-westlicher-liberaler-sind\/#breadcrumb","itemListElement":[{"@type":"ListItem","position":1,"name":"Home","item":"https:\/\/now-news.de\/de\/"},{"@type":"ListItem","position":2,"name":"Die Biden-Regierung offenbart, wie verrottet die Hirne westlicher Liberaler sind"}]},{"@type":"WebSite","@id":"https:\/\/now-news.de\/de\/#website","url":"https:\/\/now-news.de\/de\/","name":"just-now.NEWS Deutschland","description":"Das Portal f\u00fcr unzensierte Nachrichten aus der Welt","publisher":{"@id":"https:\/\/now-news.de\/de\/#organization"},"potentialAction":[{"@type":"SearchAction","target":{"@type":"EntryPoint","urlTemplate":"https:\/\/now-news.de\/de\/?s={search_term_string}"},"query-input":"required name=search_term_string"}],"inLanguage":"de"},{"@type":"Organization","@id":"https:\/\/now-news.de\/de\/#organization","name":"Just Now News","url":"https:\/\/now-news.de\/de\/","logo":{"@type":"ImageObject","inLanguage":"de","@id":"https:\/\/now-news.de\/de\/#\/schema\/logo\/image\/","url":"http:\/\/just-now.news\/de\/wp-content\/uploads\/sites\/3\/2022\/04\/logo500x500.jpg","contentUrl":"http:\/\/just-now.news\/de\/wp-content\/uploads\/sites\/3\/2022\/04\/logo500x500.jpg","width":500,"height":500,"caption":"Just Now News"},"image":{"@id":"https:\/\/now-news.de\/de\/#\/schema\/logo\/image\/"},"sameAs":["https:\/\/www.facebook.com\/wirmachenauf","https:\/\/x.com\/WirMachenAuf_de"]},{"@type":"Person","@id":"https:\/\/now-news.de\/de\/#\/schema\/person\/fb534a4e865501d8b3285208df34a9b5","name":"rtnews","image":{"@type":"ImageObject","inLanguage":"de","@id":"https:\/\/now-news.de\/de\/#\/schema\/person\/image\/","url":"https:\/\/secure.gravatar.com\/avatar\/82aafea7d8127119dd649515f56e2117?s=96&d=mm&r=g","contentUrl":"https:\/\/secure.gravatar.com\/avatar\/82aafea7d8127119dd649515f56e2117?s=96&d=mm&r=g","caption":"rtnews"},"url":"https:\/\/now-news.de\/de\/author\/rnews\/"}]}},"_links":{"self":[{"href":"https:\/\/now-news.de\/de\/wp-json\/wp\/v2\/posts\/64687"}],"collection":[{"href":"https:\/\/now-news.de\/de\/wp-json\/wp\/v2\/posts"}],"about":[{"href":"https:\/\/now-news.de\/de\/wp-json\/wp\/v2\/types\/post"}],"author":[{"embeddable":true,"href":"https:\/\/now-news.de\/de\/wp-json\/wp\/v2\/users\/3"}],"replies":[{"embeddable":true,"href":"https:\/\/now-news.de\/de\/wp-json\/wp\/v2\/comments?post=64687"}],"version-history":[{"count":0,"href":"https:\/\/now-news.de\/de\/wp-json\/wp\/v2\/posts\/64687\/revisions"}],"wp:featuredmedia":[{"embeddable":true,"href":"https:\/\/now-news.de\/de\/wp-json\/wp\/v2\/media\/64688"}],"wp:attachment":[{"href":"https:\/\/now-news.de\/de\/wp-json\/wp\/v2\/media?parent=64687"}],"wp:term":[{"taxonomy":"category","embeddable":true,"href":"https:\/\/now-news.de\/de\/wp-json\/wp\/v2\/categories?post=64687"},{"taxonomy":"post_tag","embeddable":true,"href":"https:\/\/now-news.de\/de\/wp-json\/wp\/v2\/tags?post=64687"}],"curies":[{"name":"wp","href":"https:\/\/api.w.org\/{rel}","templated":true}]}}