{"id":64661,"date":"2024-07-13T14:37:08","date_gmt":"2024-07-13T12:37:08","guid":{"rendered":"https:\/\/now-news.de\/de\/deutschland\/selbstbestimmungsgesetz-die-menschenfeindliche-welt-der-neuen-pronomen\/"},"modified":"2024-07-13T14:37:08","modified_gmt":"2024-07-13T12:37:08","slug":"selbstbestimmungsgesetz-die-menschenfeindliche-welt-der-neuen-pronomen","status":"publish","type":"post","link":"https:\/\/now-news.de\/de\/deutschland\/selbstbestimmungsgesetz-die-menschenfeindliche-welt-der-neuen-pronomen\/","title":{"rendered":"Selbstbestimmungsgesetz: Die menschenfeindliche Welt der neuen Pronomen"},"content":{"rendered":"<p><img decoding=\"async\" src=\"https:\/\/now-news.de\/de\/wp-content\/uploads\/sites\/3\/2024\/07\/6691198448fbef259a01a65a.jpg\" \/><\/p>\n<div class=\"Text-root Text-type_1 \">\n                Andernorts passiert es schon \u2013 einen als Frau verkleideten Mann falsch anzusprechen, kann bis ins Gef\u00e4ngnis oder zu einem Entzug des Sorgerechts f\u00fcr die eigenen Kinder f\u00fchren. Das deutsche Selbstbestimmungsgesetz ist auch f\u00fcr Deutschland der erste Schritt in diese Richtung.\n            <\/div>\n<p><\/p>\n<div class=\"Text-root Text-type_5 ArticleView-text ViewText-root \">\n<p><em>Von Dagmar Henn<\/em><\/p>\n<p>Jetzt tritt also im August dieses Selbstbestimmungsgesetz in\u00a0<a rel=\"nofollow noopener\" target=\"_blank\" href=\"https:\/\/www.welt.de\/kultur\/plus252448910\/Gendern-Diese-neuen-Pronomen-sollten-Sie-kennen-sonst-droht-ein-Bussgeld.html?cid=socialmedia.twitter.shared.web?cachebuster=true\">Kraft<\/a>, und mit ihm Bu\u00dfgeldvorschriften, deren Reichweite noch nicht abzusch\u00e4tzen ist. Klar ist jedenfalls, wer Herrn Ganserer Herr Ganserer nennt, sorgt k\u00fcnftig f\u00fcr das Einkommen von Rechtsanw\u00e4lten. Unklar ist noch, ob der ganze Pronomensalat, den die Sekte der Genderbesessenen angerichtet hat, ebenfalls Grundlage eines Bu\u00dfgelds sein kann. Nun, mir pers\u00f6nlich k\u00f6nnte es gleich sein, solange ich mich nicht im Westen bewege. Aber es sind mir einige Dinge in den Kopf gekommen, als ich meine instinktive Reaktion beobachtete, die darin bestand, m\u00f6glichen Sektenangeh\u00f6rigen sicherheitshalber ganz auszuweichen.<\/p>\n<p>Das ist n\u00e4mlich eine Reaktion, die gar nicht selten sein d\u00fcrfte. Ausweichen, oder, falls das nicht m\u00f6glich ist, schlicht schweigen. Und das wirft eine ganz andere Frage auf, bis hin zu dem Punkt, ob nicht auch hier die vermeintliche Nebenwirkung die eigentlich beabsichtigte Wirkung ist. Denn eine tats\u00e4chliche Umsetzung ist derart tief destruktiv, dass menschliche Kommunikation insgesamt in Frage gestellt wird.<\/p>\n<p>Woher r\u00fchrt dieser Widerwillen? Klar, das Erlernen v\u00f6llig anderer grammatikalischer Formen ist oberhalb eines gewissen Alters eine Zumutung, und eine Strafbewehrung ist dann implizit auch eine Altersdiskriminierung, aber da findet noch etwas ganz Anderes statt. Etwas, das im Kern einen pubert\u00e4ren Zustand verewigt, ein Zustand, den man als erwachsener Mensch hofft, f\u00fcr immer hinter sich gelassen zu haben.<\/p>\n<p>Wir Menschen bewegen uns unser ganzes Leben lang in den Widerspr\u00fcchen zwischen Selbstwahrnehmung und Au\u00dfenwahrnehmung, zwischen dem Bild, das wir selbst, und dem, das andere von uns haben. Die einander \u00e4hneln k\u00f6nnen, aber nicht m\u00fcssen, und sich in extremen F\u00e4llen sogar v\u00f6llig voneinander unterscheiden. Die menschliche Kultur reagiert auf dieses Problem und auf die wechselnden Lebensphasen des Menschen, indem sie mit gewissen Ritualen immer wieder versucht, eine \u00dcbereinstimmung zwischen diesen beiden Bildern herzustellen. Das sind aber, insgesamt gesehen, Ausnahmemomente; der Alltag besteht darin, mit dem begrenzten Wissen dar\u00fcber, was die anderen von einem denken, klarzukommen und irgendwie zu einem realistischen Selbstbild zu gelangen.<\/p>\n<p>Dieses Bild, das andere von einem haben, ist fast etwas Lebendiges, Unabh\u00e4ngiges, das sich unter Umst\u00e4nden v\u00f6llig der eigenen Kontrolle entziehen kann. Das ist be\u00e4ngstigend und kann zu allerlei krankhaften Erscheinungen f\u00fchren. Der ganze Markenkult der Gegenwart beruht auf nichts anderem als dem Wunsch, diese Au\u00dfenwahrnehmung kontrollieren zu k\u00f6nnen, dem Gegen\u00fcber (oder vielmehr der Masse an Gegen\u00fcbern) diktieren zu k\u00f6nnen, wie dieses Bild aussehen soll, im Bestreben, auf diese Weise diesen komplizierten, in sich beweglichen und widerspr\u00fcchlichen Cluster des Selbst in eine feste Gestalt bannen zu k\u00f6nnen.<\/p>\n<p>Der urspr\u00fcngliche Prozess, zum eigentlich angestrebten Ziel eines stabilen Selbst zu kommen, ist kein individueller, sondern ein kollektiver; eine Art Aushandlungsprozess, bei dem das eigene Handeln immer von einer Gruppe erwidert wird, widergespiegelt, kommentiert, bis letztlich gekl\u00e4rt ist, ob und inwieweit man nachgiebig, mutig, fordernd, loyal oder liebevoll ist, weil es sich auch bei den Erwartungen, die man an sich selbst hat, um Hypothesen handelt, die erst einmal im Kontakt mit der Wirklichkeit bewiesen werden wollen. Durch Versprechungen, die beispielsweise \u00fcber Automarken, Turnschuhe oder andere Moden gegeben werden, wird die Kontrolle \u00fcber diesen Prozess \u00fcbernommen. Durch das st\u00e4ndige Signalisieren der Hypothesen (&#8220;ich bin cool&#8221;) wird dabei eine Abk\u00fcrzung erm\u00f6glicht, die den m\u00fchsamen Prozess von Antwort und Reflexion \u00fcberfl\u00fcssig macht.<\/p>\n<p>Die eigentlich entscheidenden Momente in diesem Spiel des &#8220;wer bin ich, wer bist du&#8221; bed\u00fcrfen der Sprache. Wobei nat\u00fcrlich auch die Sprache selbst ein Feld ist, auf dem Versuche der Kontrolle stattfinden. Wenn ich besonders kompliziert formuliere, versuche ich damit ebenso sehr, beim Gegen\u00fcber ein bestimmtes Bild entstehen zu lassen, wie wenn ich meine S\u00e4tze mit Schimpfworten spicke, und in keinem der beiden F\u00e4lle muss dies mit der realen Person verbunden sein. Aber diese sprachlichen Prozesse sind in der Regel subtil, und selten massiv genug, um die Funktion selbst zu verhindern.<\/p>\n<p>Keine menschliche Gesellschaft reagiert freundlich auf Versuche, das eigene Selbstbild absolut zu setzen. Jemand, der erkl\u00e4rt, er sei der Kaiser von China und erwarte, mit einem neunfachen Kotau angesprochen zu werden, wird entweder Gegenstand allgemeiner Belustigung oder erh\u00e4lt Besuch von den Jungs mit den lang\u00e4rmligen Jacken. Auch wenn die extreme soziale Ungleichheit es aufzwingt, die Wahnvorstellungen von Milliard\u00e4ren so zu behandeln, als w\u00e4ren sie keine \u2013 der Unterschied zwischen Selbstbild und Au\u00dfenwahrnehmung wird sehr wohl gesellschaftlich erkannt, und selbst wenn die Grenzen sich deutlich in Richtung einer zu starken Kontrolle verschoben haben, bleibt sozialer Kontakt nach wie vor das Feld dieses Aushandelns.<\/p>\n<p>Aber der Irrglaube, der Mensch sei ein autarkes Konstrukt und sein Selbst sei von der Gesellschaft unabh\u00e4ngig, diese Leugnung des Widerspruchs zwischen Innensicht und Au\u00dfensicht, verbreitet sich immer weiter. Und weil er genau das Feld negiert, in dem sich die Dynamik ereignet, in dem Entwicklung und Ver\u00e4nderung m\u00f6glich sind, erzeugt er ein seltsam starres Ego, eine Art \u00fcberdimensioniertes Trotzalter, das neben der Absolutheit des Selbstbildes gleichzeitig die Verweigerung der Kommunikation signalisiert. Diese Absolutheit erfordert allerdings auch, dass einige wenige Eigenschaften als einzig bedeutsame gesetzt werden, weil die Vielfalt der menschlichen Emotionen, Bed\u00fcrfnisse und Verhaltensweisen sonst dieses st\u00f6rende Feld der Widerspr\u00fcche wieder \u00f6ffnet.<\/p>\n<p>Wirkliche Kommunikation hat eine Voraussetzung: Gleichheit. Wenn man Verhandlungen will, ist Posieren ung\u00fcnstig. Das ist im ganz allt\u00e4glichen Aushandeln, bei dem wir unsere Identit\u00e4t zusammenpuzzeln, nicht anders; die bedeutungsvollsten Gespr\u00e4che finden in einer Atmosph\u00e4re der Zur\u00fcckhaltung statt, nicht, wenn beide Seiten einander ihre Forderungen vor die F\u00fc\u00dfe werfen, wof\u00fcr man sie zu halten hat. Es gibt genug Bereiche im Leben moderner Gesellschaften, in denen nicht Personen, sondern Rollen einander begegnen, in denen eher eine festgelegte Choreografie pr\u00e4sentiert wird und keine offene Begegnung stattfinden kann. Einer der Gr\u00fcnde f\u00fcr die Erfindung des Privaten durch die b\u00fcrgerliche Gesellschaft ist die Ausweitung des Bereichs, der von Rollen beherrscht wird, so wie die Entstehung von Naturschutzgebieten zeigte, dass die Erschlie\u00dfung des Landes abgeschlossen war.<\/p>\n<p>Wenn eines die Ver\u00e4nderung der deutschen Gesellschaft (und nicht nur der deutschen) in den letzten Jahrzehnten kennzeichnet, dann das Verschwinden kollektiver R\u00e4ume und Strukturen, von Kirchengemeinden \u00fcber Vereine hin zur Eckkneipe mit Stammtisch. Das bedeutet gleichzeitig, es wird immer m\u00fchsamer, die Umgebungen zu finden, in denen dieses Aushandeln der Balance zwischen Innen- und Au\u00dfenwahrnehmung m\u00f6glich ist. Und da auch die Zeit, in der eigene Kinder aufgezogen werden, sofern \u00fcberhaupt, immer weiter nach hinten r\u00fcckt, fehlt auch diese M\u00f6glichkeit, durch die Beobachtung dieses Prozesses bei jemand anderem zu erkennen, dass das eigentliche Selbst nur in diesem Zwischenraum von Innen und Au\u00dfen existiert.<\/p>\n<p>Das Setzen von sprachlichen Tabus ist nicht neu, und sie erschweren stets die Kommunikation. Das, was mit dieser vermeintlich unschuldigen Mode der unz\u00e4hligen Pronomen passiert, ist aber etwas Anderes. Da wird nicht nur versucht, die Kontrolle \u00fcber das Au\u00dfenbild zu erlangen; da wird die Unterwerfung unter die Selbstwahrnehmung eines anderen zur Voraussetzung der Kommunikation gemacht, und mehr noch, da wird die Verweigerung dieser Unterwerfung sanktioniert.<\/p>\n<p>Niemand k\u00e4me auf den Gedanken, die ber\u00fchmte Szene mit dem Gesslerhut in Wilhelm Tell als Einleitung einer erfolgreichen Kommunikation zu bezeichnen. Allerdings ist selbst diese Unterwerfung ein einzelner Akt. Die Pronomenmode macht daraus eine stetig zu wiederholende Handlung. Sie macht es unm\u00f6glich, auf die Behauptung &#8220;ich bin non-bin\u00e4r&#8221; schlicht mit, &#8220;danke, sch\u00f6n f\u00fcr dich, mich interessiert aber viel mehr, ob du Heine magst oder auf welchen Fu\u00dfballverein du stehst&#8221; zu antworten. Dieser einzelne Punkt, diese eine menschliche Eigenschaft unter vielen anderen, wird so \u00fcberh\u00f6ht und zudem v\u00f6llig der Aushandlung entzogen, dass das wahrscheinlichste Ergebnis der v\u00f6llige Abbruch der Kommunikation ist. Man muss sich schon sehr f\u00fcr einen Menschen interessieren, um bei jedem einzelnen Satz durch ein Minenfeld laufen zu wollen. Genau dieser Punkt, die Verabsolutierung des Selbstbilds \u00fcber das Au\u00dfenbild, wird instinktiv als Wahn wahrgenommen (wie das andere Extrem auch), sodass die einzigen Personen, die sich dann noch auf die Kommunikation einlassen, jene sind, deren berufliche Aufgabe es ist.<\/p>\n<p>Eine juristisch festgelegte Verpflichtung, die Selbstwahrnehmung einer Person wie eine objektive Realit\u00e4t zu behandeln, ist eigentlich eine v\u00f6llig absurde Konstruktion, da das Recht sozial betrachtet die geronnene Gestalt der Au\u00dfensicht ist, die k\u00f6rperlichste Manifestation des Gegenpols dieser Selbstwahrnehmung. Ein Recht, das die subjektive Sicht eines Einzelnen, gleich wessen, absolut setzt, negiert im Kern sich selbst, da die Vorstellung des Rechts in einer Gesellschaft, in der nur absolute Selbstbilder aufeinanderprallen, nicht mehr existieren kann.<\/p>\n<p>Das Selbstbestimmungsgesetz ist eine gesetzliche Bestimmung, die die schiere Existenz einer objektiven Wirklichkeit verleugnet. Eine Wirklichkeit, die aber die Grundlage jedes rechtlichen Verfahrens ist. Soll man nun auch einen M\u00f6rder nicht mehr verurteilen, weil er sich nicht als solchen wahrnimmt? Wie soll man noch Recht und Unrecht definieren, wenn Gesellschaft als Ma\u00dfstab eliminiert wird?<\/p>\n<p>Und wie soll es jungen Menschen gelingen, die Klippen der Adoleszenz zu umschiffen, wenn ihnen eingeredet wird, sich in ihrer notwendigerweise unklaren, erst im Werden begriffenen Selbstwahrnehmung gleichsam auf ein Podest zu stellen und den Austausch mit der Au\u00dfenwahrnehmung zu verweigern? Sicher, Menschen in der Pubert\u00e4t sind die besten Werbekunden, und in vielfacher Hinsicht beeinflussbar. Aber selbst eine von Konzernen dominierte Gesellschaft braucht einen gewissen Anteil Erwachsener, die f\u00fcr ihr Selbstbild nicht l\u00e4nger auf ein \u00fcberdimensioniertes Ego angewiesen sind.<\/p>\n<p>Es ist nicht nur einfach der Horror davor, mir bei der Verwendung dieser eigenartigen Vokabeln die Zunge zu verknoten, warum es mir davor graust, mit einem dieser Pronomengl\u00e4ubigen sprechen zu m\u00fcssen. Es ist mit Sicherheit nicht die Androhung von Bu\u00dfgeldern. Es ist das gesamte Paket, das sich in dieser Auseinandersetzung um Worte widerspiegelt, die Feindseligkeit gegen\u00fcber jeder Form von Gesellschaft, jeder Form von Kollektivit\u00e4t, und die stetige Forderung nach Unterwerfung, die eine tiefe Abscheu ausl\u00f6st. Es ist die Menschenfeindlichkeit, die sich darin zeigt, denn Menschenfreundlichkeit ist eine Errungenschaft, die mit Gl\u00fcck am Ende der Reise im Zwischenraum von Innen und Au\u00dfen erlangt wird. Menschenfeindlichkeit gibt es billiger. Sie braucht kaum mehr als ein besonders gro\u00dfes ICH.<\/p>\n<p><strong>Mehr zum Thema<\/strong> &#8211; <a rel=\"nofollow noopener\" target=\"_blank\" href=\"https:\/\/freedert.online\/inland\/202481-jaehrliche-aenderung-erlaubt-bundestag-beschliesst\/\">J\u00e4hrliche Geschlechts\u00e4nderung erlaubt: Bundestag beschlie\u00dft &#8220;Selbstbestimmungsgesetz&#8221;<\/a><\/p>\n<\/p>\n<\/div>\n<p><br \/>\n<br \/><a href=\"https:\/\/de.rt.com\/meinung\/212149-selbstbestimmungsgesetz-welt-neuen-pronomen-ist\/\">Source link <\/a><\/p>\n","protected":false},"excerpt":{"rendered":"<p>Andernorts passiert es schon \u2013 einen als Frau verkleideten Mann falsch anzusprechen, kann bis ins Gef\u00e4ngnis oder zu einem Entzug des Sorgerechts f\u00fcr die eigenen Kinder f\u00fchren. Das deutsche Selbstbestimmungsgesetz ist auch f\u00fcr Deutschland der erste Schritt in diese Richtung. Von Dagmar Henn Jetzt tritt also im August dieses Selbstbestimmungsgesetz in\u00a0Kraft, und mit ihm Bu\u00dfgeldvorschriften, [&hellip;]<\/p>\n","protected":false},"author":3,"featured_media":64662,"comment_status":"open","ping_status":"open","sticky":false,"template":"","format":"standard","meta":{"_yoast_indexnow_last_ping":["1720874300"],"wp_automatic_camp":["217"],"047ebe3540d6586b716f5e4071082cbc":["Selbstbestimmungsgesetz: Die menschenfeindliche Welt der neuen Pronomen"],"original_link":["https:\/\/de.rt.com\/meinung\/212149-selbstbestimmungsgesetz-welt-neuen-pronomen-ist\/"],"_thumbnail_id":["64662"],"jnews_social_counter_last_update":["1777410649"],"_wptgpro_p2tg_sent2tg":["a:1:{i:23737;s:19:\"2024-07-13 14:39:22\";}"]},"categories":[19,23],"tags":[82,45,46448,213,20193,43645,778],"yoast_head":"<!-- This site is optimized with the Yoast SEO Premium plugin v22.7 (Yoast SEO v22.7) - https:\/\/yoast.com\/wordpress\/plugins\/seo\/ -->\n<title>Selbstbestimmungsgesetz: Die menschenfeindliche Welt der neuen Pronomen - just-now.NEWS Deutschland<\/title>\n<meta name=\"robots\" content=\"index, follow, max-snippet:-1, max-image-preview:large, max-video-preview:-1\" \/>\n<link rel=\"canonical\" href=\"https:\/\/now-news.de\/de\/deutschland\/selbstbestimmungsgesetz-die-menschenfeindliche-welt-der-neuen-pronomen\/\" \/>\n<meta property=\"og:locale\" content=\"de_DE\" \/>\n<meta property=\"og:type\" content=\"article\" \/>\n<meta property=\"og:title\" content=\"Selbstbestimmungsgesetz: Die menschenfeindliche Welt der neuen Pronomen\" \/>\n<meta property=\"og:description\" content=\"Andernorts passiert es schon \u2013 einen als Frau verkleideten Mann falsch anzusprechen, kann bis ins Gef\u00e4ngnis oder zu einem Entzug des Sorgerechts f\u00fcr die eigenen Kinder f\u00fchren. Das deutsche Selbstbestimmungsgesetz ist auch f\u00fcr Deutschland der erste Schritt in diese Richtung. Von Dagmar Henn Jetzt tritt also im August dieses Selbstbestimmungsgesetz in\u00a0Kraft, und mit ihm Bu\u00dfgeldvorschriften, [&hellip;]\" \/>\n<meta property=\"og:url\" content=\"https:\/\/now-news.de\/de\/deutschland\/selbstbestimmungsgesetz-die-menschenfeindliche-welt-der-neuen-pronomen\/\" \/>\n<meta property=\"og:site_name\" content=\"just-now.NEWS Deutschland\" \/>\n<meta property=\"article:publisher\" content=\"https:\/\/www.facebook.com\/wirmachenauf\" \/>\n<meta property=\"article:published_time\" content=\"2024-07-13T12:37:08+00:00\" \/>\n<meta property=\"og:image\" content=\"https:\/\/now-news.de\/de\/wp-content\/uploads\/sites\/3\/2024\/07\/6691198448fbef259a01a65a.jpg\" \/>\n<meta name=\"author\" content=\"rtnews\" \/>\n<meta name=\"twitter:card\" content=\"summary_large_image\" \/>\n<meta name=\"twitter:creator\" content=\"@WirMachenAuf_de\" \/>\n<meta name=\"twitter:site\" content=\"@WirMachenAuf_de\" \/>\n<meta name=\"twitter:label1\" content=\"Verfasst von\" \/>\n\t<meta name=\"twitter:data1\" content=\"rtnews\" \/>\n\t<meta name=\"twitter:label2\" content=\"Gesch\u00e4tzte Lesezeit\" \/>\n\t<meta name=\"twitter:data2\" content=\"9\u00a0Minuten\" \/>\n<script type=\"application\/ld+json\" class=\"yoast-schema-graph\">{\"@context\":\"https:\/\/schema.org\",\"@graph\":[{\"@type\":\"Article\",\"@id\":\"https:\/\/now-news.de\/de\/deutschland\/selbstbestimmungsgesetz-die-menschenfeindliche-welt-der-neuen-pronomen\/#article\",\"isPartOf\":{\"@id\":\"https:\/\/now-news.de\/de\/deutschland\/selbstbestimmungsgesetz-die-menschenfeindliche-welt-der-neuen-pronomen\/\"},\"author\":{\"name\":\"rtnews\",\"@id\":\"https:\/\/now-news.de\/de\/#\/schema\/person\/fb534a4e865501d8b3285208df34a9b5\"},\"headline\":\"Selbstbestimmungsgesetz: Die menschenfeindliche Welt der neuen Pronomen\",\"datePublished\":\"2024-07-13T12:37:08+00:00\",\"dateModified\":\"2024-07-13T12:37:08+00:00\",\"mainEntityOfPage\":{\"@id\":\"https:\/\/now-news.de\/de\/deutschland\/selbstbestimmungsgesetz-die-menschenfeindliche-welt-der-neuen-pronomen\/\"},\"wordCount\":1767,\"commentCount\":0,\"publisher\":{\"@id\":\"https:\/\/now-news.de\/de\/#organization\"},\"image\":{\"@id\":\"https:\/\/now-news.de\/de\/deutschland\/selbstbestimmungsgesetz-die-menschenfeindliche-welt-der-neuen-pronomen\/#primaryimage\"},\"thumbnailUrl\":\"https:\/\/now-news.de\/de\/wp-content\/uploads\/sites\/3\/2024\/07\/Selbstbestimmungsgesetz-Die-menschenfeindliche-Welt-der-neuen-Pronomen.jpg\",\"keywords\":[\"der\",\"die\",\"menschenfeindliche\",\"neuen\",\"Pronomen\",\"Selbstbestimmungsgesetz\",\"Welt\"],\"articleSection\":[\"Deutschland\",\"Russland\"],\"inLanguage\":\"de\",\"potentialAction\":[{\"@type\":\"CommentAction\",\"name\":\"Comment\",\"target\":[\"https:\/\/now-news.de\/de\/deutschland\/selbstbestimmungsgesetz-die-menschenfeindliche-welt-der-neuen-pronomen\/#respond\"]}]},{\"@type\":\"WebPage\",\"@id\":\"https:\/\/now-news.de\/de\/deutschland\/selbstbestimmungsgesetz-die-menschenfeindliche-welt-der-neuen-pronomen\/\",\"url\":\"https:\/\/now-news.de\/de\/deutschland\/selbstbestimmungsgesetz-die-menschenfeindliche-welt-der-neuen-pronomen\/\",\"name\":\"Selbstbestimmungsgesetz: Die menschenfeindliche Welt der neuen Pronomen - just-now.NEWS Deutschland\",\"isPartOf\":{\"@id\":\"https:\/\/now-news.de\/de\/#website\"},\"primaryImageOfPage\":{\"@id\":\"https:\/\/now-news.de\/de\/deutschland\/selbstbestimmungsgesetz-die-menschenfeindliche-welt-der-neuen-pronomen\/#primaryimage\"},\"image\":{\"@id\":\"https:\/\/now-news.de\/de\/deutschland\/selbstbestimmungsgesetz-die-menschenfeindliche-welt-der-neuen-pronomen\/#primaryimage\"},\"thumbnailUrl\":\"https:\/\/now-news.de\/de\/wp-content\/uploads\/sites\/3\/2024\/07\/Selbstbestimmungsgesetz-Die-menschenfeindliche-Welt-der-neuen-Pronomen.jpg\",\"datePublished\":\"2024-07-13T12:37:08+00:00\",\"dateModified\":\"2024-07-13T12:37:08+00:00\",\"breadcrumb\":{\"@id\":\"https:\/\/now-news.de\/de\/deutschland\/selbstbestimmungsgesetz-die-menschenfeindliche-welt-der-neuen-pronomen\/#breadcrumb\"},\"inLanguage\":\"de\",\"potentialAction\":[{\"@type\":\"ReadAction\",\"target\":[\"https:\/\/now-news.de\/de\/deutschland\/selbstbestimmungsgesetz-die-menschenfeindliche-welt-der-neuen-pronomen\/\"]}]},{\"@type\":\"ImageObject\",\"inLanguage\":\"de\",\"@id\":\"https:\/\/now-news.de\/de\/deutschland\/selbstbestimmungsgesetz-die-menschenfeindliche-welt-der-neuen-pronomen\/#primaryimage\",\"url\":\"https:\/\/now-news.de\/de\/wp-content\/uploads\/sites\/3\/2024\/07\/Selbstbestimmungsgesetz-Die-menschenfeindliche-Welt-der-neuen-Pronomen.jpg\",\"contentUrl\":\"https:\/\/now-news.de\/de\/wp-content\/uploads\/sites\/3\/2024\/07\/Selbstbestimmungsgesetz-Die-menschenfeindliche-Welt-der-neuen-Pronomen.jpg\",\"width\":460,\"height\":259,\"caption\":\"Selbstbestimmungsgesetz: Die menschenfeindliche Welt der neuen Pronomen\"},{\"@type\":\"BreadcrumbList\",\"@id\":\"https:\/\/now-news.de\/de\/deutschland\/selbstbestimmungsgesetz-die-menschenfeindliche-welt-der-neuen-pronomen\/#breadcrumb\",\"itemListElement\":[{\"@type\":\"ListItem\",\"position\":1,\"name\":\"Home\",\"item\":\"https:\/\/now-news.de\/de\/\"},{\"@type\":\"ListItem\",\"position\":2,\"name\":\"Selbstbestimmungsgesetz: Die menschenfeindliche Welt der neuen Pronomen\"}]},{\"@type\":\"WebSite\",\"@id\":\"https:\/\/now-news.de\/de\/#website\",\"url\":\"https:\/\/now-news.de\/de\/\",\"name\":\"just-now.NEWS Deutschland\",\"description\":\"Das Portal f\u00fcr unzensierte Nachrichten aus der Welt\",\"publisher\":{\"@id\":\"https:\/\/now-news.de\/de\/#organization\"},\"potentialAction\":[{\"@type\":\"SearchAction\",\"target\":{\"@type\":\"EntryPoint\",\"urlTemplate\":\"https:\/\/now-news.de\/de\/?s={search_term_string}\"},\"query-input\":\"required name=search_term_string\"}],\"inLanguage\":\"de\"},{\"@type\":\"Organization\",\"@id\":\"https:\/\/now-news.de\/de\/#organization\",\"name\":\"Just Now News\",\"url\":\"https:\/\/now-news.de\/de\/\",\"logo\":{\"@type\":\"ImageObject\",\"inLanguage\":\"de\",\"@id\":\"https:\/\/now-news.de\/de\/#\/schema\/logo\/image\/\",\"url\":\"http:\/\/just-now.news\/de\/wp-content\/uploads\/sites\/3\/2022\/04\/logo500x500.jpg\",\"contentUrl\":\"http:\/\/just-now.news\/de\/wp-content\/uploads\/sites\/3\/2022\/04\/logo500x500.jpg\",\"width\":500,\"height\":500,\"caption\":\"Just Now News\"},\"image\":{\"@id\":\"https:\/\/now-news.de\/de\/#\/schema\/logo\/image\/\"},\"sameAs\":[\"https:\/\/www.facebook.com\/wirmachenauf\",\"https:\/\/x.com\/WirMachenAuf_de\"]},{\"@type\":\"Person\",\"@id\":\"https:\/\/now-news.de\/de\/#\/schema\/person\/fb534a4e865501d8b3285208df34a9b5\",\"name\":\"rtnews\",\"image\":{\"@type\":\"ImageObject\",\"inLanguage\":\"de\",\"@id\":\"https:\/\/now-news.de\/de\/#\/schema\/person\/image\/\",\"url\":\"https:\/\/secure.gravatar.com\/avatar\/82aafea7d8127119dd649515f56e2117?s=96&d=mm&r=g\",\"contentUrl\":\"https:\/\/secure.gravatar.com\/avatar\/82aafea7d8127119dd649515f56e2117?s=96&d=mm&r=g\",\"caption\":\"rtnews\"},\"url\":\"https:\/\/now-news.de\/de\/author\/rnews\/\"}]}<\/script>\n<!-- \/ Yoast SEO Premium plugin. -->","yoast_head_json":{"title":"Selbstbestimmungsgesetz: Die menschenfeindliche Welt der neuen Pronomen - just-now.NEWS Deutschland","robots":{"index":"index","follow":"follow","max-snippet":"max-snippet:-1","max-image-preview":"max-image-preview:large","max-video-preview":"max-video-preview:-1"},"canonical":"https:\/\/now-news.de\/de\/deutschland\/selbstbestimmungsgesetz-die-menschenfeindliche-welt-der-neuen-pronomen\/","og_locale":"de_DE","og_type":"article","og_title":"Selbstbestimmungsgesetz: Die menschenfeindliche Welt der neuen Pronomen","og_description":"Andernorts passiert es schon \u2013 einen als Frau verkleideten Mann falsch anzusprechen, kann bis ins Gef\u00e4ngnis oder zu einem Entzug des Sorgerechts f\u00fcr die eigenen Kinder f\u00fchren. Das deutsche Selbstbestimmungsgesetz ist auch f\u00fcr Deutschland der erste Schritt in diese Richtung. Von Dagmar Henn Jetzt tritt also im August dieses Selbstbestimmungsgesetz in\u00a0Kraft, und mit ihm Bu\u00dfgeldvorschriften, [&hellip;]","og_url":"https:\/\/now-news.de\/de\/deutschland\/selbstbestimmungsgesetz-die-menschenfeindliche-welt-der-neuen-pronomen\/","og_site_name":"just-now.NEWS Deutschland","article_publisher":"https:\/\/www.facebook.com\/wirmachenauf","article_published_time":"2024-07-13T12:37:08+00:00","og_image":[{"url":"https:\/\/now-news.de\/de\/wp-content\/uploads\/sites\/3\/2024\/07\/6691198448fbef259a01a65a.jpg"}],"author":"rtnews","twitter_card":"summary_large_image","twitter_creator":"@WirMachenAuf_de","twitter_site":"@WirMachenAuf_de","twitter_misc":{"Verfasst von":"rtnews","Gesch\u00e4tzte Lesezeit":"9\u00a0Minuten"},"schema":{"@context":"https:\/\/schema.org","@graph":[{"@type":"Article","@id":"https:\/\/now-news.de\/de\/deutschland\/selbstbestimmungsgesetz-die-menschenfeindliche-welt-der-neuen-pronomen\/#article","isPartOf":{"@id":"https:\/\/now-news.de\/de\/deutschland\/selbstbestimmungsgesetz-die-menschenfeindliche-welt-der-neuen-pronomen\/"},"author":{"name":"rtnews","@id":"https:\/\/now-news.de\/de\/#\/schema\/person\/fb534a4e865501d8b3285208df34a9b5"},"headline":"Selbstbestimmungsgesetz: Die menschenfeindliche Welt der neuen Pronomen","datePublished":"2024-07-13T12:37:08+00:00","dateModified":"2024-07-13T12:37:08+00:00","mainEntityOfPage":{"@id":"https:\/\/now-news.de\/de\/deutschland\/selbstbestimmungsgesetz-die-menschenfeindliche-welt-der-neuen-pronomen\/"},"wordCount":1767,"commentCount":0,"publisher":{"@id":"https:\/\/now-news.de\/de\/#organization"},"image":{"@id":"https:\/\/now-news.de\/de\/deutschland\/selbstbestimmungsgesetz-die-menschenfeindliche-welt-der-neuen-pronomen\/#primaryimage"},"thumbnailUrl":"https:\/\/now-news.de\/de\/wp-content\/uploads\/sites\/3\/2024\/07\/Selbstbestimmungsgesetz-Die-menschenfeindliche-Welt-der-neuen-Pronomen.jpg","keywords":["der","die","menschenfeindliche","neuen","Pronomen","Selbstbestimmungsgesetz","Welt"],"articleSection":["Deutschland","Russland"],"inLanguage":"de","potentialAction":[{"@type":"CommentAction","name":"Comment","target":["https:\/\/now-news.de\/de\/deutschland\/selbstbestimmungsgesetz-die-menschenfeindliche-welt-der-neuen-pronomen\/#respond"]}]},{"@type":"WebPage","@id":"https:\/\/now-news.de\/de\/deutschland\/selbstbestimmungsgesetz-die-menschenfeindliche-welt-der-neuen-pronomen\/","url":"https:\/\/now-news.de\/de\/deutschland\/selbstbestimmungsgesetz-die-menschenfeindliche-welt-der-neuen-pronomen\/","name":"Selbstbestimmungsgesetz: Die menschenfeindliche Welt der neuen Pronomen - just-now.NEWS Deutschland","isPartOf":{"@id":"https:\/\/now-news.de\/de\/#website"},"primaryImageOfPage":{"@id":"https:\/\/now-news.de\/de\/deutschland\/selbstbestimmungsgesetz-die-menschenfeindliche-welt-der-neuen-pronomen\/#primaryimage"},"image":{"@id":"https:\/\/now-news.de\/de\/deutschland\/selbstbestimmungsgesetz-die-menschenfeindliche-welt-der-neuen-pronomen\/#primaryimage"},"thumbnailUrl":"https:\/\/now-news.de\/de\/wp-content\/uploads\/sites\/3\/2024\/07\/Selbstbestimmungsgesetz-Die-menschenfeindliche-Welt-der-neuen-Pronomen.jpg","datePublished":"2024-07-13T12:37:08+00:00","dateModified":"2024-07-13T12:37:08+00:00","breadcrumb":{"@id":"https:\/\/now-news.de\/de\/deutschland\/selbstbestimmungsgesetz-die-menschenfeindliche-welt-der-neuen-pronomen\/#breadcrumb"},"inLanguage":"de","potentialAction":[{"@type":"ReadAction","target":["https:\/\/now-news.de\/de\/deutschland\/selbstbestimmungsgesetz-die-menschenfeindliche-welt-der-neuen-pronomen\/"]}]},{"@type":"ImageObject","inLanguage":"de","@id":"https:\/\/now-news.de\/de\/deutschland\/selbstbestimmungsgesetz-die-menschenfeindliche-welt-der-neuen-pronomen\/#primaryimage","url":"https:\/\/now-news.de\/de\/wp-content\/uploads\/sites\/3\/2024\/07\/Selbstbestimmungsgesetz-Die-menschenfeindliche-Welt-der-neuen-Pronomen.jpg","contentUrl":"https:\/\/now-news.de\/de\/wp-content\/uploads\/sites\/3\/2024\/07\/Selbstbestimmungsgesetz-Die-menschenfeindliche-Welt-der-neuen-Pronomen.jpg","width":460,"height":259,"caption":"Selbstbestimmungsgesetz: Die menschenfeindliche Welt der neuen Pronomen"},{"@type":"BreadcrumbList","@id":"https:\/\/now-news.de\/de\/deutschland\/selbstbestimmungsgesetz-die-menschenfeindliche-welt-der-neuen-pronomen\/#breadcrumb","itemListElement":[{"@type":"ListItem","position":1,"name":"Home","item":"https:\/\/now-news.de\/de\/"},{"@type":"ListItem","position":2,"name":"Selbstbestimmungsgesetz: Die menschenfeindliche Welt der neuen Pronomen"}]},{"@type":"WebSite","@id":"https:\/\/now-news.de\/de\/#website","url":"https:\/\/now-news.de\/de\/","name":"just-now.NEWS Deutschland","description":"Das Portal f\u00fcr unzensierte Nachrichten aus der Welt","publisher":{"@id":"https:\/\/now-news.de\/de\/#organization"},"potentialAction":[{"@type":"SearchAction","target":{"@type":"EntryPoint","urlTemplate":"https:\/\/now-news.de\/de\/?s={search_term_string}"},"query-input":"required name=search_term_string"}],"inLanguage":"de"},{"@type":"Organization","@id":"https:\/\/now-news.de\/de\/#organization","name":"Just Now News","url":"https:\/\/now-news.de\/de\/","logo":{"@type":"ImageObject","inLanguage":"de","@id":"https:\/\/now-news.de\/de\/#\/schema\/logo\/image\/","url":"http:\/\/just-now.news\/de\/wp-content\/uploads\/sites\/3\/2022\/04\/logo500x500.jpg","contentUrl":"http:\/\/just-now.news\/de\/wp-content\/uploads\/sites\/3\/2022\/04\/logo500x500.jpg","width":500,"height":500,"caption":"Just Now News"},"image":{"@id":"https:\/\/now-news.de\/de\/#\/schema\/logo\/image\/"},"sameAs":["https:\/\/www.facebook.com\/wirmachenauf","https:\/\/x.com\/WirMachenAuf_de"]},{"@type":"Person","@id":"https:\/\/now-news.de\/de\/#\/schema\/person\/fb534a4e865501d8b3285208df34a9b5","name":"rtnews","image":{"@type":"ImageObject","inLanguage":"de","@id":"https:\/\/now-news.de\/de\/#\/schema\/person\/image\/","url":"https:\/\/secure.gravatar.com\/avatar\/82aafea7d8127119dd649515f56e2117?s=96&d=mm&r=g","contentUrl":"https:\/\/secure.gravatar.com\/avatar\/82aafea7d8127119dd649515f56e2117?s=96&d=mm&r=g","caption":"rtnews"},"url":"https:\/\/now-news.de\/de\/author\/rnews\/"}]}},"_links":{"self":[{"href":"https:\/\/now-news.de\/de\/wp-json\/wp\/v2\/posts\/64661"}],"collection":[{"href":"https:\/\/now-news.de\/de\/wp-json\/wp\/v2\/posts"}],"about":[{"href":"https:\/\/now-news.de\/de\/wp-json\/wp\/v2\/types\/post"}],"author":[{"embeddable":true,"href":"https:\/\/now-news.de\/de\/wp-json\/wp\/v2\/users\/3"}],"replies":[{"embeddable":true,"href":"https:\/\/now-news.de\/de\/wp-json\/wp\/v2\/comments?post=64661"}],"version-history":[{"count":0,"href":"https:\/\/now-news.de\/de\/wp-json\/wp\/v2\/posts\/64661\/revisions"}],"wp:featuredmedia":[{"embeddable":true,"href":"https:\/\/now-news.de\/de\/wp-json\/wp\/v2\/media\/64662"}],"wp:attachment":[{"href":"https:\/\/now-news.de\/de\/wp-json\/wp\/v2\/media?parent=64661"}],"wp:term":[{"taxonomy":"category","embeddable":true,"href":"https:\/\/now-news.de\/de\/wp-json\/wp\/v2\/categories?post=64661"},{"taxonomy":"post_tag","embeddable":true,"href":"https:\/\/now-news.de\/de\/wp-json\/wp\/v2\/tags?post=64661"}],"curies":[{"name":"wp","href":"https:\/\/api.w.org\/{rel}","templated":true}]}}