{"id":64641,"date":"2024-07-13T07:00:19","date_gmt":"2024-07-13T05:00:19","guid":{"rendered":"https:\/\/now-news.de\/de\/deutschland\/der-nato-gipfel-in-washington-ein-test-sowohl-fuer-biden-als-auch-fuer-die-usa\/"},"modified":"2024-07-13T07:00:19","modified_gmt":"2024-07-13T05:00:19","slug":"der-nato-gipfel-in-washington-ein-test-sowohl-fuer-biden-als-auch-fuer-die-usa","status":"publish","type":"post","link":"https:\/\/now-news.de\/de\/deutschland\/der-nato-gipfel-in-washington-ein-test-sowohl-fuer-biden-als-auch-fuer-die-usa\/","title":{"rendered":"Der NATO-Gipfel in Washington: Ein Test sowohl f\u00fcr Biden als auch f\u00fcr die USA"},"content":{"rendered":"<p><img decoding=\"async\" src=\"https:\/\/now-news.de\/de\/wp-content\/uploads\/sites\/3\/2024\/07\/66912141b480cc65e13fe8b5.jpg\" \/><\/p>\n<div class=\"Text-root Text-type_1 \">\n                Die Ergebnisse des NATO-Gipfels in Washington waren nicht nur Versprechen an Kiew und nicht nur die Erkl\u00e4rung des B\u00fcndnisses, in der von einer umfassenden Bedrohung durch Moskau die Rede ist. Die USA selbst sowie auch Biden haben ihre eigenen Pr\u00fcfungen vor den Verb\u00fcndeten abgelegt.\n            <\/div>\n<p><\/p>\n<div class=\"Text-root Text-type_5 ArticleView-text ViewText-root \">\n<p><em>Von Geworg Mirsajan<\/em><strong><\/strong><\/p>\n<p>In Washington fand ein NATO-Gipfel statt. Oberfl\u00e4chlich betrachtet sieht es so aus, als w\u00e4re das Hauptthema die Ukraine. Das Kiewer Regime fordert von der NATO Waffen und einen klaren Plan f\u00fcr den Beitritt zum B\u00fcndnis. Der Westen hat der Ukraine in der Tat etwas geholfen \u2013 er versprach Luftabwehrsysteme sowie die Lieferung von einigen Dutzend F-16-Flugzeugen in naher Zukunft.<strong><\/strong><\/p>\n<p>Der Hauptdarsteller auf der B\u00fchne war dieses Mal jedoch nicht Selenskij. Wie <em>CNN<\/em>\u00a0<a rel=\"nofollow noopener\" target=\"_blank\" href=\"https:\/\/edition.cnn.com\/2024\/07\/09\/politics\/biden-nato-analysis\/index.html\">schrieb<\/a>, sollte der NATO-Gipfel zu einem &#8220;\u00f6ffentlichen Test der Gesundheit und der kognitiven F\u00e4higkeiten des 81-j\u00e4hrigen Joe Biden&#8221; werden. Laut <em>CNN<\/em> wird &#8220;jede seiner Bewegungen, jede Geste, jedes Wort unter die Lupe genommen werden \u2013 vor allem, nachdem das Bild eines alternden und gelegentlich unartikulierten Oberbefehlshabers bei der Debatte in Atlanta im letzten Monat 50 Millionen Zuschauern eingebl\u00e4ut wurde&#8221;.<strong><\/strong><\/p>\n<p>Genau das ist geschehen, und es gab mindestens zwei Gruppen von Pr\u00fcfern. Zur ersten geh\u00f6ren die US-Amerikaner selbst \u2013 die Elite der Demokratischen Partei sowie die normalen W\u00e4hler, die in weniger als drei Monaten den Namen des n\u00e4chsten US-Pr\u00e4sidenten bestimmen m\u00fcssen.<strong><\/strong><\/p>\n<p>Die Demokratische Partei ist gespalten. Einige versichern, dass Biden dringend ausgewechselt werden muss, da sein Gesundheitszustand es ihm nicht erlauben wird, einen Wahlkampf zu f\u00fchren und mit dem republikanischen Kandidaten Donald Trump zu konkurrieren. Andere sagen, dass Biden beibehalten werden sollte, und sei es nur, weil die Demokraten keine passable Alternative haben und Biden selbst nicht gehen will.<strong><\/strong><\/p>\n<p>Man ging davon aus, dass im Falle eines miserablen Abschneidens des US-Pr\u00e4sidenten auf dem Gipfel alle Parteibosse geschlossen zu ihm kommen und ihn mit der Tatsache konfrontieren w\u00fcrden, dass er in W\u00fcrde abtreten solle \u2013 auch unter der Drohung, sich auf Artikel 25 der Verfassung zu berufen, der mit Zustimmung des Kongresses eine vorzeitige Beendigung der Befugnisse des Pr\u00e4sidenten und einen unw\u00fcrdigen Abgang erlaubt. Und eines der Argumente wird sein, dass die Zustimmung des Pr\u00e4sidenten bei den US-Amerikanern, die einmal mehr von seiner Unf\u00e4higkeit \u00fcberzeugt sind, weiter sinken wird.<strong><\/strong><\/p>\n<p>Biden hat diese erste Pr\u00fcfung, die auf dem NATO-Gipfel stattfand, nicht bestanden. In seinen Reden wirkte der US-Pr\u00e4sident nicht \u00fcberzeugend und wurde zum Helden neuer peinlicher Situationen \u2013 insbesondere als er \u00fcber die Frau von NATO-Generalsekret\u00e4r Jens Stoltenberg sprach, formulierte er die Worte in einer Art und Weise, dass es so klang, als h\u00e4tte er ein intimes Verh\u00e4ltnis mit ihr.<strong><\/strong><\/p>\n<p>Es \u00fcberrascht nicht, dass unmittelbar nach dem Gipfel die Wahrscheinlichkeit eines Wahlsieges des amtierenden Pr\u00e4sidenten bei den Buchmachern um fast ein Viertel sank (von 20 Prozent auf 15 Prozent) und die Spenden f\u00fcr seine Kampagne drastisch zur\u00fcckgingen. Eine Reihe von gesponserten Spendenveranstaltungen wurde ganz abgesagt.<strong><\/strong><\/p>\n<p>Andererseits weigert sich Biden weiterhin, aus dem Wahlkampf auszusteigen und greift sogar seine Kritiker an. In seinem Brief an die Kongressabgeordneten vom 8. August, der den US-Medien zugespielt wurde, erpresste Biden sie sogar mit der W\u00e4hlerschaft. Er erkl\u00e4rte, dass die Vorwahlen vorbei seien, dass diejenigen, die versucht h\u00e4tten, ihn in diesen Vorwahlen herauszufordern, verloren h\u00e4tten und er gen\u00fcgend Stimmen habe, um auf dem Parteitag der Demokraten automatisch gew\u00e4hlt zu werden.<strong><\/strong><\/p>\n<p>In den kommenden Tagen m\u00fcssen die Demokraten entscheiden, ob sie den Druck auf den Pr\u00e4sidenten erh\u00f6hen und versuchen, eine passable Alternative zu finden, die es bislang nicht gibt, oder ob sie seine Nominierung akzeptieren. Und es bleibt keine Zeit zum Z\u00f6gern \u2013 in der ersten Augusth\u00e4lfte laufen in einer Reihe von US-Bundesstaaten alle m\u00f6glichen Fristen f\u00fcr die Registrierung von Kandidaten ab.<strong><\/strong><\/p>\n<p>Die zweite Gruppe von Bidens Pr\u00fcfern waren Verb\u00fcndete. Nach Angaben des ehemaligen US-Botschafters bei der NATO, Kurt Volker, kamen die Staats- und Regierungschefs der NATO-Mitgliedstaaten nach Washington, um sich zu vergewissern, dass die USA bereit sind, die Organisation weiterhin zu f\u00fchren. Und zwar nicht nur Bidens pers\u00f6nliche Bereitschaft, an dessen Wahlsieg immer weniger westliche F\u00fchrer glauben, sondern auch die der Vereinigten Staaten selbst. Die Zeitung <em>Christian Science Monitor<\/em>\u00a0<a rel=\"nofollow noopener\" target=\"_blank\" href=\"https:\/\/www.csmonitor.com\/USA\/Foreign-Policy\/2024\/0709\/NATO-summit-ukraine-biden-trump\">schreibt<\/a>:<strong><\/strong><\/p>\n<blockquote>\n<p><em>&#8220;Die zweifelhaften politischen Aussichten des Pr\u00e4sidenten haben die Bef\u00fcrchtungen der Mitgliedsstaaten des B\u00fcndnisses \u00fcber die R\u00fcckkehr des spalterischen Donald Trump ins Wei\u00dfe Haus und dar\u00fcber, was diese R\u00fcckkehr f\u00fcr das B\u00fcndnis und die gesamten transatlantischen Beziehungen bedeuten wird, noch verst\u00e4rkt.&#8221;<\/em><strong><\/strong><\/p>\n<\/blockquote>\n<p>Diese Bef\u00fcrchtungen sind nicht \u00fcberraschend: Unter Biden floriert die NATO. Das Nachrichtenmagazin <em>Slate<\/em>\u00a0<a rel=\"nofollow noopener\" target=\"_blank\" href=\"https:\/\/slate.com\/news-and-politics\/2024\/07\/nato-summit-biden-washington-putin-zelensky-orban.html\">schreibt<\/a> seinerseits:<strong><\/strong><\/p>\n<blockquote>\n<p><em>&#8220;Biden hat viel getan, um das Nordatlantische B\u00fcndnis nach der absch\u00e4tzigen und feindseligen Behandlung der NATO w\u00e4hrend der vierj\u00e4hrigen Pr\u00e4sidentschaft von Donald Trump wiederzubeleben \u2026 Biden sah in B\u00fcndnissen ein Schl\u00fcsselinstrument seiner Au\u00dfenpolitik und proklamierte die NATO als das zentrale dieser B\u00fcndnisse, ohne die US-amerikanische Interessen und Werte in einer turbulenten Welt nicht lange \u00fcberleben k\u00f6nnten.&#8221;<\/em><strong><\/strong><\/p>\n<\/blockquote>\n<p>Dar\u00fcber hinaus vertritt die EU in Bezug auf die Ereignisse in der Ukraine inzwischen eine weitaus h\u00e4rtere Linie als die Biden-Regierung selbst. Und diese Haltung wird nur dann von Vorteil sein, wenn nach den US-Pr\u00e4sidentschaftswahlen ein Pr\u00e4sident und\/oder ein Team im Wei\u00dfen Haus sitzen, die bereit sind, bis zum letzten Ukrainer in den Krieg gegen Russland zu ziehen \u2013 die mit Europa ein gemeinsames &#8220;Kreuzritter&#8221;-Konzept gegen\u00fcber Moskau verfolgen werden.<strong><\/strong><\/p>\n<p>Sollte jedoch mit Trump ein Pragmatiker ins Wei\u00dfe Haus einziehen, der wiederholt seine Bereitschaft zu Verhandlungen mit Moskau erkl\u00e4rt hat, k\u00f6nnte sich Europa sowohl in dem Konflikt als auch im Verhandlungsprozess am Rande wiederfinden.<strong><\/strong><\/p>\n<p>Weiterhin bef\u00fcrchtet die EU, dass Trump Europa ausschlie\u00dflich als Rohstofflieferant anstelle von China ben\u00f6tigt und sch\u00e4tzt und dass er Europa mit Russland allein lassen wird, und sei es nur, weil Amerika in dieser Angelegenheit nicht mehr gebraucht wird. Der US-amerikanische Politikwissenschaftler Stephen Walt <a rel=\"nofollow noopener\" target=\"_blank\" href=\"https:\/\/foreignpolicy.com\/2024\/07\/08\/nato-75-anniversary-washington-summit-trouble\/\">schreibt<\/a>:<strong><\/strong><\/p>\n<blockquote>\n<p><em>&#8220;Als die NATO 1949 gegr\u00fcndet wurde, erholten sich die europ\u00e4ischen Staaten gerade vom Zweiten Weltkrieg, und die UdSSR stellte eine Bedrohung dar, der Europa ohne die Vereinigten Staaten nicht gewachsen war. Europa selbst war ein wichtiges Zentrum der industriellen Entwicklung und daher ein wichtiger strategischer Gewinn. Das ist heute nicht mehr der Fall. Die UdSSR und der Warschauer Pakt existieren nicht mehr, und Russland hat nicht die F\u00e4higkeit, den europ\u00e4ischen Kontinent zu erobern und zu unterwerfen.&#8221;<\/em><strong><\/strong><\/p>\n<\/blockquote>\n<p>Europa ist immer noch ein Gewinn, aber die USA bekommen ihn auf eine andere Art und Weise \u2013 indem sie Ressourcen aus den europ\u00e4ischen Volkswirtschaften abziehen.<strong><\/strong><\/p>\n<p>Warum also sollten die USA die Kosten f\u00fcr die Existenz der NATO tragen? Nach Ansicht von Experten wird Trump diese Frage stellen \u2013 und einen Gro\u00dfteil der NATO-Finanzierung auf andere B\u00fcndnisl\u00e4nder verlagern. Trump wird Europa dazu zwingen, sich selbst zu verteidigen, woran die europ\u00e4ischen Staats- und Regierungschefs schon lange nicht mehr gew\u00f6hnt sind. Das endg\u00fcltige Ergebnis dieser Pr\u00fcfung wird sich im Ergebnis der US-Pr\u00e4sidentschaftswahlen zeigen.<strong><\/strong><\/p>\n<p>Ja, einige Medien, unter anderem der <em>Economist<\/em>, <a rel=\"nofollow noopener\" target=\"_blank\" href=\"https:\/\/www.economist.com\/leaders\/2024\/07\/04\/how-to-trump-proof-americas-alliances\">weisen<\/a> darauf hin, dass eine der Optionen zum &#8220;Schutz der NATO vor Trump&#8221; darin best\u00fcnde, die Ukraine in das B\u00fcndnis aufzunehmen. Dies k\u00f6nnte zu einem hohen Konfliktniveau in der Region f\u00fchren und Donald Trump daran hindern, sich mit Moskau zu einigen. Wie der NATO-Gipfel jedoch gezeigt hat, ist die Wahrscheinlichkeit einer solchen Aufnahme vor den US-Wahlen nahezu gleich null. Sie erfordert einen Konsens unter den NATO-L\u00e4ndern, und im Moment sind die meisten Mitglieder des B\u00fcndnisses \u00fcberhaupt nicht bereit, eine direkte milit\u00e4rische Auseinandersetzung mit Russland zu riskieren. Das gilt auch f\u00fcr die Vereinigten Staaten selbst.<strong><\/strong><\/p>\n<p><em>\u00dcbersetzt aus dem Russischen und zuerst <\/em><a rel=\"nofollow noopener\" target=\"_blank\" href=\"https:\/\/m.vz.ru\/world\/2024\/7\/11\/1276925.html\"><em>erschienen<\/em><\/a><em> bei Wsgljad.<\/em><strong><\/strong><\/p>\n<p><strong><em>Geworg Mirsajan<\/em><\/strong><em> ist au\u00dferordentlicher Professor an der Finanzuniversit\u00e4t der Regierung der Russischen F\u00f6deration, Politikwissenschaftler und eine Pers\u00f6nlichkeit des \u00f6ffentlichen Lebens. Geboren wurde er 1984 in Taschkent. Er machte seinen Abschluss an der Staatlichen Universit\u00e4t in Kuban und promovierte in Politikwissenschaft mit dem Schwerpunkt USA. Er war von 2005 bis 2016 Forscher am Institut f\u00fcr die Vereinigten Staaten und Kanada an der Russischen Akademie der Wissenschaften.<\/em><\/p>\n<p><strong>Mehr zum Thema<\/strong> &#8211; <a rel=\"nofollow noopener\" target=\"_blank\" href=\"https:\/\/freedert.online\/russland\/212069-fuehrender-russischer-politologe-welt-ist\/\">F\u00fchrender russischer Politologe: &#8220;Die Welt steht am Rand eines Abgrunds&#8221;<\/a><\/p>\n<\/div>\n<p><br \/>\n<br \/><a href=\"https:\/\/de.rt.com\/meinung\/212160-nato-gipfel-wurde-test-sowohl\/\">Source link <\/a><\/p>\n","protected":false},"excerpt":{"rendered":"<p>Die Ergebnisse des NATO-Gipfels in Washington waren nicht nur Versprechen an Kiew und nicht nur die Erkl\u00e4rung des B\u00fcndnisses, in der von einer umfassenden Bedrohung durch Moskau die Rede ist. Die USA selbst sowie auch Biden haben ihre eigenen Pr\u00fcfungen vor den Verb\u00fcndeten abgelegt. Von Geworg Mirsajan In Washington fand ein NATO-Gipfel statt. Oberfl\u00e4chlich betrachtet [&hellip;]<\/p>\n","protected":false},"author":3,"featured_media":64642,"comment_status":"open","ping_status":"open","sticky":false,"template":"","format":"standard","meta":{"_yoast_indexnow_last_ping":["1720847182"],"wp_automatic_camp":["217"],"d18f12628a21bf1c652894c80646d4cd":["Der NATO-Gipfel in Washington: Ein Test sowohl f\u00fcr Biden als auch f\u00fcr die USA"],"original_link":["https:\/\/de.rt.com\/meinung\/212160-nato-gipfel-wurde-test-sowohl\/"],"_thumbnail_id":["64642"],"jnews_social_counter_last_update":["1776894321"],"_wptgpro_p2tg_sent2tg":["a:1:{i:23737;s:19:\"2024-07-13 07:07:32\";}"]},"categories":[19,23],"tags":[273,1475,1348,82,45,357,221,45494,26948,5878,193,1039],"yoast_head":"<!-- This site is optimized with the Yoast SEO Premium plugin v22.7 (Yoast SEO v22.7) - https:\/\/yoast.com\/wordpress\/plugins\/seo\/ -->\n<title>Der NATO-Gipfel in Washington: Ein Test sowohl f\u00fcr Biden als auch f\u00fcr die USA - just-now.NEWS Deutschland<\/title>\n<meta name=\"robots\" content=\"index, follow, max-snippet:-1, max-image-preview:large, max-video-preview:-1\" \/>\n<link rel=\"canonical\" href=\"https:\/\/now-news.de\/de\/deutschland\/der-nato-gipfel-in-washington-ein-test-sowohl-fuer-biden-als-auch-fuer-die-usa\/\" \/>\n<meta property=\"og:locale\" content=\"de_DE\" \/>\n<meta property=\"og:type\" content=\"article\" \/>\n<meta property=\"og:title\" content=\"Der NATO-Gipfel in Washington: Ein Test sowohl f\u00fcr Biden als auch f\u00fcr die USA\" \/>\n<meta property=\"og:description\" content=\"Die Ergebnisse des NATO-Gipfels in Washington waren nicht nur Versprechen an Kiew und nicht nur die Erkl\u00e4rung des B\u00fcndnisses, in der von einer umfassenden Bedrohung durch Moskau die Rede ist. Die USA selbst sowie auch Biden haben ihre eigenen Pr\u00fcfungen vor den Verb\u00fcndeten abgelegt. Von Geworg Mirsajan In Washington fand ein NATO-Gipfel statt. Oberfl\u00e4chlich betrachtet [&hellip;]\" \/>\n<meta property=\"og:url\" content=\"https:\/\/now-news.de\/de\/deutschland\/der-nato-gipfel-in-washington-ein-test-sowohl-fuer-biden-als-auch-fuer-die-usa\/\" \/>\n<meta property=\"og:site_name\" content=\"just-now.NEWS Deutschland\" \/>\n<meta property=\"article:publisher\" content=\"https:\/\/www.facebook.com\/wirmachenauf\" \/>\n<meta property=\"article:published_time\" content=\"2024-07-13T05:00:19+00:00\" \/>\n<meta property=\"og:image\" content=\"https:\/\/now-news.de\/de\/wp-content\/uploads\/sites\/3\/2024\/07\/66912141b480cc65e13fe8b5.jpg\" \/>\n<meta name=\"author\" content=\"rtnews\" \/>\n<meta name=\"twitter:card\" content=\"summary_large_image\" \/>\n<meta name=\"twitter:creator\" content=\"@WirMachenAuf_de\" \/>\n<meta name=\"twitter:site\" content=\"@WirMachenAuf_de\" \/>\n<meta name=\"twitter:label1\" content=\"Verfasst von\" \/>\n\t<meta name=\"twitter:data1\" content=\"rtnews\" \/>\n\t<meta name=\"twitter:label2\" content=\"Gesch\u00e4tzte Lesezeit\" \/>\n\t<meta name=\"twitter:data2\" content=\"7\u00a0Minuten\" \/>\n<script type=\"application\/ld+json\" class=\"yoast-schema-graph\">{\"@context\":\"https:\/\/schema.org\",\"@graph\":[{\"@type\":\"Article\",\"@id\":\"https:\/\/now-news.de\/de\/deutschland\/der-nato-gipfel-in-washington-ein-test-sowohl-fuer-biden-als-auch-fuer-die-usa\/#article\",\"isPartOf\":{\"@id\":\"https:\/\/now-news.de\/de\/deutschland\/der-nato-gipfel-in-washington-ein-test-sowohl-fuer-biden-als-auch-fuer-die-usa\/\"},\"author\":{\"name\":\"rtnews\",\"@id\":\"https:\/\/now-news.de\/de\/#\/schema\/person\/fb534a4e865501d8b3285208df34a9b5\"},\"headline\":\"Der NATO-Gipfel in Washington: Ein Test sowohl f\u00fcr Biden als auch f\u00fcr die USA\",\"datePublished\":\"2024-07-13T05:00:19+00:00\",\"dateModified\":\"2024-07-13T05:00:19+00:00\",\"mainEntityOfPage\":{\"@id\":\"https:\/\/now-news.de\/de\/deutschland\/der-nato-gipfel-in-washington-ein-test-sowohl-fuer-biden-als-auch-fuer-die-usa\/\"},\"wordCount\":1403,\"commentCount\":0,\"publisher\":{\"@id\":\"https:\/\/now-news.de\/de\/#organization\"},\"image\":{\"@id\":\"https:\/\/now-news.de\/de\/deutschland\/der-nato-gipfel-in-washington-ein-test-sowohl-fuer-biden-als-auch-fuer-die-usa\/#primaryimage\"},\"thumbnailUrl\":\"https:\/\/now-news.de\/de\/wp-content\/uploads\/sites\/3\/2024\/07\/Der-NATO-Gipfel-in-Washington-Ein-Test-sowohl-fuer-Biden-als.jpg\",\"keywords\":[\"als\",\"auch\",\"Biden\",\"der\",\"die\",\"ein\",\"f\u00fcr\",\"NATOGipfel\",\"Sowohl\",\"test\",\"USA\",\"Washington\"],\"articleSection\":[\"Deutschland\",\"Russland\"],\"inLanguage\":\"de\",\"potentialAction\":[{\"@type\":\"CommentAction\",\"name\":\"Comment\",\"target\":[\"https:\/\/now-news.de\/de\/deutschland\/der-nato-gipfel-in-washington-ein-test-sowohl-fuer-biden-als-auch-fuer-die-usa\/#respond\"]}]},{\"@type\":\"WebPage\",\"@id\":\"https:\/\/now-news.de\/de\/deutschland\/der-nato-gipfel-in-washington-ein-test-sowohl-fuer-biden-als-auch-fuer-die-usa\/\",\"url\":\"https:\/\/now-news.de\/de\/deutschland\/der-nato-gipfel-in-washington-ein-test-sowohl-fuer-biden-als-auch-fuer-die-usa\/\",\"name\":\"Der NATO-Gipfel in Washington: Ein Test sowohl f\u00fcr Biden als auch f\u00fcr die USA - just-now.NEWS Deutschland\",\"isPartOf\":{\"@id\":\"https:\/\/now-news.de\/de\/#website\"},\"primaryImageOfPage\":{\"@id\":\"https:\/\/now-news.de\/de\/deutschland\/der-nato-gipfel-in-washington-ein-test-sowohl-fuer-biden-als-auch-fuer-die-usa\/#primaryimage\"},\"image\":{\"@id\":\"https:\/\/now-news.de\/de\/deutschland\/der-nato-gipfel-in-washington-ein-test-sowohl-fuer-biden-als-auch-fuer-die-usa\/#primaryimage\"},\"thumbnailUrl\":\"https:\/\/now-news.de\/de\/wp-content\/uploads\/sites\/3\/2024\/07\/Der-NATO-Gipfel-in-Washington-Ein-Test-sowohl-fuer-Biden-als.jpg\",\"datePublished\":\"2024-07-13T05:00:19+00:00\",\"dateModified\":\"2024-07-13T05:00:19+00:00\",\"breadcrumb\":{\"@id\":\"https:\/\/now-news.de\/de\/deutschland\/der-nato-gipfel-in-washington-ein-test-sowohl-fuer-biden-als-auch-fuer-die-usa\/#breadcrumb\"},\"inLanguage\":\"de\",\"potentialAction\":[{\"@type\":\"ReadAction\",\"target\":[\"https:\/\/now-news.de\/de\/deutschland\/der-nato-gipfel-in-washington-ein-test-sowohl-fuer-biden-als-auch-fuer-die-usa\/\"]}]},{\"@type\":\"ImageObject\",\"inLanguage\":\"de\",\"@id\":\"https:\/\/now-news.de\/de\/deutschland\/der-nato-gipfel-in-washington-ein-test-sowohl-fuer-biden-als-auch-fuer-die-usa\/#primaryimage\",\"url\":\"https:\/\/now-news.de\/de\/wp-content\/uploads\/sites\/3\/2024\/07\/Der-NATO-Gipfel-in-Washington-Ein-Test-sowohl-fuer-Biden-als.jpg\",\"contentUrl\":\"https:\/\/now-news.de\/de\/wp-content\/uploads\/sites\/3\/2024\/07\/Der-NATO-Gipfel-in-Washington-Ein-Test-sowohl-fuer-Biden-als.jpg\",\"width\":460,\"height\":259,\"caption\":\"Der NATO-Gipfel in Washington: Ein Test sowohl f\u00fcr Biden als auch f\u00fcr die USA\"},{\"@type\":\"BreadcrumbList\",\"@id\":\"https:\/\/now-news.de\/de\/deutschland\/der-nato-gipfel-in-washington-ein-test-sowohl-fuer-biden-als-auch-fuer-die-usa\/#breadcrumb\",\"itemListElement\":[{\"@type\":\"ListItem\",\"position\":1,\"name\":\"Home\",\"item\":\"https:\/\/now-news.de\/de\/\"},{\"@type\":\"ListItem\",\"position\":2,\"name\":\"Der NATO-Gipfel in Washington: Ein Test sowohl f\u00fcr Biden als auch f\u00fcr die USA\"}]},{\"@type\":\"WebSite\",\"@id\":\"https:\/\/now-news.de\/de\/#website\",\"url\":\"https:\/\/now-news.de\/de\/\",\"name\":\"just-now.NEWS Deutschland\",\"description\":\"Das Portal f\u00fcr unzensierte Nachrichten aus der Welt\",\"publisher\":{\"@id\":\"https:\/\/now-news.de\/de\/#organization\"},\"potentialAction\":[{\"@type\":\"SearchAction\",\"target\":{\"@type\":\"EntryPoint\",\"urlTemplate\":\"https:\/\/now-news.de\/de\/?s={search_term_string}\"},\"query-input\":\"required name=search_term_string\"}],\"inLanguage\":\"de\"},{\"@type\":\"Organization\",\"@id\":\"https:\/\/now-news.de\/de\/#organization\",\"name\":\"Just Now News\",\"url\":\"https:\/\/now-news.de\/de\/\",\"logo\":{\"@type\":\"ImageObject\",\"inLanguage\":\"de\",\"@id\":\"https:\/\/now-news.de\/de\/#\/schema\/logo\/image\/\",\"url\":\"http:\/\/just-now.news\/de\/wp-content\/uploads\/sites\/3\/2022\/04\/logo500x500.jpg\",\"contentUrl\":\"http:\/\/just-now.news\/de\/wp-content\/uploads\/sites\/3\/2022\/04\/logo500x500.jpg\",\"width\":500,\"height\":500,\"caption\":\"Just Now News\"},\"image\":{\"@id\":\"https:\/\/now-news.de\/de\/#\/schema\/logo\/image\/\"},\"sameAs\":[\"https:\/\/www.facebook.com\/wirmachenauf\",\"https:\/\/x.com\/WirMachenAuf_de\"]},{\"@type\":\"Person\",\"@id\":\"https:\/\/now-news.de\/de\/#\/schema\/person\/fb534a4e865501d8b3285208df34a9b5\",\"name\":\"rtnews\",\"image\":{\"@type\":\"ImageObject\",\"inLanguage\":\"de\",\"@id\":\"https:\/\/now-news.de\/de\/#\/schema\/person\/image\/\",\"url\":\"https:\/\/secure.gravatar.com\/avatar\/82aafea7d8127119dd649515f56e2117?s=96&d=mm&r=g\",\"contentUrl\":\"https:\/\/secure.gravatar.com\/avatar\/82aafea7d8127119dd649515f56e2117?s=96&d=mm&r=g\",\"caption\":\"rtnews\"},\"url\":\"https:\/\/now-news.de\/de\/author\/rnews\/\"}]}<\/script>\n<!-- \/ Yoast SEO Premium plugin. -->","yoast_head_json":{"title":"Der NATO-Gipfel in Washington: Ein Test sowohl f\u00fcr Biden als auch f\u00fcr die USA - just-now.NEWS Deutschland","robots":{"index":"index","follow":"follow","max-snippet":"max-snippet:-1","max-image-preview":"max-image-preview:large","max-video-preview":"max-video-preview:-1"},"canonical":"https:\/\/now-news.de\/de\/deutschland\/der-nato-gipfel-in-washington-ein-test-sowohl-fuer-biden-als-auch-fuer-die-usa\/","og_locale":"de_DE","og_type":"article","og_title":"Der NATO-Gipfel in Washington: Ein Test sowohl f\u00fcr Biden als auch f\u00fcr die USA","og_description":"Die Ergebnisse des NATO-Gipfels in Washington waren nicht nur Versprechen an Kiew und nicht nur die Erkl\u00e4rung des B\u00fcndnisses, in der von einer umfassenden Bedrohung durch Moskau die Rede ist. Die USA selbst sowie auch Biden haben ihre eigenen Pr\u00fcfungen vor den Verb\u00fcndeten abgelegt. Von Geworg Mirsajan In Washington fand ein NATO-Gipfel statt. Oberfl\u00e4chlich betrachtet [&hellip;]","og_url":"https:\/\/now-news.de\/de\/deutschland\/der-nato-gipfel-in-washington-ein-test-sowohl-fuer-biden-als-auch-fuer-die-usa\/","og_site_name":"just-now.NEWS Deutschland","article_publisher":"https:\/\/www.facebook.com\/wirmachenauf","article_published_time":"2024-07-13T05:00:19+00:00","og_image":[{"url":"https:\/\/now-news.de\/de\/wp-content\/uploads\/sites\/3\/2024\/07\/66912141b480cc65e13fe8b5.jpg"}],"author":"rtnews","twitter_card":"summary_large_image","twitter_creator":"@WirMachenAuf_de","twitter_site":"@WirMachenAuf_de","twitter_misc":{"Verfasst von":"rtnews","Gesch\u00e4tzte Lesezeit":"7\u00a0Minuten"},"schema":{"@context":"https:\/\/schema.org","@graph":[{"@type":"Article","@id":"https:\/\/now-news.de\/de\/deutschland\/der-nato-gipfel-in-washington-ein-test-sowohl-fuer-biden-als-auch-fuer-die-usa\/#article","isPartOf":{"@id":"https:\/\/now-news.de\/de\/deutschland\/der-nato-gipfel-in-washington-ein-test-sowohl-fuer-biden-als-auch-fuer-die-usa\/"},"author":{"name":"rtnews","@id":"https:\/\/now-news.de\/de\/#\/schema\/person\/fb534a4e865501d8b3285208df34a9b5"},"headline":"Der NATO-Gipfel in Washington: Ein Test sowohl f\u00fcr Biden als auch f\u00fcr die USA","datePublished":"2024-07-13T05:00:19+00:00","dateModified":"2024-07-13T05:00:19+00:00","mainEntityOfPage":{"@id":"https:\/\/now-news.de\/de\/deutschland\/der-nato-gipfel-in-washington-ein-test-sowohl-fuer-biden-als-auch-fuer-die-usa\/"},"wordCount":1403,"commentCount":0,"publisher":{"@id":"https:\/\/now-news.de\/de\/#organization"},"image":{"@id":"https:\/\/now-news.de\/de\/deutschland\/der-nato-gipfel-in-washington-ein-test-sowohl-fuer-biden-als-auch-fuer-die-usa\/#primaryimage"},"thumbnailUrl":"https:\/\/now-news.de\/de\/wp-content\/uploads\/sites\/3\/2024\/07\/Der-NATO-Gipfel-in-Washington-Ein-Test-sowohl-fuer-Biden-als.jpg","keywords":["als","auch","Biden","der","die","ein","f\u00fcr","NATOGipfel","Sowohl","test","USA","Washington"],"articleSection":["Deutschland","Russland"],"inLanguage":"de","potentialAction":[{"@type":"CommentAction","name":"Comment","target":["https:\/\/now-news.de\/de\/deutschland\/der-nato-gipfel-in-washington-ein-test-sowohl-fuer-biden-als-auch-fuer-die-usa\/#respond"]}]},{"@type":"WebPage","@id":"https:\/\/now-news.de\/de\/deutschland\/der-nato-gipfel-in-washington-ein-test-sowohl-fuer-biden-als-auch-fuer-die-usa\/","url":"https:\/\/now-news.de\/de\/deutschland\/der-nato-gipfel-in-washington-ein-test-sowohl-fuer-biden-als-auch-fuer-die-usa\/","name":"Der NATO-Gipfel in Washington: Ein Test sowohl f\u00fcr Biden als auch f\u00fcr die USA - just-now.NEWS Deutschland","isPartOf":{"@id":"https:\/\/now-news.de\/de\/#website"},"primaryImageOfPage":{"@id":"https:\/\/now-news.de\/de\/deutschland\/der-nato-gipfel-in-washington-ein-test-sowohl-fuer-biden-als-auch-fuer-die-usa\/#primaryimage"},"image":{"@id":"https:\/\/now-news.de\/de\/deutschland\/der-nato-gipfel-in-washington-ein-test-sowohl-fuer-biden-als-auch-fuer-die-usa\/#primaryimage"},"thumbnailUrl":"https:\/\/now-news.de\/de\/wp-content\/uploads\/sites\/3\/2024\/07\/Der-NATO-Gipfel-in-Washington-Ein-Test-sowohl-fuer-Biden-als.jpg","datePublished":"2024-07-13T05:00:19+00:00","dateModified":"2024-07-13T05:00:19+00:00","breadcrumb":{"@id":"https:\/\/now-news.de\/de\/deutschland\/der-nato-gipfel-in-washington-ein-test-sowohl-fuer-biden-als-auch-fuer-die-usa\/#breadcrumb"},"inLanguage":"de","potentialAction":[{"@type":"ReadAction","target":["https:\/\/now-news.de\/de\/deutschland\/der-nato-gipfel-in-washington-ein-test-sowohl-fuer-biden-als-auch-fuer-die-usa\/"]}]},{"@type":"ImageObject","inLanguage":"de","@id":"https:\/\/now-news.de\/de\/deutschland\/der-nato-gipfel-in-washington-ein-test-sowohl-fuer-biden-als-auch-fuer-die-usa\/#primaryimage","url":"https:\/\/now-news.de\/de\/wp-content\/uploads\/sites\/3\/2024\/07\/Der-NATO-Gipfel-in-Washington-Ein-Test-sowohl-fuer-Biden-als.jpg","contentUrl":"https:\/\/now-news.de\/de\/wp-content\/uploads\/sites\/3\/2024\/07\/Der-NATO-Gipfel-in-Washington-Ein-Test-sowohl-fuer-Biden-als.jpg","width":460,"height":259,"caption":"Der NATO-Gipfel in Washington: Ein Test sowohl f\u00fcr Biden als auch f\u00fcr die USA"},{"@type":"BreadcrumbList","@id":"https:\/\/now-news.de\/de\/deutschland\/der-nato-gipfel-in-washington-ein-test-sowohl-fuer-biden-als-auch-fuer-die-usa\/#breadcrumb","itemListElement":[{"@type":"ListItem","position":1,"name":"Home","item":"https:\/\/now-news.de\/de\/"},{"@type":"ListItem","position":2,"name":"Der NATO-Gipfel in Washington: Ein Test sowohl f\u00fcr Biden als auch f\u00fcr die USA"}]},{"@type":"WebSite","@id":"https:\/\/now-news.de\/de\/#website","url":"https:\/\/now-news.de\/de\/","name":"just-now.NEWS Deutschland","description":"Das Portal f\u00fcr unzensierte Nachrichten aus der Welt","publisher":{"@id":"https:\/\/now-news.de\/de\/#organization"},"potentialAction":[{"@type":"SearchAction","target":{"@type":"EntryPoint","urlTemplate":"https:\/\/now-news.de\/de\/?s={search_term_string}"},"query-input":"required name=search_term_string"}],"inLanguage":"de"},{"@type":"Organization","@id":"https:\/\/now-news.de\/de\/#organization","name":"Just Now News","url":"https:\/\/now-news.de\/de\/","logo":{"@type":"ImageObject","inLanguage":"de","@id":"https:\/\/now-news.de\/de\/#\/schema\/logo\/image\/","url":"http:\/\/just-now.news\/de\/wp-content\/uploads\/sites\/3\/2022\/04\/logo500x500.jpg","contentUrl":"http:\/\/just-now.news\/de\/wp-content\/uploads\/sites\/3\/2022\/04\/logo500x500.jpg","width":500,"height":500,"caption":"Just Now News"},"image":{"@id":"https:\/\/now-news.de\/de\/#\/schema\/logo\/image\/"},"sameAs":["https:\/\/www.facebook.com\/wirmachenauf","https:\/\/x.com\/WirMachenAuf_de"]},{"@type":"Person","@id":"https:\/\/now-news.de\/de\/#\/schema\/person\/fb534a4e865501d8b3285208df34a9b5","name":"rtnews","image":{"@type":"ImageObject","inLanguage":"de","@id":"https:\/\/now-news.de\/de\/#\/schema\/person\/image\/","url":"https:\/\/secure.gravatar.com\/avatar\/82aafea7d8127119dd649515f56e2117?s=96&d=mm&r=g","contentUrl":"https:\/\/secure.gravatar.com\/avatar\/82aafea7d8127119dd649515f56e2117?s=96&d=mm&r=g","caption":"rtnews"},"url":"https:\/\/now-news.de\/de\/author\/rnews\/"}]}},"_links":{"self":[{"href":"https:\/\/now-news.de\/de\/wp-json\/wp\/v2\/posts\/64641"}],"collection":[{"href":"https:\/\/now-news.de\/de\/wp-json\/wp\/v2\/posts"}],"about":[{"href":"https:\/\/now-news.de\/de\/wp-json\/wp\/v2\/types\/post"}],"author":[{"embeddable":true,"href":"https:\/\/now-news.de\/de\/wp-json\/wp\/v2\/users\/3"}],"replies":[{"embeddable":true,"href":"https:\/\/now-news.de\/de\/wp-json\/wp\/v2\/comments?post=64641"}],"version-history":[{"count":0,"href":"https:\/\/now-news.de\/de\/wp-json\/wp\/v2\/posts\/64641\/revisions"}],"wp:featuredmedia":[{"embeddable":true,"href":"https:\/\/now-news.de\/de\/wp-json\/wp\/v2\/media\/64642"}],"wp:attachment":[{"href":"https:\/\/now-news.de\/de\/wp-json\/wp\/v2\/media?parent=64641"}],"wp:term":[{"taxonomy":"category","embeddable":true,"href":"https:\/\/now-news.de\/de\/wp-json\/wp\/v2\/categories?post=64641"},{"taxonomy":"post_tag","embeddable":true,"href":"https:\/\/now-news.de\/de\/wp-json\/wp\/v2\/tags?post=64641"}],"curies":[{"name":"wp","href":"https:\/\/api.w.org\/{rel}","templated":true}]}}