{"id":64613,"date":"2024-07-12T18:21:32","date_gmt":"2024-07-12T16:21:32","guid":{"rendered":"https:\/\/now-news.de\/de\/deutschland\/selenskij-und-die-nato-setzen-auf-einen-schlag-ins-innere-russlands\/"},"modified":"2024-07-12T18:21:32","modified_gmt":"2024-07-12T16:21:32","slug":"selenskij-und-die-nato-setzen-auf-einen-schlag-ins-innere-russlands","status":"publish","type":"post","link":"https:\/\/now-news.de\/de\/deutschland\/selenskij-und-die-nato-setzen-auf-einen-schlag-ins-innere-russlands\/","title":{"rendered":"Selenskij und die NATO setzen auf einen Schlag ins Innere Russlands"},"content":{"rendered":"<p><img decoding=\"async\" src=\"https:\/\/now-news.de\/de\/wp-content\/uploads\/sites\/3\/2024\/07\/6691334c48fbef207c79c87f.jpg\" \/><\/p>\n<div class=\"Text-root Text-type_1 \">\n                Dank Viktor Orb\u00e1n wurde der Gesamtplan bekannt, auf dessen Grundlage Wladimir Selenskij erwartet, Russland zu besiegen. Die NATO ist bereit, die Umsetzung dieses Plans zu gew\u00e4hrleisten, da er weder die Entsendung von NATO-Truppen in die Ukraine noch einen kritischen Anstieg der Kosten impliziert. Worum geht es darin?\n            <\/div>\n<p><\/p>\n<div class=\"Text-root Text-type_5 ArticleView-text ViewText-root \">\n<p><em>Von Dmitri Bawyrin<\/em><\/p>\n<p>Die Ergebnisse des NATO-Jubil\u00e4umsgipfels sind der Goldstandard f\u00fcr die Ukraine. Zwar wurde sie nicht in die NATO aufgenommen (Wladimir Selenskij selbst glaubt nicht, dass dies geschehen wird), doch wurde ihr erneut eine Vollmitgliedschaft irgendwann in der Zukunft garantiert, wenn alle f\u00fcr Kiew gestellten Bedingungen erf\u00fcllt sind und alle B\u00fcndnismitglieder dem zustimmen.<\/p>\n<p>Die Grundvoraussetzung bleibt dieselbe \u2013 ein milit\u00e4rischer Sieg \u00fcber Russland. Das steht zwar nicht in der gemeinsamen Erkl\u00e4rung der Gipfelteilnehmer (im Gegenteil, dort hei\u00dft es heuchlerisch, dass das B\u00fcndnis &#8220;keine Konfrontation sucht und keine Bedrohung f\u00fcr Russland darstellt&#8221;); es wurde aber schon mehrfach von f\u00fchrenden NATO-Funktion\u00e4ren erkl\u00e4rt.<\/p>\n<p>Dies erschwert Selenskijs Beziehungen zu seinen Sponsoren erheblich, da sein Plan von der entgegengesetzten Handlungsabfolge ausging \u2013 beginnend mit einem NATO-Beitritt, um den milit\u00e4rischen Konflikt mit Russland zu gewinnen.<\/p>\n<p>F\u00fcr Russland selbst ist das Gipfelergebnis die absolute Fokussierung des B\u00fcndnisses auf die Fortsetzung der milit\u00e4rischen Konfrontation und die Verwirklichung seiner Ziele. Das Kommuniqu\u00e9 bekr\u00e4ftigt die Absicht einer weiteren Expansion in der Schwarzmeerregion und auf dem Balkan, obwohl dieser Prozess die eigentliche Ursache des Konflikts war und zu einem Dritten Weltkrieg zu f\u00fchren droht.<\/p>\n<p><em>Sie haben es nicht verstanden. Sie haben die Argumente nicht geh\u00f6rt. Sie haben ihre Meinung nicht ge\u00e4ndert. Sie wollen nicht zur\u00fcckweichen.<\/em><\/p>\n<p>Gleichzeitig f\u00f6rdert das B\u00fcndnis weiterhin das Konzept einer &#8220;Isolierung Russlands&#8221;, die zwar offensichtlich nicht realisierbar ist, aber dennoch angestrebt wird. Die NATO appelliert an die ganze Welt, die Zusammenarbeit mit Russland zu verweigern und konzentriert sich dabei auf die Kritik an vier L\u00e4ndern: Wei\u00dfrussland, Iran, China und Nordkorea.<\/p>\n<p>Peking gab bereits eine h\u00f6fliche, aber entschlossene Antwort an die NATO; aber hier geht es nicht darum, dass die Drohungen des B\u00fcndnisses nicht funktionieren (sie hatten gegen\u00fcber dem Globalen S\u00fcden bisher keine Wirkung, vielmehr wurde das Gegenteil erreicht), sondern darum, dass die NATO es nicht f\u00fcr denkbar h\u00e4lt, ihre Ziele aufzugeben.<\/p>\n<p><em>Das B\u00fcndnis ist noch nicht bereit f\u00fcr eine scharfe Eskalation, will aber zumindest im gleichen Sinne weitermachen.<\/em><\/p>\n<p>Die Rolle des Hauptinstruments zur Abschreckung &#8220;Russlands als Hauptbedrohung&#8221; wird nat\u00fcrlich der Ukraine zugewiesen. Kiew wurde von der NATO f\u00fcr 2025 eine Milit\u00e4rhilfe in H\u00f6he von 40 Milliarden Euro zugesagt, und es wird davon ausgegangen, dass die Hilfe systematisch, das hei\u00dft zumindest j\u00e4hrlich erfolgen wird. Wegen der Positionen einiger L\u00e4nder konnte dieser systematische Ansatz bisher nicht im Kommuniqu\u00e9 verankert werden.<\/p>\n<p>In diesen 40 Milliarden sind aber weder die F-16-Kampfflugzeuge, mit deren \u00dcbergabe an Kiew aus den Niederlanden und D\u00e4nemark bereits begonnen wurde, noch die zus\u00e4tzliche Ausr\u00fcstung f\u00fcr die Luftabwehr enthalten. Was letztere betrifft, so scheint es, als h\u00e4tte Selenskij sie erbeten, obwohl es sich um die Erf\u00fcllung fr\u00fcherer Zusagen handelt.<\/p>\n<p>Wird es zum Erreichen des Hauptziels, Russland zu besiegen, ausreichen? Das B\u00fcndnis tut so, als ob es ausreichen w\u00fcrde: entsprechend \u00e4u\u00dferte sich beispielsweise US-Au\u00dfenminister Anthony Blinken. Aber fast alle au\u00dfenstehenden Beobachter und vor allem die Ukraine selbst sagen: Nein, es wird nicht reichen.<\/p>\n<p>Selenskij fordert 100 Kampfflugzeuge mehr, als ihm zur Verf\u00fcgung gestellt werden, also viermal so viele.<\/p>\n<p>&#8220;Wir brauchen mehr Waffen&#8221;, stimmt ihm der ukrainische Verteidigungsminister Rustam Umerow zu. Und er macht eine Intrige: &#8220;Wir haben einen Plan.&#8221;<\/p>\n<p>Dieser Plan ist merkw\u00fcrdigerweise bekannt und wurde kurz vor dem Gipfel dank Ungarn und seines Ministerpr\u00e4sidenten Viktor Orb\u00e1n hervorgehoben. Budapest hat eine grundlegend andere Sichtweise auf den Konflikt und die Rolle der NATO in ihm, aber Orb\u00e1n wurde \u00fcberzeugt oder gezwungen, Initiativen zur Unterst\u00fctzung Kiews nicht zu blockieren.<\/p>\n<p>Stattdessen begab er sich auf eine &#8220;Friedenstour&#8221; entlang der Route Kiew-Moskau-Peking-Washington (das Gipfeltreffen fand gerade in Washington statt) und erfuhr bei seinen Treffen mit Selenskij, dem russischen Pr\u00e4sidenten Wladimir Putin und dem chinesischen Pr\u00e4sidenten Xi Jinping viel Aufschlussreiches. Daf\u00fcr erntete er seitens der EU Beschimpfungen, und Ungarn wurden ernsthafte Konsequenzen angedroht; aber Orb\u00e1n beschloss geschickterweise, die breite \u00d6ffentlichkeit in die Diskussion einzubeziehen: Er sandte einen Brief an die EU-Institutionen und -Mitgliedsstaaten mit einem Bericht \u00fcber seine Mission, der sofort in der Presse bekannt wurde.<\/p>\n<p>Orb\u00e1n l\u00e4dt somit jeden Einzelnen dazu ein, selbst zu vergleichen und eigene Schl\u00fcsse zu ziehen, wessen Handeln rationaler und friedensstiftender ist \u2013 das des ungarischen Ministerpr\u00e4sidenten oder das seiner Kritiker.<\/p>\n<p>Uns interessiert nun vor allem der Plan Selenskijs, mit dessen Hilfe er Russland zerschlagen will. Und diesen Plan erhielt Orb\u00e1n in Kiew, denn die Forderung nach einem &#8220;milit\u00e4rischen Sieg mit Waffengewalt&#8221; funktioniert bei ihm nicht.<\/p>\n<p>Sowohl der ungarische Ministerpr\u00e4sident als auch der Mann, der sich selbst als Pr\u00e4sident der Ukraine bezeichnet, sind sich dessen bewusst und best\u00e4tigten dies: Die Unterst\u00fctzung, die die NATO den ukrainischen Streitkr\u00e4ften gew\u00e4hren kann, reicht nicht aus, um einen milit\u00e4rischen Durchbruch zu erzielen. Sie mag helfen, die russische Offensive einzud\u00e4mmen, aber sie kann den Konflikt nicht umkehren. Und was dann?<\/p>\n<p>&#8220;Der ukrainische Pr\u00e4sident ist zuversichtlich, dass die russischen Streitkr\u00e4fte Mitte n\u00e4chsten Jahres zu einer Generalmobilmachung gezwungen sein werden, was zu einer inneren Destabilisierung f\u00fchren wird. Er glaubt, dass die ukrainischen Streitkr\u00e4fte stabil und gut ausgebildet sind und ihre Kampfkraft auch langfristig aufrechterhalten k\u00f6nnen, wenn der Westen weiterhin Waffen liefert. Er glaubt, dass die Zeit auf der Seite der Ukraine und nicht auf der Seite Russlands steht&#8221;, hei\u00dft es in Orb\u00e1ns Brief.<\/p>\n<p>Das hei\u00dft, Selenskij glaubt, dass die westlichen Waffen ausreichen werden, um die russischen Streitkr\u00e4fte zu ersch\u00f6pfen und erheblich zu reduzieren, was eine erneute Mobilisierung provozieren soll, die in Russland wiederum zu Aufruhr und einem Staatsstreich wie im Jahr 1917 f\u00fchren wird.<\/p>\n<p>Dieser Plan ist im Grunde genommen nichts Neues. Selbst die Idee westlicher Sanktionen war Teil des Plans. Kiew hoffte bereits im Fr\u00fchjahr 2022 und im Herbst desselben Jahres, als die Mobilisierung begann, auf Unruhen und einen internen Putsch [in Russland]. Ebenso w\u00e4hrend Prigoschins &#8220;Marsch nach Moskau&#8221;. Man hofft immer noch auf etwas, denn auf irgendetwas muss man hoffen.<\/p>\n<p>In der Realit\u00e4t stellt der M\u00e4nnermangel kein hypothetisches Problem in Russland dar, wo \u2013 wie Wladimir Putin feststellte \u2013 &#8220;die Menschen selbst kommen, um ihre Heimat zu verteidigen&#8221;. Allerdings ist er ein \u00e4u\u00dferst akutes Problem in der Ukraine, was durch die starke Zunahme der Zahl der Wehrdienstverweigerer (der &#8220;Uchiljanten&#8221;, wie man dort sagt) im Westen des Landes, vor allem in Galizien, der Heimat des militanten, gegen Russland gerichteten Nationalismus, deutlich wird. Dies ist unter anderem darauf zur\u00fcckzuf\u00fchren, dass die russischsprachigen Regionen, in denen es dutzendfach weniger &#8220;Uchiljanten&#8221; gibt, von den ukrainischen Beh\u00f6rden als potenziell illoyal entv\u00f6lkert wurden.<\/p>\n<p>Sie hofften, dass dies ausreichen w\u00fcrde. Jetzt ist diese Hoffnung gestorben: sie &#8220;harken&#8221; alle aus, da die Front jeden braucht, und Menschen sind eine Ressource, mit der die NATO Kiew nicht helfen wird.<\/p>\n<p>Auch deshalb war der russische Staatschef von der Behauptung, dass die Zeit f\u00fcr die Ukraine arbeite, sehr verwundert. Nach seiner eigenen Einsch\u00e4tzung, die auch in Orb\u00e1ns Brief hervorgehoben wird, arbeitet die Zeit f\u00fcr Russland, und die monatlichen Verluste der ukrainischen Streitkr\u00e4fte belaufen sich auf 40.000 bis 50.000 Soldaten \u2013 Tendenz steigend.<\/p>\n<p>Der ungarische Ministerpr\u00e4sident betonte in seiner Depesche die fundamental unterschiedlichen Interpretationen der Lage an der Front, ohne sich einer von beiden anzuschlie\u00dfen. Dies machte auch der ungarische Au\u00dfenminister P\u00e9ter Szijj\u00e1rt\u00f3 deutlich, der der Ukraine den Untergang voraussagte, wenn der Konflikt nicht beendet wird.<\/p>\n<p>Die offensichtliche Unrealisierbarkeit dieses Plans ist jedoch weder f\u00fcr die NATO noch f\u00fcr Selenskij ein Hindernis, an ihm festzuhalten (wie die letzten zwei Jahre beweisen). Sie werden es versuchen, wobei der Hauptschlag ins Innere Russlands gerichtet sein wird, um Instabilit\u00e4t und Unruhe zu schaffen, die durch Verluste an der Front hervorgerufen werden sollen.<\/p>\n<p>Aber wie es in einer Anekdote aus Odessa hei\u00dft: &#8220;Macht euch keine Hoffnungen.&#8221;<\/p>\n<p><strong>Mehr zum Thema<\/strong> \u2013 <a rel=\"nofollow noopener\" target=\"_blank\" href=\"https:\/\/freeassange.rtde.life\/international\/212111-eu-will-waffen-mit-reichweite\/\">EU will Waffen mit einer Reichweite von 2.000 Kilometern herstellen <\/a><\/p>\n<div class=\"EmbedBlock-root EmbedBlock-externalVideo EmbedBlock-odysee\">\n<div class=\"VkEmbed\"><iframe class=\"lazyload\" data-src=\"https:\/\/odysee.com\/%24\/embed\/%40RTDE%3Ae%2FScholz-zur-Stationierung-von-US-Hyperschallraketen-in-Deutschland---Sehr-gute-Entscheidung-%3Af\" frameborder=\"0\" width=\"853\" height=\"480\" allowfullscreen><\/iframe><\/div>\n<\/div>\n<p><em>\u00dcbersetzt aus dem Russischen. Der Artikel ist am 11. Juli 2024 zuerst auf der Zeitung Wsgljad <a rel=\"nofollow noopener\" target=\"_blank\" href=\"https:\/\/vz.ru\/redir\/?source=vz_top_news&amp;id=1277048&amp;vzurl=\/politics\/2024\/7\/11\/1277048.html\">erschienen<\/a>.<\/em><\/p>\n<\/div>\n<p><br \/>\n<br \/><a href=\"https:\/\/de.rt.com\/international\/212133-selenskij-und-nato-setzen-auf-einen-schlag-ins-innere-russlands\/\">Source link <\/a><\/p>\n","protected":false},"excerpt":{"rendered":"<p>Dank Viktor Orb\u00e1n wurde der Gesamtplan bekannt, auf dessen Grundlage Wladimir Selenskij erwartet, Russland zu besiegen. Die NATO ist bereit, die Umsetzung dieses Plans zu gew\u00e4hrleisten, da er weder die Entsendung von NATO-Truppen in die Ukraine noch einen kritischen Anstieg der Kosten impliziert. Worum geht es darin? Von Dmitri Bawyrin Die Ergebnisse des NATO-Jubil\u00e4umsgipfels sind [&hellip;]<\/p>\n","protected":false},"author":3,"featured_media":64614,"comment_status":"open","ping_status":"open","sticky":false,"template":"","format":"standard","meta":{"_yoast_indexnow_last_ping":["1720801935"],"wp_automatic_camp":["217"],"76e12be0f660c6f293e401afe1a1cbba":["Selenskij und die NATO setzen auf einen Schlag ins Innere Russlands"],"original_link":["https:\/\/de.rt.com\/international\/212133-selenskij-und-nato-setzen-auf-einen-schlag-ins-innere-russlands\/"],"_thumbnail_id":["64614"],"jnews_social_counter_last_update":["1777369200"],"_wptgpro_p2tg_sent2tg":["a:1:{i:23737;s:19:\"2024-07-12 18:33:18\";}"]},"categories":[19,23],"tags":[133,45,768,33356,1678,2697,142,6406,6158,19207,140],"yoast_head":"<!-- This site is optimized with the Yoast SEO Premium plugin v22.7 (Yoast SEO v22.7) - https:\/\/yoast.com\/wordpress\/plugins\/seo\/ -->\n<title>Selenskij und die NATO setzen auf einen Schlag ins Innere Russlands - just-now.NEWS Deutschland<\/title>\n<meta name=\"robots\" content=\"index, follow, max-snippet:-1, max-image-preview:large, max-video-preview:-1\" \/>\n<link rel=\"canonical\" href=\"https:\/\/now-news.de\/de\/deutschland\/selenskij-und-die-nato-setzen-auf-einen-schlag-ins-innere-russlands\/\" \/>\n<meta property=\"og:locale\" content=\"de_DE\" \/>\n<meta property=\"og:type\" content=\"article\" \/>\n<meta property=\"og:title\" content=\"Selenskij und die NATO setzen auf einen Schlag ins Innere Russlands\" \/>\n<meta property=\"og:description\" content=\"Dank Viktor Orb\u00e1n wurde der Gesamtplan bekannt, auf dessen Grundlage Wladimir Selenskij erwartet, Russland zu besiegen. Die NATO ist bereit, die Umsetzung dieses Plans zu gew\u00e4hrleisten, da er weder die Entsendung von NATO-Truppen in die Ukraine noch einen kritischen Anstieg der Kosten impliziert. Worum geht es darin? Von Dmitri Bawyrin Die Ergebnisse des NATO-Jubil\u00e4umsgipfels sind [&hellip;]\" \/>\n<meta property=\"og:url\" content=\"https:\/\/now-news.de\/de\/deutschland\/selenskij-und-die-nato-setzen-auf-einen-schlag-ins-innere-russlands\/\" \/>\n<meta property=\"og:site_name\" content=\"just-now.NEWS Deutschland\" \/>\n<meta property=\"article:publisher\" content=\"https:\/\/www.facebook.com\/wirmachenauf\" \/>\n<meta property=\"article:published_time\" content=\"2024-07-12T16:21:32+00:00\" \/>\n<meta property=\"og:image\" content=\"https:\/\/now-news.de\/de\/wp-content\/uploads\/sites\/3\/2024\/07\/6691334c48fbef207c79c87f.jpg\" \/>\n<meta name=\"author\" content=\"rtnews\" \/>\n<meta name=\"twitter:card\" content=\"summary_large_image\" \/>\n<meta name=\"twitter:creator\" content=\"@WirMachenAuf_de\" \/>\n<meta name=\"twitter:site\" content=\"@WirMachenAuf_de\" \/>\n<meta name=\"twitter:label1\" content=\"Verfasst von\" \/>\n\t<meta name=\"twitter:data1\" content=\"rtnews\" \/>\n\t<meta name=\"twitter:label2\" content=\"Gesch\u00e4tzte Lesezeit\" \/>\n\t<meta name=\"twitter:data2\" content=\"7\u00a0Minuten\" \/>\n<script type=\"application\/ld+json\" class=\"yoast-schema-graph\">{\"@context\":\"https:\/\/schema.org\",\"@graph\":[{\"@type\":\"Article\",\"@id\":\"https:\/\/now-news.de\/de\/deutschland\/selenskij-und-die-nato-setzen-auf-einen-schlag-ins-innere-russlands\/#article\",\"isPartOf\":{\"@id\":\"https:\/\/now-news.de\/de\/deutschland\/selenskij-und-die-nato-setzen-auf-einen-schlag-ins-innere-russlands\/\"},\"author\":{\"name\":\"rtnews\",\"@id\":\"https:\/\/now-news.de\/de\/#\/schema\/person\/fb534a4e865501d8b3285208df34a9b5\"},\"headline\":\"Selenskij und die NATO setzen auf einen Schlag ins Innere Russlands\",\"datePublished\":\"2024-07-12T16:21:32+00:00\",\"dateModified\":\"2024-07-12T16:21:32+00:00\",\"mainEntityOfPage\":{\"@id\":\"https:\/\/now-news.de\/de\/deutschland\/selenskij-und-die-nato-setzen-auf-einen-schlag-ins-innere-russlands\/\"},\"wordCount\":1416,\"commentCount\":0,\"publisher\":{\"@id\":\"https:\/\/now-news.de\/de\/#organization\"},\"image\":{\"@id\":\"https:\/\/now-news.de\/de\/deutschland\/selenskij-und-die-nato-setzen-auf-einen-schlag-ins-innere-russlands\/#primaryimage\"},\"thumbnailUrl\":\"https:\/\/now-news.de\/de\/wp-content\/uploads\/sites\/3\/2024\/07\/Selenskij-und-die-NATO-setzen-auf-einen-Schlag-ins-Innere.jpg\",\"keywords\":[\"AUF\",\"die\",\"einen\",\"innere\",\"ins\",\"nato\",\"Russlands\",\"Schlag\",\"Selenskij\",\"setzen\",\"und\"],\"articleSection\":[\"Deutschland\",\"Russland\"],\"inLanguage\":\"de\",\"potentialAction\":[{\"@type\":\"CommentAction\",\"name\":\"Comment\",\"target\":[\"https:\/\/now-news.de\/de\/deutschland\/selenskij-und-die-nato-setzen-auf-einen-schlag-ins-innere-russlands\/#respond\"]}]},{\"@type\":\"WebPage\",\"@id\":\"https:\/\/now-news.de\/de\/deutschland\/selenskij-und-die-nato-setzen-auf-einen-schlag-ins-innere-russlands\/\",\"url\":\"https:\/\/now-news.de\/de\/deutschland\/selenskij-und-die-nato-setzen-auf-einen-schlag-ins-innere-russlands\/\",\"name\":\"Selenskij und die NATO setzen auf einen Schlag ins Innere Russlands - just-now.NEWS Deutschland\",\"isPartOf\":{\"@id\":\"https:\/\/now-news.de\/de\/#website\"},\"primaryImageOfPage\":{\"@id\":\"https:\/\/now-news.de\/de\/deutschland\/selenskij-und-die-nato-setzen-auf-einen-schlag-ins-innere-russlands\/#primaryimage\"},\"image\":{\"@id\":\"https:\/\/now-news.de\/de\/deutschland\/selenskij-und-die-nato-setzen-auf-einen-schlag-ins-innere-russlands\/#primaryimage\"},\"thumbnailUrl\":\"https:\/\/now-news.de\/de\/wp-content\/uploads\/sites\/3\/2024\/07\/Selenskij-und-die-NATO-setzen-auf-einen-Schlag-ins-Innere.jpg\",\"datePublished\":\"2024-07-12T16:21:32+00:00\",\"dateModified\":\"2024-07-12T16:21:32+00:00\",\"breadcrumb\":{\"@id\":\"https:\/\/now-news.de\/de\/deutschland\/selenskij-und-die-nato-setzen-auf-einen-schlag-ins-innere-russlands\/#breadcrumb\"},\"inLanguage\":\"de\",\"potentialAction\":[{\"@type\":\"ReadAction\",\"target\":[\"https:\/\/now-news.de\/de\/deutschland\/selenskij-und-die-nato-setzen-auf-einen-schlag-ins-innere-russlands\/\"]}]},{\"@type\":\"ImageObject\",\"inLanguage\":\"de\",\"@id\":\"https:\/\/now-news.de\/de\/deutschland\/selenskij-und-die-nato-setzen-auf-einen-schlag-ins-innere-russlands\/#primaryimage\",\"url\":\"https:\/\/now-news.de\/de\/wp-content\/uploads\/sites\/3\/2024\/07\/Selenskij-und-die-NATO-setzen-auf-einen-Schlag-ins-Innere.jpg\",\"contentUrl\":\"https:\/\/now-news.de\/de\/wp-content\/uploads\/sites\/3\/2024\/07\/Selenskij-und-die-NATO-setzen-auf-einen-Schlag-ins-Innere.jpg\",\"width\":460,\"height\":259,\"caption\":\"Selenskij und die NATO setzen auf einen Schlag ins Innere Russlands\"},{\"@type\":\"BreadcrumbList\",\"@id\":\"https:\/\/now-news.de\/de\/deutschland\/selenskij-und-die-nato-setzen-auf-einen-schlag-ins-innere-russlands\/#breadcrumb\",\"itemListElement\":[{\"@type\":\"ListItem\",\"position\":1,\"name\":\"Home\",\"item\":\"https:\/\/now-news.de\/de\/\"},{\"@type\":\"ListItem\",\"position\":2,\"name\":\"Selenskij und die NATO setzen auf einen Schlag ins Innere Russlands\"}]},{\"@type\":\"WebSite\",\"@id\":\"https:\/\/now-news.de\/de\/#website\",\"url\":\"https:\/\/now-news.de\/de\/\",\"name\":\"just-now.NEWS Deutschland\",\"description\":\"Das Portal f\u00fcr unzensierte Nachrichten aus der Welt\",\"publisher\":{\"@id\":\"https:\/\/now-news.de\/de\/#organization\"},\"potentialAction\":[{\"@type\":\"SearchAction\",\"target\":{\"@type\":\"EntryPoint\",\"urlTemplate\":\"https:\/\/now-news.de\/de\/?s={search_term_string}\"},\"query-input\":\"required name=search_term_string\"}],\"inLanguage\":\"de\"},{\"@type\":\"Organization\",\"@id\":\"https:\/\/now-news.de\/de\/#organization\",\"name\":\"Just Now News\",\"url\":\"https:\/\/now-news.de\/de\/\",\"logo\":{\"@type\":\"ImageObject\",\"inLanguage\":\"de\",\"@id\":\"https:\/\/now-news.de\/de\/#\/schema\/logo\/image\/\",\"url\":\"http:\/\/just-now.news\/de\/wp-content\/uploads\/sites\/3\/2022\/04\/logo500x500.jpg\",\"contentUrl\":\"http:\/\/just-now.news\/de\/wp-content\/uploads\/sites\/3\/2022\/04\/logo500x500.jpg\",\"width\":500,\"height\":500,\"caption\":\"Just Now News\"},\"image\":{\"@id\":\"https:\/\/now-news.de\/de\/#\/schema\/logo\/image\/\"},\"sameAs\":[\"https:\/\/www.facebook.com\/wirmachenauf\",\"https:\/\/x.com\/WirMachenAuf_de\"]},{\"@type\":\"Person\",\"@id\":\"https:\/\/now-news.de\/de\/#\/schema\/person\/fb534a4e865501d8b3285208df34a9b5\",\"name\":\"rtnews\",\"image\":{\"@type\":\"ImageObject\",\"inLanguage\":\"de\",\"@id\":\"https:\/\/now-news.de\/de\/#\/schema\/person\/image\/\",\"url\":\"https:\/\/secure.gravatar.com\/avatar\/82aafea7d8127119dd649515f56e2117?s=96&d=mm&r=g\",\"contentUrl\":\"https:\/\/secure.gravatar.com\/avatar\/82aafea7d8127119dd649515f56e2117?s=96&d=mm&r=g\",\"caption\":\"rtnews\"},\"url\":\"https:\/\/now-news.de\/de\/author\/rnews\/\"}]}<\/script>\n<!-- \/ Yoast SEO Premium plugin. -->","yoast_head_json":{"title":"Selenskij und die NATO setzen auf einen Schlag ins Innere Russlands - just-now.NEWS Deutschland","robots":{"index":"index","follow":"follow","max-snippet":"max-snippet:-1","max-image-preview":"max-image-preview:large","max-video-preview":"max-video-preview:-1"},"canonical":"https:\/\/now-news.de\/de\/deutschland\/selenskij-und-die-nato-setzen-auf-einen-schlag-ins-innere-russlands\/","og_locale":"de_DE","og_type":"article","og_title":"Selenskij und die NATO setzen auf einen Schlag ins Innere Russlands","og_description":"Dank Viktor Orb\u00e1n wurde der Gesamtplan bekannt, auf dessen Grundlage Wladimir Selenskij erwartet, Russland zu besiegen. Die NATO ist bereit, die Umsetzung dieses Plans zu gew\u00e4hrleisten, da er weder die Entsendung von NATO-Truppen in die Ukraine noch einen kritischen Anstieg der Kosten impliziert. Worum geht es darin? Von Dmitri Bawyrin Die Ergebnisse des NATO-Jubil\u00e4umsgipfels sind [&hellip;]","og_url":"https:\/\/now-news.de\/de\/deutschland\/selenskij-und-die-nato-setzen-auf-einen-schlag-ins-innere-russlands\/","og_site_name":"just-now.NEWS Deutschland","article_publisher":"https:\/\/www.facebook.com\/wirmachenauf","article_published_time":"2024-07-12T16:21:32+00:00","og_image":[{"url":"https:\/\/now-news.de\/de\/wp-content\/uploads\/sites\/3\/2024\/07\/6691334c48fbef207c79c87f.jpg"}],"author":"rtnews","twitter_card":"summary_large_image","twitter_creator":"@WirMachenAuf_de","twitter_site":"@WirMachenAuf_de","twitter_misc":{"Verfasst von":"rtnews","Gesch\u00e4tzte Lesezeit":"7\u00a0Minuten"},"schema":{"@context":"https:\/\/schema.org","@graph":[{"@type":"Article","@id":"https:\/\/now-news.de\/de\/deutschland\/selenskij-und-die-nato-setzen-auf-einen-schlag-ins-innere-russlands\/#article","isPartOf":{"@id":"https:\/\/now-news.de\/de\/deutschland\/selenskij-und-die-nato-setzen-auf-einen-schlag-ins-innere-russlands\/"},"author":{"name":"rtnews","@id":"https:\/\/now-news.de\/de\/#\/schema\/person\/fb534a4e865501d8b3285208df34a9b5"},"headline":"Selenskij und die NATO setzen auf einen Schlag ins Innere Russlands","datePublished":"2024-07-12T16:21:32+00:00","dateModified":"2024-07-12T16:21:32+00:00","mainEntityOfPage":{"@id":"https:\/\/now-news.de\/de\/deutschland\/selenskij-und-die-nato-setzen-auf-einen-schlag-ins-innere-russlands\/"},"wordCount":1416,"commentCount":0,"publisher":{"@id":"https:\/\/now-news.de\/de\/#organization"},"image":{"@id":"https:\/\/now-news.de\/de\/deutschland\/selenskij-und-die-nato-setzen-auf-einen-schlag-ins-innere-russlands\/#primaryimage"},"thumbnailUrl":"https:\/\/now-news.de\/de\/wp-content\/uploads\/sites\/3\/2024\/07\/Selenskij-und-die-NATO-setzen-auf-einen-Schlag-ins-Innere.jpg","keywords":["AUF","die","einen","innere","ins","nato","Russlands","Schlag","Selenskij","setzen","und"],"articleSection":["Deutschland","Russland"],"inLanguage":"de","potentialAction":[{"@type":"CommentAction","name":"Comment","target":["https:\/\/now-news.de\/de\/deutschland\/selenskij-und-die-nato-setzen-auf-einen-schlag-ins-innere-russlands\/#respond"]}]},{"@type":"WebPage","@id":"https:\/\/now-news.de\/de\/deutschland\/selenskij-und-die-nato-setzen-auf-einen-schlag-ins-innere-russlands\/","url":"https:\/\/now-news.de\/de\/deutschland\/selenskij-und-die-nato-setzen-auf-einen-schlag-ins-innere-russlands\/","name":"Selenskij und die NATO setzen auf einen Schlag ins Innere Russlands - just-now.NEWS Deutschland","isPartOf":{"@id":"https:\/\/now-news.de\/de\/#website"},"primaryImageOfPage":{"@id":"https:\/\/now-news.de\/de\/deutschland\/selenskij-und-die-nato-setzen-auf-einen-schlag-ins-innere-russlands\/#primaryimage"},"image":{"@id":"https:\/\/now-news.de\/de\/deutschland\/selenskij-und-die-nato-setzen-auf-einen-schlag-ins-innere-russlands\/#primaryimage"},"thumbnailUrl":"https:\/\/now-news.de\/de\/wp-content\/uploads\/sites\/3\/2024\/07\/Selenskij-und-die-NATO-setzen-auf-einen-Schlag-ins-Innere.jpg","datePublished":"2024-07-12T16:21:32+00:00","dateModified":"2024-07-12T16:21:32+00:00","breadcrumb":{"@id":"https:\/\/now-news.de\/de\/deutschland\/selenskij-und-die-nato-setzen-auf-einen-schlag-ins-innere-russlands\/#breadcrumb"},"inLanguage":"de","potentialAction":[{"@type":"ReadAction","target":["https:\/\/now-news.de\/de\/deutschland\/selenskij-und-die-nato-setzen-auf-einen-schlag-ins-innere-russlands\/"]}]},{"@type":"ImageObject","inLanguage":"de","@id":"https:\/\/now-news.de\/de\/deutschland\/selenskij-und-die-nato-setzen-auf-einen-schlag-ins-innere-russlands\/#primaryimage","url":"https:\/\/now-news.de\/de\/wp-content\/uploads\/sites\/3\/2024\/07\/Selenskij-und-die-NATO-setzen-auf-einen-Schlag-ins-Innere.jpg","contentUrl":"https:\/\/now-news.de\/de\/wp-content\/uploads\/sites\/3\/2024\/07\/Selenskij-und-die-NATO-setzen-auf-einen-Schlag-ins-Innere.jpg","width":460,"height":259,"caption":"Selenskij und die NATO setzen auf einen Schlag ins Innere Russlands"},{"@type":"BreadcrumbList","@id":"https:\/\/now-news.de\/de\/deutschland\/selenskij-und-die-nato-setzen-auf-einen-schlag-ins-innere-russlands\/#breadcrumb","itemListElement":[{"@type":"ListItem","position":1,"name":"Home","item":"https:\/\/now-news.de\/de\/"},{"@type":"ListItem","position":2,"name":"Selenskij und die NATO setzen auf einen Schlag ins Innere Russlands"}]},{"@type":"WebSite","@id":"https:\/\/now-news.de\/de\/#website","url":"https:\/\/now-news.de\/de\/","name":"just-now.NEWS Deutschland","description":"Das Portal f\u00fcr unzensierte Nachrichten aus der Welt","publisher":{"@id":"https:\/\/now-news.de\/de\/#organization"},"potentialAction":[{"@type":"SearchAction","target":{"@type":"EntryPoint","urlTemplate":"https:\/\/now-news.de\/de\/?s={search_term_string}"},"query-input":"required name=search_term_string"}],"inLanguage":"de"},{"@type":"Organization","@id":"https:\/\/now-news.de\/de\/#organization","name":"Just Now News","url":"https:\/\/now-news.de\/de\/","logo":{"@type":"ImageObject","inLanguage":"de","@id":"https:\/\/now-news.de\/de\/#\/schema\/logo\/image\/","url":"http:\/\/just-now.news\/de\/wp-content\/uploads\/sites\/3\/2022\/04\/logo500x500.jpg","contentUrl":"http:\/\/just-now.news\/de\/wp-content\/uploads\/sites\/3\/2022\/04\/logo500x500.jpg","width":500,"height":500,"caption":"Just Now News"},"image":{"@id":"https:\/\/now-news.de\/de\/#\/schema\/logo\/image\/"},"sameAs":["https:\/\/www.facebook.com\/wirmachenauf","https:\/\/x.com\/WirMachenAuf_de"]},{"@type":"Person","@id":"https:\/\/now-news.de\/de\/#\/schema\/person\/fb534a4e865501d8b3285208df34a9b5","name":"rtnews","image":{"@type":"ImageObject","inLanguage":"de","@id":"https:\/\/now-news.de\/de\/#\/schema\/person\/image\/","url":"https:\/\/secure.gravatar.com\/avatar\/82aafea7d8127119dd649515f56e2117?s=96&d=mm&r=g","contentUrl":"https:\/\/secure.gravatar.com\/avatar\/82aafea7d8127119dd649515f56e2117?s=96&d=mm&r=g","caption":"rtnews"},"url":"https:\/\/now-news.de\/de\/author\/rnews\/"}]}},"_links":{"self":[{"href":"https:\/\/now-news.de\/de\/wp-json\/wp\/v2\/posts\/64613"}],"collection":[{"href":"https:\/\/now-news.de\/de\/wp-json\/wp\/v2\/posts"}],"about":[{"href":"https:\/\/now-news.de\/de\/wp-json\/wp\/v2\/types\/post"}],"author":[{"embeddable":true,"href":"https:\/\/now-news.de\/de\/wp-json\/wp\/v2\/users\/3"}],"replies":[{"embeddable":true,"href":"https:\/\/now-news.de\/de\/wp-json\/wp\/v2\/comments?post=64613"}],"version-history":[{"count":0,"href":"https:\/\/now-news.de\/de\/wp-json\/wp\/v2\/posts\/64613\/revisions"}],"wp:featuredmedia":[{"embeddable":true,"href":"https:\/\/now-news.de\/de\/wp-json\/wp\/v2\/media\/64614"}],"wp:attachment":[{"href":"https:\/\/now-news.de\/de\/wp-json\/wp\/v2\/media?parent=64613"}],"wp:term":[{"taxonomy":"category","embeddable":true,"href":"https:\/\/now-news.de\/de\/wp-json\/wp\/v2\/categories?post=64613"},{"taxonomy":"post_tag","embeddable":true,"href":"https:\/\/now-news.de\/de\/wp-json\/wp\/v2\/tags?post=64613"}],"curies":[{"name":"wp","href":"https:\/\/api.w.org\/{rel}","templated":true}]}}