{"id":64594,"date":"2024-07-12T14:00:22","date_gmt":"2024-07-12T12:00:22","guid":{"rendered":"https:\/\/now-news.de\/de\/deutschland\/schweiz-psychisch-auffaelliger-mann-verletzt-mit-machete-fuenf-menschen-darunter-einen-saeugling\/"},"modified":"2024-07-12T14:00:22","modified_gmt":"2024-07-12T12:00:22","slug":"schweiz-psychisch-auffaelliger-mann-verletzt-mit-machete-fuenf-menschen-darunter-einen-saeugling","status":"publish","type":"post","link":"https:\/\/now-news.de\/de\/deutschland\/schweiz-psychisch-auffaelliger-mann-verletzt-mit-machete-fuenf-menschen-darunter-einen-saeugling\/","title":{"rendered":"Schweiz: &quot;Psychisch auff\u00e4lliger Mann&quot; verletzt mit Machete f\u00fcnf Menschen \u2013 darunter einen S\u00e4ugling"},"content":{"rendered":"<p><img decoding=\"async\" src=\"https:\/\/now-news.de\/de\/wp-content\/uploads\/sites\/3\/2024\/07\/66910a7bb480cc67ec7278ba.jpg\" \/><\/p>\n<div class=\"Text-root Text-type_1 \">\n                In St. Gallen verletzte ein 34-j\u00e4hriger Mann am Donnerstagabend mit einer Machete mehrere Personen, einige schwer. Unter den Opfern sind ein S\u00e4ugling und eine schwangere Frau. Der T\u00e4ter war der Polizei als &#8220;psychisch auff\u00e4llig&#8221; bekannt.\n            <\/div>\n<p><\/p>\n<div class=\"Text-root Text-type_5 ArticleView-text ViewText-root \">\n<p>Ein Mann hat in der Stadt St. Gallen in der nord\u00f6stlichen Schweiz am Donnerstagabend in und vor einem Mehrfamilienhaus mit einer Machete f\u00fcnf Personen attackiert und dabei teils schwer verletzt. Unter den Opfern sind eine\u00a0hochschwangere Frau und ein\u00a0drei Monate alter S\u00e4ugling. Der Mann, der sich auch selbst Verletzungen zugef\u00fcgt hatte, konnte durch die Nachbarn \u00fcberw\u00e4ltigt werden.<\/p>\n<p>Die Kantonspolizei schildert den Vorgang im Rahmen einer <a rel=\"nofollow noopener\" target=\"_blank\" href=\"https:\/\/www.polizei-schweiz.ch\/st-gallen-hochschwangere-und-mutter-mit-kind-angegriffen\/\">Mitteilung<\/a>:<\/p>\n<p><em>&#8220;Ein 34-j\u00e4hriger Schweizer, welcher im Mehrfamilienhaus Wohnungsmieter ist, verletzte mit einer Machete vier Personen, teils schwer. Gem\u00e4\u00df jetzigen Erkenntnissen griff er im Treppenhaus unvermittelt eine 29-j\u00e4hrige, hochschwangere Frau an.&#8221;<\/em><\/p>\n<p>Das Ereignis verlagerte sich im weiteren Verlauf aufgrund herbeigeeilter Nachbarn, darunter auch dem sp\u00e4ter verletzten\u00a066-j\u00e4hrigen Vater der Schwangeren, vor das Haus. Bei dem Versuch, den mit einer Machete bewaffneten Mann zu \u00fcberw\u00e4ltigen, wurden weitere Personen verletzt. Dazu hie\u00df es von der Polizei:<\/p>\n<p><em>&#8220;Weitere Nachbarn wurden auf die Geschehnisse aufmerksam. Sie folgten dem T\u00e4ter ins Freie. Dort verletzte er eine weitere 31-j\u00e4hrige Wohnungsmieterin unbestimmt. Diese Frau hatte ihr drei Monate altes Kleinkind bei sich. Auch dieses wurde verletzt. Den Nachbarn gelang es, den mutma\u00dflichen T\u00e4ter festzuhalten.&#8221;<\/em>\u00a0<\/p>\n<p>Der Mann konnte schlie\u00dflich \u00fcberw\u00e4ltigt werden. Alle in den Amoklauf involvierte Personen mussten laut Pressestelle der Polizei operiert werden. Keines der Opfer schwebt in Lebensgefahr.<\/p>\n<p>Zudem mussten die Bewohner des Mehrfamilienhauses umgehend evakuiert werden, da die Feuerwehr in der Wohnung des Mannes &#8220;eine ausgesch\u00fcttete, brennbare Fl\u00fcssigkeit sowie Gas festgestellt&#8221; hatte. Es habe &#8220;Explosionsgefahr&#8221; bestanden.\u00a0<\/p>\n<p>Zu dem T\u00e4ter wurde mitgeteilt, dass dieser &#8220;der Polizei als psychisch auff\u00e4lliger Mann bekannt&#8221; war. Weitere Details\u00a0oder Hintergr\u00fcnde wurden nicht bekannt gegeben.<\/p>\n<p><strong>Mehr zum Thema &#8211;<\/strong>\u00a0<a rel=\"nofollow noopener\" target=\"_blank\" href=\"https:\/\/freedert.online\/inland\/199561-berlin-eskalation-in-asia-grosshandelsmarkt\/\">Berlin: Eskalation in Asia-Gro\u00dfhandelsmarkt endet mit schwerverletzten Macheten- und Messer-Opfern<\/a><\/p>\n<div class=\"EmbedBlock-root EmbedBlock-externalVideo EmbedBlock-odysee\">\n<div class=\"VkEmbed\"><iframe class=\"lazyload\" data-src=\"https:\/\/odysee.com\/%24\/embed\/%40RTDE%3Ae%2F-Alter%2C-mit-der-Machete--%E2%80%93-Mehrere-Verletzte-bei-Schl%C3%A4gerei-in-Dillingen%3A0\" frameborder=\"0\" width=\"853\" height=\"480\" allowfullscreen><\/iframe><\/div>\n<\/div>\n<\/div>\n<p><br \/>\n<br \/><a href=\"https:\/\/de.rt.com\/schweiz\/212144-schweiz-psychisch-auffaelliger-mann-verletzt\/\">Source link <\/a><\/p>\n","protected":false},"excerpt":{"rendered":"<p>In St. Gallen verletzte ein 34-j\u00e4hriger Mann am Donnerstagabend mit einer Machete mehrere Personen, einige schwer. Unter den Opfern sind ein S\u00e4ugling und eine schwangere Frau. Der T\u00e4ter war der Polizei als &#8220;psychisch auff\u00e4llig&#8221; bekannt. Ein Mann hat in der Stadt St. Gallen in der nord\u00f6stlichen Schweiz am Donnerstagabend in und vor einem Mehrfamilienhaus mit [&hellip;]<\/p>\n","protected":false},"author":3,"featured_media":64595,"comment_status":"open","ping_status":"open","sticky":false,"template":"","format":"standard","meta":{"_yoast_indexnow_last_ping":["1720786316"],"wp_automatic_camp":["217"],"aaa2f143b9ff99535d84139dc07645ef":["Schweiz: &quot;Psychisch auff\u00e4lliger Mann&quot; verletzt mit Machete f\u00fcnf Menschen \u2013 darunter einen S\u00e4ugling"],"original_link":["https:\/\/de.rt.com\/schweiz\/212144-schweiz-psychisch-auffaelliger-mann-verletzt\/"],"_thumbnail_id":["64595"],"jnews_social_counter_last_update":["1777282019"],"_wptgpro_p2tg_sent2tg":["a:1:{i:23737;s:19:\"2024-07-12 14:13:00\";}"]},"categories":[19,23],"tags":[53065,9257,768,4905,27793,33762,1378,419,41464,56551,4207,7584],"yoast_head":"<!-- This site is optimized with the Yoast SEO Premium plugin v22.7 (Yoast SEO v22.7) - https:\/\/yoast.com\/wordpress\/plugins\/seo\/ -->\n<title>Schweiz: &quot;Psychisch auff\u00e4lliger Mann&quot; verletzt mit Machete f\u00fcnf Menschen \u2013 darunter einen S\u00e4ugling - just-now.NEWS Deutschland<\/title>\n<meta name=\"robots\" content=\"index, follow, max-snippet:-1, max-image-preview:large, max-video-preview:-1\" \/>\n<link rel=\"canonical\" href=\"https:\/\/now-news.de\/de\/deutschland\/schweiz-psychisch-auffaelliger-mann-verletzt-mit-machete-fuenf-menschen-darunter-einen-saeugling\/\" \/>\n<meta property=\"og:locale\" content=\"de_DE\" \/>\n<meta property=\"og:type\" content=\"article\" \/>\n<meta property=\"og:title\" content=\"Schweiz: &quot;Psychisch auff\u00e4lliger Mann&quot; verletzt mit Machete f\u00fcnf Menschen \u2013 darunter einen S\u00e4ugling\" \/>\n<meta property=\"og:description\" content=\"In St. Gallen verletzte ein 34-j\u00e4hriger Mann am Donnerstagabend mit einer Machete mehrere Personen, einige schwer. Unter den Opfern sind ein S\u00e4ugling und eine schwangere Frau. Der T\u00e4ter war der Polizei als &#8220;psychisch auff\u00e4llig&#8221; bekannt. Ein Mann hat in der Stadt St. Gallen in der nord\u00f6stlichen Schweiz am Donnerstagabend in und vor einem Mehrfamilienhaus mit [&hellip;]\" \/>\n<meta property=\"og:url\" content=\"https:\/\/now-news.de\/de\/deutschland\/schweiz-psychisch-auffaelliger-mann-verletzt-mit-machete-fuenf-menschen-darunter-einen-saeugling\/\" \/>\n<meta property=\"og:site_name\" content=\"just-now.NEWS Deutschland\" \/>\n<meta property=\"article:publisher\" content=\"https:\/\/www.facebook.com\/wirmachenauf\" \/>\n<meta property=\"article:published_time\" content=\"2024-07-12T12:00:22+00:00\" \/>\n<meta property=\"og:image\" content=\"https:\/\/now-news.de\/de\/wp-content\/uploads\/sites\/3\/2024\/07\/66910a7bb480cc67ec7278ba.jpg\" \/>\n<meta name=\"author\" content=\"rtnews\" \/>\n<meta name=\"twitter:card\" content=\"summary_large_image\" \/>\n<meta name=\"twitter:creator\" content=\"@WirMachenAuf_de\" \/>\n<meta name=\"twitter:site\" content=\"@WirMachenAuf_de\" \/>\n<meta name=\"twitter:label1\" content=\"Verfasst von\" \/>\n\t<meta name=\"twitter:data1\" content=\"rtnews\" \/>\n\t<meta name=\"twitter:label2\" content=\"Gesch\u00e4tzte Lesezeit\" \/>\n\t<meta name=\"twitter:data2\" content=\"2\u00a0Minuten\" \/>\n<script type=\"application\/ld+json\" class=\"yoast-schema-graph\">{\"@context\":\"https:\/\/schema.org\",\"@graph\":[{\"@type\":\"Article\",\"@id\":\"https:\/\/now-news.de\/de\/deutschland\/schweiz-psychisch-auffaelliger-mann-verletzt-mit-machete-fuenf-menschen-darunter-einen-saeugling\/#article\",\"isPartOf\":{\"@id\":\"https:\/\/now-news.de\/de\/deutschland\/schweiz-psychisch-auffaelliger-mann-verletzt-mit-machete-fuenf-menschen-darunter-einen-saeugling\/\"},\"author\":{\"name\":\"rtnews\",\"@id\":\"https:\/\/now-news.de\/de\/#\/schema\/person\/fb534a4e865501d8b3285208df34a9b5\"},\"headline\":\"Schweiz: &quot;Psychisch auff\u00e4lliger Mann&quot; verletzt mit Machete f\u00fcnf Menschen \u2013 darunter einen S\u00e4ugling\",\"datePublished\":\"2024-07-12T12:00:22+00:00\",\"dateModified\":\"2024-07-12T12:00:22+00:00\",\"mainEntityOfPage\":{\"@id\":\"https:\/\/now-news.de\/de\/deutschland\/schweiz-psychisch-auffaelliger-mann-verletzt-mit-machete-fuenf-menschen-darunter-einen-saeugling\/\"},\"wordCount\":354,\"commentCount\":0,\"publisher\":{\"@id\":\"https:\/\/now-news.de\/de\/#organization\"},\"image\":{\"@id\":\"https:\/\/now-news.de\/de\/deutschland\/schweiz-psychisch-auffaelliger-mann-verletzt-mit-machete-fuenf-menschen-darunter-einen-saeugling\/#primaryimage\"},\"thumbnailUrl\":\"https:\/\/now-news.de\/de\/wp-content\/uploads\/sites\/3\/2024\/07\/Schweiz-quotPsychisch-auffaelliger-Mannquot-verletzt-mit-Machete-fuenf-Menschen-\u2013.jpg\",\"keywords\":[\"auff\u00e4lliger\",\"darunter\",\"einen\",\"f\u00fcnf\",\"Machete\",\"Mannquot\",\"Menschen\",\"mit\",\"quotpsychisch\",\"S\u00e4ugling\",\"schweiz\",\"verletzt\"],\"articleSection\":[\"Deutschland\",\"Russland\"],\"inLanguage\":\"de\",\"potentialAction\":[{\"@type\":\"CommentAction\",\"name\":\"Comment\",\"target\":[\"https:\/\/now-news.de\/de\/deutschland\/schweiz-psychisch-auffaelliger-mann-verletzt-mit-machete-fuenf-menschen-darunter-einen-saeugling\/#respond\"]}]},{\"@type\":\"WebPage\",\"@id\":\"https:\/\/now-news.de\/de\/deutschland\/schweiz-psychisch-auffaelliger-mann-verletzt-mit-machete-fuenf-menschen-darunter-einen-saeugling\/\",\"url\":\"https:\/\/now-news.de\/de\/deutschland\/schweiz-psychisch-auffaelliger-mann-verletzt-mit-machete-fuenf-menschen-darunter-einen-saeugling\/\",\"name\":\"Schweiz: &quot;Psychisch auff\u00e4lliger Mann&quot; verletzt mit Machete f\u00fcnf Menschen \u2013 darunter einen S\u00e4ugling - just-now.NEWS Deutschland\",\"isPartOf\":{\"@id\":\"https:\/\/now-news.de\/de\/#website\"},\"primaryImageOfPage\":{\"@id\":\"https:\/\/now-news.de\/de\/deutschland\/schweiz-psychisch-auffaelliger-mann-verletzt-mit-machete-fuenf-menschen-darunter-einen-saeugling\/#primaryimage\"},\"image\":{\"@id\":\"https:\/\/now-news.de\/de\/deutschland\/schweiz-psychisch-auffaelliger-mann-verletzt-mit-machete-fuenf-menschen-darunter-einen-saeugling\/#primaryimage\"},\"thumbnailUrl\":\"https:\/\/now-news.de\/de\/wp-content\/uploads\/sites\/3\/2024\/07\/Schweiz-quotPsychisch-auffaelliger-Mannquot-verletzt-mit-Machete-fuenf-Menschen-\u2013.jpg\",\"datePublished\":\"2024-07-12T12:00:22+00:00\",\"dateModified\":\"2024-07-12T12:00:22+00:00\",\"breadcrumb\":{\"@id\":\"https:\/\/now-news.de\/de\/deutschland\/schweiz-psychisch-auffaelliger-mann-verletzt-mit-machete-fuenf-menschen-darunter-einen-saeugling\/#breadcrumb\"},\"inLanguage\":\"de\",\"potentialAction\":[{\"@type\":\"ReadAction\",\"target\":[\"https:\/\/now-news.de\/de\/deutschland\/schweiz-psychisch-auffaelliger-mann-verletzt-mit-machete-fuenf-menschen-darunter-einen-saeugling\/\"]}]},{\"@type\":\"ImageObject\",\"inLanguage\":\"de\",\"@id\":\"https:\/\/now-news.de\/de\/deutschland\/schweiz-psychisch-auffaelliger-mann-verletzt-mit-machete-fuenf-menschen-darunter-einen-saeugling\/#primaryimage\",\"url\":\"https:\/\/now-news.de\/de\/wp-content\/uploads\/sites\/3\/2024\/07\/Schweiz-quotPsychisch-auffaelliger-Mannquot-verletzt-mit-Machete-fuenf-Menschen-\u2013.jpg\",\"contentUrl\":\"https:\/\/now-news.de\/de\/wp-content\/uploads\/sites\/3\/2024\/07\/Schweiz-quotPsychisch-auffaelliger-Mannquot-verletzt-mit-Machete-fuenf-Menschen-\u2013.jpg\",\"width\":460,\"height\":259,\"caption\":\"Schweiz: &quot;Psychisch auff\u00e4lliger Mann&quot; verletzt mit Machete f\u00fcnf Menschen \u2013 darunter einen S\u00e4ugling\"},{\"@type\":\"BreadcrumbList\",\"@id\":\"https:\/\/now-news.de\/de\/deutschland\/schweiz-psychisch-auffaelliger-mann-verletzt-mit-machete-fuenf-menschen-darunter-einen-saeugling\/#breadcrumb\",\"itemListElement\":[{\"@type\":\"ListItem\",\"position\":1,\"name\":\"Home\",\"item\":\"https:\/\/now-news.de\/de\/\"},{\"@type\":\"ListItem\",\"position\":2,\"name\":\"Schweiz: &quot;Psychisch auff\u00e4lliger Mann&quot; verletzt mit Machete f\u00fcnf Menschen \u2013 darunter einen S\u00e4ugling\"}]},{\"@type\":\"WebSite\",\"@id\":\"https:\/\/now-news.de\/de\/#website\",\"url\":\"https:\/\/now-news.de\/de\/\",\"name\":\"just-now.NEWS Deutschland\",\"description\":\"Das Portal f\u00fcr unzensierte Nachrichten aus der Welt\",\"publisher\":{\"@id\":\"https:\/\/now-news.de\/de\/#organization\"},\"potentialAction\":[{\"@type\":\"SearchAction\",\"target\":{\"@type\":\"EntryPoint\",\"urlTemplate\":\"https:\/\/now-news.de\/de\/?s={search_term_string}\"},\"query-input\":\"required name=search_term_string\"}],\"inLanguage\":\"de\"},{\"@type\":\"Organization\",\"@id\":\"https:\/\/now-news.de\/de\/#organization\",\"name\":\"Just Now News\",\"url\":\"https:\/\/now-news.de\/de\/\",\"logo\":{\"@type\":\"ImageObject\",\"inLanguage\":\"de\",\"@id\":\"https:\/\/now-news.de\/de\/#\/schema\/logo\/image\/\",\"url\":\"http:\/\/just-now.news\/de\/wp-content\/uploads\/sites\/3\/2022\/04\/logo500x500.jpg\",\"contentUrl\":\"http:\/\/just-now.news\/de\/wp-content\/uploads\/sites\/3\/2022\/04\/logo500x500.jpg\",\"width\":500,\"height\":500,\"caption\":\"Just Now News\"},\"image\":{\"@id\":\"https:\/\/now-news.de\/de\/#\/schema\/logo\/image\/\"},\"sameAs\":[\"https:\/\/www.facebook.com\/wirmachenauf\",\"https:\/\/x.com\/WirMachenAuf_de\"]},{\"@type\":\"Person\",\"@id\":\"https:\/\/now-news.de\/de\/#\/schema\/person\/fb534a4e865501d8b3285208df34a9b5\",\"name\":\"rtnews\",\"image\":{\"@type\":\"ImageObject\",\"inLanguage\":\"de\",\"@id\":\"https:\/\/now-news.de\/de\/#\/schema\/person\/image\/\",\"url\":\"https:\/\/secure.gravatar.com\/avatar\/82aafea7d8127119dd649515f56e2117?s=96&d=mm&r=g\",\"contentUrl\":\"https:\/\/secure.gravatar.com\/avatar\/82aafea7d8127119dd649515f56e2117?s=96&d=mm&r=g\",\"caption\":\"rtnews\"},\"url\":\"https:\/\/now-news.de\/de\/author\/rnews\/\"}]}<\/script>\n<!-- \/ Yoast SEO Premium plugin. -->","yoast_head_json":{"title":"Schweiz: &quot;Psychisch auff\u00e4lliger Mann&quot; verletzt mit Machete f\u00fcnf Menschen \u2013 darunter einen S\u00e4ugling - just-now.NEWS Deutschland","robots":{"index":"index","follow":"follow","max-snippet":"max-snippet:-1","max-image-preview":"max-image-preview:large","max-video-preview":"max-video-preview:-1"},"canonical":"https:\/\/now-news.de\/de\/deutschland\/schweiz-psychisch-auffaelliger-mann-verletzt-mit-machete-fuenf-menschen-darunter-einen-saeugling\/","og_locale":"de_DE","og_type":"article","og_title":"Schweiz: &quot;Psychisch auff\u00e4lliger Mann&quot; verletzt mit Machete f\u00fcnf Menschen \u2013 darunter einen S\u00e4ugling","og_description":"In St. Gallen verletzte ein 34-j\u00e4hriger Mann am Donnerstagabend mit einer Machete mehrere Personen, einige schwer. Unter den Opfern sind ein S\u00e4ugling und eine schwangere Frau. Der T\u00e4ter war der Polizei als &#8220;psychisch auff\u00e4llig&#8221; bekannt. Ein Mann hat in der Stadt St. Gallen in der nord\u00f6stlichen Schweiz am Donnerstagabend in und vor einem Mehrfamilienhaus mit [&hellip;]","og_url":"https:\/\/now-news.de\/de\/deutschland\/schweiz-psychisch-auffaelliger-mann-verletzt-mit-machete-fuenf-menschen-darunter-einen-saeugling\/","og_site_name":"just-now.NEWS Deutschland","article_publisher":"https:\/\/www.facebook.com\/wirmachenauf","article_published_time":"2024-07-12T12:00:22+00:00","og_image":[{"url":"https:\/\/now-news.de\/de\/wp-content\/uploads\/sites\/3\/2024\/07\/66910a7bb480cc67ec7278ba.jpg"}],"author":"rtnews","twitter_card":"summary_large_image","twitter_creator":"@WirMachenAuf_de","twitter_site":"@WirMachenAuf_de","twitter_misc":{"Verfasst von":"rtnews","Gesch\u00e4tzte Lesezeit":"2\u00a0Minuten"},"schema":{"@context":"https:\/\/schema.org","@graph":[{"@type":"Article","@id":"https:\/\/now-news.de\/de\/deutschland\/schweiz-psychisch-auffaelliger-mann-verletzt-mit-machete-fuenf-menschen-darunter-einen-saeugling\/#article","isPartOf":{"@id":"https:\/\/now-news.de\/de\/deutschland\/schweiz-psychisch-auffaelliger-mann-verletzt-mit-machete-fuenf-menschen-darunter-einen-saeugling\/"},"author":{"name":"rtnews","@id":"https:\/\/now-news.de\/de\/#\/schema\/person\/fb534a4e865501d8b3285208df34a9b5"},"headline":"Schweiz: &quot;Psychisch auff\u00e4lliger Mann&quot; verletzt mit Machete f\u00fcnf Menschen \u2013 darunter einen S\u00e4ugling","datePublished":"2024-07-12T12:00:22+00:00","dateModified":"2024-07-12T12:00:22+00:00","mainEntityOfPage":{"@id":"https:\/\/now-news.de\/de\/deutschland\/schweiz-psychisch-auffaelliger-mann-verletzt-mit-machete-fuenf-menschen-darunter-einen-saeugling\/"},"wordCount":354,"commentCount":0,"publisher":{"@id":"https:\/\/now-news.de\/de\/#organization"},"image":{"@id":"https:\/\/now-news.de\/de\/deutschland\/schweiz-psychisch-auffaelliger-mann-verletzt-mit-machete-fuenf-menschen-darunter-einen-saeugling\/#primaryimage"},"thumbnailUrl":"https:\/\/now-news.de\/de\/wp-content\/uploads\/sites\/3\/2024\/07\/Schweiz-quotPsychisch-auffaelliger-Mannquot-verletzt-mit-Machete-fuenf-Menschen-\u2013.jpg","keywords":["auff\u00e4lliger","darunter","einen","f\u00fcnf","Machete","Mannquot","Menschen","mit","quotpsychisch","S\u00e4ugling","schweiz","verletzt"],"articleSection":["Deutschland","Russland"],"inLanguage":"de","potentialAction":[{"@type":"CommentAction","name":"Comment","target":["https:\/\/now-news.de\/de\/deutschland\/schweiz-psychisch-auffaelliger-mann-verletzt-mit-machete-fuenf-menschen-darunter-einen-saeugling\/#respond"]}]},{"@type":"WebPage","@id":"https:\/\/now-news.de\/de\/deutschland\/schweiz-psychisch-auffaelliger-mann-verletzt-mit-machete-fuenf-menschen-darunter-einen-saeugling\/","url":"https:\/\/now-news.de\/de\/deutschland\/schweiz-psychisch-auffaelliger-mann-verletzt-mit-machete-fuenf-menschen-darunter-einen-saeugling\/","name":"Schweiz: &quot;Psychisch auff\u00e4lliger Mann&quot; verletzt mit Machete f\u00fcnf Menschen \u2013 darunter einen S\u00e4ugling - just-now.NEWS Deutschland","isPartOf":{"@id":"https:\/\/now-news.de\/de\/#website"},"primaryImageOfPage":{"@id":"https:\/\/now-news.de\/de\/deutschland\/schweiz-psychisch-auffaelliger-mann-verletzt-mit-machete-fuenf-menschen-darunter-einen-saeugling\/#primaryimage"},"image":{"@id":"https:\/\/now-news.de\/de\/deutschland\/schweiz-psychisch-auffaelliger-mann-verletzt-mit-machete-fuenf-menschen-darunter-einen-saeugling\/#primaryimage"},"thumbnailUrl":"https:\/\/now-news.de\/de\/wp-content\/uploads\/sites\/3\/2024\/07\/Schweiz-quotPsychisch-auffaelliger-Mannquot-verletzt-mit-Machete-fuenf-Menschen-\u2013.jpg","datePublished":"2024-07-12T12:00:22+00:00","dateModified":"2024-07-12T12:00:22+00:00","breadcrumb":{"@id":"https:\/\/now-news.de\/de\/deutschland\/schweiz-psychisch-auffaelliger-mann-verletzt-mit-machete-fuenf-menschen-darunter-einen-saeugling\/#breadcrumb"},"inLanguage":"de","potentialAction":[{"@type":"ReadAction","target":["https:\/\/now-news.de\/de\/deutschland\/schweiz-psychisch-auffaelliger-mann-verletzt-mit-machete-fuenf-menschen-darunter-einen-saeugling\/"]}]},{"@type":"ImageObject","inLanguage":"de","@id":"https:\/\/now-news.de\/de\/deutschland\/schweiz-psychisch-auffaelliger-mann-verletzt-mit-machete-fuenf-menschen-darunter-einen-saeugling\/#primaryimage","url":"https:\/\/now-news.de\/de\/wp-content\/uploads\/sites\/3\/2024\/07\/Schweiz-quotPsychisch-auffaelliger-Mannquot-verletzt-mit-Machete-fuenf-Menschen-\u2013.jpg","contentUrl":"https:\/\/now-news.de\/de\/wp-content\/uploads\/sites\/3\/2024\/07\/Schweiz-quotPsychisch-auffaelliger-Mannquot-verletzt-mit-Machete-fuenf-Menschen-\u2013.jpg","width":460,"height":259,"caption":"Schweiz: &quot;Psychisch auff\u00e4lliger Mann&quot; verletzt mit Machete f\u00fcnf Menschen \u2013 darunter einen S\u00e4ugling"},{"@type":"BreadcrumbList","@id":"https:\/\/now-news.de\/de\/deutschland\/schweiz-psychisch-auffaelliger-mann-verletzt-mit-machete-fuenf-menschen-darunter-einen-saeugling\/#breadcrumb","itemListElement":[{"@type":"ListItem","position":1,"name":"Home","item":"https:\/\/now-news.de\/de\/"},{"@type":"ListItem","position":2,"name":"Schweiz: &quot;Psychisch auff\u00e4lliger Mann&quot; verletzt mit Machete f\u00fcnf Menschen \u2013 darunter einen S\u00e4ugling"}]},{"@type":"WebSite","@id":"https:\/\/now-news.de\/de\/#website","url":"https:\/\/now-news.de\/de\/","name":"just-now.NEWS Deutschland","description":"Das Portal f\u00fcr unzensierte Nachrichten aus der Welt","publisher":{"@id":"https:\/\/now-news.de\/de\/#organization"},"potentialAction":[{"@type":"SearchAction","target":{"@type":"EntryPoint","urlTemplate":"https:\/\/now-news.de\/de\/?s={search_term_string}"},"query-input":"required name=search_term_string"}],"inLanguage":"de"},{"@type":"Organization","@id":"https:\/\/now-news.de\/de\/#organization","name":"Just Now News","url":"https:\/\/now-news.de\/de\/","logo":{"@type":"ImageObject","inLanguage":"de","@id":"https:\/\/now-news.de\/de\/#\/schema\/logo\/image\/","url":"http:\/\/just-now.news\/de\/wp-content\/uploads\/sites\/3\/2022\/04\/logo500x500.jpg","contentUrl":"http:\/\/just-now.news\/de\/wp-content\/uploads\/sites\/3\/2022\/04\/logo500x500.jpg","width":500,"height":500,"caption":"Just Now News"},"image":{"@id":"https:\/\/now-news.de\/de\/#\/schema\/logo\/image\/"},"sameAs":["https:\/\/www.facebook.com\/wirmachenauf","https:\/\/x.com\/WirMachenAuf_de"]},{"@type":"Person","@id":"https:\/\/now-news.de\/de\/#\/schema\/person\/fb534a4e865501d8b3285208df34a9b5","name":"rtnews","image":{"@type":"ImageObject","inLanguage":"de","@id":"https:\/\/now-news.de\/de\/#\/schema\/person\/image\/","url":"https:\/\/secure.gravatar.com\/avatar\/82aafea7d8127119dd649515f56e2117?s=96&d=mm&r=g","contentUrl":"https:\/\/secure.gravatar.com\/avatar\/82aafea7d8127119dd649515f56e2117?s=96&d=mm&r=g","caption":"rtnews"},"url":"https:\/\/now-news.de\/de\/author\/rnews\/"}]}},"_links":{"self":[{"href":"https:\/\/now-news.de\/de\/wp-json\/wp\/v2\/posts\/64594"}],"collection":[{"href":"https:\/\/now-news.de\/de\/wp-json\/wp\/v2\/posts"}],"about":[{"href":"https:\/\/now-news.de\/de\/wp-json\/wp\/v2\/types\/post"}],"author":[{"embeddable":true,"href":"https:\/\/now-news.de\/de\/wp-json\/wp\/v2\/users\/3"}],"replies":[{"embeddable":true,"href":"https:\/\/now-news.de\/de\/wp-json\/wp\/v2\/comments?post=64594"}],"version-history":[{"count":0,"href":"https:\/\/now-news.de\/de\/wp-json\/wp\/v2\/posts\/64594\/revisions"}],"wp:featuredmedia":[{"embeddable":true,"href":"https:\/\/now-news.de\/de\/wp-json\/wp\/v2\/media\/64595"}],"wp:attachment":[{"href":"https:\/\/now-news.de\/de\/wp-json\/wp\/v2\/media?parent=64594"}],"wp:term":[{"taxonomy":"category","embeddable":true,"href":"https:\/\/now-news.de\/de\/wp-json\/wp\/v2\/categories?post=64594"},{"taxonomy":"post_tag","embeddable":true,"href":"https:\/\/now-news.de\/de\/wp-json\/wp\/v2\/tags?post=64594"}],"curies":[{"name":"wp","href":"https:\/\/api.w.org\/{rel}","templated":true}]}}