{"id":64582,"date":"2024-07-12T10:38:15","date_gmt":"2024-07-12T08:38:15","guid":{"rendered":"https:\/\/now-news.de\/de\/deutschland\/orban-und-trump-besprechen-wege-zum-frieden-im-ukrainekrieg\/"},"modified":"2024-07-12T10:38:15","modified_gmt":"2024-07-12T08:38:15","slug":"orban-und-trump-besprechen-wege-zum-frieden-im-ukrainekrieg","status":"publish","type":"post","link":"https:\/\/now-news.de\/de\/deutschland\/orban-und-trump-besprechen-wege-zum-frieden-im-ukrainekrieg\/","title":{"rendered":"Orb\u00e1n und Trump besprechen Wege zum Frieden im Ukrainekrieg"},"content":{"rendered":"<p><img decoding=\"async\" src=\"https:\/\/now-news.de\/de\/wp-content\/uploads\/sites\/3\/2024\/07\/6690dea048fbef223d69ddab.jpg\" \/><\/p>\n<div class=\"Text-root Text-type_1 \">\n                Ungarns Premierminister Viktor Orb\u00e1n hat am Donnerstag den ehemaligen US-Pr\u00e4sidenten Donald Trump besucht. Die beiden sprachen \u00fcber M\u00f6glichkeiten, Frieden in der Ukraine zu schaffen. Das Treffen fand unmittelbar nach dem NATO-Gipfel in Washington statt.\n            <\/div>\n<p><\/p>\n<div class=\"Text-root Text-type_5 ArticleView-text ViewText-root \">\n<p>Ungarns Ministerpr\u00e4sident Viktor Orb\u00e1n ist am Donnerstag unmittelbar nach dem NATO-Gipfel mit US-Pr\u00e4sident Donald Trump zusammengetroffen. Der Besuch in Trumps Residenz Mar-a-Lago sei die &#8220;n\u00e4chste Etappe seiner Friedensmission&#8221;, erkl\u00e4rte sein Sprecher.<\/p>\n<p>Laut <em>Reuters<\/em> sprachen die beiden \u00fcber &#8220;M\u00f6glichkeiten des Friedens&#8221;. Konkrete Vorschl\u00e4ge oder Ergebnisse des Gespr\u00e4chs sind nicht bekannt.\u00a0Orb\u00e1n schrieb\u00a0anschlie\u00dfend auf der Plattform X: &#8220;Friedensmission 5.0. Es war mir eine Ehre, Pr\u00e4sident Donald Trump heute in Mar-a-Lago zu besuchen. Wir haben \u00fcber Wege zum Frieden gesprochen. Die gute Nachricht des Tages: Er wird es l\u00f6sen.&#8221;<\/p>\n<div class=\"EmbedBlock-root EmbedBlock-twitter\">\n<div class=\"TwitterEmbed\">\n<blockquote class=\"twitter-tweet lazyload\" data-twitter=\"twitter-tweet\">\n<p lang=\"en\" dir=\"ltr\">Peace mission 5.0It was an honour to visit President <a rel=\"nofollow noopener\" target=\"_blank\" href=\"https:\/\/twitter.com\/realDonaldTrump?ref_src=twsrc%5Etfw\">@realDonaldTrump<\/a> at Mar-a-Lago today. We discussed ways to make <a rel=\"nofollow noopener\" target=\"_blank\" href=\"https:\/\/twitter.com\/hashtag\/peace?src=hash&amp;ref_src=twsrc%5Etfw\">#peace<\/a>. The good news of the day: he\u2019s going to solve it! <a rel=\"nofollow noopener\" target=\"_blank\" href=\"https:\/\/t.co\/AiTRsdexM5\">pic.twitter.com\/AiTRsdexM5<\/a><\/p>\n<p>\u2014 Orb\u00e1n Viktor (@PM_ViktorOrban) <a rel=\"nofollow noopener\" target=\"_blank\" href=\"https:\/\/twitter.com\/PM_ViktorOrban\/status\/1811570519818269128?ref_src=twsrc%5Etfw\">July 12, 2024<\/a><\/p><\/blockquote>\n<\/div>\n<\/div>\n<p>Trump kommentierte das Treffen in seinem sozialen Netzwerk Truth Social mit den Worten:<\/p>\n<blockquote>\n<p><em>&#8220;Danke, Viktor. Es muss Frieden geben, und zwar schnell. Zu viele Menschen sind in einem Krieg gestorben, der niemals h\u00e4tte beginnen d\u00fcrfen!&#8221;<\/em><\/p>\n<\/blockquote>\n<p>Ungarns\u00a0Au\u00dfenminister Peter Szijjarto sagte gegen\u00fcber\u00a0<em>Reuters<\/em> am Mittwoch, Budapest sei der Ansicht, dass eine zweite Amtszeit von Trump die Hoffnung auf Frieden in der Ukraine st\u00e4rken w\u00fcrde.<\/p>\n<p>Davor hatte Trump erkl\u00e4rt, er werde den\u00a0Krieg innerhalb von 24 Stunden beenden, sollte er an die Macht kommen. Medienberichten zufolge will er dem ukrainischen Pr\u00e4sidenten mit einer K\u00fcrzung der Milit\u00e4rhilfe drohen, sollte dieser sich weigern, mit Moskau zu verhandeln.<\/p>\n<p>Orb\u00e1ns Friedensmission begann am 2. Juli in Kiew, wo er mit Wladimir Selenskij zusammentraf und die M\u00f6glichkeit eines Waffenstillstands er\u00f6rterte. Danach reiste Orb\u00e1n nach Moskau, um den russischen Pr\u00e4sidenten Wladimir Putin zu besuchen, und anschlie\u00dfend nach Peking. Laut der Zeitung <em>El Pa\u00eds<\/em> schickte der ungarische Premierminister nach diesen Treffen ein Schreiben an die Staats- und Regierungschefs der EU, in dem er darlegte, dass Europa eine Friedensinitiative starten sollte, ohne auf die USA zu warten.<\/p>\n<p>Mehrere EU-Staats- und Regierungschefs machten deutlich, dass Orb\u00e1n nicht f\u00fcr die gesamte EU spreche: &#8220;Ich glaube nicht, dass es sinnvoll ist, Gespr\u00e4che mit autorit\u00e4ren Regimen zu f\u00fchren, die das V\u00f6lkerrecht verletzen&#8221;, sagte der finnische Pr\u00e4sident Alexander Stubb.\u00a0<\/p>\n<p><strong>Mehr zum Thema<\/strong> &#8211; <a rel=\"nofollow noopener\" target=\"_blank\" href=\"https:\/\/freedert.online\/europa\/212004-eu-laender-wollen-orban-fuer\/\">EU-L\u00e4nder wollen Orb\u00e1n f\u00fcr Treffen mit Putin bestrafen<\/a><\/p>\n<div class=\"EmbedBlock-root EmbedBlock-externalVideo EmbedBlock-odysee\">\n<div class=\"VkEmbed\"><iframe class=\"lazyload\" data-src=\"https:\/\/odysee.com\/%24\/embed\/%40RTDE%3Ae%2FBaerbock-Alles-auf-die-Diplomatie-aber-nur-nicht-wie-Orb%C3%A1n%3A4\" frameborder=\"0\" width=\"853\" height=\"480\" allowfullscreen><\/iframe><\/div>\n<\/div>\n<\/div>\n<p><script async src=\"https:\/\/platform.twitter.com\/widgets.js\" charset=\"utf-8\"><\/script><br \/>\n<br \/><br \/>\n<br \/><a href=\"https:\/\/de.rt.com\/international\/212119-orban-und-trump-besprechen-wege\/\">Source link <\/a><\/p>\n","protected":false},"excerpt":{"rendered":"<p>Ungarns Premierminister Viktor Orb\u00e1n hat am Donnerstag den ehemaligen US-Pr\u00e4sidenten Donald Trump besucht. Die beiden sprachen \u00fcber M\u00f6glichkeiten, Frieden in der Ukraine zu schaffen. Das Treffen fand unmittelbar nach dem NATO-Gipfel in Washington statt. Ungarns Ministerpr\u00e4sident Viktor Orb\u00e1n ist am Donnerstag unmittelbar nach dem NATO-Gipfel mit US-Pr\u00e4sident Donald Trump zusammengetroffen. Der Besuch in Trumps Residenz [&hellip;]<\/p>\n","protected":false},"author":3,"featured_media":64583,"comment_status":"open","ping_status":"open","sticky":false,"template":"","format":"standard","meta":{"_yoast_indexnow_last_ping":["1720773797"],"wp_automatic_camp":["217"],"0e5808c7bf944dd147e56825417ef7b2":["Orb\u00e1n und Trump besprechen Wege zum Frieden im Ukrainekrieg"],"original_link":["https:\/\/de.rt.com\/international\/212119-orban-und-trump-besprechen-wege\/"],"_thumbnail_id":["64583"],"jnews_social_counter_last_update":["1777411594"],"_wptgpro_p2tg_sent2tg":["a:1:{i:23737;s:19:\"2024-07-12 10:44:41\";}"]},"categories":[19,23],"tags":[18795,614,6397,1639,566,140,3780,565],"yoast_head":"<!-- This site is optimized with the Yoast SEO Premium plugin v22.7 (Yoast SEO v22.7) - https:\/\/yoast.com\/wordpress\/plugins\/seo\/ -->\n<title>Orb\u00e1n und Trump besprechen Wege zum Frieden im Ukrainekrieg - just-now.NEWS Deutschland<\/title>\n<meta name=\"robots\" content=\"index, follow, max-snippet:-1, max-image-preview:large, max-video-preview:-1\" \/>\n<link rel=\"canonical\" href=\"https:\/\/now-news.de\/de\/deutschland\/orban-und-trump-besprechen-wege-zum-frieden-im-ukrainekrieg\/\" \/>\n<meta property=\"og:locale\" content=\"de_DE\" \/>\n<meta property=\"og:type\" content=\"article\" \/>\n<meta property=\"og:title\" content=\"Orb\u00e1n und Trump besprechen Wege zum Frieden im Ukrainekrieg\" \/>\n<meta property=\"og:description\" content=\"Ungarns Premierminister Viktor Orb\u00e1n hat am Donnerstag den ehemaligen US-Pr\u00e4sidenten Donald Trump besucht. Die beiden sprachen \u00fcber M\u00f6glichkeiten, Frieden in der Ukraine zu schaffen. Das Treffen fand unmittelbar nach dem NATO-Gipfel in Washington statt. Ungarns Ministerpr\u00e4sident Viktor Orb\u00e1n ist am Donnerstag unmittelbar nach dem NATO-Gipfel mit US-Pr\u00e4sident Donald Trump zusammengetroffen. Der Besuch in Trumps Residenz [&hellip;]\" \/>\n<meta property=\"og:url\" content=\"https:\/\/now-news.de\/de\/deutschland\/orban-und-trump-besprechen-wege-zum-frieden-im-ukrainekrieg\/\" \/>\n<meta property=\"og:site_name\" content=\"just-now.NEWS Deutschland\" \/>\n<meta property=\"article:publisher\" content=\"https:\/\/www.facebook.com\/wirmachenauf\" \/>\n<meta property=\"article:published_time\" content=\"2024-07-12T08:38:15+00:00\" \/>\n<meta property=\"og:image\" content=\"https:\/\/now-news.de\/de\/wp-content\/uploads\/sites\/3\/2024\/07\/6690dea048fbef223d69ddab.jpg\" \/>\n<meta name=\"author\" content=\"rtnews\" \/>\n<meta name=\"twitter:card\" content=\"summary_large_image\" \/>\n<meta name=\"twitter:creator\" content=\"@WirMachenAuf_de\" \/>\n<meta name=\"twitter:site\" content=\"@WirMachenAuf_de\" \/>\n<meta name=\"twitter:label1\" content=\"Verfasst von\" \/>\n\t<meta name=\"twitter:data1\" content=\"rtnews\" \/>\n\t<meta name=\"twitter:label2\" content=\"Gesch\u00e4tzte Lesezeit\" \/>\n\t<meta name=\"twitter:data2\" content=\"2\u00a0Minuten\" \/>\n<script type=\"application\/ld+json\" class=\"yoast-schema-graph\">{\"@context\":\"https:\/\/schema.org\",\"@graph\":[{\"@type\":\"Article\",\"@id\":\"https:\/\/now-news.de\/de\/deutschland\/orban-und-trump-besprechen-wege-zum-frieden-im-ukrainekrieg\/#article\",\"isPartOf\":{\"@id\":\"https:\/\/now-news.de\/de\/deutschland\/orban-und-trump-besprechen-wege-zum-frieden-im-ukrainekrieg\/\"},\"author\":{\"name\":\"rtnews\",\"@id\":\"https:\/\/now-news.de\/de\/#\/schema\/person\/fb534a4e865501d8b3285208df34a9b5\"},\"headline\":\"Orb\u00e1n und Trump besprechen Wege zum Frieden im Ukrainekrieg\",\"datePublished\":\"2024-07-12T08:38:15+00:00\",\"dateModified\":\"2024-07-12T08:38:15+00:00\",\"mainEntityOfPage\":{\"@id\":\"https:\/\/now-news.de\/de\/deutschland\/orban-und-trump-besprechen-wege-zum-frieden-im-ukrainekrieg\/\"},\"wordCount\":440,\"commentCount\":0,\"publisher\":{\"@id\":\"https:\/\/now-news.de\/de\/#organization\"},\"image\":{\"@id\":\"https:\/\/now-news.de\/de\/deutschland\/orban-und-trump-besprechen-wege-zum-frieden-im-ukrainekrieg\/#primaryimage\"},\"thumbnailUrl\":\"https:\/\/now-news.de\/de\/wp-content\/uploads\/sites\/3\/2024\/07\/Orban-und-Trump-besprechen-Wege-zum-Frieden-im-Ukrainekrieg.jpg\",\"keywords\":[\"besprechen\",\"Frieden\",\"Orb\u00e1n\",\"trump\",\"UkraineKrieg\",\"und\",\"Wege\",\"zum\"],\"articleSection\":[\"Deutschland\",\"Russland\"],\"inLanguage\":\"de\",\"potentialAction\":[{\"@type\":\"CommentAction\",\"name\":\"Comment\",\"target\":[\"https:\/\/now-news.de\/de\/deutschland\/orban-und-trump-besprechen-wege-zum-frieden-im-ukrainekrieg\/#respond\"]}]},{\"@type\":\"WebPage\",\"@id\":\"https:\/\/now-news.de\/de\/deutschland\/orban-und-trump-besprechen-wege-zum-frieden-im-ukrainekrieg\/\",\"url\":\"https:\/\/now-news.de\/de\/deutschland\/orban-und-trump-besprechen-wege-zum-frieden-im-ukrainekrieg\/\",\"name\":\"Orb\u00e1n und Trump besprechen Wege zum Frieden im Ukrainekrieg - just-now.NEWS Deutschland\",\"isPartOf\":{\"@id\":\"https:\/\/now-news.de\/de\/#website\"},\"primaryImageOfPage\":{\"@id\":\"https:\/\/now-news.de\/de\/deutschland\/orban-und-trump-besprechen-wege-zum-frieden-im-ukrainekrieg\/#primaryimage\"},\"image\":{\"@id\":\"https:\/\/now-news.de\/de\/deutschland\/orban-und-trump-besprechen-wege-zum-frieden-im-ukrainekrieg\/#primaryimage\"},\"thumbnailUrl\":\"https:\/\/now-news.de\/de\/wp-content\/uploads\/sites\/3\/2024\/07\/Orban-und-Trump-besprechen-Wege-zum-Frieden-im-Ukrainekrieg.jpg\",\"datePublished\":\"2024-07-12T08:38:15+00:00\",\"dateModified\":\"2024-07-12T08:38:15+00:00\",\"breadcrumb\":{\"@id\":\"https:\/\/now-news.de\/de\/deutschland\/orban-und-trump-besprechen-wege-zum-frieden-im-ukrainekrieg\/#breadcrumb\"},\"inLanguage\":\"de\",\"potentialAction\":[{\"@type\":\"ReadAction\",\"target\":[\"https:\/\/now-news.de\/de\/deutschland\/orban-und-trump-besprechen-wege-zum-frieden-im-ukrainekrieg\/\"]}]},{\"@type\":\"ImageObject\",\"inLanguage\":\"de\",\"@id\":\"https:\/\/now-news.de\/de\/deutschland\/orban-und-trump-besprechen-wege-zum-frieden-im-ukrainekrieg\/#primaryimage\",\"url\":\"https:\/\/now-news.de\/de\/wp-content\/uploads\/sites\/3\/2024\/07\/Orban-und-Trump-besprechen-Wege-zum-Frieden-im-Ukrainekrieg.jpg\",\"contentUrl\":\"https:\/\/now-news.de\/de\/wp-content\/uploads\/sites\/3\/2024\/07\/Orban-und-Trump-besprechen-Wege-zum-Frieden-im-Ukrainekrieg.jpg\",\"width\":460,\"height\":259,\"caption\":\"Orb\u00e1n und Trump besprechen Wege zum Frieden im Ukrainekrieg\"},{\"@type\":\"BreadcrumbList\",\"@id\":\"https:\/\/now-news.de\/de\/deutschland\/orban-und-trump-besprechen-wege-zum-frieden-im-ukrainekrieg\/#breadcrumb\",\"itemListElement\":[{\"@type\":\"ListItem\",\"position\":1,\"name\":\"Home\",\"item\":\"https:\/\/now-news.de\/de\/\"},{\"@type\":\"ListItem\",\"position\":2,\"name\":\"Orb\u00e1n und Trump besprechen Wege zum Frieden im Ukrainekrieg\"}]},{\"@type\":\"WebSite\",\"@id\":\"https:\/\/now-news.de\/de\/#website\",\"url\":\"https:\/\/now-news.de\/de\/\",\"name\":\"just-now.NEWS Deutschland\",\"description\":\"Das Portal f\u00fcr unzensierte Nachrichten aus der Welt\",\"publisher\":{\"@id\":\"https:\/\/now-news.de\/de\/#organization\"},\"potentialAction\":[{\"@type\":\"SearchAction\",\"target\":{\"@type\":\"EntryPoint\",\"urlTemplate\":\"https:\/\/now-news.de\/de\/?s={search_term_string}\"},\"query-input\":\"required name=search_term_string\"}],\"inLanguage\":\"de\"},{\"@type\":\"Organization\",\"@id\":\"https:\/\/now-news.de\/de\/#organization\",\"name\":\"Just Now News\",\"url\":\"https:\/\/now-news.de\/de\/\",\"logo\":{\"@type\":\"ImageObject\",\"inLanguage\":\"de\",\"@id\":\"https:\/\/now-news.de\/de\/#\/schema\/logo\/image\/\",\"url\":\"http:\/\/just-now.news\/de\/wp-content\/uploads\/sites\/3\/2022\/04\/logo500x500.jpg\",\"contentUrl\":\"http:\/\/just-now.news\/de\/wp-content\/uploads\/sites\/3\/2022\/04\/logo500x500.jpg\",\"width\":500,\"height\":500,\"caption\":\"Just Now News\"},\"image\":{\"@id\":\"https:\/\/now-news.de\/de\/#\/schema\/logo\/image\/\"},\"sameAs\":[\"https:\/\/www.facebook.com\/wirmachenauf\",\"https:\/\/x.com\/WirMachenAuf_de\"]},{\"@type\":\"Person\",\"@id\":\"https:\/\/now-news.de\/de\/#\/schema\/person\/fb534a4e865501d8b3285208df34a9b5\",\"name\":\"rtnews\",\"image\":{\"@type\":\"ImageObject\",\"inLanguage\":\"de\",\"@id\":\"https:\/\/now-news.de\/de\/#\/schema\/person\/image\/\",\"url\":\"https:\/\/secure.gravatar.com\/avatar\/82aafea7d8127119dd649515f56e2117?s=96&d=mm&r=g\",\"contentUrl\":\"https:\/\/secure.gravatar.com\/avatar\/82aafea7d8127119dd649515f56e2117?s=96&d=mm&r=g\",\"caption\":\"rtnews\"},\"url\":\"https:\/\/now-news.de\/de\/author\/rnews\/\"}]}<\/script>\n<!-- \/ Yoast SEO Premium plugin. -->","yoast_head_json":{"title":"Orb\u00e1n und Trump besprechen Wege zum Frieden im Ukrainekrieg - just-now.NEWS Deutschland","robots":{"index":"index","follow":"follow","max-snippet":"max-snippet:-1","max-image-preview":"max-image-preview:large","max-video-preview":"max-video-preview:-1"},"canonical":"https:\/\/now-news.de\/de\/deutschland\/orban-und-trump-besprechen-wege-zum-frieden-im-ukrainekrieg\/","og_locale":"de_DE","og_type":"article","og_title":"Orb\u00e1n und Trump besprechen Wege zum Frieden im Ukrainekrieg","og_description":"Ungarns Premierminister Viktor Orb\u00e1n hat am Donnerstag den ehemaligen US-Pr\u00e4sidenten Donald Trump besucht. Die beiden sprachen \u00fcber M\u00f6glichkeiten, Frieden in der Ukraine zu schaffen. Das Treffen fand unmittelbar nach dem NATO-Gipfel in Washington statt. Ungarns Ministerpr\u00e4sident Viktor Orb\u00e1n ist am Donnerstag unmittelbar nach dem NATO-Gipfel mit US-Pr\u00e4sident Donald Trump zusammengetroffen. Der Besuch in Trumps Residenz [&hellip;]","og_url":"https:\/\/now-news.de\/de\/deutschland\/orban-und-trump-besprechen-wege-zum-frieden-im-ukrainekrieg\/","og_site_name":"just-now.NEWS Deutschland","article_publisher":"https:\/\/www.facebook.com\/wirmachenauf","article_published_time":"2024-07-12T08:38:15+00:00","og_image":[{"url":"https:\/\/now-news.de\/de\/wp-content\/uploads\/sites\/3\/2024\/07\/6690dea048fbef223d69ddab.jpg"}],"author":"rtnews","twitter_card":"summary_large_image","twitter_creator":"@WirMachenAuf_de","twitter_site":"@WirMachenAuf_de","twitter_misc":{"Verfasst von":"rtnews","Gesch\u00e4tzte Lesezeit":"2\u00a0Minuten"},"schema":{"@context":"https:\/\/schema.org","@graph":[{"@type":"Article","@id":"https:\/\/now-news.de\/de\/deutschland\/orban-und-trump-besprechen-wege-zum-frieden-im-ukrainekrieg\/#article","isPartOf":{"@id":"https:\/\/now-news.de\/de\/deutschland\/orban-und-trump-besprechen-wege-zum-frieden-im-ukrainekrieg\/"},"author":{"name":"rtnews","@id":"https:\/\/now-news.de\/de\/#\/schema\/person\/fb534a4e865501d8b3285208df34a9b5"},"headline":"Orb\u00e1n und Trump besprechen Wege zum Frieden im Ukrainekrieg","datePublished":"2024-07-12T08:38:15+00:00","dateModified":"2024-07-12T08:38:15+00:00","mainEntityOfPage":{"@id":"https:\/\/now-news.de\/de\/deutschland\/orban-und-trump-besprechen-wege-zum-frieden-im-ukrainekrieg\/"},"wordCount":440,"commentCount":0,"publisher":{"@id":"https:\/\/now-news.de\/de\/#organization"},"image":{"@id":"https:\/\/now-news.de\/de\/deutschland\/orban-und-trump-besprechen-wege-zum-frieden-im-ukrainekrieg\/#primaryimage"},"thumbnailUrl":"https:\/\/now-news.de\/de\/wp-content\/uploads\/sites\/3\/2024\/07\/Orban-und-Trump-besprechen-Wege-zum-Frieden-im-Ukrainekrieg.jpg","keywords":["besprechen","Frieden","Orb\u00e1n","trump","UkraineKrieg","und","Wege","zum"],"articleSection":["Deutschland","Russland"],"inLanguage":"de","potentialAction":[{"@type":"CommentAction","name":"Comment","target":["https:\/\/now-news.de\/de\/deutschland\/orban-und-trump-besprechen-wege-zum-frieden-im-ukrainekrieg\/#respond"]}]},{"@type":"WebPage","@id":"https:\/\/now-news.de\/de\/deutschland\/orban-und-trump-besprechen-wege-zum-frieden-im-ukrainekrieg\/","url":"https:\/\/now-news.de\/de\/deutschland\/orban-und-trump-besprechen-wege-zum-frieden-im-ukrainekrieg\/","name":"Orb\u00e1n und Trump besprechen Wege zum Frieden im Ukrainekrieg - just-now.NEWS Deutschland","isPartOf":{"@id":"https:\/\/now-news.de\/de\/#website"},"primaryImageOfPage":{"@id":"https:\/\/now-news.de\/de\/deutschland\/orban-und-trump-besprechen-wege-zum-frieden-im-ukrainekrieg\/#primaryimage"},"image":{"@id":"https:\/\/now-news.de\/de\/deutschland\/orban-und-trump-besprechen-wege-zum-frieden-im-ukrainekrieg\/#primaryimage"},"thumbnailUrl":"https:\/\/now-news.de\/de\/wp-content\/uploads\/sites\/3\/2024\/07\/Orban-und-Trump-besprechen-Wege-zum-Frieden-im-Ukrainekrieg.jpg","datePublished":"2024-07-12T08:38:15+00:00","dateModified":"2024-07-12T08:38:15+00:00","breadcrumb":{"@id":"https:\/\/now-news.de\/de\/deutschland\/orban-und-trump-besprechen-wege-zum-frieden-im-ukrainekrieg\/#breadcrumb"},"inLanguage":"de","potentialAction":[{"@type":"ReadAction","target":["https:\/\/now-news.de\/de\/deutschland\/orban-und-trump-besprechen-wege-zum-frieden-im-ukrainekrieg\/"]}]},{"@type":"ImageObject","inLanguage":"de","@id":"https:\/\/now-news.de\/de\/deutschland\/orban-und-trump-besprechen-wege-zum-frieden-im-ukrainekrieg\/#primaryimage","url":"https:\/\/now-news.de\/de\/wp-content\/uploads\/sites\/3\/2024\/07\/Orban-und-Trump-besprechen-Wege-zum-Frieden-im-Ukrainekrieg.jpg","contentUrl":"https:\/\/now-news.de\/de\/wp-content\/uploads\/sites\/3\/2024\/07\/Orban-und-Trump-besprechen-Wege-zum-Frieden-im-Ukrainekrieg.jpg","width":460,"height":259,"caption":"Orb\u00e1n und Trump besprechen Wege zum Frieden im Ukrainekrieg"},{"@type":"BreadcrumbList","@id":"https:\/\/now-news.de\/de\/deutschland\/orban-und-trump-besprechen-wege-zum-frieden-im-ukrainekrieg\/#breadcrumb","itemListElement":[{"@type":"ListItem","position":1,"name":"Home","item":"https:\/\/now-news.de\/de\/"},{"@type":"ListItem","position":2,"name":"Orb\u00e1n und Trump besprechen Wege zum Frieden im Ukrainekrieg"}]},{"@type":"WebSite","@id":"https:\/\/now-news.de\/de\/#website","url":"https:\/\/now-news.de\/de\/","name":"just-now.NEWS Deutschland","description":"Das Portal f\u00fcr unzensierte Nachrichten aus der Welt","publisher":{"@id":"https:\/\/now-news.de\/de\/#organization"},"potentialAction":[{"@type":"SearchAction","target":{"@type":"EntryPoint","urlTemplate":"https:\/\/now-news.de\/de\/?s={search_term_string}"},"query-input":"required name=search_term_string"}],"inLanguage":"de"},{"@type":"Organization","@id":"https:\/\/now-news.de\/de\/#organization","name":"Just Now News","url":"https:\/\/now-news.de\/de\/","logo":{"@type":"ImageObject","inLanguage":"de","@id":"https:\/\/now-news.de\/de\/#\/schema\/logo\/image\/","url":"http:\/\/just-now.news\/de\/wp-content\/uploads\/sites\/3\/2022\/04\/logo500x500.jpg","contentUrl":"http:\/\/just-now.news\/de\/wp-content\/uploads\/sites\/3\/2022\/04\/logo500x500.jpg","width":500,"height":500,"caption":"Just Now News"},"image":{"@id":"https:\/\/now-news.de\/de\/#\/schema\/logo\/image\/"},"sameAs":["https:\/\/www.facebook.com\/wirmachenauf","https:\/\/x.com\/WirMachenAuf_de"]},{"@type":"Person","@id":"https:\/\/now-news.de\/de\/#\/schema\/person\/fb534a4e865501d8b3285208df34a9b5","name":"rtnews","image":{"@type":"ImageObject","inLanguage":"de","@id":"https:\/\/now-news.de\/de\/#\/schema\/person\/image\/","url":"https:\/\/secure.gravatar.com\/avatar\/82aafea7d8127119dd649515f56e2117?s=96&d=mm&r=g","contentUrl":"https:\/\/secure.gravatar.com\/avatar\/82aafea7d8127119dd649515f56e2117?s=96&d=mm&r=g","caption":"rtnews"},"url":"https:\/\/now-news.de\/de\/author\/rnews\/"}]}},"_links":{"self":[{"href":"https:\/\/now-news.de\/de\/wp-json\/wp\/v2\/posts\/64582"}],"collection":[{"href":"https:\/\/now-news.de\/de\/wp-json\/wp\/v2\/posts"}],"about":[{"href":"https:\/\/now-news.de\/de\/wp-json\/wp\/v2\/types\/post"}],"author":[{"embeddable":true,"href":"https:\/\/now-news.de\/de\/wp-json\/wp\/v2\/users\/3"}],"replies":[{"embeddable":true,"href":"https:\/\/now-news.de\/de\/wp-json\/wp\/v2\/comments?post=64582"}],"version-history":[{"count":0,"href":"https:\/\/now-news.de\/de\/wp-json\/wp\/v2\/posts\/64582\/revisions"}],"wp:featuredmedia":[{"embeddable":true,"href":"https:\/\/now-news.de\/de\/wp-json\/wp\/v2\/media\/64583"}],"wp:attachment":[{"href":"https:\/\/now-news.de\/de\/wp-json\/wp\/v2\/media?parent=64582"}],"wp:term":[{"taxonomy":"category","embeddable":true,"href":"https:\/\/now-news.de\/de\/wp-json\/wp\/v2\/categories?post=64582"},{"taxonomy":"post_tag","embeddable":true,"href":"https:\/\/now-news.de\/de\/wp-json\/wp\/v2\/tags?post=64582"}],"curies":[{"name":"wp","href":"https:\/\/api.w.org\/{rel}","templated":true}]}}