{"id":64568,"date":"2024-07-11T22:08:14","date_gmt":"2024-07-11T20:08:14","guid":{"rendered":"https:\/\/now-news.de\/de\/deutschland\/fuehrender-russischer-politologe-die-welt-steht-am-rand-eines-abgrunds\/"},"modified":"2024-07-11T22:08:14","modified_gmt":"2024-07-11T20:08:14","slug":"fuehrender-russischer-politologe-die-welt-steht-am-rand-eines-abgrunds","status":"publish","type":"post","link":"https:\/\/now-news.de\/de\/deutschland\/fuehrender-russischer-politologe-die-welt-steht-am-rand-eines-abgrunds\/","title":{"rendered":"F\u00fchrender russischer Politologe: &quot;Die Welt steht am Rand eines Abgrunds&quot;"},"content":{"rendered":"<p><img decoding=\"async\" src=\"https:\/\/now-news.de\/de\/wp-content\/uploads\/sites\/3\/2024\/07\/66900bb148fbef7f5d62155b.jpg\" \/><\/p>\n<div class=\"Text-root Text-type_1 \">\n                Den Westen k\u00f6nne sein Verlust am weltweiten Einfluss w\u00e4hrend des Ukraine-Konflikts dazu treiben, &#8220;waghalsige&#8221; Schritte zu unternehmen, warnte Alexander Dynkin von der Russischen Akademie der Wissenschaften w\u00e4hrend einer Diskussion im Vorfeld zur Stiftung eines neuen Friedenspreises durch Russland\n            <\/div>\n<p><\/p>\n<div class=\"Text-root Text-type_5 ArticleView-text ViewText-root \">\n<p>Die Welt steht &#8220;am Rande eines Abgrunds&#8221;, w\u00e4hrend sie eine gr\u00f6\u00dfere Transformation erlebt, warnte der f\u00fchrende russische Politologie Alexander Dynkin und verwies auf die verfahrene Situation zwischen Moskau und dem Westen in Bezug auf die Ukraine.<\/p>\n<p>So nahe an einer Katastrophe war die Welt zuletzt vor 60 Jahren w\u00e4hrend der Kubakrise, sagte Dynkin als Direktor des Instituts f\u00fcr Weltwirtschaft und Internationale Beziehungen an der Russischen Akademie der Wissenschaften bei einem Runden Tisch am Donnerstag.<\/p>\n<p>Die Veranstaltung unter dem Titel &#8220;Krieg und Frieden im XXI. Jahrhundert&#8221; fand als Teil der Vorbereitungen f\u00fcr die bevorstehende Zeremonie zur Verleihung des &#8220;Internationalen Leo Tolstoi Friedenspreises&#8221; statt.<\/p>\n<p>\u00dcber Jahrhunderte wurde die globale Weltordnung in Europa und zuletzt in den USA bestimmt, stellte Dynkin fest. Infolge des Konflikts in der Ukraine werde die internationale Architektur jedoch erstmals unter Beteiligung Russlands, Chinas und Indiens neu geformt, argumentierte er und f\u00fcgte hinzu, der &#8220;politische Osten&#8221; sei heute ein gleichberechtigt zu behandelnder Partner des &#8220;politischen Westens&#8221;.<\/p>\n<p>Anders als die Europ\u00e4ische Union und die USA haben China und Indien sich geweigert, Russland wegen des Ukraine-Konflikts zu verurteilen. Der indische Premierminister Narendra Modi besuchte Moskau in dieser Woche und traf sich dort erstmals seit dem offenen Ausbruch milit\u00e4rischer Feindseligkeiten in der Ukraine 2022 mit dem russischen Pr\u00e4sidenten Wladimir Putin.<\/p>\n<p>Der Verlust an Einfluss im globalen Ma\u00dfstab \u2013 verbunden mit den &#8220;kognitiven Problemen&#8221; des gegenw\u00e4rtig amtierenden US-Pr\u00e4sidenten Joe Biden \u2013 k\u00f6nnte den kollektiven Westen dazu treiben, &#8220;waghalsige&#8221; Schritte und Entscheidungen zu unternehmen, warnte Dynkin.<\/p>\n<p>Am Mittwoch hatte Joe Biden in Washington, D.C. einen NATO-Gipfel mit der Erkl\u00e4rung er\u00f6ffnet, das Milit\u00e4rb\u00fcndnis unter US-F\u00fchrung sei &#8220;st\u00e4rker denn je&#8221;, w\u00e4hrend es sich zugleich einem &#8220;entscheidenden Moment&#8221; im Konflikt zwischen Russland und der Ukraine gegen\u00fcbersehe.<\/p>\n<p>Der &#8220;Internationale Leo Tolstoi Friedenspreis&#8221; wird erstmals im September in Moskau verliehen. Der Preis wurde nach dem russischen Autor des ber\u00fchmten Romans &#8220;Krieg und Frieden&#8221; benannt, der f\u00fcr seine festen Antikriegspositionen bekannt weltweit geworden war. Tolstoi hatte am Krimkrieg (1853 bis 1856) teilgenommen und war dadurch in heutiger Lesart de facto Russlands erster &#8220;Frontberichterstatter&#8221;.<\/p>\n<p>Die Teilnehmer der Diskussion am Runden Tisch zogen Parallelen zum Friedensnobelpreis, warnten aber, dass Russlands Gegenst\u00fcck zu jener Auszeichnung nicht politisiert werden d\u00fcrfe. Sie verwiesen bei dieser Warnung auf die Verleihung des Friedensnobelpreises an den damaligen US-Pr\u00e4sidenten Barack Obama, den er w\u00e4hrend der Kriege im Irak und in Afghanistan erhielt, nicht etwa f\u00fcr deren Beendigung.<\/p>\n<p><strong>Mehr zum Thema<\/strong> &#8211; <a rel=\"nofollow noopener\" target=\"_blank\" href=\"https:\/\/freedert.online\/international\/211932-tomahawk-und-mehr-usa-kuendigen\/\">Tomahawk und mehr: USA k\u00fcndigen Stationierung weitreichender Waffen in Deutschland an <\/a><\/p>\n<\/div>\n<p><br \/>\n<br \/><a href=\"https:\/\/de.rt.com\/russland\/212069-fuehrender-russischer-politologe-welt-ist\/\">Source link <\/a><\/p>\n","protected":false},"excerpt":{"rendered":"<p>Den Westen k\u00f6nne sein Verlust am weltweiten Einfluss w\u00e4hrend des Ukraine-Konflikts dazu treiben, &#8220;waghalsige&#8221; Schritte zu unternehmen, warnte Alexander Dynkin von der Russischen Akademie der Wissenschaften w\u00e4hrend einer Diskussion im Vorfeld zur Stiftung eines neuen Friedenspreises durch Russland Die Welt steht &#8220;am Rande eines Abgrunds&#8221;, w\u00e4hrend sie eine gr\u00f6\u00dfere Transformation erlebt, warnte der f\u00fchrende russische [&hellip;]<\/p>\n","protected":false},"author":3,"featured_media":64569,"comment_status":"open","ping_status":"open","sticky":false,"template":"","format":"standard","meta":{"_yoast_indexnow_last_ping":["1720728555"],"wp_automatic_camp":["217"],"ae2c67fbb0cadc0d65f1d2b4e348300a":["F\u00fchrender russischer Politologe: &quot;Die Welt steht am Rand eines Abgrunds&quot;"],"original_link":["https:\/\/de.rt.com\/russland\/212069-fuehrender-russischer-politologe-welt-ist\/"],"_thumbnail_id":["64569"],"jnews_social_counter_last_update":["1776882879"],"_wptgpro_p2tg_sent2tg":["a:1:{i:23737;s:19:\"2024-07-11 22:10:15\";}"]},"categories":[19,23],"tags":[56537,2111,30522,33566,1933,14278,793,1606,778],"yoast_head":"<!-- This site is optimized with the Yoast SEO Premium plugin v22.7 (Yoast SEO v22.7) - https:\/\/yoast.com\/wordpress\/plugins\/seo\/ -->\n<title>F\u00fchrender russischer Politologe: &quot;Die Welt steht am Rand eines Abgrunds&quot; - just-now.NEWS Deutschland<\/title>\n<meta name=\"robots\" content=\"index, follow, max-snippet:-1, max-image-preview:large, max-video-preview:-1\" \/>\n<link rel=\"canonical\" href=\"https:\/\/now-news.de\/de\/deutschland\/fuehrender-russischer-politologe-die-welt-steht-am-rand-eines-abgrunds\/\" \/>\n<meta property=\"og:locale\" content=\"de_DE\" \/>\n<meta property=\"og:type\" content=\"article\" \/>\n<meta property=\"og:title\" content=\"F\u00fchrender russischer Politologe: &quot;Die Welt steht am Rand eines Abgrunds&quot;\" \/>\n<meta property=\"og:description\" content=\"Den Westen k\u00f6nne sein Verlust am weltweiten Einfluss w\u00e4hrend des Ukraine-Konflikts dazu treiben, &#8220;waghalsige&#8221; Schritte zu unternehmen, warnte Alexander Dynkin von der Russischen Akademie der Wissenschaften w\u00e4hrend einer Diskussion im Vorfeld zur Stiftung eines neuen Friedenspreises durch Russland Die Welt steht &#8220;am Rande eines Abgrunds&#8221;, w\u00e4hrend sie eine gr\u00f6\u00dfere Transformation erlebt, warnte der f\u00fchrende russische [&hellip;]\" \/>\n<meta property=\"og:url\" content=\"https:\/\/now-news.de\/de\/deutschland\/fuehrender-russischer-politologe-die-welt-steht-am-rand-eines-abgrunds\/\" \/>\n<meta property=\"og:site_name\" content=\"just-now.NEWS Deutschland\" \/>\n<meta property=\"article:publisher\" content=\"https:\/\/www.facebook.com\/wirmachenauf\" \/>\n<meta property=\"article:published_time\" content=\"2024-07-11T20:08:14+00:00\" \/>\n<meta property=\"og:image\" content=\"https:\/\/now-news.de\/de\/wp-content\/uploads\/sites\/3\/2024\/07\/66900bb148fbef7f5d62155b.jpg\" \/>\n<meta name=\"author\" content=\"rtnews\" \/>\n<meta name=\"twitter:card\" content=\"summary_large_image\" \/>\n<meta name=\"twitter:creator\" content=\"@WirMachenAuf_de\" \/>\n<meta name=\"twitter:site\" content=\"@WirMachenAuf_de\" \/>\n<meta name=\"twitter:label1\" content=\"Verfasst von\" \/>\n\t<meta name=\"twitter:data1\" content=\"rtnews\" \/>\n\t<meta name=\"twitter:label2\" content=\"Gesch\u00e4tzte Lesezeit\" \/>\n\t<meta name=\"twitter:data2\" content=\"2\u00a0Minuten\" \/>\n<script type=\"application\/ld+json\" class=\"yoast-schema-graph\">{\"@context\":\"https:\/\/schema.org\",\"@graph\":[{\"@type\":\"Article\",\"@id\":\"https:\/\/now-news.de\/de\/deutschland\/fuehrender-russischer-politologe-die-welt-steht-am-rand-eines-abgrunds\/#article\",\"isPartOf\":{\"@id\":\"https:\/\/now-news.de\/de\/deutschland\/fuehrender-russischer-politologe-die-welt-steht-am-rand-eines-abgrunds\/\"},\"author\":{\"name\":\"rtnews\",\"@id\":\"https:\/\/now-news.de\/de\/#\/schema\/person\/fb534a4e865501d8b3285208df34a9b5\"},\"headline\":\"F\u00fchrender russischer Politologe: &quot;Die Welt steht am Rand eines Abgrunds&quot;\",\"datePublished\":\"2024-07-11T20:08:14+00:00\",\"dateModified\":\"2024-07-11T20:08:14+00:00\",\"mainEntityOfPage\":{\"@id\":\"https:\/\/now-news.de\/de\/deutschland\/fuehrender-russischer-politologe-die-welt-steht-am-rand-eines-abgrunds\/\"},\"wordCount\":485,\"commentCount\":0,\"publisher\":{\"@id\":\"https:\/\/now-news.de\/de\/#organization\"},\"image\":{\"@id\":\"https:\/\/now-news.de\/de\/deutschland\/fuehrender-russischer-politologe-die-welt-steht-am-rand-eines-abgrunds\/#primaryimage\"},\"thumbnailUrl\":\"https:\/\/now-news.de\/de\/wp-content\/uploads\/sites\/3\/2024\/07\/Fuehrender-russischer-Politologe-quotDie-Welt-steht-am-Rand-eines-Abgrundsquot.jpg\",\"keywords\":[\"Abgrundsquot\",\"eines\",\"F\u00fchrender\",\"Politologe\",\"quotDie\",\"RAND\",\"Russischer\",\"steht\",\"Welt\"],\"articleSection\":[\"Deutschland\",\"Russland\"],\"inLanguage\":\"de\",\"potentialAction\":[{\"@type\":\"CommentAction\",\"name\":\"Comment\",\"target\":[\"https:\/\/now-news.de\/de\/deutschland\/fuehrender-russischer-politologe-die-welt-steht-am-rand-eines-abgrunds\/#respond\"]}]},{\"@type\":\"WebPage\",\"@id\":\"https:\/\/now-news.de\/de\/deutschland\/fuehrender-russischer-politologe-die-welt-steht-am-rand-eines-abgrunds\/\",\"url\":\"https:\/\/now-news.de\/de\/deutschland\/fuehrender-russischer-politologe-die-welt-steht-am-rand-eines-abgrunds\/\",\"name\":\"F\u00fchrender russischer Politologe: &quot;Die Welt steht am Rand eines Abgrunds&quot; - just-now.NEWS Deutschland\",\"isPartOf\":{\"@id\":\"https:\/\/now-news.de\/de\/#website\"},\"primaryImageOfPage\":{\"@id\":\"https:\/\/now-news.de\/de\/deutschland\/fuehrender-russischer-politologe-die-welt-steht-am-rand-eines-abgrunds\/#primaryimage\"},\"image\":{\"@id\":\"https:\/\/now-news.de\/de\/deutschland\/fuehrender-russischer-politologe-die-welt-steht-am-rand-eines-abgrunds\/#primaryimage\"},\"thumbnailUrl\":\"https:\/\/now-news.de\/de\/wp-content\/uploads\/sites\/3\/2024\/07\/Fuehrender-russischer-Politologe-quotDie-Welt-steht-am-Rand-eines-Abgrundsquot.jpg\",\"datePublished\":\"2024-07-11T20:08:14+00:00\",\"dateModified\":\"2024-07-11T20:08:14+00:00\",\"breadcrumb\":{\"@id\":\"https:\/\/now-news.de\/de\/deutschland\/fuehrender-russischer-politologe-die-welt-steht-am-rand-eines-abgrunds\/#breadcrumb\"},\"inLanguage\":\"de\",\"potentialAction\":[{\"@type\":\"ReadAction\",\"target\":[\"https:\/\/now-news.de\/de\/deutschland\/fuehrender-russischer-politologe-die-welt-steht-am-rand-eines-abgrunds\/\"]}]},{\"@type\":\"ImageObject\",\"inLanguage\":\"de\",\"@id\":\"https:\/\/now-news.de\/de\/deutschland\/fuehrender-russischer-politologe-die-welt-steht-am-rand-eines-abgrunds\/#primaryimage\",\"url\":\"https:\/\/now-news.de\/de\/wp-content\/uploads\/sites\/3\/2024\/07\/Fuehrender-russischer-Politologe-quotDie-Welt-steht-am-Rand-eines-Abgrundsquot.jpg\",\"contentUrl\":\"https:\/\/now-news.de\/de\/wp-content\/uploads\/sites\/3\/2024\/07\/Fuehrender-russischer-Politologe-quotDie-Welt-steht-am-Rand-eines-Abgrundsquot.jpg\",\"width\":460,\"height\":259,\"caption\":\"F\u00fchrender russischer Politologe: &quot;Die Welt steht am Rand eines Abgrunds&quot;\"},{\"@type\":\"BreadcrumbList\",\"@id\":\"https:\/\/now-news.de\/de\/deutschland\/fuehrender-russischer-politologe-die-welt-steht-am-rand-eines-abgrunds\/#breadcrumb\",\"itemListElement\":[{\"@type\":\"ListItem\",\"position\":1,\"name\":\"Home\",\"item\":\"https:\/\/now-news.de\/de\/\"},{\"@type\":\"ListItem\",\"position\":2,\"name\":\"F\u00fchrender russischer Politologe: &quot;Die Welt steht am Rand eines Abgrunds&quot;\"}]},{\"@type\":\"WebSite\",\"@id\":\"https:\/\/now-news.de\/de\/#website\",\"url\":\"https:\/\/now-news.de\/de\/\",\"name\":\"just-now.NEWS Deutschland\",\"description\":\"Das Portal f\u00fcr unzensierte Nachrichten aus der Welt\",\"publisher\":{\"@id\":\"https:\/\/now-news.de\/de\/#organization\"},\"potentialAction\":[{\"@type\":\"SearchAction\",\"target\":{\"@type\":\"EntryPoint\",\"urlTemplate\":\"https:\/\/now-news.de\/de\/?s={search_term_string}\"},\"query-input\":\"required name=search_term_string\"}],\"inLanguage\":\"de\"},{\"@type\":\"Organization\",\"@id\":\"https:\/\/now-news.de\/de\/#organization\",\"name\":\"Just Now News\",\"url\":\"https:\/\/now-news.de\/de\/\",\"logo\":{\"@type\":\"ImageObject\",\"inLanguage\":\"de\",\"@id\":\"https:\/\/now-news.de\/de\/#\/schema\/logo\/image\/\",\"url\":\"http:\/\/just-now.news\/de\/wp-content\/uploads\/sites\/3\/2022\/04\/logo500x500.jpg\",\"contentUrl\":\"http:\/\/just-now.news\/de\/wp-content\/uploads\/sites\/3\/2022\/04\/logo500x500.jpg\",\"width\":500,\"height\":500,\"caption\":\"Just Now News\"},\"image\":{\"@id\":\"https:\/\/now-news.de\/de\/#\/schema\/logo\/image\/\"},\"sameAs\":[\"https:\/\/www.facebook.com\/wirmachenauf\",\"https:\/\/x.com\/WirMachenAuf_de\"]},{\"@type\":\"Person\",\"@id\":\"https:\/\/now-news.de\/de\/#\/schema\/person\/fb534a4e865501d8b3285208df34a9b5\",\"name\":\"rtnews\",\"image\":{\"@type\":\"ImageObject\",\"inLanguage\":\"de\",\"@id\":\"https:\/\/now-news.de\/de\/#\/schema\/person\/image\/\",\"url\":\"https:\/\/secure.gravatar.com\/avatar\/82aafea7d8127119dd649515f56e2117?s=96&d=mm&r=g\",\"contentUrl\":\"https:\/\/secure.gravatar.com\/avatar\/82aafea7d8127119dd649515f56e2117?s=96&d=mm&r=g\",\"caption\":\"rtnews\"},\"url\":\"https:\/\/now-news.de\/de\/author\/rnews\/\"}]}<\/script>\n<!-- \/ Yoast SEO Premium plugin. -->","yoast_head_json":{"title":"F\u00fchrender russischer Politologe: &quot;Die Welt steht am Rand eines Abgrunds&quot; - just-now.NEWS Deutschland","robots":{"index":"index","follow":"follow","max-snippet":"max-snippet:-1","max-image-preview":"max-image-preview:large","max-video-preview":"max-video-preview:-1"},"canonical":"https:\/\/now-news.de\/de\/deutschland\/fuehrender-russischer-politologe-die-welt-steht-am-rand-eines-abgrunds\/","og_locale":"de_DE","og_type":"article","og_title":"F\u00fchrender russischer Politologe: &quot;Die Welt steht am Rand eines Abgrunds&quot;","og_description":"Den Westen k\u00f6nne sein Verlust am weltweiten Einfluss w\u00e4hrend des Ukraine-Konflikts dazu treiben, &#8220;waghalsige&#8221; Schritte zu unternehmen, warnte Alexander Dynkin von der Russischen Akademie der Wissenschaften w\u00e4hrend einer Diskussion im Vorfeld zur Stiftung eines neuen Friedenspreises durch Russland Die Welt steht &#8220;am Rande eines Abgrunds&#8221;, w\u00e4hrend sie eine gr\u00f6\u00dfere Transformation erlebt, warnte der f\u00fchrende russische [&hellip;]","og_url":"https:\/\/now-news.de\/de\/deutschland\/fuehrender-russischer-politologe-die-welt-steht-am-rand-eines-abgrunds\/","og_site_name":"just-now.NEWS Deutschland","article_publisher":"https:\/\/www.facebook.com\/wirmachenauf","article_published_time":"2024-07-11T20:08:14+00:00","og_image":[{"url":"https:\/\/now-news.de\/de\/wp-content\/uploads\/sites\/3\/2024\/07\/66900bb148fbef7f5d62155b.jpg"}],"author":"rtnews","twitter_card":"summary_large_image","twitter_creator":"@WirMachenAuf_de","twitter_site":"@WirMachenAuf_de","twitter_misc":{"Verfasst von":"rtnews","Gesch\u00e4tzte Lesezeit":"2\u00a0Minuten"},"schema":{"@context":"https:\/\/schema.org","@graph":[{"@type":"Article","@id":"https:\/\/now-news.de\/de\/deutschland\/fuehrender-russischer-politologe-die-welt-steht-am-rand-eines-abgrunds\/#article","isPartOf":{"@id":"https:\/\/now-news.de\/de\/deutschland\/fuehrender-russischer-politologe-die-welt-steht-am-rand-eines-abgrunds\/"},"author":{"name":"rtnews","@id":"https:\/\/now-news.de\/de\/#\/schema\/person\/fb534a4e865501d8b3285208df34a9b5"},"headline":"F\u00fchrender russischer Politologe: &quot;Die Welt steht am Rand eines Abgrunds&quot;","datePublished":"2024-07-11T20:08:14+00:00","dateModified":"2024-07-11T20:08:14+00:00","mainEntityOfPage":{"@id":"https:\/\/now-news.de\/de\/deutschland\/fuehrender-russischer-politologe-die-welt-steht-am-rand-eines-abgrunds\/"},"wordCount":485,"commentCount":0,"publisher":{"@id":"https:\/\/now-news.de\/de\/#organization"},"image":{"@id":"https:\/\/now-news.de\/de\/deutschland\/fuehrender-russischer-politologe-die-welt-steht-am-rand-eines-abgrunds\/#primaryimage"},"thumbnailUrl":"https:\/\/now-news.de\/de\/wp-content\/uploads\/sites\/3\/2024\/07\/Fuehrender-russischer-Politologe-quotDie-Welt-steht-am-Rand-eines-Abgrundsquot.jpg","keywords":["Abgrundsquot","eines","F\u00fchrender","Politologe","quotDie","RAND","Russischer","steht","Welt"],"articleSection":["Deutschland","Russland"],"inLanguage":"de","potentialAction":[{"@type":"CommentAction","name":"Comment","target":["https:\/\/now-news.de\/de\/deutschland\/fuehrender-russischer-politologe-die-welt-steht-am-rand-eines-abgrunds\/#respond"]}]},{"@type":"WebPage","@id":"https:\/\/now-news.de\/de\/deutschland\/fuehrender-russischer-politologe-die-welt-steht-am-rand-eines-abgrunds\/","url":"https:\/\/now-news.de\/de\/deutschland\/fuehrender-russischer-politologe-die-welt-steht-am-rand-eines-abgrunds\/","name":"F\u00fchrender russischer Politologe: &quot;Die Welt steht am Rand eines Abgrunds&quot; - just-now.NEWS Deutschland","isPartOf":{"@id":"https:\/\/now-news.de\/de\/#website"},"primaryImageOfPage":{"@id":"https:\/\/now-news.de\/de\/deutschland\/fuehrender-russischer-politologe-die-welt-steht-am-rand-eines-abgrunds\/#primaryimage"},"image":{"@id":"https:\/\/now-news.de\/de\/deutschland\/fuehrender-russischer-politologe-die-welt-steht-am-rand-eines-abgrunds\/#primaryimage"},"thumbnailUrl":"https:\/\/now-news.de\/de\/wp-content\/uploads\/sites\/3\/2024\/07\/Fuehrender-russischer-Politologe-quotDie-Welt-steht-am-Rand-eines-Abgrundsquot.jpg","datePublished":"2024-07-11T20:08:14+00:00","dateModified":"2024-07-11T20:08:14+00:00","breadcrumb":{"@id":"https:\/\/now-news.de\/de\/deutschland\/fuehrender-russischer-politologe-die-welt-steht-am-rand-eines-abgrunds\/#breadcrumb"},"inLanguage":"de","potentialAction":[{"@type":"ReadAction","target":["https:\/\/now-news.de\/de\/deutschland\/fuehrender-russischer-politologe-die-welt-steht-am-rand-eines-abgrunds\/"]}]},{"@type":"ImageObject","inLanguage":"de","@id":"https:\/\/now-news.de\/de\/deutschland\/fuehrender-russischer-politologe-die-welt-steht-am-rand-eines-abgrunds\/#primaryimage","url":"https:\/\/now-news.de\/de\/wp-content\/uploads\/sites\/3\/2024\/07\/Fuehrender-russischer-Politologe-quotDie-Welt-steht-am-Rand-eines-Abgrundsquot.jpg","contentUrl":"https:\/\/now-news.de\/de\/wp-content\/uploads\/sites\/3\/2024\/07\/Fuehrender-russischer-Politologe-quotDie-Welt-steht-am-Rand-eines-Abgrundsquot.jpg","width":460,"height":259,"caption":"F\u00fchrender russischer Politologe: &quot;Die Welt steht am Rand eines Abgrunds&quot;"},{"@type":"BreadcrumbList","@id":"https:\/\/now-news.de\/de\/deutschland\/fuehrender-russischer-politologe-die-welt-steht-am-rand-eines-abgrunds\/#breadcrumb","itemListElement":[{"@type":"ListItem","position":1,"name":"Home","item":"https:\/\/now-news.de\/de\/"},{"@type":"ListItem","position":2,"name":"F\u00fchrender russischer Politologe: &quot;Die Welt steht am Rand eines Abgrunds&quot;"}]},{"@type":"WebSite","@id":"https:\/\/now-news.de\/de\/#website","url":"https:\/\/now-news.de\/de\/","name":"just-now.NEWS Deutschland","description":"Das Portal f\u00fcr unzensierte Nachrichten aus der Welt","publisher":{"@id":"https:\/\/now-news.de\/de\/#organization"},"potentialAction":[{"@type":"SearchAction","target":{"@type":"EntryPoint","urlTemplate":"https:\/\/now-news.de\/de\/?s={search_term_string}"},"query-input":"required name=search_term_string"}],"inLanguage":"de"},{"@type":"Organization","@id":"https:\/\/now-news.de\/de\/#organization","name":"Just Now News","url":"https:\/\/now-news.de\/de\/","logo":{"@type":"ImageObject","inLanguage":"de","@id":"https:\/\/now-news.de\/de\/#\/schema\/logo\/image\/","url":"http:\/\/just-now.news\/de\/wp-content\/uploads\/sites\/3\/2022\/04\/logo500x500.jpg","contentUrl":"http:\/\/just-now.news\/de\/wp-content\/uploads\/sites\/3\/2022\/04\/logo500x500.jpg","width":500,"height":500,"caption":"Just Now News"},"image":{"@id":"https:\/\/now-news.de\/de\/#\/schema\/logo\/image\/"},"sameAs":["https:\/\/www.facebook.com\/wirmachenauf","https:\/\/x.com\/WirMachenAuf_de"]},{"@type":"Person","@id":"https:\/\/now-news.de\/de\/#\/schema\/person\/fb534a4e865501d8b3285208df34a9b5","name":"rtnews","image":{"@type":"ImageObject","inLanguage":"de","@id":"https:\/\/now-news.de\/de\/#\/schema\/person\/image\/","url":"https:\/\/secure.gravatar.com\/avatar\/82aafea7d8127119dd649515f56e2117?s=96&d=mm&r=g","contentUrl":"https:\/\/secure.gravatar.com\/avatar\/82aafea7d8127119dd649515f56e2117?s=96&d=mm&r=g","caption":"rtnews"},"url":"https:\/\/now-news.de\/de\/author\/rnews\/"}]}},"_links":{"self":[{"href":"https:\/\/now-news.de\/de\/wp-json\/wp\/v2\/posts\/64568"}],"collection":[{"href":"https:\/\/now-news.de\/de\/wp-json\/wp\/v2\/posts"}],"about":[{"href":"https:\/\/now-news.de\/de\/wp-json\/wp\/v2\/types\/post"}],"author":[{"embeddable":true,"href":"https:\/\/now-news.de\/de\/wp-json\/wp\/v2\/users\/3"}],"replies":[{"embeddable":true,"href":"https:\/\/now-news.de\/de\/wp-json\/wp\/v2\/comments?post=64568"}],"version-history":[{"count":0,"href":"https:\/\/now-news.de\/de\/wp-json\/wp\/v2\/posts\/64568\/revisions"}],"wp:featuredmedia":[{"embeddable":true,"href":"https:\/\/now-news.de\/de\/wp-json\/wp\/v2\/media\/64569"}],"wp:attachment":[{"href":"https:\/\/now-news.de\/de\/wp-json\/wp\/v2\/media?parent=64568"}],"wp:term":[{"taxonomy":"category","embeddable":true,"href":"https:\/\/now-news.de\/de\/wp-json\/wp\/v2\/categories?post=64568"},{"taxonomy":"post_tag","embeddable":true,"href":"https:\/\/now-news.de\/de\/wp-json\/wp\/v2\/tags?post=64568"}],"curies":[{"name":"wp","href":"https:\/\/api.w.org\/{rel}","templated":true}]}}