{"id":64545,"date":"2024-07-11T16:56:39","date_gmt":"2024-07-11T14:56:39","guid":{"rendered":"https:\/\/now-news.de\/de\/deutschland\/europaeischer-gerichtshof-bestaetigt-verbot-von-wolfsjagd-in-oesterreich\/"},"modified":"2024-07-11T16:56:39","modified_gmt":"2024-07-11T14:56:39","slug":"europaeischer-gerichtshof-bestaetigt-verbot-von-wolfsjagd-in-oesterreich","status":"publish","type":"post","link":"https:\/\/now-news.de\/de\/deutschland\/europaeischer-gerichtshof-bestaetigt-verbot-von-wolfsjagd-in-oesterreich\/","title":{"rendered":"Europ\u00e4ischer Gerichtshof best\u00e4tigt Verbot von Wolfsjagd in \u00d6sterreich"},"content":{"rendered":"<p><img decoding=\"async\" src=\"https:\/\/now-news.de\/de\/wp-content\/uploads\/sites\/3\/2024\/07\/668fc542b480cc517f2c41f7.jpg\" \/><\/p>\n<div class=\"Text-root Text-type_1 \">\n                Die Wolfsjagd bleibt in \u00d6sterreich weiterhin verboten, der EuGH nennt jedoch eine Ausnahme. Das betroffene \u00f6sterreichische Bundesland Tirol will allerdings an seiner Praxis festhalten.\n            <\/div>\n<p><\/p>\n<div class=\"Text-root Text-type_5 ArticleView-text ViewText-root \">\n<p>Der Europ\u00e4ische Gerichtshof\u00a0(EuGH) best\u00e4tigt in einem Urteil am Donnerstag das Verbot der Wolfsjagd in \u00d6sterreich.<\/p>\n<p>&#8220;Eine Ausnahme von diesem Verbot zur Vermeidung wirtschaftlicher Sch\u00e4den kann nur gew\u00e4hrt werden, wenn sich die Wolfspopulation in einem g\u00fcnstigen Erhaltungszustand befindet, was in \u00d6sterreich nicht der Fall ist&#8221;, schreibt das Gericht in seiner Pressemitteilung.<\/p>\n<p>\u00d6sterreichische Tierschutzorganisationen hatten die Regierung des \u00f6sterreichischen Bundeslands Tirol kritisiert, nach dem diese 2022 einen Wolf per Bescheid zum Abschuss freigegeben hatte.<\/p>\n<p>Das Tiroler Landesverwaltungsgericht\u00a0(LVwG) hatte daraufhin den EuGH um eine Auslegung des EU-Rechts in dieser Frage gebeten.<\/p>\n<p>Laut der Pressemitteilung pr\u00fcften die Richter in Luxemburg unter anderem die Frage, ob es dem Gleichheitsgrundsatz widerspricht, dass W\u00f6lfe in einigen europ\u00e4ischen L\u00e4ndern vom strengen Schutz durch die europ\u00e4ische Flora-Fauna-Habitat\u00a0(FFH)-Richtlinie ausgenommen sind, in \u00d6sterreich aber nicht.<\/p>\n<p>Die Richter entschieden jedoch, dass \u00d6sterreich bei seinem Beitritt in die Europ\u00e4ische Union 1995 anders als andere Staaten keine Vorbehalte gegen den hohen Schutzstatus beim Wolf angemeldet habe.<\/p>\n<p>&#8220;Soweit die \u00f6sterreichische Regierung davon ausgeht, dass der Unionsgesetzgeber infolge der Entwicklung der Wolfspopulation in \u00d6sterreich inzwischen den strengen Schutz der W\u00f6lfe h\u00e4tte aufheben m\u00fcssen, steht es ihr im Grunde frei, eine Unt\u00e4tigkeitsklage einzureichen, was sie bis dato nicht getan hat&#8221;, argumentieren die Richter in ihrem Beschluss.<\/p>\n<p>Die Umweltschutzorganisationen WWF \u00d6sterreich und \u00d6kob\u00fcro begr\u00fc\u00dften das Urteil. &#8220;Das ist eine wichtige Klarstellung: Bei streng gesch\u00fctzten Arten wie dem Wolf gehen gelindere Mittel wie der Herdenschutz vor. Der Abschuss darf nur das letzte Mittel sein&#8221;, teilte der WWF-Artenschutzexperte Christian Pichler in einer Pressemitteilung mit.<\/p>\n<p>Die Landesregierung Tirol erkl\u00e4rte hingegen, dass das Urteil keine unmittelbaren Auswirkungen auf Tirol habe.<\/p>\n<p>&#8220;Die Abschussverordnungen haben sich bew\u00e4hrt, und diesen Weg werden wir konsequent weitergehen. Unter Anlegung eines strengen Pr\u00fcfma\u00dfstabes k\u00f6nnen wir weiterhin Schad- und Risikow\u00f6lfe entnehmen&#8221;, schrieb der Landeshauptmannstellvertreter Josef Geisler von der konservativen \u00d6sterreichischen Volkspartei (\u00d6VP).<\/p>\n<p>Geisler sprach sich in der Pressemitteilung erneut daf\u00fcr aus, den Schutzstatus von W\u00f6lfen zu senken.<\/p>\n<p><strong>Mehr zum Thema<\/strong> \u2013\u00a0<a rel=\"nofollow noopener\" target=\"_blank\" href=\"https:\/\/freeassange.rtde.life\/inland\/211086-endlich-eu-verordnung-macht-fest\/\">Wow! EU-Verordnung macht fest verbundene Deckel bei Einwegflaschen zur Pflicht<\/a><\/p>\n<div class=\"EmbedBlock-root EmbedBlock-externalVideo EmbedBlock-odysee\">\n<div class=\"VkEmbed\"><iframe class=\"lazyload\" data-src=\"https:\/\/odysee.com\/%24\/embed\/%40RTDE%3Ae%2FGigantischer-Meteorit-%C3%BCber-Istanbul%3Af\" frameborder=\"0\" width=\"853\" height=\"480\" allowfullscreen><\/iframe><\/div>\n<\/div>\n<\/div>\n<p><br \/>\n<br \/><a href=\"https:\/\/de.rt.com\/europa\/212013-europaeischer-gerichtshof-bestaetigt-verbot-von-wolfsjagd-in-oesterreich\/\">Source link <\/a><\/p>\n","protected":false},"excerpt":{"rendered":"<p>Die Wolfsjagd bleibt in \u00d6sterreich weiterhin verboten, der EuGH nennt jedoch eine Ausnahme. Das betroffene \u00f6sterreichische Bundesland Tirol will allerdings an seiner Praxis festhalten. Der Europ\u00e4ische Gerichtshof\u00a0(EuGH) best\u00e4tigt in einem Urteil am Donnerstag das Verbot der Wolfsjagd in \u00d6sterreich. &#8220;Eine Ausnahme von diesem Verbot zur Vermeidung wirtschaftlicher Sch\u00e4den kann nur gew\u00e4hrt werden, wenn sich die [&hellip;]<\/p>\n","protected":false},"author":3,"featured_media":64546,"comment_status":"open","ping_status":"open","sticky":false,"template":"","format":"standard","meta":{"_yoast_indexnow_last_ping":["1720710254"],"wp_automatic_camp":["217"],"48a76f24a40eed00c738b158459d64a6":["Europ\u00e4ischer Gerichtshof best\u00e4tigt Verbot von Wolfsjagd in \u00d6sterreich"],"original_link":["https:\/\/de.rt.com\/europa\/212013-europaeischer-gerichtshof-bestaetigt-verbot-von-wolfsjagd-in-oesterreich\/"],"_thumbnail_id":["64546"],"_wptgpro_p2tg_sent2tg":["a:1:{i:23737;s:19:\"2024-07-11 17:05:18\";}"],"jnews_social_counter_last_update":["1777211558"]},"categories":[19,23],"tags":[1438,21246,3333,7290,3817,50,56527],"yoast_head":"<!-- This site is optimized with the Yoast SEO Premium plugin v22.7 (Yoast SEO v22.7) - https:\/\/yoast.com\/wordpress\/plugins\/seo\/ -->\n<title>Europ\u00e4ischer Gerichtshof best\u00e4tigt Verbot von Wolfsjagd in \u00d6sterreich - just-now.NEWS Deutschland<\/title>\n<meta name=\"robots\" content=\"index, follow, max-snippet:-1, max-image-preview:large, max-video-preview:-1\" \/>\n<link rel=\"canonical\" href=\"https:\/\/now-news.de\/de\/deutschland\/europaeischer-gerichtshof-bestaetigt-verbot-von-wolfsjagd-in-oesterreich\/\" \/>\n<meta property=\"og:locale\" content=\"de_DE\" \/>\n<meta property=\"og:type\" content=\"article\" \/>\n<meta property=\"og:title\" content=\"Europ\u00e4ischer Gerichtshof best\u00e4tigt Verbot von Wolfsjagd in \u00d6sterreich\" \/>\n<meta property=\"og:description\" content=\"Die Wolfsjagd bleibt in \u00d6sterreich weiterhin verboten, der EuGH nennt jedoch eine Ausnahme. Das betroffene \u00f6sterreichische Bundesland Tirol will allerdings an seiner Praxis festhalten. Der Europ\u00e4ische Gerichtshof\u00a0(EuGH) best\u00e4tigt in einem Urteil am Donnerstag das Verbot der Wolfsjagd in \u00d6sterreich. &#8220;Eine Ausnahme von diesem Verbot zur Vermeidung wirtschaftlicher Sch\u00e4den kann nur gew\u00e4hrt werden, wenn sich die [&hellip;]\" \/>\n<meta property=\"og:url\" content=\"https:\/\/now-news.de\/de\/deutschland\/europaeischer-gerichtshof-bestaetigt-verbot-von-wolfsjagd-in-oesterreich\/\" \/>\n<meta property=\"og:site_name\" content=\"just-now.NEWS Deutschland\" \/>\n<meta property=\"article:publisher\" content=\"https:\/\/www.facebook.com\/wirmachenauf\" \/>\n<meta property=\"article:published_time\" content=\"2024-07-11T14:56:39+00:00\" \/>\n<meta property=\"og:image\" content=\"https:\/\/now-news.de\/de\/wp-content\/uploads\/sites\/3\/2024\/07\/668fc542b480cc517f2c41f7.jpg\" \/>\n<meta name=\"author\" content=\"rtnews\" \/>\n<meta name=\"twitter:card\" content=\"summary_large_image\" \/>\n<meta name=\"twitter:creator\" content=\"@WirMachenAuf_de\" \/>\n<meta name=\"twitter:site\" content=\"@WirMachenAuf_de\" \/>\n<meta name=\"twitter:label1\" content=\"Verfasst von\" \/>\n\t<meta name=\"twitter:data1\" content=\"rtnews\" \/>\n\t<meta name=\"twitter:label2\" content=\"Gesch\u00e4tzte Lesezeit\" \/>\n\t<meta name=\"twitter:data2\" content=\"2\u00a0Minuten\" \/>\n<script type=\"application\/ld+json\" class=\"yoast-schema-graph\">{\"@context\":\"https:\/\/schema.org\",\"@graph\":[{\"@type\":\"Article\",\"@id\":\"https:\/\/now-news.de\/de\/deutschland\/europaeischer-gerichtshof-bestaetigt-verbot-von-wolfsjagd-in-oesterreich\/#article\",\"isPartOf\":{\"@id\":\"https:\/\/now-news.de\/de\/deutschland\/europaeischer-gerichtshof-bestaetigt-verbot-von-wolfsjagd-in-oesterreich\/\"},\"author\":{\"name\":\"rtnews\",\"@id\":\"https:\/\/now-news.de\/de\/#\/schema\/person\/fb534a4e865501d8b3285208df34a9b5\"},\"headline\":\"Europ\u00e4ischer Gerichtshof best\u00e4tigt Verbot von Wolfsjagd in \u00d6sterreich\",\"datePublished\":\"2024-07-11T14:56:39+00:00\",\"dateModified\":\"2024-07-11T14:56:39+00:00\",\"mainEntityOfPage\":{\"@id\":\"https:\/\/now-news.de\/de\/deutschland\/europaeischer-gerichtshof-bestaetigt-verbot-von-wolfsjagd-in-oesterreich\/\"},\"wordCount\":386,\"commentCount\":0,\"publisher\":{\"@id\":\"https:\/\/now-news.de\/de\/#organization\"},\"image\":{\"@id\":\"https:\/\/now-news.de\/de\/deutschland\/europaeischer-gerichtshof-bestaetigt-verbot-von-wolfsjagd-in-oesterreich\/#primaryimage\"},\"thumbnailUrl\":\"https:\/\/now-news.de\/de\/wp-content\/uploads\/sites\/3\/2024\/07\/Europaeischer-Gerichtshof-bestaetigt-Verbot-von-Wolfsjagd-in-Oesterreich.jpg\",\"keywords\":[\"best\u00e4tigt\",\"europ\u00e4ischer\",\"Gerichtshof\",\"\u00d6sterreich\",\"Verbot\",\"von\",\"Wolfsjagd\"],\"articleSection\":[\"Deutschland\",\"Russland\"],\"inLanguage\":\"de\",\"potentialAction\":[{\"@type\":\"CommentAction\",\"name\":\"Comment\",\"target\":[\"https:\/\/now-news.de\/de\/deutschland\/europaeischer-gerichtshof-bestaetigt-verbot-von-wolfsjagd-in-oesterreich\/#respond\"]}]},{\"@type\":\"WebPage\",\"@id\":\"https:\/\/now-news.de\/de\/deutschland\/europaeischer-gerichtshof-bestaetigt-verbot-von-wolfsjagd-in-oesterreich\/\",\"url\":\"https:\/\/now-news.de\/de\/deutschland\/europaeischer-gerichtshof-bestaetigt-verbot-von-wolfsjagd-in-oesterreich\/\",\"name\":\"Europ\u00e4ischer Gerichtshof best\u00e4tigt Verbot von Wolfsjagd in \u00d6sterreich - just-now.NEWS Deutschland\",\"isPartOf\":{\"@id\":\"https:\/\/now-news.de\/de\/#website\"},\"primaryImageOfPage\":{\"@id\":\"https:\/\/now-news.de\/de\/deutschland\/europaeischer-gerichtshof-bestaetigt-verbot-von-wolfsjagd-in-oesterreich\/#primaryimage\"},\"image\":{\"@id\":\"https:\/\/now-news.de\/de\/deutschland\/europaeischer-gerichtshof-bestaetigt-verbot-von-wolfsjagd-in-oesterreich\/#primaryimage\"},\"thumbnailUrl\":\"https:\/\/now-news.de\/de\/wp-content\/uploads\/sites\/3\/2024\/07\/Europaeischer-Gerichtshof-bestaetigt-Verbot-von-Wolfsjagd-in-Oesterreich.jpg\",\"datePublished\":\"2024-07-11T14:56:39+00:00\",\"dateModified\":\"2024-07-11T14:56:39+00:00\",\"breadcrumb\":{\"@id\":\"https:\/\/now-news.de\/de\/deutschland\/europaeischer-gerichtshof-bestaetigt-verbot-von-wolfsjagd-in-oesterreich\/#breadcrumb\"},\"inLanguage\":\"de\",\"potentialAction\":[{\"@type\":\"ReadAction\",\"target\":[\"https:\/\/now-news.de\/de\/deutschland\/europaeischer-gerichtshof-bestaetigt-verbot-von-wolfsjagd-in-oesterreich\/\"]}]},{\"@type\":\"ImageObject\",\"inLanguage\":\"de\",\"@id\":\"https:\/\/now-news.de\/de\/deutschland\/europaeischer-gerichtshof-bestaetigt-verbot-von-wolfsjagd-in-oesterreich\/#primaryimage\",\"url\":\"https:\/\/now-news.de\/de\/wp-content\/uploads\/sites\/3\/2024\/07\/Europaeischer-Gerichtshof-bestaetigt-Verbot-von-Wolfsjagd-in-Oesterreich.jpg\",\"contentUrl\":\"https:\/\/now-news.de\/de\/wp-content\/uploads\/sites\/3\/2024\/07\/Europaeischer-Gerichtshof-bestaetigt-Verbot-von-Wolfsjagd-in-Oesterreich.jpg\",\"width\":460,\"height\":259,\"caption\":\"Europ\u00e4ischer Gerichtshof best\u00e4tigt Verbot von Wolfsjagd in \u00d6sterreich\"},{\"@type\":\"BreadcrumbList\",\"@id\":\"https:\/\/now-news.de\/de\/deutschland\/europaeischer-gerichtshof-bestaetigt-verbot-von-wolfsjagd-in-oesterreich\/#breadcrumb\",\"itemListElement\":[{\"@type\":\"ListItem\",\"position\":1,\"name\":\"Home\",\"item\":\"https:\/\/now-news.de\/de\/\"},{\"@type\":\"ListItem\",\"position\":2,\"name\":\"Europ\u00e4ischer Gerichtshof best\u00e4tigt Verbot von Wolfsjagd in \u00d6sterreich\"}]},{\"@type\":\"WebSite\",\"@id\":\"https:\/\/now-news.de\/de\/#website\",\"url\":\"https:\/\/now-news.de\/de\/\",\"name\":\"just-now.NEWS Deutschland\",\"description\":\"Das Portal f\u00fcr unzensierte Nachrichten aus der Welt\",\"publisher\":{\"@id\":\"https:\/\/now-news.de\/de\/#organization\"},\"potentialAction\":[{\"@type\":\"SearchAction\",\"target\":{\"@type\":\"EntryPoint\",\"urlTemplate\":\"https:\/\/now-news.de\/de\/?s={search_term_string}\"},\"query-input\":\"required name=search_term_string\"}],\"inLanguage\":\"de\"},{\"@type\":\"Organization\",\"@id\":\"https:\/\/now-news.de\/de\/#organization\",\"name\":\"Just Now News\",\"url\":\"https:\/\/now-news.de\/de\/\",\"logo\":{\"@type\":\"ImageObject\",\"inLanguage\":\"de\",\"@id\":\"https:\/\/now-news.de\/de\/#\/schema\/logo\/image\/\",\"url\":\"http:\/\/just-now.news\/de\/wp-content\/uploads\/sites\/3\/2022\/04\/logo500x500.jpg\",\"contentUrl\":\"http:\/\/just-now.news\/de\/wp-content\/uploads\/sites\/3\/2022\/04\/logo500x500.jpg\",\"width\":500,\"height\":500,\"caption\":\"Just Now News\"},\"image\":{\"@id\":\"https:\/\/now-news.de\/de\/#\/schema\/logo\/image\/\"},\"sameAs\":[\"https:\/\/www.facebook.com\/wirmachenauf\",\"https:\/\/x.com\/WirMachenAuf_de\"]},{\"@type\":\"Person\",\"@id\":\"https:\/\/now-news.de\/de\/#\/schema\/person\/fb534a4e865501d8b3285208df34a9b5\",\"name\":\"rtnews\",\"image\":{\"@type\":\"ImageObject\",\"inLanguage\":\"de\",\"@id\":\"https:\/\/now-news.de\/de\/#\/schema\/person\/image\/\",\"url\":\"https:\/\/secure.gravatar.com\/avatar\/82aafea7d8127119dd649515f56e2117?s=96&d=mm&r=g\",\"contentUrl\":\"https:\/\/secure.gravatar.com\/avatar\/82aafea7d8127119dd649515f56e2117?s=96&d=mm&r=g\",\"caption\":\"rtnews\"},\"url\":\"https:\/\/now-news.de\/de\/author\/rnews\/\"}]}<\/script>\n<!-- \/ Yoast SEO Premium plugin. -->","yoast_head_json":{"title":"Europ\u00e4ischer Gerichtshof best\u00e4tigt Verbot von Wolfsjagd in \u00d6sterreich - just-now.NEWS Deutschland","robots":{"index":"index","follow":"follow","max-snippet":"max-snippet:-1","max-image-preview":"max-image-preview:large","max-video-preview":"max-video-preview:-1"},"canonical":"https:\/\/now-news.de\/de\/deutschland\/europaeischer-gerichtshof-bestaetigt-verbot-von-wolfsjagd-in-oesterreich\/","og_locale":"de_DE","og_type":"article","og_title":"Europ\u00e4ischer Gerichtshof best\u00e4tigt Verbot von Wolfsjagd in \u00d6sterreich","og_description":"Die Wolfsjagd bleibt in \u00d6sterreich weiterhin verboten, der EuGH nennt jedoch eine Ausnahme. Das betroffene \u00f6sterreichische Bundesland Tirol will allerdings an seiner Praxis festhalten. Der Europ\u00e4ische Gerichtshof\u00a0(EuGH) best\u00e4tigt in einem Urteil am Donnerstag das Verbot der Wolfsjagd in \u00d6sterreich. &#8220;Eine Ausnahme von diesem Verbot zur Vermeidung wirtschaftlicher Sch\u00e4den kann nur gew\u00e4hrt werden, wenn sich die [&hellip;]","og_url":"https:\/\/now-news.de\/de\/deutschland\/europaeischer-gerichtshof-bestaetigt-verbot-von-wolfsjagd-in-oesterreich\/","og_site_name":"just-now.NEWS Deutschland","article_publisher":"https:\/\/www.facebook.com\/wirmachenauf","article_published_time":"2024-07-11T14:56:39+00:00","og_image":[{"url":"https:\/\/now-news.de\/de\/wp-content\/uploads\/sites\/3\/2024\/07\/668fc542b480cc517f2c41f7.jpg"}],"author":"rtnews","twitter_card":"summary_large_image","twitter_creator":"@WirMachenAuf_de","twitter_site":"@WirMachenAuf_de","twitter_misc":{"Verfasst von":"rtnews","Gesch\u00e4tzte Lesezeit":"2\u00a0Minuten"},"schema":{"@context":"https:\/\/schema.org","@graph":[{"@type":"Article","@id":"https:\/\/now-news.de\/de\/deutschland\/europaeischer-gerichtshof-bestaetigt-verbot-von-wolfsjagd-in-oesterreich\/#article","isPartOf":{"@id":"https:\/\/now-news.de\/de\/deutschland\/europaeischer-gerichtshof-bestaetigt-verbot-von-wolfsjagd-in-oesterreich\/"},"author":{"name":"rtnews","@id":"https:\/\/now-news.de\/de\/#\/schema\/person\/fb534a4e865501d8b3285208df34a9b5"},"headline":"Europ\u00e4ischer Gerichtshof best\u00e4tigt Verbot von Wolfsjagd in \u00d6sterreich","datePublished":"2024-07-11T14:56:39+00:00","dateModified":"2024-07-11T14:56:39+00:00","mainEntityOfPage":{"@id":"https:\/\/now-news.de\/de\/deutschland\/europaeischer-gerichtshof-bestaetigt-verbot-von-wolfsjagd-in-oesterreich\/"},"wordCount":386,"commentCount":0,"publisher":{"@id":"https:\/\/now-news.de\/de\/#organization"},"image":{"@id":"https:\/\/now-news.de\/de\/deutschland\/europaeischer-gerichtshof-bestaetigt-verbot-von-wolfsjagd-in-oesterreich\/#primaryimage"},"thumbnailUrl":"https:\/\/now-news.de\/de\/wp-content\/uploads\/sites\/3\/2024\/07\/Europaeischer-Gerichtshof-bestaetigt-Verbot-von-Wolfsjagd-in-Oesterreich.jpg","keywords":["best\u00e4tigt","europ\u00e4ischer","Gerichtshof","\u00d6sterreich","Verbot","von","Wolfsjagd"],"articleSection":["Deutschland","Russland"],"inLanguage":"de","potentialAction":[{"@type":"CommentAction","name":"Comment","target":["https:\/\/now-news.de\/de\/deutschland\/europaeischer-gerichtshof-bestaetigt-verbot-von-wolfsjagd-in-oesterreich\/#respond"]}]},{"@type":"WebPage","@id":"https:\/\/now-news.de\/de\/deutschland\/europaeischer-gerichtshof-bestaetigt-verbot-von-wolfsjagd-in-oesterreich\/","url":"https:\/\/now-news.de\/de\/deutschland\/europaeischer-gerichtshof-bestaetigt-verbot-von-wolfsjagd-in-oesterreich\/","name":"Europ\u00e4ischer Gerichtshof best\u00e4tigt Verbot von Wolfsjagd in \u00d6sterreich - just-now.NEWS Deutschland","isPartOf":{"@id":"https:\/\/now-news.de\/de\/#website"},"primaryImageOfPage":{"@id":"https:\/\/now-news.de\/de\/deutschland\/europaeischer-gerichtshof-bestaetigt-verbot-von-wolfsjagd-in-oesterreich\/#primaryimage"},"image":{"@id":"https:\/\/now-news.de\/de\/deutschland\/europaeischer-gerichtshof-bestaetigt-verbot-von-wolfsjagd-in-oesterreich\/#primaryimage"},"thumbnailUrl":"https:\/\/now-news.de\/de\/wp-content\/uploads\/sites\/3\/2024\/07\/Europaeischer-Gerichtshof-bestaetigt-Verbot-von-Wolfsjagd-in-Oesterreich.jpg","datePublished":"2024-07-11T14:56:39+00:00","dateModified":"2024-07-11T14:56:39+00:00","breadcrumb":{"@id":"https:\/\/now-news.de\/de\/deutschland\/europaeischer-gerichtshof-bestaetigt-verbot-von-wolfsjagd-in-oesterreich\/#breadcrumb"},"inLanguage":"de","potentialAction":[{"@type":"ReadAction","target":["https:\/\/now-news.de\/de\/deutschland\/europaeischer-gerichtshof-bestaetigt-verbot-von-wolfsjagd-in-oesterreich\/"]}]},{"@type":"ImageObject","inLanguage":"de","@id":"https:\/\/now-news.de\/de\/deutschland\/europaeischer-gerichtshof-bestaetigt-verbot-von-wolfsjagd-in-oesterreich\/#primaryimage","url":"https:\/\/now-news.de\/de\/wp-content\/uploads\/sites\/3\/2024\/07\/Europaeischer-Gerichtshof-bestaetigt-Verbot-von-Wolfsjagd-in-Oesterreich.jpg","contentUrl":"https:\/\/now-news.de\/de\/wp-content\/uploads\/sites\/3\/2024\/07\/Europaeischer-Gerichtshof-bestaetigt-Verbot-von-Wolfsjagd-in-Oesterreich.jpg","width":460,"height":259,"caption":"Europ\u00e4ischer Gerichtshof best\u00e4tigt Verbot von Wolfsjagd in \u00d6sterreich"},{"@type":"BreadcrumbList","@id":"https:\/\/now-news.de\/de\/deutschland\/europaeischer-gerichtshof-bestaetigt-verbot-von-wolfsjagd-in-oesterreich\/#breadcrumb","itemListElement":[{"@type":"ListItem","position":1,"name":"Home","item":"https:\/\/now-news.de\/de\/"},{"@type":"ListItem","position":2,"name":"Europ\u00e4ischer Gerichtshof best\u00e4tigt Verbot von Wolfsjagd in \u00d6sterreich"}]},{"@type":"WebSite","@id":"https:\/\/now-news.de\/de\/#website","url":"https:\/\/now-news.de\/de\/","name":"just-now.NEWS Deutschland","description":"Das Portal f\u00fcr unzensierte Nachrichten aus der Welt","publisher":{"@id":"https:\/\/now-news.de\/de\/#organization"},"potentialAction":[{"@type":"SearchAction","target":{"@type":"EntryPoint","urlTemplate":"https:\/\/now-news.de\/de\/?s={search_term_string}"},"query-input":"required name=search_term_string"}],"inLanguage":"de"},{"@type":"Organization","@id":"https:\/\/now-news.de\/de\/#organization","name":"Just Now News","url":"https:\/\/now-news.de\/de\/","logo":{"@type":"ImageObject","inLanguage":"de","@id":"https:\/\/now-news.de\/de\/#\/schema\/logo\/image\/","url":"http:\/\/just-now.news\/de\/wp-content\/uploads\/sites\/3\/2022\/04\/logo500x500.jpg","contentUrl":"http:\/\/just-now.news\/de\/wp-content\/uploads\/sites\/3\/2022\/04\/logo500x500.jpg","width":500,"height":500,"caption":"Just Now News"},"image":{"@id":"https:\/\/now-news.de\/de\/#\/schema\/logo\/image\/"},"sameAs":["https:\/\/www.facebook.com\/wirmachenauf","https:\/\/x.com\/WirMachenAuf_de"]},{"@type":"Person","@id":"https:\/\/now-news.de\/de\/#\/schema\/person\/fb534a4e865501d8b3285208df34a9b5","name":"rtnews","image":{"@type":"ImageObject","inLanguage":"de","@id":"https:\/\/now-news.de\/de\/#\/schema\/person\/image\/","url":"https:\/\/secure.gravatar.com\/avatar\/82aafea7d8127119dd649515f56e2117?s=96&d=mm&r=g","contentUrl":"https:\/\/secure.gravatar.com\/avatar\/82aafea7d8127119dd649515f56e2117?s=96&d=mm&r=g","caption":"rtnews"},"url":"https:\/\/now-news.de\/de\/author\/rnews\/"}]}},"_links":{"self":[{"href":"https:\/\/now-news.de\/de\/wp-json\/wp\/v2\/posts\/64545"}],"collection":[{"href":"https:\/\/now-news.de\/de\/wp-json\/wp\/v2\/posts"}],"about":[{"href":"https:\/\/now-news.de\/de\/wp-json\/wp\/v2\/types\/post"}],"author":[{"embeddable":true,"href":"https:\/\/now-news.de\/de\/wp-json\/wp\/v2\/users\/3"}],"replies":[{"embeddable":true,"href":"https:\/\/now-news.de\/de\/wp-json\/wp\/v2\/comments?post=64545"}],"version-history":[{"count":0,"href":"https:\/\/now-news.de\/de\/wp-json\/wp\/v2\/posts\/64545\/revisions"}],"wp:featuredmedia":[{"embeddable":true,"href":"https:\/\/now-news.de\/de\/wp-json\/wp\/v2\/media\/64546"}],"wp:attachment":[{"href":"https:\/\/now-news.de\/de\/wp-json\/wp\/v2\/media?parent=64545"}],"wp:term":[{"taxonomy":"category","embeddable":true,"href":"https:\/\/now-news.de\/de\/wp-json\/wp\/v2\/categories?post=64545"},{"taxonomy":"post_tag","embeddable":true,"href":"https:\/\/now-news.de\/de\/wp-json\/wp\/v2\/tags?post=64545"}],"curies":[{"name":"wp","href":"https:\/\/api.w.org\/{rel}","templated":true}]}}