{"id":64532,"date":"2024-07-11T15:03:34","date_gmt":"2024-07-11T13:03:34","guid":{"rendered":"https:\/\/now-news.de\/de\/deutschland\/eu-laender-wollen-orban-fuer-treffen-mit-putin-bestrafen\/"},"modified":"2024-07-11T15:03:34","modified_gmt":"2024-07-11T13:03:34","slug":"eu-laender-wollen-orban-fuer-treffen-mit-putin-bestrafen","status":"publish","type":"post","link":"https:\/\/now-news.de\/de\/deutschland\/eu-laender-wollen-orban-fuer-treffen-mit-putin-bestrafen\/","title":{"rendered":"EU-L\u00e4nder wollen Orb\u00e1n f\u00fcr Treffen mit Putin bestrafen"},"content":{"rendered":"<p><img decoding=\"async\" src=\"https:\/\/now-news.de\/de\/wp-content\/uploads\/sites\/3\/2024\/07\/668fbaad48fbef7ee44874d4.jpg\" \/><\/p>\n<div class=\"Text-root Text-type_1 \">\n                Ungarn \u00fcbt seit dem 1. Juli turnusm\u00e4\u00dfig f\u00fcr ein halbes Jahr die Ratspr\u00e4sidentschaft in der Europ\u00e4ischen Union aus. Laut Medienberichten sorgen allerdings die unmittelbar danach begonnenen Auslandsreisen des ungarischen Ministerpr\u00e4sidenten Viktor Orb\u00e1n f\u00fcr Unmut bei mehreren EU-Mitgliedsl\u00e4ndern. Unverhohlen wird mit dem Boykott der ungarischen EU-Ratspr\u00e4sidentschaft gedroht.\n            <\/div>\n<p><\/p>\n<div class=\"Text-root Text-type_5 ArticleView-text ViewText-root \">\n<p>Laut der italienischen Zeitung <em>la Repubblica<\/em> kritisiert und protestiert der Ausschuss der EU-Botschafter nachdr\u00fccklich gegen die j\u00fcngsten Reisen von Viktor Orb\u00e1n nach Russland und China, die dieser als <strong>&#8220;<\/strong>Friedensmissionen&#8221; bezeichnet. Nun lautet bereits eine Drohung, die von Ungarn Anfang Juli turnusm\u00e4\u00dfig \u00fcbernommene EU-Ratspr\u00e4sidentschaft\u00a0zu boykottieren und nur Beamte zu den informellen Ratssitzungen zu schicken, hei\u00dft es bei <em>la Repubblica\u00a0<\/em>(Bezahlschranke).<\/p>\n<p>Am Rande des mittlerweile bereits beendeten NATO-Gipfeltreffens in Washington, D.C. einigten sich laut <em>la Repubblica\u00a0<\/em>die dort anwesenden europ\u00e4ischen Staats- und Regierungschefs darauf, &#8220;eine direkte Konfrontation mit dem Budapester Premierminister Viktor Orb\u00e1n zu vermeiden&#8221;. Ziel sei es jedoch \u00fcber den Weg eines Boykotts der laufenden\u00a0EU-Ratspr\u00e4sidentschaft politisch auf den &#8220;Alleingang&#8221; des ungarischen Ministerpr\u00e4sidenten zu reagieren. So hei\u00dft es sinngem\u00e4\u00df in dem <a rel=\"nofollow noopener\" target=\"_blank\" href=\"https:\/\/archive.is\/cDq76#selection-1489.2-1493.1\">Artikel<\/a> von <em>la Repubblica<\/em>:<\/p>\n<p><em>&#8220;Sterilisierung des ungarischen Ratsvorsitzes. Ihn unsch\u00e4dlich und irrelevant zu machen. Ein unsichtbarer Faden verband gestern Washington und Br\u00fcssel.&#8221;<\/em><\/p>\n<p>Die Zeitung stellt weiter fest, dass die meisten EU-L\u00e4nder ihre Unzufriedenheit mit Orb\u00e1ns diplomatischen Aktivit\u00e4ten deutlich zum Ausdruck gebracht h\u00e4tten. Infolgedessen werde ein weiterer &#8220;Cordon sanitaire&#8221; um Budapest errichtet, der den ungarischen Regierungschef f\u00fcr Entscheidungen in Europa irrelevant machen soll. \u00dcber die Hinterzimmer-Initiative solle somit dem Verfahren einer vorzeitigen Beendigung anders gegengearbeitet werden, da der offizielle Weg &#8220;zu langwierig und kompliziert w\u00e4re&#8221;,\u00a0und es hei\u00dft weiter bei <em>la Repubblica<\/em>:<\/p>\n<p><em>&#8220;Im Wesentlichen werden alle informellen EU-R\u00e4te ignoriert und herabgestuft. Die Minister werden an einer begrenzten Anzahl von Treffen teilnehmen. Dem ungarischen Premierminister werden keine anderen politischen Aufgaben \u00fcbertragen, als die formalen Verfahren der halbj\u00e4hrigen Pr\u00e4sidentschaft zu erf\u00fcllen. Niemals zuvor war diese Funktion so rein formal wie dieses Mal.&#8221;<\/em><\/p>\n<p>Ein ungenannter Diplomat wird mit den Worten zitiert, dass die Europ\u00e4ische Union nun Ungarn bei der Sitzung des Ausschusses der St\u00e4ndigen Vertreter am 10. Juli\u00a0bereits &#8220;die gelbe Karte&#8221; gezeigt habe.\u00a0<\/p>\n<p>Die Online-Zeitung zu EU-Themen <em>Euractiv<\/em> hatte zuvor berichtet, die EU-Mitgliedsstaaten h\u00e4tten aufgrund von Orb\u00e1ns Reisen nach Russland und China bisher &#8220;keine spezifischen Ma\u00dfnahmen zur Beendigung der ungarischen EU-Ratspr\u00e4sidentschaft&#8221; vorgelegt. Demgegen\u00fcber <a rel=\"nofollow noopener\" target=\"_blank\" href=\"https:\/\/www.handelsblatt.com\/politik\/international\/ukraine-krieg-orban-besucht-offenbar-nach-nato-gipfel-trump-in-florida\/100052076.html\">titelte<\/a> das <em>Handelsblatt<\/em> in Deutschland aber am 11. Juli:<\/p>\n<p><em>&#8220;Nach seinen Treffen mit Putin und Xi macht sich Orb\u00e1n einem Bericht zufolge auf zur n\u00e4chsten Station seiner selbst ernannten &#8216;Friedensmission&#8217; \u2013 und d\u00fcrfte den \u00c4rger der NATO-Partner auf sich ziehen.&#8221;<\/em><\/p>\n<p>Demnach st\u00fcnde in den USA noch ein Treffen Orb\u00e1ns mit Donald Trump an. Zwischenzeitlich hatte sich\u00a0Orb\u00e1n bereits am gestrigen Tag in Washington, D.C. mit dem t\u00fcrkischen Pr\u00e4sidenten Erdo\u011fan zu einem vertraulichen Gespr\u00e4ch w\u00e4hrend des laufenden NATO-Gipfeltreffens getroffen:<\/p>\n<div class=\"EmbedBlock-root EmbedBlock-twitter\">\n<div class=\"TwitterEmbed\">\n<blockquote class=\"twitter-tweet lazyload\" data-twitter=\"twitter-tweet\">\n<p lang=\"en\" dir=\"ltr\">The <a rel=\"nofollow noopener\" target=\"_blank\" href=\"https:\/\/twitter.com\/hashtag\/peace?src=hash&amp;ref_src=twsrc%5Etfw\">#peace<\/a> mission continues. I had an important meeting today with President <a rel=\"nofollow noopener\" target=\"_blank\" href=\"https:\/\/twitter.com\/RTErdogan?ref_src=twsrc%5Etfw\">@RTErdogan<\/a> today in <a rel=\"nofollow noopener\" target=\"_blank\" href=\"https:\/\/twitter.com\/hashtag\/Washington?src=hash&amp;ref_src=twsrc%5Etfw\">#Washington<\/a>. Thank you for the opportunity, Mr. President! <a rel=\"nofollow noopener\" target=\"_blank\" href=\"https:\/\/t.co\/NXdQqesk3l\">pic.twitter.com\/NXdQqesk3l<\/a><\/p>\n<p>\u2014 Orb\u00e1n Viktor (@PM_ViktorOrban) <a rel=\"nofollow noopener\" target=\"_blank\" href=\"https:\/\/twitter.com\/PM_ViktorOrban\/status\/1810917547799191714?ref_src=twsrc%5Etfw\">July 10, 2024<\/a><\/p><\/blockquote>\n<\/div>\n<\/div>\n<p>Orb\u00e1n selbst versicherte mit seiner Nachricht auf der Plattform X: &#8220;Die Friedensmission geht weiter.&#8221;<\/p>\n<p><strong>Mehr zum Thema &#8211;<\/strong>\u00a0<a rel=\"nofollow noopener\" target=\"_blank\" href=\"https:\/\/freedert.online\/international\/211961-abschlusserklaerung-nato-gipfel-verschaerfte-sprache\/\">Abschlusserkl\u00e4rung des NATO-Gipfels: Versch\u00e4rfte Sprache gegen\u00fcber China<\/a><\/p>\n<div class=\"EmbedBlock-root EmbedBlock-externalVideo EmbedBlock-odysee\">\n<div class=\"VkEmbed\"><iframe class=\"lazyload\" data-src=\"https:\/\/odysee.com\/%24\/embed\/%40RTDE%3Ae%2F-Niemand-kann-die-Ungarn-%C3%BCber-Russland-belehren--%E2%80%93-Orb%C3%A1n-konfrontiert-Bild-Reporter%3A2\" frameborder=\"0\" width=\"853\" height=\"480\" allowfullscreen><\/iframe><\/div>\n<\/div>\n<\/div>\n<p><script async src=\"https:\/\/platform.twitter.com\/widgets.js\" charset=\"utf-8\"><\/script><br \/>\n<br \/><br \/>\n<br \/><a href=\"https:\/\/de.rt.com\/europa\/212004-eu-laender-wollen-orban-fuer\/\">Source link <\/a><\/p>\n","protected":false},"excerpt":{"rendered":"<p>Ungarn \u00fcbt seit dem 1. Juli turnusm\u00e4\u00dfig f\u00fcr ein halbes Jahr die Ratspr\u00e4sidentschaft in der Europ\u00e4ischen Union aus. Laut Medienberichten sorgen allerdings die unmittelbar danach begonnenen Auslandsreisen des ungarischen Ministerpr\u00e4sidenten Viktor Orb\u00e1n f\u00fcr Unmut bei mehreren EU-Mitgliedsl\u00e4ndern. Unverhohlen wird mit dem Boykott der ungarischen EU-Ratspr\u00e4sidentschaft gedroht. Laut der italienischen Zeitung la Repubblica kritisiert und protestiert [&hellip;]<\/p>\n","protected":false},"author":3,"featured_media":64533,"comment_status":"open","ping_status":"open","sticky":false,"template":"","format":"standard","meta":{"_yoast_indexnow_last_ping":["1720703476"],"wp_automatic_camp":["217"],"a801a91c107114a2d5d700b0ed1d1d62":["EU-L\u00e4nder wollen Orb\u00e1n f\u00fcr Treffen mit Putin bestrafen"],"original_link":["https:\/\/de.rt.com\/europa\/212004-eu-laender-wollen-orban-fuer\/"],"_thumbnail_id":["64533"],"jnews_social_counter_last_update":["1777193706"],"_wptgpro_p2tg_sent2tg":["a:1:{i:23737;s:19:\"2024-07-11 15:12:32\";}"]},"categories":[19,23],"tags":[20626,11635,221,419,6397,125,354,1050],"yoast_head":"<!-- This site is optimized with the Yoast SEO Premium plugin v22.7 (Yoast SEO v22.7) - https:\/\/yoast.com\/wordpress\/plugins\/seo\/ -->\n<title>EU-L\u00e4nder wollen Orb\u00e1n f\u00fcr Treffen mit Putin bestrafen - just-now.NEWS Deutschland<\/title>\n<meta name=\"robots\" content=\"index, follow, max-snippet:-1, max-image-preview:large, max-video-preview:-1\" \/>\n<link rel=\"canonical\" href=\"https:\/\/now-news.de\/de\/deutschland\/eu-laender-wollen-orban-fuer-treffen-mit-putin-bestrafen\/\" \/>\n<meta property=\"og:locale\" content=\"de_DE\" \/>\n<meta property=\"og:type\" content=\"article\" \/>\n<meta property=\"og:title\" content=\"EU-L\u00e4nder wollen Orb\u00e1n f\u00fcr Treffen mit Putin bestrafen\" \/>\n<meta property=\"og:description\" content=\"Ungarn \u00fcbt seit dem 1. Juli turnusm\u00e4\u00dfig f\u00fcr ein halbes Jahr die Ratspr\u00e4sidentschaft in der Europ\u00e4ischen Union aus. Laut Medienberichten sorgen allerdings die unmittelbar danach begonnenen Auslandsreisen des ungarischen Ministerpr\u00e4sidenten Viktor Orb\u00e1n f\u00fcr Unmut bei mehreren EU-Mitgliedsl\u00e4ndern. Unverhohlen wird mit dem Boykott der ungarischen EU-Ratspr\u00e4sidentschaft gedroht. Laut der italienischen Zeitung la Repubblica kritisiert und protestiert [&hellip;]\" \/>\n<meta property=\"og:url\" content=\"https:\/\/now-news.de\/de\/deutschland\/eu-laender-wollen-orban-fuer-treffen-mit-putin-bestrafen\/\" \/>\n<meta property=\"og:site_name\" content=\"just-now.NEWS Deutschland\" \/>\n<meta property=\"article:publisher\" content=\"https:\/\/www.facebook.com\/wirmachenauf\" \/>\n<meta property=\"article:published_time\" content=\"2024-07-11T13:03:34+00:00\" \/>\n<meta property=\"og:image\" content=\"https:\/\/now-news.de\/de\/wp-content\/uploads\/sites\/3\/2024\/07\/668fbaad48fbef7ee44874d4.jpg\" \/>\n<meta name=\"author\" content=\"rtnews\" \/>\n<meta name=\"twitter:card\" content=\"summary_large_image\" \/>\n<meta name=\"twitter:creator\" content=\"@WirMachenAuf_de\" \/>\n<meta name=\"twitter:site\" content=\"@WirMachenAuf_de\" \/>\n<meta name=\"twitter:label1\" content=\"Verfasst von\" \/>\n\t<meta name=\"twitter:data1\" content=\"rtnews\" \/>\n\t<meta name=\"twitter:label2\" content=\"Gesch\u00e4tzte Lesezeit\" \/>\n\t<meta name=\"twitter:data2\" content=\"3\u00a0Minuten\" \/>\n<script type=\"application\/ld+json\" class=\"yoast-schema-graph\">{\"@context\":\"https:\/\/schema.org\",\"@graph\":[{\"@type\":\"Article\",\"@id\":\"https:\/\/now-news.de\/de\/deutschland\/eu-laender-wollen-orban-fuer-treffen-mit-putin-bestrafen\/#article\",\"isPartOf\":{\"@id\":\"https:\/\/now-news.de\/de\/deutschland\/eu-laender-wollen-orban-fuer-treffen-mit-putin-bestrafen\/\"},\"author\":{\"name\":\"rtnews\",\"@id\":\"https:\/\/now-news.de\/de\/#\/schema\/person\/fb534a4e865501d8b3285208df34a9b5\"},\"headline\":\"EU-L\u00e4nder wollen Orb\u00e1n f\u00fcr Treffen mit Putin bestrafen\",\"datePublished\":\"2024-07-11T13:03:34+00:00\",\"dateModified\":\"2024-07-11T13:03:34+00:00\",\"mainEntityOfPage\":{\"@id\":\"https:\/\/now-news.de\/de\/deutschland\/eu-laender-wollen-orban-fuer-treffen-mit-putin-bestrafen\/\"},\"wordCount\":571,\"commentCount\":0,\"publisher\":{\"@id\":\"https:\/\/now-news.de\/de\/#organization\"},\"image\":{\"@id\":\"https:\/\/now-news.de\/de\/deutschland\/eu-laender-wollen-orban-fuer-treffen-mit-putin-bestrafen\/#primaryimage\"},\"thumbnailUrl\":\"https:\/\/now-news.de\/de\/wp-content\/uploads\/sites\/3\/2024\/07\/EU-Laender-wollen-Orban-fuer-Treffen-mit-Putin-bestrafen.jpg\",\"keywords\":[\"bestrafen\",\"EUL\u00e4nder\",\"f\u00fcr\",\"mit\",\"Orb\u00e1n\",\"putin\",\"Treffen\",\"wollen\"],\"articleSection\":[\"Deutschland\",\"Russland\"],\"inLanguage\":\"de\",\"potentialAction\":[{\"@type\":\"CommentAction\",\"name\":\"Comment\",\"target\":[\"https:\/\/now-news.de\/de\/deutschland\/eu-laender-wollen-orban-fuer-treffen-mit-putin-bestrafen\/#respond\"]}]},{\"@type\":\"WebPage\",\"@id\":\"https:\/\/now-news.de\/de\/deutschland\/eu-laender-wollen-orban-fuer-treffen-mit-putin-bestrafen\/\",\"url\":\"https:\/\/now-news.de\/de\/deutschland\/eu-laender-wollen-orban-fuer-treffen-mit-putin-bestrafen\/\",\"name\":\"EU-L\u00e4nder wollen Orb\u00e1n f\u00fcr Treffen mit Putin bestrafen - just-now.NEWS Deutschland\",\"isPartOf\":{\"@id\":\"https:\/\/now-news.de\/de\/#website\"},\"primaryImageOfPage\":{\"@id\":\"https:\/\/now-news.de\/de\/deutschland\/eu-laender-wollen-orban-fuer-treffen-mit-putin-bestrafen\/#primaryimage\"},\"image\":{\"@id\":\"https:\/\/now-news.de\/de\/deutschland\/eu-laender-wollen-orban-fuer-treffen-mit-putin-bestrafen\/#primaryimage\"},\"thumbnailUrl\":\"https:\/\/now-news.de\/de\/wp-content\/uploads\/sites\/3\/2024\/07\/EU-Laender-wollen-Orban-fuer-Treffen-mit-Putin-bestrafen.jpg\",\"datePublished\":\"2024-07-11T13:03:34+00:00\",\"dateModified\":\"2024-07-11T13:03:34+00:00\",\"breadcrumb\":{\"@id\":\"https:\/\/now-news.de\/de\/deutschland\/eu-laender-wollen-orban-fuer-treffen-mit-putin-bestrafen\/#breadcrumb\"},\"inLanguage\":\"de\",\"potentialAction\":[{\"@type\":\"ReadAction\",\"target\":[\"https:\/\/now-news.de\/de\/deutschland\/eu-laender-wollen-orban-fuer-treffen-mit-putin-bestrafen\/\"]}]},{\"@type\":\"ImageObject\",\"inLanguage\":\"de\",\"@id\":\"https:\/\/now-news.de\/de\/deutschland\/eu-laender-wollen-orban-fuer-treffen-mit-putin-bestrafen\/#primaryimage\",\"url\":\"https:\/\/now-news.de\/de\/wp-content\/uploads\/sites\/3\/2024\/07\/EU-Laender-wollen-Orban-fuer-Treffen-mit-Putin-bestrafen.jpg\",\"contentUrl\":\"https:\/\/now-news.de\/de\/wp-content\/uploads\/sites\/3\/2024\/07\/EU-Laender-wollen-Orban-fuer-Treffen-mit-Putin-bestrafen.jpg\",\"width\":460,\"height\":259,\"caption\":\"EU-L\u00e4nder wollen Orb\u00e1n f\u00fcr Treffen mit Putin bestrafen\"},{\"@type\":\"BreadcrumbList\",\"@id\":\"https:\/\/now-news.de\/de\/deutschland\/eu-laender-wollen-orban-fuer-treffen-mit-putin-bestrafen\/#breadcrumb\",\"itemListElement\":[{\"@type\":\"ListItem\",\"position\":1,\"name\":\"Home\",\"item\":\"https:\/\/now-news.de\/de\/\"},{\"@type\":\"ListItem\",\"position\":2,\"name\":\"EU-L\u00e4nder wollen Orb\u00e1n f\u00fcr Treffen mit Putin bestrafen\"}]},{\"@type\":\"WebSite\",\"@id\":\"https:\/\/now-news.de\/de\/#website\",\"url\":\"https:\/\/now-news.de\/de\/\",\"name\":\"just-now.NEWS Deutschland\",\"description\":\"Das Portal f\u00fcr unzensierte Nachrichten aus der Welt\",\"publisher\":{\"@id\":\"https:\/\/now-news.de\/de\/#organization\"},\"potentialAction\":[{\"@type\":\"SearchAction\",\"target\":{\"@type\":\"EntryPoint\",\"urlTemplate\":\"https:\/\/now-news.de\/de\/?s={search_term_string}\"},\"query-input\":\"required name=search_term_string\"}],\"inLanguage\":\"de\"},{\"@type\":\"Organization\",\"@id\":\"https:\/\/now-news.de\/de\/#organization\",\"name\":\"Just Now News\",\"url\":\"https:\/\/now-news.de\/de\/\",\"logo\":{\"@type\":\"ImageObject\",\"inLanguage\":\"de\",\"@id\":\"https:\/\/now-news.de\/de\/#\/schema\/logo\/image\/\",\"url\":\"http:\/\/just-now.news\/de\/wp-content\/uploads\/sites\/3\/2022\/04\/logo500x500.jpg\",\"contentUrl\":\"http:\/\/just-now.news\/de\/wp-content\/uploads\/sites\/3\/2022\/04\/logo500x500.jpg\",\"width\":500,\"height\":500,\"caption\":\"Just Now News\"},\"image\":{\"@id\":\"https:\/\/now-news.de\/de\/#\/schema\/logo\/image\/\"},\"sameAs\":[\"https:\/\/www.facebook.com\/wirmachenauf\",\"https:\/\/x.com\/WirMachenAuf_de\"]},{\"@type\":\"Person\",\"@id\":\"https:\/\/now-news.de\/de\/#\/schema\/person\/fb534a4e865501d8b3285208df34a9b5\",\"name\":\"rtnews\",\"image\":{\"@type\":\"ImageObject\",\"inLanguage\":\"de\",\"@id\":\"https:\/\/now-news.de\/de\/#\/schema\/person\/image\/\",\"url\":\"https:\/\/secure.gravatar.com\/avatar\/82aafea7d8127119dd649515f56e2117?s=96&d=mm&r=g\",\"contentUrl\":\"https:\/\/secure.gravatar.com\/avatar\/82aafea7d8127119dd649515f56e2117?s=96&d=mm&r=g\",\"caption\":\"rtnews\"},\"url\":\"https:\/\/now-news.de\/de\/author\/rnews\/\"}]}<\/script>\n<!-- \/ Yoast SEO Premium plugin. -->","yoast_head_json":{"title":"EU-L\u00e4nder wollen Orb\u00e1n f\u00fcr Treffen mit Putin bestrafen - just-now.NEWS Deutschland","robots":{"index":"index","follow":"follow","max-snippet":"max-snippet:-1","max-image-preview":"max-image-preview:large","max-video-preview":"max-video-preview:-1"},"canonical":"https:\/\/now-news.de\/de\/deutschland\/eu-laender-wollen-orban-fuer-treffen-mit-putin-bestrafen\/","og_locale":"de_DE","og_type":"article","og_title":"EU-L\u00e4nder wollen Orb\u00e1n f\u00fcr Treffen mit Putin bestrafen","og_description":"Ungarn \u00fcbt seit dem 1. Juli turnusm\u00e4\u00dfig f\u00fcr ein halbes Jahr die Ratspr\u00e4sidentschaft in der Europ\u00e4ischen Union aus. Laut Medienberichten sorgen allerdings die unmittelbar danach begonnenen Auslandsreisen des ungarischen Ministerpr\u00e4sidenten Viktor Orb\u00e1n f\u00fcr Unmut bei mehreren EU-Mitgliedsl\u00e4ndern. Unverhohlen wird mit dem Boykott der ungarischen EU-Ratspr\u00e4sidentschaft gedroht. Laut der italienischen Zeitung la Repubblica kritisiert und protestiert [&hellip;]","og_url":"https:\/\/now-news.de\/de\/deutschland\/eu-laender-wollen-orban-fuer-treffen-mit-putin-bestrafen\/","og_site_name":"just-now.NEWS Deutschland","article_publisher":"https:\/\/www.facebook.com\/wirmachenauf","article_published_time":"2024-07-11T13:03:34+00:00","og_image":[{"url":"https:\/\/now-news.de\/de\/wp-content\/uploads\/sites\/3\/2024\/07\/668fbaad48fbef7ee44874d4.jpg"}],"author":"rtnews","twitter_card":"summary_large_image","twitter_creator":"@WirMachenAuf_de","twitter_site":"@WirMachenAuf_de","twitter_misc":{"Verfasst von":"rtnews","Gesch\u00e4tzte Lesezeit":"3\u00a0Minuten"},"schema":{"@context":"https:\/\/schema.org","@graph":[{"@type":"Article","@id":"https:\/\/now-news.de\/de\/deutschland\/eu-laender-wollen-orban-fuer-treffen-mit-putin-bestrafen\/#article","isPartOf":{"@id":"https:\/\/now-news.de\/de\/deutschland\/eu-laender-wollen-orban-fuer-treffen-mit-putin-bestrafen\/"},"author":{"name":"rtnews","@id":"https:\/\/now-news.de\/de\/#\/schema\/person\/fb534a4e865501d8b3285208df34a9b5"},"headline":"EU-L\u00e4nder wollen Orb\u00e1n f\u00fcr Treffen mit Putin bestrafen","datePublished":"2024-07-11T13:03:34+00:00","dateModified":"2024-07-11T13:03:34+00:00","mainEntityOfPage":{"@id":"https:\/\/now-news.de\/de\/deutschland\/eu-laender-wollen-orban-fuer-treffen-mit-putin-bestrafen\/"},"wordCount":571,"commentCount":0,"publisher":{"@id":"https:\/\/now-news.de\/de\/#organization"},"image":{"@id":"https:\/\/now-news.de\/de\/deutschland\/eu-laender-wollen-orban-fuer-treffen-mit-putin-bestrafen\/#primaryimage"},"thumbnailUrl":"https:\/\/now-news.de\/de\/wp-content\/uploads\/sites\/3\/2024\/07\/EU-Laender-wollen-Orban-fuer-Treffen-mit-Putin-bestrafen.jpg","keywords":["bestrafen","EUL\u00e4nder","f\u00fcr","mit","Orb\u00e1n","putin","Treffen","wollen"],"articleSection":["Deutschland","Russland"],"inLanguage":"de","potentialAction":[{"@type":"CommentAction","name":"Comment","target":["https:\/\/now-news.de\/de\/deutschland\/eu-laender-wollen-orban-fuer-treffen-mit-putin-bestrafen\/#respond"]}]},{"@type":"WebPage","@id":"https:\/\/now-news.de\/de\/deutschland\/eu-laender-wollen-orban-fuer-treffen-mit-putin-bestrafen\/","url":"https:\/\/now-news.de\/de\/deutschland\/eu-laender-wollen-orban-fuer-treffen-mit-putin-bestrafen\/","name":"EU-L\u00e4nder wollen Orb\u00e1n f\u00fcr Treffen mit Putin bestrafen - just-now.NEWS Deutschland","isPartOf":{"@id":"https:\/\/now-news.de\/de\/#website"},"primaryImageOfPage":{"@id":"https:\/\/now-news.de\/de\/deutschland\/eu-laender-wollen-orban-fuer-treffen-mit-putin-bestrafen\/#primaryimage"},"image":{"@id":"https:\/\/now-news.de\/de\/deutschland\/eu-laender-wollen-orban-fuer-treffen-mit-putin-bestrafen\/#primaryimage"},"thumbnailUrl":"https:\/\/now-news.de\/de\/wp-content\/uploads\/sites\/3\/2024\/07\/EU-Laender-wollen-Orban-fuer-Treffen-mit-Putin-bestrafen.jpg","datePublished":"2024-07-11T13:03:34+00:00","dateModified":"2024-07-11T13:03:34+00:00","breadcrumb":{"@id":"https:\/\/now-news.de\/de\/deutschland\/eu-laender-wollen-orban-fuer-treffen-mit-putin-bestrafen\/#breadcrumb"},"inLanguage":"de","potentialAction":[{"@type":"ReadAction","target":["https:\/\/now-news.de\/de\/deutschland\/eu-laender-wollen-orban-fuer-treffen-mit-putin-bestrafen\/"]}]},{"@type":"ImageObject","inLanguage":"de","@id":"https:\/\/now-news.de\/de\/deutschland\/eu-laender-wollen-orban-fuer-treffen-mit-putin-bestrafen\/#primaryimage","url":"https:\/\/now-news.de\/de\/wp-content\/uploads\/sites\/3\/2024\/07\/EU-Laender-wollen-Orban-fuer-Treffen-mit-Putin-bestrafen.jpg","contentUrl":"https:\/\/now-news.de\/de\/wp-content\/uploads\/sites\/3\/2024\/07\/EU-Laender-wollen-Orban-fuer-Treffen-mit-Putin-bestrafen.jpg","width":460,"height":259,"caption":"EU-L\u00e4nder wollen Orb\u00e1n f\u00fcr Treffen mit Putin bestrafen"},{"@type":"BreadcrumbList","@id":"https:\/\/now-news.de\/de\/deutschland\/eu-laender-wollen-orban-fuer-treffen-mit-putin-bestrafen\/#breadcrumb","itemListElement":[{"@type":"ListItem","position":1,"name":"Home","item":"https:\/\/now-news.de\/de\/"},{"@type":"ListItem","position":2,"name":"EU-L\u00e4nder wollen Orb\u00e1n f\u00fcr Treffen mit Putin bestrafen"}]},{"@type":"WebSite","@id":"https:\/\/now-news.de\/de\/#website","url":"https:\/\/now-news.de\/de\/","name":"just-now.NEWS Deutschland","description":"Das Portal f\u00fcr unzensierte Nachrichten aus der Welt","publisher":{"@id":"https:\/\/now-news.de\/de\/#organization"},"potentialAction":[{"@type":"SearchAction","target":{"@type":"EntryPoint","urlTemplate":"https:\/\/now-news.de\/de\/?s={search_term_string}"},"query-input":"required name=search_term_string"}],"inLanguage":"de"},{"@type":"Organization","@id":"https:\/\/now-news.de\/de\/#organization","name":"Just Now News","url":"https:\/\/now-news.de\/de\/","logo":{"@type":"ImageObject","inLanguage":"de","@id":"https:\/\/now-news.de\/de\/#\/schema\/logo\/image\/","url":"http:\/\/just-now.news\/de\/wp-content\/uploads\/sites\/3\/2022\/04\/logo500x500.jpg","contentUrl":"http:\/\/just-now.news\/de\/wp-content\/uploads\/sites\/3\/2022\/04\/logo500x500.jpg","width":500,"height":500,"caption":"Just Now News"},"image":{"@id":"https:\/\/now-news.de\/de\/#\/schema\/logo\/image\/"},"sameAs":["https:\/\/www.facebook.com\/wirmachenauf","https:\/\/x.com\/WirMachenAuf_de"]},{"@type":"Person","@id":"https:\/\/now-news.de\/de\/#\/schema\/person\/fb534a4e865501d8b3285208df34a9b5","name":"rtnews","image":{"@type":"ImageObject","inLanguage":"de","@id":"https:\/\/now-news.de\/de\/#\/schema\/person\/image\/","url":"https:\/\/secure.gravatar.com\/avatar\/82aafea7d8127119dd649515f56e2117?s=96&d=mm&r=g","contentUrl":"https:\/\/secure.gravatar.com\/avatar\/82aafea7d8127119dd649515f56e2117?s=96&d=mm&r=g","caption":"rtnews"},"url":"https:\/\/now-news.de\/de\/author\/rnews\/"}]}},"_links":{"self":[{"href":"https:\/\/now-news.de\/de\/wp-json\/wp\/v2\/posts\/64532"}],"collection":[{"href":"https:\/\/now-news.de\/de\/wp-json\/wp\/v2\/posts"}],"about":[{"href":"https:\/\/now-news.de\/de\/wp-json\/wp\/v2\/types\/post"}],"author":[{"embeddable":true,"href":"https:\/\/now-news.de\/de\/wp-json\/wp\/v2\/users\/3"}],"replies":[{"embeddable":true,"href":"https:\/\/now-news.de\/de\/wp-json\/wp\/v2\/comments?post=64532"}],"version-history":[{"count":0,"href":"https:\/\/now-news.de\/de\/wp-json\/wp\/v2\/posts\/64532\/revisions"}],"wp:featuredmedia":[{"embeddable":true,"href":"https:\/\/now-news.de\/de\/wp-json\/wp\/v2\/media\/64533"}],"wp:attachment":[{"href":"https:\/\/now-news.de\/de\/wp-json\/wp\/v2\/media?parent=64532"}],"wp:term":[{"taxonomy":"category","embeddable":true,"href":"https:\/\/now-news.de\/de\/wp-json\/wp\/v2\/categories?post=64532"},{"taxonomy":"post_tag","embeddable":true,"href":"https:\/\/now-news.de\/de\/wp-json\/wp\/v2\/tags?post=64532"}],"curies":[{"name":"wp","href":"https:\/\/api.w.org\/{rel}","templated":true}]}}