{"id":64528,"date":"2024-07-11T14:18:16","date_gmt":"2024-07-11T12:18:16","guid":{"rendered":"https:\/\/now-news.de\/de\/deutschland\/medienbericht-joe-biden-ging-2022-lieber-ins-bett-als-zum-meeting-mit-kanzler-scholz\/"},"modified":"2024-07-11T14:18:16","modified_gmt":"2024-07-11T12:18:16","slug":"medienbericht-joe-biden-ging-2022-lieber-ins-bett-als-zum-meeting-mit-kanzler-scholz","status":"publish","type":"post","link":"https:\/\/now-news.de\/de\/deutschland\/medienbericht-joe-biden-ging-2022-lieber-ins-bett-als-zum-meeting-mit-kanzler-scholz\/","title":{"rendered":"Medienbericht: Joe Biden ging 2022 lieber ins Bett als zum Meeting mit Kanzler Scholz"},"content":{"rendered":"<p><img decoding=\"async\" src=\"https:\/\/now-news.de\/de\/wp-content\/uploads\/sites\/3\/2024\/07\/668f8c47b480cc6e952e0cf2.jpg\" \/><\/p>\n<div class=\"Text-root Text-type_1 \">\n                Laut Informationen des &#8220;Wall Street Journals&#8221; musste US-Au\u00dfenminister Blinken beim G7-Gipfel auf Schloss Elmau einen Abendtermin mit dem deutschen Kanzler wahrnehmen, da der US-Pr\u00e4sident sich bereits zur\u00fcckgezogen hatte.\n            <\/div>\n<p><\/p>\n<div class=\"Text-root Text-type_5 ArticleView-text ViewText-root \">\n<p>Das <em>Wall Street Journal<\/em>\u00a0(<em>WSJ<\/em>) ver\u00f6ffentlichte am 8. Juli einen Artikel, der sich mit der Thematik auseinandersetzt, wie das Organisationsteam um US-Pr\u00e4sident Joe Biden <a rel=\"nofollow noopener\" target=\"_blank\" href=\"https:\/\/www.wsj.com\/politics\/policy\/joe-biden-age-public-election-campaign-343a47bf\">&#8220;die Anzeichen des Alterns unter Verschluss hielt&#8221;<\/a> (Bezahlschranke). Je nach\u00a0Tagesform Bidens m\u00fcssten &#8220;Reisepl\u00e4ne des Pr\u00e4sidenten, Pressekonferenzen, \u00f6ffentliche Auftritte und Treffen&#8221; immer \u00f6fter detailliert organisiert werden, da es zu spontanen \u00c4nderungen kommen k\u00f6nne. Betroffen war demnach auch schon Bundeskanzler Olaf Scholz, dessen Team ein Treffen mit Biden im Jahr 2022 extra\u00a0f\u00fcr den fr\u00fchen Abend plante. Zu dem Termin erschien jedoch US-Au\u00dfenminister Blinken, da der US-Pr\u00e4sident laut <em>WSJ<\/em>-Zitat &#8220;zu Bett gehen m\u00fcsse&#8221;.<\/p>\n<p>Der 48. G7-Gipfel fand vom 26. bis 28. Juni 2022 auf dem bayerischen Schloss Elmau statt. Laut dem Artikel des\u00a0<em>Wall Street Journal<\/em>\u00a0(<em>WSJ<\/em>) war im Verlauf der zwei Tage auch eine informelle Veranstaltung\u00a0vorgesehen, unter alleiniger Anwesenheit von Bundeskanzler Olaf Scholz und dem US-Pr\u00e4sidenten. Der <em>WSJ<\/em>-Artikel berichtet, dass dabei\u00a0eine &#8220;Soiree im Alpenresort Schloss Elmau (&#8230;), als vertrauliches Treffen \u00fcber die Ukraine in einem entspannten Rahmen geplant war.&#8221;\u00a0<\/p>\n<p>Die deutsche\u00a0Seite wusste\u00a0laut <em>WSJ<\/em> &#8220;um Bidens abendliche M\u00fcdigkeit und sie versuchten, dem Pr\u00e4sidenten entgegenzukommen, indem sie eine Veranstaltung mit Bundeskanzler Olaf Scholz im Juni 2022 f\u00fcr den fr\u00fchen Abend planten.&#8221;\u00a0Die Zeitung erhielt diese\u00a0Informationen nach eigenen Angaben aus dem Umfeld von Biden. Weiter hei\u00dft es zum Verlauf des Abends:<\/p>\n<p><em>&#8220;Biden erschien nicht, was den Kanzler und seine Berater \u00fcberraschte, so die Beamten. Stattdessen traf Au\u00dfenminister Antony Blinken ein und verk\u00fcndete, dass Biden zu Bett gehen m\u00fcsse, so zwei Personen, die dabei waren.&#8221;<\/em><\/p>\n<p>In einer Erkl\u00e4rung gegen\u00fcber dem\u00a0<em>WSJ<\/em> dementierte ein Sprecher des Au\u00dfenministeriums den Bericht, w\u00e4hrend ein anderer Beamter erkl\u00e4rte, das Wei\u00dfe Haus habe die Teilnehmer fr\u00fchzeitig dar\u00fcber informiert, dass Biden nicht teilnehmen k\u00f6nne. Ein Sprecher des Au\u00dfenministeriums wird mit der Erkl\u00e4rung zitiert:<\/p>\n<p><em>&#8220;Minister Blinken hat das nie gesagt oder etwas \u00c4hnliches.&#8221;\u00a0<\/em><\/p>\n<p>Durch die Information an die deutsche Seite\u00a0habe\u00a0Blinken &#8220;den Pr\u00e4sidenten nicht vertreten&#8221;. Weiter hei\u00dft es im <em>WSJ<\/em>-Artikel:<\/p>\n<p><em>&#8220;Ein Beamter des Wei\u00dfen Hauses erkl\u00e4rte, dass Biden w\u00e4hrend des Gipfels ein Gleichgewicht zwischen Verpflichtungen mit f\u00fchrenden Politikern aus der ganzen Welt und dringenden Bed\u00fcrfnissen im eigenen Land gefunden habe.&#8221;<\/em><\/p>\n<p>Folglich habe sich auf Schloss Elmau die Situation ergeben, dass der 81-J\u00e4hrige &#8220;nach\u00a0einem einst\u00fcndigen Telefonat mit seinem Team \u00fcber innenpolitische Angelegenheiten den Abend\u00a0um 22 Uhr beendete.&#8221;<\/p>\n<p><strong>Mehr zum Thema &#8211;<\/strong>\u00a0<a rel=\"nofollow noopener\" target=\"_blank\" href=\"https:\/\/freedert.online\/nordamerika\/211948-wir-brauchen-neuen-kandidaten-george\/\">&#8220;Wir brauchen einen neuen Kandidaten&#8221; \u2013 Spendengarant George Clooney distanziert sich von Biden<\/a><\/p>\n<div class=\"EmbedBlock-root EmbedBlock-externalVideo EmbedBlock-vk\">\n<div class=\"VkEmbed\"><iframe class=\"lazyload\" data-src=\"https:\/\/vk.com\/video_ext.php?oid=-134310637&amp;id=456278245\" frameborder=\"0\" width=\"853\" height=\"480\" allowfullscreen><\/iframe><\/div>\n<\/div>\n<\/div>\n<p><br \/>\n<br \/><a href=\"https:\/\/de.rt.com\/inland\/211967-medienbericht-joe-biden-ging-im\/\">Source link <\/a><\/p>\n","protected":false},"excerpt":{"rendered":"<p>Laut Informationen des &#8220;Wall Street Journals&#8221; musste US-Au\u00dfenminister Blinken beim G7-Gipfel auf Schloss Elmau einen Abendtermin mit dem deutschen Kanzler wahrnehmen, da der US-Pr\u00e4sident sich bereits zur\u00fcckgezogen hatte. Das Wall Street Journal\u00a0(WSJ) ver\u00f6ffentlichte am 8. Juli einen Artikel, der sich mit der Thematik auseinandersetzt, wie das Organisationsteam um US-Pr\u00e4sident Joe Biden &#8220;die Anzeichen des Alterns [&hellip;]<\/p>\n","protected":false},"author":3,"featured_media":64529,"comment_status":"open","ping_status":"open","sticky":false,"template":"","format":"standard","meta":{"_yoast_indexnow_last_ping":["1720700601"],"wp_automatic_camp":["217"],"7a05eb22a3d068fed29229b20e2e8577":["Medienbericht: Joe Biden ging 2022 lieber ins Bett als zum Meeting mit Kanzler Scholz"],"original_link":["https:\/\/de.rt.com\/inland\/211967-medienbericht-joe-biden-ging-im\/"],"_thumbnail_id":["64529"],"jnews_social_counter_last_update":["1777618550"],"_wptgpro_p2tg_sent2tg":["a:1:{i:23737;s:19:\"2024-07-11 14:24:32\";}"]},"categories":[19,23],"tags":[273,56517,1348,11576,1678,2150,4907,4208,869,7687,419,1001,565],"yoast_head":"<!-- This site is optimized with the Yoast SEO Premium plugin v22.7 (Yoast SEO v22.7) - https:\/\/yoast.com\/wordpress\/plugins\/seo\/ -->\n<title>Medienbericht: Joe Biden ging 2022 lieber ins Bett als zum Meeting mit Kanzler Scholz - just-now.NEWS Deutschland<\/title>\n<meta name=\"robots\" content=\"index, follow, max-snippet:-1, max-image-preview:large, max-video-preview:-1\" \/>\n<link rel=\"canonical\" href=\"https:\/\/now-news.de\/de\/deutschland\/medienbericht-joe-biden-ging-2022-lieber-ins-bett-als-zum-meeting-mit-kanzler-scholz\/\" \/>\n<meta property=\"og:locale\" content=\"de_DE\" \/>\n<meta property=\"og:type\" content=\"article\" \/>\n<meta property=\"og:title\" content=\"Medienbericht: Joe Biden ging 2022 lieber ins Bett als zum Meeting mit Kanzler Scholz\" \/>\n<meta property=\"og:description\" content=\"Laut Informationen des &#8220;Wall Street Journals&#8221; musste US-Au\u00dfenminister Blinken beim G7-Gipfel auf Schloss Elmau einen Abendtermin mit dem deutschen Kanzler wahrnehmen, da der US-Pr\u00e4sident sich bereits zur\u00fcckgezogen hatte. Das Wall Street Journal\u00a0(WSJ) ver\u00f6ffentlichte am 8. Juli einen Artikel, der sich mit der Thematik auseinandersetzt, wie das Organisationsteam um US-Pr\u00e4sident Joe Biden &#8220;die Anzeichen des Alterns [&hellip;]\" \/>\n<meta property=\"og:url\" content=\"https:\/\/now-news.de\/de\/deutschland\/medienbericht-joe-biden-ging-2022-lieber-ins-bett-als-zum-meeting-mit-kanzler-scholz\/\" \/>\n<meta property=\"og:site_name\" content=\"just-now.NEWS Deutschland\" \/>\n<meta property=\"article:publisher\" content=\"https:\/\/www.facebook.com\/wirmachenauf\" \/>\n<meta property=\"article:published_time\" content=\"2024-07-11T12:18:16+00:00\" \/>\n<meta property=\"og:image\" content=\"https:\/\/now-news.de\/de\/wp-content\/uploads\/sites\/3\/2024\/07\/668f8c47b480cc6e952e0cf2.jpg\" \/>\n<meta name=\"author\" content=\"rtnews\" \/>\n<meta name=\"twitter:card\" content=\"summary_large_image\" \/>\n<meta name=\"twitter:creator\" content=\"@WirMachenAuf_de\" \/>\n<meta name=\"twitter:site\" content=\"@WirMachenAuf_de\" \/>\n<meta name=\"twitter:label1\" content=\"Verfasst von\" \/>\n\t<meta name=\"twitter:data1\" content=\"rtnews\" \/>\n\t<meta name=\"twitter:label2\" content=\"Gesch\u00e4tzte Lesezeit\" \/>\n\t<meta name=\"twitter:data2\" content=\"2\u00a0Minuten\" \/>\n<script type=\"application\/ld+json\" class=\"yoast-schema-graph\">{\"@context\":\"https:\/\/schema.org\",\"@graph\":[{\"@type\":\"Article\",\"@id\":\"https:\/\/now-news.de\/de\/deutschland\/medienbericht-joe-biden-ging-2022-lieber-ins-bett-als-zum-meeting-mit-kanzler-scholz\/#article\",\"isPartOf\":{\"@id\":\"https:\/\/now-news.de\/de\/deutschland\/medienbericht-joe-biden-ging-2022-lieber-ins-bett-als-zum-meeting-mit-kanzler-scholz\/\"},\"author\":{\"name\":\"rtnews\",\"@id\":\"https:\/\/now-news.de\/de\/#\/schema\/person\/fb534a4e865501d8b3285208df34a9b5\"},\"headline\":\"Medienbericht: Joe Biden ging 2022 lieber ins Bett als zum Meeting mit Kanzler Scholz\",\"datePublished\":\"2024-07-11T12:18:16+00:00\",\"dateModified\":\"2024-07-11T12:18:16+00:00\",\"mainEntityOfPage\":{\"@id\":\"https:\/\/now-news.de\/de\/deutschland\/medienbericht-joe-biden-ging-2022-lieber-ins-bett-als-zum-meeting-mit-kanzler-scholz\/\"},\"wordCount\":472,\"commentCount\":0,\"publisher\":{\"@id\":\"https:\/\/now-news.de\/de\/#organization\"},\"image\":{\"@id\":\"https:\/\/now-news.de\/de\/deutschland\/medienbericht-joe-biden-ging-2022-lieber-ins-bett-als-zum-meeting-mit-kanzler-scholz\/#primaryimage\"},\"thumbnailUrl\":\"https:\/\/now-news.de\/de\/wp-content\/uploads\/sites\/3\/2024\/07\/Medienbericht-Joe-Biden-ging-2022-lieber-ins-Bett-als-zum.jpg\",\"keywords\":[\"als\",\"Bett\",\"Biden\",\"ging\",\"ins\",\"Joe\",\"Kanzler\",\"lieber\",\"Medienbericht\",\"Meeting\",\"mit\",\"Scholz\",\"zum\"],\"articleSection\":[\"Deutschland\",\"Russland\"],\"inLanguage\":\"de\",\"potentialAction\":[{\"@type\":\"CommentAction\",\"name\":\"Comment\",\"target\":[\"https:\/\/now-news.de\/de\/deutschland\/medienbericht-joe-biden-ging-2022-lieber-ins-bett-als-zum-meeting-mit-kanzler-scholz\/#respond\"]}]},{\"@type\":\"WebPage\",\"@id\":\"https:\/\/now-news.de\/de\/deutschland\/medienbericht-joe-biden-ging-2022-lieber-ins-bett-als-zum-meeting-mit-kanzler-scholz\/\",\"url\":\"https:\/\/now-news.de\/de\/deutschland\/medienbericht-joe-biden-ging-2022-lieber-ins-bett-als-zum-meeting-mit-kanzler-scholz\/\",\"name\":\"Medienbericht: Joe Biden ging 2022 lieber ins Bett als zum Meeting mit Kanzler Scholz - just-now.NEWS Deutschland\",\"isPartOf\":{\"@id\":\"https:\/\/now-news.de\/de\/#website\"},\"primaryImageOfPage\":{\"@id\":\"https:\/\/now-news.de\/de\/deutschland\/medienbericht-joe-biden-ging-2022-lieber-ins-bett-als-zum-meeting-mit-kanzler-scholz\/#primaryimage\"},\"image\":{\"@id\":\"https:\/\/now-news.de\/de\/deutschland\/medienbericht-joe-biden-ging-2022-lieber-ins-bett-als-zum-meeting-mit-kanzler-scholz\/#primaryimage\"},\"thumbnailUrl\":\"https:\/\/now-news.de\/de\/wp-content\/uploads\/sites\/3\/2024\/07\/Medienbericht-Joe-Biden-ging-2022-lieber-ins-Bett-als-zum.jpg\",\"datePublished\":\"2024-07-11T12:18:16+00:00\",\"dateModified\":\"2024-07-11T12:18:16+00:00\",\"breadcrumb\":{\"@id\":\"https:\/\/now-news.de\/de\/deutschland\/medienbericht-joe-biden-ging-2022-lieber-ins-bett-als-zum-meeting-mit-kanzler-scholz\/#breadcrumb\"},\"inLanguage\":\"de\",\"potentialAction\":[{\"@type\":\"ReadAction\",\"target\":[\"https:\/\/now-news.de\/de\/deutschland\/medienbericht-joe-biden-ging-2022-lieber-ins-bett-als-zum-meeting-mit-kanzler-scholz\/\"]}]},{\"@type\":\"ImageObject\",\"inLanguage\":\"de\",\"@id\":\"https:\/\/now-news.de\/de\/deutschland\/medienbericht-joe-biden-ging-2022-lieber-ins-bett-als-zum-meeting-mit-kanzler-scholz\/#primaryimage\",\"url\":\"https:\/\/now-news.de\/de\/wp-content\/uploads\/sites\/3\/2024\/07\/Medienbericht-Joe-Biden-ging-2022-lieber-ins-Bett-als-zum.jpg\",\"contentUrl\":\"https:\/\/now-news.de\/de\/wp-content\/uploads\/sites\/3\/2024\/07\/Medienbericht-Joe-Biden-ging-2022-lieber-ins-Bett-als-zum.jpg\",\"width\":460,\"height\":259,\"caption\":\"Medienbericht: Joe Biden ging 2022 lieber ins Bett als zum Meeting mit Kanzler Scholz\"},{\"@type\":\"BreadcrumbList\",\"@id\":\"https:\/\/now-news.de\/de\/deutschland\/medienbericht-joe-biden-ging-2022-lieber-ins-bett-als-zum-meeting-mit-kanzler-scholz\/#breadcrumb\",\"itemListElement\":[{\"@type\":\"ListItem\",\"position\":1,\"name\":\"Home\",\"item\":\"https:\/\/now-news.de\/de\/\"},{\"@type\":\"ListItem\",\"position\":2,\"name\":\"Medienbericht: Joe Biden ging 2022 lieber ins Bett als zum Meeting mit Kanzler Scholz\"}]},{\"@type\":\"WebSite\",\"@id\":\"https:\/\/now-news.de\/de\/#website\",\"url\":\"https:\/\/now-news.de\/de\/\",\"name\":\"just-now.NEWS Deutschland\",\"description\":\"Das Portal f\u00fcr unzensierte Nachrichten aus der Welt\",\"publisher\":{\"@id\":\"https:\/\/now-news.de\/de\/#organization\"},\"potentialAction\":[{\"@type\":\"SearchAction\",\"target\":{\"@type\":\"EntryPoint\",\"urlTemplate\":\"https:\/\/now-news.de\/de\/?s={search_term_string}\"},\"query-input\":\"required name=search_term_string\"}],\"inLanguage\":\"de\"},{\"@type\":\"Organization\",\"@id\":\"https:\/\/now-news.de\/de\/#organization\",\"name\":\"Just Now News\",\"url\":\"https:\/\/now-news.de\/de\/\",\"logo\":{\"@type\":\"ImageObject\",\"inLanguage\":\"de\",\"@id\":\"https:\/\/now-news.de\/de\/#\/schema\/logo\/image\/\",\"url\":\"http:\/\/just-now.news\/de\/wp-content\/uploads\/sites\/3\/2022\/04\/logo500x500.jpg\",\"contentUrl\":\"http:\/\/just-now.news\/de\/wp-content\/uploads\/sites\/3\/2022\/04\/logo500x500.jpg\",\"width\":500,\"height\":500,\"caption\":\"Just Now News\"},\"image\":{\"@id\":\"https:\/\/now-news.de\/de\/#\/schema\/logo\/image\/\"},\"sameAs\":[\"https:\/\/www.facebook.com\/wirmachenauf\",\"https:\/\/x.com\/WirMachenAuf_de\"]},{\"@type\":\"Person\",\"@id\":\"https:\/\/now-news.de\/de\/#\/schema\/person\/fb534a4e865501d8b3285208df34a9b5\",\"name\":\"rtnews\",\"image\":{\"@type\":\"ImageObject\",\"inLanguage\":\"de\",\"@id\":\"https:\/\/now-news.de\/de\/#\/schema\/person\/image\/\",\"url\":\"https:\/\/secure.gravatar.com\/avatar\/82aafea7d8127119dd649515f56e2117?s=96&d=mm&r=g\",\"contentUrl\":\"https:\/\/secure.gravatar.com\/avatar\/82aafea7d8127119dd649515f56e2117?s=96&d=mm&r=g\",\"caption\":\"rtnews\"},\"url\":\"https:\/\/now-news.de\/de\/author\/rnews\/\"}]}<\/script>\n<!-- \/ Yoast SEO Premium plugin. -->","yoast_head_json":{"title":"Medienbericht: Joe Biden ging 2022 lieber ins Bett als zum Meeting mit Kanzler Scholz - just-now.NEWS Deutschland","robots":{"index":"index","follow":"follow","max-snippet":"max-snippet:-1","max-image-preview":"max-image-preview:large","max-video-preview":"max-video-preview:-1"},"canonical":"https:\/\/now-news.de\/de\/deutschland\/medienbericht-joe-biden-ging-2022-lieber-ins-bett-als-zum-meeting-mit-kanzler-scholz\/","og_locale":"de_DE","og_type":"article","og_title":"Medienbericht: Joe Biden ging 2022 lieber ins Bett als zum Meeting mit Kanzler Scholz","og_description":"Laut Informationen des &#8220;Wall Street Journals&#8221; musste US-Au\u00dfenminister Blinken beim G7-Gipfel auf Schloss Elmau einen Abendtermin mit dem deutschen Kanzler wahrnehmen, da der US-Pr\u00e4sident sich bereits zur\u00fcckgezogen hatte. Das Wall Street Journal\u00a0(WSJ) ver\u00f6ffentlichte am 8. Juli einen Artikel, der sich mit der Thematik auseinandersetzt, wie das Organisationsteam um US-Pr\u00e4sident Joe Biden &#8220;die Anzeichen des Alterns [&hellip;]","og_url":"https:\/\/now-news.de\/de\/deutschland\/medienbericht-joe-biden-ging-2022-lieber-ins-bett-als-zum-meeting-mit-kanzler-scholz\/","og_site_name":"just-now.NEWS Deutschland","article_publisher":"https:\/\/www.facebook.com\/wirmachenauf","article_published_time":"2024-07-11T12:18:16+00:00","og_image":[{"url":"https:\/\/now-news.de\/de\/wp-content\/uploads\/sites\/3\/2024\/07\/668f8c47b480cc6e952e0cf2.jpg"}],"author":"rtnews","twitter_card":"summary_large_image","twitter_creator":"@WirMachenAuf_de","twitter_site":"@WirMachenAuf_de","twitter_misc":{"Verfasst von":"rtnews","Gesch\u00e4tzte Lesezeit":"2\u00a0Minuten"},"schema":{"@context":"https:\/\/schema.org","@graph":[{"@type":"Article","@id":"https:\/\/now-news.de\/de\/deutschland\/medienbericht-joe-biden-ging-2022-lieber-ins-bett-als-zum-meeting-mit-kanzler-scholz\/#article","isPartOf":{"@id":"https:\/\/now-news.de\/de\/deutschland\/medienbericht-joe-biden-ging-2022-lieber-ins-bett-als-zum-meeting-mit-kanzler-scholz\/"},"author":{"name":"rtnews","@id":"https:\/\/now-news.de\/de\/#\/schema\/person\/fb534a4e865501d8b3285208df34a9b5"},"headline":"Medienbericht: Joe Biden ging 2022 lieber ins Bett als zum Meeting mit Kanzler Scholz","datePublished":"2024-07-11T12:18:16+00:00","dateModified":"2024-07-11T12:18:16+00:00","mainEntityOfPage":{"@id":"https:\/\/now-news.de\/de\/deutschland\/medienbericht-joe-biden-ging-2022-lieber-ins-bett-als-zum-meeting-mit-kanzler-scholz\/"},"wordCount":472,"commentCount":0,"publisher":{"@id":"https:\/\/now-news.de\/de\/#organization"},"image":{"@id":"https:\/\/now-news.de\/de\/deutschland\/medienbericht-joe-biden-ging-2022-lieber-ins-bett-als-zum-meeting-mit-kanzler-scholz\/#primaryimage"},"thumbnailUrl":"https:\/\/now-news.de\/de\/wp-content\/uploads\/sites\/3\/2024\/07\/Medienbericht-Joe-Biden-ging-2022-lieber-ins-Bett-als-zum.jpg","keywords":["als","Bett","Biden","ging","ins","Joe","Kanzler","lieber","Medienbericht","Meeting","mit","Scholz","zum"],"articleSection":["Deutschland","Russland"],"inLanguage":"de","potentialAction":[{"@type":"CommentAction","name":"Comment","target":["https:\/\/now-news.de\/de\/deutschland\/medienbericht-joe-biden-ging-2022-lieber-ins-bett-als-zum-meeting-mit-kanzler-scholz\/#respond"]}]},{"@type":"WebPage","@id":"https:\/\/now-news.de\/de\/deutschland\/medienbericht-joe-biden-ging-2022-lieber-ins-bett-als-zum-meeting-mit-kanzler-scholz\/","url":"https:\/\/now-news.de\/de\/deutschland\/medienbericht-joe-biden-ging-2022-lieber-ins-bett-als-zum-meeting-mit-kanzler-scholz\/","name":"Medienbericht: Joe Biden ging 2022 lieber ins Bett als zum Meeting mit Kanzler Scholz - just-now.NEWS Deutschland","isPartOf":{"@id":"https:\/\/now-news.de\/de\/#website"},"primaryImageOfPage":{"@id":"https:\/\/now-news.de\/de\/deutschland\/medienbericht-joe-biden-ging-2022-lieber-ins-bett-als-zum-meeting-mit-kanzler-scholz\/#primaryimage"},"image":{"@id":"https:\/\/now-news.de\/de\/deutschland\/medienbericht-joe-biden-ging-2022-lieber-ins-bett-als-zum-meeting-mit-kanzler-scholz\/#primaryimage"},"thumbnailUrl":"https:\/\/now-news.de\/de\/wp-content\/uploads\/sites\/3\/2024\/07\/Medienbericht-Joe-Biden-ging-2022-lieber-ins-Bett-als-zum.jpg","datePublished":"2024-07-11T12:18:16+00:00","dateModified":"2024-07-11T12:18:16+00:00","breadcrumb":{"@id":"https:\/\/now-news.de\/de\/deutschland\/medienbericht-joe-biden-ging-2022-lieber-ins-bett-als-zum-meeting-mit-kanzler-scholz\/#breadcrumb"},"inLanguage":"de","potentialAction":[{"@type":"ReadAction","target":["https:\/\/now-news.de\/de\/deutschland\/medienbericht-joe-biden-ging-2022-lieber-ins-bett-als-zum-meeting-mit-kanzler-scholz\/"]}]},{"@type":"ImageObject","inLanguage":"de","@id":"https:\/\/now-news.de\/de\/deutschland\/medienbericht-joe-biden-ging-2022-lieber-ins-bett-als-zum-meeting-mit-kanzler-scholz\/#primaryimage","url":"https:\/\/now-news.de\/de\/wp-content\/uploads\/sites\/3\/2024\/07\/Medienbericht-Joe-Biden-ging-2022-lieber-ins-Bett-als-zum.jpg","contentUrl":"https:\/\/now-news.de\/de\/wp-content\/uploads\/sites\/3\/2024\/07\/Medienbericht-Joe-Biden-ging-2022-lieber-ins-Bett-als-zum.jpg","width":460,"height":259,"caption":"Medienbericht: Joe Biden ging 2022 lieber ins Bett als zum Meeting mit Kanzler Scholz"},{"@type":"BreadcrumbList","@id":"https:\/\/now-news.de\/de\/deutschland\/medienbericht-joe-biden-ging-2022-lieber-ins-bett-als-zum-meeting-mit-kanzler-scholz\/#breadcrumb","itemListElement":[{"@type":"ListItem","position":1,"name":"Home","item":"https:\/\/now-news.de\/de\/"},{"@type":"ListItem","position":2,"name":"Medienbericht: Joe Biden ging 2022 lieber ins Bett als zum Meeting mit Kanzler Scholz"}]},{"@type":"WebSite","@id":"https:\/\/now-news.de\/de\/#website","url":"https:\/\/now-news.de\/de\/","name":"just-now.NEWS Deutschland","description":"Das Portal f\u00fcr unzensierte Nachrichten aus der Welt","publisher":{"@id":"https:\/\/now-news.de\/de\/#organization"},"potentialAction":[{"@type":"SearchAction","target":{"@type":"EntryPoint","urlTemplate":"https:\/\/now-news.de\/de\/?s={search_term_string}"},"query-input":"required name=search_term_string"}],"inLanguage":"de"},{"@type":"Organization","@id":"https:\/\/now-news.de\/de\/#organization","name":"Just Now News","url":"https:\/\/now-news.de\/de\/","logo":{"@type":"ImageObject","inLanguage":"de","@id":"https:\/\/now-news.de\/de\/#\/schema\/logo\/image\/","url":"http:\/\/just-now.news\/de\/wp-content\/uploads\/sites\/3\/2022\/04\/logo500x500.jpg","contentUrl":"http:\/\/just-now.news\/de\/wp-content\/uploads\/sites\/3\/2022\/04\/logo500x500.jpg","width":500,"height":500,"caption":"Just Now News"},"image":{"@id":"https:\/\/now-news.de\/de\/#\/schema\/logo\/image\/"},"sameAs":["https:\/\/www.facebook.com\/wirmachenauf","https:\/\/x.com\/WirMachenAuf_de"]},{"@type":"Person","@id":"https:\/\/now-news.de\/de\/#\/schema\/person\/fb534a4e865501d8b3285208df34a9b5","name":"rtnews","image":{"@type":"ImageObject","inLanguage":"de","@id":"https:\/\/now-news.de\/de\/#\/schema\/person\/image\/","url":"https:\/\/secure.gravatar.com\/avatar\/82aafea7d8127119dd649515f56e2117?s=96&d=mm&r=g","contentUrl":"https:\/\/secure.gravatar.com\/avatar\/82aafea7d8127119dd649515f56e2117?s=96&d=mm&r=g","caption":"rtnews"},"url":"https:\/\/now-news.de\/de\/author\/rnews\/"}]}},"_links":{"self":[{"href":"https:\/\/now-news.de\/de\/wp-json\/wp\/v2\/posts\/64528"}],"collection":[{"href":"https:\/\/now-news.de\/de\/wp-json\/wp\/v2\/posts"}],"about":[{"href":"https:\/\/now-news.de\/de\/wp-json\/wp\/v2\/types\/post"}],"author":[{"embeddable":true,"href":"https:\/\/now-news.de\/de\/wp-json\/wp\/v2\/users\/3"}],"replies":[{"embeddable":true,"href":"https:\/\/now-news.de\/de\/wp-json\/wp\/v2\/comments?post=64528"}],"version-history":[{"count":0,"href":"https:\/\/now-news.de\/de\/wp-json\/wp\/v2\/posts\/64528\/revisions"}],"wp:featuredmedia":[{"embeddable":true,"href":"https:\/\/now-news.de\/de\/wp-json\/wp\/v2\/media\/64529"}],"wp:attachment":[{"href":"https:\/\/now-news.de\/de\/wp-json\/wp\/v2\/media?parent=64528"}],"wp:term":[{"taxonomy":"category","embeddable":true,"href":"https:\/\/now-news.de\/de\/wp-json\/wp\/v2\/categories?post=64528"},{"taxonomy":"post_tag","embeddable":true,"href":"https:\/\/now-news.de\/de\/wp-json\/wp\/v2\/tags?post=64528"}],"curies":[{"name":"wp","href":"https:\/\/api.w.org\/{rel}","templated":true}]}}