{"id":64524,"date":"2024-07-11T13:37:54","date_gmt":"2024-07-11T11:37:54","guid":{"rendered":"https:\/\/now-news.de\/de\/deutschland\/bericht-orban-trifft-sich-am-donnerstag-mit-trump\/"},"modified":"2024-07-11T13:37:54","modified_gmt":"2024-07-11T11:37:54","slug":"bericht-orban-trifft-sich-am-donnerstag-mit-trump","status":"publish","type":"post","link":"https:\/\/now-news.de\/de\/deutschland\/bericht-orban-trifft-sich-am-donnerstag-mit-trump\/","title":{"rendered":"Bericht: Orb\u00e1n trifft sich am Donnerstag mit Trump"},"content":{"rendered":"<p><img decoding=\"async\" src=\"https:\/\/now-news.de\/de\/wp-content\/uploads\/sites\/3\/2024\/07\/668faebd48fbef7efa182bbf.jpg\" \/><\/p>\n<div class=\"Text-root Text-type_1 \">\n                Der ungarische Premierminister Viktor Orb\u00e1n wird sich diese Woche mit dem ehemaligen US-Pr\u00e4sidenten Donald Trump in Florida treffen, berichtet Bloomberg. Dies w\u00e4re das vierte Treffen Orb\u00e1ns mit einem (ehemaligen) Staatschef in den vergangenen Tagen.\n            <\/div>\n<p><\/p>\n<div class=\"Text-root Text-type_5 ArticleView-text ViewText-root \">\n<p>Ungarns Premierminister Viktor Orb\u00e1n wird nach dem NATO-Gipfel in Washington, der bis Donnerstag dauert, den ehemaligen US-Pr\u00e4sidenten Donald Trump in dessen Residenz Mar-a-Lago in Florida besuchen, berichtet <em>Bloomberg<\/em> unter Berufung auf Quellen.<\/p>\n<p>&#8220;Der Besuch d\u00fcrfte Bef\u00fcrchtungen n\u00e4hren, dass der ungarische Staatschef als Vermittler zwischen Putin und Trump fungiert&#8221;, hei\u00dft es in dem Bericht. Orb\u00e1n und Trump h\u00e4tten eine &#8220;enge Beziehung&#8221;. Bei einem fr\u00fcheren Treffen mit Trump im M\u00e4rz habe der ungarische Premier ihm nahegelegt, an die Macht zur\u00fcckzukehren und &#8220;Frieden zu bringen&#8221;.\u00a0<\/p>\n<p>Trump habe den ungarischen Premier jedoch nicht gebeten, den Grundstein f\u00fcr ein Friedensabkommen zwischen der Ukraine und Russland zu legen, sagte eine mit der Angelegenheit vertraute Person, die anonym bleiben wollte. Das Treffen sei eher informell.<\/p>\n<p>In der vergangenen Woche unternahm Orb\u00e1n eine Reihe von Auslandsreisen, um M\u00f6glichkeiten zur L\u00f6sung der Situation in der Ukraine zu er\u00f6rtern. Seine Friedensmission begann vergangene Woche in Kiew, wo er mit dem ukrainischen Pr\u00e4sidenten Wladimir Selenskij sprach. Anschlie\u00dfend reiste er nach Moskau und Peking, wo er Gespr\u00e4che mit Wladimir Putin und Xi Jinping f\u00fchrte. Orb\u00e1n versprach, seine Friedensmission fortzusetzen und daf\u00fcr auch seinen Aufenthalt in den USA zu nutzen, wo er am NATO-Gipfel teilnimmt.<\/p>\n<p>Wie die spanische Zeitung <em>El Pa\u00eds<\/em> am Mittwoch berichtete, findet Orb\u00e1n, dass Wladimir Putin und Xi Jinping von neuen Friedensgespr\u00e4chen zwischen Moskau und Kiew noch in diesem Jahr ausgehen. Au\u00dferdem warnte er die EU, dass die n\u00e4chsten zwei Monate auf dem Schlachtfeld &#8220;dramatischer als je zuvor&#8221; sein w\u00fcrden.<strong><\/strong><\/p>\n<p><strong>Mehr zum Thema<\/strong> &#8211; <a rel=\"nofollow noopener\" target=\"_blank\" href=\"https:\/\/freedert.online\/europa\/211886-bericht-orban-putin-erwartet-neue\/\">Bericht: Orb\u00e1n \u2013 Putin erwartet neue Friedensgespr\u00e4che mit Kiew bis Jahresende<\/a><\/p>\n<\/p>\n<\/div>\n<p><br \/>\n<br \/><a href=\"https:\/\/de.rt.com\/international\/211994-bericht-orban-trifft-sich-am\/\">Source link <\/a><\/p>\n","protected":false},"excerpt":{"rendered":"<p>Der ungarische Premierminister Viktor Orb\u00e1n wird sich diese Woche mit dem ehemaligen US-Pr\u00e4sidenten Donald Trump in Florida treffen, berichtet Bloomberg. Dies w\u00e4re das vierte Treffen Orb\u00e1ns mit einem (ehemaligen) Staatschef in den vergangenen Tagen. Ungarns Premierminister Viktor Orb\u00e1n wird nach dem NATO-Gipfel in Washington, der bis Donnerstag dauert, den ehemaligen US-Pr\u00e4sidenten Donald Trump in dessen [&hellip;]<\/p>\n","protected":false},"author":3,"featured_media":64525,"comment_status":"open","ping_status":"open","sticky":false,"template":"","format":"standard","meta":{"_yoast_indexnow_last_ping":["1720698685"],"wp_automatic_camp":["217"],"807a8e27b1e8f14e523c5413148ff5a0":["Bericht: Orb\u00e1n trifft sich am Donnerstag mit Trump"],"original_link":["https:\/\/de.rt.com\/international\/211994-bericht-orban-trifft-sich-am\/"],"_thumbnail_id":["64525"],"jnews_social_counter_last_update":["1777435575"],"_wptgpro_p2tg_sent2tg":["a:1:{i:23737;s:19:\"2024-07-11 13:52:29\";}"]},"categories":[19,23],"tags":[667,18781,419,6397,434,13790,1639],"yoast_head":"<!-- This site is optimized with the Yoast SEO Premium plugin v22.7 (Yoast SEO v22.7) - https:\/\/yoast.com\/wordpress\/plugins\/seo\/ -->\n<title>Bericht: Orb\u00e1n trifft sich am Donnerstag mit Trump - just-now.NEWS Deutschland<\/title>\n<meta name=\"robots\" content=\"index, follow, max-snippet:-1, max-image-preview:large, max-video-preview:-1\" \/>\n<link rel=\"canonical\" href=\"https:\/\/now-news.de\/de\/deutschland\/bericht-orban-trifft-sich-am-donnerstag-mit-trump\/\" \/>\n<meta property=\"og:locale\" content=\"de_DE\" \/>\n<meta property=\"og:type\" content=\"article\" \/>\n<meta property=\"og:title\" content=\"Bericht: Orb\u00e1n trifft sich am Donnerstag mit Trump\" \/>\n<meta property=\"og:description\" content=\"Der ungarische Premierminister Viktor Orb\u00e1n wird sich diese Woche mit dem ehemaligen US-Pr\u00e4sidenten Donald Trump in Florida treffen, berichtet Bloomberg. Dies w\u00e4re das vierte Treffen Orb\u00e1ns mit einem (ehemaligen) Staatschef in den vergangenen Tagen. Ungarns Premierminister Viktor Orb\u00e1n wird nach dem NATO-Gipfel in Washington, der bis Donnerstag dauert, den ehemaligen US-Pr\u00e4sidenten Donald Trump in dessen [&hellip;]\" \/>\n<meta property=\"og:url\" content=\"https:\/\/now-news.de\/de\/deutschland\/bericht-orban-trifft-sich-am-donnerstag-mit-trump\/\" \/>\n<meta property=\"og:site_name\" content=\"just-now.NEWS Deutschland\" \/>\n<meta property=\"article:publisher\" content=\"https:\/\/www.facebook.com\/wirmachenauf\" \/>\n<meta property=\"article:published_time\" content=\"2024-07-11T11:37:54+00:00\" \/>\n<meta property=\"og:image\" content=\"https:\/\/now-news.de\/de\/wp-content\/uploads\/sites\/3\/2024\/07\/668faebd48fbef7efa182bbf.jpg\" \/>\n<meta name=\"author\" content=\"rtnews\" \/>\n<meta name=\"twitter:card\" content=\"summary_large_image\" \/>\n<meta name=\"twitter:creator\" content=\"@WirMachenAuf_de\" \/>\n<meta name=\"twitter:site\" content=\"@WirMachenAuf_de\" \/>\n<meta name=\"twitter:label1\" content=\"Verfasst von\" \/>\n\t<meta name=\"twitter:data1\" content=\"rtnews\" \/>\n\t<meta name=\"twitter:label2\" content=\"Gesch\u00e4tzte Lesezeit\" \/>\n\t<meta name=\"twitter:data2\" content=\"2\u00a0Minuten\" \/>\n<script type=\"application\/ld+json\" class=\"yoast-schema-graph\">{\"@context\":\"https:\/\/schema.org\",\"@graph\":[{\"@type\":\"Article\",\"@id\":\"https:\/\/now-news.de\/de\/deutschland\/bericht-orban-trifft-sich-am-donnerstag-mit-trump\/#article\",\"isPartOf\":{\"@id\":\"https:\/\/now-news.de\/de\/deutschland\/bericht-orban-trifft-sich-am-donnerstag-mit-trump\/\"},\"author\":{\"name\":\"rtnews\",\"@id\":\"https:\/\/now-news.de\/de\/#\/schema\/person\/fb534a4e865501d8b3285208df34a9b5\"},\"headline\":\"Bericht: Orb\u00e1n trifft sich am Donnerstag mit Trump\",\"datePublished\":\"2024-07-11T11:37:54+00:00\",\"dateModified\":\"2024-07-11T11:37:54+00:00\",\"mainEntityOfPage\":{\"@id\":\"https:\/\/now-news.de\/de\/deutschland\/bericht-orban-trifft-sich-am-donnerstag-mit-trump\/\"},\"wordCount\":334,\"commentCount\":0,\"publisher\":{\"@id\":\"https:\/\/now-news.de\/de\/#organization\"},\"image\":{\"@id\":\"https:\/\/now-news.de\/de\/deutschland\/bericht-orban-trifft-sich-am-donnerstag-mit-trump\/#primaryimage\"},\"thumbnailUrl\":\"https:\/\/now-news.de\/de\/wp-content\/uploads\/sites\/3\/2024\/07\/Bericht-Orban-trifft-sich-am-Donnerstag-mit-Trump.jpg\",\"keywords\":[\"Bericht\",\"Donnerstag\",\"mit\",\"Orb\u00e1n\",\"sich\",\"trifft\",\"trump\"],\"articleSection\":[\"Deutschland\",\"Russland\"],\"inLanguage\":\"de\",\"potentialAction\":[{\"@type\":\"CommentAction\",\"name\":\"Comment\",\"target\":[\"https:\/\/now-news.de\/de\/deutschland\/bericht-orban-trifft-sich-am-donnerstag-mit-trump\/#respond\"]}]},{\"@type\":\"WebPage\",\"@id\":\"https:\/\/now-news.de\/de\/deutschland\/bericht-orban-trifft-sich-am-donnerstag-mit-trump\/\",\"url\":\"https:\/\/now-news.de\/de\/deutschland\/bericht-orban-trifft-sich-am-donnerstag-mit-trump\/\",\"name\":\"Bericht: Orb\u00e1n trifft sich am Donnerstag mit Trump - just-now.NEWS Deutschland\",\"isPartOf\":{\"@id\":\"https:\/\/now-news.de\/de\/#website\"},\"primaryImageOfPage\":{\"@id\":\"https:\/\/now-news.de\/de\/deutschland\/bericht-orban-trifft-sich-am-donnerstag-mit-trump\/#primaryimage\"},\"image\":{\"@id\":\"https:\/\/now-news.de\/de\/deutschland\/bericht-orban-trifft-sich-am-donnerstag-mit-trump\/#primaryimage\"},\"thumbnailUrl\":\"https:\/\/now-news.de\/de\/wp-content\/uploads\/sites\/3\/2024\/07\/Bericht-Orban-trifft-sich-am-Donnerstag-mit-Trump.jpg\",\"datePublished\":\"2024-07-11T11:37:54+00:00\",\"dateModified\":\"2024-07-11T11:37:54+00:00\",\"breadcrumb\":{\"@id\":\"https:\/\/now-news.de\/de\/deutschland\/bericht-orban-trifft-sich-am-donnerstag-mit-trump\/#breadcrumb\"},\"inLanguage\":\"de\",\"potentialAction\":[{\"@type\":\"ReadAction\",\"target\":[\"https:\/\/now-news.de\/de\/deutschland\/bericht-orban-trifft-sich-am-donnerstag-mit-trump\/\"]}]},{\"@type\":\"ImageObject\",\"inLanguage\":\"de\",\"@id\":\"https:\/\/now-news.de\/de\/deutschland\/bericht-orban-trifft-sich-am-donnerstag-mit-trump\/#primaryimage\",\"url\":\"https:\/\/now-news.de\/de\/wp-content\/uploads\/sites\/3\/2024\/07\/Bericht-Orban-trifft-sich-am-Donnerstag-mit-Trump.jpg\",\"contentUrl\":\"https:\/\/now-news.de\/de\/wp-content\/uploads\/sites\/3\/2024\/07\/Bericht-Orban-trifft-sich-am-Donnerstag-mit-Trump.jpg\",\"width\":460,\"height\":259,\"caption\":\"Bericht: Orb\u00e1n trifft sich am Donnerstag mit Trump\"},{\"@type\":\"BreadcrumbList\",\"@id\":\"https:\/\/now-news.de\/de\/deutschland\/bericht-orban-trifft-sich-am-donnerstag-mit-trump\/#breadcrumb\",\"itemListElement\":[{\"@type\":\"ListItem\",\"position\":1,\"name\":\"Home\",\"item\":\"https:\/\/now-news.de\/de\/\"},{\"@type\":\"ListItem\",\"position\":2,\"name\":\"Bericht: Orb\u00e1n trifft sich am Donnerstag mit Trump\"}]},{\"@type\":\"WebSite\",\"@id\":\"https:\/\/now-news.de\/de\/#website\",\"url\":\"https:\/\/now-news.de\/de\/\",\"name\":\"just-now.NEWS Deutschland\",\"description\":\"Das Portal f\u00fcr unzensierte Nachrichten aus der Welt\",\"publisher\":{\"@id\":\"https:\/\/now-news.de\/de\/#organization\"},\"potentialAction\":[{\"@type\":\"SearchAction\",\"target\":{\"@type\":\"EntryPoint\",\"urlTemplate\":\"https:\/\/now-news.de\/de\/?s={search_term_string}\"},\"query-input\":\"required name=search_term_string\"}],\"inLanguage\":\"de\"},{\"@type\":\"Organization\",\"@id\":\"https:\/\/now-news.de\/de\/#organization\",\"name\":\"Just Now News\",\"url\":\"https:\/\/now-news.de\/de\/\",\"logo\":{\"@type\":\"ImageObject\",\"inLanguage\":\"de\",\"@id\":\"https:\/\/now-news.de\/de\/#\/schema\/logo\/image\/\",\"url\":\"http:\/\/just-now.news\/de\/wp-content\/uploads\/sites\/3\/2022\/04\/logo500x500.jpg\",\"contentUrl\":\"http:\/\/just-now.news\/de\/wp-content\/uploads\/sites\/3\/2022\/04\/logo500x500.jpg\",\"width\":500,\"height\":500,\"caption\":\"Just Now News\"},\"image\":{\"@id\":\"https:\/\/now-news.de\/de\/#\/schema\/logo\/image\/\"},\"sameAs\":[\"https:\/\/www.facebook.com\/wirmachenauf\",\"https:\/\/x.com\/WirMachenAuf_de\"]},{\"@type\":\"Person\",\"@id\":\"https:\/\/now-news.de\/de\/#\/schema\/person\/fb534a4e865501d8b3285208df34a9b5\",\"name\":\"rtnews\",\"image\":{\"@type\":\"ImageObject\",\"inLanguage\":\"de\",\"@id\":\"https:\/\/now-news.de\/de\/#\/schema\/person\/image\/\",\"url\":\"https:\/\/secure.gravatar.com\/avatar\/82aafea7d8127119dd649515f56e2117?s=96&d=mm&r=g\",\"contentUrl\":\"https:\/\/secure.gravatar.com\/avatar\/82aafea7d8127119dd649515f56e2117?s=96&d=mm&r=g\",\"caption\":\"rtnews\"},\"url\":\"https:\/\/now-news.de\/de\/author\/rnews\/\"}]}<\/script>\n<!-- \/ Yoast SEO Premium plugin. -->","yoast_head_json":{"title":"Bericht: Orb\u00e1n trifft sich am Donnerstag mit Trump - just-now.NEWS Deutschland","robots":{"index":"index","follow":"follow","max-snippet":"max-snippet:-1","max-image-preview":"max-image-preview:large","max-video-preview":"max-video-preview:-1"},"canonical":"https:\/\/now-news.de\/de\/deutschland\/bericht-orban-trifft-sich-am-donnerstag-mit-trump\/","og_locale":"de_DE","og_type":"article","og_title":"Bericht: Orb\u00e1n trifft sich am Donnerstag mit Trump","og_description":"Der ungarische Premierminister Viktor Orb\u00e1n wird sich diese Woche mit dem ehemaligen US-Pr\u00e4sidenten Donald Trump in Florida treffen, berichtet Bloomberg. Dies w\u00e4re das vierte Treffen Orb\u00e1ns mit einem (ehemaligen) Staatschef in den vergangenen Tagen. Ungarns Premierminister Viktor Orb\u00e1n wird nach dem NATO-Gipfel in Washington, der bis Donnerstag dauert, den ehemaligen US-Pr\u00e4sidenten Donald Trump in dessen [&hellip;]","og_url":"https:\/\/now-news.de\/de\/deutschland\/bericht-orban-trifft-sich-am-donnerstag-mit-trump\/","og_site_name":"just-now.NEWS Deutschland","article_publisher":"https:\/\/www.facebook.com\/wirmachenauf","article_published_time":"2024-07-11T11:37:54+00:00","og_image":[{"url":"https:\/\/now-news.de\/de\/wp-content\/uploads\/sites\/3\/2024\/07\/668faebd48fbef7efa182bbf.jpg"}],"author":"rtnews","twitter_card":"summary_large_image","twitter_creator":"@WirMachenAuf_de","twitter_site":"@WirMachenAuf_de","twitter_misc":{"Verfasst von":"rtnews","Gesch\u00e4tzte Lesezeit":"2\u00a0Minuten"},"schema":{"@context":"https:\/\/schema.org","@graph":[{"@type":"Article","@id":"https:\/\/now-news.de\/de\/deutschland\/bericht-orban-trifft-sich-am-donnerstag-mit-trump\/#article","isPartOf":{"@id":"https:\/\/now-news.de\/de\/deutschland\/bericht-orban-trifft-sich-am-donnerstag-mit-trump\/"},"author":{"name":"rtnews","@id":"https:\/\/now-news.de\/de\/#\/schema\/person\/fb534a4e865501d8b3285208df34a9b5"},"headline":"Bericht: Orb\u00e1n trifft sich am Donnerstag mit Trump","datePublished":"2024-07-11T11:37:54+00:00","dateModified":"2024-07-11T11:37:54+00:00","mainEntityOfPage":{"@id":"https:\/\/now-news.de\/de\/deutschland\/bericht-orban-trifft-sich-am-donnerstag-mit-trump\/"},"wordCount":334,"commentCount":0,"publisher":{"@id":"https:\/\/now-news.de\/de\/#organization"},"image":{"@id":"https:\/\/now-news.de\/de\/deutschland\/bericht-orban-trifft-sich-am-donnerstag-mit-trump\/#primaryimage"},"thumbnailUrl":"https:\/\/now-news.de\/de\/wp-content\/uploads\/sites\/3\/2024\/07\/Bericht-Orban-trifft-sich-am-Donnerstag-mit-Trump.jpg","keywords":["Bericht","Donnerstag","mit","Orb\u00e1n","sich","trifft","trump"],"articleSection":["Deutschland","Russland"],"inLanguage":"de","potentialAction":[{"@type":"CommentAction","name":"Comment","target":["https:\/\/now-news.de\/de\/deutschland\/bericht-orban-trifft-sich-am-donnerstag-mit-trump\/#respond"]}]},{"@type":"WebPage","@id":"https:\/\/now-news.de\/de\/deutschland\/bericht-orban-trifft-sich-am-donnerstag-mit-trump\/","url":"https:\/\/now-news.de\/de\/deutschland\/bericht-orban-trifft-sich-am-donnerstag-mit-trump\/","name":"Bericht: Orb\u00e1n trifft sich am Donnerstag mit Trump - just-now.NEWS Deutschland","isPartOf":{"@id":"https:\/\/now-news.de\/de\/#website"},"primaryImageOfPage":{"@id":"https:\/\/now-news.de\/de\/deutschland\/bericht-orban-trifft-sich-am-donnerstag-mit-trump\/#primaryimage"},"image":{"@id":"https:\/\/now-news.de\/de\/deutschland\/bericht-orban-trifft-sich-am-donnerstag-mit-trump\/#primaryimage"},"thumbnailUrl":"https:\/\/now-news.de\/de\/wp-content\/uploads\/sites\/3\/2024\/07\/Bericht-Orban-trifft-sich-am-Donnerstag-mit-Trump.jpg","datePublished":"2024-07-11T11:37:54+00:00","dateModified":"2024-07-11T11:37:54+00:00","breadcrumb":{"@id":"https:\/\/now-news.de\/de\/deutschland\/bericht-orban-trifft-sich-am-donnerstag-mit-trump\/#breadcrumb"},"inLanguage":"de","potentialAction":[{"@type":"ReadAction","target":["https:\/\/now-news.de\/de\/deutschland\/bericht-orban-trifft-sich-am-donnerstag-mit-trump\/"]}]},{"@type":"ImageObject","inLanguage":"de","@id":"https:\/\/now-news.de\/de\/deutschland\/bericht-orban-trifft-sich-am-donnerstag-mit-trump\/#primaryimage","url":"https:\/\/now-news.de\/de\/wp-content\/uploads\/sites\/3\/2024\/07\/Bericht-Orban-trifft-sich-am-Donnerstag-mit-Trump.jpg","contentUrl":"https:\/\/now-news.de\/de\/wp-content\/uploads\/sites\/3\/2024\/07\/Bericht-Orban-trifft-sich-am-Donnerstag-mit-Trump.jpg","width":460,"height":259,"caption":"Bericht: Orb\u00e1n trifft sich am Donnerstag mit Trump"},{"@type":"BreadcrumbList","@id":"https:\/\/now-news.de\/de\/deutschland\/bericht-orban-trifft-sich-am-donnerstag-mit-trump\/#breadcrumb","itemListElement":[{"@type":"ListItem","position":1,"name":"Home","item":"https:\/\/now-news.de\/de\/"},{"@type":"ListItem","position":2,"name":"Bericht: Orb\u00e1n trifft sich am Donnerstag mit Trump"}]},{"@type":"WebSite","@id":"https:\/\/now-news.de\/de\/#website","url":"https:\/\/now-news.de\/de\/","name":"just-now.NEWS Deutschland","description":"Das Portal f\u00fcr unzensierte Nachrichten aus der Welt","publisher":{"@id":"https:\/\/now-news.de\/de\/#organization"},"potentialAction":[{"@type":"SearchAction","target":{"@type":"EntryPoint","urlTemplate":"https:\/\/now-news.de\/de\/?s={search_term_string}"},"query-input":"required name=search_term_string"}],"inLanguage":"de"},{"@type":"Organization","@id":"https:\/\/now-news.de\/de\/#organization","name":"Just Now News","url":"https:\/\/now-news.de\/de\/","logo":{"@type":"ImageObject","inLanguage":"de","@id":"https:\/\/now-news.de\/de\/#\/schema\/logo\/image\/","url":"http:\/\/just-now.news\/de\/wp-content\/uploads\/sites\/3\/2022\/04\/logo500x500.jpg","contentUrl":"http:\/\/just-now.news\/de\/wp-content\/uploads\/sites\/3\/2022\/04\/logo500x500.jpg","width":500,"height":500,"caption":"Just Now News"},"image":{"@id":"https:\/\/now-news.de\/de\/#\/schema\/logo\/image\/"},"sameAs":["https:\/\/www.facebook.com\/wirmachenauf","https:\/\/x.com\/WirMachenAuf_de"]},{"@type":"Person","@id":"https:\/\/now-news.de\/de\/#\/schema\/person\/fb534a4e865501d8b3285208df34a9b5","name":"rtnews","image":{"@type":"ImageObject","inLanguage":"de","@id":"https:\/\/now-news.de\/de\/#\/schema\/person\/image\/","url":"https:\/\/secure.gravatar.com\/avatar\/82aafea7d8127119dd649515f56e2117?s=96&d=mm&r=g","contentUrl":"https:\/\/secure.gravatar.com\/avatar\/82aafea7d8127119dd649515f56e2117?s=96&d=mm&r=g","caption":"rtnews"},"url":"https:\/\/now-news.de\/de\/author\/rnews\/"}]}},"_links":{"self":[{"href":"https:\/\/now-news.de\/de\/wp-json\/wp\/v2\/posts\/64524"}],"collection":[{"href":"https:\/\/now-news.de\/de\/wp-json\/wp\/v2\/posts"}],"about":[{"href":"https:\/\/now-news.de\/de\/wp-json\/wp\/v2\/types\/post"}],"author":[{"embeddable":true,"href":"https:\/\/now-news.de\/de\/wp-json\/wp\/v2\/users\/3"}],"replies":[{"embeddable":true,"href":"https:\/\/now-news.de\/de\/wp-json\/wp\/v2\/comments?post=64524"}],"version-history":[{"count":0,"href":"https:\/\/now-news.de\/de\/wp-json\/wp\/v2\/posts\/64524\/revisions"}],"wp:featuredmedia":[{"embeddable":true,"href":"https:\/\/now-news.de\/de\/wp-json\/wp\/v2\/media\/64525"}],"wp:attachment":[{"href":"https:\/\/now-news.de\/de\/wp-json\/wp\/v2\/media?parent=64524"}],"wp:term":[{"taxonomy":"category","embeddable":true,"href":"https:\/\/now-news.de\/de\/wp-json\/wp\/v2\/categories?post=64524"},{"taxonomy":"post_tag","embeddable":true,"href":"https:\/\/now-news.de\/de\/wp-json\/wp\/v2\/tags?post=64524"}],"curies":[{"name":"wp","href":"https:\/\/api.w.org\/{rel}","templated":true}]}}