{"id":64512,"date":"2024-07-11T11:57:54","date_gmt":"2024-07-11T09:57:54","guid":{"rendered":"https:\/\/now-news.de\/de\/deutschland\/alf-verliert-besten-freund-brian-ist-tot\/"},"modified":"2024-07-11T11:57:54","modified_gmt":"2024-07-11T09:57:54","slug":"alf-verliert-besten-freund-brian-ist-tot","status":"publish","type":"post","link":"https:\/\/now-news.de\/de\/deutschland\/alf-verliert-besten-freund-brian-ist-tot\/","title":{"rendered":"&quot;ALF&quot; verliert besten Freund: &quot;Brian&quot; ist tot"},"content":{"rendered":"<p><img decoding=\"async\" src=\"https:\/\/now-news.de\/de\/wp-content\/uploads\/sites\/3\/2024\/07\/668fa7dc48fbef7efa182ba9.png\" \/><\/p>\n<div class=\"Text-root Text-type_1 \">\n                Benji Gregory, der in den 1980er Jahren mit der Fernsehserie &#8220;ALF&#8221; als Brian Tanner bekannt wurde, ist \u00fcberraschend gestorben. Er wurde nur 46 Jahre alt. Die &#8220;ALF&#8221;-Fangemeinde trauert. Und eine Frage dr\u00e4ngt sich auf: Wer besch\u00fctzt jetzt &#8220;Lucky&#8221;?\n            <\/div>\n<p><\/p>\n<div class=\"Text-root Text-type_5 ArticleView-text ViewText-root \">\n<p>Der US-Schauspieler Benji Gregory, der in den 1980er Jahren in der Fernsehserie &#8220;ALF&#8221; als Brian Tanner zum Kinderstar wurde, ist mit 46 Jahren \u00fcberraschend gestorben.<\/p>\n<p>Er sei bereits am 13. Juni auf dem Parkplatz einer Bank in Peoria im Bundesstaat Arizona tot in seinem Auto gefunden worden, sagte seine Schwester dem US-Nachrichtenportal <em>TMZ<\/em>. Auch die <em>New York Times<\/em> und andere US-Medien berichteten \u00fcber den Todesfall.<\/p>\n<p>Die Familie vermute, dass er in dem Wagen eingeschlafen und angesichts der hohen Temperaturen an einem Hitzschlag gestorben sei, schrieb sie auf Facebook. Sein Assistenzhund Hans sei ebenfalls leblos in dem Fahrzeug entdeckt worden. Gregory hatte nach Angaben seiner Schwester mit einer bipolaren St\u00f6rung sowie Depressionen zu k\u00e4mpfen und litt an einer Schlafst\u00f6rung.<\/p>\n<p>Vermutlich sei er am Abend zuvor zu der Bank gefahren, um etwas einzuzahlen, sei aber gar nicht aus dem Auto gestiegen. Der Sender <em>KABC<\/em> und die Zeitung <em>USA Today<\/em> berichteten unter Berufung auf die Gerichtsmedizin des Bezirks Maricopa, dass die Todesursache noch nicht feststehe.<\/p>\n<\/p>\n<p><strong>Brian und der freche Au\u00dferirdische<\/strong><\/p>\n<p>Gregory spielte in der Sitcom Brian, den Sohn der Familie Tanner. Diese nimmt den Au\u00dferirdischen ALF (kurz f\u00fcr Au\u00dferirdische Lebensform) bei sich auf, nachdem er mit seinem Raumschiff versehentlich in deren Garage kracht.<\/p>\n<p>Das Zottelmonster vom Planeten Melmac bringt das Leben der Tanners m\u00e4chtig durcheinander. Au\u00dferdem trachtet ALF nach deren Kater Lucky, denn Katzen sind seine Lieblingsspeise. Zu seinem Markenzeichen z\u00e4hlten auch jede Menge freche Spr\u00fcche. Auf Deutsch wurde der Satz &#8220;Null Problemo!&#8221; legend\u00e4r. Gregory war acht Jahre alt, als er in die Rolle des Brian schl\u00fcpfte.<\/p>\n<p>Zwar wirkte er sp\u00e4ter noch in anderen Serien wie &#8220;The A-Team&#8221;, &#8220;Punky Brewster&#8221; und &#8220;Amazing Stories&#8221; mit, der gro\u00dfe Erfolg stellte sich aber nicht ein. Laut dem Branchenportal <em>Imdb.com<\/em> war er auch zeitweise im Wetterdienst der US Navy besch\u00e4ftigt.<\/p>\n<p><strong>Mehr zum Thema<\/strong> \u2013 <a rel=\"nofollow noopener\" target=\"_blank\" href=\"https:\/\/freeassange.rtde.life\/meinung\/211058-wird-mussorgskijs-meisterwerk-zu-proukrainischen-friedenshymne-stilisiert\/\">Wird Mussorgskis Meisterwerk zu einer proukrainischen &#8220;Friedenshymne&#8221; stilisiert? <\/a><\/p>\n<div class=\"EmbedBlock-root EmbedBlock-externalVideo EmbedBlock-odysee\">\n<div class=\"VkEmbed\"><iframe class=\"lazyload\" data-src=\"https:\/\/odysee.com\/%24\/embed\/%40RTDE%3Ae%2FEin--d%C3%B6p-d%C3%B6d%C3%B6-d%C3%B6p--zu-viel--%E2%80%93-Berliner-Polizei-konfisziert-Musikbox%3A4\" frameborder=\"0\" width=\"853\" height=\"480\" allowfullscreen><\/iframe><\/div>\n<\/div>\n<\/div>\n<p><br \/>\n<br \/><a href=\"https:\/\/de.rt.com\/international\/211987-alf-verliert-besten-freund-brian-ist-tot\/\">Source link <\/a><\/p>\n","protected":false},"excerpt":{"rendered":"<p>Benji Gregory, der in den 1980er Jahren mit der Fernsehserie &#8220;ALF&#8221; als Brian Tanner bekannt wurde, ist \u00fcberraschend gestorben. Er wurde nur 46 Jahre alt. Die &#8220;ALF&#8221;-Fangemeinde trauert. Und eine Frage dr\u00e4ngt sich auf: Wer besch\u00fctzt jetzt &#8220;Lucky&#8221;? Der US-Schauspieler Benji Gregory, der in den 1980er Jahren in der Fernsehserie &#8220;ALF&#8221; als Brian Tanner zum [&hellip;]<\/p>\n","protected":false},"author":3,"featured_media":64513,"comment_status":"open","ping_status":"open","sticky":false,"template":"","format":"standard","meta":{"_yoast_indexnow_last_ping":["1720691973"],"wp_automatic_camp":["217"],"d0d2ce169e80233fa8a97fc16d00dfaa":["&quot;ALF&quot; verliert besten Freund: &quot;Brian&quot; ist tot"],"original_link":["https:\/\/de.rt.com\/international\/211987-alf-verliert-besten-freund-brian-ist-tot\/"],"_thumbnail_id":["64513"],"jnews_social_counter_last_update":["1777322687"],"_wptgpro_p2tg_sent2tg":["a:1:{i:23737;s:19:\"2024-07-11 12:00:49\";}"]},"categories":[19,23],"tags":[23494,11535,414,56512,56513,3842,11487],"yoast_head":"<!-- This site is optimized with the Yoast SEO Premium plugin v22.7 (Yoast SEO v22.7) - https:\/\/yoast.com\/wordpress\/plugins\/seo\/ -->\n<title>&quot;ALF&quot; verliert besten Freund: &quot;Brian&quot; ist tot - just-now.NEWS Deutschland<\/title>\n<meta name=\"robots\" content=\"index, follow, max-snippet:-1, max-image-preview:large, max-video-preview:-1\" \/>\n<link rel=\"canonical\" href=\"https:\/\/now-news.de\/de\/deutschland\/alf-verliert-besten-freund-brian-ist-tot\/\" \/>\n<meta property=\"og:locale\" content=\"de_DE\" \/>\n<meta property=\"og:type\" content=\"article\" \/>\n<meta property=\"og:title\" content=\"&quot;ALF&quot; verliert besten Freund: &quot;Brian&quot; ist tot\" \/>\n<meta property=\"og:description\" content=\"Benji Gregory, der in den 1980er Jahren mit der Fernsehserie &#8220;ALF&#8221; als Brian Tanner bekannt wurde, ist \u00fcberraschend gestorben. Er wurde nur 46 Jahre alt. Die &#8220;ALF&#8221;-Fangemeinde trauert. Und eine Frage dr\u00e4ngt sich auf: Wer besch\u00fctzt jetzt &#8220;Lucky&#8221;? Der US-Schauspieler Benji Gregory, der in den 1980er Jahren in der Fernsehserie &#8220;ALF&#8221; als Brian Tanner zum [&hellip;]\" \/>\n<meta property=\"og:url\" content=\"https:\/\/now-news.de\/de\/deutschland\/alf-verliert-besten-freund-brian-ist-tot\/\" \/>\n<meta property=\"og:site_name\" content=\"just-now.NEWS Deutschland\" \/>\n<meta property=\"article:publisher\" content=\"https:\/\/www.facebook.com\/wirmachenauf\" \/>\n<meta property=\"article:published_time\" content=\"2024-07-11T09:57:54+00:00\" \/>\n<meta property=\"og:image\" content=\"https:\/\/now-news.de\/de\/wp-content\/uploads\/sites\/3\/2024\/07\/668fa7dc48fbef7efa182ba9.png\" \/>\n<meta name=\"author\" content=\"rtnews\" \/>\n<meta name=\"twitter:card\" content=\"summary_large_image\" \/>\n<meta name=\"twitter:creator\" content=\"@WirMachenAuf_de\" \/>\n<meta name=\"twitter:site\" content=\"@WirMachenAuf_de\" \/>\n<meta name=\"twitter:label1\" content=\"Verfasst von\" \/>\n\t<meta name=\"twitter:data1\" content=\"rtnews\" \/>\n\t<meta name=\"twitter:label2\" content=\"Gesch\u00e4tzte Lesezeit\" \/>\n\t<meta name=\"twitter:data2\" content=\"2\u00a0Minuten\" \/>\n<script type=\"application\/ld+json\" class=\"yoast-schema-graph\">{\"@context\":\"https:\/\/schema.org\",\"@graph\":[{\"@type\":\"Article\",\"@id\":\"https:\/\/now-news.de\/de\/deutschland\/alf-verliert-besten-freund-brian-ist-tot\/#article\",\"isPartOf\":{\"@id\":\"https:\/\/now-news.de\/de\/deutschland\/alf-verliert-besten-freund-brian-ist-tot\/\"},\"author\":{\"name\":\"rtnews\",\"@id\":\"https:\/\/now-news.de\/de\/#\/schema\/person\/fb534a4e865501d8b3285208df34a9b5\"},\"headline\":\"&quot;ALF&quot; verliert besten Freund: &quot;Brian&quot; ist tot\",\"datePublished\":\"2024-07-11T09:57:54+00:00\",\"dateModified\":\"2024-07-11T09:57:54+00:00\",\"mainEntityOfPage\":{\"@id\":\"https:\/\/now-news.de\/de\/deutschland\/alf-verliert-besten-freund-brian-ist-tot\/\"},\"wordCount\":373,\"commentCount\":0,\"publisher\":{\"@id\":\"https:\/\/now-news.de\/de\/#organization\"},\"image\":{\"@id\":\"https:\/\/now-news.de\/de\/deutschland\/alf-verliert-besten-freund-brian-ist-tot\/#primaryimage\"},\"thumbnailUrl\":\"https:\/\/now-news.de\/de\/wp-content\/uploads\/sites\/3\/2024\/07\/quotALFquot-verliert-besten-Freund-quotBrianquot-ist-tot.png\",\"keywords\":[\"besten\",\"Freund\",\"ist\",\"quotALFquot\",\"quotBrianquot\",\"tot\",\"verliert\"],\"articleSection\":[\"Deutschland\",\"Russland\"],\"inLanguage\":\"de\",\"potentialAction\":[{\"@type\":\"CommentAction\",\"name\":\"Comment\",\"target\":[\"https:\/\/now-news.de\/de\/deutschland\/alf-verliert-besten-freund-brian-ist-tot\/#respond\"]}]},{\"@type\":\"WebPage\",\"@id\":\"https:\/\/now-news.de\/de\/deutschland\/alf-verliert-besten-freund-brian-ist-tot\/\",\"url\":\"https:\/\/now-news.de\/de\/deutschland\/alf-verliert-besten-freund-brian-ist-tot\/\",\"name\":\"&quot;ALF&quot; verliert besten Freund: &quot;Brian&quot; ist tot - just-now.NEWS Deutschland\",\"isPartOf\":{\"@id\":\"https:\/\/now-news.de\/de\/#website\"},\"primaryImageOfPage\":{\"@id\":\"https:\/\/now-news.de\/de\/deutschland\/alf-verliert-besten-freund-brian-ist-tot\/#primaryimage\"},\"image\":{\"@id\":\"https:\/\/now-news.de\/de\/deutschland\/alf-verliert-besten-freund-brian-ist-tot\/#primaryimage\"},\"thumbnailUrl\":\"https:\/\/now-news.de\/de\/wp-content\/uploads\/sites\/3\/2024\/07\/quotALFquot-verliert-besten-Freund-quotBrianquot-ist-tot.png\",\"datePublished\":\"2024-07-11T09:57:54+00:00\",\"dateModified\":\"2024-07-11T09:57:54+00:00\",\"breadcrumb\":{\"@id\":\"https:\/\/now-news.de\/de\/deutschland\/alf-verliert-besten-freund-brian-ist-tot\/#breadcrumb\"},\"inLanguage\":\"de\",\"potentialAction\":[{\"@type\":\"ReadAction\",\"target\":[\"https:\/\/now-news.de\/de\/deutschland\/alf-verliert-besten-freund-brian-ist-tot\/\"]}]},{\"@type\":\"ImageObject\",\"inLanguage\":\"de\",\"@id\":\"https:\/\/now-news.de\/de\/deutschland\/alf-verliert-besten-freund-brian-ist-tot\/#primaryimage\",\"url\":\"https:\/\/now-news.de\/de\/wp-content\/uploads\/sites\/3\/2024\/07\/quotALFquot-verliert-besten-Freund-quotBrianquot-ist-tot.png\",\"contentUrl\":\"https:\/\/now-news.de\/de\/wp-content\/uploads\/sites\/3\/2024\/07\/quotALFquot-verliert-besten-Freund-quotBrianquot-ist-tot.png\",\"width\":460,\"height\":259,\"caption\":\"&quot;ALF&quot; verliert besten Freund: &quot;Brian&quot; ist tot\"},{\"@type\":\"BreadcrumbList\",\"@id\":\"https:\/\/now-news.de\/de\/deutschland\/alf-verliert-besten-freund-brian-ist-tot\/#breadcrumb\",\"itemListElement\":[{\"@type\":\"ListItem\",\"position\":1,\"name\":\"Home\",\"item\":\"https:\/\/now-news.de\/de\/\"},{\"@type\":\"ListItem\",\"position\":2,\"name\":\"&quot;ALF&quot; verliert besten Freund: &quot;Brian&quot; ist tot\"}]},{\"@type\":\"WebSite\",\"@id\":\"https:\/\/now-news.de\/de\/#website\",\"url\":\"https:\/\/now-news.de\/de\/\",\"name\":\"just-now.NEWS Deutschland\",\"description\":\"Das Portal f\u00fcr unzensierte Nachrichten aus der Welt\",\"publisher\":{\"@id\":\"https:\/\/now-news.de\/de\/#organization\"},\"potentialAction\":[{\"@type\":\"SearchAction\",\"target\":{\"@type\":\"EntryPoint\",\"urlTemplate\":\"https:\/\/now-news.de\/de\/?s={search_term_string}\"},\"query-input\":\"required name=search_term_string\"}],\"inLanguage\":\"de\"},{\"@type\":\"Organization\",\"@id\":\"https:\/\/now-news.de\/de\/#organization\",\"name\":\"Just Now News\",\"url\":\"https:\/\/now-news.de\/de\/\",\"logo\":{\"@type\":\"ImageObject\",\"inLanguage\":\"de\",\"@id\":\"https:\/\/now-news.de\/de\/#\/schema\/logo\/image\/\",\"url\":\"http:\/\/just-now.news\/de\/wp-content\/uploads\/sites\/3\/2022\/04\/logo500x500.jpg\",\"contentUrl\":\"http:\/\/just-now.news\/de\/wp-content\/uploads\/sites\/3\/2022\/04\/logo500x500.jpg\",\"width\":500,\"height\":500,\"caption\":\"Just Now News\"},\"image\":{\"@id\":\"https:\/\/now-news.de\/de\/#\/schema\/logo\/image\/\"},\"sameAs\":[\"https:\/\/www.facebook.com\/wirmachenauf\",\"https:\/\/x.com\/WirMachenAuf_de\"]},{\"@type\":\"Person\",\"@id\":\"https:\/\/now-news.de\/de\/#\/schema\/person\/fb534a4e865501d8b3285208df34a9b5\",\"name\":\"rtnews\",\"image\":{\"@type\":\"ImageObject\",\"inLanguage\":\"de\",\"@id\":\"https:\/\/now-news.de\/de\/#\/schema\/person\/image\/\",\"url\":\"https:\/\/secure.gravatar.com\/avatar\/82aafea7d8127119dd649515f56e2117?s=96&d=mm&r=g\",\"contentUrl\":\"https:\/\/secure.gravatar.com\/avatar\/82aafea7d8127119dd649515f56e2117?s=96&d=mm&r=g\",\"caption\":\"rtnews\"},\"url\":\"https:\/\/now-news.de\/de\/author\/rnews\/\"}]}<\/script>\n<!-- \/ Yoast SEO Premium plugin. -->","yoast_head_json":{"title":"&quot;ALF&quot; verliert besten Freund: &quot;Brian&quot; ist tot - just-now.NEWS Deutschland","robots":{"index":"index","follow":"follow","max-snippet":"max-snippet:-1","max-image-preview":"max-image-preview:large","max-video-preview":"max-video-preview:-1"},"canonical":"https:\/\/now-news.de\/de\/deutschland\/alf-verliert-besten-freund-brian-ist-tot\/","og_locale":"de_DE","og_type":"article","og_title":"&quot;ALF&quot; verliert besten Freund: &quot;Brian&quot; ist tot","og_description":"Benji Gregory, der in den 1980er Jahren mit der Fernsehserie &#8220;ALF&#8221; als Brian Tanner bekannt wurde, ist \u00fcberraschend gestorben. Er wurde nur 46 Jahre alt. Die &#8220;ALF&#8221;-Fangemeinde trauert. Und eine Frage dr\u00e4ngt sich auf: Wer besch\u00fctzt jetzt &#8220;Lucky&#8221;? Der US-Schauspieler Benji Gregory, der in den 1980er Jahren in der Fernsehserie &#8220;ALF&#8221; als Brian Tanner zum [&hellip;]","og_url":"https:\/\/now-news.de\/de\/deutschland\/alf-verliert-besten-freund-brian-ist-tot\/","og_site_name":"just-now.NEWS Deutschland","article_publisher":"https:\/\/www.facebook.com\/wirmachenauf","article_published_time":"2024-07-11T09:57:54+00:00","og_image":[{"url":"https:\/\/now-news.de\/de\/wp-content\/uploads\/sites\/3\/2024\/07\/668fa7dc48fbef7efa182ba9.png"}],"author":"rtnews","twitter_card":"summary_large_image","twitter_creator":"@WirMachenAuf_de","twitter_site":"@WirMachenAuf_de","twitter_misc":{"Verfasst von":"rtnews","Gesch\u00e4tzte Lesezeit":"2\u00a0Minuten"},"schema":{"@context":"https:\/\/schema.org","@graph":[{"@type":"Article","@id":"https:\/\/now-news.de\/de\/deutschland\/alf-verliert-besten-freund-brian-ist-tot\/#article","isPartOf":{"@id":"https:\/\/now-news.de\/de\/deutschland\/alf-verliert-besten-freund-brian-ist-tot\/"},"author":{"name":"rtnews","@id":"https:\/\/now-news.de\/de\/#\/schema\/person\/fb534a4e865501d8b3285208df34a9b5"},"headline":"&quot;ALF&quot; verliert besten Freund: &quot;Brian&quot; ist tot","datePublished":"2024-07-11T09:57:54+00:00","dateModified":"2024-07-11T09:57:54+00:00","mainEntityOfPage":{"@id":"https:\/\/now-news.de\/de\/deutschland\/alf-verliert-besten-freund-brian-ist-tot\/"},"wordCount":373,"commentCount":0,"publisher":{"@id":"https:\/\/now-news.de\/de\/#organization"},"image":{"@id":"https:\/\/now-news.de\/de\/deutschland\/alf-verliert-besten-freund-brian-ist-tot\/#primaryimage"},"thumbnailUrl":"https:\/\/now-news.de\/de\/wp-content\/uploads\/sites\/3\/2024\/07\/quotALFquot-verliert-besten-Freund-quotBrianquot-ist-tot.png","keywords":["besten","Freund","ist","quotALFquot","quotBrianquot","tot","verliert"],"articleSection":["Deutschland","Russland"],"inLanguage":"de","potentialAction":[{"@type":"CommentAction","name":"Comment","target":["https:\/\/now-news.de\/de\/deutschland\/alf-verliert-besten-freund-brian-ist-tot\/#respond"]}]},{"@type":"WebPage","@id":"https:\/\/now-news.de\/de\/deutschland\/alf-verliert-besten-freund-brian-ist-tot\/","url":"https:\/\/now-news.de\/de\/deutschland\/alf-verliert-besten-freund-brian-ist-tot\/","name":"&quot;ALF&quot; verliert besten Freund: &quot;Brian&quot; ist tot - just-now.NEWS Deutschland","isPartOf":{"@id":"https:\/\/now-news.de\/de\/#website"},"primaryImageOfPage":{"@id":"https:\/\/now-news.de\/de\/deutschland\/alf-verliert-besten-freund-brian-ist-tot\/#primaryimage"},"image":{"@id":"https:\/\/now-news.de\/de\/deutschland\/alf-verliert-besten-freund-brian-ist-tot\/#primaryimage"},"thumbnailUrl":"https:\/\/now-news.de\/de\/wp-content\/uploads\/sites\/3\/2024\/07\/quotALFquot-verliert-besten-Freund-quotBrianquot-ist-tot.png","datePublished":"2024-07-11T09:57:54+00:00","dateModified":"2024-07-11T09:57:54+00:00","breadcrumb":{"@id":"https:\/\/now-news.de\/de\/deutschland\/alf-verliert-besten-freund-brian-ist-tot\/#breadcrumb"},"inLanguage":"de","potentialAction":[{"@type":"ReadAction","target":["https:\/\/now-news.de\/de\/deutschland\/alf-verliert-besten-freund-brian-ist-tot\/"]}]},{"@type":"ImageObject","inLanguage":"de","@id":"https:\/\/now-news.de\/de\/deutschland\/alf-verliert-besten-freund-brian-ist-tot\/#primaryimage","url":"https:\/\/now-news.de\/de\/wp-content\/uploads\/sites\/3\/2024\/07\/quotALFquot-verliert-besten-Freund-quotBrianquot-ist-tot.png","contentUrl":"https:\/\/now-news.de\/de\/wp-content\/uploads\/sites\/3\/2024\/07\/quotALFquot-verliert-besten-Freund-quotBrianquot-ist-tot.png","width":460,"height":259,"caption":"&quot;ALF&quot; verliert besten Freund: &quot;Brian&quot; ist tot"},{"@type":"BreadcrumbList","@id":"https:\/\/now-news.de\/de\/deutschland\/alf-verliert-besten-freund-brian-ist-tot\/#breadcrumb","itemListElement":[{"@type":"ListItem","position":1,"name":"Home","item":"https:\/\/now-news.de\/de\/"},{"@type":"ListItem","position":2,"name":"&quot;ALF&quot; verliert besten Freund: &quot;Brian&quot; ist tot"}]},{"@type":"WebSite","@id":"https:\/\/now-news.de\/de\/#website","url":"https:\/\/now-news.de\/de\/","name":"just-now.NEWS Deutschland","description":"Das Portal f\u00fcr unzensierte Nachrichten aus der Welt","publisher":{"@id":"https:\/\/now-news.de\/de\/#organization"},"potentialAction":[{"@type":"SearchAction","target":{"@type":"EntryPoint","urlTemplate":"https:\/\/now-news.de\/de\/?s={search_term_string}"},"query-input":"required name=search_term_string"}],"inLanguage":"de"},{"@type":"Organization","@id":"https:\/\/now-news.de\/de\/#organization","name":"Just Now News","url":"https:\/\/now-news.de\/de\/","logo":{"@type":"ImageObject","inLanguage":"de","@id":"https:\/\/now-news.de\/de\/#\/schema\/logo\/image\/","url":"http:\/\/just-now.news\/de\/wp-content\/uploads\/sites\/3\/2022\/04\/logo500x500.jpg","contentUrl":"http:\/\/just-now.news\/de\/wp-content\/uploads\/sites\/3\/2022\/04\/logo500x500.jpg","width":500,"height":500,"caption":"Just Now News"},"image":{"@id":"https:\/\/now-news.de\/de\/#\/schema\/logo\/image\/"},"sameAs":["https:\/\/www.facebook.com\/wirmachenauf","https:\/\/x.com\/WirMachenAuf_de"]},{"@type":"Person","@id":"https:\/\/now-news.de\/de\/#\/schema\/person\/fb534a4e865501d8b3285208df34a9b5","name":"rtnews","image":{"@type":"ImageObject","inLanguage":"de","@id":"https:\/\/now-news.de\/de\/#\/schema\/person\/image\/","url":"https:\/\/secure.gravatar.com\/avatar\/82aafea7d8127119dd649515f56e2117?s=96&d=mm&r=g","contentUrl":"https:\/\/secure.gravatar.com\/avatar\/82aafea7d8127119dd649515f56e2117?s=96&d=mm&r=g","caption":"rtnews"},"url":"https:\/\/now-news.de\/de\/author\/rnews\/"}]}},"_links":{"self":[{"href":"https:\/\/now-news.de\/de\/wp-json\/wp\/v2\/posts\/64512"}],"collection":[{"href":"https:\/\/now-news.de\/de\/wp-json\/wp\/v2\/posts"}],"about":[{"href":"https:\/\/now-news.de\/de\/wp-json\/wp\/v2\/types\/post"}],"author":[{"embeddable":true,"href":"https:\/\/now-news.de\/de\/wp-json\/wp\/v2\/users\/3"}],"replies":[{"embeddable":true,"href":"https:\/\/now-news.de\/de\/wp-json\/wp\/v2\/comments?post=64512"}],"version-history":[{"count":0,"href":"https:\/\/now-news.de\/de\/wp-json\/wp\/v2\/posts\/64512\/revisions"}],"wp:featuredmedia":[{"embeddable":true,"href":"https:\/\/now-news.de\/de\/wp-json\/wp\/v2\/media\/64513"}],"wp:attachment":[{"href":"https:\/\/now-news.de\/de\/wp-json\/wp\/v2\/media?parent=64512"}],"wp:term":[{"taxonomy":"category","embeddable":true,"href":"https:\/\/now-news.de\/de\/wp-json\/wp\/v2\/categories?post=64512"},{"taxonomy":"post_tag","embeddable":true,"href":"https:\/\/now-news.de\/de\/wp-json\/wp\/v2\/tags?post=64512"}],"curies":[{"name":"wp","href":"https:\/\/api.w.org\/{rel}","templated":true}]}}