{"id":64459,"date":"2024-07-10T15:17:15","date_gmt":"2024-07-10T13:17:15","guid":{"rendered":"https:\/\/now-news.de\/de\/deutschland\/nach-treffen-mit-putin-modi-diskutiert-in-oesterreich-ueber-den-ukraine-krieg\/"},"modified":"2024-07-10T15:17:15","modified_gmt":"2024-07-10T13:17:15","slug":"nach-treffen-mit-putin-modi-diskutiert-in-oesterreich-ueber-den-ukraine-krieg","status":"publish","type":"post","link":"https:\/\/now-news.de\/de\/deutschland\/nach-treffen-mit-putin-modi-diskutiert-in-oesterreich-ueber-den-ukraine-krieg\/","title":{"rendered":"Nach Treffen mit Putin: Modi diskutiert in \u00d6sterreich \u00fcber den Ukraine-Krieg"},"content":{"rendered":"<p><img decoding=\"async\" src=\"https:\/\/now-news.de\/de\/wp-content\/uploads\/sites\/3\/2024\/07\/668e6d7848fbef638c0a18dd.jpg\" \/><\/p>\n<div class=\"Text-root Text-type_1 \">\n                Direkt aus Moskau kommend, ist Modi zum Staatsbesuch in \u00d6sterreich eingetroffen. In Wien hofft man auf dessen friedensstiftende Kr\u00e4fte im Ukraine-Krieg. \u00d6sterreich will als &#8220;Br\u00fcckenbauer&#8221; fungieren, um die Friedensbem\u00fchungen voranzubringen.\n            <\/div>\n<p><\/p>\n<div class=\"Text-root Text-type_5 ArticleView-text ViewText-root \">\n<p>Der indische Premierminister Narendra Modi hat am Mittwoch mit \u00d6sterreichs Regierung, einer Verb\u00fcndeten Kiews, die eine Politik der milit\u00e4rischen Neutralit\u00e4t verfolgt, \u00fcber den Krieg in der Ukraine gesprochen und dabei die Notwendigkeit der Diplomatie betont \u2013 einen Tag nach seinem Treffen mit dem russischen Pr\u00e4sidenten Wladimir Putin in Moskau. Modi traf mit Bundeskanzler Karl Nehammer zusammen, was er als den ersten Besuch eines indischen Premierministers in \u00d6sterreich seit 41 Jahren bezeichnete.<\/p>\n<div class=\"EmbedBlock-root EmbedBlock-externalVideo EmbedBlock-odysee\">\n<div class=\"VkEmbed\"><iframe class=\"lazyload\" data-src=\"https:\/\/odysee.com\/%24\/embed\/%40RTDE%3Ae%2FIndien-ist-bereit%2C-bei-der-Schaffung-von-Frieden-in-der-Ukraine-zu-helfen%3A5\" frameborder=\"0\" width=\"853\" height=\"480\" allowfullscreen><\/iframe><\/div>\n<\/div>\n<p>Nehammer sagte vor Reportern, dass es wichtig sei, Indiens Position zur Ukraine zu verstehen und die Bedenken Europas zu vermitteln. Er sagte, es sei ein &#8220;wichtiges und bedeutendes Signal&#8221;, dass Indien letzten Monat an einem Gipfel in der Schweiz teilgenommen habe und f\u00fcgte hinzu, dass \u00d6sterreich als &#8220;Br\u00fcckenbauer&#8221; fungieren k\u00f6nne, um die Friedensbem\u00fchungen voranzubringen.<\/p>\n<p>Der Besuch Modis in Moskau, einem langj\u00e4hrigen Partner Neu-Delhis, war der erste seit der russischen\u00a0Milit\u00e4roperation in der Ukraine. W\u00e4hrend seiner \u00c4u\u00dferungen in Wien sagte Modi ganz allgemein, dass er und Nehammer &#8220;ausf\u00fchrliche Gespr\u00e4che&#8221; \u00fcber alle Konflikte in der Welt, einschlie\u00dflich der Ukraine, gef\u00fchrt h\u00e4tten. Er sagte, dass &#8220;Probleme nicht auf dem Schlachtfeld gel\u00f6st werden k\u00f6nnen&#8221; und &#8220;der Verlust von unschuldigen Menschenleben inakzeptabel sei, wo auch immer er stattfinden mag&#8221;.<\/p>\n<p>&#8220;Indien und \u00d6sterreich setzen beide auf Dialog und Diplomatie zur raschen Wiederherstellung von Frieden und Stabilit\u00e4t&#8221;, sagte er. &#8220;Wir sind beide bereit, jede m\u00f6gliche Unterst\u00fctzung zu leisten, um dies zu erreichen.&#8221; Modi und Nehammer beantworteten keine Fragen von Journalisten.<\/p>\n<p><strong>Mehr zum Thema<\/strong> \u2013 <a rel=\"nofollow noopener\" target=\"_blank\" href=\"https:\/\/freedert.online\/international\/211741-nato-gipfel-in-washington-beginnt\/\">Schwierige Vorzeichen: Jubil\u00e4ums-Gipfel der NATO in Washington<\/a><\/p>\n<div class=\"EmbedBlock-root EmbedBlock-externalVideo EmbedBlock-odysee\">\n<div class=\"VkEmbed\"><iframe class=\"lazyload\" data-src=\"https:\/\/odysee.com\/%24\/embed\/%40RTDE%3Ae%2FIndien-ist-bereit%2C-bei-der-Schaffung-von-Frieden-in-der-Ukraine-zu-helfen%3A5\" frameborder=\"0\" width=\"853\" height=\"480\" allowfullscreen><\/iframe><\/div>\n<\/div>\n<\/div>\n<p><br \/>\n<br \/><a href=\"https:\/\/de.rt.com\/international\/211861-nach-treffen-mit-putin-modi\/\">Source link <\/a><\/p>\n","protected":false},"excerpt":{"rendered":"<p>Direkt aus Moskau kommend, ist Modi zum Staatsbesuch in \u00d6sterreich eingetroffen. In Wien hofft man auf dessen friedensstiftende Kr\u00e4fte im Ukraine-Krieg. \u00d6sterreich will als &#8220;Br\u00fcckenbauer&#8221; fungieren, um die Friedensbem\u00fchungen voranzubringen. Der indische Premierminister Narendra Modi hat am Mittwoch mit \u00d6sterreichs Regierung, einer Verb\u00fcndeten Kiews, die eine Politik der milit\u00e4rischen Neutralit\u00e4t verfolgt, \u00fcber den Krieg in [&hellip;]<\/p>\n","protected":false},"author":3,"featured_media":64460,"comment_status":"open","ping_status":"open","sticky":false,"template":"","format":"standard","meta":{"_yoast_indexnow_last_ping":["1720617676"],"wp_automatic_camp":["217"],"92cd105a5cbdd4fc3a06b34f012752c2":["Nach Treffen mit Putin: Modi diskutiert in \u00d6sterreich \u00fcber den Ukraine-Krieg"],"original_link":["https:\/\/de.rt.com\/international\/211861-nach-treffen-mit-putin-modi\/"],"_thumbnail_id":["64460"],"jnews_social_counter_last_update":["1777327284"],"_wptgpro_p2tg_sent2tg":["a:1:{i:23737;s:19:\"2024-07-10 15:22:16\";}"]},"categories":[19,23],"tags":[48,20437,419,14673,979,7290,125,354,139,566],"yoast_head":"<!-- This site is optimized with the Yoast SEO Premium plugin v22.7 (Yoast SEO v22.7) - https:\/\/yoast.com\/wordpress\/plugins\/seo\/ -->\n<title>Nach Treffen mit Putin: Modi diskutiert in \u00d6sterreich \u00fcber den Ukraine-Krieg - just-now.NEWS Deutschland<\/title>\n<meta name=\"robots\" content=\"index, follow, max-snippet:-1, max-image-preview:large, max-video-preview:-1\" \/>\n<link rel=\"canonical\" href=\"https:\/\/now-news.de\/de\/deutschland\/nach-treffen-mit-putin-modi-diskutiert-in-oesterreich-ueber-den-ukraine-krieg\/\" \/>\n<meta property=\"og:locale\" content=\"de_DE\" \/>\n<meta property=\"og:type\" content=\"article\" \/>\n<meta property=\"og:title\" content=\"Nach Treffen mit Putin: Modi diskutiert in \u00d6sterreich \u00fcber den Ukraine-Krieg\" \/>\n<meta property=\"og:description\" content=\"Direkt aus Moskau kommend, ist Modi zum Staatsbesuch in \u00d6sterreich eingetroffen. In Wien hofft man auf dessen friedensstiftende Kr\u00e4fte im Ukraine-Krieg. \u00d6sterreich will als &#8220;Br\u00fcckenbauer&#8221; fungieren, um die Friedensbem\u00fchungen voranzubringen. Der indische Premierminister Narendra Modi hat am Mittwoch mit \u00d6sterreichs Regierung, einer Verb\u00fcndeten Kiews, die eine Politik der milit\u00e4rischen Neutralit\u00e4t verfolgt, \u00fcber den Krieg in [&hellip;]\" \/>\n<meta property=\"og:url\" content=\"https:\/\/now-news.de\/de\/deutschland\/nach-treffen-mit-putin-modi-diskutiert-in-oesterreich-ueber-den-ukraine-krieg\/\" \/>\n<meta property=\"og:site_name\" content=\"just-now.NEWS Deutschland\" \/>\n<meta property=\"article:publisher\" content=\"https:\/\/www.facebook.com\/wirmachenauf\" \/>\n<meta property=\"article:published_time\" content=\"2024-07-10T13:17:15+00:00\" \/>\n<meta property=\"og:image\" content=\"https:\/\/now-news.de\/de\/wp-content\/uploads\/sites\/3\/2024\/07\/668e6d7848fbef638c0a18dd.jpg\" \/>\n<meta name=\"author\" content=\"rtnews\" \/>\n<meta name=\"twitter:card\" content=\"summary_large_image\" \/>\n<meta name=\"twitter:creator\" content=\"@WirMachenAuf_de\" \/>\n<meta name=\"twitter:site\" content=\"@WirMachenAuf_de\" \/>\n<meta name=\"twitter:label1\" content=\"Verfasst von\" \/>\n\t<meta name=\"twitter:data1\" content=\"rtnews\" \/>\n\t<meta name=\"twitter:label2\" content=\"Gesch\u00e4tzte Lesezeit\" \/>\n\t<meta name=\"twitter:data2\" content=\"2\u00a0Minuten\" \/>\n<script type=\"application\/ld+json\" class=\"yoast-schema-graph\">{\"@context\":\"https:\/\/schema.org\",\"@graph\":[{\"@type\":\"Article\",\"@id\":\"https:\/\/now-news.de\/de\/deutschland\/nach-treffen-mit-putin-modi-diskutiert-in-oesterreich-ueber-den-ukraine-krieg\/#article\",\"isPartOf\":{\"@id\":\"https:\/\/now-news.de\/de\/deutschland\/nach-treffen-mit-putin-modi-diskutiert-in-oesterreich-ueber-den-ukraine-krieg\/\"},\"author\":{\"name\":\"rtnews\",\"@id\":\"https:\/\/now-news.de\/de\/#\/schema\/person\/fb534a4e865501d8b3285208df34a9b5\"},\"headline\":\"Nach Treffen mit Putin: Modi diskutiert in \u00d6sterreich \u00fcber den Ukraine-Krieg\",\"datePublished\":\"2024-07-10T13:17:15+00:00\",\"dateModified\":\"2024-07-10T13:17:15+00:00\",\"mainEntityOfPage\":{\"@id\":\"https:\/\/now-news.de\/de\/deutschland\/nach-treffen-mit-putin-modi-diskutiert-in-oesterreich-ueber-den-ukraine-krieg\/\"},\"wordCount\":312,\"commentCount\":0,\"publisher\":{\"@id\":\"https:\/\/now-news.de\/de\/#organization\"},\"image\":{\"@id\":\"https:\/\/now-news.de\/de\/deutschland\/nach-treffen-mit-putin-modi-diskutiert-in-oesterreich-ueber-den-ukraine-krieg\/#primaryimage\"},\"thumbnailUrl\":\"https:\/\/now-news.de\/de\/wp-content\/uploads\/sites\/3\/2024\/07\/Nach-Treffen-mit-Putin-Modi-diskutiert-in-Oesterreich-ueber-den.jpg\",\"keywords\":[\"den\",\"diskutiert\",\"mit\",\"Modi\",\"nach\",\"\u00d6sterreich\",\"putin\",\"Treffen\",\"\u00fcber\",\"UkraineKrieg\"],\"articleSection\":[\"Deutschland\",\"Russland\"],\"inLanguage\":\"de\",\"potentialAction\":[{\"@type\":\"CommentAction\",\"name\":\"Comment\",\"target\":[\"https:\/\/now-news.de\/de\/deutschland\/nach-treffen-mit-putin-modi-diskutiert-in-oesterreich-ueber-den-ukraine-krieg\/#respond\"]}]},{\"@type\":\"WebPage\",\"@id\":\"https:\/\/now-news.de\/de\/deutschland\/nach-treffen-mit-putin-modi-diskutiert-in-oesterreich-ueber-den-ukraine-krieg\/\",\"url\":\"https:\/\/now-news.de\/de\/deutschland\/nach-treffen-mit-putin-modi-diskutiert-in-oesterreich-ueber-den-ukraine-krieg\/\",\"name\":\"Nach Treffen mit Putin: Modi diskutiert in \u00d6sterreich \u00fcber den Ukraine-Krieg - just-now.NEWS Deutschland\",\"isPartOf\":{\"@id\":\"https:\/\/now-news.de\/de\/#website\"},\"primaryImageOfPage\":{\"@id\":\"https:\/\/now-news.de\/de\/deutschland\/nach-treffen-mit-putin-modi-diskutiert-in-oesterreich-ueber-den-ukraine-krieg\/#primaryimage\"},\"image\":{\"@id\":\"https:\/\/now-news.de\/de\/deutschland\/nach-treffen-mit-putin-modi-diskutiert-in-oesterreich-ueber-den-ukraine-krieg\/#primaryimage\"},\"thumbnailUrl\":\"https:\/\/now-news.de\/de\/wp-content\/uploads\/sites\/3\/2024\/07\/Nach-Treffen-mit-Putin-Modi-diskutiert-in-Oesterreich-ueber-den.jpg\",\"datePublished\":\"2024-07-10T13:17:15+00:00\",\"dateModified\":\"2024-07-10T13:17:15+00:00\",\"breadcrumb\":{\"@id\":\"https:\/\/now-news.de\/de\/deutschland\/nach-treffen-mit-putin-modi-diskutiert-in-oesterreich-ueber-den-ukraine-krieg\/#breadcrumb\"},\"inLanguage\":\"de\",\"potentialAction\":[{\"@type\":\"ReadAction\",\"target\":[\"https:\/\/now-news.de\/de\/deutschland\/nach-treffen-mit-putin-modi-diskutiert-in-oesterreich-ueber-den-ukraine-krieg\/\"]}]},{\"@type\":\"ImageObject\",\"inLanguage\":\"de\",\"@id\":\"https:\/\/now-news.de\/de\/deutschland\/nach-treffen-mit-putin-modi-diskutiert-in-oesterreich-ueber-den-ukraine-krieg\/#primaryimage\",\"url\":\"https:\/\/now-news.de\/de\/wp-content\/uploads\/sites\/3\/2024\/07\/Nach-Treffen-mit-Putin-Modi-diskutiert-in-Oesterreich-ueber-den.jpg\",\"contentUrl\":\"https:\/\/now-news.de\/de\/wp-content\/uploads\/sites\/3\/2024\/07\/Nach-Treffen-mit-Putin-Modi-diskutiert-in-Oesterreich-ueber-den.jpg\",\"width\":460,\"height\":259,\"caption\":\"Nach Treffen mit Putin: Modi diskutiert in \u00d6sterreich \u00fcber den Ukraine-Krieg\"},{\"@type\":\"BreadcrumbList\",\"@id\":\"https:\/\/now-news.de\/de\/deutschland\/nach-treffen-mit-putin-modi-diskutiert-in-oesterreich-ueber-den-ukraine-krieg\/#breadcrumb\",\"itemListElement\":[{\"@type\":\"ListItem\",\"position\":1,\"name\":\"Home\",\"item\":\"https:\/\/now-news.de\/de\/\"},{\"@type\":\"ListItem\",\"position\":2,\"name\":\"Nach Treffen mit Putin: Modi diskutiert in \u00d6sterreich \u00fcber den Ukraine-Krieg\"}]},{\"@type\":\"WebSite\",\"@id\":\"https:\/\/now-news.de\/de\/#website\",\"url\":\"https:\/\/now-news.de\/de\/\",\"name\":\"just-now.NEWS Deutschland\",\"description\":\"Das Portal f\u00fcr unzensierte Nachrichten aus der Welt\",\"publisher\":{\"@id\":\"https:\/\/now-news.de\/de\/#organization\"},\"potentialAction\":[{\"@type\":\"SearchAction\",\"target\":{\"@type\":\"EntryPoint\",\"urlTemplate\":\"https:\/\/now-news.de\/de\/?s={search_term_string}\"},\"query-input\":\"required name=search_term_string\"}],\"inLanguage\":\"de\"},{\"@type\":\"Organization\",\"@id\":\"https:\/\/now-news.de\/de\/#organization\",\"name\":\"Just Now News\",\"url\":\"https:\/\/now-news.de\/de\/\",\"logo\":{\"@type\":\"ImageObject\",\"inLanguage\":\"de\",\"@id\":\"https:\/\/now-news.de\/de\/#\/schema\/logo\/image\/\",\"url\":\"http:\/\/just-now.news\/de\/wp-content\/uploads\/sites\/3\/2022\/04\/logo500x500.jpg\",\"contentUrl\":\"http:\/\/just-now.news\/de\/wp-content\/uploads\/sites\/3\/2022\/04\/logo500x500.jpg\",\"width\":500,\"height\":500,\"caption\":\"Just Now News\"},\"image\":{\"@id\":\"https:\/\/now-news.de\/de\/#\/schema\/logo\/image\/\"},\"sameAs\":[\"https:\/\/www.facebook.com\/wirmachenauf\",\"https:\/\/x.com\/WirMachenAuf_de\"]},{\"@type\":\"Person\",\"@id\":\"https:\/\/now-news.de\/de\/#\/schema\/person\/fb534a4e865501d8b3285208df34a9b5\",\"name\":\"rtnews\",\"image\":{\"@type\":\"ImageObject\",\"inLanguage\":\"de\",\"@id\":\"https:\/\/now-news.de\/de\/#\/schema\/person\/image\/\",\"url\":\"https:\/\/secure.gravatar.com\/avatar\/82aafea7d8127119dd649515f56e2117?s=96&d=mm&r=g\",\"contentUrl\":\"https:\/\/secure.gravatar.com\/avatar\/82aafea7d8127119dd649515f56e2117?s=96&d=mm&r=g\",\"caption\":\"rtnews\"},\"url\":\"https:\/\/now-news.de\/de\/author\/rnews\/\"}]}<\/script>\n<!-- \/ Yoast SEO Premium plugin. -->","yoast_head_json":{"title":"Nach Treffen mit Putin: Modi diskutiert in \u00d6sterreich \u00fcber den Ukraine-Krieg - just-now.NEWS Deutschland","robots":{"index":"index","follow":"follow","max-snippet":"max-snippet:-1","max-image-preview":"max-image-preview:large","max-video-preview":"max-video-preview:-1"},"canonical":"https:\/\/now-news.de\/de\/deutschland\/nach-treffen-mit-putin-modi-diskutiert-in-oesterreich-ueber-den-ukraine-krieg\/","og_locale":"de_DE","og_type":"article","og_title":"Nach Treffen mit Putin: Modi diskutiert in \u00d6sterreich \u00fcber den Ukraine-Krieg","og_description":"Direkt aus Moskau kommend, ist Modi zum Staatsbesuch in \u00d6sterreich eingetroffen. In Wien hofft man auf dessen friedensstiftende Kr\u00e4fte im Ukraine-Krieg. \u00d6sterreich will als &#8220;Br\u00fcckenbauer&#8221; fungieren, um die Friedensbem\u00fchungen voranzubringen. Der indische Premierminister Narendra Modi hat am Mittwoch mit \u00d6sterreichs Regierung, einer Verb\u00fcndeten Kiews, die eine Politik der milit\u00e4rischen Neutralit\u00e4t verfolgt, \u00fcber den Krieg in [&hellip;]","og_url":"https:\/\/now-news.de\/de\/deutschland\/nach-treffen-mit-putin-modi-diskutiert-in-oesterreich-ueber-den-ukraine-krieg\/","og_site_name":"just-now.NEWS Deutschland","article_publisher":"https:\/\/www.facebook.com\/wirmachenauf","article_published_time":"2024-07-10T13:17:15+00:00","og_image":[{"url":"https:\/\/now-news.de\/de\/wp-content\/uploads\/sites\/3\/2024\/07\/668e6d7848fbef638c0a18dd.jpg"}],"author":"rtnews","twitter_card":"summary_large_image","twitter_creator":"@WirMachenAuf_de","twitter_site":"@WirMachenAuf_de","twitter_misc":{"Verfasst von":"rtnews","Gesch\u00e4tzte Lesezeit":"2\u00a0Minuten"},"schema":{"@context":"https:\/\/schema.org","@graph":[{"@type":"Article","@id":"https:\/\/now-news.de\/de\/deutschland\/nach-treffen-mit-putin-modi-diskutiert-in-oesterreich-ueber-den-ukraine-krieg\/#article","isPartOf":{"@id":"https:\/\/now-news.de\/de\/deutschland\/nach-treffen-mit-putin-modi-diskutiert-in-oesterreich-ueber-den-ukraine-krieg\/"},"author":{"name":"rtnews","@id":"https:\/\/now-news.de\/de\/#\/schema\/person\/fb534a4e865501d8b3285208df34a9b5"},"headline":"Nach Treffen mit Putin: Modi diskutiert in \u00d6sterreich \u00fcber den Ukraine-Krieg","datePublished":"2024-07-10T13:17:15+00:00","dateModified":"2024-07-10T13:17:15+00:00","mainEntityOfPage":{"@id":"https:\/\/now-news.de\/de\/deutschland\/nach-treffen-mit-putin-modi-diskutiert-in-oesterreich-ueber-den-ukraine-krieg\/"},"wordCount":312,"commentCount":0,"publisher":{"@id":"https:\/\/now-news.de\/de\/#organization"},"image":{"@id":"https:\/\/now-news.de\/de\/deutschland\/nach-treffen-mit-putin-modi-diskutiert-in-oesterreich-ueber-den-ukraine-krieg\/#primaryimage"},"thumbnailUrl":"https:\/\/now-news.de\/de\/wp-content\/uploads\/sites\/3\/2024\/07\/Nach-Treffen-mit-Putin-Modi-diskutiert-in-Oesterreich-ueber-den.jpg","keywords":["den","diskutiert","mit","Modi","nach","\u00d6sterreich","putin","Treffen","\u00fcber","UkraineKrieg"],"articleSection":["Deutschland","Russland"],"inLanguage":"de","potentialAction":[{"@type":"CommentAction","name":"Comment","target":["https:\/\/now-news.de\/de\/deutschland\/nach-treffen-mit-putin-modi-diskutiert-in-oesterreich-ueber-den-ukraine-krieg\/#respond"]}]},{"@type":"WebPage","@id":"https:\/\/now-news.de\/de\/deutschland\/nach-treffen-mit-putin-modi-diskutiert-in-oesterreich-ueber-den-ukraine-krieg\/","url":"https:\/\/now-news.de\/de\/deutschland\/nach-treffen-mit-putin-modi-diskutiert-in-oesterreich-ueber-den-ukraine-krieg\/","name":"Nach Treffen mit Putin: Modi diskutiert in \u00d6sterreich \u00fcber den Ukraine-Krieg - just-now.NEWS Deutschland","isPartOf":{"@id":"https:\/\/now-news.de\/de\/#website"},"primaryImageOfPage":{"@id":"https:\/\/now-news.de\/de\/deutschland\/nach-treffen-mit-putin-modi-diskutiert-in-oesterreich-ueber-den-ukraine-krieg\/#primaryimage"},"image":{"@id":"https:\/\/now-news.de\/de\/deutschland\/nach-treffen-mit-putin-modi-diskutiert-in-oesterreich-ueber-den-ukraine-krieg\/#primaryimage"},"thumbnailUrl":"https:\/\/now-news.de\/de\/wp-content\/uploads\/sites\/3\/2024\/07\/Nach-Treffen-mit-Putin-Modi-diskutiert-in-Oesterreich-ueber-den.jpg","datePublished":"2024-07-10T13:17:15+00:00","dateModified":"2024-07-10T13:17:15+00:00","breadcrumb":{"@id":"https:\/\/now-news.de\/de\/deutschland\/nach-treffen-mit-putin-modi-diskutiert-in-oesterreich-ueber-den-ukraine-krieg\/#breadcrumb"},"inLanguage":"de","potentialAction":[{"@type":"ReadAction","target":["https:\/\/now-news.de\/de\/deutschland\/nach-treffen-mit-putin-modi-diskutiert-in-oesterreich-ueber-den-ukraine-krieg\/"]}]},{"@type":"ImageObject","inLanguage":"de","@id":"https:\/\/now-news.de\/de\/deutschland\/nach-treffen-mit-putin-modi-diskutiert-in-oesterreich-ueber-den-ukraine-krieg\/#primaryimage","url":"https:\/\/now-news.de\/de\/wp-content\/uploads\/sites\/3\/2024\/07\/Nach-Treffen-mit-Putin-Modi-diskutiert-in-Oesterreich-ueber-den.jpg","contentUrl":"https:\/\/now-news.de\/de\/wp-content\/uploads\/sites\/3\/2024\/07\/Nach-Treffen-mit-Putin-Modi-diskutiert-in-Oesterreich-ueber-den.jpg","width":460,"height":259,"caption":"Nach Treffen mit Putin: Modi diskutiert in \u00d6sterreich \u00fcber den Ukraine-Krieg"},{"@type":"BreadcrumbList","@id":"https:\/\/now-news.de\/de\/deutschland\/nach-treffen-mit-putin-modi-diskutiert-in-oesterreich-ueber-den-ukraine-krieg\/#breadcrumb","itemListElement":[{"@type":"ListItem","position":1,"name":"Home","item":"https:\/\/now-news.de\/de\/"},{"@type":"ListItem","position":2,"name":"Nach Treffen mit Putin: Modi diskutiert in \u00d6sterreich \u00fcber den Ukraine-Krieg"}]},{"@type":"WebSite","@id":"https:\/\/now-news.de\/de\/#website","url":"https:\/\/now-news.de\/de\/","name":"just-now.NEWS Deutschland","description":"Das Portal f\u00fcr unzensierte Nachrichten aus der Welt","publisher":{"@id":"https:\/\/now-news.de\/de\/#organization"},"potentialAction":[{"@type":"SearchAction","target":{"@type":"EntryPoint","urlTemplate":"https:\/\/now-news.de\/de\/?s={search_term_string}"},"query-input":"required name=search_term_string"}],"inLanguage":"de"},{"@type":"Organization","@id":"https:\/\/now-news.de\/de\/#organization","name":"Just Now News","url":"https:\/\/now-news.de\/de\/","logo":{"@type":"ImageObject","inLanguage":"de","@id":"https:\/\/now-news.de\/de\/#\/schema\/logo\/image\/","url":"http:\/\/just-now.news\/de\/wp-content\/uploads\/sites\/3\/2022\/04\/logo500x500.jpg","contentUrl":"http:\/\/just-now.news\/de\/wp-content\/uploads\/sites\/3\/2022\/04\/logo500x500.jpg","width":500,"height":500,"caption":"Just Now News"},"image":{"@id":"https:\/\/now-news.de\/de\/#\/schema\/logo\/image\/"},"sameAs":["https:\/\/www.facebook.com\/wirmachenauf","https:\/\/x.com\/WirMachenAuf_de"]},{"@type":"Person","@id":"https:\/\/now-news.de\/de\/#\/schema\/person\/fb534a4e865501d8b3285208df34a9b5","name":"rtnews","image":{"@type":"ImageObject","inLanguage":"de","@id":"https:\/\/now-news.de\/de\/#\/schema\/person\/image\/","url":"https:\/\/secure.gravatar.com\/avatar\/82aafea7d8127119dd649515f56e2117?s=96&d=mm&r=g","contentUrl":"https:\/\/secure.gravatar.com\/avatar\/82aafea7d8127119dd649515f56e2117?s=96&d=mm&r=g","caption":"rtnews"},"url":"https:\/\/now-news.de\/de\/author\/rnews\/"}]}},"_links":{"self":[{"href":"https:\/\/now-news.de\/de\/wp-json\/wp\/v2\/posts\/64459"}],"collection":[{"href":"https:\/\/now-news.de\/de\/wp-json\/wp\/v2\/posts"}],"about":[{"href":"https:\/\/now-news.de\/de\/wp-json\/wp\/v2\/types\/post"}],"author":[{"embeddable":true,"href":"https:\/\/now-news.de\/de\/wp-json\/wp\/v2\/users\/3"}],"replies":[{"embeddable":true,"href":"https:\/\/now-news.de\/de\/wp-json\/wp\/v2\/comments?post=64459"}],"version-history":[{"count":0,"href":"https:\/\/now-news.de\/de\/wp-json\/wp\/v2\/posts\/64459\/revisions"}],"wp:featuredmedia":[{"embeddable":true,"href":"https:\/\/now-news.de\/de\/wp-json\/wp\/v2\/media\/64460"}],"wp:attachment":[{"href":"https:\/\/now-news.de\/de\/wp-json\/wp\/v2\/media?parent=64459"}],"wp:term":[{"taxonomy":"category","embeddable":true,"href":"https:\/\/now-news.de\/de\/wp-json\/wp\/v2\/categories?post=64459"},{"taxonomy":"post_tag","embeddable":true,"href":"https:\/\/now-news.de\/de\/wp-json\/wp\/v2\/tags?post=64459"}],"curies":[{"name":"wp","href":"https:\/\/api.w.org\/{rel}","templated":true}]}}