{"id":64454,"date":"2024-07-10T14:12:07","date_gmt":"2024-07-10T12:12:07","guid":{"rendered":"https:\/\/now-news.de\/de\/deutschland\/trump-biden-wird-seine-kandidatur-nicht-aufgeben\/"},"modified":"2024-07-10T14:12:07","modified_gmt":"2024-07-10T12:12:07","slug":"trump-biden-wird-seine-kandidatur-nicht-aufgeben","status":"publish","type":"post","link":"https:\/\/now-news.de\/de\/deutschland\/trump-biden-wird-seine-kandidatur-nicht-aufgeben\/","title":{"rendered":"Trump: Biden wird seine Kandidatur nicht aufgeben"},"content":{"rendered":"<p><img decoding=\"async\" src=\"https:\/\/now-news.de\/de\/wp-content\/uploads\/sites\/3\/2024\/07\/668e5c2c48fbef640a797bcc.jpg\" \/><\/p>\n<div class=\"Text-root Text-type_1 \">\n                Gegen\u00fcber Fox News erkl\u00e4rte Trump, dass Joe Biden seine Kandidatur nicht aufgeben werde und sehr wohl im Amt bleiben k\u00f6nnte. Sollten die Demokraten Biden als letzte Option f\u00fcr amtsunf\u00e4hig erkl\u00e4ren, werde Kamala Harris die Kandidatur antreten. Aber davon geht Trump nicht aus.\n            <\/div>\n<p><\/p>\n<div class=\"Text-root Text-type_5 ArticleView-text ViewText-root \">\n<p>US-Pr\u00e4sident Joe Biden &#8220;will nicht aufgeben&#8221; und &#8220;kann sehr wohl&#8221; im Rennen um das Wei\u00dfe Haus bleiben, sagte sein republikanischer Rivale Donald Trump. Seiner Ansicht nach werde es f\u00fcr die Demokratische Partei schwierig sein, Biden zum Aufgeben zu zwingen. In den zwei Wochen nach seiner Debatte mit einem sichtlich gebrechlichen und verwirrten Biden hatte Trump sich aus der \u00d6ffentlichkeit zur\u00fcckgezogen.<\/p>\n<p>In der Zwischenzeit ver\u00f6ffentlichten liberale Medien Artikel, in denen sie Bidens geistige Gesundheit in Frage stellen. Zudem w\u00e4gen demokratische Spender und Abgeordnete inzwischen \u00f6ffentlich wahrnehmbar ab, wie sie den 81-J\u00e4hrigen zwingen k\u00f6nnen, seine Wiederwahlkampagne auszusetzen. In einem Telefoninterview mit\u00a0<em>Fox News<\/em>-Moderator Sean Hannity am Montagabend prognostizierte Trump, Biden werde dem R\u00fccktrittsdruck standhalten. Gegen\u00fcber Hannity sagte er:<\/p>\n<blockquote>\n<p><em>&#8220;Es sieht f\u00fcr mich so aus, als ob er sehr wohl im Amt bleiben k\u00f6nnte&#8221;\u2026 &#8220;Er hat ein Ego und will nicht aufgeben. Das ist nicht unbedingt eine sehr positive Sache f\u00fcr unser Land, aber ich denke, dass er sehr wohl im Amt bleiben k\u00f6nnte&#8221;.<\/em><\/p>\n<\/blockquote>\n<p>Biden selbst hat beteuert, im Rennen zu bleiben. Gegen\u00fcber MSNBC sagte er am Montag, er werde &#8220;nirgendwo hingehen&#8221;. In einem Brief an die Demokraten im Kongress betonte Biden am selben Tag, dass er &#8220;nicht erneut kandidieren w\u00fcrde, wenn ich nicht absolut glauben w\u00fcrde, dass ich die beste Person bin, um Donald Trump 2024 zu schlagen&#8221;.<\/p>\n<p>Biden gewann die Unterst\u00fctzung von fast 99 Prozent der demokratischen Delegierten w\u00e4hrend der weitgehend symbolischen Vorwahlen der Partei in diesem Jahr. Dieser Sieg gibt dem Pr\u00e4sidenten &#8220;eine Menge Macht&#8221;, sagte Trump gegen\u00fcber Hannity. Nur per Verfassungs\u00e4nderung k\u00f6nnte es den Demokraten gelingen, ihn aus dem Amt zu entfernen, erl\u00e4utere Trump seine Einsch\u00e4tzung.<\/p>\n<blockquote>\n<p><em>&#8220;Solange sie nicht den 25. Verfassungszusatz anwenden, hat er die ganze Macht&#8221;, erkl\u00e4rte Trump. &#8220;Er hat die Delegierten, er muss nicht aussteigen. Es gibt nichts, was sie tun k\u00f6nnen, um ihn loszuwerden.&#8221;<\/em><\/p>\n<\/blockquote>\n<p>Sollte der 25. Verfassungszusatz zur Anwendung kommen, w\u00fcrde Trump damit rechnen, bei den Pr\u00e4sidentschaftswahlen im November gegen Vizepr\u00e4sidentin Kamala Harris anzutreten. &#8220;Ich denke, dass [die Demokraten] sehr besorgt \u00fcber die Wahl sind, wenn es nicht sie ist&#8221;, so Trump. &#8220;Sie sind waffenscheu, sie wollen es nicht anders machen. Es scheint, dass, wenn er aus welchem Grund auch immer ausscheidet \u2013 und ich glaube nicht, dass er ausscheiden will \u2013, aber wenn er ausscheidet, dann wird sie es sein.&#8221;<\/p>\n<p>In den Tagen kurz nach der Debatte sch\u00e4tzte Trump Bidens Chancen noch schlechter ein. Es sickerten Aufnahmen durch, die Ende Juni auf einem seiner Golfpl\u00e4tze gemacht wurden. Darin war Trump zu h\u00f6ren, wie er einer kleinen Gruppe von Anh\u00e4ngern mitteilte, dass Biden sicherlich &#8220;aus dem Rennen aussteigen&#8221; w\u00fcrde. Zudem h\u00f6rte man, wie er den Pr\u00e4sidenten als einen &#8220;alten, heruntergekommenen Haufen Schei\u00dfe&#8221; bezeichnete. In Bezug auf Harris sagte Trump, sie w\u00e4re zwar eine bessere Gegnerin, aber sie sei &#8220;so erb\u00e4rmlich&#8221; und &#8220;so f**king schlecht&#8221;.<\/p>\n<p>Im\u00a0<a rel=\"nofollow noopener\" target=\"_blank\" href=\"https:\/\/constitutioncenter.org\/the-constitution\/amendments\/amendment-xxv\">25. Zusatzartikel der US-amerikanischen Verfassung,<\/a>\u00a0auf den sich Trump im Interview bezog, wird das Prozedere bei einer Amtsunf\u00e4higkeit des Pr\u00e4sidenten und die gesetzliche Nachfolge geregelt. Darin hei\u00dft es unter Punkt vier, dass im Falle einer Amtsunf\u00e4higkeit des Pr\u00e4sidenten, neben dem Vizepr\u00e4sidenten eine Mehrheit der leitenden Beamten dem Pr\u00e4sidenten schriftlich seine Amtsunf\u00e4higkeit bescheinigen und \u00fcbermitteln m\u00fcssen. Anschlie\u00dfend werde der Vizepr\u00e4sident die Aufgaben des Pr\u00e4sidenten \u00fcbernehmen.<\/p>\n<p>Im Wortlaut steht unter Punkt vier des 25. Zusatzartikels: &#8220;Wenn der Vizepr\u00e4sident und eine Mehrheit der leitenden Beamten der Exekutivabteilungen oder eines anderen vom Kongress gesetzlich vorgesehenen Gremiums dem Pr\u00e4sidenten pro tempore des Senats und dem Pr\u00e4sidenten des Repr\u00e4sentantenhauses ihre schriftliche Erkl\u00e4rung \u00fcbermitteln, dass der Pr\u00e4sident nicht in der Lage ist, die Befugnisse und Pflichten seines Amtes auszu\u00fcben, \u00fcbernimmt der Vizepr\u00e4sident unverz\u00fcglich die Befugnisse und Pflichten des Amtes als amtierender Pr\u00e4sident.&#8221;<\/p>\n<p><strong>Mehr zum Thema<\/strong> &#8211;\u00a0<a rel=\"nofollow noopener\" target=\"_blank\" href=\"https:\/\/dert.online\/nordamerika\/211628-us-wahlkampf-fuehrende-demokraten-fordern\/\">US-Wahlkampf: F\u00fchrende Demokraten fordern Bidens Verzicht auf Kandidatur<\/a><\/p>\n<\/p>\n<\/div>\n<p><br \/>\n<br \/><a href=\"https:\/\/de.rt.com\/nordamerika\/211847-trump-biden-wird-seine-kandidatur\/\">Source link <\/a><\/p>\n","protected":false},"excerpt":{"rendered":"<p>Gegen\u00fcber Fox News erkl\u00e4rte Trump, dass Joe Biden seine Kandidatur nicht aufgeben werde und sehr wohl im Amt bleiben k\u00f6nnte. Sollten die Demokraten Biden als letzte Option f\u00fcr amtsunf\u00e4hig erkl\u00e4ren, werde Kamala Harris die Kandidatur antreten. Aber davon geht Trump nicht aus. US-Pr\u00e4sident Joe Biden &#8220;will nicht aufgeben&#8221; und &#8220;kann sehr wohl&#8221; im Rennen um [&hellip;]<\/p>\n","protected":false},"author":3,"featured_media":64455,"comment_status":"open","ping_status":"open","sticky":false,"template":"","format":"standard","meta":{"_yoast_indexnow_last_ping":["1720613833"],"wp_automatic_camp":["217"],"a7e615af68c19463680d38d5996d6c65":["Trump: Biden wird seine Kandidatur nicht aufgeben"],"original_link":["https:\/\/de.rt.com\/nordamerika\/211847-trump-biden-wird-seine-kandidatur\/"],"_thumbnail_id":["64455"],"jnews_social_counter_last_update":["1777153896"],"_wptgpro_p2tg_sent2tg":["a:1:{i:23737;s:19:\"2024-07-10 14:18:22\";}"]},"categories":[19,23],"tags":[22926,1348,25084,800,265,1639,374],"yoast_head":"<!-- This site is optimized with the Yoast SEO Premium plugin v22.7 (Yoast SEO v22.7) - https:\/\/yoast.com\/wordpress\/plugins\/seo\/ -->\n<title>Trump: Biden wird seine Kandidatur nicht aufgeben - just-now.NEWS Deutschland<\/title>\n<meta name=\"robots\" content=\"index, follow, max-snippet:-1, max-image-preview:large, max-video-preview:-1\" \/>\n<link rel=\"canonical\" href=\"https:\/\/now-news.de\/de\/deutschland\/trump-biden-wird-seine-kandidatur-nicht-aufgeben\/\" \/>\n<meta property=\"og:locale\" content=\"de_DE\" \/>\n<meta property=\"og:type\" content=\"article\" \/>\n<meta property=\"og:title\" content=\"Trump: Biden wird seine Kandidatur nicht aufgeben\" \/>\n<meta property=\"og:description\" content=\"Gegen\u00fcber Fox News erkl\u00e4rte Trump, dass Joe Biden seine Kandidatur nicht aufgeben werde und sehr wohl im Amt bleiben k\u00f6nnte. Sollten die Demokraten Biden als letzte Option f\u00fcr amtsunf\u00e4hig erkl\u00e4ren, werde Kamala Harris die Kandidatur antreten. Aber davon geht Trump nicht aus. US-Pr\u00e4sident Joe Biden &#8220;will nicht aufgeben&#8221; und &#8220;kann sehr wohl&#8221; im Rennen um [&hellip;]\" \/>\n<meta property=\"og:url\" content=\"https:\/\/now-news.de\/de\/deutschland\/trump-biden-wird-seine-kandidatur-nicht-aufgeben\/\" \/>\n<meta property=\"og:site_name\" content=\"just-now.NEWS Deutschland\" \/>\n<meta property=\"article:publisher\" content=\"https:\/\/www.facebook.com\/wirmachenauf\" \/>\n<meta property=\"article:published_time\" content=\"2024-07-10T12:12:07+00:00\" \/>\n<meta property=\"og:image\" content=\"https:\/\/now-news.de\/de\/wp-content\/uploads\/sites\/3\/2024\/07\/668e5c2c48fbef640a797bcc.jpg\" \/>\n<meta name=\"author\" content=\"rtnews\" \/>\n<meta name=\"twitter:card\" content=\"summary_large_image\" \/>\n<meta name=\"twitter:creator\" content=\"@WirMachenAuf_de\" \/>\n<meta name=\"twitter:site\" content=\"@WirMachenAuf_de\" \/>\n<meta name=\"twitter:label1\" content=\"Verfasst von\" \/>\n\t<meta name=\"twitter:data1\" content=\"rtnews\" \/>\n\t<meta name=\"twitter:label2\" content=\"Gesch\u00e4tzte Lesezeit\" \/>\n\t<meta name=\"twitter:data2\" content=\"4\u00a0Minuten\" \/>\n<script type=\"application\/ld+json\" class=\"yoast-schema-graph\">{\"@context\":\"https:\/\/schema.org\",\"@graph\":[{\"@type\":\"Article\",\"@id\":\"https:\/\/now-news.de\/de\/deutschland\/trump-biden-wird-seine-kandidatur-nicht-aufgeben\/#article\",\"isPartOf\":{\"@id\":\"https:\/\/now-news.de\/de\/deutschland\/trump-biden-wird-seine-kandidatur-nicht-aufgeben\/\"},\"author\":{\"name\":\"rtnews\",\"@id\":\"https:\/\/now-news.de\/de\/#\/schema\/person\/fb534a4e865501d8b3285208df34a9b5\"},\"headline\":\"Trump: Biden wird seine Kandidatur nicht aufgeben\",\"datePublished\":\"2024-07-10T12:12:07+00:00\",\"dateModified\":\"2024-07-10T12:12:07+00:00\",\"mainEntityOfPage\":{\"@id\":\"https:\/\/now-news.de\/de\/deutschland\/trump-biden-wird-seine-kandidatur-nicht-aufgeben\/\"},\"wordCount\":722,\"commentCount\":0,\"publisher\":{\"@id\":\"https:\/\/now-news.de\/de\/#organization\"},\"image\":{\"@id\":\"https:\/\/now-news.de\/de\/deutschland\/trump-biden-wird-seine-kandidatur-nicht-aufgeben\/#primaryimage\"},\"thumbnailUrl\":\"https:\/\/now-news.de\/de\/wp-content\/uploads\/sites\/3\/2024\/07\/Trump-Biden-wird-seine-Kandidatur-nicht-aufgeben.jpg\",\"keywords\":[\"Aufgeben\",\"Biden\",\"Kandidatur\",\"nicht\",\"seine\",\"trump\",\"wird\"],\"articleSection\":[\"Deutschland\",\"Russland\"],\"inLanguage\":\"de\",\"potentialAction\":[{\"@type\":\"CommentAction\",\"name\":\"Comment\",\"target\":[\"https:\/\/now-news.de\/de\/deutschland\/trump-biden-wird-seine-kandidatur-nicht-aufgeben\/#respond\"]}]},{\"@type\":\"WebPage\",\"@id\":\"https:\/\/now-news.de\/de\/deutschland\/trump-biden-wird-seine-kandidatur-nicht-aufgeben\/\",\"url\":\"https:\/\/now-news.de\/de\/deutschland\/trump-biden-wird-seine-kandidatur-nicht-aufgeben\/\",\"name\":\"Trump: Biden wird seine Kandidatur nicht aufgeben - just-now.NEWS Deutschland\",\"isPartOf\":{\"@id\":\"https:\/\/now-news.de\/de\/#website\"},\"primaryImageOfPage\":{\"@id\":\"https:\/\/now-news.de\/de\/deutschland\/trump-biden-wird-seine-kandidatur-nicht-aufgeben\/#primaryimage\"},\"image\":{\"@id\":\"https:\/\/now-news.de\/de\/deutschland\/trump-biden-wird-seine-kandidatur-nicht-aufgeben\/#primaryimage\"},\"thumbnailUrl\":\"https:\/\/now-news.de\/de\/wp-content\/uploads\/sites\/3\/2024\/07\/Trump-Biden-wird-seine-Kandidatur-nicht-aufgeben.jpg\",\"datePublished\":\"2024-07-10T12:12:07+00:00\",\"dateModified\":\"2024-07-10T12:12:07+00:00\",\"breadcrumb\":{\"@id\":\"https:\/\/now-news.de\/de\/deutschland\/trump-biden-wird-seine-kandidatur-nicht-aufgeben\/#breadcrumb\"},\"inLanguage\":\"de\",\"potentialAction\":[{\"@type\":\"ReadAction\",\"target\":[\"https:\/\/now-news.de\/de\/deutschland\/trump-biden-wird-seine-kandidatur-nicht-aufgeben\/\"]}]},{\"@type\":\"ImageObject\",\"inLanguage\":\"de\",\"@id\":\"https:\/\/now-news.de\/de\/deutschland\/trump-biden-wird-seine-kandidatur-nicht-aufgeben\/#primaryimage\",\"url\":\"https:\/\/now-news.de\/de\/wp-content\/uploads\/sites\/3\/2024\/07\/Trump-Biden-wird-seine-Kandidatur-nicht-aufgeben.jpg\",\"contentUrl\":\"https:\/\/now-news.de\/de\/wp-content\/uploads\/sites\/3\/2024\/07\/Trump-Biden-wird-seine-Kandidatur-nicht-aufgeben.jpg\",\"width\":460,\"height\":259,\"caption\":\"Trump: Biden wird seine Kandidatur nicht aufgeben\"},{\"@type\":\"BreadcrumbList\",\"@id\":\"https:\/\/now-news.de\/de\/deutschland\/trump-biden-wird-seine-kandidatur-nicht-aufgeben\/#breadcrumb\",\"itemListElement\":[{\"@type\":\"ListItem\",\"position\":1,\"name\":\"Home\",\"item\":\"https:\/\/now-news.de\/de\/\"},{\"@type\":\"ListItem\",\"position\":2,\"name\":\"Trump: Biden wird seine Kandidatur nicht aufgeben\"}]},{\"@type\":\"WebSite\",\"@id\":\"https:\/\/now-news.de\/de\/#website\",\"url\":\"https:\/\/now-news.de\/de\/\",\"name\":\"just-now.NEWS Deutschland\",\"description\":\"Das Portal f\u00fcr unzensierte Nachrichten aus der Welt\",\"publisher\":{\"@id\":\"https:\/\/now-news.de\/de\/#organization\"},\"potentialAction\":[{\"@type\":\"SearchAction\",\"target\":{\"@type\":\"EntryPoint\",\"urlTemplate\":\"https:\/\/now-news.de\/de\/?s={search_term_string}\"},\"query-input\":\"required name=search_term_string\"}],\"inLanguage\":\"de\"},{\"@type\":\"Organization\",\"@id\":\"https:\/\/now-news.de\/de\/#organization\",\"name\":\"Just Now News\",\"url\":\"https:\/\/now-news.de\/de\/\",\"logo\":{\"@type\":\"ImageObject\",\"inLanguage\":\"de\",\"@id\":\"https:\/\/now-news.de\/de\/#\/schema\/logo\/image\/\",\"url\":\"http:\/\/just-now.news\/de\/wp-content\/uploads\/sites\/3\/2022\/04\/logo500x500.jpg\",\"contentUrl\":\"http:\/\/just-now.news\/de\/wp-content\/uploads\/sites\/3\/2022\/04\/logo500x500.jpg\",\"width\":500,\"height\":500,\"caption\":\"Just Now News\"},\"image\":{\"@id\":\"https:\/\/now-news.de\/de\/#\/schema\/logo\/image\/\"},\"sameAs\":[\"https:\/\/www.facebook.com\/wirmachenauf\",\"https:\/\/x.com\/WirMachenAuf_de\"]},{\"@type\":\"Person\",\"@id\":\"https:\/\/now-news.de\/de\/#\/schema\/person\/fb534a4e865501d8b3285208df34a9b5\",\"name\":\"rtnews\",\"image\":{\"@type\":\"ImageObject\",\"inLanguage\":\"de\",\"@id\":\"https:\/\/now-news.de\/de\/#\/schema\/person\/image\/\",\"url\":\"https:\/\/secure.gravatar.com\/avatar\/82aafea7d8127119dd649515f56e2117?s=96&d=mm&r=g\",\"contentUrl\":\"https:\/\/secure.gravatar.com\/avatar\/82aafea7d8127119dd649515f56e2117?s=96&d=mm&r=g\",\"caption\":\"rtnews\"},\"url\":\"https:\/\/now-news.de\/de\/author\/rnews\/\"}]}<\/script>\n<!-- \/ Yoast SEO Premium plugin. -->","yoast_head_json":{"title":"Trump: Biden wird seine Kandidatur nicht aufgeben - just-now.NEWS Deutschland","robots":{"index":"index","follow":"follow","max-snippet":"max-snippet:-1","max-image-preview":"max-image-preview:large","max-video-preview":"max-video-preview:-1"},"canonical":"https:\/\/now-news.de\/de\/deutschland\/trump-biden-wird-seine-kandidatur-nicht-aufgeben\/","og_locale":"de_DE","og_type":"article","og_title":"Trump: Biden wird seine Kandidatur nicht aufgeben","og_description":"Gegen\u00fcber Fox News erkl\u00e4rte Trump, dass Joe Biden seine Kandidatur nicht aufgeben werde und sehr wohl im Amt bleiben k\u00f6nnte. Sollten die Demokraten Biden als letzte Option f\u00fcr amtsunf\u00e4hig erkl\u00e4ren, werde Kamala Harris die Kandidatur antreten. Aber davon geht Trump nicht aus. US-Pr\u00e4sident Joe Biden &#8220;will nicht aufgeben&#8221; und &#8220;kann sehr wohl&#8221; im Rennen um [&hellip;]","og_url":"https:\/\/now-news.de\/de\/deutschland\/trump-biden-wird-seine-kandidatur-nicht-aufgeben\/","og_site_name":"just-now.NEWS Deutschland","article_publisher":"https:\/\/www.facebook.com\/wirmachenauf","article_published_time":"2024-07-10T12:12:07+00:00","og_image":[{"url":"https:\/\/now-news.de\/de\/wp-content\/uploads\/sites\/3\/2024\/07\/668e5c2c48fbef640a797bcc.jpg"}],"author":"rtnews","twitter_card":"summary_large_image","twitter_creator":"@WirMachenAuf_de","twitter_site":"@WirMachenAuf_de","twitter_misc":{"Verfasst von":"rtnews","Gesch\u00e4tzte Lesezeit":"4\u00a0Minuten"},"schema":{"@context":"https:\/\/schema.org","@graph":[{"@type":"Article","@id":"https:\/\/now-news.de\/de\/deutschland\/trump-biden-wird-seine-kandidatur-nicht-aufgeben\/#article","isPartOf":{"@id":"https:\/\/now-news.de\/de\/deutschland\/trump-biden-wird-seine-kandidatur-nicht-aufgeben\/"},"author":{"name":"rtnews","@id":"https:\/\/now-news.de\/de\/#\/schema\/person\/fb534a4e865501d8b3285208df34a9b5"},"headline":"Trump: Biden wird seine Kandidatur nicht aufgeben","datePublished":"2024-07-10T12:12:07+00:00","dateModified":"2024-07-10T12:12:07+00:00","mainEntityOfPage":{"@id":"https:\/\/now-news.de\/de\/deutschland\/trump-biden-wird-seine-kandidatur-nicht-aufgeben\/"},"wordCount":722,"commentCount":0,"publisher":{"@id":"https:\/\/now-news.de\/de\/#organization"},"image":{"@id":"https:\/\/now-news.de\/de\/deutschland\/trump-biden-wird-seine-kandidatur-nicht-aufgeben\/#primaryimage"},"thumbnailUrl":"https:\/\/now-news.de\/de\/wp-content\/uploads\/sites\/3\/2024\/07\/Trump-Biden-wird-seine-Kandidatur-nicht-aufgeben.jpg","keywords":["Aufgeben","Biden","Kandidatur","nicht","seine","trump","wird"],"articleSection":["Deutschland","Russland"],"inLanguage":"de","potentialAction":[{"@type":"CommentAction","name":"Comment","target":["https:\/\/now-news.de\/de\/deutschland\/trump-biden-wird-seine-kandidatur-nicht-aufgeben\/#respond"]}]},{"@type":"WebPage","@id":"https:\/\/now-news.de\/de\/deutschland\/trump-biden-wird-seine-kandidatur-nicht-aufgeben\/","url":"https:\/\/now-news.de\/de\/deutschland\/trump-biden-wird-seine-kandidatur-nicht-aufgeben\/","name":"Trump: Biden wird seine Kandidatur nicht aufgeben - just-now.NEWS Deutschland","isPartOf":{"@id":"https:\/\/now-news.de\/de\/#website"},"primaryImageOfPage":{"@id":"https:\/\/now-news.de\/de\/deutschland\/trump-biden-wird-seine-kandidatur-nicht-aufgeben\/#primaryimage"},"image":{"@id":"https:\/\/now-news.de\/de\/deutschland\/trump-biden-wird-seine-kandidatur-nicht-aufgeben\/#primaryimage"},"thumbnailUrl":"https:\/\/now-news.de\/de\/wp-content\/uploads\/sites\/3\/2024\/07\/Trump-Biden-wird-seine-Kandidatur-nicht-aufgeben.jpg","datePublished":"2024-07-10T12:12:07+00:00","dateModified":"2024-07-10T12:12:07+00:00","breadcrumb":{"@id":"https:\/\/now-news.de\/de\/deutschland\/trump-biden-wird-seine-kandidatur-nicht-aufgeben\/#breadcrumb"},"inLanguage":"de","potentialAction":[{"@type":"ReadAction","target":["https:\/\/now-news.de\/de\/deutschland\/trump-biden-wird-seine-kandidatur-nicht-aufgeben\/"]}]},{"@type":"ImageObject","inLanguage":"de","@id":"https:\/\/now-news.de\/de\/deutschland\/trump-biden-wird-seine-kandidatur-nicht-aufgeben\/#primaryimage","url":"https:\/\/now-news.de\/de\/wp-content\/uploads\/sites\/3\/2024\/07\/Trump-Biden-wird-seine-Kandidatur-nicht-aufgeben.jpg","contentUrl":"https:\/\/now-news.de\/de\/wp-content\/uploads\/sites\/3\/2024\/07\/Trump-Biden-wird-seine-Kandidatur-nicht-aufgeben.jpg","width":460,"height":259,"caption":"Trump: Biden wird seine Kandidatur nicht aufgeben"},{"@type":"BreadcrumbList","@id":"https:\/\/now-news.de\/de\/deutschland\/trump-biden-wird-seine-kandidatur-nicht-aufgeben\/#breadcrumb","itemListElement":[{"@type":"ListItem","position":1,"name":"Home","item":"https:\/\/now-news.de\/de\/"},{"@type":"ListItem","position":2,"name":"Trump: Biden wird seine Kandidatur nicht aufgeben"}]},{"@type":"WebSite","@id":"https:\/\/now-news.de\/de\/#website","url":"https:\/\/now-news.de\/de\/","name":"just-now.NEWS Deutschland","description":"Das Portal f\u00fcr unzensierte Nachrichten aus der Welt","publisher":{"@id":"https:\/\/now-news.de\/de\/#organization"},"potentialAction":[{"@type":"SearchAction","target":{"@type":"EntryPoint","urlTemplate":"https:\/\/now-news.de\/de\/?s={search_term_string}"},"query-input":"required name=search_term_string"}],"inLanguage":"de"},{"@type":"Organization","@id":"https:\/\/now-news.de\/de\/#organization","name":"Just Now News","url":"https:\/\/now-news.de\/de\/","logo":{"@type":"ImageObject","inLanguage":"de","@id":"https:\/\/now-news.de\/de\/#\/schema\/logo\/image\/","url":"http:\/\/just-now.news\/de\/wp-content\/uploads\/sites\/3\/2022\/04\/logo500x500.jpg","contentUrl":"http:\/\/just-now.news\/de\/wp-content\/uploads\/sites\/3\/2022\/04\/logo500x500.jpg","width":500,"height":500,"caption":"Just Now News"},"image":{"@id":"https:\/\/now-news.de\/de\/#\/schema\/logo\/image\/"},"sameAs":["https:\/\/www.facebook.com\/wirmachenauf","https:\/\/x.com\/WirMachenAuf_de"]},{"@type":"Person","@id":"https:\/\/now-news.de\/de\/#\/schema\/person\/fb534a4e865501d8b3285208df34a9b5","name":"rtnews","image":{"@type":"ImageObject","inLanguage":"de","@id":"https:\/\/now-news.de\/de\/#\/schema\/person\/image\/","url":"https:\/\/secure.gravatar.com\/avatar\/82aafea7d8127119dd649515f56e2117?s=96&d=mm&r=g","contentUrl":"https:\/\/secure.gravatar.com\/avatar\/82aafea7d8127119dd649515f56e2117?s=96&d=mm&r=g","caption":"rtnews"},"url":"https:\/\/now-news.de\/de\/author\/rnews\/"}]}},"_links":{"self":[{"href":"https:\/\/now-news.de\/de\/wp-json\/wp\/v2\/posts\/64454"}],"collection":[{"href":"https:\/\/now-news.de\/de\/wp-json\/wp\/v2\/posts"}],"about":[{"href":"https:\/\/now-news.de\/de\/wp-json\/wp\/v2\/types\/post"}],"author":[{"embeddable":true,"href":"https:\/\/now-news.de\/de\/wp-json\/wp\/v2\/users\/3"}],"replies":[{"embeddable":true,"href":"https:\/\/now-news.de\/de\/wp-json\/wp\/v2\/comments?post=64454"}],"version-history":[{"count":0,"href":"https:\/\/now-news.de\/de\/wp-json\/wp\/v2\/posts\/64454\/revisions"}],"wp:featuredmedia":[{"embeddable":true,"href":"https:\/\/now-news.de\/de\/wp-json\/wp\/v2\/media\/64455"}],"wp:attachment":[{"href":"https:\/\/now-news.de\/de\/wp-json\/wp\/v2\/media?parent=64454"}],"wp:term":[{"taxonomy":"category","embeddable":true,"href":"https:\/\/now-news.de\/de\/wp-json\/wp\/v2\/categories?post=64454"},{"taxonomy":"post_tag","embeddable":true,"href":"https:\/\/now-news.de\/de\/wp-json\/wp\/v2\/tags?post=64454"}],"curies":[{"name":"wp","href":"https:\/\/api.w.org\/{rel}","templated":true}]}}