{"id":64440,"date":"2024-07-10T12:00:27","date_gmt":"2024-07-10T10:00:27","guid":{"rendered":"https:\/\/now-news.de\/de\/deutschland\/selenskij-abrams-panzer-ohne-einfluss-auf-den-kriegsverlauf\/"},"modified":"2024-07-10T12:00:27","modified_gmt":"2024-07-10T10:00:27","slug":"selenskij-abrams-panzer-ohne-einfluss-auf-den-kriegsverlauf","status":"publish","type":"post","link":"https:\/\/now-news.de\/de\/deutschland\/selenskij-abrams-panzer-ohne-einfluss-auf-den-kriegsverlauf\/","title":{"rendered":"Selenskij: Abrams-Panzer ohne Einfluss auf den Kriegsverlauf"},"content":{"rendered":"<p><img decoding=\"async\" src=\"https:\/\/now-news.de\/de\/wp-content\/uploads\/sites\/3\/2024\/07\/668e4e7cb480cc612b3f0654.jpg\" \/><\/p>\n<div class=\"Text-root Text-type_1 \">\n                W\u00e4hrend des NATO-Gipfels in Washington hat Wladimir Selenskij zugegeben, dass die Abrams-Panzer aus US-Produktion keinen Einfluss auf den Verlauf im Konflikt mit Russland haben. Zudem beklagte er sich \u00fcber die Zahl der gelieferten Kampffahrzeuge.\n            <\/div>\n<p><\/p>\n<div class=\"Text-root Text-type_5 ArticleView-text ViewText-root \">\n<p>Abrams-Panzer aus US-Produktion konnten die Kampfhandlungen im Ukraine-Konflikt nicht beeinflussen. Dies erkl\u00e4rte der ukrainische Pr\u00e4sident Wladimir Selenskij in einer Rede im Rahmen des NATO-Gipfels, der am Dienstag in Washington startete. Der Staatschef beklagte sich im Einzelnen \u00fcber die Zahl der gelieferten Kampffahrzeuge<\/p>\n<blockquote>\n<p><em>&#8220;Ich bin mir nicht sicher, dass diese Zahl der Panzer die Lage auf dem Schlachtfeld h\u00e4tte \u00e4ndern k\u00f6nnen.&#8221;<\/em><\/p>\n<\/blockquote>\n<p>Washington hatte die Lieferung von Abrams-Panzern an die Ukraine im Januar 2023 genehmigt. Trotzdem erreichten die Kampffahrzeuge das Schlachtfeld erst Anfang dieses Jahres und spielten keine bedeutende Rolle. Bald daraufhin berichteten westliche Medien, dass die ukrainische Armee auf den Einsatz der Abrams verzichte, da diese durch Angriffe russischer Drohnen zu gef\u00e4hrdet geworden seien.<\/p>\n<p>Das Verteidigungsministerium in Moskau meldete die Zerst\u00f6rung mehrerer Abrams-Panzer in der Zone der milit\u00e4rischen Sonderoperation. Zuletzt sollen russische Soldaten am 8. Juli einen Panzer dieses Typs au\u00dfer Gefecht gesetzt haben.<\/p>\n<p><strong>Mehr zum Thema \u2013<\/strong>\u00a0<a rel=\"nofollow noopener\" target=\"_blank\" href=\"https:\/\/freedert.online\/international\/211191-pentagon-liess-wichtigste-aus-us\/\">&#8220;Pentagon lie\u00df das Wichtigste aus&#8221; \u2013 US-Milit\u00e4rexperte \u00fcber Gr\u00fcnde f\u00fcr Scheitern von Kiews Armee<\/a><\/p>\n<div class=\"EmbedBlock-root EmbedBlock-externalVideo EmbedBlock-odysee\">\n<div class=\"VkEmbed\"><iframe class=\"lazyload\" data-src=\"https:\/\/odysee.com\/%24\/embed\/%40RTDE%3Ae%2FDrohnen-gegen-westliches-Kriegsger%C3%A4t--Keine-Chance-f%C3%BCr-Abrams%2C-Bradley-und-Marder%3A0\" frameborder=\"0\" width=\"853\" height=\"480\" allowfullscreen><\/iframe><\/div>\n<\/div>\n<\/div>\n<p><br \/>\n<br \/><a href=\"https:\/\/de.rt.com\/international\/211842-selenskij-gibt-unwirksamkeit-von-abrams-zu\/\">Source link <\/a><\/p>\n","protected":false},"excerpt":{"rendered":"<p>W\u00e4hrend des NATO-Gipfels in Washington hat Wladimir Selenskij zugegeben, dass die Abrams-Panzer aus US-Produktion keinen Einfluss auf den Verlauf im Konflikt mit Russland haben. Zudem beklagte er sich \u00fcber die Zahl der gelieferten Kampffahrzeuge. Abrams-Panzer aus US-Produktion konnten die Kampfhandlungen im Ukraine-Konflikt nicht beeinflussen. Dies erkl\u00e4rte der ukrainische Pr\u00e4sident Wladimir Selenskij in einer Rede im [&hellip;]<\/p>\n","protected":false},"author":3,"featured_media":64441,"comment_status":"open","ping_status":"open","sticky":false,"template":"","format":"standard","meta":{"_yoast_indexnow_last_ping":["1720606156"],"wp_automatic_camp":["217"],"cb3f716fca04c6b6f01f245aed478546":["Selenskij: Abrams-Panzer ohne Einfluss auf den Kriegsverlauf"],"original_link":["https:\/\/de.rt.com\/international\/211842-selenskij-gibt-unwirksamkeit-von-abrams-zu\/"],"_thumbnail_id":["64441"],"jnews_social_counter_last_update":["1777582226"],"_wptgpro_p2tg_sent2tg":["a:1:{i:23737;s:19:\"2024-07-10 12:10:21\";}"]},"categories":[19,23],"tags":[39500,133,48,3715,34452,779,6158],"yoast_head":"<!-- This site is optimized with the Yoast SEO Premium plugin v22.7 (Yoast SEO v22.7) - https:\/\/yoast.com\/wordpress\/plugins\/seo\/ -->\n<title>Selenskij: Abrams-Panzer ohne Einfluss auf den Kriegsverlauf - just-now.NEWS Deutschland<\/title>\n<meta name=\"robots\" content=\"index, follow, max-snippet:-1, max-image-preview:large, max-video-preview:-1\" \/>\n<link rel=\"canonical\" href=\"https:\/\/now-news.de\/de\/deutschland\/selenskij-abrams-panzer-ohne-einfluss-auf-den-kriegsverlauf\/\" \/>\n<meta property=\"og:locale\" content=\"de_DE\" \/>\n<meta property=\"og:type\" content=\"article\" \/>\n<meta property=\"og:title\" content=\"Selenskij: Abrams-Panzer ohne Einfluss auf den Kriegsverlauf\" \/>\n<meta property=\"og:description\" content=\"W\u00e4hrend des NATO-Gipfels in Washington hat Wladimir Selenskij zugegeben, dass die Abrams-Panzer aus US-Produktion keinen Einfluss auf den Verlauf im Konflikt mit Russland haben. Zudem beklagte er sich \u00fcber die Zahl der gelieferten Kampffahrzeuge. Abrams-Panzer aus US-Produktion konnten die Kampfhandlungen im Ukraine-Konflikt nicht beeinflussen. Dies erkl\u00e4rte der ukrainische Pr\u00e4sident Wladimir Selenskij in einer Rede im [&hellip;]\" \/>\n<meta property=\"og:url\" content=\"https:\/\/now-news.de\/de\/deutschland\/selenskij-abrams-panzer-ohne-einfluss-auf-den-kriegsverlauf\/\" \/>\n<meta property=\"og:site_name\" content=\"just-now.NEWS Deutschland\" \/>\n<meta property=\"article:publisher\" content=\"https:\/\/www.facebook.com\/wirmachenauf\" \/>\n<meta property=\"article:published_time\" content=\"2024-07-10T10:00:27+00:00\" \/>\n<meta property=\"og:image\" content=\"https:\/\/now-news.de\/de\/wp-content\/uploads\/sites\/3\/2024\/07\/668e4e7cb480cc612b3f0654.jpg\" \/>\n<meta name=\"author\" content=\"rtnews\" \/>\n<meta name=\"twitter:card\" content=\"summary_large_image\" \/>\n<meta name=\"twitter:creator\" content=\"@WirMachenAuf_de\" \/>\n<meta name=\"twitter:site\" content=\"@WirMachenAuf_de\" \/>\n<meta name=\"twitter:label1\" content=\"Verfasst von\" \/>\n\t<meta name=\"twitter:data1\" content=\"rtnews\" \/>\n\t<meta name=\"twitter:label2\" content=\"Gesch\u00e4tzte Lesezeit\" \/>\n\t<meta name=\"twitter:data2\" content=\"1\u00a0Minute\" \/>\n<script type=\"application\/ld+json\" class=\"yoast-schema-graph\">{\"@context\":\"https:\/\/schema.org\",\"@graph\":[{\"@type\":\"Article\",\"@id\":\"https:\/\/now-news.de\/de\/deutschland\/selenskij-abrams-panzer-ohne-einfluss-auf-den-kriegsverlauf\/#article\",\"isPartOf\":{\"@id\":\"https:\/\/now-news.de\/de\/deutschland\/selenskij-abrams-panzer-ohne-einfluss-auf-den-kriegsverlauf\/\"},\"author\":{\"name\":\"rtnews\",\"@id\":\"https:\/\/now-news.de\/de\/#\/schema\/person\/fb534a4e865501d8b3285208df34a9b5\"},\"headline\":\"Selenskij: Abrams-Panzer ohne Einfluss auf den Kriegsverlauf\",\"datePublished\":\"2024-07-10T10:00:27+00:00\",\"dateModified\":\"2024-07-10T10:00:27+00:00\",\"mainEntityOfPage\":{\"@id\":\"https:\/\/now-news.de\/de\/deutschland\/selenskij-abrams-panzer-ohne-einfluss-auf-den-kriegsverlauf\/\"},\"wordCount\":213,\"commentCount\":0,\"publisher\":{\"@id\":\"https:\/\/now-news.de\/de\/#organization\"},\"image\":{\"@id\":\"https:\/\/now-news.de\/de\/deutschland\/selenskij-abrams-panzer-ohne-einfluss-auf-den-kriegsverlauf\/#primaryimage\"},\"thumbnailUrl\":\"https:\/\/now-news.de\/de\/wp-content\/uploads\/sites\/3\/2024\/07\/Selenskij-Abrams-Panzer-ohne-Einfluss-auf-den-Kriegsverlauf.jpg\",\"keywords\":[\"AbramsPanzer\",\"AUF\",\"den\",\"Einfluss\",\"Kriegsverlauf\",\"ohne\",\"Selenskij\"],\"articleSection\":[\"Deutschland\",\"Russland\"],\"inLanguage\":\"de\",\"potentialAction\":[{\"@type\":\"CommentAction\",\"name\":\"Comment\",\"target\":[\"https:\/\/now-news.de\/de\/deutschland\/selenskij-abrams-panzer-ohne-einfluss-auf-den-kriegsverlauf\/#respond\"]}]},{\"@type\":\"WebPage\",\"@id\":\"https:\/\/now-news.de\/de\/deutschland\/selenskij-abrams-panzer-ohne-einfluss-auf-den-kriegsverlauf\/\",\"url\":\"https:\/\/now-news.de\/de\/deutschland\/selenskij-abrams-panzer-ohne-einfluss-auf-den-kriegsverlauf\/\",\"name\":\"Selenskij: Abrams-Panzer ohne Einfluss auf den Kriegsverlauf - just-now.NEWS Deutschland\",\"isPartOf\":{\"@id\":\"https:\/\/now-news.de\/de\/#website\"},\"primaryImageOfPage\":{\"@id\":\"https:\/\/now-news.de\/de\/deutschland\/selenskij-abrams-panzer-ohne-einfluss-auf-den-kriegsverlauf\/#primaryimage\"},\"image\":{\"@id\":\"https:\/\/now-news.de\/de\/deutschland\/selenskij-abrams-panzer-ohne-einfluss-auf-den-kriegsverlauf\/#primaryimage\"},\"thumbnailUrl\":\"https:\/\/now-news.de\/de\/wp-content\/uploads\/sites\/3\/2024\/07\/Selenskij-Abrams-Panzer-ohne-Einfluss-auf-den-Kriegsverlauf.jpg\",\"datePublished\":\"2024-07-10T10:00:27+00:00\",\"dateModified\":\"2024-07-10T10:00:27+00:00\",\"breadcrumb\":{\"@id\":\"https:\/\/now-news.de\/de\/deutschland\/selenskij-abrams-panzer-ohne-einfluss-auf-den-kriegsverlauf\/#breadcrumb\"},\"inLanguage\":\"de\",\"potentialAction\":[{\"@type\":\"ReadAction\",\"target\":[\"https:\/\/now-news.de\/de\/deutschland\/selenskij-abrams-panzer-ohne-einfluss-auf-den-kriegsverlauf\/\"]}]},{\"@type\":\"ImageObject\",\"inLanguage\":\"de\",\"@id\":\"https:\/\/now-news.de\/de\/deutschland\/selenskij-abrams-panzer-ohne-einfluss-auf-den-kriegsverlauf\/#primaryimage\",\"url\":\"https:\/\/now-news.de\/de\/wp-content\/uploads\/sites\/3\/2024\/07\/Selenskij-Abrams-Panzer-ohne-Einfluss-auf-den-Kriegsverlauf.jpg\",\"contentUrl\":\"https:\/\/now-news.de\/de\/wp-content\/uploads\/sites\/3\/2024\/07\/Selenskij-Abrams-Panzer-ohne-Einfluss-auf-den-Kriegsverlauf.jpg\",\"width\":460,\"height\":259,\"caption\":\"Selenskij: Abrams-Panzer ohne Einfluss auf den Kriegsverlauf\"},{\"@type\":\"BreadcrumbList\",\"@id\":\"https:\/\/now-news.de\/de\/deutschland\/selenskij-abrams-panzer-ohne-einfluss-auf-den-kriegsverlauf\/#breadcrumb\",\"itemListElement\":[{\"@type\":\"ListItem\",\"position\":1,\"name\":\"Home\",\"item\":\"https:\/\/now-news.de\/de\/\"},{\"@type\":\"ListItem\",\"position\":2,\"name\":\"Selenskij: Abrams-Panzer ohne Einfluss auf den Kriegsverlauf\"}]},{\"@type\":\"WebSite\",\"@id\":\"https:\/\/now-news.de\/de\/#website\",\"url\":\"https:\/\/now-news.de\/de\/\",\"name\":\"just-now.NEWS Deutschland\",\"description\":\"Das Portal f\u00fcr unzensierte Nachrichten aus der Welt\",\"publisher\":{\"@id\":\"https:\/\/now-news.de\/de\/#organization\"},\"potentialAction\":[{\"@type\":\"SearchAction\",\"target\":{\"@type\":\"EntryPoint\",\"urlTemplate\":\"https:\/\/now-news.de\/de\/?s={search_term_string}\"},\"query-input\":\"required name=search_term_string\"}],\"inLanguage\":\"de\"},{\"@type\":\"Organization\",\"@id\":\"https:\/\/now-news.de\/de\/#organization\",\"name\":\"Just Now News\",\"url\":\"https:\/\/now-news.de\/de\/\",\"logo\":{\"@type\":\"ImageObject\",\"inLanguage\":\"de\",\"@id\":\"https:\/\/now-news.de\/de\/#\/schema\/logo\/image\/\",\"url\":\"http:\/\/just-now.news\/de\/wp-content\/uploads\/sites\/3\/2022\/04\/logo500x500.jpg\",\"contentUrl\":\"http:\/\/just-now.news\/de\/wp-content\/uploads\/sites\/3\/2022\/04\/logo500x500.jpg\",\"width\":500,\"height\":500,\"caption\":\"Just Now News\"},\"image\":{\"@id\":\"https:\/\/now-news.de\/de\/#\/schema\/logo\/image\/\"},\"sameAs\":[\"https:\/\/www.facebook.com\/wirmachenauf\",\"https:\/\/x.com\/WirMachenAuf_de\"]},{\"@type\":\"Person\",\"@id\":\"https:\/\/now-news.de\/de\/#\/schema\/person\/fb534a4e865501d8b3285208df34a9b5\",\"name\":\"rtnews\",\"image\":{\"@type\":\"ImageObject\",\"inLanguage\":\"de\",\"@id\":\"https:\/\/now-news.de\/de\/#\/schema\/person\/image\/\",\"url\":\"https:\/\/secure.gravatar.com\/avatar\/82aafea7d8127119dd649515f56e2117?s=96&d=mm&r=g\",\"contentUrl\":\"https:\/\/secure.gravatar.com\/avatar\/82aafea7d8127119dd649515f56e2117?s=96&d=mm&r=g\",\"caption\":\"rtnews\"},\"url\":\"https:\/\/now-news.de\/de\/author\/rnews\/\"}]}<\/script>\n<!-- \/ Yoast SEO Premium plugin. -->","yoast_head_json":{"title":"Selenskij: Abrams-Panzer ohne Einfluss auf den Kriegsverlauf - just-now.NEWS Deutschland","robots":{"index":"index","follow":"follow","max-snippet":"max-snippet:-1","max-image-preview":"max-image-preview:large","max-video-preview":"max-video-preview:-1"},"canonical":"https:\/\/now-news.de\/de\/deutschland\/selenskij-abrams-panzer-ohne-einfluss-auf-den-kriegsverlauf\/","og_locale":"de_DE","og_type":"article","og_title":"Selenskij: Abrams-Panzer ohne Einfluss auf den Kriegsverlauf","og_description":"W\u00e4hrend des NATO-Gipfels in Washington hat Wladimir Selenskij zugegeben, dass die Abrams-Panzer aus US-Produktion keinen Einfluss auf den Verlauf im Konflikt mit Russland haben. Zudem beklagte er sich \u00fcber die Zahl der gelieferten Kampffahrzeuge. Abrams-Panzer aus US-Produktion konnten die Kampfhandlungen im Ukraine-Konflikt nicht beeinflussen. Dies erkl\u00e4rte der ukrainische Pr\u00e4sident Wladimir Selenskij in einer Rede im [&hellip;]","og_url":"https:\/\/now-news.de\/de\/deutschland\/selenskij-abrams-panzer-ohne-einfluss-auf-den-kriegsverlauf\/","og_site_name":"just-now.NEWS Deutschland","article_publisher":"https:\/\/www.facebook.com\/wirmachenauf","article_published_time":"2024-07-10T10:00:27+00:00","og_image":[{"url":"https:\/\/now-news.de\/de\/wp-content\/uploads\/sites\/3\/2024\/07\/668e4e7cb480cc612b3f0654.jpg"}],"author":"rtnews","twitter_card":"summary_large_image","twitter_creator":"@WirMachenAuf_de","twitter_site":"@WirMachenAuf_de","twitter_misc":{"Verfasst von":"rtnews","Gesch\u00e4tzte Lesezeit":"1\u00a0Minute"},"schema":{"@context":"https:\/\/schema.org","@graph":[{"@type":"Article","@id":"https:\/\/now-news.de\/de\/deutschland\/selenskij-abrams-panzer-ohne-einfluss-auf-den-kriegsverlauf\/#article","isPartOf":{"@id":"https:\/\/now-news.de\/de\/deutschland\/selenskij-abrams-panzer-ohne-einfluss-auf-den-kriegsverlauf\/"},"author":{"name":"rtnews","@id":"https:\/\/now-news.de\/de\/#\/schema\/person\/fb534a4e865501d8b3285208df34a9b5"},"headline":"Selenskij: Abrams-Panzer ohne Einfluss auf den Kriegsverlauf","datePublished":"2024-07-10T10:00:27+00:00","dateModified":"2024-07-10T10:00:27+00:00","mainEntityOfPage":{"@id":"https:\/\/now-news.de\/de\/deutschland\/selenskij-abrams-panzer-ohne-einfluss-auf-den-kriegsverlauf\/"},"wordCount":213,"commentCount":0,"publisher":{"@id":"https:\/\/now-news.de\/de\/#organization"},"image":{"@id":"https:\/\/now-news.de\/de\/deutschland\/selenskij-abrams-panzer-ohne-einfluss-auf-den-kriegsverlauf\/#primaryimage"},"thumbnailUrl":"https:\/\/now-news.de\/de\/wp-content\/uploads\/sites\/3\/2024\/07\/Selenskij-Abrams-Panzer-ohne-Einfluss-auf-den-Kriegsverlauf.jpg","keywords":["AbramsPanzer","AUF","den","Einfluss","Kriegsverlauf","ohne","Selenskij"],"articleSection":["Deutschland","Russland"],"inLanguage":"de","potentialAction":[{"@type":"CommentAction","name":"Comment","target":["https:\/\/now-news.de\/de\/deutschland\/selenskij-abrams-panzer-ohne-einfluss-auf-den-kriegsverlauf\/#respond"]}]},{"@type":"WebPage","@id":"https:\/\/now-news.de\/de\/deutschland\/selenskij-abrams-panzer-ohne-einfluss-auf-den-kriegsverlauf\/","url":"https:\/\/now-news.de\/de\/deutschland\/selenskij-abrams-panzer-ohne-einfluss-auf-den-kriegsverlauf\/","name":"Selenskij: Abrams-Panzer ohne Einfluss auf den Kriegsverlauf - just-now.NEWS Deutschland","isPartOf":{"@id":"https:\/\/now-news.de\/de\/#website"},"primaryImageOfPage":{"@id":"https:\/\/now-news.de\/de\/deutschland\/selenskij-abrams-panzer-ohne-einfluss-auf-den-kriegsverlauf\/#primaryimage"},"image":{"@id":"https:\/\/now-news.de\/de\/deutschland\/selenskij-abrams-panzer-ohne-einfluss-auf-den-kriegsverlauf\/#primaryimage"},"thumbnailUrl":"https:\/\/now-news.de\/de\/wp-content\/uploads\/sites\/3\/2024\/07\/Selenskij-Abrams-Panzer-ohne-Einfluss-auf-den-Kriegsverlauf.jpg","datePublished":"2024-07-10T10:00:27+00:00","dateModified":"2024-07-10T10:00:27+00:00","breadcrumb":{"@id":"https:\/\/now-news.de\/de\/deutschland\/selenskij-abrams-panzer-ohne-einfluss-auf-den-kriegsverlauf\/#breadcrumb"},"inLanguage":"de","potentialAction":[{"@type":"ReadAction","target":["https:\/\/now-news.de\/de\/deutschland\/selenskij-abrams-panzer-ohne-einfluss-auf-den-kriegsverlauf\/"]}]},{"@type":"ImageObject","inLanguage":"de","@id":"https:\/\/now-news.de\/de\/deutschland\/selenskij-abrams-panzer-ohne-einfluss-auf-den-kriegsverlauf\/#primaryimage","url":"https:\/\/now-news.de\/de\/wp-content\/uploads\/sites\/3\/2024\/07\/Selenskij-Abrams-Panzer-ohne-Einfluss-auf-den-Kriegsverlauf.jpg","contentUrl":"https:\/\/now-news.de\/de\/wp-content\/uploads\/sites\/3\/2024\/07\/Selenskij-Abrams-Panzer-ohne-Einfluss-auf-den-Kriegsverlauf.jpg","width":460,"height":259,"caption":"Selenskij: Abrams-Panzer ohne Einfluss auf den Kriegsverlauf"},{"@type":"BreadcrumbList","@id":"https:\/\/now-news.de\/de\/deutschland\/selenskij-abrams-panzer-ohne-einfluss-auf-den-kriegsverlauf\/#breadcrumb","itemListElement":[{"@type":"ListItem","position":1,"name":"Home","item":"https:\/\/now-news.de\/de\/"},{"@type":"ListItem","position":2,"name":"Selenskij: Abrams-Panzer ohne Einfluss auf den Kriegsverlauf"}]},{"@type":"WebSite","@id":"https:\/\/now-news.de\/de\/#website","url":"https:\/\/now-news.de\/de\/","name":"just-now.NEWS Deutschland","description":"Das Portal f\u00fcr unzensierte Nachrichten aus der Welt","publisher":{"@id":"https:\/\/now-news.de\/de\/#organization"},"potentialAction":[{"@type":"SearchAction","target":{"@type":"EntryPoint","urlTemplate":"https:\/\/now-news.de\/de\/?s={search_term_string}"},"query-input":"required name=search_term_string"}],"inLanguage":"de"},{"@type":"Organization","@id":"https:\/\/now-news.de\/de\/#organization","name":"Just Now News","url":"https:\/\/now-news.de\/de\/","logo":{"@type":"ImageObject","inLanguage":"de","@id":"https:\/\/now-news.de\/de\/#\/schema\/logo\/image\/","url":"http:\/\/just-now.news\/de\/wp-content\/uploads\/sites\/3\/2022\/04\/logo500x500.jpg","contentUrl":"http:\/\/just-now.news\/de\/wp-content\/uploads\/sites\/3\/2022\/04\/logo500x500.jpg","width":500,"height":500,"caption":"Just Now News"},"image":{"@id":"https:\/\/now-news.de\/de\/#\/schema\/logo\/image\/"},"sameAs":["https:\/\/www.facebook.com\/wirmachenauf","https:\/\/x.com\/WirMachenAuf_de"]},{"@type":"Person","@id":"https:\/\/now-news.de\/de\/#\/schema\/person\/fb534a4e865501d8b3285208df34a9b5","name":"rtnews","image":{"@type":"ImageObject","inLanguage":"de","@id":"https:\/\/now-news.de\/de\/#\/schema\/person\/image\/","url":"https:\/\/secure.gravatar.com\/avatar\/82aafea7d8127119dd649515f56e2117?s=96&d=mm&r=g","contentUrl":"https:\/\/secure.gravatar.com\/avatar\/82aafea7d8127119dd649515f56e2117?s=96&d=mm&r=g","caption":"rtnews"},"url":"https:\/\/now-news.de\/de\/author\/rnews\/"}]}},"_links":{"self":[{"href":"https:\/\/now-news.de\/de\/wp-json\/wp\/v2\/posts\/64440"}],"collection":[{"href":"https:\/\/now-news.de\/de\/wp-json\/wp\/v2\/posts"}],"about":[{"href":"https:\/\/now-news.de\/de\/wp-json\/wp\/v2\/types\/post"}],"author":[{"embeddable":true,"href":"https:\/\/now-news.de\/de\/wp-json\/wp\/v2\/users\/3"}],"replies":[{"embeddable":true,"href":"https:\/\/now-news.de\/de\/wp-json\/wp\/v2\/comments?post=64440"}],"version-history":[{"count":0,"href":"https:\/\/now-news.de\/de\/wp-json\/wp\/v2\/posts\/64440\/revisions"}],"wp:featuredmedia":[{"embeddable":true,"href":"https:\/\/now-news.de\/de\/wp-json\/wp\/v2\/media\/64441"}],"wp:attachment":[{"href":"https:\/\/now-news.de\/de\/wp-json\/wp\/v2\/media?parent=64440"}],"wp:term":[{"taxonomy":"category","embeddable":true,"href":"https:\/\/now-news.de\/de\/wp-json\/wp\/v2\/categories?post=64440"},{"taxonomy":"post_tag","embeddable":true,"href":"https:\/\/now-news.de\/de\/wp-json\/wp\/v2\/tags?post=64440"}],"curies":[{"name":"wp","href":"https:\/\/api.w.org\/{rel}","templated":true}]}}