{"id":64378,"date":"2024-07-09T17:10:19","date_gmt":"2024-07-09T15:10:19","guid":{"rendered":"https:\/\/now-news.de\/de\/deutschland\/ein-genauer-blick-auf-die-wahlergebnisse-in-frankreich-ein-land-wird-unregierbar\/"},"modified":"2024-07-09T17:10:19","modified_gmt":"2024-07-09T15:10:19","slug":"ein-genauer-blick-auf-die-wahlergebnisse-in-frankreich-ein-land-wird-unregierbar","status":"publish","type":"post","link":"https:\/\/now-news.de\/de\/deutschland\/ein-genauer-blick-auf-die-wahlergebnisse-in-frankreich-ein-land-wird-unregierbar\/","title":{"rendered":"Ein genauer Blick auf die Wahlergebnisse in Frankreich: Ein Land wird unregierbar"},"content":{"rendered":"<p><img decoding=\"async\" src=\"https:\/\/now-news.de\/de\/wp-content\/uploads\/sites\/3\/2024\/07\/668d03fe48fbef1d1105a8f4.jpg\" \/><\/p>\n<div class=\"Text-root Text-type_1 \">\n                Frankreich hat gew\u00e4hlt \u2013 doch was folgt nun? Das Land scheint nach den vorzeitigen Parlamentswahlen unregierbar. Damit ist das Kalk\u00fcl von Pr\u00e4sident Emmanuel Macron nicht aufgegangen. Eine genaue Analyse verdeutlicht, dass der Rassemblement National von Marine Le Pen keineswegs geschw\u00e4cht ist.\n            <\/div>\n<p><\/p>\n<div class=\"Text-root Text-type_5 ArticleView-text ViewText-root \">\n<p><em>Von Pierre L\u00e9vy<\/em><\/p>\n<p>Drei Wahlsonntage, eine Aufl\u00f6sung der Nationalversammlung: Frankreich hat gerade einen politischen Umbruch erlebt \u2013 und das ist wahrscheinlich erst der Anfang. Am 9. Juni, am Abend der Europawahl, hatte der Pr\u00e4sident der Republik \u00fcberraschend die B\u00fcrger zusammengerufen, um ihre nationalen Abgeordneten zu erneuern. Die W\u00e4hler entschieden am 30. Juni und 7. Juli, allerdings nicht ganz in dem von Emmanuel Macron erhofften Sinne.<\/p>\n<p>Am 7. Juli erschien der Wahlabend auf den Fernsehkan\u00e4len besonders verwirrend. Wenn man am Ende dieser Sequenz von einigen Wochen Klarheit haben will, muss man auf drei wichtige Fakten hinweisen: Der spektakul\u00e4re Aufstieg des Rassemblement National (RN, von seinen Gegnern als rechtsextrem eingestuft); die kurzfristige Entstehung eines unregierbaren Frankreichs, da keiner der drei Bl\u00f6cke eine absolute Mehrheit in der Nationalversammlung erreicht; und der implizite Beginn des Pr\u00e4sidentschaftsrennens (obwohl die Amtszeit des Staatschefs theoretisch erst 2027 endet) vor dem Hintergrund einer m\u00f6glichen Umstrukturierung der &#8220;zentralen&#8221; politischen Kr\u00e4fte, die den das Land beherrschenden Eliten mehr Stabilit\u00e4t verleihen k\u00f6nnte.<\/p>\n<p>Vor der Analyse dieser drei politischen Erkenntnisse, muss man auf das franz\u00f6sische Wahlsystem hinweisen: das Mehrheitswahlrecht mit zwei Wahlg\u00e4ngen, ein atypisches Verfahren, das in Europa und sogar weltweit selten ist. Wenn im ersten Wahlgang kein Kandidat 50 Prozent erreicht, findet ein zweiter Wahlgang mit den Kandidaten statt, die mindestens 12,5 Prozent der Wahlberechtigten erreicht haben. Diese k\u00f6nnen sich jedoch zur\u00fcckziehen und beispielsweise dazu aufrufen, den Kandidaten zu schlagen, der im ersten Wahlgang die Nase vorn hatte. &#8220;Im ersten Wahlgang w\u00e4hlt man aus, im zweiten eliminiert man&#8221;, lautet ein Sprichwort.<\/p>\n<p>Dies war dieses Mal massiv der Fall, denn viele RN-Kandidaten wurden schlie\u00dflich von einer Koalition aller anderen Parteien geschlagen, manchmal zugunsten der Linken, manchmal zugunsten des &#8220;zentristischen&#8221; Pr\u00e4sidentenlagers. Und das, nachdem alle politischen Kr\u00e4fte (aber auch Tausende heterogene Vereinigungen der &#8220;Zivilgesellschaft&#8221;) zwischen den beiden Wahlg\u00e4ngen eine beispiellose Kampagne gef\u00fchrt hatten, in der dazu aufgerufen wurde, die Partei von Marine Le Pen &#8220;zu blockieren&#8221;, um &#8220;das Schlimmste zu verhindern&#8221; und &#8220;die Republik zu retten&#8221;. Selbst ausl\u00e4ndische Politiker, darunter Bundeskanzler Scholz, hatten sich dem angeschlossen.<\/p>\n<p>Die zweite Runde ergab eine ganz andere Anzahl von Sitzen als die erste versprochen hatte: Der RN erhielt 143 Abgeordnete (auf 577 Sitze), obwohl seine Kandidaten am 30. Juni mit 33,2 Prozent dominiert hatten; die Linke w\u00e4hlte 182 Kandidaten, obwohl sie nur 28,1 Prozent der W\u00e4hler auf sich vereinigen konnte \u2013 und blieb damit auf ihrem historischen Tiefstand; und das Pr\u00e4sidentenlager rettete sich mit 168 gew\u00e4hlten Abgeordneten, nachdem es in der ersten Runde auf 20 Prozent abgest\u00fcrzt war.<\/p>\n<p>Anders ausgedr\u00fcckt: Angesichts des fast alleinstehenden RN f\u00fchrte die gegenseitige Wahlhilfe in Form von Verzichten zwischen der macronistischen und der linken Koalition dazu, dass sich die Gewinner und Verlierer zwischen den beiden Wahlg\u00e4ngen umkehrten. Zumindest scheinbar, denn der echte Indikator f\u00fcr den Einfluss bleibt nat\u00fcrlich die Wahlentscheidung der W\u00e4hler im ersten Wahlgang.<\/p>\n<p>An diesem Ma\u00dfstab muss der Aufstieg des RN gemessen werden. Schon bei den Europawahlen am 9. Juni hatte das Le-Pen-Lager f\u00fcr Aufsehen gesorgt: Mit 31,4 Prozent der Stimmen lag es nicht nur an der Spitze (was in 93 Prozent der Gemeinden des Landes der Fall war), sondern erhielt auf nationaler Ebene mehr als doppelt so viele Stimmen wie die zweitplatzierte Liste, die Macronisten (14,6 Prozent).<\/p>\n<p>Am 30. Juni wurde diese Leistung noch verst\u00e4rkt: 33,2 Prozent, d.\u00a0h. 10,6 Millionen Stimmen. Dies bedeutet einen Sprung von 14,5 Prozentpunkten (und mehr als eine Verdoppelung der Stimmenzahl) im Vergleich zur vorherigen Wahl im Juni 2022 (18,7 Prozent, 4,2 Millionen Stimmen). Letztere hatte selbst einen deutlichen Anstieg im Vergleich zum Juni 2017 verzeichnet, als der RN &#8220;nur&#8221; 13,2 Prozent (3 Millionen Stimmen) auf sich vereinigen konnte.<\/p>\n<p>Und schlie\u00dflich: Auch wenn die Parteif\u00fchrer von der zweiten Runde, nach der sie (unklugerweise) davon tr\u00e4umten, die n\u00e4chste Regierung zu stellen, entt\u00e4uscht wurden, werden sie dennoch die st\u00e4rkste Fraktion im Palais-Bourbon bilden, da die vier Linksparteien, obwohl sie Wahlb\u00fcndnispartner sind, jeweils eine eigene Fraktion haben werden.<\/p>\n<p>Diese vier Parteien, die sich unter dem Label &#8220;Neue Volksfront&#8221; (NFP) zusammengeschlossen haben, argumentierten mit der Gesamtzahl ihrer gew\u00e4hlten Abgeordneten, um die Bildung der n\u00e4chsten Regierung zu beanspruchen. Dabei handelt es sich jedoch um eine rein taktische Haltung, da keiner der drei Bl\u00f6cke (RN, NFP, Macronisten) die absolute Mehrheit (289 Sitze) erreicht, und zwar bei weitem nicht.<\/p>\n<p>Frankreich ist damit unregierbar \u2013 das war die wahrscheinlichste Hypothese, die vor dem ersten Wahlgang <a rel=\"nofollow noopener\" target=\"_blank\" href=\"https:\/\/freedert.online\/international\/208840-warum-macron-wirklich-neuwahlen-will\/\">in diesen Kolumnen<\/a>\u00a0prognostiziert wurde. Nat\u00fcrlich fehlt es nicht an politischen F\u00fchrern, die f\u00fcr &#8220;neue Konfigurationen&#8221; pl\u00e4dieren, die &#8220;endlich die Kultur des Kompromisses&#8221; einbeziehen. Einige loben sogar die einmalige Gelegenheit, &#8220;nach deutschem Vorbild zu spielen&#8221;. Die derzeitige Ampelkoalition, die in Berlin regiert, kann jedoch nicht gerade auf Erfolge verweisen&#8230; Bei den Sozialisten und noch mehr bei den Gr\u00fcnen l\u00e4sst aber der Wunsch zu regieren, von Fall zu Fall, Projekt f\u00fcr Projekt, B\u00fcndnisse mit den Macronisten oder sogar mit den 60 Abgeordneten der &#8220;klassischen&#8221; Rechten in Betracht ziehen.<\/p>\n<p>Au\u00dferdem d\u00fcrfte sich schnell herausstellen, dass das Programm der NFP, das innerhalb weniger Tage vor dem ersten Wahlgang fertiggestellt wurde, nur eine Augenwischerei war, um die Widerspr\u00fcche zwischen der &#8220;gem\u00e4\u00dfigten Linken&#8221; und La France insoumise (LFI, sog. &#8220;radikale&#8221; Linke) vor\u00fcbergehend zu verdecken. Es dauerte nur wenige Stunden, bis sich die ersten Br\u00fcche zeigten. Vor einer wahrscheinlichen Explosion in K\u00fcrze.<\/p>\n<p>Wie dem auch sei, die arithmetische H\u00fcrde ist zumindest kurzfristig unumg\u00e4nglich. Es obliegt dem Staatsoberhaupt, einen Premierminister und eine Regierung zu ernennen. Letztere kann jedoch nur prek\u00e4r sein, da es keine Mehrheit gibt. Sie wird einem Misstrauensantrag ausgeliefert sein. Was eine &#8220;technische&#8221; Regierung angeht, die die laufenden Gesch\u00e4fte f\u00fchren soll, so kann dies nur vor\u00fcbergehend sein. F\u00fcr wie lange? Das wei\u00df niemand.<\/p>\n<p>Denn im Herbst muss der Haushalt vorgelegt werden. Und sogar schon im Juli muss man Br\u00fcssel gegen\u00fcbertreten, das Ma\u00dfnahmen zur Reduzierung des Defizits und eine j\u00e4hrliche Perspektive f\u00fcr dessen Korrektur verlangt.<\/p>\n<p>Diese kurzfristige Instabilit\u00e4t kann die Projekte derjenigen n\u00e4hren, die davon tr\u00e4umen, mittelfristig eine dauerhafte Konfiguration aufzubauen, die &#8220;vern\u00fcnftige&#8221; Sozialisten, Gr\u00fcnen, &#8220;Zentristen&#8221; und Abgeordnete der &#8220;republikanischen Rechten&#8221; zusammenbringt. Das Feld der Kompromisse w\u00fcrde auf der Treue zur Europ\u00e4ischen Union, ihren Regeln und ihrem Rahmen basieren \u2013 diese Frage wurde \u00fcbrigens w\u00e4hrend des Wahlkampfs von allen gro\u00dfen Parteien, einschlie\u00dflich des RN, vermieden. Ebenso wurde die Debatte \u00fcber das kriegerische Engagement des Pr\u00e4sidenten gegen\u00fcber Moskau vernebelt.<\/p>\n<p>Emmanuel Macron hat nicht die Absicht, sein Amt aufzugeben, so sagt er es zumindest immer wieder. Aber kann er drei Jahre durchhalten? Ein Jahr lang darf er eine erneute Aufl\u00f6sung der Nationalversammlung nicht mehr herbeif\u00fchren; und er geht geschw\u00e4cht aus dieser politischen Sequenz hervor, die er als einen erfolgreichen Pokerstreich geplant hatte.<\/p>\n<p>Und seine Konkurrenten verbergen ihre Ambitionen immer weniger. Dies gilt sowohl f\u00fcr den ersten Premierminister, den er 2017 ernannt hat, als auch f\u00fcr den aktuellen Premierminister Gabriel Attal, der mit seinen 35 Jahren noch nicht am Ende seiner Karriere angekommen ist.<\/p>\n<p>Aber die B\u00fcrger in all dem? Diejenigen unter den linken W\u00e4hlern, die am Abend des 7. Juli an den &#8220;Sieg&#8221; der NFP und die Erkl\u00e4rungen der Parteif\u00fchrer geglaubt haben, dass das Programm dieser Koalition umgesetzt werden sollte, k\u00f6nnten sehr bald aus allen Wolken fallen.<\/p>\n<p>Diejenigen W\u00e4hler der Macronisten, die links gew\u00e4hlt haben, und diejenigen der Linken, die einen Abgeordneten aus der politischen Familie des Pr\u00e4sidenten gew\u00e4hlt haben, sind heute zwar zufrieden, dass sie &#8220;den RN blockiert&#8221; haben, werden aber schnell feststellen, dass die gleichen Ursachen die gleichen Wirkungen hervorbringen.<\/p>\n<p>Denn es ist kaum zu bestreiten, dass es die Entt\u00e4uschungen, die Frustrationen und die Wut insbesondere der am meisten benachteiligten Klassen sind, die den unaufhaltsamen Aufstieg des RN gen\u00e4hrt haben, mit anderen Worten, es sind die Ergebnisse der Politik, die sich in den letzten vier Jahrzehnten an der Macht abgewechselt hat, wobei sich rechte, &#8220;linke&#8221; und Zentrums-Kr\u00e4fte abgewechselt haben.<\/p>\n<p>Der &#8220;Front r\u00e9publicain&#8221;, d.\u00a0h. das B\u00fcndnis aller gro\u00dfen Parteien gegen den RN, hat es noch dieses Mal geschafft, das Le-Pen-Lager zu &#8220;blockieren&#8221;. In der zweiten Runde vereint dieses aber nun in sehr vielen Wahlkreisen zwischen 45 Prozent und 49 Prozent der Stimmen auf sich. Wer sieht nicht, dass mit jedem Damm die Flut ein paar Stufen h\u00f6her steigt, gen\u00e4hrt von dem Gef\u00fchl, dass die Wahl durch die Magie des Wahlsystems gestohlen wurde?<\/p>\n<p>Jetzt tritt in Frankreich eine Situation ein, die in der politischen und institutionellen Geschichte der f\u00fcnften Republik (entstanden 1958) beispiellos ist. Es ist nicht sicher, ob die herrschenden Eliten sich dar\u00fcber freuen k\u00f6nnen.<\/p>\n<p><strong>Mehr zum Thema<\/strong> \u2013\u00a0<a rel=\"nofollow noopener\" target=\"_blank\" href=\"https:\/\/freeassange.rtde.life\/international\/210168-neuwahlen-in-frankreich-keine-wirklichen-veraenderungen-in-sicht\/\">Neuwahlen in Frankreich: Keine wirklichen Ver\u00e4nderungen in Sicht <\/a><\/p>\n<div class=\"EmbedBlock-root EmbedBlock-externalVideo EmbedBlock-odysee\">\n<div class=\"VkEmbed\"><iframe class=\"lazyload\" data-src=\"https:\/\/odysee.com\/%24\/embed\/%40RTDE%3Ae%2FFrankreich-nach-EU-Wahl--Zusammenst%C3%B6%C3%9Fe-bei-Protest-in-Paris-gegen-Rechtskonservative%3A4\" frameborder=\"0\" width=\"853\" height=\"480\" allowfullscreen><\/iframe><\/div>\n<\/div>\n<p>\u00a0<\/p>\n<p>\u00a0<\/p>\n<\/div>\n<p><br \/>\n<br \/><a href=\"https:\/\/de.rt.com\/international\/211723-ein-genauer-blick-auf-wahlergebnisse-in-frankreich-ein-land-wird-unregierbar\/\">Source link <\/a><\/p>\n","protected":false},"excerpt":{"rendered":"<p>Frankreich hat gew\u00e4hlt \u2013 doch was folgt nun? Das Land scheint nach den vorzeitigen Parlamentswahlen unregierbar. Damit ist das Kalk\u00fcl von Pr\u00e4sident Emmanuel Macron nicht aufgegangen. Eine genaue Analyse verdeutlicht, dass der Rassemblement National von Marine Le Pen keineswegs geschw\u00e4cht ist. Von Pierre L\u00e9vy Drei Wahlsonntage, eine Aufl\u00f6sung der Nationalversammlung: Frankreich hat gerade einen politischen [&hellip;]<\/p>\n","protected":false},"author":3,"featured_media":64379,"comment_status":"open","ping_status":"open","sticky":false,"template":"","format":"standard","meta":{"_yoast_indexnow_last_ping":["1720538478"],"wp_automatic_camp":["217"],"596d73072539dfb51cf34067897f72bb":["Ein genauer Blick auf die Wahlergebnisse in Frankreich: Ein Land wird unregierbar"],"original_link":["https:\/\/de.rt.com\/international\/211723-ein-genauer-blick-auf-wahlergebnisse-in-frankreich-ein-land-wird-unregierbar\/"],"_thumbnail_id":["64379"],"jnews_social_counter_last_update":["1777177563"],"_wptgpro_p2tg_sent2tg":["a:1:{i:23737;s:19:\"2024-07-09 17:22:29\";}"]},"categories":[19,23],"tags":[133,11198,45,357,3320,56455,7414,55677,28658,374],"yoast_head":"<!-- This site is optimized with the Yoast SEO Premium plugin v22.7 (Yoast SEO v22.7) - https:\/\/yoast.com\/wordpress\/plugins\/seo\/ -->\n<title>Ein genauer Blick auf die Wahlergebnisse in Frankreich: Ein Land wird unregierbar - just-now.NEWS Deutschland<\/title>\n<meta name=\"robots\" content=\"index, follow, max-snippet:-1, max-image-preview:large, max-video-preview:-1\" \/>\n<link rel=\"canonical\" href=\"https:\/\/now-news.de\/de\/deutschland\/ein-genauer-blick-auf-die-wahlergebnisse-in-frankreich-ein-land-wird-unregierbar\/\" \/>\n<meta property=\"og:locale\" content=\"de_DE\" \/>\n<meta property=\"og:type\" content=\"article\" \/>\n<meta property=\"og:title\" content=\"Ein genauer Blick auf die Wahlergebnisse in Frankreich: Ein Land wird unregierbar\" \/>\n<meta property=\"og:description\" content=\"Frankreich hat gew\u00e4hlt \u2013 doch was folgt nun? Das Land scheint nach den vorzeitigen Parlamentswahlen unregierbar. Damit ist das Kalk\u00fcl von Pr\u00e4sident Emmanuel Macron nicht aufgegangen. Eine genaue Analyse verdeutlicht, dass der Rassemblement National von Marine Le Pen keineswegs geschw\u00e4cht ist. Von Pierre L\u00e9vy Drei Wahlsonntage, eine Aufl\u00f6sung der Nationalversammlung: Frankreich hat gerade einen politischen [&hellip;]\" \/>\n<meta property=\"og:url\" content=\"https:\/\/now-news.de\/de\/deutschland\/ein-genauer-blick-auf-die-wahlergebnisse-in-frankreich-ein-land-wird-unregierbar\/\" \/>\n<meta property=\"og:site_name\" content=\"just-now.NEWS Deutschland\" \/>\n<meta property=\"article:publisher\" content=\"https:\/\/www.facebook.com\/wirmachenauf\" \/>\n<meta property=\"article:published_time\" content=\"2024-07-09T15:10:19+00:00\" \/>\n<meta property=\"og:image\" content=\"https:\/\/now-news.de\/de\/wp-content\/uploads\/sites\/3\/2024\/07\/668d03fe48fbef1d1105a8f4.jpg\" \/>\n<meta name=\"author\" content=\"rtnews\" \/>\n<meta name=\"twitter:card\" content=\"summary_large_image\" \/>\n<meta name=\"twitter:creator\" content=\"@WirMachenAuf_de\" \/>\n<meta name=\"twitter:site\" content=\"@WirMachenAuf_de\" \/>\n<meta name=\"twitter:label1\" content=\"Verfasst von\" \/>\n\t<meta name=\"twitter:data1\" content=\"rtnews\" \/>\n\t<meta name=\"twitter:label2\" content=\"Gesch\u00e4tzte Lesezeit\" \/>\n\t<meta name=\"twitter:data2\" content=\"8\u00a0Minuten\" \/>\n<script type=\"application\/ld+json\" class=\"yoast-schema-graph\">{\"@context\":\"https:\/\/schema.org\",\"@graph\":[{\"@type\":\"Article\",\"@id\":\"https:\/\/now-news.de\/de\/deutschland\/ein-genauer-blick-auf-die-wahlergebnisse-in-frankreich-ein-land-wird-unregierbar\/#article\",\"isPartOf\":{\"@id\":\"https:\/\/now-news.de\/de\/deutschland\/ein-genauer-blick-auf-die-wahlergebnisse-in-frankreich-ein-land-wird-unregierbar\/\"},\"author\":{\"name\":\"rtnews\",\"@id\":\"https:\/\/now-news.de\/de\/#\/schema\/person\/fb534a4e865501d8b3285208df34a9b5\"},\"headline\":\"Ein genauer Blick auf die Wahlergebnisse in Frankreich: Ein Land wird unregierbar\",\"datePublished\":\"2024-07-09T15:10:19+00:00\",\"dateModified\":\"2024-07-09T15:10:19+00:00\",\"mainEntityOfPage\":{\"@id\":\"https:\/\/now-news.de\/de\/deutschland\/ein-genauer-blick-auf-die-wahlergebnisse-in-frankreich-ein-land-wird-unregierbar\/\"},\"wordCount\":1515,\"commentCount\":0,\"publisher\":{\"@id\":\"https:\/\/now-news.de\/de\/#organization\"},\"image\":{\"@id\":\"https:\/\/now-news.de\/de\/deutschland\/ein-genauer-blick-auf-die-wahlergebnisse-in-frankreich-ein-land-wird-unregierbar\/#primaryimage\"},\"thumbnailUrl\":\"https:\/\/now-news.de\/de\/wp-content\/uploads\/sites\/3\/2024\/07\/Ein-genauer-Blick-auf-die-Wahlergebnisse-in-Frankreich-Ein-Land.jpg\",\"keywords\":[\"AUF\",\"Blick\",\"die\",\"ein\",\"Frankreich\",\"genauer\",\"Land\",\"unregierbar\",\"Wahlergebnisse\",\"wird\"],\"articleSection\":[\"Deutschland\",\"Russland\"],\"inLanguage\":\"de\",\"potentialAction\":[{\"@type\":\"CommentAction\",\"name\":\"Comment\",\"target\":[\"https:\/\/now-news.de\/de\/deutschland\/ein-genauer-blick-auf-die-wahlergebnisse-in-frankreich-ein-land-wird-unregierbar\/#respond\"]}]},{\"@type\":\"WebPage\",\"@id\":\"https:\/\/now-news.de\/de\/deutschland\/ein-genauer-blick-auf-die-wahlergebnisse-in-frankreich-ein-land-wird-unregierbar\/\",\"url\":\"https:\/\/now-news.de\/de\/deutschland\/ein-genauer-blick-auf-die-wahlergebnisse-in-frankreich-ein-land-wird-unregierbar\/\",\"name\":\"Ein genauer Blick auf die Wahlergebnisse in Frankreich: Ein Land wird unregierbar - just-now.NEWS Deutschland\",\"isPartOf\":{\"@id\":\"https:\/\/now-news.de\/de\/#website\"},\"primaryImageOfPage\":{\"@id\":\"https:\/\/now-news.de\/de\/deutschland\/ein-genauer-blick-auf-die-wahlergebnisse-in-frankreich-ein-land-wird-unregierbar\/#primaryimage\"},\"image\":{\"@id\":\"https:\/\/now-news.de\/de\/deutschland\/ein-genauer-blick-auf-die-wahlergebnisse-in-frankreich-ein-land-wird-unregierbar\/#primaryimage\"},\"thumbnailUrl\":\"https:\/\/now-news.de\/de\/wp-content\/uploads\/sites\/3\/2024\/07\/Ein-genauer-Blick-auf-die-Wahlergebnisse-in-Frankreich-Ein-Land.jpg\",\"datePublished\":\"2024-07-09T15:10:19+00:00\",\"dateModified\":\"2024-07-09T15:10:19+00:00\",\"breadcrumb\":{\"@id\":\"https:\/\/now-news.de\/de\/deutschland\/ein-genauer-blick-auf-die-wahlergebnisse-in-frankreich-ein-land-wird-unregierbar\/#breadcrumb\"},\"inLanguage\":\"de\",\"potentialAction\":[{\"@type\":\"ReadAction\",\"target\":[\"https:\/\/now-news.de\/de\/deutschland\/ein-genauer-blick-auf-die-wahlergebnisse-in-frankreich-ein-land-wird-unregierbar\/\"]}]},{\"@type\":\"ImageObject\",\"inLanguage\":\"de\",\"@id\":\"https:\/\/now-news.de\/de\/deutschland\/ein-genauer-blick-auf-die-wahlergebnisse-in-frankreich-ein-land-wird-unregierbar\/#primaryimage\",\"url\":\"https:\/\/now-news.de\/de\/wp-content\/uploads\/sites\/3\/2024\/07\/Ein-genauer-Blick-auf-die-Wahlergebnisse-in-Frankreich-Ein-Land.jpg\",\"contentUrl\":\"https:\/\/now-news.de\/de\/wp-content\/uploads\/sites\/3\/2024\/07\/Ein-genauer-Blick-auf-die-Wahlergebnisse-in-Frankreich-Ein-Land.jpg\",\"width\":460,\"height\":259,\"caption\":\"Ein genauer Blick auf die Wahlergebnisse in Frankreich: Ein Land wird unregierbar\"},{\"@type\":\"BreadcrumbList\",\"@id\":\"https:\/\/now-news.de\/de\/deutschland\/ein-genauer-blick-auf-die-wahlergebnisse-in-frankreich-ein-land-wird-unregierbar\/#breadcrumb\",\"itemListElement\":[{\"@type\":\"ListItem\",\"position\":1,\"name\":\"Home\",\"item\":\"https:\/\/now-news.de\/de\/\"},{\"@type\":\"ListItem\",\"position\":2,\"name\":\"Ein genauer Blick auf die Wahlergebnisse in Frankreich: Ein Land wird unregierbar\"}]},{\"@type\":\"WebSite\",\"@id\":\"https:\/\/now-news.de\/de\/#website\",\"url\":\"https:\/\/now-news.de\/de\/\",\"name\":\"just-now.NEWS Deutschland\",\"description\":\"Das Portal f\u00fcr unzensierte Nachrichten aus der Welt\",\"publisher\":{\"@id\":\"https:\/\/now-news.de\/de\/#organization\"},\"potentialAction\":[{\"@type\":\"SearchAction\",\"target\":{\"@type\":\"EntryPoint\",\"urlTemplate\":\"https:\/\/now-news.de\/de\/?s={search_term_string}\"},\"query-input\":\"required name=search_term_string\"}],\"inLanguage\":\"de\"},{\"@type\":\"Organization\",\"@id\":\"https:\/\/now-news.de\/de\/#organization\",\"name\":\"Just Now News\",\"url\":\"https:\/\/now-news.de\/de\/\",\"logo\":{\"@type\":\"ImageObject\",\"inLanguage\":\"de\",\"@id\":\"https:\/\/now-news.de\/de\/#\/schema\/logo\/image\/\",\"url\":\"http:\/\/just-now.news\/de\/wp-content\/uploads\/sites\/3\/2022\/04\/logo500x500.jpg\",\"contentUrl\":\"http:\/\/just-now.news\/de\/wp-content\/uploads\/sites\/3\/2022\/04\/logo500x500.jpg\",\"width\":500,\"height\":500,\"caption\":\"Just Now News\"},\"image\":{\"@id\":\"https:\/\/now-news.de\/de\/#\/schema\/logo\/image\/\"},\"sameAs\":[\"https:\/\/www.facebook.com\/wirmachenauf\",\"https:\/\/x.com\/WirMachenAuf_de\"]},{\"@type\":\"Person\",\"@id\":\"https:\/\/now-news.de\/de\/#\/schema\/person\/fb534a4e865501d8b3285208df34a9b5\",\"name\":\"rtnews\",\"image\":{\"@type\":\"ImageObject\",\"inLanguage\":\"de\",\"@id\":\"https:\/\/now-news.de\/de\/#\/schema\/person\/image\/\",\"url\":\"https:\/\/secure.gravatar.com\/avatar\/82aafea7d8127119dd649515f56e2117?s=96&d=mm&r=g\",\"contentUrl\":\"https:\/\/secure.gravatar.com\/avatar\/82aafea7d8127119dd649515f56e2117?s=96&d=mm&r=g\",\"caption\":\"rtnews\"},\"url\":\"https:\/\/now-news.de\/de\/author\/rnews\/\"}]}<\/script>\n<!-- \/ Yoast SEO Premium plugin. -->","yoast_head_json":{"title":"Ein genauer Blick auf die Wahlergebnisse in Frankreich: Ein Land wird unregierbar - just-now.NEWS Deutschland","robots":{"index":"index","follow":"follow","max-snippet":"max-snippet:-1","max-image-preview":"max-image-preview:large","max-video-preview":"max-video-preview:-1"},"canonical":"https:\/\/now-news.de\/de\/deutschland\/ein-genauer-blick-auf-die-wahlergebnisse-in-frankreich-ein-land-wird-unregierbar\/","og_locale":"de_DE","og_type":"article","og_title":"Ein genauer Blick auf die Wahlergebnisse in Frankreich: Ein Land wird unregierbar","og_description":"Frankreich hat gew\u00e4hlt \u2013 doch was folgt nun? Das Land scheint nach den vorzeitigen Parlamentswahlen unregierbar. Damit ist das Kalk\u00fcl von Pr\u00e4sident Emmanuel Macron nicht aufgegangen. Eine genaue Analyse verdeutlicht, dass der Rassemblement National von Marine Le Pen keineswegs geschw\u00e4cht ist. Von Pierre L\u00e9vy Drei Wahlsonntage, eine Aufl\u00f6sung der Nationalversammlung: Frankreich hat gerade einen politischen [&hellip;]","og_url":"https:\/\/now-news.de\/de\/deutschland\/ein-genauer-blick-auf-die-wahlergebnisse-in-frankreich-ein-land-wird-unregierbar\/","og_site_name":"just-now.NEWS Deutschland","article_publisher":"https:\/\/www.facebook.com\/wirmachenauf","article_published_time":"2024-07-09T15:10:19+00:00","og_image":[{"url":"https:\/\/now-news.de\/de\/wp-content\/uploads\/sites\/3\/2024\/07\/668d03fe48fbef1d1105a8f4.jpg"}],"author":"rtnews","twitter_card":"summary_large_image","twitter_creator":"@WirMachenAuf_de","twitter_site":"@WirMachenAuf_de","twitter_misc":{"Verfasst von":"rtnews","Gesch\u00e4tzte Lesezeit":"8\u00a0Minuten"},"schema":{"@context":"https:\/\/schema.org","@graph":[{"@type":"Article","@id":"https:\/\/now-news.de\/de\/deutschland\/ein-genauer-blick-auf-die-wahlergebnisse-in-frankreich-ein-land-wird-unregierbar\/#article","isPartOf":{"@id":"https:\/\/now-news.de\/de\/deutschland\/ein-genauer-blick-auf-die-wahlergebnisse-in-frankreich-ein-land-wird-unregierbar\/"},"author":{"name":"rtnews","@id":"https:\/\/now-news.de\/de\/#\/schema\/person\/fb534a4e865501d8b3285208df34a9b5"},"headline":"Ein genauer Blick auf die Wahlergebnisse in Frankreich: Ein Land wird unregierbar","datePublished":"2024-07-09T15:10:19+00:00","dateModified":"2024-07-09T15:10:19+00:00","mainEntityOfPage":{"@id":"https:\/\/now-news.de\/de\/deutschland\/ein-genauer-blick-auf-die-wahlergebnisse-in-frankreich-ein-land-wird-unregierbar\/"},"wordCount":1515,"commentCount":0,"publisher":{"@id":"https:\/\/now-news.de\/de\/#organization"},"image":{"@id":"https:\/\/now-news.de\/de\/deutschland\/ein-genauer-blick-auf-die-wahlergebnisse-in-frankreich-ein-land-wird-unregierbar\/#primaryimage"},"thumbnailUrl":"https:\/\/now-news.de\/de\/wp-content\/uploads\/sites\/3\/2024\/07\/Ein-genauer-Blick-auf-die-Wahlergebnisse-in-Frankreich-Ein-Land.jpg","keywords":["AUF","Blick","die","ein","Frankreich","genauer","Land","unregierbar","Wahlergebnisse","wird"],"articleSection":["Deutschland","Russland"],"inLanguage":"de","potentialAction":[{"@type":"CommentAction","name":"Comment","target":["https:\/\/now-news.de\/de\/deutschland\/ein-genauer-blick-auf-die-wahlergebnisse-in-frankreich-ein-land-wird-unregierbar\/#respond"]}]},{"@type":"WebPage","@id":"https:\/\/now-news.de\/de\/deutschland\/ein-genauer-blick-auf-die-wahlergebnisse-in-frankreich-ein-land-wird-unregierbar\/","url":"https:\/\/now-news.de\/de\/deutschland\/ein-genauer-blick-auf-die-wahlergebnisse-in-frankreich-ein-land-wird-unregierbar\/","name":"Ein genauer Blick auf die Wahlergebnisse in Frankreich: Ein Land wird unregierbar - just-now.NEWS Deutschland","isPartOf":{"@id":"https:\/\/now-news.de\/de\/#website"},"primaryImageOfPage":{"@id":"https:\/\/now-news.de\/de\/deutschland\/ein-genauer-blick-auf-die-wahlergebnisse-in-frankreich-ein-land-wird-unregierbar\/#primaryimage"},"image":{"@id":"https:\/\/now-news.de\/de\/deutschland\/ein-genauer-blick-auf-die-wahlergebnisse-in-frankreich-ein-land-wird-unregierbar\/#primaryimage"},"thumbnailUrl":"https:\/\/now-news.de\/de\/wp-content\/uploads\/sites\/3\/2024\/07\/Ein-genauer-Blick-auf-die-Wahlergebnisse-in-Frankreich-Ein-Land.jpg","datePublished":"2024-07-09T15:10:19+00:00","dateModified":"2024-07-09T15:10:19+00:00","breadcrumb":{"@id":"https:\/\/now-news.de\/de\/deutschland\/ein-genauer-blick-auf-die-wahlergebnisse-in-frankreich-ein-land-wird-unregierbar\/#breadcrumb"},"inLanguage":"de","potentialAction":[{"@type":"ReadAction","target":["https:\/\/now-news.de\/de\/deutschland\/ein-genauer-blick-auf-die-wahlergebnisse-in-frankreich-ein-land-wird-unregierbar\/"]}]},{"@type":"ImageObject","inLanguage":"de","@id":"https:\/\/now-news.de\/de\/deutschland\/ein-genauer-blick-auf-die-wahlergebnisse-in-frankreich-ein-land-wird-unregierbar\/#primaryimage","url":"https:\/\/now-news.de\/de\/wp-content\/uploads\/sites\/3\/2024\/07\/Ein-genauer-Blick-auf-die-Wahlergebnisse-in-Frankreich-Ein-Land.jpg","contentUrl":"https:\/\/now-news.de\/de\/wp-content\/uploads\/sites\/3\/2024\/07\/Ein-genauer-Blick-auf-die-Wahlergebnisse-in-Frankreich-Ein-Land.jpg","width":460,"height":259,"caption":"Ein genauer Blick auf die Wahlergebnisse in Frankreich: Ein Land wird unregierbar"},{"@type":"BreadcrumbList","@id":"https:\/\/now-news.de\/de\/deutschland\/ein-genauer-blick-auf-die-wahlergebnisse-in-frankreich-ein-land-wird-unregierbar\/#breadcrumb","itemListElement":[{"@type":"ListItem","position":1,"name":"Home","item":"https:\/\/now-news.de\/de\/"},{"@type":"ListItem","position":2,"name":"Ein genauer Blick auf die Wahlergebnisse in Frankreich: Ein Land wird unregierbar"}]},{"@type":"WebSite","@id":"https:\/\/now-news.de\/de\/#website","url":"https:\/\/now-news.de\/de\/","name":"just-now.NEWS Deutschland","description":"Das Portal f\u00fcr unzensierte Nachrichten aus der Welt","publisher":{"@id":"https:\/\/now-news.de\/de\/#organization"},"potentialAction":[{"@type":"SearchAction","target":{"@type":"EntryPoint","urlTemplate":"https:\/\/now-news.de\/de\/?s={search_term_string}"},"query-input":"required name=search_term_string"}],"inLanguage":"de"},{"@type":"Organization","@id":"https:\/\/now-news.de\/de\/#organization","name":"Just Now News","url":"https:\/\/now-news.de\/de\/","logo":{"@type":"ImageObject","inLanguage":"de","@id":"https:\/\/now-news.de\/de\/#\/schema\/logo\/image\/","url":"http:\/\/just-now.news\/de\/wp-content\/uploads\/sites\/3\/2022\/04\/logo500x500.jpg","contentUrl":"http:\/\/just-now.news\/de\/wp-content\/uploads\/sites\/3\/2022\/04\/logo500x500.jpg","width":500,"height":500,"caption":"Just Now News"},"image":{"@id":"https:\/\/now-news.de\/de\/#\/schema\/logo\/image\/"},"sameAs":["https:\/\/www.facebook.com\/wirmachenauf","https:\/\/x.com\/WirMachenAuf_de"]},{"@type":"Person","@id":"https:\/\/now-news.de\/de\/#\/schema\/person\/fb534a4e865501d8b3285208df34a9b5","name":"rtnews","image":{"@type":"ImageObject","inLanguage":"de","@id":"https:\/\/now-news.de\/de\/#\/schema\/person\/image\/","url":"https:\/\/secure.gravatar.com\/avatar\/82aafea7d8127119dd649515f56e2117?s=96&d=mm&r=g","contentUrl":"https:\/\/secure.gravatar.com\/avatar\/82aafea7d8127119dd649515f56e2117?s=96&d=mm&r=g","caption":"rtnews"},"url":"https:\/\/now-news.de\/de\/author\/rnews\/"}]}},"_links":{"self":[{"href":"https:\/\/now-news.de\/de\/wp-json\/wp\/v2\/posts\/64378"}],"collection":[{"href":"https:\/\/now-news.de\/de\/wp-json\/wp\/v2\/posts"}],"about":[{"href":"https:\/\/now-news.de\/de\/wp-json\/wp\/v2\/types\/post"}],"author":[{"embeddable":true,"href":"https:\/\/now-news.de\/de\/wp-json\/wp\/v2\/users\/3"}],"replies":[{"embeddable":true,"href":"https:\/\/now-news.de\/de\/wp-json\/wp\/v2\/comments?post=64378"}],"version-history":[{"count":0,"href":"https:\/\/now-news.de\/de\/wp-json\/wp\/v2\/posts\/64378\/revisions"}],"wp:featuredmedia":[{"embeddable":true,"href":"https:\/\/now-news.de\/de\/wp-json\/wp\/v2\/media\/64379"}],"wp:attachment":[{"href":"https:\/\/now-news.de\/de\/wp-json\/wp\/v2\/media?parent=64378"}],"wp:term":[{"taxonomy":"category","embeddable":true,"href":"https:\/\/now-news.de\/de\/wp-json\/wp\/v2\/categories?post=64378"},{"taxonomy":"post_tag","embeddable":true,"href":"https:\/\/now-news.de\/de\/wp-json\/wp\/v2\/tags?post=64378"}],"curies":[{"name":"wp","href":"https:\/\/api.w.org\/{rel}","templated":true}]}}