{"id":64362,"date":"2024-07-09T13:17:08","date_gmt":"2024-07-09T11:17:08","guid":{"rendered":"https:\/\/now-news.de\/de\/deutschland\/venezuela-staatsanwaltschaft-befuerchtet-rechtsextreme-anschlaege-rund-um-die-wahlen\/"},"modified":"2024-07-09T13:17:08","modified_gmt":"2024-07-09T11:17:08","slug":"venezuela-staatsanwaltschaft-befuerchtet-rechtsextreme-anschlaege-rund-um-die-wahlen","status":"publish","type":"post","link":"https:\/\/now-news.de\/de\/deutschland\/venezuela-staatsanwaltschaft-befuerchtet-rechtsextreme-anschlaege-rund-um-die-wahlen\/","title":{"rendered":"Venezuela: Staatsanwaltschaft bef\u00fcrchtet rechtsextreme Anschl\u00e4ge rund um die Wahlen"},"content":{"rendered":"<p><img decoding=\"async\" src=\"https:\/\/now-news.de\/de\/wp-content\/uploads\/sites\/3\/2024\/07\/668d078a48fbef1e2c76b5a3.jpg\" \/><\/p>\n<div class=\"Text-root Text-type_1 \">\n                Im Vorfeld der Pr\u00e4sidentschaftswahlen in Venezuela, die am 28. Juli stattfinden sollen, bef\u00fcrchten die Beh\u00f6rden Provokationen und sogar Attentate. Hinter den Anschlagspl\u00e4nen wird die rechtsextreme oppositionelle Szene vermutet, die Kontakte nach Kolumbien haben soll.\n            <\/div>\n<p><\/p>\n<div class=\"Text-root Text-type_5 ArticleView-text ViewText-root \">\n<p>Der venezolanische Generalstaatsanwalt Tarek William Saab hat neue Details \u00fcber Anschlagspl\u00e4ne vor und nach den Pr\u00e4sidentschaftswahlen in dem s\u00fcdamerikanischen Land enth\u00fcllt, hinter denen die rechtsextreme oppositionelle Szene vermutet wird. Wie der hochrangige Beamte am Montag mitteilte, h\u00e4tten die rechtsextremen Gegner des zum dritten Mal kandidierenden Pr\u00e4sidenten Nicol\u00e1s Maduro sogar eine kolumbianische Guerilla-Organisation kontaktiert. Demnach sollten K\u00e4mpfer der Miliz &#8220;Autodefensas Conquistadoras de la Sierra Nevada&#8221; (auf Deutsch etwa &#8220;Selbstverteidigungskr\u00e4fte der Eroberer von Sierra Nevada&#8221;) um den 28. Juli einen Mordanschlag auf den Staatschef ver\u00fcben und Energieinfrastrukturen im Bundesstaat Zulia angreifen.<\/p>\n<p>Wie Saab bei einer Pressekonferenz am Montag sagte, habe die venezolanische Opposition vor zwei Monaten in der kolumbianischen Grenzprovinz La Guajira Kontakt mit der Miliz aufgenommen. Danach sei es zu drei Treffen in einem Restaurant in der Gemeinde Maicao gekommen. Die Guerilla sollte laut dem Plan Maduro bei einem \u00f6ffentlichen Auftritt angreifen. Anschl\u00e4ge gegen Energieinfrastrukturen sollten in den letzten Tagen der Wahlkampagne den Gro\u00dfteil des Landes ohne Strom lassen. Der Generalstaatsanwalt f\u00fcgte hinzu:<\/p>\n<blockquote>\n<p><em>&#8220;F\u00fcr den Fall, dass die Opposition verlieren sollte, wurde die Miliz darum gebeten, sich in Stra\u00dfenumz\u00fcge einzuschleusen, um Gewalt zu stiften.&#8221;<\/em><\/p>\n<\/blockquote>\n<p>Saab zufolge h\u00e4tten die Verhandler der rechtsextremen Opposition der Guerilla Pl\u00e4ne der anzugreifenden Energieinfrastrukturen und des Miraflores-Palasts, das hei\u00dft der Pr\u00e4sidentenresidenz in Caracas, gezeigt. Die Belohnung sei dabei zwar nicht festgelegt worden. Man habe aber der Guerilla &#8220;politisches Asyl&#8221; im Fall des Sieges der Opposition angeboten.\u00a0Der Generalstaatsanwalt berief sich auf Aussagen eines namentlich nicht genannten Informanten.<\/p>\n<p>Um m\u00f6gliche Provokationen zu verhindern, schickte Saab nach eigenen Angaben ein Schreiben an seine kolumbianische Amtskollegin Luz Adriana Camargo, in dem er eine gemeinsame Untersuchung vorgeschlagen haben will. So sollten m\u00f6gliche Zeugen befragt werden.<\/p>\n<p>Der Generalstaatsanwalt brachte seine Hoffnung zum Ausdruck, dass die Regierung in Bogot\u00e1 einer Mission von venezolanischen Ermittlern zustimmen werde. Saab machte darauf aufmerksam, dass es seit Anfang dieses Jahres mindestens acht Versuche gegeben habe, die politische Situation in Venezuela zu destabilisieren.<\/p>\n<p><strong>Mehr zum Thema<\/strong> &#8211;\u00a0<a rel=\"nofollow noopener\" target=\"_blank\" href=\"https:\/\/freedert.online\/amerika\/195425-venezuelas-praesident-maduro-warnt-vor-medialer-wahleinmischung-aus-usa\/\">Venezuelas Pr\u00e4sident Maduro warnt vor medialer Wahleinmischung aus USA<\/a><\/p>\n<div class=\"EmbedBlock-root EmbedBlock-externalVideo EmbedBlock-odysee\">\n<div class=\"VkEmbed\"><iframe class=\"lazyload\" data-src=\"https:\/\/odysee.com\/%24\/embed\/%40RTDE%3Ae%2FMaduro--Die-USA-und-Europa-waren-gro%C3%9Fe-Komplizen-Hitlers%3A1\" frameborder=\"0\" width=\"853\" height=\"480\" allowfullscreen><\/iframe><\/div>\n<\/div>\n<\/div>\n<p><br \/>\n<br \/><a href=\"https:\/\/de.rt.com\/amerika\/211718-venezuelas-staatsanwaltschaft-verdaechtigt-rechtsextreme-wegen-anschlagsplaenen\/\">Source link <\/a><\/p>\n","protected":false},"excerpt":{"rendered":"<p>Im Vorfeld der Pr\u00e4sidentschaftswahlen in Venezuela, die am 28. Juli stattfinden sollen, bef\u00fcrchten die Beh\u00f6rden Provokationen und sogar Attentate. Hinter den Anschlagspl\u00e4nen wird die rechtsextreme oppositionelle Szene vermutet, die Kontakte nach Kolumbien haben soll. Der venezolanische Generalstaatsanwalt Tarek William Saab hat neue Details \u00fcber Anschlagspl\u00e4ne vor und nach den Pr\u00e4sidentschaftswahlen in dem s\u00fcdamerikanischen Land enth\u00fcllt, [&hellip;]<\/p>\n","protected":false},"author":3,"featured_media":64363,"comment_status":"open","ping_status":"open","sticky":false,"template":"","format":"standard","meta":{"_yoast_indexnow_last_ping":["1720524079"],"wp_automatic_camp":["217"],"80b8503a3858f21b41e23e405f4d97d6":["Venezuela: Staatsanwaltschaft bef\u00fcrchtet rechtsextreme Anschl\u00e4ge rund um die Wahlen"],"original_link":["https:\/\/de.rt.com\/amerika\/211718-venezuelas-staatsanwaltschaft-verdaechtigt-rechtsextreme-wegen-anschlagsplaenen\/"],"_thumbnail_id":["64363"],"jnews_social_counter_last_update":["1777796892"],"_wptgpro_p2tg_sent2tg":["a:1:{i:23737;s:19:\"2024-07-09 13:22:22\";}"]},"categories":[19,23],"tags":[5016,4554,45,12141,18961,20823,18708,2576],"yoast_head":"<!-- This site is optimized with the Yoast SEO Premium plugin v22.7 (Yoast SEO v22.7) - https:\/\/yoast.com\/wordpress\/plugins\/seo\/ -->\n<title>Venezuela: Staatsanwaltschaft bef\u00fcrchtet rechtsextreme Anschl\u00e4ge rund um die Wahlen - just-now.NEWS Deutschland<\/title>\n<meta name=\"robots\" content=\"index, follow, max-snippet:-1, max-image-preview:large, max-video-preview:-1\" \/>\n<link rel=\"canonical\" href=\"https:\/\/now-news.de\/de\/deutschland\/venezuela-staatsanwaltschaft-befuerchtet-rechtsextreme-anschlaege-rund-um-die-wahlen\/\" \/>\n<meta property=\"og:locale\" content=\"de_DE\" \/>\n<meta property=\"og:type\" content=\"article\" \/>\n<meta property=\"og:title\" content=\"Venezuela: Staatsanwaltschaft bef\u00fcrchtet rechtsextreme Anschl\u00e4ge rund um die Wahlen\" \/>\n<meta property=\"og:description\" content=\"Im Vorfeld der Pr\u00e4sidentschaftswahlen in Venezuela, die am 28. Juli stattfinden sollen, bef\u00fcrchten die Beh\u00f6rden Provokationen und sogar Attentate. Hinter den Anschlagspl\u00e4nen wird die rechtsextreme oppositionelle Szene vermutet, die Kontakte nach Kolumbien haben soll. Der venezolanische Generalstaatsanwalt Tarek William Saab hat neue Details \u00fcber Anschlagspl\u00e4ne vor und nach den Pr\u00e4sidentschaftswahlen in dem s\u00fcdamerikanischen Land enth\u00fcllt, [&hellip;]\" \/>\n<meta property=\"og:url\" content=\"https:\/\/now-news.de\/de\/deutschland\/venezuela-staatsanwaltschaft-befuerchtet-rechtsextreme-anschlaege-rund-um-die-wahlen\/\" \/>\n<meta property=\"og:site_name\" content=\"just-now.NEWS Deutschland\" \/>\n<meta property=\"article:publisher\" content=\"https:\/\/www.facebook.com\/wirmachenauf\" \/>\n<meta property=\"article:published_time\" content=\"2024-07-09T11:17:08+00:00\" \/>\n<meta property=\"og:image\" content=\"https:\/\/now-news.de\/de\/wp-content\/uploads\/sites\/3\/2024\/07\/668d078a48fbef1e2c76b5a3.jpg\" \/>\n<meta name=\"author\" content=\"rtnews\" \/>\n<meta name=\"twitter:card\" content=\"summary_large_image\" \/>\n<meta name=\"twitter:creator\" content=\"@WirMachenAuf_de\" \/>\n<meta name=\"twitter:site\" content=\"@WirMachenAuf_de\" \/>\n<meta name=\"twitter:label1\" content=\"Verfasst von\" \/>\n\t<meta name=\"twitter:data1\" content=\"rtnews\" \/>\n\t<meta name=\"twitter:label2\" content=\"Gesch\u00e4tzte Lesezeit\" \/>\n\t<meta name=\"twitter:data2\" content=\"2\u00a0Minuten\" \/>\n<script type=\"application\/ld+json\" class=\"yoast-schema-graph\">{\"@context\":\"https:\/\/schema.org\",\"@graph\":[{\"@type\":\"Article\",\"@id\":\"https:\/\/now-news.de\/de\/deutschland\/venezuela-staatsanwaltschaft-befuerchtet-rechtsextreme-anschlaege-rund-um-die-wahlen\/#article\",\"isPartOf\":{\"@id\":\"https:\/\/now-news.de\/de\/deutschland\/venezuela-staatsanwaltschaft-befuerchtet-rechtsextreme-anschlaege-rund-um-die-wahlen\/\"},\"author\":{\"name\":\"rtnews\",\"@id\":\"https:\/\/now-news.de\/de\/#\/schema\/person\/fb534a4e865501d8b3285208df34a9b5\"},\"headline\":\"Venezuela: Staatsanwaltschaft bef\u00fcrchtet rechtsextreme Anschl\u00e4ge rund um die Wahlen\",\"datePublished\":\"2024-07-09T11:17:08+00:00\",\"dateModified\":\"2024-07-09T11:17:08+00:00\",\"mainEntityOfPage\":{\"@id\":\"https:\/\/now-news.de\/de\/deutschland\/venezuela-staatsanwaltschaft-befuerchtet-rechtsextreme-anschlaege-rund-um-die-wahlen\/\"},\"wordCount\":401,\"commentCount\":0,\"publisher\":{\"@id\":\"https:\/\/now-news.de\/de\/#organization\"},\"image\":{\"@id\":\"https:\/\/now-news.de\/de\/deutschland\/venezuela-staatsanwaltschaft-befuerchtet-rechtsextreme-anschlaege-rund-um-die-wahlen\/#primaryimage\"},\"thumbnailUrl\":\"https:\/\/now-news.de\/de\/wp-content\/uploads\/sites\/3\/2024\/07\/Venezuela-Staatsanwaltschaft-befuerchtet-rechtsextreme-Anschlaege-rund-um-die-Wahlen.jpg\",\"keywords\":[\"Anschl\u00e4ge\",\"bef\u00fcrchtet\",\"die\",\"rechtsextreme\",\"rund\",\"Staatsanwaltschaft\",\"Venezuela\",\"Wahlen\"],\"articleSection\":[\"Deutschland\",\"Russland\"],\"inLanguage\":\"de\",\"potentialAction\":[{\"@type\":\"CommentAction\",\"name\":\"Comment\",\"target\":[\"https:\/\/now-news.de\/de\/deutschland\/venezuela-staatsanwaltschaft-befuerchtet-rechtsextreme-anschlaege-rund-um-die-wahlen\/#respond\"]}]},{\"@type\":\"WebPage\",\"@id\":\"https:\/\/now-news.de\/de\/deutschland\/venezuela-staatsanwaltschaft-befuerchtet-rechtsextreme-anschlaege-rund-um-die-wahlen\/\",\"url\":\"https:\/\/now-news.de\/de\/deutschland\/venezuela-staatsanwaltschaft-befuerchtet-rechtsextreme-anschlaege-rund-um-die-wahlen\/\",\"name\":\"Venezuela: Staatsanwaltschaft bef\u00fcrchtet rechtsextreme Anschl\u00e4ge rund um die Wahlen - just-now.NEWS Deutschland\",\"isPartOf\":{\"@id\":\"https:\/\/now-news.de\/de\/#website\"},\"primaryImageOfPage\":{\"@id\":\"https:\/\/now-news.de\/de\/deutschland\/venezuela-staatsanwaltschaft-befuerchtet-rechtsextreme-anschlaege-rund-um-die-wahlen\/#primaryimage\"},\"image\":{\"@id\":\"https:\/\/now-news.de\/de\/deutschland\/venezuela-staatsanwaltschaft-befuerchtet-rechtsextreme-anschlaege-rund-um-die-wahlen\/#primaryimage\"},\"thumbnailUrl\":\"https:\/\/now-news.de\/de\/wp-content\/uploads\/sites\/3\/2024\/07\/Venezuela-Staatsanwaltschaft-befuerchtet-rechtsextreme-Anschlaege-rund-um-die-Wahlen.jpg\",\"datePublished\":\"2024-07-09T11:17:08+00:00\",\"dateModified\":\"2024-07-09T11:17:08+00:00\",\"breadcrumb\":{\"@id\":\"https:\/\/now-news.de\/de\/deutschland\/venezuela-staatsanwaltschaft-befuerchtet-rechtsextreme-anschlaege-rund-um-die-wahlen\/#breadcrumb\"},\"inLanguage\":\"de\",\"potentialAction\":[{\"@type\":\"ReadAction\",\"target\":[\"https:\/\/now-news.de\/de\/deutschland\/venezuela-staatsanwaltschaft-befuerchtet-rechtsextreme-anschlaege-rund-um-die-wahlen\/\"]}]},{\"@type\":\"ImageObject\",\"inLanguage\":\"de\",\"@id\":\"https:\/\/now-news.de\/de\/deutschland\/venezuela-staatsanwaltschaft-befuerchtet-rechtsextreme-anschlaege-rund-um-die-wahlen\/#primaryimage\",\"url\":\"https:\/\/now-news.de\/de\/wp-content\/uploads\/sites\/3\/2024\/07\/Venezuela-Staatsanwaltschaft-befuerchtet-rechtsextreme-Anschlaege-rund-um-die-Wahlen.jpg\",\"contentUrl\":\"https:\/\/now-news.de\/de\/wp-content\/uploads\/sites\/3\/2024\/07\/Venezuela-Staatsanwaltschaft-befuerchtet-rechtsextreme-Anschlaege-rund-um-die-Wahlen.jpg\",\"width\":460,\"height\":259,\"caption\":\"Venezuela: Staatsanwaltschaft bef\u00fcrchtet rechtsextreme Anschl\u00e4ge rund um die Wahlen\"},{\"@type\":\"BreadcrumbList\",\"@id\":\"https:\/\/now-news.de\/de\/deutschland\/venezuela-staatsanwaltschaft-befuerchtet-rechtsextreme-anschlaege-rund-um-die-wahlen\/#breadcrumb\",\"itemListElement\":[{\"@type\":\"ListItem\",\"position\":1,\"name\":\"Home\",\"item\":\"https:\/\/now-news.de\/de\/\"},{\"@type\":\"ListItem\",\"position\":2,\"name\":\"Venezuela: Staatsanwaltschaft bef\u00fcrchtet rechtsextreme Anschl\u00e4ge rund um die Wahlen\"}]},{\"@type\":\"WebSite\",\"@id\":\"https:\/\/now-news.de\/de\/#website\",\"url\":\"https:\/\/now-news.de\/de\/\",\"name\":\"just-now.NEWS Deutschland\",\"description\":\"Das Portal f\u00fcr unzensierte Nachrichten aus der Welt\",\"publisher\":{\"@id\":\"https:\/\/now-news.de\/de\/#organization\"},\"potentialAction\":[{\"@type\":\"SearchAction\",\"target\":{\"@type\":\"EntryPoint\",\"urlTemplate\":\"https:\/\/now-news.de\/de\/?s={search_term_string}\"},\"query-input\":\"required name=search_term_string\"}],\"inLanguage\":\"de\"},{\"@type\":\"Organization\",\"@id\":\"https:\/\/now-news.de\/de\/#organization\",\"name\":\"Just Now News\",\"url\":\"https:\/\/now-news.de\/de\/\",\"logo\":{\"@type\":\"ImageObject\",\"inLanguage\":\"de\",\"@id\":\"https:\/\/now-news.de\/de\/#\/schema\/logo\/image\/\",\"url\":\"http:\/\/just-now.news\/de\/wp-content\/uploads\/sites\/3\/2022\/04\/logo500x500.jpg\",\"contentUrl\":\"http:\/\/just-now.news\/de\/wp-content\/uploads\/sites\/3\/2022\/04\/logo500x500.jpg\",\"width\":500,\"height\":500,\"caption\":\"Just Now News\"},\"image\":{\"@id\":\"https:\/\/now-news.de\/de\/#\/schema\/logo\/image\/\"},\"sameAs\":[\"https:\/\/www.facebook.com\/wirmachenauf\",\"https:\/\/x.com\/WirMachenAuf_de\"]},{\"@type\":\"Person\",\"@id\":\"https:\/\/now-news.de\/de\/#\/schema\/person\/fb534a4e865501d8b3285208df34a9b5\",\"name\":\"rtnews\",\"image\":{\"@type\":\"ImageObject\",\"inLanguage\":\"de\",\"@id\":\"https:\/\/now-news.de\/de\/#\/schema\/person\/image\/\",\"url\":\"https:\/\/secure.gravatar.com\/avatar\/82aafea7d8127119dd649515f56e2117?s=96&d=mm&r=g\",\"contentUrl\":\"https:\/\/secure.gravatar.com\/avatar\/82aafea7d8127119dd649515f56e2117?s=96&d=mm&r=g\",\"caption\":\"rtnews\"},\"url\":\"https:\/\/now-news.de\/de\/author\/rnews\/\"}]}<\/script>\n<!-- \/ Yoast SEO Premium plugin. -->","yoast_head_json":{"title":"Venezuela: Staatsanwaltschaft bef\u00fcrchtet rechtsextreme Anschl\u00e4ge rund um die Wahlen - just-now.NEWS Deutschland","robots":{"index":"index","follow":"follow","max-snippet":"max-snippet:-1","max-image-preview":"max-image-preview:large","max-video-preview":"max-video-preview:-1"},"canonical":"https:\/\/now-news.de\/de\/deutschland\/venezuela-staatsanwaltschaft-befuerchtet-rechtsextreme-anschlaege-rund-um-die-wahlen\/","og_locale":"de_DE","og_type":"article","og_title":"Venezuela: Staatsanwaltschaft bef\u00fcrchtet rechtsextreme Anschl\u00e4ge rund um die Wahlen","og_description":"Im Vorfeld der Pr\u00e4sidentschaftswahlen in Venezuela, die am 28. Juli stattfinden sollen, bef\u00fcrchten die Beh\u00f6rden Provokationen und sogar Attentate. Hinter den Anschlagspl\u00e4nen wird die rechtsextreme oppositionelle Szene vermutet, die Kontakte nach Kolumbien haben soll. Der venezolanische Generalstaatsanwalt Tarek William Saab hat neue Details \u00fcber Anschlagspl\u00e4ne vor und nach den Pr\u00e4sidentschaftswahlen in dem s\u00fcdamerikanischen Land enth\u00fcllt, [&hellip;]","og_url":"https:\/\/now-news.de\/de\/deutschland\/venezuela-staatsanwaltschaft-befuerchtet-rechtsextreme-anschlaege-rund-um-die-wahlen\/","og_site_name":"just-now.NEWS Deutschland","article_publisher":"https:\/\/www.facebook.com\/wirmachenauf","article_published_time":"2024-07-09T11:17:08+00:00","og_image":[{"url":"https:\/\/now-news.de\/de\/wp-content\/uploads\/sites\/3\/2024\/07\/668d078a48fbef1e2c76b5a3.jpg"}],"author":"rtnews","twitter_card":"summary_large_image","twitter_creator":"@WirMachenAuf_de","twitter_site":"@WirMachenAuf_de","twitter_misc":{"Verfasst von":"rtnews","Gesch\u00e4tzte Lesezeit":"2\u00a0Minuten"},"schema":{"@context":"https:\/\/schema.org","@graph":[{"@type":"Article","@id":"https:\/\/now-news.de\/de\/deutschland\/venezuela-staatsanwaltschaft-befuerchtet-rechtsextreme-anschlaege-rund-um-die-wahlen\/#article","isPartOf":{"@id":"https:\/\/now-news.de\/de\/deutschland\/venezuela-staatsanwaltschaft-befuerchtet-rechtsextreme-anschlaege-rund-um-die-wahlen\/"},"author":{"name":"rtnews","@id":"https:\/\/now-news.de\/de\/#\/schema\/person\/fb534a4e865501d8b3285208df34a9b5"},"headline":"Venezuela: Staatsanwaltschaft bef\u00fcrchtet rechtsextreme Anschl\u00e4ge rund um die Wahlen","datePublished":"2024-07-09T11:17:08+00:00","dateModified":"2024-07-09T11:17:08+00:00","mainEntityOfPage":{"@id":"https:\/\/now-news.de\/de\/deutschland\/venezuela-staatsanwaltschaft-befuerchtet-rechtsextreme-anschlaege-rund-um-die-wahlen\/"},"wordCount":401,"commentCount":0,"publisher":{"@id":"https:\/\/now-news.de\/de\/#organization"},"image":{"@id":"https:\/\/now-news.de\/de\/deutschland\/venezuela-staatsanwaltschaft-befuerchtet-rechtsextreme-anschlaege-rund-um-die-wahlen\/#primaryimage"},"thumbnailUrl":"https:\/\/now-news.de\/de\/wp-content\/uploads\/sites\/3\/2024\/07\/Venezuela-Staatsanwaltschaft-befuerchtet-rechtsextreme-Anschlaege-rund-um-die-Wahlen.jpg","keywords":["Anschl\u00e4ge","bef\u00fcrchtet","die","rechtsextreme","rund","Staatsanwaltschaft","Venezuela","Wahlen"],"articleSection":["Deutschland","Russland"],"inLanguage":"de","potentialAction":[{"@type":"CommentAction","name":"Comment","target":["https:\/\/now-news.de\/de\/deutschland\/venezuela-staatsanwaltschaft-befuerchtet-rechtsextreme-anschlaege-rund-um-die-wahlen\/#respond"]}]},{"@type":"WebPage","@id":"https:\/\/now-news.de\/de\/deutschland\/venezuela-staatsanwaltschaft-befuerchtet-rechtsextreme-anschlaege-rund-um-die-wahlen\/","url":"https:\/\/now-news.de\/de\/deutschland\/venezuela-staatsanwaltschaft-befuerchtet-rechtsextreme-anschlaege-rund-um-die-wahlen\/","name":"Venezuela: Staatsanwaltschaft bef\u00fcrchtet rechtsextreme Anschl\u00e4ge rund um die Wahlen - just-now.NEWS Deutschland","isPartOf":{"@id":"https:\/\/now-news.de\/de\/#website"},"primaryImageOfPage":{"@id":"https:\/\/now-news.de\/de\/deutschland\/venezuela-staatsanwaltschaft-befuerchtet-rechtsextreme-anschlaege-rund-um-die-wahlen\/#primaryimage"},"image":{"@id":"https:\/\/now-news.de\/de\/deutschland\/venezuela-staatsanwaltschaft-befuerchtet-rechtsextreme-anschlaege-rund-um-die-wahlen\/#primaryimage"},"thumbnailUrl":"https:\/\/now-news.de\/de\/wp-content\/uploads\/sites\/3\/2024\/07\/Venezuela-Staatsanwaltschaft-befuerchtet-rechtsextreme-Anschlaege-rund-um-die-Wahlen.jpg","datePublished":"2024-07-09T11:17:08+00:00","dateModified":"2024-07-09T11:17:08+00:00","breadcrumb":{"@id":"https:\/\/now-news.de\/de\/deutschland\/venezuela-staatsanwaltschaft-befuerchtet-rechtsextreme-anschlaege-rund-um-die-wahlen\/#breadcrumb"},"inLanguage":"de","potentialAction":[{"@type":"ReadAction","target":["https:\/\/now-news.de\/de\/deutschland\/venezuela-staatsanwaltschaft-befuerchtet-rechtsextreme-anschlaege-rund-um-die-wahlen\/"]}]},{"@type":"ImageObject","inLanguage":"de","@id":"https:\/\/now-news.de\/de\/deutschland\/venezuela-staatsanwaltschaft-befuerchtet-rechtsextreme-anschlaege-rund-um-die-wahlen\/#primaryimage","url":"https:\/\/now-news.de\/de\/wp-content\/uploads\/sites\/3\/2024\/07\/Venezuela-Staatsanwaltschaft-befuerchtet-rechtsextreme-Anschlaege-rund-um-die-Wahlen.jpg","contentUrl":"https:\/\/now-news.de\/de\/wp-content\/uploads\/sites\/3\/2024\/07\/Venezuela-Staatsanwaltschaft-befuerchtet-rechtsextreme-Anschlaege-rund-um-die-Wahlen.jpg","width":460,"height":259,"caption":"Venezuela: Staatsanwaltschaft bef\u00fcrchtet rechtsextreme Anschl\u00e4ge rund um die Wahlen"},{"@type":"BreadcrumbList","@id":"https:\/\/now-news.de\/de\/deutschland\/venezuela-staatsanwaltschaft-befuerchtet-rechtsextreme-anschlaege-rund-um-die-wahlen\/#breadcrumb","itemListElement":[{"@type":"ListItem","position":1,"name":"Home","item":"https:\/\/now-news.de\/de\/"},{"@type":"ListItem","position":2,"name":"Venezuela: Staatsanwaltschaft bef\u00fcrchtet rechtsextreme Anschl\u00e4ge rund um die Wahlen"}]},{"@type":"WebSite","@id":"https:\/\/now-news.de\/de\/#website","url":"https:\/\/now-news.de\/de\/","name":"just-now.NEWS Deutschland","description":"Das Portal f\u00fcr unzensierte Nachrichten aus der Welt","publisher":{"@id":"https:\/\/now-news.de\/de\/#organization"},"potentialAction":[{"@type":"SearchAction","target":{"@type":"EntryPoint","urlTemplate":"https:\/\/now-news.de\/de\/?s={search_term_string}"},"query-input":"required name=search_term_string"}],"inLanguage":"de"},{"@type":"Organization","@id":"https:\/\/now-news.de\/de\/#organization","name":"Just Now News","url":"https:\/\/now-news.de\/de\/","logo":{"@type":"ImageObject","inLanguage":"de","@id":"https:\/\/now-news.de\/de\/#\/schema\/logo\/image\/","url":"http:\/\/just-now.news\/de\/wp-content\/uploads\/sites\/3\/2022\/04\/logo500x500.jpg","contentUrl":"http:\/\/just-now.news\/de\/wp-content\/uploads\/sites\/3\/2022\/04\/logo500x500.jpg","width":500,"height":500,"caption":"Just Now News"},"image":{"@id":"https:\/\/now-news.de\/de\/#\/schema\/logo\/image\/"},"sameAs":["https:\/\/www.facebook.com\/wirmachenauf","https:\/\/x.com\/WirMachenAuf_de"]},{"@type":"Person","@id":"https:\/\/now-news.de\/de\/#\/schema\/person\/fb534a4e865501d8b3285208df34a9b5","name":"rtnews","image":{"@type":"ImageObject","inLanguage":"de","@id":"https:\/\/now-news.de\/de\/#\/schema\/person\/image\/","url":"https:\/\/secure.gravatar.com\/avatar\/82aafea7d8127119dd649515f56e2117?s=96&d=mm&r=g","contentUrl":"https:\/\/secure.gravatar.com\/avatar\/82aafea7d8127119dd649515f56e2117?s=96&d=mm&r=g","caption":"rtnews"},"url":"https:\/\/now-news.de\/de\/author\/rnews\/"}]}},"_links":{"self":[{"href":"https:\/\/now-news.de\/de\/wp-json\/wp\/v2\/posts\/64362"}],"collection":[{"href":"https:\/\/now-news.de\/de\/wp-json\/wp\/v2\/posts"}],"about":[{"href":"https:\/\/now-news.de\/de\/wp-json\/wp\/v2\/types\/post"}],"author":[{"embeddable":true,"href":"https:\/\/now-news.de\/de\/wp-json\/wp\/v2\/users\/3"}],"replies":[{"embeddable":true,"href":"https:\/\/now-news.de\/de\/wp-json\/wp\/v2\/comments?post=64362"}],"version-history":[{"count":0,"href":"https:\/\/now-news.de\/de\/wp-json\/wp\/v2\/posts\/64362\/revisions"}],"wp:featuredmedia":[{"embeddable":true,"href":"https:\/\/now-news.de\/de\/wp-json\/wp\/v2\/media\/64363"}],"wp:attachment":[{"href":"https:\/\/now-news.de\/de\/wp-json\/wp\/v2\/media?parent=64362"}],"wp:term":[{"taxonomy":"category","embeddable":true,"href":"https:\/\/now-news.de\/de\/wp-json\/wp\/v2\/categories?post=64362"},{"taxonomy":"post_tag","embeddable":true,"href":"https:\/\/now-news.de\/de\/wp-json\/wp\/v2\/tags?post=64362"}],"curies":[{"name":"wp","href":"https:\/\/api.w.org\/{rel}","templated":true}]}}