{"id":64276,"date":"2024-07-07T21:47:48","date_gmt":"2024-07-07T19:47:48","guid":{"rendered":"https:\/\/now-news.de\/de\/deutschland\/ueber-das-gesamte-schwarze-meer-ukraine-bittet-den-westen-um-u-boote\/"},"modified":"2024-07-07T21:47:48","modified_gmt":"2024-07-07T19:47:48","slug":"ueber-das-gesamte-schwarze-meer-ukraine-bittet-den-westen-um-u-boote","status":"publish","type":"post","link":"https:\/\/now-news.de\/de\/deutschland\/ueber-das-gesamte-schwarze-meer-ukraine-bittet-den-westen-um-u-boote\/","title":{"rendered":"&quot;\u00dcber das gesamte Schwarze Meer&quot; \u2013 Ukraine bittet den Westen um U-Boote"},"content":{"rendered":"<p><img decoding=\"async\" src=\"https:\/\/now-news.de\/de\/wp-content\/uploads\/sites\/3\/2024\/07\/668aba16b480cc3cee3b099c.jpg\" \/><\/p>\n<div class=\"Text-root Text-type_1 \">\n                Der Chef der ukrainischen Marine fordert den Westen auf, seinem Land U-Boote zu liefern. Laut Admiral Alexei Nejischpapa k\u00f6nne die ukrainische Marine dann ihre Ambitionen auf das gesamte Schwarze Meer ausdehnen. Die Ukraine sollte zu einer &#8220;Seemacht&#8221; werden, so der Admiral.\n            <\/div>\n<p><\/p>\n<div class=\"Text-root Text-type_5 ArticleView-text ViewText-root \">\n<p>Die Ukraine braucht westliche U-Boote, um ihre milit\u00e4rischen F\u00e4higkeiten im Schwarzen Meer zu st\u00e4rken, sagte Marinechef Admiral Alexei Nejischpapa.<\/p>\n<p>Er argumentierte, dass der Einsatz von Unterwasserfahrzeugen die Position der Ukraine im Schwarzen Meer w\u00e4hrend des Konflikts mit Russland strategisch verbessern k\u00f6nnte.<\/p>\n<p>&#8220;Wir denken dar\u00fcber nach, U-Boote sind f\u00fcr uns notwendig, sie sollten Teil der Marine sein&#8221;, sagte Nejischpapa in einem Interview mit der Journalistin Natalja Mosejtschuk, das am Samstag auf ihrem YouTube-Kanal ver\u00f6ffentlicht wurde.<\/p>\n<p>Der Chef der ukrainischen Marine f\u00fcgte hinzu, dass das Land keine gro\u00dfen U-Boote brauche, da &#8220;sie im Schwarzen Meer nutzlos sind&#8221;.<\/p>\n<p>&#8220;Nur in der N\u00e4he von Odessa stationiert zu sein, bedeutet, nichts zu haben. Wir sollten uns weiter umsehen, die Flotte \u00fcber das gesamte Schwarze Meer verteilen und dessen gesamte Fl\u00e4che nutzen&#8221;, sagte er und \u00e4u\u00dferte die Hoffnung, dass sich die Ukraine &#8220;von einem K\u00fcstenstaat in eine Seemacht&#8221; verwandeln werde.<\/p>\n<p>Seit dem Ausbruch des russisch-ukrainischen Konflikts im Februar 2022 haben westliche Staaten riesige Mengen von Waffen an Kiew geliefert, eine direkte Beteiligung an den Feindseligkeiten jedoch abgestritten. Im dritten Jahr der K\u00e4mpfe gab es\u00a0allerdings zahlreiche Berichte \u00fcber schwindende Unterst\u00fctzung und Verz\u00f6gerungen bei Waffen- und Munitionslieferungen.<\/p>\n<p><a rel=\"nofollow noopener\" target=\"_blank\" href=\"https:\/\/freedert.online\/europa\/211498-angeblich-14-brigaden-ohne-waffen\/\">Anfang dieser Woche<\/a> sagte der ukrainische Pr\u00e4sident Wladimir Selenskij in einem Interview mit <em>Bloomberg<\/em>, dass die US-Waffen zu lange br\u00e4uchten, um das Land zu erreichen, obwohl der Kongress im April ein Hilfspaket in H\u00f6he von 61 Milliarden US-Dollar genehmigt hatte.<\/p>\n<p>NATO-Diplomaten teilten der Nachrichtenagentur mit, dass der von den USA gef\u00fchrte Milit\u00e4rblock vereinbart habe, der Ukraine j\u00e4hrlich mindestens 40 Milliarden Euro an Milit\u00e4rhilfe zukommen zu lassen, ohne jedoch zu sagen, wie lange die Hilfe andauern w\u00fcrde.<\/p>\n<p><strong>Mehr zum Thema<\/strong> \u2012\u00a0<a rel=\"nofollow noopener\" target=\"_blank\" href=\"https:\/\/freedert.online\/international\/211361-streitkraefte-ukraine-und-weissrusslands-beginnen\/\">Streitkr\u00e4fte der Ukraine und Wei\u00dfrusslands beginnen ein nerv\u00f6ses Versteckspiel <\/a><\/p>\n<div class=\"EmbedBlock-root EmbedBlock-externalVideo EmbedBlock-odysee\">\n<div class=\"VkEmbed\"><iframe class=\"lazyload\" data-src=\"https:\/\/odysee.com\/%24\/embed\/%40RTDE%3Ae%2FKrasnodar--Ukrainische-Drohnenangriffe-%3A2\" frameborder=\"0\" width=\"853\" height=\"480\" allowfullscreen><\/iframe><\/div>\n<\/div>\n<\/div>\n<p><br \/>\n<br \/><a href=\"https:\/\/de.rt.com\/europa\/211592-ueber-gesamte-schwarze-meer-ukraine\/\">Source link <\/a><\/p>\n","protected":false},"excerpt":{"rendered":"<p>Der Chef der ukrainischen Marine fordert den Westen auf, seinem Land U-Boote zu liefern. Laut Admiral Alexei Nejischpapa k\u00f6nne die ukrainische Marine dann ihre Ambitionen auf das gesamte Schwarze Meer ausdehnen. Die Ukraine sollte zu einer &#8220;Seemacht&#8221; werden, so der Admiral. Die Ukraine braucht westliche U-Boote, um ihre milit\u00e4rischen F\u00e4higkeiten im Schwarzen Meer zu st\u00e4rken, [&hellip;]<\/p>\n","protected":false},"author":3,"featured_media":64277,"comment_status":"open","ping_status":"open","sticky":false,"template":"","format":"standard","meta":{"_yoast_indexnow_last_ping":["1720385055"],"wp_automatic_camp":["217"],"e74c3d17b8efbc65ddc0360b5cdc6ee3":["&quot;\u00dcber das gesamte Schwarze Meer&quot; \u2013 Ukraine bittet den Westen um U-Boote"],"original_link":["https:\/\/de.rt.com\/europa\/211592-ueber-gesamte-schwarze-meer-ukraine\/"],"_thumbnail_id":["64277"],"jnews_social_counter_last_update":["1777263017"],"_wptgpro_p2tg_sent2tg":["a:1:{i:23737;s:19:\"2024-07-07 22:45:18\";}"]},"categories":[19,23],"tags":[675,427,48,16699,44375,50142,13168,23105,127,378],"yoast_head":"<!-- This site is optimized with the Yoast SEO Premium plugin v22.7 (Yoast SEO v22.7) - https:\/\/yoast.com\/wordpress\/plugins\/seo\/ -->\n<title>&quot;\u00dcber das gesamte Schwarze Meer&quot; \u2013 Ukraine bittet den Westen um U-Boote - just-now.NEWS Deutschland<\/title>\n<meta name=\"robots\" content=\"index, follow, max-snippet:-1, max-image-preview:large, max-video-preview:-1\" \/>\n<link rel=\"canonical\" href=\"https:\/\/now-news.de\/de\/deutschland\/ueber-das-gesamte-schwarze-meer-ukraine-bittet-den-westen-um-u-boote\/\" \/>\n<meta property=\"og:locale\" content=\"de_DE\" \/>\n<meta property=\"og:type\" content=\"article\" \/>\n<meta property=\"og:title\" content=\"&quot;\u00dcber das gesamte Schwarze Meer&quot; \u2013 Ukraine bittet den Westen um U-Boote\" \/>\n<meta property=\"og:description\" content=\"Der Chef der ukrainischen Marine fordert den Westen auf, seinem Land U-Boote zu liefern. Laut Admiral Alexei Nejischpapa k\u00f6nne die ukrainische Marine dann ihre Ambitionen auf das gesamte Schwarze Meer ausdehnen. Die Ukraine sollte zu einer &#8220;Seemacht&#8221; werden, so der Admiral. Die Ukraine braucht westliche U-Boote, um ihre milit\u00e4rischen F\u00e4higkeiten im Schwarzen Meer zu st\u00e4rken, [&hellip;]\" \/>\n<meta property=\"og:url\" content=\"https:\/\/now-news.de\/de\/deutschland\/ueber-das-gesamte-schwarze-meer-ukraine-bittet-den-westen-um-u-boote\/\" \/>\n<meta property=\"og:site_name\" content=\"just-now.NEWS Deutschland\" \/>\n<meta property=\"article:publisher\" content=\"https:\/\/www.facebook.com\/wirmachenauf\" \/>\n<meta property=\"article:published_time\" content=\"2024-07-07T19:47:48+00:00\" \/>\n<meta property=\"og:image\" content=\"https:\/\/now-news.de\/de\/wp-content\/uploads\/sites\/3\/2024\/07\/668aba16b480cc3cee3b099c.jpg\" \/>\n<meta name=\"author\" content=\"rtnews\" \/>\n<meta name=\"twitter:card\" content=\"summary_large_image\" \/>\n<meta name=\"twitter:creator\" content=\"@WirMachenAuf_de\" \/>\n<meta name=\"twitter:site\" content=\"@WirMachenAuf_de\" \/>\n<meta name=\"twitter:label1\" content=\"Verfasst von\" \/>\n\t<meta name=\"twitter:data1\" content=\"rtnews\" \/>\n\t<meta name=\"twitter:label2\" content=\"Gesch\u00e4tzte Lesezeit\" \/>\n\t<meta name=\"twitter:data2\" content=\"2\u00a0Minuten\" \/>\n<script type=\"application\/ld+json\" class=\"yoast-schema-graph\">{\"@context\":\"https:\/\/schema.org\",\"@graph\":[{\"@type\":\"Article\",\"@id\":\"https:\/\/now-news.de\/de\/deutschland\/ueber-das-gesamte-schwarze-meer-ukraine-bittet-den-westen-um-u-boote\/#article\",\"isPartOf\":{\"@id\":\"https:\/\/now-news.de\/de\/deutschland\/ueber-das-gesamte-schwarze-meer-ukraine-bittet-den-westen-um-u-boote\/\"},\"author\":{\"name\":\"rtnews\",\"@id\":\"https:\/\/now-news.de\/de\/#\/schema\/person\/fb534a4e865501d8b3285208df34a9b5\"},\"headline\":\"&quot;\u00dcber das gesamte Schwarze Meer&quot; \u2013 Ukraine bittet den Westen um U-Boote\",\"datePublished\":\"2024-07-07T19:47:48+00:00\",\"dateModified\":\"2024-07-07T19:47:48+00:00\",\"mainEntityOfPage\":{\"@id\":\"https:\/\/now-news.de\/de\/deutschland\/ueber-das-gesamte-schwarze-meer-ukraine-bittet-den-westen-um-u-boote\/\"},\"wordCount\":361,\"commentCount\":0,\"publisher\":{\"@id\":\"https:\/\/now-news.de\/de\/#organization\"},\"image\":{\"@id\":\"https:\/\/now-news.de\/de\/deutschland\/ueber-das-gesamte-schwarze-meer-ukraine-bittet-den-westen-um-u-boote\/#primaryimage\"},\"thumbnailUrl\":\"https:\/\/now-news.de\/de\/wp-content\/uploads\/sites\/3\/2024\/07\/quotUeber-das-gesamte-Schwarze-Meerquot-\u2013-Ukraine-bittet-den-Westen.jpg\",\"keywords\":[\"bittet\",\"das\",\"den\",\"gesamte\",\"Meerquot\",\"quot\u00fcber\",\"schwarze\",\"UBoote\",\"ukraine\",\"Westen\"],\"articleSection\":[\"Deutschland\",\"Russland\"],\"inLanguage\":\"de\",\"potentialAction\":[{\"@type\":\"CommentAction\",\"name\":\"Comment\",\"target\":[\"https:\/\/now-news.de\/de\/deutschland\/ueber-das-gesamte-schwarze-meer-ukraine-bittet-den-westen-um-u-boote\/#respond\"]}]},{\"@type\":\"WebPage\",\"@id\":\"https:\/\/now-news.de\/de\/deutschland\/ueber-das-gesamte-schwarze-meer-ukraine-bittet-den-westen-um-u-boote\/\",\"url\":\"https:\/\/now-news.de\/de\/deutschland\/ueber-das-gesamte-schwarze-meer-ukraine-bittet-den-westen-um-u-boote\/\",\"name\":\"&quot;\u00dcber das gesamte Schwarze Meer&quot; \u2013 Ukraine bittet den Westen um U-Boote - just-now.NEWS Deutschland\",\"isPartOf\":{\"@id\":\"https:\/\/now-news.de\/de\/#website\"},\"primaryImageOfPage\":{\"@id\":\"https:\/\/now-news.de\/de\/deutschland\/ueber-das-gesamte-schwarze-meer-ukraine-bittet-den-westen-um-u-boote\/#primaryimage\"},\"image\":{\"@id\":\"https:\/\/now-news.de\/de\/deutschland\/ueber-das-gesamte-schwarze-meer-ukraine-bittet-den-westen-um-u-boote\/#primaryimage\"},\"thumbnailUrl\":\"https:\/\/now-news.de\/de\/wp-content\/uploads\/sites\/3\/2024\/07\/quotUeber-das-gesamte-Schwarze-Meerquot-\u2013-Ukraine-bittet-den-Westen.jpg\",\"datePublished\":\"2024-07-07T19:47:48+00:00\",\"dateModified\":\"2024-07-07T19:47:48+00:00\",\"breadcrumb\":{\"@id\":\"https:\/\/now-news.de\/de\/deutschland\/ueber-das-gesamte-schwarze-meer-ukraine-bittet-den-westen-um-u-boote\/#breadcrumb\"},\"inLanguage\":\"de\",\"potentialAction\":[{\"@type\":\"ReadAction\",\"target\":[\"https:\/\/now-news.de\/de\/deutschland\/ueber-das-gesamte-schwarze-meer-ukraine-bittet-den-westen-um-u-boote\/\"]}]},{\"@type\":\"ImageObject\",\"inLanguage\":\"de\",\"@id\":\"https:\/\/now-news.de\/de\/deutschland\/ueber-das-gesamte-schwarze-meer-ukraine-bittet-den-westen-um-u-boote\/#primaryimage\",\"url\":\"https:\/\/now-news.de\/de\/wp-content\/uploads\/sites\/3\/2024\/07\/quotUeber-das-gesamte-Schwarze-Meerquot-\u2013-Ukraine-bittet-den-Westen.jpg\",\"contentUrl\":\"https:\/\/now-news.de\/de\/wp-content\/uploads\/sites\/3\/2024\/07\/quotUeber-das-gesamte-Schwarze-Meerquot-\u2013-Ukraine-bittet-den-Westen.jpg\",\"width\":460,\"height\":259,\"caption\":\"&quot;\u00dcber das gesamte Schwarze Meer&quot; \u2013 Ukraine bittet den Westen um U-Boote\"},{\"@type\":\"BreadcrumbList\",\"@id\":\"https:\/\/now-news.de\/de\/deutschland\/ueber-das-gesamte-schwarze-meer-ukraine-bittet-den-westen-um-u-boote\/#breadcrumb\",\"itemListElement\":[{\"@type\":\"ListItem\",\"position\":1,\"name\":\"Home\",\"item\":\"https:\/\/now-news.de\/de\/\"},{\"@type\":\"ListItem\",\"position\":2,\"name\":\"&quot;\u00dcber das gesamte Schwarze Meer&quot; \u2013 Ukraine bittet den Westen um U-Boote\"}]},{\"@type\":\"WebSite\",\"@id\":\"https:\/\/now-news.de\/de\/#website\",\"url\":\"https:\/\/now-news.de\/de\/\",\"name\":\"just-now.NEWS Deutschland\",\"description\":\"Das Portal f\u00fcr unzensierte Nachrichten aus der Welt\",\"publisher\":{\"@id\":\"https:\/\/now-news.de\/de\/#organization\"},\"potentialAction\":[{\"@type\":\"SearchAction\",\"target\":{\"@type\":\"EntryPoint\",\"urlTemplate\":\"https:\/\/now-news.de\/de\/?s={search_term_string}\"},\"query-input\":\"required name=search_term_string\"}],\"inLanguage\":\"de\"},{\"@type\":\"Organization\",\"@id\":\"https:\/\/now-news.de\/de\/#organization\",\"name\":\"Just Now News\",\"url\":\"https:\/\/now-news.de\/de\/\",\"logo\":{\"@type\":\"ImageObject\",\"inLanguage\":\"de\",\"@id\":\"https:\/\/now-news.de\/de\/#\/schema\/logo\/image\/\",\"url\":\"http:\/\/just-now.news\/de\/wp-content\/uploads\/sites\/3\/2022\/04\/logo500x500.jpg\",\"contentUrl\":\"http:\/\/just-now.news\/de\/wp-content\/uploads\/sites\/3\/2022\/04\/logo500x500.jpg\",\"width\":500,\"height\":500,\"caption\":\"Just Now News\"},\"image\":{\"@id\":\"https:\/\/now-news.de\/de\/#\/schema\/logo\/image\/\"},\"sameAs\":[\"https:\/\/www.facebook.com\/wirmachenauf\",\"https:\/\/x.com\/WirMachenAuf_de\"]},{\"@type\":\"Person\",\"@id\":\"https:\/\/now-news.de\/de\/#\/schema\/person\/fb534a4e865501d8b3285208df34a9b5\",\"name\":\"rtnews\",\"image\":{\"@type\":\"ImageObject\",\"inLanguage\":\"de\",\"@id\":\"https:\/\/now-news.de\/de\/#\/schema\/person\/image\/\",\"url\":\"https:\/\/secure.gravatar.com\/avatar\/82aafea7d8127119dd649515f56e2117?s=96&d=mm&r=g\",\"contentUrl\":\"https:\/\/secure.gravatar.com\/avatar\/82aafea7d8127119dd649515f56e2117?s=96&d=mm&r=g\",\"caption\":\"rtnews\"},\"url\":\"https:\/\/now-news.de\/de\/author\/rnews\/\"}]}<\/script>\n<!-- \/ Yoast SEO Premium plugin. -->","yoast_head_json":{"title":"&quot;\u00dcber das gesamte Schwarze Meer&quot; \u2013 Ukraine bittet den Westen um U-Boote - just-now.NEWS Deutschland","robots":{"index":"index","follow":"follow","max-snippet":"max-snippet:-1","max-image-preview":"max-image-preview:large","max-video-preview":"max-video-preview:-1"},"canonical":"https:\/\/now-news.de\/de\/deutschland\/ueber-das-gesamte-schwarze-meer-ukraine-bittet-den-westen-um-u-boote\/","og_locale":"de_DE","og_type":"article","og_title":"&quot;\u00dcber das gesamte Schwarze Meer&quot; \u2013 Ukraine bittet den Westen um U-Boote","og_description":"Der Chef der ukrainischen Marine fordert den Westen auf, seinem Land U-Boote zu liefern. Laut Admiral Alexei Nejischpapa k\u00f6nne die ukrainische Marine dann ihre Ambitionen auf das gesamte Schwarze Meer ausdehnen. Die Ukraine sollte zu einer &#8220;Seemacht&#8221; werden, so der Admiral. Die Ukraine braucht westliche U-Boote, um ihre milit\u00e4rischen F\u00e4higkeiten im Schwarzen Meer zu st\u00e4rken, [&hellip;]","og_url":"https:\/\/now-news.de\/de\/deutschland\/ueber-das-gesamte-schwarze-meer-ukraine-bittet-den-westen-um-u-boote\/","og_site_name":"just-now.NEWS Deutschland","article_publisher":"https:\/\/www.facebook.com\/wirmachenauf","article_published_time":"2024-07-07T19:47:48+00:00","og_image":[{"url":"https:\/\/now-news.de\/de\/wp-content\/uploads\/sites\/3\/2024\/07\/668aba16b480cc3cee3b099c.jpg"}],"author":"rtnews","twitter_card":"summary_large_image","twitter_creator":"@WirMachenAuf_de","twitter_site":"@WirMachenAuf_de","twitter_misc":{"Verfasst von":"rtnews","Gesch\u00e4tzte Lesezeit":"2\u00a0Minuten"},"schema":{"@context":"https:\/\/schema.org","@graph":[{"@type":"Article","@id":"https:\/\/now-news.de\/de\/deutschland\/ueber-das-gesamte-schwarze-meer-ukraine-bittet-den-westen-um-u-boote\/#article","isPartOf":{"@id":"https:\/\/now-news.de\/de\/deutschland\/ueber-das-gesamte-schwarze-meer-ukraine-bittet-den-westen-um-u-boote\/"},"author":{"name":"rtnews","@id":"https:\/\/now-news.de\/de\/#\/schema\/person\/fb534a4e865501d8b3285208df34a9b5"},"headline":"&quot;\u00dcber das gesamte Schwarze Meer&quot; \u2013 Ukraine bittet den Westen um U-Boote","datePublished":"2024-07-07T19:47:48+00:00","dateModified":"2024-07-07T19:47:48+00:00","mainEntityOfPage":{"@id":"https:\/\/now-news.de\/de\/deutschland\/ueber-das-gesamte-schwarze-meer-ukraine-bittet-den-westen-um-u-boote\/"},"wordCount":361,"commentCount":0,"publisher":{"@id":"https:\/\/now-news.de\/de\/#organization"},"image":{"@id":"https:\/\/now-news.de\/de\/deutschland\/ueber-das-gesamte-schwarze-meer-ukraine-bittet-den-westen-um-u-boote\/#primaryimage"},"thumbnailUrl":"https:\/\/now-news.de\/de\/wp-content\/uploads\/sites\/3\/2024\/07\/quotUeber-das-gesamte-Schwarze-Meerquot-\u2013-Ukraine-bittet-den-Westen.jpg","keywords":["bittet","das","den","gesamte","Meerquot","quot\u00fcber","schwarze","UBoote","ukraine","Westen"],"articleSection":["Deutschland","Russland"],"inLanguage":"de","potentialAction":[{"@type":"CommentAction","name":"Comment","target":["https:\/\/now-news.de\/de\/deutschland\/ueber-das-gesamte-schwarze-meer-ukraine-bittet-den-westen-um-u-boote\/#respond"]}]},{"@type":"WebPage","@id":"https:\/\/now-news.de\/de\/deutschland\/ueber-das-gesamte-schwarze-meer-ukraine-bittet-den-westen-um-u-boote\/","url":"https:\/\/now-news.de\/de\/deutschland\/ueber-das-gesamte-schwarze-meer-ukraine-bittet-den-westen-um-u-boote\/","name":"&quot;\u00dcber das gesamte Schwarze Meer&quot; \u2013 Ukraine bittet den Westen um U-Boote - just-now.NEWS Deutschland","isPartOf":{"@id":"https:\/\/now-news.de\/de\/#website"},"primaryImageOfPage":{"@id":"https:\/\/now-news.de\/de\/deutschland\/ueber-das-gesamte-schwarze-meer-ukraine-bittet-den-westen-um-u-boote\/#primaryimage"},"image":{"@id":"https:\/\/now-news.de\/de\/deutschland\/ueber-das-gesamte-schwarze-meer-ukraine-bittet-den-westen-um-u-boote\/#primaryimage"},"thumbnailUrl":"https:\/\/now-news.de\/de\/wp-content\/uploads\/sites\/3\/2024\/07\/quotUeber-das-gesamte-Schwarze-Meerquot-\u2013-Ukraine-bittet-den-Westen.jpg","datePublished":"2024-07-07T19:47:48+00:00","dateModified":"2024-07-07T19:47:48+00:00","breadcrumb":{"@id":"https:\/\/now-news.de\/de\/deutschland\/ueber-das-gesamte-schwarze-meer-ukraine-bittet-den-westen-um-u-boote\/#breadcrumb"},"inLanguage":"de","potentialAction":[{"@type":"ReadAction","target":["https:\/\/now-news.de\/de\/deutschland\/ueber-das-gesamte-schwarze-meer-ukraine-bittet-den-westen-um-u-boote\/"]}]},{"@type":"ImageObject","inLanguage":"de","@id":"https:\/\/now-news.de\/de\/deutschland\/ueber-das-gesamte-schwarze-meer-ukraine-bittet-den-westen-um-u-boote\/#primaryimage","url":"https:\/\/now-news.de\/de\/wp-content\/uploads\/sites\/3\/2024\/07\/quotUeber-das-gesamte-Schwarze-Meerquot-\u2013-Ukraine-bittet-den-Westen.jpg","contentUrl":"https:\/\/now-news.de\/de\/wp-content\/uploads\/sites\/3\/2024\/07\/quotUeber-das-gesamte-Schwarze-Meerquot-\u2013-Ukraine-bittet-den-Westen.jpg","width":460,"height":259,"caption":"&quot;\u00dcber das gesamte Schwarze Meer&quot; \u2013 Ukraine bittet den Westen um U-Boote"},{"@type":"BreadcrumbList","@id":"https:\/\/now-news.de\/de\/deutschland\/ueber-das-gesamte-schwarze-meer-ukraine-bittet-den-westen-um-u-boote\/#breadcrumb","itemListElement":[{"@type":"ListItem","position":1,"name":"Home","item":"https:\/\/now-news.de\/de\/"},{"@type":"ListItem","position":2,"name":"&quot;\u00dcber das gesamte Schwarze Meer&quot; \u2013 Ukraine bittet den Westen um U-Boote"}]},{"@type":"WebSite","@id":"https:\/\/now-news.de\/de\/#website","url":"https:\/\/now-news.de\/de\/","name":"just-now.NEWS Deutschland","description":"Das Portal f\u00fcr unzensierte Nachrichten aus der Welt","publisher":{"@id":"https:\/\/now-news.de\/de\/#organization"},"potentialAction":[{"@type":"SearchAction","target":{"@type":"EntryPoint","urlTemplate":"https:\/\/now-news.de\/de\/?s={search_term_string}"},"query-input":"required name=search_term_string"}],"inLanguage":"de"},{"@type":"Organization","@id":"https:\/\/now-news.de\/de\/#organization","name":"Just Now News","url":"https:\/\/now-news.de\/de\/","logo":{"@type":"ImageObject","inLanguage":"de","@id":"https:\/\/now-news.de\/de\/#\/schema\/logo\/image\/","url":"http:\/\/just-now.news\/de\/wp-content\/uploads\/sites\/3\/2022\/04\/logo500x500.jpg","contentUrl":"http:\/\/just-now.news\/de\/wp-content\/uploads\/sites\/3\/2022\/04\/logo500x500.jpg","width":500,"height":500,"caption":"Just Now News"},"image":{"@id":"https:\/\/now-news.de\/de\/#\/schema\/logo\/image\/"},"sameAs":["https:\/\/www.facebook.com\/wirmachenauf","https:\/\/x.com\/WirMachenAuf_de"]},{"@type":"Person","@id":"https:\/\/now-news.de\/de\/#\/schema\/person\/fb534a4e865501d8b3285208df34a9b5","name":"rtnews","image":{"@type":"ImageObject","inLanguage":"de","@id":"https:\/\/now-news.de\/de\/#\/schema\/person\/image\/","url":"https:\/\/secure.gravatar.com\/avatar\/82aafea7d8127119dd649515f56e2117?s=96&d=mm&r=g","contentUrl":"https:\/\/secure.gravatar.com\/avatar\/82aafea7d8127119dd649515f56e2117?s=96&d=mm&r=g","caption":"rtnews"},"url":"https:\/\/now-news.de\/de\/author\/rnews\/"}]}},"_links":{"self":[{"href":"https:\/\/now-news.de\/de\/wp-json\/wp\/v2\/posts\/64276"}],"collection":[{"href":"https:\/\/now-news.de\/de\/wp-json\/wp\/v2\/posts"}],"about":[{"href":"https:\/\/now-news.de\/de\/wp-json\/wp\/v2\/types\/post"}],"author":[{"embeddable":true,"href":"https:\/\/now-news.de\/de\/wp-json\/wp\/v2\/users\/3"}],"replies":[{"embeddable":true,"href":"https:\/\/now-news.de\/de\/wp-json\/wp\/v2\/comments?post=64276"}],"version-history":[{"count":0,"href":"https:\/\/now-news.de\/de\/wp-json\/wp\/v2\/posts\/64276\/revisions"}],"wp:featuredmedia":[{"embeddable":true,"href":"https:\/\/now-news.de\/de\/wp-json\/wp\/v2\/media\/64277"}],"wp:attachment":[{"href":"https:\/\/now-news.de\/de\/wp-json\/wp\/v2\/media?parent=64276"}],"wp:term":[{"taxonomy":"category","embeddable":true,"href":"https:\/\/now-news.de\/de\/wp-json\/wp\/v2\/categories?post=64276"},{"taxonomy":"post_tag","embeddable":true,"href":"https:\/\/now-news.de\/de\/wp-json\/wp\/v2\/tags?post=64276"}],"curies":[{"name":"wp","href":"https:\/\/api.w.org\/{rel}","templated":true}]}}