{"id":64240,"date":"2024-07-07T15:18:29","date_gmt":"2024-07-07T13:18:29","guid":{"rendered":"https:\/\/now-news.de\/de\/deutschland\/zeitenende-statt-zeitenwende-bundeswehrverband-attackiert-ampel-haushaltsplaene\/"},"modified":"2024-07-07T15:18:29","modified_gmt":"2024-07-07T13:18:29","slug":"zeitenende-statt-zeitenwende-bundeswehrverband-attackiert-ampel-haushaltsplaene","status":"publish","type":"post","link":"https:\/\/now-news.de\/de\/deutschland\/zeitenende-statt-zeitenwende-bundeswehrverband-attackiert-ampel-haushaltsplaene\/","title":{"rendered":"Zeitenende statt Zeitenwende \u2013 Bundeswehrverband attackiert Ampel-Haushaltspl\u00e4ne"},"content":{"rendered":"<p><img decoding=\"async\" src=\"https:\/\/now-news.de\/de\/wp-content\/uploads\/sites\/3\/2024\/07\/668a788348fbef2ca97c97e8.jpg\" \/><\/p>\n<div class=\"Text-root Text-type_1 \">\n                1,2 Milliarden Euro mehr veranschlagt die Ampelkoalition f\u00fcr den neuen Verteidigungsetat. F\u00fcr den Chef des Bundeswehrverbands ist das viel zu wenig. Andr\u00e9 W\u00fcstner fordert den Bundestag auf, massiv nachzusteuern \u2013 denn sonst hei\u00dfe es Zeitenende statt Zeitenwende.\n            <\/div>\n<p><\/p>\n<div class=\"Text-root Text-type_5 ArticleView-text ViewText-root \">\n<p>Der Bundeswehrverband \u00fcbt heftige Kritik am\u00a0Verteidigungsetat\u00a0der Bundesregierung und verlangt deutliche Nachbesserungen. Zuvor hatte sich die Ampelkoalition darauf geeinigt, dass der Verteidigungsetat um 1,2 Milliarden Euro wachsen solle.<\/p>\n<p>Doch dieser Zuwachs werde &#8220;keinesfalls der aktuellen Bedrohungslage und erst recht nicht Deutschlands Verantwortung in der Welt gerecht&#8221;, sagte der Verbandsvorsitzende Andr\u00e9 W\u00fcstner gegen\u00fcber der Nachrichtenagentur <em>dpa<\/em>. &#8220;Mit diesem Haushalt mag sich die Bundesregierung zwar durch diese Legislaturperiode hangeln wollen, aber die Bundeswehr als wesentlicher Teil unserer Sicherheitsarchitektur \u2013 und damit wir alle \u2013 zahlt den Preis daf\u00fcr.&#8221;<\/p>\n<p>Der Oberst spricht von der gef\u00e4hrlichsten Sicherheitslage seit dem Fall des Eisernen Vorhangs und verweist dabei auf politische Instabilit\u00e4t und Unklarheit \u00fcber die k\u00fcnftige Rolle der USA als Sicherheitsgarant f\u00fcr Europa.<\/p>\n<p>W\u00fcstner betonte, mehr Geld sei auch n\u00f6tig, um die steigenden Betriebsausgaben der Bundeswehr zu decken. Zudem werde ohne weitere Investitionen der begonnene Kapazit\u00e4tsaufbau der R\u00fcstungsindustrie bald wieder abgew\u00fcrgt.\u00a0<\/p>\n<p>W\u00fcstner verwies auch auf einen aktuellen Bericht zur Einsatzbereitschaft der Streitkr\u00e4fte. Dieser habe dem Verteidigungsausschuss gezeigt, wie schwierig die Lage und wie weit entfernt die deutsche Armee von den NATO-F\u00e4higkeitszielen sei.<\/p>\n<p>&#8220;Das ist der Grund, weshalb Boris Pistorius erneut energisch und fundiert einen Aufwuchs von 6,7 Milliarden Euro eingefordert hat.&#8221; Der Bundesverteidigungminister sei &#8220;einmal mehr&#8221; h\u00e4ngen gelassen worden, so W\u00fcstner.<\/p>\n<p>Was den neuen Verteidigungsetat betreffe, seien die Bundeswehrsoldaten &#8220;verwundert, gr\u00f6\u00dftenteils schockiert&#8221;, so W\u00fcstner. &#8220;Trotz Ausrufung der Zeitenwende ist leider keine Erkenntniswende eingetreten.&#8221;<\/p>\n<p>Der Verbandschef fordert das Parlament auf, &#8220;massiv&#8221; nachzusteuern. Geschehe das nicht, &#8220;dann hei\u00dft es Zeitenwende \u2013 Zeitenende&#8221;.<\/p>\n<p><strong>Mehr zum Thema<\/strong>\u00a0\u2012\u00a0<a rel=\"nofollow noopener\" target=\"_blank\" href=\"https:\/\/freedert.online\/meinung\/210261-alles-in-kriegskasse-neue-runde\/\">Alles in die Kriegskasse: Neue Runde beim Ausverkauf des deutschen Sozialstaats<\/a>\u00a0<\/p>\n<div class=\"EmbedBlock-root EmbedBlock-externalVideo EmbedBlock-odysee\">\n<div class=\"VkEmbed\"><iframe class=\"lazyload\" data-src=\"https:\/\/odysee.com\/%24\/embed\/%40RTDE%3Ae%2FDeutschland-Bundeshaushalt-2025-aufgeschoben%3Ad\" frameborder=\"0\" width=\"853\" height=\"480\" allowfullscreen><\/iframe><\/div>\n<\/div>\n<\/div>\n<p><br \/>\n<br \/><a href=\"https:\/\/de.rt.com\/europa\/211571-zeitenende-statt-zeitenwende-bundeswehrverband-attackiert\/\">Source link <\/a><\/p>\n","protected":false},"excerpt":{"rendered":"<p>1,2 Milliarden Euro mehr veranschlagt die Ampelkoalition f\u00fcr den neuen Verteidigungsetat. F\u00fcr den Chef des Bundeswehrverbands ist das viel zu wenig. Andr\u00e9 W\u00fcstner fordert den Bundestag auf, massiv nachzusteuern \u2013 denn sonst hei\u00dfe es Zeitenende statt Zeitenwende. Der Bundeswehrverband \u00fcbt heftige Kritik am\u00a0Verteidigungsetat\u00a0der Bundesregierung und verlangt deutliche Nachbesserungen. Zuvor hatte sich die Ampelkoalition darauf geeinigt, [&hellip;]<\/p>\n","protected":false},"author":3,"featured_media":64241,"comment_status":"open","ping_status":"open","sticky":false,"template":"","format":"standard","meta":{"_yoast_indexnow_last_ping":["1720359973"],"wp_automatic_camp":["217"],"72e1f9af5f6f1b244002556f59b2b829":["Zeitenende statt Zeitenwende \u2013 Bundeswehrverband attackiert Ampel-Haushaltspl\u00e4ne"],"original_link":["https:\/\/de.rt.com\/europa\/211571-zeitenende-statt-zeitenwende-bundeswehrverband-attackiert\/"],"_thumbnail_id":["64241"],"jnews_social_counter_last_update":["1777187888"],"_wptgpro_p2tg_sent2tg":["a:1:{i:23737;s:19:\"2024-07-07 15:47:29\";}"]},"categories":[19,23],"tags":[56393,19082,56392,6396,56391,5540],"yoast_head":"<!-- This site is optimized with the Yoast SEO Premium plugin v22.7 (Yoast SEO v22.7) - https:\/\/yoast.com\/wordpress\/plugins\/seo\/ -->\n<title>Zeitenende statt Zeitenwende \u2013 Bundeswehrverband attackiert Ampel-Haushaltspl\u00e4ne - just-now.NEWS Deutschland<\/title>\n<meta name=\"robots\" content=\"index, follow, max-snippet:-1, max-image-preview:large, max-video-preview:-1\" \/>\n<link rel=\"canonical\" href=\"https:\/\/now-news.de\/de\/deutschland\/zeitenende-statt-zeitenwende-bundeswehrverband-attackiert-ampel-haushaltsplaene\/\" \/>\n<meta property=\"og:locale\" content=\"de_DE\" \/>\n<meta property=\"og:type\" content=\"article\" \/>\n<meta property=\"og:title\" content=\"Zeitenende statt Zeitenwende \u2013 Bundeswehrverband attackiert Ampel-Haushaltspl\u00e4ne\" \/>\n<meta property=\"og:description\" content=\"1,2 Milliarden Euro mehr veranschlagt die Ampelkoalition f\u00fcr den neuen Verteidigungsetat. F\u00fcr den Chef des Bundeswehrverbands ist das viel zu wenig. Andr\u00e9 W\u00fcstner fordert den Bundestag auf, massiv nachzusteuern \u2013 denn sonst hei\u00dfe es Zeitenende statt Zeitenwende. Der Bundeswehrverband \u00fcbt heftige Kritik am\u00a0Verteidigungsetat\u00a0der Bundesregierung und verlangt deutliche Nachbesserungen. Zuvor hatte sich die Ampelkoalition darauf geeinigt, [&hellip;]\" \/>\n<meta property=\"og:url\" content=\"https:\/\/now-news.de\/de\/deutschland\/zeitenende-statt-zeitenwende-bundeswehrverband-attackiert-ampel-haushaltsplaene\/\" \/>\n<meta property=\"og:site_name\" content=\"just-now.NEWS Deutschland\" \/>\n<meta property=\"article:publisher\" content=\"https:\/\/www.facebook.com\/wirmachenauf\" \/>\n<meta property=\"article:published_time\" content=\"2024-07-07T13:18:29+00:00\" \/>\n<meta property=\"og:image\" content=\"https:\/\/now-news.de\/de\/wp-content\/uploads\/sites\/3\/2024\/07\/668a788348fbef2ca97c97e8.jpg\" \/>\n<meta name=\"author\" content=\"rtnews\" \/>\n<meta name=\"twitter:card\" content=\"summary_large_image\" \/>\n<meta name=\"twitter:creator\" content=\"@WirMachenAuf_de\" \/>\n<meta name=\"twitter:site\" content=\"@WirMachenAuf_de\" \/>\n<meta name=\"twitter:label1\" content=\"Verfasst von\" \/>\n\t<meta name=\"twitter:data1\" content=\"rtnews\" \/>\n\t<meta name=\"twitter:label2\" content=\"Gesch\u00e4tzte Lesezeit\" \/>\n\t<meta name=\"twitter:data2\" content=\"2\u00a0Minuten\" \/>\n<script type=\"application\/ld+json\" class=\"yoast-schema-graph\">{\"@context\":\"https:\/\/schema.org\",\"@graph\":[{\"@type\":\"Article\",\"@id\":\"https:\/\/now-news.de\/de\/deutschland\/zeitenende-statt-zeitenwende-bundeswehrverband-attackiert-ampel-haushaltsplaene\/#article\",\"isPartOf\":{\"@id\":\"https:\/\/now-news.de\/de\/deutschland\/zeitenende-statt-zeitenwende-bundeswehrverband-attackiert-ampel-haushaltsplaene\/\"},\"author\":{\"name\":\"rtnews\",\"@id\":\"https:\/\/now-news.de\/de\/#\/schema\/person\/fb534a4e865501d8b3285208df34a9b5\"},\"headline\":\"Zeitenende statt Zeitenwende \u2013 Bundeswehrverband attackiert Ampel-Haushaltspl\u00e4ne\",\"datePublished\":\"2024-07-07T13:18:29+00:00\",\"dateModified\":\"2024-07-07T13:18:29+00:00\",\"mainEntityOfPage\":{\"@id\":\"https:\/\/now-news.de\/de\/deutschland\/zeitenende-statt-zeitenwende-bundeswehrverband-attackiert-ampel-haushaltsplaene\/\"},\"wordCount\":323,\"commentCount\":0,\"publisher\":{\"@id\":\"https:\/\/now-news.de\/de\/#organization\"},\"image\":{\"@id\":\"https:\/\/now-news.de\/de\/deutschland\/zeitenende-statt-zeitenwende-bundeswehrverband-attackiert-ampel-haushaltsplaene\/#primaryimage\"},\"thumbnailUrl\":\"https:\/\/now-news.de\/de\/wp-content\/uploads\/sites\/3\/2024\/07\/Zeitenende-statt-Zeitenwende-\u2013-Bundeswehrverband-attackiert-Ampel-Haushaltsplaene.jpg\",\"keywords\":[\"AmpelHaushaltspl\u00e4ne\",\"attackiert\",\"Bundeswehrverband\",\"Statt\",\"Zeitenende\",\"Zeitenwende\"],\"articleSection\":[\"Deutschland\",\"Russland\"],\"inLanguage\":\"de\",\"potentialAction\":[{\"@type\":\"CommentAction\",\"name\":\"Comment\",\"target\":[\"https:\/\/now-news.de\/de\/deutschland\/zeitenende-statt-zeitenwende-bundeswehrverband-attackiert-ampel-haushaltsplaene\/#respond\"]}]},{\"@type\":\"WebPage\",\"@id\":\"https:\/\/now-news.de\/de\/deutschland\/zeitenende-statt-zeitenwende-bundeswehrverband-attackiert-ampel-haushaltsplaene\/\",\"url\":\"https:\/\/now-news.de\/de\/deutschland\/zeitenende-statt-zeitenwende-bundeswehrverband-attackiert-ampel-haushaltsplaene\/\",\"name\":\"Zeitenende statt Zeitenwende \u2013 Bundeswehrverband attackiert Ampel-Haushaltspl\u00e4ne - just-now.NEWS Deutschland\",\"isPartOf\":{\"@id\":\"https:\/\/now-news.de\/de\/#website\"},\"primaryImageOfPage\":{\"@id\":\"https:\/\/now-news.de\/de\/deutschland\/zeitenende-statt-zeitenwende-bundeswehrverband-attackiert-ampel-haushaltsplaene\/#primaryimage\"},\"image\":{\"@id\":\"https:\/\/now-news.de\/de\/deutschland\/zeitenende-statt-zeitenwende-bundeswehrverband-attackiert-ampel-haushaltsplaene\/#primaryimage\"},\"thumbnailUrl\":\"https:\/\/now-news.de\/de\/wp-content\/uploads\/sites\/3\/2024\/07\/Zeitenende-statt-Zeitenwende-\u2013-Bundeswehrverband-attackiert-Ampel-Haushaltsplaene.jpg\",\"datePublished\":\"2024-07-07T13:18:29+00:00\",\"dateModified\":\"2024-07-07T13:18:29+00:00\",\"breadcrumb\":{\"@id\":\"https:\/\/now-news.de\/de\/deutschland\/zeitenende-statt-zeitenwende-bundeswehrverband-attackiert-ampel-haushaltsplaene\/#breadcrumb\"},\"inLanguage\":\"de\",\"potentialAction\":[{\"@type\":\"ReadAction\",\"target\":[\"https:\/\/now-news.de\/de\/deutschland\/zeitenende-statt-zeitenwende-bundeswehrverband-attackiert-ampel-haushaltsplaene\/\"]}]},{\"@type\":\"ImageObject\",\"inLanguage\":\"de\",\"@id\":\"https:\/\/now-news.de\/de\/deutschland\/zeitenende-statt-zeitenwende-bundeswehrverband-attackiert-ampel-haushaltsplaene\/#primaryimage\",\"url\":\"https:\/\/now-news.de\/de\/wp-content\/uploads\/sites\/3\/2024\/07\/Zeitenende-statt-Zeitenwende-\u2013-Bundeswehrverband-attackiert-Ampel-Haushaltsplaene.jpg\",\"contentUrl\":\"https:\/\/now-news.de\/de\/wp-content\/uploads\/sites\/3\/2024\/07\/Zeitenende-statt-Zeitenwende-\u2013-Bundeswehrverband-attackiert-Ampel-Haushaltsplaene.jpg\",\"width\":460,\"height\":259,\"caption\":\"Zeitenende statt Zeitenwende \u2013 Bundeswehrverband attackiert Ampel-Haushaltspl\u00e4ne\"},{\"@type\":\"BreadcrumbList\",\"@id\":\"https:\/\/now-news.de\/de\/deutschland\/zeitenende-statt-zeitenwende-bundeswehrverband-attackiert-ampel-haushaltsplaene\/#breadcrumb\",\"itemListElement\":[{\"@type\":\"ListItem\",\"position\":1,\"name\":\"Home\",\"item\":\"https:\/\/now-news.de\/de\/\"},{\"@type\":\"ListItem\",\"position\":2,\"name\":\"Zeitenende statt Zeitenwende \u2013 Bundeswehrverband attackiert Ampel-Haushaltspl\u00e4ne\"}]},{\"@type\":\"WebSite\",\"@id\":\"https:\/\/now-news.de\/de\/#website\",\"url\":\"https:\/\/now-news.de\/de\/\",\"name\":\"just-now.NEWS Deutschland\",\"description\":\"Das Portal f\u00fcr unzensierte Nachrichten aus der Welt\",\"publisher\":{\"@id\":\"https:\/\/now-news.de\/de\/#organization\"},\"potentialAction\":[{\"@type\":\"SearchAction\",\"target\":{\"@type\":\"EntryPoint\",\"urlTemplate\":\"https:\/\/now-news.de\/de\/?s={search_term_string}\"},\"query-input\":\"required name=search_term_string\"}],\"inLanguage\":\"de\"},{\"@type\":\"Organization\",\"@id\":\"https:\/\/now-news.de\/de\/#organization\",\"name\":\"Just Now News\",\"url\":\"https:\/\/now-news.de\/de\/\",\"logo\":{\"@type\":\"ImageObject\",\"inLanguage\":\"de\",\"@id\":\"https:\/\/now-news.de\/de\/#\/schema\/logo\/image\/\",\"url\":\"http:\/\/just-now.news\/de\/wp-content\/uploads\/sites\/3\/2022\/04\/logo500x500.jpg\",\"contentUrl\":\"http:\/\/just-now.news\/de\/wp-content\/uploads\/sites\/3\/2022\/04\/logo500x500.jpg\",\"width\":500,\"height\":500,\"caption\":\"Just Now News\"},\"image\":{\"@id\":\"https:\/\/now-news.de\/de\/#\/schema\/logo\/image\/\"},\"sameAs\":[\"https:\/\/www.facebook.com\/wirmachenauf\",\"https:\/\/x.com\/WirMachenAuf_de\"]},{\"@type\":\"Person\",\"@id\":\"https:\/\/now-news.de\/de\/#\/schema\/person\/fb534a4e865501d8b3285208df34a9b5\",\"name\":\"rtnews\",\"image\":{\"@type\":\"ImageObject\",\"inLanguage\":\"de\",\"@id\":\"https:\/\/now-news.de\/de\/#\/schema\/person\/image\/\",\"url\":\"https:\/\/secure.gravatar.com\/avatar\/82aafea7d8127119dd649515f56e2117?s=96&d=mm&r=g\",\"contentUrl\":\"https:\/\/secure.gravatar.com\/avatar\/82aafea7d8127119dd649515f56e2117?s=96&d=mm&r=g\",\"caption\":\"rtnews\"},\"url\":\"https:\/\/now-news.de\/de\/author\/rnews\/\"}]}<\/script>\n<!-- \/ Yoast SEO Premium plugin. -->","yoast_head_json":{"title":"Zeitenende statt Zeitenwende \u2013 Bundeswehrverband attackiert Ampel-Haushaltspl\u00e4ne - just-now.NEWS Deutschland","robots":{"index":"index","follow":"follow","max-snippet":"max-snippet:-1","max-image-preview":"max-image-preview:large","max-video-preview":"max-video-preview:-1"},"canonical":"https:\/\/now-news.de\/de\/deutschland\/zeitenende-statt-zeitenwende-bundeswehrverband-attackiert-ampel-haushaltsplaene\/","og_locale":"de_DE","og_type":"article","og_title":"Zeitenende statt Zeitenwende \u2013 Bundeswehrverband attackiert Ampel-Haushaltspl\u00e4ne","og_description":"1,2 Milliarden Euro mehr veranschlagt die Ampelkoalition f\u00fcr den neuen Verteidigungsetat. F\u00fcr den Chef des Bundeswehrverbands ist das viel zu wenig. Andr\u00e9 W\u00fcstner fordert den Bundestag auf, massiv nachzusteuern \u2013 denn sonst hei\u00dfe es Zeitenende statt Zeitenwende. Der Bundeswehrverband \u00fcbt heftige Kritik am\u00a0Verteidigungsetat\u00a0der Bundesregierung und verlangt deutliche Nachbesserungen. Zuvor hatte sich die Ampelkoalition darauf geeinigt, [&hellip;]","og_url":"https:\/\/now-news.de\/de\/deutschland\/zeitenende-statt-zeitenwende-bundeswehrverband-attackiert-ampel-haushaltsplaene\/","og_site_name":"just-now.NEWS Deutschland","article_publisher":"https:\/\/www.facebook.com\/wirmachenauf","article_published_time":"2024-07-07T13:18:29+00:00","og_image":[{"url":"https:\/\/now-news.de\/de\/wp-content\/uploads\/sites\/3\/2024\/07\/668a788348fbef2ca97c97e8.jpg"}],"author":"rtnews","twitter_card":"summary_large_image","twitter_creator":"@WirMachenAuf_de","twitter_site":"@WirMachenAuf_de","twitter_misc":{"Verfasst von":"rtnews","Gesch\u00e4tzte Lesezeit":"2\u00a0Minuten"},"schema":{"@context":"https:\/\/schema.org","@graph":[{"@type":"Article","@id":"https:\/\/now-news.de\/de\/deutschland\/zeitenende-statt-zeitenwende-bundeswehrverband-attackiert-ampel-haushaltsplaene\/#article","isPartOf":{"@id":"https:\/\/now-news.de\/de\/deutschland\/zeitenende-statt-zeitenwende-bundeswehrverband-attackiert-ampel-haushaltsplaene\/"},"author":{"name":"rtnews","@id":"https:\/\/now-news.de\/de\/#\/schema\/person\/fb534a4e865501d8b3285208df34a9b5"},"headline":"Zeitenende statt Zeitenwende \u2013 Bundeswehrverband attackiert Ampel-Haushaltspl\u00e4ne","datePublished":"2024-07-07T13:18:29+00:00","dateModified":"2024-07-07T13:18:29+00:00","mainEntityOfPage":{"@id":"https:\/\/now-news.de\/de\/deutschland\/zeitenende-statt-zeitenwende-bundeswehrverband-attackiert-ampel-haushaltsplaene\/"},"wordCount":323,"commentCount":0,"publisher":{"@id":"https:\/\/now-news.de\/de\/#organization"},"image":{"@id":"https:\/\/now-news.de\/de\/deutschland\/zeitenende-statt-zeitenwende-bundeswehrverband-attackiert-ampel-haushaltsplaene\/#primaryimage"},"thumbnailUrl":"https:\/\/now-news.de\/de\/wp-content\/uploads\/sites\/3\/2024\/07\/Zeitenende-statt-Zeitenwende-\u2013-Bundeswehrverband-attackiert-Ampel-Haushaltsplaene.jpg","keywords":["AmpelHaushaltspl\u00e4ne","attackiert","Bundeswehrverband","Statt","Zeitenende","Zeitenwende"],"articleSection":["Deutschland","Russland"],"inLanguage":"de","potentialAction":[{"@type":"CommentAction","name":"Comment","target":["https:\/\/now-news.de\/de\/deutschland\/zeitenende-statt-zeitenwende-bundeswehrverband-attackiert-ampel-haushaltsplaene\/#respond"]}]},{"@type":"WebPage","@id":"https:\/\/now-news.de\/de\/deutschland\/zeitenende-statt-zeitenwende-bundeswehrverband-attackiert-ampel-haushaltsplaene\/","url":"https:\/\/now-news.de\/de\/deutschland\/zeitenende-statt-zeitenwende-bundeswehrverband-attackiert-ampel-haushaltsplaene\/","name":"Zeitenende statt Zeitenwende \u2013 Bundeswehrverband attackiert Ampel-Haushaltspl\u00e4ne - just-now.NEWS Deutschland","isPartOf":{"@id":"https:\/\/now-news.de\/de\/#website"},"primaryImageOfPage":{"@id":"https:\/\/now-news.de\/de\/deutschland\/zeitenende-statt-zeitenwende-bundeswehrverband-attackiert-ampel-haushaltsplaene\/#primaryimage"},"image":{"@id":"https:\/\/now-news.de\/de\/deutschland\/zeitenende-statt-zeitenwende-bundeswehrverband-attackiert-ampel-haushaltsplaene\/#primaryimage"},"thumbnailUrl":"https:\/\/now-news.de\/de\/wp-content\/uploads\/sites\/3\/2024\/07\/Zeitenende-statt-Zeitenwende-\u2013-Bundeswehrverband-attackiert-Ampel-Haushaltsplaene.jpg","datePublished":"2024-07-07T13:18:29+00:00","dateModified":"2024-07-07T13:18:29+00:00","breadcrumb":{"@id":"https:\/\/now-news.de\/de\/deutschland\/zeitenende-statt-zeitenwende-bundeswehrverband-attackiert-ampel-haushaltsplaene\/#breadcrumb"},"inLanguage":"de","potentialAction":[{"@type":"ReadAction","target":["https:\/\/now-news.de\/de\/deutschland\/zeitenende-statt-zeitenwende-bundeswehrverband-attackiert-ampel-haushaltsplaene\/"]}]},{"@type":"ImageObject","inLanguage":"de","@id":"https:\/\/now-news.de\/de\/deutschland\/zeitenende-statt-zeitenwende-bundeswehrverband-attackiert-ampel-haushaltsplaene\/#primaryimage","url":"https:\/\/now-news.de\/de\/wp-content\/uploads\/sites\/3\/2024\/07\/Zeitenende-statt-Zeitenwende-\u2013-Bundeswehrverband-attackiert-Ampel-Haushaltsplaene.jpg","contentUrl":"https:\/\/now-news.de\/de\/wp-content\/uploads\/sites\/3\/2024\/07\/Zeitenende-statt-Zeitenwende-\u2013-Bundeswehrverband-attackiert-Ampel-Haushaltsplaene.jpg","width":460,"height":259,"caption":"Zeitenende statt Zeitenwende \u2013 Bundeswehrverband attackiert Ampel-Haushaltspl\u00e4ne"},{"@type":"BreadcrumbList","@id":"https:\/\/now-news.de\/de\/deutschland\/zeitenende-statt-zeitenwende-bundeswehrverband-attackiert-ampel-haushaltsplaene\/#breadcrumb","itemListElement":[{"@type":"ListItem","position":1,"name":"Home","item":"https:\/\/now-news.de\/de\/"},{"@type":"ListItem","position":2,"name":"Zeitenende statt Zeitenwende \u2013 Bundeswehrverband attackiert Ampel-Haushaltspl\u00e4ne"}]},{"@type":"WebSite","@id":"https:\/\/now-news.de\/de\/#website","url":"https:\/\/now-news.de\/de\/","name":"just-now.NEWS Deutschland","description":"Das Portal f\u00fcr unzensierte Nachrichten aus der Welt","publisher":{"@id":"https:\/\/now-news.de\/de\/#organization"},"potentialAction":[{"@type":"SearchAction","target":{"@type":"EntryPoint","urlTemplate":"https:\/\/now-news.de\/de\/?s={search_term_string}"},"query-input":"required name=search_term_string"}],"inLanguage":"de"},{"@type":"Organization","@id":"https:\/\/now-news.de\/de\/#organization","name":"Just Now News","url":"https:\/\/now-news.de\/de\/","logo":{"@type":"ImageObject","inLanguage":"de","@id":"https:\/\/now-news.de\/de\/#\/schema\/logo\/image\/","url":"http:\/\/just-now.news\/de\/wp-content\/uploads\/sites\/3\/2022\/04\/logo500x500.jpg","contentUrl":"http:\/\/just-now.news\/de\/wp-content\/uploads\/sites\/3\/2022\/04\/logo500x500.jpg","width":500,"height":500,"caption":"Just Now News"},"image":{"@id":"https:\/\/now-news.de\/de\/#\/schema\/logo\/image\/"},"sameAs":["https:\/\/www.facebook.com\/wirmachenauf","https:\/\/x.com\/WirMachenAuf_de"]},{"@type":"Person","@id":"https:\/\/now-news.de\/de\/#\/schema\/person\/fb534a4e865501d8b3285208df34a9b5","name":"rtnews","image":{"@type":"ImageObject","inLanguage":"de","@id":"https:\/\/now-news.de\/de\/#\/schema\/person\/image\/","url":"https:\/\/secure.gravatar.com\/avatar\/82aafea7d8127119dd649515f56e2117?s=96&d=mm&r=g","contentUrl":"https:\/\/secure.gravatar.com\/avatar\/82aafea7d8127119dd649515f56e2117?s=96&d=mm&r=g","caption":"rtnews"},"url":"https:\/\/now-news.de\/de\/author\/rnews\/"}]}},"_links":{"self":[{"href":"https:\/\/now-news.de\/de\/wp-json\/wp\/v2\/posts\/64240"}],"collection":[{"href":"https:\/\/now-news.de\/de\/wp-json\/wp\/v2\/posts"}],"about":[{"href":"https:\/\/now-news.de\/de\/wp-json\/wp\/v2\/types\/post"}],"author":[{"embeddable":true,"href":"https:\/\/now-news.de\/de\/wp-json\/wp\/v2\/users\/3"}],"replies":[{"embeddable":true,"href":"https:\/\/now-news.de\/de\/wp-json\/wp\/v2\/comments?post=64240"}],"version-history":[{"count":0,"href":"https:\/\/now-news.de\/de\/wp-json\/wp\/v2\/posts\/64240\/revisions"}],"wp:featuredmedia":[{"embeddable":true,"href":"https:\/\/now-news.de\/de\/wp-json\/wp\/v2\/media\/64241"}],"wp:attachment":[{"href":"https:\/\/now-news.de\/de\/wp-json\/wp\/v2\/media?parent=64240"}],"wp:term":[{"taxonomy":"category","embeddable":true,"href":"https:\/\/now-news.de\/de\/wp-json\/wp\/v2\/categories?post=64240"},{"taxonomy":"post_tag","embeddable":true,"href":"https:\/\/now-news.de\/de\/wp-json\/wp\/v2\/tags?post=64240"}],"curies":[{"name":"wp","href":"https:\/\/api.w.org\/{rel}","templated":true}]}}