{"id":64194,"date":"2024-07-06T16:49:03","date_gmt":"2024-07-06T14:49:03","guid":{"rendered":"https:\/\/now-news.de\/de\/deutschland\/europa-gegen-orban-eins-zu-null-fuer-den-ungarn\/"},"modified":"2024-07-06T16:49:03","modified_gmt":"2024-07-06T14:49:03","slug":"europa-gegen-orban-eins-zu-null-fuer-den-ungarn","status":"publish","type":"post","link":"https:\/\/now-news.de\/de\/deutschland\/europa-gegen-orban-eins-zu-null-fuer-den-ungarn\/","title":{"rendered":"Europa gegen Orb\u00e1n: Eins zu null f\u00fcr den Ungarn"},"content":{"rendered":"<p><img decoding=\"async\" src=\"https:\/\/now-news.de\/de\/wp-content\/uploads\/sites\/3\/2024\/07\/66892f03b480cc566c7b5a1c.jpg\" \/><\/p>\n<div class=\"Text-root Text-type_1 \">\n                Ungarns Regierungschef Viktor Orb\u00e1n ist nach seinem Treffen mit Wladimir Selenskij nach Moskau gereist, um den Friedensprozess ins Rollen zu bringen. Daf\u00fcr hat er neben Kritik auch Beleidigungen in der EU kassiert. Wovor genau f\u00fcrchtet sich das EU-Establishment?\n            <\/div>\n<p><\/p>\n<div class=\"Text-root Text-type_5 ArticleView-text ViewText-root \">\n<p><em>Von Pjotr Akopow<\/em><\/p>\n<p>Viktor Orb\u00e1n hatte den Kreml noch nicht erreicht, da reagierte Europa schon schnell mit Kritik an seiner Reise nach Russland. Das EU-Parlament erkl\u00e4rte:<\/p>\n<p><em>&#8220;Der Premierminister hat vom EU-Rat kein Mandat f\u00fcr einen Besuch in Moskau erhalten. Der Standpunkt der EU schlie\u00dft offizielle Kontakte zwischen der EU und Pr\u00e4sident Putin aus. Der ungarische Ministerpr\u00e4sident vertritt also in keiner Weise die EU.&#8221;<\/em><\/p>\n<p>Orb\u00e1n wurde von EU-Kommissionschefin Ursula von der Leyen und dem Pr\u00e4sidenten des Europ\u00e4ischen Rates Charles Michel verurteilt:<\/p>\n<p><em>&#8220;Der rotierende EU-Ratspr\u00e4sident hat kein Mandat, im Namen der EU mit Russland zu verhandeln. <\/em><\/p>\n<p><em>Keine Diskussion \u00fcber die Ukraine kann ohne die Ukraine stattfinden.&#8221;<\/em><\/p>\n<p>Seit dem 1. Juli ist Orb\u00e1n im Grunde genommen Interimspr\u00e4sident der Europ\u00e4ischen Union, denn die sechsmonatige EU-Ratspr\u00e4sidentschaft Ungarns hat begonnen. Deshalb ist der andere &#8220;europ\u00e4ische Pr\u00e4sident&#8221; \u2013 Michel \u2013 auch so emp\u00f6rt. Er steht zwar kurz vor seinem Ausscheiden aus dem Amt, aber seine Nachfolger stehen ihm in nichts nach. Die k\u00fcnftige Chefin der europ\u00e4ischen Diplomatie, Kaja Kallas, \u00e4rgert sich dar\u00fcber, dass Orb\u00e1n &#8220;die EU-Pr\u00e4sidentschaft nutzt, um Verwirrung zu stiften&#8221;, ist sich aber gleichzeitig sicher, dass &#8220;die EU geeint ist und eindeutig f\u00fcr die Ukraine und gegen die russische Aggression eintritt&#8221;.<\/p>\n<p>Hier gibt es einen Widerspruch: Wenn Europa geeint ist, welche Art von Verwirrung, die Orb\u00e1n angeblich stiftet, braucht man dann zu bef\u00fcrchten? Und wenn keine Einigung gibt? Schlie\u00dflich hat nicht nur Ungarn eine spezielle Position, sondern auch sein Nachbarland, die Slowakei, und generell ist die Stimmung in Europa (zumindest bei den W\u00e4hlern) nicht mehr so kiewfreundlich wie fr\u00fcher. Ist Europa deshalb so beunruhigt?<\/p>\n<p>\u00dcbrigens hat Orb\u00e1n sofort erkl\u00e4rt, dass er nicht als Oberhaupt der Europ\u00e4ischen Union nach Moskau reist. Sein Treffen mit Wladimir Putin war in der Tat das erste seit Beginn der milit\u00e4rischen Sonderoperation, und im Grunde ist seither kein europ\u00e4isches Staatsoberhaupt mehr nach Russland gereist (mit Ausnahme des \u00f6sterreichischen Bundeskanzlers, der im April 2022 zu einer &#8220;Friedensmission&#8221; nach Moskau gereist war).<\/p>\n<p>Orb\u00e1n und Putin haben eine langj\u00e4hrige pers\u00f6nliche Beziehung: Sie kennen sich seit fast einem Vierteljahrhundert, und in den letzten Jahren (seit Orb\u00e1n 2010 auf den Posten des Ministerpr\u00e4sidenten zur\u00fcckgekehrt ist) haben sie sich mehr als zehnmal getroffen (Orb\u00e1n selbst z\u00e4hlte elf Treffen). Auch zu Russland hat Ungarn eine besondere Beziehung, was in den letzten zweieinhalb Jahren deutlich geworden ist. Zwar wurde Budapest gezwungen, sich den gesamteurop\u00e4ischen Sanktionen anzuschlie\u00dfen, aber es hat daf\u00fcr verschiedene Verg\u00fcnstigungen ausgehandelt, unter anderem im Bereich der Energielieferungen aus Russland. Und bei dem aktuellen Treffen im Kreml wurden unter anderem die bilateralen Beziehungen er\u00f6rtert, obwohl es nat\u00fcrlich verst\u00e4ndlich ist, dass alle daran interessiert waren, was \u00fcber die Ukraine besprochen wurde.<\/p>\n<p>Es wurde tats\u00e4chlich dar\u00fcber gesprochen, denn Orb\u00e1n hatte erst am Dienstag Kiew besucht. Nat\u00fcrlich hat er Putin keine Nachricht von Selenskij \u00fcberbracht \u2013 es war ihm wichtig, die Meinung des russischen Pr\u00e4sidenten zu h\u00f6ren. Nach dem Treffen erkl\u00e4rte er in einem Interview mit der <em>Weltwoche<\/em> erkl\u00e4rte er:<\/p>\n<p><em>&#8220;In den vergangenen zweieinhalb Jahren haben wir erkannt, dass wir ohne Diplomatie und ohne Kommunikationskan\u00e4le keinen Frieden erreichen werden. Der Frieden kommt nicht von allein, wir m\u00fcssen daf\u00fcr arbeiten. Ich habe heute mit dem Herrn Pr\u00e4sidenten dar\u00fcber gesprochen, wie wir den Frieden erreichen k\u00f6nnen: Ich wollte wissen, was der k\u00fcrzeste Weg zur Beendigung des Krieges ist. Ich wollte die Meinung des Herrn Pr\u00e4sidenten zu drei wichtigen Fragen h\u00f6ren \u2013 und ich habe sie geh\u00f6rt: Was er \u00fcber die derzeitigen Friedensinitiativen denkt, was er au\u00dferdem \u00fcber einen Waffenstillstand denkt, in welcher Reihenfolge sie umgesetzt werden k\u00f6nnen, und der dritte Punkt, der mich interessierte, war die Vision von Europa nach dem Krieg.&#8221;<\/em><\/p>\n<p>Mit anderen Worten: Orb\u00e1n hat Putin gegen\u00fcber nicht einfach nur die EU-Position wiederholt (Moskau kennt sie bereits sehr gut) und hat nicht nur sein Engagement f\u00fcr eine rasche L\u00f6sung des Konflikts wiederholt, sondern den russischen Pr\u00e4sidenten auch nach seinen Gedanken dar\u00fcber gefragt, was nach dem Ende des Konflikts geschehen wird. Und genau das scheint Europa nicht zu interessieren \u2013 der EU geht es darum, die &#8220;russische Expansion zu stoppen&#8221;, die angeblich nach der Ukraine auf EU- und NATO-Gebiet \u00fcberzugreifen drohe. Seltsam, nicht wahr?<\/p>\n<p>Die europ\u00e4ische Hauptthese \u2013 &#8220;wir helfen der Ukraine, um unsere Sicherheit zu sch\u00fctzen&#8221; \u2013 passt irgendwie nicht zu der Tatsache, dass Russland angeblich einen Angriff auf Europa plant. Wenn Putin wirklich bis nach Warschau marschieren will, warum sollte Europa dann mit ihm verhandeln \u2013 es sollte der Ukraine helfen, auf dem Schlachtfeld zu gewinnen! Aber was ist, wenn Putin nicht verr\u00fcckt ist und der NATO nicht den Krieg erkl\u00e4ren wird (das hei\u00dft, eines ihrer Mitgliedsl\u00e4nder angreifen wird, also alle L\u00e4nder, die an Russland und die Ukraine grenzen, mit Ausnahme von Moldawien)? Dann f\u00e4llt das ganze Konzept des &#8220;Krieges bis zum ukrainischen Sieg&#8221; auseinander, es sei denn, Europa hat das Ziel, die Ukraine als solche zu zerst\u00f6ren.<\/p>\n<p>Es geh\u00f6rt sich nicht heutzutage, als europ\u00e4ischer Staats- oder Regierungschef all diese unangenehmen Fragen zu stellen \u2013 und nur Orb\u00e1n spricht st\u00e4ndig dar\u00fcber. Und dass es notwendig ist, dar\u00fcber nachzudenken, wie die Welt nach dem Ende des Krieges und wie Europa aussehen wird. Europas Zukunft h\u00e4ngt von Russland ab, ganz gleich, wie sehr die Europ\u00e4er versuchen, alle vom Gegenteil zu \u00fcberzeugen\u00a0\u2013 nicht vom guten Willen Russlands (obwohl dies in der Geschichte unserer Beziehungen, auch in j\u00fcngster Zeit, schon vorgekommen ist) \u2013 sondern davon, wie Russland Europa behandeln wird, nachdem es die Vereinnahmung der Ukraine durch die Europ\u00e4er verhindert hat. Und es besteht kein Zweifel daran, dass es genau so enden wird \u2013 die Versuche des Westens, die historische Grenze zur russischen Welt zur\u00fcckzudr\u00e4ngen, werden so enden, wie sie es immer getan haben.<\/p>\n<p>Orb\u00e1n versteht das viel besser als die absolute Mehrheit der europ\u00e4ischen Staats- und Regierungschefs \u2013 und er scheut sich nicht, das auch zu sagen. Das macht sie w\u00fctend, und sie sind auch sehr besorgt dar\u00fcber, dass die Ukraine-Krise letztlich ohne ihre Beteiligung gel\u00f6st wird. Schlie\u00dflich ist Orb\u00e1n der einzige europ\u00e4ische Regierungschef, der sich in den vergangenen vier Monaten nicht nur mit Selenskij, sondern auch mit Xi Jinping, Putin und Trump (das hei\u00dft mit dem Mann, der in einigen Monaten an der Spitze der Vereinigten Staaten stehen wird) getroffen hat. Mit anderen Worten: Es gibt einfach keinen besseren Vermittler f\u00fcr Verhandlungen (zwischen den Gro\u00dfm\u00e4chten) \u2013 und Europa wird nichts damit zu tun haben.<\/p>\n<p><em>\u00dcbersetzt aus dem <a rel=\"nofollow noopener\" target=\"_blank\" href=\"https:\/\/ria.ru\/20240706\/evropa-1957779386.html\">Russischen<\/a>. Der Artikel ist zuerst erschienen bei RIA Nowosti am 6. Juli 2024.<\/em><\/p>\n<p><strong><em>Pjotr Akopow<\/em><\/strong><em> ist Kolumnist und Analytiker bei RIA Nowosti.<\/em><\/p>\n<p><strong>Mehr zum Thema<\/strong> \u2013 <a rel=\"nofollow noopener\" target=\"_blank\" href=\"https:\/\/freedert.online\/international\/211499-keinen-bock-auf-baerbock-ungarn\/\">Keinen Bock auf Baerbock? Ungarn sagt Treffen kurzfristig ab <\/a><\/p>\n<div class=\"EmbedBlock-root EmbedBlock-externalVideo EmbedBlock-odysee\">\n<div class=\"VkEmbed\"><iframe class=\"lazyload\" data-src=\"https:\/\/odysee.com\/%24\/embed\/%40RTDE%3Ae%2FSchnappatmung-in-Br%C3%BCssel--Viktor-Orb%C3%A1n-in-Moskau-eingetroffen%3A4\" frameborder=\"0\" width=\"853\" height=\"480\" allowfullscreen><\/iframe><\/div>\n<\/div>\n<\/div>\n<p><br \/>\n<br \/><a href=\"https:\/\/de.rt.com\/international\/211508-europa-gegen-orban-eins-zu\/\">Source link <\/a><\/p>\n","protected":false},"excerpt":{"rendered":"<p>Ungarns Regierungschef Viktor Orb\u00e1n ist nach seinem Treffen mit Wladimir Selenskij nach Moskau gereist, um den Friedensprozess ins Rollen zu bringen. Daf\u00fcr hat er neben Kritik auch Beleidigungen in der EU kassiert. Wovor genau f\u00fcrchtet sich das EU-Establishment? Von Pjotr Akopow Viktor Orb\u00e1n hatte den Kreml noch nicht erreicht, da reagierte Europa schon schnell mit [&hellip;]<\/p>\n","protected":false},"author":3,"featured_media":64195,"comment_status":"open","ping_status":"open","sticky":false,"template":"","format":"standard","meta":{"_yoast_indexnow_last_ping":["1720278136"],"wp_automatic_camp":["217"],"4243d4b9b8b222fd81899a232ce0fb82":["Europa gegen Orb\u00e1n: Eins zu null f\u00fcr den Ungarn"],"original_link":["https:\/\/de.rt.com\/international\/211508-europa-gegen-orban-eins-zu\/"],"_thumbnail_id":["64195"],"jnews_social_counter_last_update":["1777411697"],"_wptgpro_p2tg_sent2tg":["a:1:{i:23737;s:19:\"2024-07-06 17:03:26\";}"]},"categories":[19,23],"tags":[48,9481,1370,221,278,25378,6397,11664],"yoast_head":"<!-- This site is optimized with the Yoast SEO Premium plugin v22.7 (Yoast SEO v22.7) - https:\/\/yoast.com\/wordpress\/plugins\/seo\/ -->\n<title>Europa gegen Orb\u00e1n: Eins zu null f\u00fcr den Ungarn - just-now.NEWS Deutschland<\/title>\n<meta name=\"robots\" content=\"index, follow, max-snippet:-1, max-image-preview:large, max-video-preview:-1\" \/>\n<link rel=\"canonical\" href=\"https:\/\/now-news.de\/de\/deutschland\/europa-gegen-orban-eins-zu-null-fuer-den-ungarn\/\" \/>\n<meta property=\"og:locale\" content=\"de_DE\" \/>\n<meta property=\"og:type\" content=\"article\" \/>\n<meta property=\"og:title\" content=\"Europa gegen Orb\u00e1n: Eins zu null f\u00fcr den Ungarn\" \/>\n<meta property=\"og:description\" content=\"Ungarns Regierungschef Viktor Orb\u00e1n ist nach seinem Treffen mit Wladimir Selenskij nach Moskau gereist, um den Friedensprozess ins Rollen zu bringen. Daf\u00fcr hat er neben Kritik auch Beleidigungen in der EU kassiert. Wovor genau f\u00fcrchtet sich das EU-Establishment? Von Pjotr Akopow Viktor Orb\u00e1n hatte den Kreml noch nicht erreicht, da reagierte Europa schon schnell mit [&hellip;]\" \/>\n<meta property=\"og:url\" content=\"https:\/\/now-news.de\/de\/deutschland\/europa-gegen-orban-eins-zu-null-fuer-den-ungarn\/\" \/>\n<meta property=\"og:site_name\" content=\"just-now.NEWS Deutschland\" \/>\n<meta property=\"article:publisher\" content=\"https:\/\/www.facebook.com\/wirmachenauf\" \/>\n<meta property=\"article:published_time\" content=\"2024-07-06T14:49:03+00:00\" \/>\n<meta property=\"og:image\" content=\"https:\/\/now-news.de\/de\/wp-content\/uploads\/sites\/3\/2024\/07\/66892f03b480cc566c7b5a1c.jpg\" \/>\n<meta name=\"author\" content=\"rtnews\" \/>\n<meta name=\"twitter:card\" content=\"summary_large_image\" \/>\n<meta name=\"twitter:creator\" content=\"@WirMachenAuf_de\" \/>\n<meta name=\"twitter:site\" content=\"@WirMachenAuf_de\" \/>\n<meta name=\"twitter:label1\" content=\"Verfasst von\" \/>\n\t<meta name=\"twitter:data1\" content=\"rtnews\" \/>\n\t<meta name=\"twitter:label2\" content=\"Gesch\u00e4tzte Lesezeit\" \/>\n\t<meta name=\"twitter:data2\" content=\"6\u00a0Minuten\" \/>\n<script type=\"application\/ld+json\" class=\"yoast-schema-graph\">{\"@context\":\"https:\/\/schema.org\",\"@graph\":[{\"@type\":\"Article\",\"@id\":\"https:\/\/now-news.de\/de\/deutschland\/europa-gegen-orban-eins-zu-null-fuer-den-ungarn\/#article\",\"isPartOf\":{\"@id\":\"https:\/\/now-news.de\/de\/deutschland\/europa-gegen-orban-eins-zu-null-fuer-den-ungarn\/\"},\"author\":{\"name\":\"rtnews\",\"@id\":\"https:\/\/now-news.de\/de\/#\/schema\/person\/fb534a4e865501d8b3285208df34a9b5\"},\"headline\":\"Europa gegen Orb\u00e1n: Eins zu null f\u00fcr den Ungarn\",\"datePublished\":\"2024-07-06T14:49:03+00:00\",\"dateModified\":\"2024-07-06T14:49:03+00:00\",\"mainEntityOfPage\":{\"@id\":\"https:\/\/now-news.de\/de\/deutschland\/europa-gegen-orban-eins-zu-null-fuer-den-ungarn\/\"},\"wordCount\":1212,\"commentCount\":0,\"publisher\":{\"@id\":\"https:\/\/now-news.de\/de\/#organization\"},\"image\":{\"@id\":\"https:\/\/now-news.de\/de\/deutschland\/europa-gegen-orban-eins-zu-null-fuer-den-ungarn\/#primaryimage\"},\"thumbnailUrl\":\"https:\/\/now-news.de\/de\/wp-content\/uploads\/sites\/3\/2024\/07\/Europa-gegen-Orban-Eins-zu-null-fuer-den-Ungarn.jpg\",\"keywords\":[\"den\",\"eins\",\"Europa\",\"f\u00fcr\",\"gegen\",\"null\",\"Orb\u00e1n\",\"Ungarn\"],\"articleSection\":[\"Deutschland\",\"Russland\"],\"inLanguage\":\"de\",\"potentialAction\":[{\"@type\":\"CommentAction\",\"name\":\"Comment\",\"target\":[\"https:\/\/now-news.de\/de\/deutschland\/europa-gegen-orban-eins-zu-null-fuer-den-ungarn\/#respond\"]}]},{\"@type\":\"WebPage\",\"@id\":\"https:\/\/now-news.de\/de\/deutschland\/europa-gegen-orban-eins-zu-null-fuer-den-ungarn\/\",\"url\":\"https:\/\/now-news.de\/de\/deutschland\/europa-gegen-orban-eins-zu-null-fuer-den-ungarn\/\",\"name\":\"Europa gegen Orb\u00e1n: Eins zu null f\u00fcr den Ungarn - just-now.NEWS Deutschland\",\"isPartOf\":{\"@id\":\"https:\/\/now-news.de\/de\/#website\"},\"primaryImageOfPage\":{\"@id\":\"https:\/\/now-news.de\/de\/deutschland\/europa-gegen-orban-eins-zu-null-fuer-den-ungarn\/#primaryimage\"},\"image\":{\"@id\":\"https:\/\/now-news.de\/de\/deutschland\/europa-gegen-orban-eins-zu-null-fuer-den-ungarn\/#primaryimage\"},\"thumbnailUrl\":\"https:\/\/now-news.de\/de\/wp-content\/uploads\/sites\/3\/2024\/07\/Europa-gegen-Orban-Eins-zu-null-fuer-den-Ungarn.jpg\",\"datePublished\":\"2024-07-06T14:49:03+00:00\",\"dateModified\":\"2024-07-06T14:49:03+00:00\",\"breadcrumb\":{\"@id\":\"https:\/\/now-news.de\/de\/deutschland\/europa-gegen-orban-eins-zu-null-fuer-den-ungarn\/#breadcrumb\"},\"inLanguage\":\"de\",\"potentialAction\":[{\"@type\":\"ReadAction\",\"target\":[\"https:\/\/now-news.de\/de\/deutschland\/europa-gegen-orban-eins-zu-null-fuer-den-ungarn\/\"]}]},{\"@type\":\"ImageObject\",\"inLanguage\":\"de\",\"@id\":\"https:\/\/now-news.de\/de\/deutschland\/europa-gegen-orban-eins-zu-null-fuer-den-ungarn\/#primaryimage\",\"url\":\"https:\/\/now-news.de\/de\/wp-content\/uploads\/sites\/3\/2024\/07\/Europa-gegen-Orban-Eins-zu-null-fuer-den-Ungarn.jpg\",\"contentUrl\":\"https:\/\/now-news.de\/de\/wp-content\/uploads\/sites\/3\/2024\/07\/Europa-gegen-Orban-Eins-zu-null-fuer-den-Ungarn.jpg\",\"width\":460,\"height\":259,\"caption\":\"Europa gegen Orb\u00e1n: Eins zu null f\u00fcr den Ungarn\"},{\"@type\":\"BreadcrumbList\",\"@id\":\"https:\/\/now-news.de\/de\/deutschland\/europa-gegen-orban-eins-zu-null-fuer-den-ungarn\/#breadcrumb\",\"itemListElement\":[{\"@type\":\"ListItem\",\"position\":1,\"name\":\"Home\",\"item\":\"https:\/\/now-news.de\/de\/\"},{\"@type\":\"ListItem\",\"position\":2,\"name\":\"Europa gegen Orb\u00e1n: Eins zu null f\u00fcr den Ungarn\"}]},{\"@type\":\"WebSite\",\"@id\":\"https:\/\/now-news.de\/de\/#website\",\"url\":\"https:\/\/now-news.de\/de\/\",\"name\":\"just-now.NEWS Deutschland\",\"description\":\"Das Portal f\u00fcr unzensierte Nachrichten aus der Welt\",\"publisher\":{\"@id\":\"https:\/\/now-news.de\/de\/#organization\"},\"potentialAction\":[{\"@type\":\"SearchAction\",\"target\":{\"@type\":\"EntryPoint\",\"urlTemplate\":\"https:\/\/now-news.de\/de\/?s={search_term_string}\"},\"query-input\":\"required name=search_term_string\"}],\"inLanguage\":\"de\"},{\"@type\":\"Organization\",\"@id\":\"https:\/\/now-news.de\/de\/#organization\",\"name\":\"Just Now News\",\"url\":\"https:\/\/now-news.de\/de\/\",\"logo\":{\"@type\":\"ImageObject\",\"inLanguage\":\"de\",\"@id\":\"https:\/\/now-news.de\/de\/#\/schema\/logo\/image\/\",\"url\":\"http:\/\/just-now.news\/de\/wp-content\/uploads\/sites\/3\/2022\/04\/logo500x500.jpg\",\"contentUrl\":\"http:\/\/just-now.news\/de\/wp-content\/uploads\/sites\/3\/2022\/04\/logo500x500.jpg\",\"width\":500,\"height\":500,\"caption\":\"Just Now News\"},\"image\":{\"@id\":\"https:\/\/now-news.de\/de\/#\/schema\/logo\/image\/\"},\"sameAs\":[\"https:\/\/www.facebook.com\/wirmachenauf\",\"https:\/\/x.com\/WirMachenAuf_de\"]},{\"@type\":\"Person\",\"@id\":\"https:\/\/now-news.de\/de\/#\/schema\/person\/fb534a4e865501d8b3285208df34a9b5\",\"name\":\"rtnews\",\"image\":{\"@type\":\"ImageObject\",\"inLanguage\":\"de\",\"@id\":\"https:\/\/now-news.de\/de\/#\/schema\/person\/image\/\",\"url\":\"https:\/\/secure.gravatar.com\/avatar\/82aafea7d8127119dd649515f56e2117?s=96&d=mm&r=g\",\"contentUrl\":\"https:\/\/secure.gravatar.com\/avatar\/82aafea7d8127119dd649515f56e2117?s=96&d=mm&r=g\",\"caption\":\"rtnews\"},\"url\":\"https:\/\/now-news.de\/de\/author\/rnews\/\"}]}<\/script>\n<!-- \/ Yoast SEO Premium plugin. -->","yoast_head_json":{"title":"Europa gegen Orb\u00e1n: Eins zu null f\u00fcr den Ungarn - just-now.NEWS Deutschland","robots":{"index":"index","follow":"follow","max-snippet":"max-snippet:-1","max-image-preview":"max-image-preview:large","max-video-preview":"max-video-preview:-1"},"canonical":"https:\/\/now-news.de\/de\/deutschland\/europa-gegen-orban-eins-zu-null-fuer-den-ungarn\/","og_locale":"de_DE","og_type":"article","og_title":"Europa gegen Orb\u00e1n: Eins zu null f\u00fcr den Ungarn","og_description":"Ungarns Regierungschef Viktor Orb\u00e1n ist nach seinem Treffen mit Wladimir Selenskij nach Moskau gereist, um den Friedensprozess ins Rollen zu bringen. Daf\u00fcr hat er neben Kritik auch Beleidigungen in der EU kassiert. Wovor genau f\u00fcrchtet sich das EU-Establishment? Von Pjotr Akopow Viktor Orb\u00e1n hatte den Kreml noch nicht erreicht, da reagierte Europa schon schnell mit [&hellip;]","og_url":"https:\/\/now-news.de\/de\/deutschland\/europa-gegen-orban-eins-zu-null-fuer-den-ungarn\/","og_site_name":"just-now.NEWS Deutschland","article_publisher":"https:\/\/www.facebook.com\/wirmachenauf","article_published_time":"2024-07-06T14:49:03+00:00","og_image":[{"url":"https:\/\/now-news.de\/de\/wp-content\/uploads\/sites\/3\/2024\/07\/66892f03b480cc566c7b5a1c.jpg"}],"author":"rtnews","twitter_card":"summary_large_image","twitter_creator":"@WirMachenAuf_de","twitter_site":"@WirMachenAuf_de","twitter_misc":{"Verfasst von":"rtnews","Gesch\u00e4tzte Lesezeit":"6\u00a0Minuten"},"schema":{"@context":"https:\/\/schema.org","@graph":[{"@type":"Article","@id":"https:\/\/now-news.de\/de\/deutschland\/europa-gegen-orban-eins-zu-null-fuer-den-ungarn\/#article","isPartOf":{"@id":"https:\/\/now-news.de\/de\/deutschland\/europa-gegen-orban-eins-zu-null-fuer-den-ungarn\/"},"author":{"name":"rtnews","@id":"https:\/\/now-news.de\/de\/#\/schema\/person\/fb534a4e865501d8b3285208df34a9b5"},"headline":"Europa gegen Orb\u00e1n: Eins zu null f\u00fcr den Ungarn","datePublished":"2024-07-06T14:49:03+00:00","dateModified":"2024-07-06T14:49:03+00:00","mainEntityOfPage":{"@id":"https:\/\/now-news.de\/de\/deutschland\/europa-gegen-orban-eins-zu-null-fuer-den-ungarn\/"},"wordCount":1212,"commentCount":0,"publisher":{"@id":"https:\/\/now-news.de\/de\/#organization"},"image":{"@id":"https:\/\/now-news.de\/de\/deutschland\/europa-gegen-orban-eins-zu-null-fuer-den-ungarn\/#primaryimage"},"thumbnailUrl":"https:\/\/now-news.de\/de\/wp-content\/uploads\/sites\/3\/2024\/07\/Europa-gegen-Orban-Eins-zu-null-fuer-den-Ungarn.jpg","keywords":["den","eins","Europa","f\u00fcr","gegen","null","Orb\u00e1n","Ungarn"],"articleSection":["Deutschland","Russland"],"inLanguage":"de","potentialAction":[{"@type":"CommentAction","name":"Comment","target":["https:\/\/now-news.de\/de\/deutschland\/europa-gegen-orban-eins-zu-null-fuer-den-ungarn\/#respond"]}]},{"@type":"WebPage","@id":"https:\/\/now-news.de\/de\/deutschland\/europa-gegen-orban-eins-zu-null-fuer-den-ungarn\/","url":"https:\/\/now-news.de\/de\/deutschland\/europa-gegen-orban-eins-zu-null-fuer-den-ungarn\/","name":"Europa gegen Orb\u00e1n: Eins zu null f\u00fcr den Ungarn - just-now.NEWS Deutschland","isPartOf":{"@id":"https:\/\/now-news.de\/de\/#website"},"primaryImageOfPage":{"@id":"https:\/\/now-news.de\/de\/deutschland\/europa-gegen-orban-eins-zu-null-fuer-den-ungarn\/#primaryimage"},"image":{"@id":"https:\/\/now-news.de\/de\/deutschland\/europa-gegen-orban-eins-zu-null-fuer-den-ungarn\/#primaryimage"},"thumbnailUrl":"https:\/\/now-news.de\/de\/wp-content\/uploads\/sites\/3\/2024\/07\/Europa-gegen-Orban-Eins-zu-null-fuer-den-Ungarn.jpg","datePublished":"2024-07-06T14:49:03+00:00","dateModified":"2024-07-06T14:49:03+00:00","breadcrumb":{"@id":"https:\/\/now-news.de\/de\/deutschland\/europa-gegen-orban-eins-zu-null-fuer-den-ungarn\/#breadcrumb"},"inLanguage":"de","potentialAction":[{"@type":"ReadAction","target":["https:\/\/now-news.de\/de\/deutschland\/europa-gegen-orban-eins-zu-null-fuer-den-ungarn\/"]}]},{"@type":"ImageObject","inLanguage":"de","@id":"https:\/\/now-news.de\/de\/deutschland\/europa-gegen-orban-eins-zu-null-fuer-den-ungarn\/#primaryimage","url":"https:\/\/now-news.de\/de\/wp-content\/uploads\/sites\/3\/2024\/07\/Europa-gegen-Orban-Eins-zu-null-fuer-den-Ungarn.jpg","contentUrl":"https:\/\/now-news.de\/de\/wp-content\/uploads\/sites\/3\/2024\/07\/Europa-gegen-Orban-Eins-zu-null-fuer-den-Ungarn.jpg","width":460,"height":259,"caption":"Europa gegen Orb\u00e1n: Eins zu null f\u00fcr den Ungarn"},{"@type":"BreadcrumbList","@id":"https:\/\/now-news.de\/de\/deutschland\/europa-gegen-orban-eins-zu-null-fuer-den-ungarn\/#breadcrumb","itemListElement":[{"@type":"ListItem","position":1,"name":"Home","item":"https:\/\/now-news.de\/de\/"},{"@type":"ListItem","position":2,"name":"Europa gegen Orb\u00e1n: Eins zu null f\u00fcr den Ungarn"}]},{"@type":"WebSite","@id":"https:\/\/now-news.de\/de\/#website","url":"https:\/\/now-news.de\/de\/","name":"just-now.NEWS Deutschland","description":"Das Portal f\u00fcr unzensierte Nachrichten aus der Welt","publisher":{"@id":"https:\/\/now-news.de\/de\/#organization"},"potentialAction":[{"@type":"SearchAction","target":{"@type":"EntryPoint","urlTemplate":"https:\/\/now-news.de\/de\/?s={search_term_string}"},"query-input":"required name=search_term_string"}],"inLanguage":"de"},{"@type":"Organization","@id":"https:\/\/now-news.de\/de\/#organization","name":"Just Now News","url":"https:\/\/now-news.de\/de\/","logo":{"@type":"ImageObject","inLanguage":"de","@id":"https:\/\/now-news.de\/de\/#\/schema\/logo\/image\/","url":"http:\/\/just-now.news\/de\/wp-content\/uploads\/sites\/3\/2022\/04\/logo500x500.jpg","contentUrl":"http:\/\/just-now.news\/de\/wp-content\/uploads\/sites\/3\/2022\/04\/logo500x500.jpg","width":500,"height":500,"caption":"Just Now News"},"image":{"@id":"https:\/\/now-news.de\/de\/#\/schema\/logo\/image\/"},"sameAs":["https:\/\/www.facebook.com\/wirmachenauf","https:\/\/x.com\/WirMachenAuf_de"]},{"@type":"Person","@id":"https:\/\/now-news.de\/de\/#\/schema\/person\/fb534a4e865501d8b3285208df34a9b5","name":"rtnews","image":{"@type":"ImageObject","inLanguage":"de","@id":"https:\/\/now-news.de\/de\/#\/schema\/person\/image\/","url":"https:\/\/secure.gravatar.com\/avatar\/82aafea7d8127119dd649515f56e2117?s=96&d=mm&r=g","contentUrl":"https:\/\/secure.gravatar.com\/avatar\/82aafea7d8127119dd649515f56e2117?s=96&d=mm&r=g","caption":"rtnews"},"url":"https:\/\/now-news.de\/de\/author\/rnews\/"}]}},"_links":{"self":[{"href":"https:\/\/now-news.de\/de\/wp-json\/wp\/v2\/posts\/64194"}],"collection":[{"href":"https:\/\/now-news.de\/de\/wp-json\/wp\/v2\/posts"}],"about":[{"href":"https:\/\/now-news.de\/de\/wp-json\/wp\/v2\/types\/post"}],"author":[{"embeddable":true,"href":"https:\/\/now-news.de\/de\/wp-json\/wp\/v2\/users\/3"}],"replies":[{"embeddable":true,"href":"https:\/\/now-news.de\/de\/wp-json\/wp\/v2\/comments?post=64194"}],"version-history":[{"count":0,"href":"https:\/\/now-news.de\/de\/wp-json\/wp\/v2\/posts\/64194\/revisions"}],"wp:featuredmedia":[{"embeddable":true,"href":"https:\/\/now-news.de\/de\/wp-json\/wp\/v2\/media\/64195"}],"wp:attachment":[{"href":"https:\/\/now-news.de\/de\/wp-json\/wp\/v2\/media?parent=64194"}],"wp:term":[{"taxonomy":"category","embeddable":true,"href":"https:\/\/now-news.de\/de\/wp-json\/wp\/v2\/categories?post=64194"},{"taxonomy":"post_tag","embeddable":true,"href":"https:\/\/now-news.de\/de\/wp-json\/wp\/v2\/tags?post=64194"}],"curies":[{"name":"wp","href":"https:\/\/api.w.org\/{rel}","templated":true}]}}