{"id":64131,"date":"2024-07-05T08:36:43","date_gmt":"2024-07-05T06:36:43","guid":{"rendered":"https:\/\/now-news.de\/de\/deutschland\/causa-demiral-uefa-sperrt-tuerkischen-nationalspieler-fuer-zwei-em-spiele\/"},"modified":"2024-07-05T08:36:43","modified_gmt":"2024-07-05T06:36:43","slug":"causa-demiral-uefa-sperrt-tuerkischen-nationalspieler-fuer-zwei-em-spiele","status":"publish","type":"post","link":"https:\/\/now-news.de\/de\/deutschland\/causa-demiral-uefa-sperrt-tuerkischen-nationalspieler-fuer-zwei-em-spiele\/","title":{"rendered":"Causa Demiral: UEFA sperrt t\u00fcrkischen Nationalspieler f\u00fcr zwei EM-Spiele"},"content":{"rendered":"<p><img decoding=\"async\" src=\"https:\/\/now-news.de\/de\/wp-content\/uploads\/sites\/3\/2024\/07\/668780d6b480cc0b585e3969.jpg\" \/><\/p>\n<div class=\"Text-root Text-type_1 \">\n                Der t\u00fcrkische Nationalspieler Merih Demiral erlebt nun ein f\u00fcr die ganze Mannschaft belastendes Nachspiel seines Wolfsgru\u00dfes. Der t\u00fcrkische Fu\u00dfballverband erkl\u00e4rte gestern, er habe keine Kenntnis von einem endg\u00fcltigen Urteil. Die Europ\u00e4ische Fu\u00dfball-Union teilte am Freitag nun ihre Entscheidung mit.\n            <\/div>\n<p><\/p>\n<div class=\"Text-root Text-type_5 ArticleView-text ViewText-root \">\n<p>W\u00e4hrend des\u00a0EM-Achtelfinales\u00a0zwischen \u00d6sterreich und der T\u00fcrkei zeigte der\u00a0t\u00fcrkische Nationalspieler Merih Demiral nach seinem zweiten Tor den sogenannten Wolfsgru\u00df, das\u00a0Handzeichen t\u00fcrkischer Nationalisten, welches auch mit Rechtsextremismus assoziiert wird. Seine Geste wurde mittlerweile zu einem Politikum auf diplomatischer Ebene. Nun soll laut <em>Bild<\/em>-Informationen die UEFA entschieden haben, dass der Sportler f\u00fcr zwei EM-Spiele gesperrt werde. Der t\u00fcrkische Verband wollte die Information nicht best\u00e4tigen. Gegen Mittag des 5. Juli wurde bekannt, dass die UEFA die Sperrung f\u00fcr zwei Spiele offiziell anordnete.<\/p>\n<p>Mit der Ausschlussentscheidung w\u00fcrde Demiral seiner Mannschaft dann im Viertelfinalspiel am Samstag in Berlin gegen die Niederlande fehlen,\u00a0und gegebenenfalls auch noch nach einem Sieg im dann folgenden Halbfinalspiel.\u00a0Der t\u00fcrkische Fu\u00dfballverband erkl\u00e4rte zuvor am gestrigen Abend, dass er von einem solchen UEFA-Urteil noch keinerlei Kenntnis habe.\u00a0Weiterhin wurde erkl\u00e4rt, es\u00a0existiere bis\u00a0zum heutigen Freitagmorgen eine Frist zur Verteidigung und Anfechtung einer solchen Entscheidung, um Argumente gegen eine potenzielle Sperre vorlegen zu k\u00f6nnen.<\/p>\n<p>Die auflagenstarke t\u00fcrkische Zeitung <em>H\u00fcrriyet<\/em>\u00a0war ebenfalls irritiert und <a rel=\"nofollow noopener\" target=\"_blank\" href=\"https:\/\/www.hurriyet.com.tr\/sporarena\/tffden-merih-demiral-aciklamasi-ceza-aldi-mi-42485347\">informierte<\/a> gestern zu dem deutsch-t\u00fcrkischen Eklat:<\/p>\n<p><em>&#8220;Die unter Berufung auf die Bild-Zeitung ver\u00f6ffentlichte Nachricht &#8216;Merih Demiral wurde von der UEFA mit einer 2-Spiele-Strafe belegt&#8217; entspricht nicht der Wahrheit. Wir haben eine Verteidigungsfrist bis morgen fr\u00fch.&#8221;<\/em><\/p>\n<p>Die UEFA hatte bei ihrer Entscheidung die t\u00fcrkische Fu\u00dfball-Nationalmannschaft und den Verantwortlichen f\u00fcr den Vorgang nach dem Achtelfinale mit dem Vorwurf des &#8220;unangemessenen Verhaltens&#8221; belegt.\u00a0So wurde eine Untersuchung gegen Merih Demiral eingeleitet und dabei auch von\u00a0dem Spieler eine Erkl\u00e4rung verlangt. Diese Untersuchung wurde dann am Freitag abgeschlossen. Demirals bisher einzige \u00f6ffentlich bekannte \u00c4u\u00dferung zu dem Vorfall lautete:<\/p>\n<p><em>&#8220;Ich habe gesehen, dass Zuschauer diese Geste im Stadion gemacht haben. Wir sind alle T\u00fcrken. Ich bin sehr stolz darauf, T\u00fcrke zu sein. Das ist der Sinn der Geste.&#8221;<\/em><\/p>\n<p>Der\u00a0Jubel mit dem &#8220;Wolfsgru\u00df&#8221; l\u00f6ste neben dem Vorgang bei der UEFA zudem einen diplomatischen Protest zwischen Deutschland und der T\u00fcrkei aus.\u00a0 Bundesinnenministerin Faeser erkl\u00e4rte in diesem Zusammenhang:<\/p>\n<p><em>&#8220;Symbole t\u00fcrkischer Rechtsextremisten haben in unseren Stadien nichts zu suchen.&#8221;\u00a0<\/em><\/p>\n<p>Als Reaktion auf den Inhalt des entsprechenden X-<a rel=\"nofollow noopener\" target=\"_blank\" href=\"https:\/\/x.com\/NancyFaeser\/status\/1808413194223796636?ref_src=twsrc%5Etfw%7Ctwcamp%5Etweetembed%7Ctwterm%5E1808413194223796636%7Ctwgr%5E6636980894505ef838e57bf720b34d19116f20c4%7Ctwcon%5Es1_&amp;ref_url=https%3A%2F%2Fde.rt.com%2Finternational%2F211259-nach-wolfsgruss-affaere-erdogan-kommt-zum-tuerkei-viertelfinalspiel-nach-berlin%2F\">Postings<\/a> von Faeser bestellte das t\u00fcrkische Au\u00dfenministerium den deutschen Botschafter in Ankara ein. Im diplomatischen Gepl\u00e4nkel wurde daraufhin auch vom Ausw\u00e4rtigen Amt in Berlin reagiert und noch\u00a0am Donnerstag\u00a0der t\u00fcrkische Botschafter einbestellt.\u00a0<\/p>\n<p>Bisheriger H\u00f6hepunkt der Causa Demiral ist die kurzfristige Ank\u00fcndigung, dass der t\u00fcrkische Staatspr\u00e4sident Erdo\u011fan zum kommenden Spiel der T\u00fcrkei im Viertelfinale nach Berlin reisen wird. In Erdo\u011fans Regierungskoalition ist auch die nationalistische Partei MHP vertreten, zu deren Jugendorganisationen unter anderem die Grauen W\u00f6lfe z\u00e4hlen.<\/p>\n<p>Vor der gestrigen Pressekonferenz mit dem t\u00fcrkischen Co-Trainer Danielle Russo wurden laut <em>Bild<\/em>-Informationen die Journalisten darauf hingewiesen, &#8220;nur sportliche Fragen und keine Fragen zu Demiral und seinem Skandal-Jubel zu stellen.&#8221;<\/p>\n<p>Nun wurde Demiral offiziell am Freitag f\u00fcr zwei Spiele gesperrt.\u00a0Der Verband sprach den Profi demnach in vier Punkten schuldig, darunter der generelle Versto\u00df gegen die Richtlinien der UEFA. Demiral wird vorgeworfen, ein &#8220;Sport-Event bewusst genutzt zu haben, um eine politische Botschaft zu verbreiten.<\/p>\n<p><strong>Mehr zum Thema &#8211;<\/strong>\u00a0<a rel=\"nofollow noopener\" target=\"_blank\" href=\"https:\/\/freedert.online\/international\/211259-nach-wolfsgruss-affaere-erdogan-kommt-zum-tuerkei-viertelfinalspiel-nach-berlin\/\">Nach Wolfsgru\u00df-Aff\u00e4re: Erdo\u011fan kommt zum T\u00fcrkei-Viertelfinalspiel nach Berlin<\/a><\/p>\n<\/div>\n<p><br \/>\n<br \/><a href=\"https:\/\/de.rt.com\/inland\/211335-causa-demiral-uefa-sperrt-tuerkischen\/\">Source link <\/a><\/p>\n","protected":false},"excerpt":{"rendered":"<p>Der t\u00fcrkische Nationalspieler Merih Demiral erlebt nun ein f\u00fcr die ganze Mannschaft belastendes Nachspiel seines Wolfsgru\u00dfes. Der t\u00fcrkische Fu\u00dfballverband erkl\u00e4rte gestern, er habe keine Kenntnis von einem endg\u00fcltigen Urteil. Die Europ\u00e4ische Fu\u00dfball-Union teilte am Freitag nun ihre Entscheidung mit. W\u00e4hrend des\u00a0EM-Achtelfinales\u00a0zwischen \u00d6sterreich und der T\u00fcrkei zeigte der\u00a0t\u00fcrkische Nationalspieler Merih Demiral nach seinem zweiten Tor den [&hellip;]<\/p>\n","protected":false},"author":3,"featured_media":64117,"comment_status":"open","ping_status":"open","sticky":false,"template":"","format":"standard","meta":{"_yoast_indexnow_last_ping":["1720179014"],"wp_automatic_camp":["217"],"7e6da43c82884978ac3512bcd872df24":["Causa Demiral: UEFA sperrt t\u00fcrkischen Nationalspieler f\u00fcr zwei EM-Spiele"],"original_link":["https:\/\/de.rt.com\/inland\/211335-causa-demiral-uefa-sperrt-tuerkischen\/"],"_thumbnail_id":["64117"],"jnews_social_counter_last_update":["1777582269"],"_wptgpro_p2tg_sent2tg":["a:1:{i:23737;s:19:\"2024-07-05 13:31:28\";}"]},"categories":[19,23],"tags":[30383,56283,56338,221,56343,9894,13974,17514,1003],"yoast_head":"<!-- This site is optimized with the Yoast SEO Premium plugin v22.7 (Yoast SEO v22.7) - https:\/\/yoast.com\/wordpress\/plugins\/seo\/ -->\n<title>Causa Demiral: UEFA sperrt t\u00fcrkischen Nationalspieler f\u00fcr zwei EM-Spiele - just-now.NEWS Deutschland<\/title>\n<meta name=\"robots\" content=\"index, follow, max-snippet:-1, max-image-preview:large, max-video-preview:-1\" \/>\n<link rel=\"canonical\" href=\"https:\/\/now-news.de\/de\/deutschland\/causa-demiral-uefa-sperrt-tuerkischen-nationalspieler-fuer-zwei-em-spiele\/\" \/>\n<meta property=\"og:locale\" content=\"de_DE\" \/>\n<meta property=\"og:type\" content=\"article\" \/>\n<meta property=\"og:title\" content=\"Causa Demiral: UEFA sperrt t\u00fcrkischen Nationalspieler f\u00fcr zwei EM-Spiele\" \/>\n<meta property=\"og:description\" content=\"Der t\u00fcrkische Nationalspieler Merih Demiral erlebt nun ein f\u00fcr die ganze Mannschaft belastendes Nachspiel seines Wolfsgru\u00dfes. Der t\u00fcrkische Fu\u00dfballverband erkl\u00e4rte gestern, er habe keine Kenntnis von einem endg\u00fcltigen Urteil. Die Europ\u00e4ische Fu\u00dfball-Union teilte am Freitag nun ihre Entscheidung mit. W\u00e4hrend des\u00a0EM-Achtelfinales\u00a0zwischen \u00d6sterreich und der T\u00fcrkei zeigte der\u00a0t\u00fcrkische Nationalspieler Merih Demiral nach seinem zweiten Tor den [&hellip;]\" \/>\n<meta property=\"og:url\" content=\"https:\/\/now-news.de\/de\/deutschland\/causa-demiral-uefa-sperrt-tuerkischen-nationalspieler-fuer-zwei-em-spiele\/\" \/>\n<meta property=\"og:site_name\" content=\"just-now.NEWS Deutschland\" \/>\n<meta property=\"article:publisher\" content=\"https:\/\/www.facebook.com\/wirmachenauf\" \/>\n<meta property=\"article:published_time\" content=\"2024-07-05T06:36:43+00:00\" \/>\n<meta property=\"og:image\" content=\"https:\/\/now-news.de\/de\/wp-content\/uploads\/sites\/3\/2024\/07\/668780d6b480cc0b585e3969.jpg\" \/>\n<meta name=\"author\" content=\"rtnews\" \/>\n<meta name=\"twitter:card\" content=\"summary_large_image\" \/>\n<meta name=\"twitter:creator\" content=\"@WirMachenAuf_de\" \/>\n<meta name=\"twitter:site\" content=\"@WirMachenAuf_de\" \/>\n<meta name=\"twitter:label1\" content=\"Verfasst von\" \/>\n\t<meta name=\"twitter:data1\" content=\"rtnews\" \/>\n\t<meta name=\"twitter:label2\" content=\"Gesch\u00e4tzte Lesezeit\" \/>\n\t<meta name=\"twitter:data2\" content=\"3\u00a0Minuten\" \/>\n<script type=\"application\/ld+json\" class=\"yoast-schema-graph\">{\"@context\":\"https:\/\/schema.org\",\"@graph\":[{\"@type\":\"Article\",\"@id\":\"https:\/\/now-news.de\/de\/deutschland\/causa-demiral-uefa-sperrt-tuerkischen-nationalspieler-fuer-zwei-em-spiele\/#article\",\"isPartOf\":{\"@id\":\"https:\/\/now-news.de\/de\/deutschland\/causa-demiral-uefa-sperrt-tuerkischen-nationalspieler-fuer-zwei-em-spiele\/\"},\"author\":{\"name\":\"rtnews\",\"@id\":\"https:\/\/now-news.de\/de\/#\/schema\/person\/fb534a4e865501d8b3285208df34a9b5\"},\"headline\":\"Causa Demiral: UEFA sperrt t\u00fcrkischen Nationalspieler f\u00fcr zwei EM-Spiele\",\"datePublished\":\"2024-07-05T06:36:43+00:00\",\"dateModified\":\"2024-07-05T06:36:43+00:00\",\"mainEntityOfPage\":{\"@id\":\"https:\/\/now-news.de\/de\/deutschland\/causa-demiral-uefa-sperrt-tuerkischen-nationalspieler-fuer-zwei-em-spiele\/\"},\"wordCount\":607,\"commentCount\":0,\"publisher\":{\"@id\":\"https:\/\/now-news.de\/de\/#organization\"},\"image\":{\"@id\":\"https:\/\/now-news.de\/de\/deutschland\/causa-demiral-uefa-sperrt-tuerkischen-nationalspieler-fuer-zwei-em-spiele\/#primaryimage\"},\"thumbnailUrl\":\"https:\/\/now-news.de\/de\/wp-content\/uploads\/sites\/3\/2024\/07\/Causa-Demiral-Wird-der-Spieler-durch-die-UEFA-fuer-zwei.jpg\",\"keywords\":[\"Causa\",\"Demiral\",\"EMSpiele\",\"f\u00fcr\",\"Nationalspieler\",\"sperrt\",\"t\u00fcrkischen\",\"UEFA\",\"zwei\"],\"articleSection\":[\"Deutschland\",\"Russland\"],\"inLanguage\":\"de\",\"potentialAction\":[{\"@type\":\"CommentAction\",\"name\":\"Comment\",\"target\":[\"https:\/\/now-news.de\/de\/deutschland\/causa-demiral-uefa-sperrt-tuerkischen-nationalspieler-fuer-zwei-em-spiele\/#respond\"]}]},{\"@type\":\"WebPage\",\"@id\":\"https:\/\/now-news.de\/de\/deutschland\/causa-demiral-uefa-sperrt-tuerkischen-nationalspieler-fuer-zwei-em-spiele\/\",\"url\":\"https:\/\/now-news.de\/de\/deutschland\/causa-demiral-uefa-sperrt-tuerkischen-nationalspieler-fuer-zwei-em-spiele\/\",\"name\":\"Causa Demiral: UEFA sperrt t\u00fcrkischen Nationalspieler f\u00fcr zwei EM-Spiele - just-now.NEWS Deutschland\",\"isPartOf\":{\"@id\":\"https:\/\/now-news.de\/de\/#website\"},\"primaryImageOfPage\":{\"@id\":\"https:\/\/now-news.de\/de\/deutschland\/causa-demiral-uefa-sperrt-tuerkischen-nationalspieler-fuer-zwei-em-spiele\/#primaryimage\"},\"image\":{\"@id\":\"https:\/\/now-news.de\/de\/deutschland\/causa-demiral-uefa-sperrt-tuerkischen-nationalspieler-fuer-zwei-em-spiele\/#primaryimage\"},\"thumbnailUrl\":\"https:\/\/now-news.de\/de\/wp-content\/uploads\/sites\/3\/2024\/07\/Causa-Demiral-Wird-der-Spieler-durch-die-UEFA-fuer-zwei.jpg\",\"datePublished\":\"2024-07-05T06:36:43+00:00\",\"dateModified\":\"2024-07-05T06:36:43+00:00\",\"breadcrumb\":{\"@id\":\"https:\/\/now-news.de\/de\/deutschland\/causa-demiral-uefa-sperrt-tuerkischen-nationalspieler-fuer-zwei-em-spiele\/#breadcrumb\"},\"inLanguage\":\"de\",\"potentialAction\":[{\"@type\":\"ReadAction\",\"target\":[\"https:\/\/now-news.de\/de\/deutschland\/causa-demiral-uefa-sperrt-tuerkischen-nationalspieler-fuer-zwei-em-spiele\/\"]}]},{\"@type\":\"ImageObject\",\"inLanguage\":\"de\",\"@id\":\"https:\/\/now-news.de\/de\/deutschland\/causa-demiral-uefa-sperrt-tuerkischen-nationalspieler-fuer-zwei-em-spiele\/#primaryimage\",\"url\":\"https:\/\/now-news.de\/de\/wp-content\/uploads\/sites\/3\/2024\/07\/Causa-Demiral-Wird-der-Spieler-durch-die-UEFA-fuer-zwei.jpg\",\"contentUrl\":\"https:\/\/now-news.de\/de\/wp-content\/uploads\/sites\/3\/2024\/07\/Causa-Demiral-Wird-der-Spieler-durch-die-UEFA-fuer-zwei.jpg\",\"width\":460,\"height\":259,\"caption\":\"Causa Demiral: Wird der Spieler durch die UEFA f\u00fcr zwei EM-Spiele gesperrt?\"},{\"@type\":\"BreadcrumbList\",\"@id\":\"https:\/\/now-news.de\/de\/deutschland\/causa-demiral-uefa-sperrt-tuerkischen-nationalspieler-fuer-zwei-em-spiele\/#breadcrumb\",\"itemListElement\":[{\"@type\":\"ListItem\",\"position\":1,\"name\":\"Home\",\"item\":\"https:\/\/now-news.de\/de\/\"},{\"@type\":\"ListItem\",\"position\":2,\"name\":\"Causa Demiral: UEFA sperrt t\u00fcrkischen Nationalspieler f\u00fcr zwei EM-Spiele\"}]},{\"@type\":\"WebSite\",\"@id\":\"https:\/\/now-news.de\/de\/#website\",\"url\":\"https:\/\/now-news.de\/de\/\",\"name\":\"just-now.NEWS Deutschland\",\"description\":\"Das Portal f\u00fcr unzensierte Nachrichten aus der Welt\",\"publisher\":{\"@id\":\"https:\/\/now-news.de\/de\/#organization\"},\"potentialAction\":[{\"@type\":\"SearchAction\",\"target\":{\"@type\":\"EntryPoint\",\"urlTemplate\":\"https:\/\/now-news.de\/de\/?s={search_term_string}\"},\"query-input\":\"required name=search_term_string\"}],\"inLanguage\":\"de\"},{\"@type\":\"Organization\",\"@id\":\"https:\/\/now-news.de\/de\/#organization\",\"name\":\"Just Now News\",\"url\":\"https:\/\/now-news.de\/de\/\",\"logo\":{\"@type\":\"ImageObject\",\"inLanguage\":\"de\",\"@id\":\"https:\/\/now-news.de\/de\/#\/schema\/logo\/image\/\",\"url\":\"http:\/\/just-now.news\/de\/wp-content\/uploads\/sites\/3\/2022\/04\/logo500x500.jpg\",\"contentUrl\":\"http:\/\/just-now.news\/de\/wp-content\/uploads\/sites\/3\/2022\/04\/logo500x500.jpg\",\"width\":500,\"height\":500,\"caption\":\"Just Now News\"},\"image\":{\"@id\":\"https:\/\/now-news.de\/de\/#\/schema\/logo\/image\/\"},\"sameAs\":[\"https:\/\/www.facebook.com\/wirmachenauf\",\"https:\/\/x.com\/WirMachenAuf_de\"]},{\"@type\":\"Person\",\"@id\":\"https:\/\/now-news.de\/de\/#\/schema\/person\/fb534a4e865501d8b3285208df34a9b5\",\"name\":\"rtnews\",\"image\":{\"@type\":\"ImageObject\",\"inLanguage\":\"de\",\"@id\":\"https:\/\/now-news.de\/de\/#\/schema\/person\/image\/\",\"url\":\"https:\/\/secure.gravatar.com\/avatar\/82aafea7d8127119dd649515f56e2117?s=96&d=mm&r=g\",\"contentUrl\":\"https:\/\/secure.gravatar.com\/avatar\/82aafea7d8127119dd649515f56e2117?s=96&d=mm&r=g\",\"caption\":\"rtnews\"},\"url\":\"https:\/\/now-news.de\/de\/author\/rnews\/\"}]}<\/script>\n<!-- \/ Yoast SEO Premium plugin. -->","yoast_head_json":{"title":"Causa Demiral: UEFA sperrt t\u00fcrkischen Nationalspieler f\u00fcr zwei EM-Spiele - just-now.NEWS Deutschland","robots":{"index":"index","follow":"follow","max-snippet":"max-snippet:-1","max-image-preview":"max-image-preview:large","max-video-preview":"max-video-preview:-1"},"canonical":"https:\/\/now-news.de\/de\/deutschland\/causa-demiral-uefa-sperrt-tuerkischen-nationalspieler-fuer-zwei-em-spiele\/","og_locale":"de_DE","og_type":"article","og_title":"Causa Demiral: UEFA sperrt t\u00fcrkischen Nationalspieler f\u00fcr zwei EM-Spiele","og_description":"Der t\u00fcrkische Nationalspieler Merih Demiral erlebt nun ein f\u00fcr die ganze Mannschaft belastendes Nachspiel seines Wolfsgru\u00dfes. Der t\u00fcrkische Fu\u00dfballverband erkl\u00e4rte gestern, er habe keine Kenntnis von einem endg\u00fcltigen Urteil. Die Europ\u00e4ische Fu\u00dfball-Union teilte am Freitag nun ihre Entscheidung mit. W\u00e4hrend des\u00a0EM-Achtelfinales\u00a0zwischen \u00d6sterreich und der T\u00fcrkei zeigte der\u00a0t\u00fcrkische Nationalspieler Merih Demiral nach seinem zweiten Tor den [&hellip;]","og_url":"https:\/\/now-news.de\/de\/deutschland\/causa-demiral-uefa-sperrt-tuerkischen-nationalspieler-fuer-zwei-em-spiele\/","og_site_name":"just-now.NEWS Deutschland","article_publisher":"https:\/\/www.facebook.com\/wirmachenauf","article_published_time":"2024-07-05T06:36:43+00:00","og_image":[{"url":"https:\/\/now-news.de\/de\/wp-content\/uploads\/sites\/3\/2024\/07\/668780d6b480cc0b585e3969.jpg"}],"author":"rtnews","twitter_card":"summary_large_image","twitter_creator":"@WirMachenAuf_de","twitter_site":"@WirMachenAuf_de","twitter_misc":{"Verfasst von":"rtnews","Gesch\u00e4tzte Lesezeit":"3\u00a0Minuten"},"schema":{"@context":"https:\/\/schema.org","@graph":[{"@type":"Article","@id":"https:\/\/now-news.de\/de\/deutschland\/causa-demiral-uefa-sperrt-tuerkischen-nationalspieler-fuer-zwei-em-spiele\/#article","isPartOf":{"@id":"https:\/\/now-news.de\/de\/deutschland\/causa-demiral-uefa-sperrt-tuerkischen-nationalspieler-fuer-zwei-em-spiele\/"},"author":{"name":"rtnews","@id":"https:\/\/now-news.de\/de\/#\/schema\/person\/fb534a4e865501d8b3285208df34a9b5"},"headline":"Causa Demiral: UEFA sperrt t\u00fcrkischen Nationalspieler f\u00fcr zwei EM-Spiele","datePublished":"2024-07-05T06:36:43+00:00","dateModified":"2024-07-05T06:36:43+00:00","mainEntityOfPage":{"@id":"https:\/\/now-news.de\/de\/deutschland\/causa-demiral-uefa-sperrt-tuerkischen-nationalspieler-fuer-zwei-em-spiele\/"},"wordCount":607,"commentCount":0,"publisher":{"@id":"https:\/\/now-news.de\/de\/#organization"},"image":{"@id":"https:\/\/now-news.de\/de\/deutschland\/causa-demiral-uefa-sperrt-tuerkischen-nationalspieler-fuer-zwei-em-spiele\/#primaryimage"},"thumbnailUrl":"https:\/\/now-news.de\/de\/wp-content\/uploads\/sites\/3\/2024\/07\/Causa-Demiral-Wird-der-Spieler-durch-die-UEFA-fuer-zwei.jpg","keywords":["Causa","Demiral","EMSpiele","f\u00fcr","Nationalspieler","sperrt","t\u00fcrkischen","UEFA","zwei"],"articleSection":["Deutschland","Russland"],"inLanguage":"de","potentialAction":[{"@type":"CommentAction","name":"Comment","target":["https:\/\/now-news.de\/de\/deutschland\/causa-demiral-uefa-sperrt-tuerkischen-nationalspieler-fuer-zwei-em-spiele\/#respond"]}]},{"@type":"WebPage","@id":"https:\/\/now-news.de\/de\/deutschland\/causa-demiral-uefa-sperrt-tuerkischen-nationalspieler-fuer-zwei-em-spiele\/","url":"https:\/\/now-news.de\/de\/deutschland\/causa-demiral-uefa-sperrt-tuerkischen-nationalspieler-fuer-zwei-em-spiele\/","name":"Causa Demiral: UEFA sperrt t\u00fcrkischen Nationalspieler f\u00fcr zwei EM-Spiele - just-now.NEWS Deutschland","isPartOf":{"@id":"https:\/\/now-news.de\/de\/#website"},"primaryImageOfPage":{"@id":"https:\/\/now-news.de\/de\/deutschland\/causa-demiral-uefa-sperrt-tuerkischen-nationalspieler-fuer-zwei-em-spiele\/#primaryimage"},"image":{"@id":"https:\/\/now-news.de\/de\/deutschland\/causa-demiral-uefa-sperrt-tuerkischen-nationalspieler-fuer-zwei-em-spiele\/#primaryimage"},"thumbnailUrl":"https:\/\/now-news.de\/de\/wp-content\/uploads\/sites\/3\/2024\/07\/Causa-Demiral-Wird-der-Spieler-durch-die-UEFA-fuer-zwei.jpg","datePublished":"2024-07-05T06:36:43+00:00","dateModified":"2024-07-05T06:36:43+00:00","breadcrumb":{"@id":"https:\/\/now-news.de\/de\/deutschland\/causa-demiral-uefa-sperrt-tuerkischen-nationalspieler-fuer-zwei-em-spiele\/#breadcrumb"},"inLanguage":"de","potentialAction":[{"@type":"ReadAction","target":["https:\/\/now-news.de\/de\/deutschland\/causa-demiral-uefa-sperrt-tuerkischen-nationalspieler-fuer-zwei-em-spiele\/"]}]},{"@type":"ImageObject","inLanguage":"de","@id":"https:\/\/now-news.de\/de\/deutschland\/causa-demiral-uefa-sperrt-tuerkischen-nationalspieler-fuer-zwei-em-spiele\/#primaryimage","url":"https:\/\/now-news.de\/de\/wp-content\/uploads\/sites\/3\/2024\/07\/Causa-Demiral-Wird-der-Spieler-durch-die-UEFA-fuer-zwei.jpg","contentUrl":"https:\/\/now-news.de\/de\/wp-content\/uploads\/sites\/3\/2024\/07\/Causa-Demiral-Wird-der-Spieler-durch-die-UEFA-fuer-zwei.jpg","width":460,"height":259,"caption":"Causa Demiral: Wird der Spieler durch die UEFA f\u00fcr zwei EM-Spiele gesperrt?"},{"@type":"BreadcrumbList","@id":"https:\/\/now-news.de\/de\/deutschland\/causa-demiral-uefa-sperrt-tuerkischen-nationalspieler-fuer-zwei-em-spiele\/#breadcrumb","itemListElement":[{"@type":"ListItem","position":1,"name":"Home","item":"https:\/\/now-news.de\/de\/"},{"@type":"ListItem","position":2,"name":"Causa Demiral: UEFA sperrt t\u00fcrkischen Nationalspieler f\u00fcr zwei EM-Spiele"}]},{"@type":"WebSite","@id":"https:\/\/now-news.de\/de\/#website","url":"https:\/\/now-news.de\/de\/","name":"just-now.NEWS Deutschland","description":"Das Portal f\u00fcr unzensierte Nachrichten aus der Welt","publisher":{"@id":"https:\/\/now-news.de\/de\/#organization"},"potentialAction":[{"@type":"SearchAction","target":{"@type":"EntryPoint","urlTemplate":"https:\/\/now-news.de\/de\/?s={search_term_string}"},"query-input":"required name=search_term_string"}],"inLanguage":"de"},{"@type":"Organization","@id":"https:\/\/now-news.de\/de\/#organization","name":"Just Now News","url":"https:\/\/now-news.de\/de\/","logo":{"@type":"ImageObject","inLanguage":"de","@id":"https:\/\/now-news.de\/de\/#\/schema\/logo\/image\/","url":"http:\/\/just-now.news\/de\/wp-content\/uploads\/sites\/3\/2022\/04\/logo500x500.jpg","contentUrl":"http:\/\/just-now.news\/de\/wp-content\/uploads\/sites\/3\/2022\/04\/logo500x500.jpg","width":500,"height":500,"caption":"Just Now News"},"image":{"@id":"https:\/\/now-news.de\/de\/#\/schema\/logo\/image\/"},"sameAs":["https:\/\/www.facebook.com\/wirmachenauf","https:\/\/x.com\/WirMachenAuf_de"]},{"@type":"Person","@id":"https:\/\/now-news.de\/de\/#\/schema\/person\/fb534a4e865501d8b3285208df34a9b5","name":"rtnews","image":{"@type":"ImageObject","inLanguage":"de","@id":"https:\/\/now-news.de\/de\/#\/schema\/person\/image\/","url":"https:\/\/secure.gravatar.com\/avatar\/82aafea7d8127119dd649515f56e2117?s=96&d=mm&r=g","contentUrl":"https:\/\/secure.gravatar.com\/avatar\/82aafea7d8127119dd649515f56e2117?s=96&d=mm&r=g","caption":"rtnews"},"url":"https:\/\/now-news.de\/de\/author\/rnews\/"}]}},"_links":{"self":[{"href":"https:\/\/now-news.de\/de\/wp-json\/wp\/v2\/posts\/64131"}],"collection":[{"href":"https:\/\/now-news.de\/de\/wp-json\/wp\/v2\/posts"}],"about":[{"href":"https:\/\/now-news.de\/de\/wp-json\/wp\/v2\/types\/post"}],"author":[{"embeddable":true,"href":"https:\/\/now-news.de\/de\/wp-json\/wp\/v2\/users\/3"}],"replies":[{"embeddable":true,"href":"https:\/\/now-news.de\/de\/wp-json\/wp\/v2\/comments?post=64131"}],"version-history":[{"count":0,"href":"https:\/\/now-news.de\/de\/wp-json\/wp\/v2\/posts\/64131\/revisions"}],"wp:featuredmedia":[{"embeddable":true,"href":"https:\/\/now-news.de\/de\/wp-json\/wp\/v2\/media\/64117"}],"wp:attachment":[{"href":"https:\/\/now-news.de\/de\/wp-json\/wp\/v2\/media?parent=64131"}],"wp:term":[{"taxonomy":"category","embeddable":true,"href":"https:\/\/now-news.de\/de\/wp-json\/wp\/v2\/categories?post=64131"},{"taxonomy":"post_tag","embeddable":true,"href":"https:\/\/now-news.de\/de\/wp-json\/wp\/v2\/tags?post=64131"}],"curies":[{"name":"wp","href":"https:\/\/api.w.org\/{rel}","templated":true}]}}