{"id":64078,"date":"2024-07-04T15:45:57","date_gmt":"2024-07-04T13:45:57","guid":{"rendered":"https:\/\/now-news.de\/de\/deutschland\/nato-jubilaeum-der-grosse-unruhestifter-wird-75\/"},"modified":"2024-07-04T15:45:57","modified_gmt":"2024-07-04T13:45:57","slug":"nato-jubilaeum-der-grosse-unruhestifter-wird-75","status":"publish","type":"post","link":"https:\/\/now-news.de\/de\/deutschland\/nato-jubilaeum-der-grosse-unruhestifter-wird-75\/","title":{"rendered":"NATO-Jubil\u00e4um: Der gro\u00dfe Unruhestifter wird 75"},"content":{"rendered":"<p><img decoding=\"async\" src=\"https:\/\/now-news.de\/de\/wp-content\/uploads\/sites\/3\/2024\/07\/6686a78f48fbef0c5b2c35ae.jpg\" \/><\/p>\n<div class=\"Text-root Text-type_1 \">\n                Wie ein Geschw\u00fcr hat sich die NATO in den letzten drei Jahrzehnten ausgebreitet, der Sicherheit in Europa und weltweit war dies keineswegs zutr\u00e4glich. Russlands Botschafter in \u00d6sterreich Dmitri Ljubinski blickt auf 75 Jahre des westlichen Milit\u00e4rb\u00fcndnisses zur\u00fcck und ordnet sie in die aktuelle Lage ein.\n            <\/div>\n<p><\/p>\n<div class=\"Text-root Text-type_5 ArticleView-text ViewText-root \">\n<p><em>Von Dmitri Ljubinski<\/em><\/p>\n<p>Heuer zelebriert man mit viel Pathos den 75.\u00a0Jahrestag der NATO-Gr\u00fcndung. Als H\u00f6hepunkt der Feierlichkeiten wird das Gipfeltreffen der Allianz am 9.\u00a0und 10.\u00a0Juli in Washington konzipiert. Aus diesem Anlass wird im Rahmen einer gro\u00df angelegten PR-Kampagne unter dem Motto &#8220;All for one, one for all&#8221; auch hierzulande f\u00fcr das &#8220;Verteidigungsb\u00fcndnis&#8221; flei\u00dfig die Werbetrommel ger\u00fchrt. Zugegeben, in Sachen Selbstinszenierung kann der NATO niemand das Wasser reichen. Gerne l\u00e4sst man sich als &#8220;Sicherheitsgarant&#8221; im transatlantischen Raum, als Friedensstifter und Heilbringer feiern.<\/p>\n<p>Wenn man sich aber die &#8220;NATO-Friedensmissionen&#8221; der neuesten Zeit vor Augen f\u00fchrt, wird zweifellos schnell klar, dass diese der Welt nichts als Tod und Zerst\u00f6rung gebracht haben. Man erinnere sich nur an das v\u00f6lkerrechtswidrige Bombardement Jugoslawiens, das mehr als 1.700\u00a0Zivilisten das Leben kostete. NATO-Sprecher Jamie Shea bezeichnete die vielen unschuldigen Opfer damals zynisch als &#8220;Kollateralsch\u00e4den&#8221;. Oder an die kl\u00e4glich gescheiterte 20-j\u00e4hrige &#8220;Antiterroroperation&#8221; in Afghanistan sowie die &#8220;humanit\u00e4re&#8221; Intervention einer Koalition von NATO-L\u00e4ndern in Libyen, die das Land in Chaos und Elend st\u00fcrzte. Das B\u00fcndnis f\u00fchlte sich stets im Recht, das Schicksal ganzer L\u00e4nder und V\u00f6lker bestimmen zu k\u00f6nnen. Was nicht in die &#8220;regelbasierte Weltordnung&#8221; der USA passte, sollte passend gemacht werden.<\/p>\n<p>Russland war der NATO mit seiner prinzipiellen Position im UN-Sicherheitsrat daher stets ein Dorn im Auge. Die Beziehungen des B\u00fcndnisses zu unserem Land gestalteten sich schwierig. Die Arbeit im 2002 geschaffenen NATO-Russland-Rat verlief stockend. Trotz einer Reihe gegenseitig vorteilhafter Projekte wie z.\u00a0B. einer gemeinsamen Ausbildung von Sicherheitskr\u00e4ften f\u00fcr Afghanistan, der Initiative zur Zusammenarbeit im Luftraum oder eines gemeinsamen Plans zur Terrorismusbek\u00e4mpfung gewann die Konfrontationsagenda stets die Oberhand. Der Westen sprach von den Grunds\u00e4tzen der Offenheit und Verst\u00e4ndigung, war aber nie bereit, die gegen unser Land gerichteten Mechanismen der Abschreckung und Eind\u00e4mmung fallen zu lassen.<\/p>\n<p>Keine einzige Initiative Russlands, die die Bildung eines einheitlichen und gemeinsamen Sicherheitsraums in Europa sowie die Minderung des Milit\u00e4rfaktors anstrebten, wurde ernst genommen. So wurde etwa die Ratifikation des adaptierten Vertrages \u00fcber Konventionelle Streitkr\u00e4fte in Europa abgelehnt, genau wie der Vorschlag \u00fcber einen einheitlichen europ\u00e4ischen Sicherheitsvertrag.<\/p>\n<p>Die fundamentalen Gegens\u00e4tze zwischen Russland und der NATO<strong><\/strong>begannen sich noch lange vor der Ukraine-Krise herauszukristallisieren. Der Drang der Allianz Richtung Osten, der Austritt der USA aus grundlegenden R\u00fcstungskontrollabkommen, das Abgehen vom Prinzip der ungeteilten Sicherheit gegen\u00fcber Russland, die Schaffung neuer Trennlinien sowie die aggressiven Aktivit\u00e4ten im postsowjetischen Raum \u2013 das alles f\u00fchrte zur massiven Abwertung unserer Beziehungen.<\/p>\n<p>Schlussendlich brauchte es f\u00fcr das Weiterbestehen eines riesigen Milit\u00e4rb\u00fcndnisses wie der NATO einen gemeinsamen ebenb\u00fcrtigen Feind. Das, was lange Zeit heftig und auf allen Ebenen abgestritten worden war, wurde 2022 endlich offiziell: In seinem neuen strategischen Konzept bezeichnete die Allianz die Russische F\u00f6deration als die gr\u00f6\u00dfte und unmittelbarste Bedrohung f\u00fcr die Sicherheit der Verb\u00fcndeten im euroatlantischen Raum. Die Masken waren endg\u00fcltig gefallen.<\/p>\n<p>Heute verl\u00e4uft die Konfrontation der NATO mit unserem Land in allen geografischen Richtungen. Besonders die &#8220;Ostflanke&#8221; der Allianz wird aufgestockt. Die Ukraine, die zur wichtigsten Konfliktarena geworden ist, wird von NATO-L\u00e4ndern mit Waffen vollgepumpt. \u00dcber &#8220;Milit\u00e4rberater&#8221; steuert man die ukrainische Kriegsf\u00fchrung, versorgt das Land mit Aufkl\u00e4rungsinformation. Infolge der Anwendung von NATO-Waffen sterben massenweise Zivilisten. Dabei spielen die Verluste unter den Ukrainern f\u00fcr deren westlichen Schutzherrn keine besondere Rolle. F\u00fcr die Allianz sind sie ja nur Mittel zum Zweck.<\/p>\n<p>Wie ein Geschw\u00fcr breitet sich das Milit\u00e4rb\u00fcndnis aus und versucht, immer mehr L\u00e4nder in seine Konfrontationsspirale mit Russland hineinzuziehen. Auch \u00d6sterreich ist keine Ausnahme. Noch halten die \u00f6sterreichischen B\u00fcrger der Propaganda stand \u2013 bei der j\u00fcngsten Umfrage sprachen sich 74\u00a0Prozent der Befragten klar gegen einen Beitritt ihres Landes zur NATO aus \u2013 aber f\u00fcr wie lange? In ihrer Alltagst\u00e4tigkeit ignorieren die jetzigen Entscheidungstr\u00e4ger gr\u00f6\u00dftenteils diese Meinung. Wir unsererseits bilden uns eine eigene Meinung und ziehen die Schlussforderungen ausgehend von den Realit\u00e4ten der Politik.<\/p>\n<p>Was die Beziehungen der Allianz mit Russland anbetrifft, so darf man in absehbarer Zeit \u00fcberhaupt keine Normalisierung der Verh\u00e4ltnisse erwarten. Die Schuld daf\u00fcr tragen Washington und Co. Die Korrektur der gegen\u00fcber Russland begangenen Fehler liegt also an ihnen. Aber eines muss der NATO klar sein: Ohne gegenseitigen Respekt vor den Sicherheitsinteressen des jeweils anderen, ohne Gleichberechtigung und die Wiederaufnahme eines sachlichen Dialogs zu sicherheitsbildenden Ma\u00dfnahmen in Europa wird es keine Perspektive f\u00fcr einen Neuanfang in unseren Beziehungen geben.<\/p>\n<p>Ob es dazu aber jemals kommen sollte, bleibt eine gro\u00dfe Frage. Schlie\u00dflich hat die NATO als Kind des Kalten Krieges die Rivalit\u00e4t mit Russland in ihrer DNA, daran wird sich wenig \u00e4ndern. Aber dieser Weg hat keine Zukunft.<\/p>\n<p><em>Dmitri Jewgenjewitsch Ljubinski ist Botschafter der Russischen F\u00f6deration in \u00d6sterreich.<\/em><\/p>\n<p><strong>Mehr zum Thema<\/strong> \u2013 <a rel=\"nofollow noopener\" target=\"_blank\" href=\"https:\/\/freedert.online\/meinung\/187636-maidan-tragisches-jubilaeum-worueber-der-westen-schweigt\/\">Botschafter Ljubinski zum Maidan: Ein tragisches Jubil\u00e4um \u2013 Wor\u00fcber der Westen schweigt<\/a><\/p>\n<\/div>\n<p><br \/>\n<br \/><a href=\"https:\/\/de.rt.com\/meinung\/211263-nato-jubilaeum-der-grosse-unruhestifter-wird-75\/\">Source link <\/a><\/p>\n","protected":false},"excerpt":{"rendered":"<p>Wie ein Geschw\u00fcr hat sich die NATO in den letzten drei Jahrzehnten ausgebreitet, der Sicherheit in Europa und weltweit war dies keineswegs zutr\u00e4glich. Russlands Botschafter in \u00d6sterreich Dmitri Ljubinski blickt auf 75 Jahre des westlichen Milit\u00e4rb\u00fcndnisses zur\u00fcck und ordnet sie in die aktuelle Lage ein. Von Dmitri Ljubinski Heuer zelebriert man mit viel Pathos den [&hellip;]<\/p>\n","protected":false},"author":3,"featured_media":64079,"comment_status":"open","ping_status":"open","sticky":false,"template":"","format":"standard","meta":{"_yoast_indexnow_last_ping":["1720102651"],"wp_automatic_camp":["217"],"03a0753555b1603d55c913a5a387ce76":["NATO-Jubil\u00e4um: Der gro\u00dfe Unruhestifter wird 75"],"original_link":["https:\/\/de.rt.com\/meinung\/211263-nato-jubilaeum-der-grosse-unruhestifter-wird-75\/"],"_thumbnail_id":["64079"],"jnews_social_counter_last_update":["1777185127"],"_wptgpro_p2tg_sent2tg":["a:1:{i:23737;s:19:\"2024-07-04 16:18:33\";}"]},"categories":[19,23],"tags":[82,2830,56320,56321,374],"yoast_head":"<!-- This site is optimized with the Yoast SEO Premium plugin v22.7 (Yoast SEO v22.7) - https:\/\/yoast.com\/wordpress\/plugins\/seo\/ -->\n<title>NATO-Jubil\u00e4um: Der gro\u00dfe Unruhestifter wird 75 - just-now.NEWS Deutschland<\/title>\n<meta name=\"robots\" content=\"index, follow, max-snippet:-1, max-image-preview:large, max-video-preview:-1\" \/>\n<link rel=\"canonical\" href=\"https:\/\/now-news.de\/de\/deutschland\/nato-jubilaeum-der-grosse-unruhestifter-wird-75\/\" \/>\n<meta property=\"og:locale\" content=\"de_DE\" \/>\n<meta property=\"og:type\" content=\"article\" \/>\n<meta property=\"og:title\" content=\"NATO-Jubil\u00e4um: Der gro\u00dfe Unruhestifter wird 75\" \/>\n<meta property=\"og:description\" content=\"Wie ein Geschw\u00fcr hat sich die NATO in den letzten drei Jahrzehnten ausgebreitet, der Sicherheit in Europa und weltweit war dies keineswegs zutr\u00e4glich. Russlands Botschafter in \u00d6sterreich Dmitri Ljubinski blickt auf 75 Jahre des westlichen Milit\u00e4rb\u00fcndnisses zur\u00fcck und ordnet sie in die aktuelle Lage ein. Von Dmitri Ljubinski Heuer zelebriert man mit viel Pathos den [&hellip;]\" \/>\n<meta property=\"og:url\" content=\"https:\/\/now-news.de\/de\/deutschland\/nato-jubilaeum-der-grosse-unruhestifter-wird-75\/\" \/>\n<meta property=\"og:site_name\" content=\"just-now.NEWS Deutschland\" \/>\n<meta property=\"article:publisher\" content=\"https:\/\/www.facebook.com\/wirmachenauf\" \/>\n<meta property=\"article:published_time\" content=\"2024-07-04T13:45:57+00:00\" \/>\n<meta property=\"og:image\" content=\"https:\/\/now-news.de\/de\/wp-content\/uploads\/sites\/3\/2024\/07\/6686a78f48fbef0c5b2c35ae.jpg\" \/>\n<meta name=\"author\" content=\"rtnews\" \/>\n<meta name=\"twitter:card\" content=\"summary_large_image\" \/>\n<meta name=\"twitter:creator\" content=\"@WirMachenAuf_de\" \/>\n<meta name=\"twitter:site\" content=\"@WirMachenAuf_de\" \/>\n<meta name=\"twitter:label1\" content=\"Verfasst von\" \/>\n\t<meta name=\"twitter:data1\" content=\"rtnews\" \/>\n\t<meta name=\"twitter:label2\" content=\"Gesch\u00e4tzte Lesezeit\" \/>\n\t<meta name=\"twitter:data2\" content=\"4\u00a0Minuten\" \/>\n<script type=\"application\/ld+json\" class=\"yoast-schema-graph\">{\"@context\":\"https:\/\/schema.org\",\"@graph\":[{\"@type\":\"Article\",\"@id\":\"https:\/\/now-news.de\/de\/deutschland\/nato-jubilaeum-der-grosse-unruhestifter-wird-75\/#article\",\"isPartOf\":{\"@id\":\"https:\/\/now-news.de\/de\/deutschland\/nato-jubilaeum-der-grosse-unruhestifter-wird-75\/\"},\"author\":{\"name\":\"rtnews\",\"@id\":\"https:\/\/now-news.de\/de\/#\/schema\/person\/fb534a4e865501d8b3285208df34a9b5\"},\"headline\":\"NATO-Jubil\u00e4um: Der gro\u00dfe Unruhestifter wird 75\",\"datePublished\":\"2024-07-04T13:45:57+00:00\",\"dateModified\":\"2024-07-04T13:45:57+00:00\",\"mainEntityOfPage\":{\"@id\":\"https:\/\/now-news.de\/de\/deutschland\/nato-jubilaeum-der-grosse-unruhestifter-wird-75\/\"},\"wordCount\":882,\"commentCount\":0,\"publisher\":{\"@id\":\"https:\/\/now-news.de\/de\/#organization\"},\"image\":{\"@id\":\"https:\/\/now-news.de\/de\/deutschland\/nato-jubilaeum-der-grosse-unruhestifter-wird-75\/#primaryimage\"},\"thumbnailUrl\":\"https:\/\/now-news.de\/de\/wp-content\/uploads\/sites\/3\/2024\/07\/NATO-Jubilaeum-Der-grosse-Unruhestifter-wird-75.jpg\",\"keywords\":[\"der\",\"Gro\u00dfe\",\"NATOJubil\u00e4um\",\"Unruhestifter\",\"wird\"],\"articleSection\":[\"Deutschland\",\"Russland\"],\"inLanguage\":\"de\",\"potentialAction\":[{\"@type\":\"CommentAction\",\"name\":\"Comment\",\"target\":[\"https:\/\/now-news.de\/de\/deutschland\/nato-jubilaeum-der-grosse-unruhestifter-wird-75\/#respond\"]}]},{\"@type\":\"WebPage\",\"@id\":\"https:\/\/now-news.de\/de\/deutschland\/nato-jubilaeum-der-grosse-unruhestifter-wird-75\/\",\"url\":\"https:\/\/now-news.de\/de\/deutschland\/nato-jubilaeum-der-grosse-unruhestifter-wird-75\/\",\"name\":\"NATO-Jubil\u00e4um: Der gro\u00dfe Unruhestifter wird 75 - just-now.NEWS Deutschland\",\"isPartOf\":{\"@id\":\"https:\/\/now-news.de\/de\/#website\"},\"primaryImageOfPage\":{\"@id\":\"https:\/\/now-news.de\/de\/deutschland\/nato-jubilaeum-der-grosse-unruhestifter-wird-75\/#primaryimage\"},\"image\":{\"@id\":\"https:\/\/now-news.de\/de\/deutschland\/nato-jubilaeum-der-grosse-unruhestifter-wird-75\/#primaryimage\"},\"thumbnailUrl\":\"https:\/\/now-news.de\/de\/wp-content\/uploads\/sites\/3\/2024\/07\/NATO-Jubilaeum-Der-grosse-Unruhestifter-wird-75.jpg\",\"datePublished\":\"2024-07-04T13:45:57+00:00\",\"dateModified\":\"2024-07-04T13:45:57+00:00\",\"breadcrumb\":{\"@id\":\"https:\/\/now-news.de\/de\/deutschland\/nato-jubilaeum-der-grosse-unruhestifter-wird-75\/#breadcrumb\"},\"inLanguage\":\"de\",\"potentialAction\":[{\"@type\":\"ReadAction\",\"target\":[\"https:\/\/now-news.de\/de\/deutschland\/nato-jubilaeum-der-grosse-unruhestifter-wird-75\/\"]}]},{\"@type\":\"ImageObject\",\"inLanguage\":\"de\",\"@id\":\"https:\/\/now-news.de\/de\/deutschland\/nato-jubilaeum-der-grosse-unruhestifter-wird-75\/#primaryimage\",\"url\":\"https:\/\/now-news.de\/de\/wp-content\/uploads\/sites\/3\/2024\/07\/NATO-Jubilaeum-Der-grosse-Unruhestifter-wird-75.jpg\",\"contentUrl\":\"https:\/\/now-news.de\/de\/wp-content\/uploads\/sites\/3\/2024\/07\/NATO-Jubilaeum-Der-grosse-Unruhestifter-wird-75.jpg\",\"width\":460,\"height\":259,\"caption\":\"NATO-Jubil\u00e4um: Der gro\u00dfe Unruhestifter wird 75\"},{\"@type\":\"BreadcrumbList\",\"@id\":\"https:\/\/now-news.de\/de\/deutschland\/nato-jubilaeum-der-grosse-unruhestifter-wird-75\/#breadcrumb\",\"itemListElement\":[{\"@type\":\"ListItem\",\"position\":1,\"name\":\"Home\",\"item\":\"https:\/\/now-news.de\/de\/\"},{\"@type\":\"ListItem\",\"position\":2,\"name\":\"NATO-Jubil\u00e4um: Der gro\u00dfe Unruhestifter wird 75\"}]},{\"@type\":\"WebSite\",\"@id\":\"https:\/\/now-news.de\/de\/#website\",\"url\":\"https:\/\/now-news.de\/de\/\",\"name\":\"just-now.NEWS Deutschland\",\"description\":\"Das Portal f\u00fcr unzensierte Nachrichten aus der Welt\",\"publisher\":{\"@id\":\"https:\/\/now-news.de\/de\/#organization\"},\"potentialAction\":[{\"@type\":\"SearchAction\",\"target\":{\"@type\":\"EntryPoint\",\"urlTemplate\":\"https:\/\/now-news.de\/de\/?s={search_term_string}\"},\"query-input\":\"required name=search_term_string\"}],\"inLanguage\":\"de\"},{\"@type\":\"Organization\",\"@id\":\"https:\/\/now-news.de\/de\/#organization\",\"name\":\"Just Now News\",\"url\":\"https:\/\/now-news.de\/de\/\",\"logo\":{\"@type\":\"ImageObject\",\"inLanguage\":\"de\",\"@id\":\"https:\/\/now-news.de\/de\/#\/schema\/logo\/image\/\",\"url\":\"http:\/\/just-now.news\/de\/wp-content\/uploads\/sites\/3\/2022\/04\/logo500x500.jpg\",\"contentUrl\":\"http:\/\/just-now.news\/de\/wp-content\/uploads\/sites\/3\/2022\/04\/logo500x500.jpg\",\"width\":500,\"height\":500,\"caption\":\"Just Now News\"},\"image\":{\"@id\":\"https:\/\/now-news.de\/de\/#\/schema\/logo\/image\/\"},\"sameAs\":[\"https:\/\/www.facebook.com\/wirmachenauf\",\"https:\/\/x.com\/WirMachenAuf_de\"]},{\"@type\":\"Person\",\"@id\":\"https:\/\/now-news.de\/de\/#\/schema\/person\/fb534a4e865501d8b3285208df34a9b5\",\"name\":\"rtnews\",\"image\":{\"@type\":\"ImageObject\",\"inLanguage\":\"de\",\"@id\":\"https:\/\/now-news.de\/de\/#\/schema\/person\/image\/\",\"url\":\"https:\/\/secure.gravatar.com\/avatar\/82aafea7d8127119dd649515f56e2117?s=96&d=mm&r=g\",\"contentUrl\":\"https:\/\/secure.gravatar.com\/avatar\/82aafea7d8127119dd649515f56e2117?s=96&d=mm&r=g\",\"caption\":\"rtnews\"},\"url\":\"https:\/\/now-news.de\/de\/author\/rnews\/\"}]}<\/script>\n<!-- \/ Yoast SEO Premium plugin. -->","yoast_head_json":{"title":"NATO-Jubil\u00e4um: Der gro\u00dfe Unruhestifter wird 75 - just-now.NEWS Deutschland","robots":{"index":"index","follow":"follow","max-snippet":"max-snippet:-1","max-image-preview":"max-image-preview:large","max-video-preview":"max-video-preview:-1"},"canonical":"https:\/\/now-news.de\/de\/deutschland\/nato-jubilaeum-der-grosse-unruhestifter-wird-75\/","og_locale":"de_DE","og_type":"article","og_title":"NATO-Jubil\u00e4um: Der gro\u00dfe Unruhestifter wird 75","og_description":"Wie ein Geschw\u00fcr hat sich die NATO in den letzten drei Jahrzehnten ausgebreitet, der Sicherheit in Europa und weltweit war dies keineswegs zutr\u00e4glich. Russlands Botschafter in \u00d6sterreich Dmitri Ljubinski blickt auf 75 Jahre des westlichen Milit\u00e4rb\u00fcndnisses zur\u00fcck und ordnet sie in die aktuelle Lage ein. Von Dmitri Ljubinski Heuer zelebriert man mit viel Pathos den [&hellip;]","og_url":"https:\/\/now-news.de\/de\/deutschland\/nato-jubilaeum-der-grosse-unruhestifter-wird-75\/","og_site_name":"just-now.NEWS Deutschland","article_publisher":"https:\/\/www.facebook.com\/wirmachenauf","article_published_time":"2024-07-04T13:45:57+00:00","og_image":[{"url":"https:\/\/now-news.de\/de\/wp-content\/uploads\/sites\/3\/2024\/07\/6686a78f48fbef0c5b2c35ae.jpg"}],"author":"rtnews","twitter_card":"summary_large_image","twitter_creator":"@WirMachenAuf_de","twitter_site":"@WirMachenAuf_de","twitter_misc":{"Verfasst von":"rtnews","Gesch\u00e4tzte Lesezeit":"4\u00a0Minuten"},"schema":{"@context":"https:\/\/schema.org","@graph":[{"@type":"Article","@id":"https:\/\/now-news.de\/de\/deutschland\/nato-jubilaeum-der-grosse-unruhestifter-wird-75\/#article","isPartOf":{"@id":"https:\/\/now-news.de\/de\/deutschland\/nato-jubilaeum-der-grosse-unruhestifter-wird-75\/"},"author":{"name":"rtnews","@id":"https:\/\/now-news.de\/de\/#\/schema\/person\/fb534a4e865501d8b3285208df34a9b5"},"headline":"NATO-Jubil\u00e4um: Der gro\u00dfe Unruhestifter wird 75","datePublished":"2024-07-04T13:45:57+00:00","dateModified":"2024-07-04T13:45:57+00:00","mainEntityOfPage":{"@id":"https:\/\/now-news.de\/de\/deutschland\/nato-jubilaeum-der-grosse-unruhestifter-wird-75\/"},"wordCount":882,"commentCount":0,"publisher":{"@id":"https:\/\/now-news.de\/de\/#organization"},"image":{"@id":"https:\/\/now-news.de\/de\/deutschland\/nato-jubilaeum-der-grosse-unruhestifter-wird-75\/#primaryimage"},"thumbnailUrl":"https:\/\/now-news.de\/de\/wp-content\/uploads\/sites\/3\/2024\/07\/NATO-Jubilaeum-Der-grosse-Unruhestifter-wird-75.jpg","keywords":["der","Gro\u00dfe","NATOJubil\u00e4um","Unruhestifter","wird"],"articleSection":["Deutschland","Russland"],"inLanguage":"de","potentialAction":[{"@type":"CommentAction","name":"Comment","target":["https:\/\/now-news.de\/de\/deutschland\/nato-jubilaeum-der-grosse-unruhestifter-wird-75\/#respond"]}]},{"@type":"WebPage","@id":"https:\/\/now-news.de\/de\/deutschland\/nato-jubilaeum-der-grosse-unruhestifter-wird-75\/","url":"https:\/\/now-news.de\/de\/deutschland\/nato-jubilaeum-der-grosse-unruhestifter-wird-75\/","name":"NATO-Jubil\u00e4um: Der gro\u00dfe Unruhestifter wird 75 - just-now.NEWS Deutschland","isPartOf":{"@id":"https:\/\/now-news.de\/de\/#website"},"primaryImageOfPage":{"@id":"https:\/\/now-news.de\/de\/deutschland\/nato-jubilaeum-der-grosse-unruhestifter-wird-75\/#primaryimage"},"image":{"@id":"https:\/\/now-news.de\/de\/deutschland\/nato-jubilaeum-der-grosse-unruhestifter-wird-75\/#primaryimage"},"thumbnailUrl":"https:\/\/now-news.de\/de\/wp-content\/uploads\/sites\/3\/2024\/07\/NATO-Jubilaeum-Der-grosse-Unruhestifter-wird-75.jpg","datePublished":"2024-07-04T13:45:57+00:00","dateModified":"2024-07-04T13:45:57+00:00","breadcrumb":{"@id":"https:\/\/now-news.de\/de\/deutschland\/nato-jubilaeum-der-grosse-unruhestifter-wird-75\/#breadcrumb"},"inLanguage":"de","potentialAction":[{"@type":"ReadAction","target":["https:\/\/now-news.de\/de\/deutschland\/nato-jubilaeum-der-grosse-unruhestifter-wird-75\/"]}]},{"@type":"ImageObject","inLanguage":"de","@id":"https:\/\/now-news.de\/de\/deutschland\/nato-jubilaeum-der-grosse-unruhestifter-wird-75\/#primaryimage","url":"https:\/\/now-news.de\/de\/wp-content\/uploads\/sites\/3\/2024\/07\/NATO-Jubilaeum-Der-grosse-Unruhestifter-wird-75.jpg","contentUrl":"https:\/\/now-news.de\/de\/wp-content\/uploads\/sites\/3\/2024\/07\/NATO-Jubilaeum-Der-grosse-Unruhestifter-wird-75.jpg","width":460,"height":259,"caption":"NATO-Jubil\u00e4um: Der gro\u00dfe Unruhestifter wird 75"},{"@type":"BreadcrumbList","@id":"https:\/\/now-news.de\/de\/deutschland\/nato-jubilaeum-der-grosse-unruhestifter-wird-75\/#breadcrumb","itemListElement":[{"@type":"ListItem","position":1,"name":"Home","item":"https:\/\/now-news.de\/de\/"},{"@type":"ListItem","position":2,"name":"NATO-Jubil\u00e4um: Der gro\u00dfe Unruhestifter wird 75"}]},{"@type":"WebSite","@id":"https:\/\/now-news.de\/de\/#website","url":"https:\/\/now-news.de\/de\/","name":"just-now.NEWS Deutschland","description":"Das Portal f\u00fcr unzensierte Nachrichten aus der Welt","publisher":{"@id":"https:\/\/now-news.de\/de\/#organization"},"potentialAction":[{"@type":"SearchAction","target":{"@type":"EntryPoint","urlTemplate":"https:\/\/now-news.de\/de\/?s={search_term_string}"},"query-input":"required name=search_term_string"}],"inLanguage":"de"},{"@type":"Organization","@id":"https:\/\/now-news.de\/de\/#organization","name":"Just Now News","url":"https:\/\/now-news.de\/de\/","logo":{"@type":"ImageObject","inLanguage":"de","@id":"https:\/\/now-news.de\/de\/#\/schema\/logo\/image\/","url":"http:\/\/just-now.news\/de\/wp-content\/uploads\/sites\/3\/2022\/04\/logo500x500.jpg","contentUrl":"http:\/\/just-now.news\/de\/wp-content\/uploads\/sites\/3\/2022\/04\/logo500x500.jpg","width":500,"height":500,"caption":"Just Now News"},"image":{"@id":"https:\/\/now-news.de\/de\/#\/schema\/logo\/image\/"},"sameAs":["https:\/\/www.facebook.com\/wirmachenauf","https:\/\/x.com\/WirMachenAuf_de"]},{"@type":"Person","@id":"https:\/\/now-news.de\/de\/#\/schema\/person\/fb534a4e865501d8b3285208df34a9b5","name":"rtnews","image":{"@type":"ImageObject","inLanguage":"de","@id":"https:\/\/now-news.de\/de\/#\/schema\/person\/image\/","url":"https:\/\/secure.gravatar.com\/avatar\/82aafea7d8127119dd649515f56e2117?s=96&d=mm&r=g","contentUrl":"https:\/\/secure.gravatar.com\/avatar\/82aafea7d8127119dd649515f56e2117?s=96&d=mm&r=g","caption":"rtnews"},"url":"https:\/\/now-news.de\/de\/author\/rnews\/"}]}},"_links":{"self":[{"href":"https:\/\/now-news.de\/de\/wp-json\/wp\/v2\/posts\/64078"}],"collection":[{"href":"https:\/\/now-news.de\/de\/wp-json\/wp\/v2\/posts"}],"about":[{"href":"https:\/\/now-news.de\/de\/wp-json\/wp\/v2\/types\/post"}],"author":[{"embeddable":true,"href":"https:\/\/now-news.de\/de\/wp-json\/wp\/v2\/users\/3"}],"replies":[{"embeddable":true,"href":"https:\/\/now-news.de\/de\/wp-json\/wp\/v2\/comments?post=64078"}],"version-history":[{"count":0,"href":"https:\/\/now-news.de\/de\/wp-json\/wp\/v2\/posts\/64078\/revisions"}],"wp:featuredmedia":[{"embeddable":true,"href":"https:\/\/now-news.de\/de\/wp-json\/wp\/v2\/media\/64079"}],"wp:attachment":[{"href":"https:\/\/now-news.de\/de\/wp-json\/wp\/v2\/media?parent=64078"}],"wp:term":[{"taxonomy":"category","embeddable":true,"href":"https:\/\/now-news.de\/de\/wp-json\/wp\/v2\/categories?post=64078"},{"taxonomy":"post_tag","embeddable":true,"href":"https:\/\/now-news.de\/de\/wp-json\/wp\/v2\/tags?post=64078"}],"curies":[{"name":"wp","href":"https:\/\/api.w.org\/{rel}","templated":true}]}}