{"id":64058,"date":"2024-07-04T12:50:38","date_gmt":"2024-07-04T10:50:38","guid":{"rendered":"https:\/\/now-news.de\/de\/deutschland\/tucker-carlson-kuendigt-interview-mit-selenskij-an\/"},"modified":"2024-07-04T12:50:38","modified_gmt":"2024-07-04T10:50:38","slug":"tucker-carlson-kuendigt-interview-mit-selenskij-an","status":"publish","type":"post","link":"https:\/\/now-news.de\/de\/deutschland\/tucker-carlson-kuendigt-interview-mit-selenskij-an\/","title":{"rendered":"Tucker Carlson k\u00fcndigt Interview mit Selenskij an"},"content":{"rendered":"<p><img decoding=\"async\" src=\"https:\/\/now-news.de\/de\/wp-content\/uploads\/sites\/3\/2024\/07\/66866077b480cc73c54193c6.jpg\" \/><\/p>\n<div class=\"Text-root Text-type_1 \">\n                &#8220;Sieht so aus, als h\u00e4tten wir das Selenskij-Interview&#8221;, sagte Carlson auf X. Die Ukraine hatte den US-amerikanischen Journalisten zuvor auf die schwarze Liste gesetzt und ihn wegen &#8220;Verbrechen&#8221; wie das eines vielbeachteten Interviews mit Wladimir Putin als Staatsfeind gebrandmarkt.\n            <\/div>\n<p><\/p>\n<div class=\"Text-root Text-type_5 ArticleView-text ViewText-root \">\n<p>Wladimir Selenskij hat endlich eine Anfrage von Tucker Carlson f\u00fcr ein Interview mit ihm angenommen, teilte der US-amerikanische Journalist mit. Auf einer ber\u00fcchtigten ukrainischen Website, die mit der Regierung in Kiew verbunden ist, wurde vor einiger Zeit Carlson noch als Staatsfeind gebrandmarkt, insbesondere wegen seines Interviews mit dem russischen Pr\u00e4sidenten Wladimir Putin Anfang dieses Jahres.<\/p>\n<p>Carlson war einst Gastgeber einer hoch angesehenen Abendsendung auf <em>Fox News<\/em>, bis er im April letzten Jahres aus nicht ganz gekl\u00e4rten Gr\u00fcnden entlassen wurde. Seitdem hat er sein eigenes Netzwerk gegr\u00fcndet, das er auf X (fr\u00fcher Twitter) und Telegram ver\u00f6ffentlicht.<\/p>\n<p><em>&#8220;Sieht so aus, als h\u00e4tten wir das Selenskij-Interview&#8221;, <a rel=\"nofollow noopener\" target=\"_blank\" href=\"https:\/\/x.com\/TuckerCarlson\/status\/1808606839694561474\">sagte<\/a>\u00a0Carlson am Mittwoch.\u00a0&#8220;Wir haben es zwei Jahre lang versucht und mit besonderer Intensit\u00e4t nach dem Interview mit Putin im Februar.&#8221;<\/em><\/p>\n<p><em>&#8220;Es geht darum, den Amerikanern dringend ben\u00f6tigte Informationen \u00fcber den Konflikt zu liefern, der die Position ihres Landes in der Welt v\u00f6llig neu gestaltet. Wir hoffen, dass sie bald kommen&#8221;<\/em><strong>,<\/strong> f\u00fcgte er hinzu.<\/p>\n<p>Im Anschluss an das Putin-Interview erkl\u00e4rte Carlson, er habe auch Selenskij kontaktiert, um ihm die M\u00f6glichkeit zu geben, &#8220;<em>seine Position zu erkl\u00e4ren<\/em>&#8220;, doch der ukrainische Staatschef habe seine Ann\u00e4herungsversuche ignoriert.<\/p>\n<p>Der einflussreiche US-amerikanische Journalist kritisiert seit langem die US-Politik, Kiew im Konflikt mit Moskau zu unterst\u00fctzen.<\/p>\n<p><em>&#8220;Die Ukraine kann nicht gewinnen. Jeder auf der Welt wei\u00df das. Die Menschen sind sich dessen sehr bewusst. Es gibt keinen einzigen informierten Menschen au\u00dferhalb der Vereinigten Staaten, der glaubt, dass die Ukraine Russland irgendwie besiegen wird&#8221;<\/em>, sagte Carlson im April.<\/p>\n<p>Als Reaktion auf Carlsons Ank\u00fcndigung dieser Interview-M\u00f6glichkeit auf X forderte ihn die US-Kongressabgeordnete Marjorie Taylor Greene sofort auf, Carlson solle <em>&#8220;&#8230; vom amerikanischen Volk &#8230; Selenskij fragen, wo unser Geld bleibt. Und sagen Sie ihm, er soll ein Friedensabkommen mit Russland schlie\u00dfen und diesen Krieg beenden.&#8221;<\/em><\/p>\n<div class=\"EmbedBlock-root EmbedBlock-twitter\">\n<div class=\"TwitterEmbed\">\n<blockquote class=\"twitter-tweet lazyload\" data-twitter=\"twitter-tweet\">\n<p lang=\"en\" dir=\"ltr\">Ask Zelenskyy where our money is.And tell him to make a peace deal with Russia and end this war. From the American people. <a rel=\"nofollow noopener\" target=\"_blank\" href=\"https:\/\/t.co\/s0Jx1oThW2\">https:\/\/t.co\/s0Jx1oThW2<\/a><\/p>\n<p>\u2014 Rep. Marjorie Taylor Greene\ud83c\uddfa\ud83c\uddf8 (@RepMTG) <a rel=\"nofollow noopener\" target=\"_blank\" href=\"https:\/\/twitter.com\/RepMTG\/status\/1808623195722789127?ref_src=twsrc%5Etfw\">July 3, 2024<\/a><\/p><\/blockquote>\n<\/div>\n<\/div>\n<p>Im letzten Monat behauptete Carlson in einem Interview mit Donald Trump Jr., dass die Ukraine an ausl\u00e4ndische Investoren verkauft werde und dass die ukrainische Nation innerhalb von 50 Jahren verschwinden werde. &#8220;<em>Wir haben sie verraten wie kein anderes Land zuvor<\/em>&#8220;, kommentierte er das damals noch.<\/p>\n<p>Carlsons Ank\u00fcndigung hat bei seinen Fans einige Besorgnis ausgel\u00f6st, da er 2023 auf die ber\u00fcchtigte Liste Mirotworez der angeblichen &#8220;Staatsfeinde der Ukraine&#8221; gesetzt und als &#8220;Komplize der russischen Besatzer und Terroristen&#8221; bezeichnet wurde.<\/p>\n<p><em>&#8220;Veranstalten Sie das [Interview] auf neutralem Boden, oder er k\u00f6nnte Sie verschwinden lassen wie Gonzalo Lira&#8221;<\/em>, warnte der konservative Blogger Ian Miles Cheong den bekannten US-Journalisten und bezog sich dabei auf einen bekannten US-amerikanisch-chilenischen Journalisten, der Anfang dieses Jahres in einem ukrainischen Gef\u00e4ngnis zu Tode gefoltert wurde.<\/p>\n<p>Die umstrittene Datenbank Mirotworez (Friedensstifter) wurde 2014 von der ukrainischen Regierung nahestehenden Aktivisten ins Leben gerufen. Sie wird oft als <em>&#8220;T\u00f6tungsliste&#8221;<\/em> der Ukraine bezeichnet, da eine Reihe prominenter Journalisten und anderer Pers\u00f6nlichkeiten des \u00f6ffentlichen Lebens, die auf der Website aufgef\u00fchrt sind, im Laufe der Jahre ermordet wurden und dies dort auch \u00f6ffentlich als &#8220;erledigt&#8221; kenntlich gemacht wurde.<\/p>\n<p>Die ukrainische Regierung <a rel=\"nofollow noopener\" target=\"_blank\" href=\"https:\/\/vz.ru\/news\/2024\/7\/4\/1276143.html\">dementiert<\/a> derzeit jedoch, dass ein solches Interview mit Carlson stattfinden wird, teilte Selenskijs Pressesprecher Sergej Nikiforow mit. Der ukrainische Politiker habe <em>&#8220;einen ganz anderen Zeitplan, und Tucker Carlson ist nicht dabei&#8221;<\/em>, kommentierte Nikiforow auf sozialen Medien.<\/p>\n<p><strong>Mehr zum Thema<\/strong> &#8211;\u00a0<a rel=\"nofollow noopener\" target=\"_blank\" href=\"https:\/\/freedert.online\/kurzclips\/video\/211230-tucker-carlson-wer-fuer-hohen\/\">Tucker Carlson: Wer f\u00fcr diese hohen Energiekosten verantwortlich ist, hasst euch<\/a><\/p>\n<div class=\"EmbedBlock-root EmbedBlock-externalVideo EmbedBlock-vk\">\n<div class=\"VkEmbed\"><iframe class=\"lazyload\" data-src=\"https:\/\/vk.com\/video_ext.php?oid=-134310637&amp;id=456274327\" frameborder=\"0\" width=\"853\" height=\"480\" allowfullscreen><\/iframe><\/div>\n<\/div>\n<\/div>\n<p><script async src=\"https:\/\/platform.twitter.com\/widgets.js\" charset=\"utf-8\"><\/script><br \/>\n<br \/><br \/>\n<br \/><a href=\"https:\/\/de.rt.com\/international\/211246-tucker-carlson-kuendigt-selenskij-interview\/\">Source link <\/a><\/p>\n","protected":false},"excerpt":{"rendered":"<p>&#8220;Sieht so aus, als h\u00e4tten wir das Selenskij-Interview&#8221;, sagte Carlson auf X. Die Ukraine hatte den US-amerikanischen Journalisten zuvor auf die schwarze Liste gesetzt und ihn wegen &#8220;Verbrechen&#8221; wie das eines vielbeachteten Interviews mit Wladimir Putin als Staatsfeind gebrandmarkt. Wladimir Selenskij hat endlich eine Anfrage von Tucker Carlson f\u00fcr ein Interview mit ihm angenommen, teilte [&hellip;]<\/p>\n","protected":false},"author":3,"featured_media":64059,"comment_status":"open","ping_status":"open","sticky":false,"template":"","format":"standard","meta":{"_yoast_indexnow_last_ping":["1720090997"],"wp_automatic_camp":["217"],"4aca1183bfee11ce4bc67398870ad174":["Tucker Carlson k\u00fcndigt Interview mit Selenskij an"],"original_link":["https:\/\/de.rt.com\/international\/211246-tucker-carlson-kuendigt-selenskij-interview\/"],"_thumbnail_id":["64059"],"jnews_social_counter_last_update":["1777322516"],"_wptgpro_p2tg_sent2tg":["a:1:{i:23737;s:19:\"2024-07-04 13:04:24\";}"]},"categories":[19,23],"tags":[10167,122,4224,419,6158,10166],"yoast_head":"<!-- This site is optimized with the Yoast SEO Premium plugin v22.7 (Yoast SEO v22.7) - https:\/\/yoast.com\/wordpress\/plugins\/seo\/ -->\n<title>Tucker Carlson k\u00fcndigt Interview mit Selenskij an - just-now.NEWS Deutschland<\/title>\n<meta name=\"robots\" content=\"index, follow, max-snippet:-1, max-image-preview:large, max-video-preview:-1\" \/>\n<link rel=\"canonical\" href=\"https:\/\/now-news.de\/de\/deutschland\/tucker-carlson-kuendigt-interview-mit-selenskij-an\/\" \/>\n<meta property=\"og:locale\" content=\"de_DE\" \/>\n<meta property=\"og:type\" content=\"article\" \/>\n<meta property=\"og:title\" content=\"Tucker Carlson k\u00fcndigt Interview mit Selenskij an\" \/>\n<meta property=\"og:description\" content=\"&#8220;Sieht so aus, als h\u00e4tten wir das Selenskij-Interview&#8221;, sagte Carlson auf X. Die Ukraine hatte den US-amerikanischen Journalisten zuvor auf die schwarze Liste gesetzt und ihn wegen &#8220;Verbrechen&#8221; wie das eines vielbeachteten Interviews mit Wladimir Putin als Staatsfeind gebrandmarkt. Wladimir Selenskij hat endlich eine Anfrage von Tucker Carlson f\u00fcr ein Interview mit ihm angenommen, teilte [&hellip;]\" \/>\n<meta property=\"og:url\" content=\"https:\/\/now-news.de\/de\/deutschland\/tucker-carlson-kuendigt-interview-mit-selenskij-an\/\" \/>\n<meta property=\"og:site_name\" content=\"just-now.NEWS Deutschland\" \/>\n<meta property=\"article:publisher\" content=\"https:\/\/www.facebook.com\/wirmachenauf\" \/>\n<meta property=\"article:published_time\" content=\"2024-07-04T10:50:38+00:00\" \/>\n<meta property=\"og:image\" content=\"https:\/\/now-news.de\/de\/wp-content\/uploads\/sites\/3\/2024\/07\/66866077b480cc73c54193c6.jpg\" \/>\n<meta name=\"author\" content=\"rtnews\" \/>\n<meta name=\"twitter:card\" content=\"summary_large_image\" \/>\n<meta name=\"twitter:creator\" content=\"@WirMachenAuf_de\" \/>\n<meta name=\"twitter:site\" content=\"@WirMachenAuf_de\" \/>\n<meta name=\"twitter:label1\" content=\"Verfasst von\" \/>\n\t<meta name=\"twitter:data1\" content=\"rtnews\" \/>\n\t<meta name=\"twitter:label2\" content=\"Gesch\u00e4tzte Lesezeit\" \/>\n\t<meta name=\"twitter:data2\" content=\"3\u00a0Minuten\" \/>\n<script type=\"application\/ld+json\" class=\"yoast-schema-graph\">{\"@context\":\"https:\/\/schema.org\",\"@graph\":[{\"@type\":\"Article\",\"@id\":\"https:\/\/now-news.de\/de\/deutschland\/tucker-carlson-kuendigt-interview-mit-selenskij-an\/#article\",\"isPartOf\":{\"@id\":\"https:\/\/now-news.de\/de\/deutschland\/tucker-carlson-kuendigt-interview-mit-selenskij-an\/\"},\"author\":{\"name\":\"rtnews\",\"@id\":\"https:\/\/now-news.de\/de\/#\/schema\/person\/fb534a4e865501d8b3285208df34a9b5\"},\"headline\":\"Tucker Carlson k\u00fcndigt Interview mit Selenskij an\",\"datePublished\":\"2024-07-04T10:50:38+00:00\",\"dateModified\":\"2024-07-04T10:50:38+00:00\",\"mainEntityOfPage\":{\"@id\":\"https:\/\/now-news.de\/de\/deutschland\/tucker-carlson-kuendigt-interview-mit-selenskij-an\/\"},\"wordCount\":641,\"commentCount\":0,\"publisher\":{\"@id\":\"https:\/\/now-news.de\/de\/#organization\"},\"image\":{\"@id\":\"https:\/\/now-news.de\/de\/deutschland\/tucker-carlson-kuendigt-interview-mit-selenskij-an\/#primaryimage\"},\"thumbnailUrl\":\"https:\/\/now-news.de\/de\/wp-content\/uploads\/sites\/3\/2024\/07\/Tucker-Carlson-kuendigt-Interview-mit-Selenskij-an.jpg\",\"keywords\":[\"Carlson\",\"interview\",\"k\u00fcndigt\",\"mit\",\"Selenskij\",\"Tucker\"],\"articleSection\":[\"Deutschland\",\"Russland\"],\"inLanguage\":\"de\",\"potentialAction\":[{\"@type\":\"CommentAction\",\"name\":\"Comment\",\"target\":[\"https:\/\/now-news.de\/de\/deutschland\/tucker-carlson-kuendigt-interview-mit-selenskij-an\/#respond\"]}]},{\"@type\":\"WebPage\",\"@id\":\"https:\/\/now-news.de\/de\/deutschland\/tucker-carlson-kuendigt-interview-mit-selenskij-an\/\",\"url\":\"https:\/\/now-news.de\/de\/deutschland\/tucker-carlson-kuendigt-interview-mit-selenskij-an\/\",\"name\":\"Tucker Carlson k\u00fcndigt Interview mit Selenskij an - just-now.NEWS Deutschland\",\"isPartOf\":{\"@id\":\"https:\/\/now-news.de\/de\/#website\"},\"primaryImageOfPage\":{\"@id\":\"https:\/\/now-news.de\/de\/deutschland\/tucker-carlson-kuendigt-interview-mit-selenskij-an\/#primaryimage\"},\"image\":{\"@id\":\"https:\/\/now-news.de\/de\/deutschland\/tucker-carlson-kuendigt-interview-mit-selenskij-an\/#primaryimage\"},\"thumbnailUrl\":\"https:\/\/now-news.de\/de\/wp-content\/uploads\/sites\/3\/2024\/07\/Tucker-Carlson-kuendigt-Interview-mit-Selenskij-an.jpg\",\"datePublished\":\"2024-07-04T10:50:38+00:00\",\"dateModified\":\"2024-07-04T10:50:38+00:00\",\"breadcrumb\":{\"@id\":\"https:\/\/now-news.de\/de\/deutschland\/tucker-carlson-kuendigt-interview-mit-selenskij-an\/#breadcrumb\"},\"inLanguage\":\"de\",\"potentialAction\":[{\"@type\":\"ReadAction\",\"target\":[\"https:\/\/now-news.de\/de\/deutschland\/tucker-carlson-kuendigt-interview-mit-selenskij-an\/\"]}]},{\"@type\":\"ImageObject\",\"inLanguage\":\"de\",\"@id\":\"https:\/\/now-news.de\/de\/deutschland\/tucker-carlson-kuendigt-interview-mit-selenskij-an\/#primaryimage\",\"url\":\"https:\/\/now-news.de\/de\/wp-content\/uploads\/sites\/3\/2024\/07\/Tucker-Carlson-kuendigt-Interview-mit-Selenskij-an.jpg\",\"contentUrl\":\"https:\/\/now-news.de\/de\/wp-content\/uploads\/sites\/3\/2024\/07\/Tucker-Carlson-kuendigt-Interview-mit-Selenskij-an.jpg\",\"width\":460,\"height\":259,\"caption\":\"Tucker Carlson k\u00fcndigt Interview mit Selenskij an\"},{\"@type\":\"BreadcrumbList\",\"@id\":\"https:\/\/now-news.de\/de\/deutschland\/tucker-carlson-kuendigt-interview-mit-selenskij-an\/#breadcrumb\",\"itemListElement\":[{\"@type\":\"ListItem\",\"position\":1,\"name\":\"Home\",\"item\":\"https:\/\/now-news.de\/de\/\"},{\"@type\":\"ListItem\",\"position\":2,\"name\":\"Tucker Carlson k\u00fcndigt Interview mit Selenskij an\"}]},{\"@type\":\"WebSite\",\"@id\":\"https:\/\/now-news.de\/de\/#website\",\"url\":\"https:\/\/now-news.de\/de\/\",\"name\":\"just-now.NEWS Deutschland\",\"description\":\"Das Portal f\u00fcr unzensierte Nachrichten aus der Welt\",\"publisher\":{\"@id\":\"https:\/\/now-news.de\/de\/#organization\"},\"potentialAction\":[{\"@type\":\"SearchAction\",\"target\":{\"@type\":\"EntryPoint\",\"urlTemplate\":\"https:\/\/now-news.de\/de\/?s={search_term_string}\"},\"query-input\":\"required name=search_term_string\"}],\"inLanguage\":\"de\"},{\"@type\":\"Organization\",\"@id\":\"https:\/\/now-news.de\/de\/#organization\",\"name\":\"Just Now News\",\"url\":\"https:\/\/now-news.de\/de\/\",\"logo\":{\"@type\":\"ImageObject\",\"inLanguage\":\"de\",\"@id\":\"https:\/\/now-news.de\/de\/#\/schema\/logo\/image\/\",\"url\":\"http:\/\/just-now.news\/de\/wp-content\/uploads\/sites\/3\/2022\/04\/logo500x500.jpg\",\"contentUrl\":\"http:\/\/just-now.news\/de\/wp-content\/uploads\/sites\/3\/2022\/04\/logo500x500.jpg\",\"width\":500,\"height\":500,\"caption\":\"Just Now News\"},\"image\":{\"@id\":\"https:\/\/now-news.de\/de\/#\/schema\/logo\/image\/\"},\"sameAs\":[\"https:\/\/www.facebook.com\/wirmachenauf\",\"https:\/\/x.com\/WirMachenAuf_de\"]},{\"@type\":\"Person\",\"@id\":\"https:\/\/now-news.de\/de\/#\/schema\/person\/fb534a4e865501d8b3285208df34a9b5\",\"name\":\"rtnews\",\"image\":{\"@type\":\"ImageObject\",\"inLanguage\":\"de\",\"@id\":\"https:\/\/now-news.de\/de\/#\/schema\/person\/image\/\",\"url\":\"https:\/\/secure.gravatar.com\/avatar\/82aafea7d8127119dd649515f56e2117?s=96&d=mm&r=g\",\"contentUrl\":\"https:\/\/secure.gravatar.com\/avatar\/82aafea7d8127119dd649515f56e2117?s=96&d=mm&r=g\",\"caption\":\"rtnews\"},\"url\":\"https:\/\/now-news.de\/de\/author\/rnews\/\"}]}<\/script>\n<!-- \/ Yoast SEO Premium plugin. -->","yoast_head_json":{"title":"Tucker Carlson k\u00fcndigt Interview mit Selenskij an - just-now.NEWS Deutschland","robots":{"index":"index","follow":"follow","max-snippet":"max-snippet:-1","max-image-preview":"max-image-preview:large","max-video-preview":"max-video-preview:-1"},"canonical":"https:\/\/now-news.de\/de\/deutschland\/tucker-carlson-kuendigt-interview-mit-selenskij-an\/","og_locale":"de_DE","og_type":"article","og_title":"Tucker Carlson k\u00fcndigt Interview mit Selenskij an","og_description":"&#8220;Sieht so aus, als h\u00e4tten wir das Selenskij-Interview&#8221;, sagte Carlson auf X. Die Ukraine hatte den US-amerikanischen Journalisten zuvor auf die schwarze Liste gesetzt und ihn wegen &#8220;Verbrechen&#8221; wie das eines vielbeachteten Interviews mit Wladimir Putin als Staatsfeind gebrandmarkt. Wladimir Selenskij hat endlich eine Anfrage von Tucker Carlson f\u00fcr ein Interview mit ihm angenommen, teilte [&hellip;]","og_url":"https:\/\/now-news.de\/de\/deutschland\/tucker-carlson-kuendigt-interview-mit-selenskij-an\/","og_site_name":"just-now.NEWS Deutschland","article_publisher":"https:\/\/www.facebook.com\/wirmachenauf","article_published_time":"2024-07-04T10:50:38+00:00","og_image":[{"url":"https:\/\/now-news.de\/de\/wp-content\/uploads\/sites\/3\/2024\/07\/66866077b480cc73c54193c6.jpg"}],"author":"rtnews","twitter_card":"summary_large_image","twitter_creator":"@WirMachenAuf_de","twitter_site":"@WirMachenAuf_de","twitter_misc":{"Verfasst von":"rtnews","Gesch\u00e4tzte Lesezeit":"3\u00a0Minuten"},"schema":{"@context":"https:\/\/schema.org","@graph":[{"@type":"Article","@id":"https:\/\/now-news.de\/de\/deutschland\/tucker-carlson-kuendigt-interview-mit-selenskij-an\/#article","isPartOf":{"@id":"https:\/\/now-news.de\/de\/deutschland\/tucker-carlson-kuendigt-interview-mit-selenskij-an\/"},"author":{"name":"rtnews","@id":"https:\/\/now-news.de\/de\/#\/schema\/person\/fb534a4e865501d8b3285208df34a9b5"},"headline":"Tucker Carlson k\u00fcndigt Interview mit Selenskij an","datePublished":"2024-07-04T10:50:38+00:00","dateModified":"2024-07-04T10:50:38+00:00","mainEntityOfPage":{"@id":"https:\/\/now-news.de\/de\/deutschland\/tucker-carlson-kuendigt-interview-mit-selenskij-an\/"},"wordCount":641,"commentCount":0,"publisher":{"@id":"https:\/\/now-news.de\/de\/#organization"},"image":{"@id":"https:\/\/now-news.de\/de\/deutschland\/tucker-carlson-kuendigt-interview-mit-selenskij-an\/#primaryimage"},"thumbnailUrl":"https:\/\/now-news.de\/de\/wp-content\/uploads\/sites\/3\/2024\/07\/Tucker-Carlson-kuendigt-Interview-mit-Selenskij-an.jpg","keywords":["Carlson","interview","k\u00fcndigt","mit","Selenskij","Tucker"],"articleSection":["Deutschland","Russland"],"inLanguage":"de","potentialAction":[{"@type":"CommentAction","name":"Comment","target":["https:\/\/now-news.de\/de\/deutschland\/tucker-carlson-kuendigt-interview-mit-selenskij-an\/#respond"]}]},{"@type":"WebPage","@id":"https:\/\/now-news.de\/de\/deutschland\/tucker-carlson-kuendigt-interview-mit-selenskij-an\/","url":"https:\/\/now-news.de\/de\/deutschland\/tucker-carlson-kuendigt-interview-mit-selenskij-an\/","name":"Tucker Carlson k\u00fcndigt Interview mit Selenskij an - just-now.NEWS Deutschland","isPartOf":{"@id":"https:\/\/now-news.de\/de\/#website"},"primaryImageOfPage":{"@id":"https:\/\/now-news.de\/de\/deutschland\/tucker-carlson-kuendigt-interview-mit-selenskij-an\/#primaryimage"},"image":{"@id":"https:\/\/now-news.de\/de\/deutschland\/tucker-carlson-kuendigt-interview-mit-selenskij-an\/#primaryimage"},"thumbnailUrl":"https:\/\/now-news.de\/de\/wp-content\/uploads\/sites\/3\/2024\/07\/Tucker-Carlson-kuendigt-Interview-mit-Selenskij-an.jpg","datePublished":"2024-07-04T10:50:38+00:00","dateModified":"2024-07-04T10:50:38+00:00","breadcrumb":{"@id":"https:\/\/now-news.de\/de\/deutschland\/tucker-carlson-kuendigt-interview-mit-selenskij-an\/#breadcrumb"},"inLanguage":"de","potentialAction":[{"@type":"ReadAction","target":["https:\/\/now-news.de\/de\/deutschland\/tucker-carlson-kuendigt-interview-mit-selenskij-an\/"]}]},{"@type":"ImageObject","inLanguage":"de","@id":"https:\/\/now-news.de\/de\/deutschland\/tucker-carlson-kuendigt-interview-mit-selenskij-an\/#primaryimage","url":"https:\/\/now-news.de\/de\/wp-content\/uploads\/sites\/3\/2024\/07\/Tucker-Carlson-kuendigt-Interview-mit-Selenskij-an.jpg","contentUrl":"https:\/\/now-news.de\/de\/wp-content\/uploads\/sites\/3\/2024\/07\/Tucker-Carlson-kuendigt-Interview-mit-Selenskij-an.jpg","width":460,"height":259,"caption":"Tucker Carlson k\u00fcndigt Interview mit Selenskij an"},{"@type":"BreadcrumbList","@id":"https:\/\/now-news.de\/de\/deutschland\/tucker-carlson-kuendigt-interview-mit-selenskij-an\/#breadcrumb","itemListElement":[{"@type":"ListItem","position":1,"name":"Home","item":"https:\/\/now-news.de\/de\/"},{"@type":"ListItem","position":2,"name":"Tucker Carlson k\u00fcndigt Interview mit Selenskij an"}]},{"@type":"WebSite","@id":"https:\/\/now-news.de\/de\/#website","url":"https:\/\/now-news.de\/de\/","name":"just-now.NEWS Deutschland","description":"Das Portal f\u00fcr unzensierte Nachrichten aus der Welt","publisher":{"@id":"https:\/\/now-news.de\/de\/#organization"},"potentialAction":[{"@type":"SearchAction","target":{"@type":"EntryPoint","urlTemplate":"https:\/\/now-news.de\/de\/?s={search_term_string}"},"query-input":"required name=search_term_string"}],"inLanguage":"de"},{"@type":"Organization","@id":"https:\/\/now-news.de\/de\/#organization","name":"Just Now News","url":"https:\/\/now-news.de\/de\/","logo":{"@type":"ImageObject","inLanguage":"de","@id":"https:\/\/now-news.de\/de\/#\/schema\/logo\/image\/","url":"http:\/\/just-now.news\/de\/wp-content\/uploads\/sites\/3\/2022\/04\/logo500x500.jpg","contentUrl":"http:\/\/just-now.news\/de\/wp-content\/uploads\/sites\/3\/2022\/04\/logo500x500.jpg","width":500,"height":500,"caption":"Just Now News"},"image":{"@id":"https:\/\/now-news.de\/de\/#\/schema\/logo\/image\/"},"sameAs":["https:\/\/www.facebook.com\/wirmachenauf","https:\/\/x.com\/WirMachenAuf_de"]},{"@type":"Person","@id":"https:\/\/now-news.de\/de\/#\/schema\/person\/fb534a4e865501d8b3285208df34a9b5","name":"rtnews","image":{"@type":"ImageObject","inLanguage":"de","@id":"https:\/\/now-news.de\/de\/#\/schema\/person\/image\/","url":"https:\/\/secure.gravatar.com\/avatar\/82aafea7d8127119dd649515f56e2117?s=96&d=mm&r=g","contentUrl":"https:\/\/secure.gravatar.com\/avatar\/82aafea7d8127119dd649515f56e2117?s=96&d=mm&r=g","caption":"rtnews"},"url":"https:\/\/now-news.de\/de\/author\/rnews\/"}]}},"_links":{"self":[{"href":"https:\/\/now-news.de\/de\/wp-json\/wp\/v2\/posts\/64058"}],"collection":[{"href":"https:\/\/now-news.de\/de\/wp-json\/wp\/v2\/posts"}],"about":[{"href":"https:\/\/now-news.de\/de\/wp-json\/wp\/v2\/types\/post"}],"author":[{"embeddable":true,"href":"https:\/\/now-news.de\/de\/wp-json\/wp\/v2\/users\/3"}],"replies":[{"embeddable":true,"href":"https:\/\/now-news.de\/de\/wp-json\/wp\/v2\/comments?post=64058"}],"version-history":[{"count":0,"href":"https:\/\/now-news.de\/de\/wp-json\/wp\/v2\/posts\/64058\/revisions"}],"wp:featuredmedia":[{"embeddable":true,"href":"https:\/\/now-news.de\/de\/wp-json\/wp\/v2\/media\/64059"}],"wp:attachment":[{"href":"https:\/\/now-news.de\/de\/wp-json\/wp\/v2\/media?parent=64058"}],"wp:term":[{"taxonomy":"category","embeddable":true,"href":"https:\/\/now-news.de\/de\/wp-json\/wp\/v2\/categories?post=64058"},{"taxonomy":"post_tag","embeddable":true,"href":"https:\/\/now-news.de\/de\/wp-json\/wp\/v2\/tags?post=64058"}],"curies":[{"name":"wp","href":"https:\/\/api.w.org\/{rel}","templated":true}]}}