{"id":63952,"date":"2024-07-02T19:46:18","date_gmt":"2024-07-02T17:46:18","guid":{"rendered":"https:\/\/now-news.de\/de\/deutschland\/lukaschenko-westen-will-weissrussland-in-militaerischen-konflikt-verwickeln\/"},"modified":"2024-07-02T19:46:18","modified_gmt":"2024-07-02T17:46:18","slug":"lukaschenko-westen-will-weissrussland-in-militaerischen-konflikt-verwickeln","status":"publish","type":"post","link":"https:\/\/now-news.de\/de\/deutschland\/lukaschenko-westen-will-weissrussland-in-militaerischen-konflikt-verwickeln\/","title":{"rendered":"Lukaschenko: Westen will Wei\u00dfrussland in milit\u00e4rischen Konflikt verwickeln"},"content":{"rendered":"<p><img decoding=\"async\" src=\"https:\/\/now-news.de\/de\/wp-content\/uploads\/sites\/3\/2024\/07\/668407f2b480cc3434563267.jpg\" \/><\/p>\n<div class=\"Text-root Text-type_1 \">\n                Pr\u00e4sident Lukaschenko warnte davor, dass westliche L\u00e4nder Wei\u00dfrussland durch Truppenansammlungen an seinen Grenzen in den milit\u00e4rischen Konflikt ziehen wollen. Minsk tue alles, um den Frieden zu wahren. Falls die Souver\u00e4nit\u00e4t bedroht werde, k\u00f6nnten nicht strategische Atomwaffen eingesetzt werden.\n            <\/div>\n<p><\/p>\n<div class=\"Text-root Text-type_5 ArticleView-text ViewText-root \">\n<p>Die westlichen L\u00e4nder k\u00f6nnten es kaum erwarten, Wei\u00dfrussland in ihre milit\u00e4rischen Streitigkeiten hineinzuziehen, erkl\u00e4rte der wei\u00dfrussische Pr\u00e4sident Alexander Lukaschenko in einem Kommentar zu j\u00fcngsten Berichten \u00fcber eine Zusammenziehung ukrainischer und NATO-Truppen entlang der Grenzen des Landes.<\/p>\n<p>Lukaschenko \u00e4u\u00dferte diese Bemerkungen w\u00e4hrend eines Treffens mit dem rangh\u00f6chsten russischen Abgeordneten Wjatscheslaw Wolodin. Der Vorsitzende des russischen Parlaments besucht Minsk anl\u00e4sslich der Feierlichkeiten zum wei\u00dfrussischen Unabh\u00e4ngigkeitstag am 3. Juli.<\/p>\n<p>Am Wochenende ver\u00f6ffentlichte das wei\u00dfrussische Verteidigungsministerium mehrere Erkl\u00e4rungen, in denen es behauptete, die Ukraine und die NATO-Staaten w\u00fcrden Truppen an den Grenzen des Landes zusammenziehen. Wei\u00dfrussland grenzt an die NATO-Mitglieder Lettland, Litauen und Polen sowie an die Ukraine und Russland.\u00a0 Lukaschenko f\u00fchrte dazu aus:<\/p>\n<blockquote>\n<p><em>&#8220;Sie k\u00f6nnen es kaum erwarten, uns in ihre milit\u00e4rischen Auseinandersetzungen hineinzuziehen. Sie tun es, um uns dazu zu bringen, unsere Streitkr\u00e4fte entlang der Grenze auszudehnen, uns widerstandslos zu machen und die Situation so weit zu eskalieren, dass die ganze Welt erzittert.&#8221;<\/em><\/p>\n<\/blockquote>\n<p>Am Samstag erkl\u00e4rte der stellvertretende Kommandeur der wei\u00dfrussischen Spezialeinsatzkr\u00e4fte, Oberst Wadim Lukaschewitsch, die Spannungen entlang der Grenze zwischen Wei\u00dfrussland und der Ukraine n\u00e4hmen zu, und Kiew w\u00fcrde an der 1.000 Kilometer langen Grenze zu seinem n\u00f6rdlichen Nachbarn Truppen, Panzerfahrzeuge und Raketensysteme zusammenziehen. Lukaschewitsch w\u00f6rtlich:<\/p>\n<blockquote>\n<p><em>&#8220;Die Koalition westlicher L\u00e4nder hat einen hei\u00dfen Konflikt in der N\u00e4he unseres Territoriums entfesselt. Von ihrer Seite gibt es Versuche, unser Land in den Krieg zu ziehen. Unter diesen schwierigen Bedingungen unternimmt unser Land alles, um den Frieden auf wei\u00dfrussischem Boden zu bewahren.&#8221;<\/em><\/p>\n<\/blockquote>\n<p>Lukaschewitsch behauptete, dass es in den von den ukrainischen Streitkr\u00e4ften an der Grenze errichteten Minensperren Durchg\u00e4nge gebe, die m\u00f6glicherweise dazu dienen k\u00f6nnten, feindliche Sabotage- und Aufkl\u00e4rungstruppen auf belarussisches Gebiet zu schleusen, um dort Sabotageakte und terroristische Anschl\u00e4ge durchzuf\u00fchren.<\/p>\n<p>Laut dem wei\u00dfrussischen Generalstabschef Pawel Muraweiko seien 20.000 NATO-Soldaten nahe der Landesgrenzen stationiert, darunter auch US-Truppen. Diese Kr\u00e4fte seien ein &#8220;St\u00f6rfaktor&#8221; f\u00fcr das Milit\u00e4r des Landes, sagte er.<\/p>\n<p>Muraweiko erkl\u00e4rte dazu, dass die Lage an der Grenze zur Ukraine &#8220;sehr komplex&#8221; ist und sich t\u00e4glich &#8220;nicht zum Besseren&#8221; ver\u00e4ndere. Angeblich seien ukrainische Spezialeinheiten im Dorf Owrutsch in der Richtung Rowno-Schitomir eingetroffen, was die wei\u00dfrussische F\u00fchrung &#8220;alarmiert&#8221; habe. Muraweiko stellte fest, dass es bisher keine &#8220;starken Provokationen&#8221; an der Grenze zur Ukraine gegeben habe, aber die Bedingungen f\u00fcr &#8220;einige Manipulationen&#8221; seien heute &#8220;definitiv sichtbar&#8221;. <br \/><em><\/em><\/p>\n<blockquote>\n<p><em>&#8220;Ein letztes Argument und eine These, die als Abschreckungsfaktor dient, ist die R\u00fcckkehr von nicht strategischen nuklearen Waffen auf unser Territorium. Wir haben gelernt, mit diesen Waffen umzugehen.&#8221;<\/em><\/p>\n<p><em>&#8220;Wir sind in der Lage, sie sicher und effektiv einzusetzen. Wenn die Souver\u00e4nit\u00e4t und Unabh\u00e4ngigkeit unseres Landes bedroht werden, werden wir dies tun.&#8221;<\/em><\/p>\n<\/blockquote>\n<p>Nach Ansicht des wei\u00dfrussischen Staatschefs Lukaschenko sei die Lage &#8220;sehr ernst&#8221; und Minsk m\u00fcsse weiterhin auf der Hut sein. Im Mai \u00e4u\u00dferte er die Sorge, dass ein dritter Weltkrieg drohe, der eine nukleare Apokalypse zur Folge haben k\u00f6nnte.<\/p>\n<p><strong>Mehr zum Thema<\/strong> \u2013 <a rel=\"nofollow noopener\" target=\"_blank\" href=\"https:\/\/freedert.online\/international\/210682-weissrussland-beschliesst-staerkung-grenze-zur-ukraine\/\">Wei\u00dfrussland verst\u00e4rkt Grenze zu Ukraine<\/a><\/p>\n<\/p>\n<\/div>\n<p><br \/>\n<br \/><a href=\"https:\/\/de.rt.com\/europa\/211055-lukaschenko-westen-will-weissrussland-in-militaerischen-konflikt-verwickeln\/\">Source link <\/a><\/p>\n","protected":false},"excerpt":{"rendered":"<p>Pr\u00e4sident Lukaschenko warnte davor, dass westliche L\u00e4nder Wei\u00dfrussland durch Truppenansammlungen an seinen Grenzen in den milit\u00e4rischen Konflikt ziehen wollen. Minsk tue alles, um den Frieden zu wahren. Falls die Souver\u00e4nit\u00e4t bedroht werde, k\u00f6nnten nicht strategische Atomwaffen eingesetzt werden. Die westlichen L\u00e4nder k\u00f6nnten es kaum erwarten, Wei\u00dfrussland in ihre milit\u00e4rischen Streitigkeiten hineinzuziehen, erkl\u00e4rte der wei\u00dfrussische Pr\u00e4sident [&hellip;]<\/p>\n","protected":false},"author":3,"featured_media":63953,"comment_status":"open","ping_status":"open","sticky":false,"template":"","format":"standard","meta":{"_yoast_indexnow_last_ping":["1719942473"],"wp_automatic_camp":["217"],"f29cc7d2847a44ab2d14707dd9685722":["Lukaschenko: Westen will Wei\u00dfrussland in milit\u00e4rischen Konflikt verwickeln"],"original_link":["https:\/\/de.rt.com\/europa\/211055-lukaschenko-westen-will-weissrussland-in-militaerischen-konflikt-verwickeln\/"],"_thumbnail_id":["63953"],"jnews_social_counter_last_update":["1777182006"],"_wptgpro_p2tg_sent2tg":["a:1:{i:23737;s:19:\"2024-07-02 19:48:57\";}"]},"categories":[19,23],"tags":[1810,21453,20361,49028,18575,378],"yoast_head":"<!-- This site is optimized with the Yoast SEO Premium plugin v22.7 (Yoast SEO v22.7) - https:\/\/yoast.com\/wordpress\/plugins\/seo\/ -->\n<title>Lukaschenko: Westen will Wei\u00dfrussland in milit\u00e4rischen Konflikt verwickeln - just-now.NEWS Deutschland<\/title>\n<meta name=\"robots\" content=\"index, follow, max-snippet:-1, max-image-preview:large, max-video-preview:-1\" \/>\n<link rel=\"canonical\" href=\"https:\/\/now-news.de\/de\/deutschland\/lukaschenko-westen-will-weissrussland-in-militaerischen-konflikt-verwickeln\/\" \/>\n<meta property=\"og:locale\" content=\"de_DE\" \/>\n<meta property=\"og:type\" content=\"article\" \/>\n<meta property=\"og:title\" content=\"Lukaschenko: Westen will Wei\u00dfrussland in milit\u00e4rischen Konflikt verwickeln\" \/>\n<meta property=\"og:description\" content=\"Pr\u00e4sident Lukaschenko warnte davor, dass westliche L\u00e4nder Wei\u00dfrussland durch Truppenansammlungen an seinen Grenzen in den milit\u00e4rischen Konflikt ziehen wollen. Minsk tue alles, um den Frieden zu wahren. Falls die Souver\u00e4nit\u00e4t bedroht werde, k\u00f6nnten nicht strategische Atomwaffen eingesetzt werden. Die westlichen L\u00e4nder k\u00f6nnten es kaum erwarten, Wei\u00dfrussland in ihre milit\u00e4rischen Streitigkeiten hineinzuziehen, erkl\u00e4rte der wei\u00dfrussische Pr\u00e4sident [&hellip;]\" \/>\n<meta property=\"og:url\" content=\"https:\/\/now-news.de\/de\/deutschland\/lukaschenko-westen-will-weissrussland-in-militaerischen-konflikt-verwickeln\/\" \/>\n<meta property=\"og:site_name\" content=\"just-now.NEWS Deutschland\" \/>\n<meta property=\"article:publisher\" content=\"https:\/\/www.facebook.com\/wirmachenauf\" \/>\n<meta property=\"article:published_time\" content=\"2024-07-02T17:46:18+00:00\" \/>\n<meta property=\"og:image\" content=\"https:\/\/now-news.de\/de\/wp-content\/uploads\/sites\/3\/2024\/07\/668407f2b480cc3434563267.jpg\" \/>\n<meta name=\"author\" content=\"rtnews\" \/>\n<meta name=\"twitter:card\" content=\"summary_large_image\" \/>\n<meta name=\"twitter:creator\" content=\"@WirMachenAuf_de\" \/>\n<meta name=\"twitter:site\" content=\"@WirMachenAuf_de\" \/>\n<meta name=\"twitter:label1\" content=\"Verfasst von\" \/>\n\t<meta name=\"twitter:data1\" content=\"rtnews\" \/>\n\t<meta name=\"twitter:label2\" content=\"Gesch\u00e4tzte Lesezeit\" \/>\n\t<meta name=\"twitter:data2\" content=\"3\u00a0Minuten\" \/>\n<script type=\"application\/ld+json\" class=\"yoast-schema-graph\">{\"@context\":\"https:\/\/schema.org\",\"@graph\":[{\"@type\":\"Article\",\"@id\":\"https:\/\/now-news.de\/de\/deutschland\/lukaschenko-westen-will-weissrussland-in-militaerischen-konflikt-verwickeln\/#article\",\"isPartOf\":{\"@id\":\"https:\/\/now-news.de\/de\/deutschland\/lukaschenko-westen-will-weissrussland-in-militaerischen-konflikt-verwickeln\/\"},\"author\":{\"name\":\"rtnews\",\"@id\":\"https:\/\/now-news.de\/de\/#\/schema\/person\/fb534a4e865501d8b3285208df34a9b5\"},\"headline\":\"Lukaschenko: Westen will Wei\u00dfrussland in milit\u00e4rischen Konflikt verwickeln\",\"datePublished\":\"2024-07-02T17:46:18+00:00\",\"dateModified\":\"2024-07-02T17:46:18+00:00\",\"mainEntityOfPage\":{\"@id\":\"https:\/\/now-news.de\/de\/deutschland\/lukaschenko-westen-will-weissrussland-in-militaerischen-konflikt-verwickeln\/\"},\"wordCount\":584,\"commentCount\":0,\"publisher\":{\"@id\":\"https:\/\/now-news.de\/de\/#organization\"},\"image\":{\"@id\":\"https:\/\/now-news.de\/de\/deutschland\/lukaschenko-westen-will-weissrussland-in-militaerischen-konflikt-verwickeln\/#primaryimage\"},\"thumbnailUrl\":\"https:\/\/now-news.de\/de\/wp-content\/uploads\/sites\/3\/2024\/07\/Lukaschenko-Westen-will-Weissrussland-in-militaerischen-Konflikt-verwickeln.jpg\",\"keywords\":[\"Konflikt\",\"Lukaschenko\",\"milit\u00e4rischen\",\"verwickeln\",\"Wei\u00dfrussland\",\"Westen\"],\"articleSection\":[\"Deutschland\",\"Russland\"],\"inLanguage\":\"de\",\"potentialAction\":[{\"@type\":\"CommentAction\",\"name\":\"Comment\",\"target\":[\"https:\/\/now-news.de\/de\/deutschland\/lukaschenko-westen-will-weissrussland-in-militaerischen-konflikt-verwickeln\/#respond\"]}]},{\"@type\":\"WebPage\",\"@id\":\"https:\/\/now-news.de\/de\/deutschland\/lukaschenko-westen-will-weissrussland-in-militaerischen-konflikt-verwickeln\/\",\"url\":\"https:\/\/now-news.de\/de\/deutschland\/lukaschenko-westen-will-weissrussland-in-militaerischen-konflikt-verwickeln\/\",\"name\":\"Lukaschenko: Westen will Wei\u00dfrussland in milit\u00e4rischen Konflikt verwickeln - just-now.NEWS Deutschland\",\"isPartOf\":{\"@id\":\"https:\/\/now-news.de\/de\/#website\"},\"primaryImageOfPage\":{\"@id\":\"https:\/\/now-news.de\/de\/deutschland\/lukaschenko-westen-will-weissrussland-in-militaerischen-konflikt-verwickeln\/#primaryimage\"},\"image\":{\"@id\":\"https:\/\/now-news.de\/de\/deutschland\/lukaschenko-westen-will-weissrussland-in-militaerischen-konflikt-verwickeln\/#primaryimage\"},\"thumbnailUrl\":\"https:\/\/now-news.de\/de\/wp-content\/uploads\/sites\/3\/2024\/07\/Lukaschenko-Westen-will-Weissrussland-in-militaerischen-Konflikt-verwickeln.jpg\",\"datePublished\":\"2024-07-02T17:46:18+00:00\",\"dateModified\":\"2024-07-02T17:46:18+00:00\",\"breadcrumb\":{\"@id\":\"https:\/\/now-news.de\/de\/deutschland\/lukaschenko-westen-will-weissrussland-in-militaerischen-konflikt-verwickeln\/#breadcrumb\"},\"inLanguage\":\"de\",\"potentialAction\":[{\"@type\":\"ReadAction\",\"target\":[\"https:\/\/now-news.de\/de\/deutschland\/lukaschenko-westen-will-weissrussland-in-militaerischen-konflikt-verwickeln\/\"]}]},{\"@type\":\"ImageObject\",\"inLanguage\":\"de\",\"@id\":\"https:\/\/now-news.de\/de\/deutschland\/lukaschenko-westen-will-weissrussland-in-militaerischen-konflikt-verwickeln\/#primaryimage\",\"url\":\"https:\/\/now-news.de\/de\/wp-content\/uploads\/sites\/3\/2024\/07\/Lukaschenko-Westen-will-Weissrussland-in-militaerischen-Konflikt-verwickeln.jpg\",\"contentUrl\":\"https:\/\/now-news.de\/de\/wp-content\/uploads\/sites\/3\/2024\/07\/Lukaschenko-Westen-will-Weissrussland-in-militaerischen-Konflikt-verwickeln.jpg\",\"width\":460,\"height\":259,\"caption\":\"Lukaschenko: Westen will Wei\u00dfrussland in milit\u00e4rischen Konflikt verwickeln\"},{\"@type\":\"BreadcrumbList\",\"@id\":\"https:\/\/now-news.de\/de\/deutschland\/lukaschenko-westen-will-weissrussland-in-militaerischen-konflikt-verwickeln\/#breadcrumb\",\"itemListElement\":[{\"@type\":\"ListItem\",\"position\":1,\"name\":\"Home\",\"item\":\"https:\/\/now-news.de\/de\/\"},{\"@type\":\"ListItem\",\"position\":2,\"name\":\"Lukaschenko: Westen will Wei\u00dfrussland in milit\u00e4rischen Konflikt verwickeln\"}]},{\"@type\":\"WebSite\",\"@id\":\"https:\/\/now-news.de\/de\/#website\",\"url\":\"https:\/\/now-news.de\/de\/\",\"name\":\"just-now.NEWS Deutschland\",\"description\":\"Das Portal f\u00fcr unzensierte Nachrichten aus der Welt\",\"publisher\":{\"@id\":\"https:\/\/now-news.de\/de\/#organization\"},\"potentialAction\":[{\"@type\":\"SearchAction\",\"target\":{\"@type\":\"EntryPoint\",\"urlTemplate\":\"https:\/\/now-news.de\/de\/?s={search_term_string}\"},\"query-input\":\"required name=search_term_string\"}],\"inLanguage\":\"de\"},{\"@type\":\"Organization\",\"@id\":\"https:\/\/now-news.de\/de\/#organization\",\"name\":\"Just Now News\",\"url\":\"https:\/\/now-news.de\/de\/\",\"logo\":{\"@type\":\"ImageObject\",\"inLanguage\":\"de\",\"@id\":\"https:\/\/now-news.de\/de\/#\/schema\/logo\/image\/\",\"url\":\"http:\/\/just-now.news\/de\/wp-content\/uploads\/sites\/3\/2022\/04\/logo500x500.jpg\",\"contentUrl\":\"http:\/\/just-now.news\/de\/wp-content\/uploads\/sites\/3\/2022\/04\/logo500x500.jpg\",\"width\":500,\"height\":500,\"caption\":\"Just Now News\"},\"image\":{\"@id\":\"https:\/\/now-news.de\/de\/#\/schema\/logo\/image\/\"},\"sameAs\":[\"https:\/\/www.facebook.com\/wirmachenauf\",\"https:\/\/x.com\/WirMachenAuf_de\"]},{\"@type\":\"Person\",\"@id\":\"https:\/\/now-news.de\/de\/#\/schema\/person\/fb534a4e865501d8b3285208df34a9b5\",\"name\":\"rtnews\",\"image\":{\"@type\":\"ImageObject\",\"inLanguage\":\"de\",\"@id\":\"https:\/\/now-news.de\/de\/#\/schema\/person\/image\/\",\"url\":\"https:\/\/secure.gravatar.com\/avatar\/82aafea7d8127119dd649515f56e2117?s=96&d=mm&r=g\",\"contentUrl\":\"https:\/\/secure.gravatar.com\/avatar\/82aafea7d8127119dd649515f56e2117?s=96&d=mm&r=g\",\"caption\":\"rtnews\"},\"url\":\"https:\/\/now-news.de\/de\/author\/rnews\/\"}]}<\/script>\n<!-- \/ Yoast SEO Premium plugin. -->","yoast_head_json":{"title":"Lukaschenko: Westen will Wei\u00dfrussland in milit\u00e4rischen Konflikt verwickeln - just-now.NEWS Deutschland","robots":{"index":"index","follow":"follow","max-snippet":"max-snippet:-1","max-image-preview":"max-image-preview:large","max-video-preview":"max-video-preview:-1"},"canonical":"https:\/\/now-news.de\/de\/deutschland\/lukaschenko-westen-will-weissrussland-in-militaerischen-konflikt-verwickeln\/","og_locale":"de_DE","og_type":"article","og_title":"Lukaschenko: Westen will Wei\u00dfrussland in milit\u00e4rischen Konflikt verwickeln","og_description":"Pr\u00e4sident Lukaschenko warnte davor, dass westliche L\u00e4nder Wei\u00dfrussland durch Truppenansammlungen an seinen Grenzen in den milit\u00e4rischen Konflikt ziehen wollen. Minsk tue alles, um den Frieden zu wahren. Falls die Souver\u00e4nit\u00e4t bedroht werde, k\u00f6nnten nicht strategische Atomwaffen eingesetzt werden. Die westlichen L\u00e4nder k\u00f6nnten es kaum erwarten, Wei\u00dfrussland in ihre milit\u00e4rischen Streitigkeiten hineinzuziehen, erkl\u00e4rte der wei\u00dfrussische Pr\u00e4sident [&hellip;]","og_url":"https:\/\/now-news.de\/de\/deutschland\/lukaschenko-westen-will-weissrussland-in-militaerischen-konflikt-verwickeln\/","og_site_name":"just-now.NEWS Deutschland","article_publisher":"https:\/\/www.facebook.com\/wirmachenauf","article_published_time":"2024-07-02T17:46:18+00:00","og_image":[{"url":"https:\/\/now-news.de\/de\/wp-content\/uploads\/sites\/3\/2024\/07\/668407f2b480cc3434563267.jpg"}],"author":"rtnews","twitter_card":"summary_large_image","twitter_creator":"@WirMachenAuf_de","twitter_site":"@WirMachenAuf_de","twitter_misc":{"Verfasst von":"rtnews","Gesch\u00e4tzte Lesezeit":"3\u00a0Minuten"},"schema":{"@context":"https:\/\/schema.org","@graph":[{"@type":"Article","@id":"https:\/\/now-news.de\/de\/deutschland\/lukaschenko-westen-will-weissrussland-in-militaerischen-konflikt-verwickeln\/#article","isPartOf":{"@id":"https:\/\/now-news.de\/de\/deutschland\/lukaschenko-westen-will-weissrussland-in-militaerischen-konflikt-verwickeln\/"},"author":{"name":"rtnews","@id":"https:\/\/now-news.de\/de\/#\/schema\/person\/fb534a4e865501d8b3285208df34a9b5"},"headline":"Lukaschenko: Westen will Wei\u00dfrussland in milit\u00e4rischen Konflikt verwickeln","datePublished":"2024-07-02T17:46:18+00:00","dateModified":"2024-07-02T17:46:18+00:00","mainEntityOfPage":{"@id":"https:\/\/now-news.de\/de\/deutschland\/lukaschenko-westen-will-weissrussland-in-militaerischen-konflikt-verwickeln\/"},"wordCount":584,"commentCount":0,"publisher":{"@id":"https:\/\/now-news.de\/de\/#organization"},"image":{"@id":"https:\/\/now-news.de\/de\/deutschland\/lukaschenko-westen-will-weissrussland-in-militaerischen-konflikt-verwickeln\/#primaryimage"},"thumbnailUrl":"https:\/\/now-news.de\/de\/wp-content\/uploads\/sites\/3\/2024\/07\/Lukaschenko-Westen-will-Weissrussland-in-militaerischen-Konflikt-verwickeln.jpg","keywords":["Konflikt","Lukaschenko","milit\u00e4rischen","verwickeln","Wei\u00dfrussland","Westen"],"articleSection":["Deutschland","Russland"],"inLanguage":"de","potentialAction":[{"@type":"CommentAction","name":"Comment","target":["https:\/\/now-news.de\/de\/deutschland\/lukaschenko-westen-will-weissrussland-in-militaerischen-konflikt-verwickeln\/#respond"]}]},{"@type":"WebPage","@id":"https:\/\/now-news.de\/de\/deutschland\/lukaschenko-westen-will-weissrussland-in-militaerischen-konflikt-verwickeln\/","url":"https:\/\/now-news.de\/de\/deutschland\/lukaschenko-westen-will-weissrussland-in-militaerischen-konflikt-verwickeln\/","name":"Lukaschenko: Westen will Wei\u00dfrussland in milit\u00e4rischen Konflikt verwickeln - just-now.NEWS Deutschland","isPartOf":{"@id":"https:\/\/now-news.de\/de\/#website"},"primaryImageOfPage":{"@id":"https:\/\/now-news.de\/de\/deutschland\/lukaschenko-westen-will-weissrussland-in-militaerischen-konflikt-verwickeln\/#primaryimage"},"image":{"@id":"https:\/\/now-news.de\/de\/deutschland\/lukaschenko-westen-will-weissrussland-in-militaerischen-konflikt-verwickeln\/#primaryimage"},"thumbnailUrl":"https:\/\/now-news.de\/de\/wp-content\/uploads\/sites\/3\/2024\/07\/Lukaschenko-Westen-will-Weissrussland-in-militaerischen-Konflikt-verwickeln.jpg","datePublished":"2024-07-02T17:46:18+00:00","dateModified":"2024-07-02T17:46:18+00:00","breadcrumb":{"@id":"https:\/\/now-news.de\/de\/deutschland\/lukaschenko-westen-will-weissrussland-in-militaerischen-konflikt-verwickeln\/#breadcrumb"},"inLanguage":"de","potentialAction":[{"@type":"ReadAction","target":["https:\/\/now-news.de\/de\/deutschland\/lukaschenko-westen-will-weissrussland-in-militaerischen-konflikt-verwickeln\/"]}]},{"@type":"ImageObject","inLanguage":"de","@id":"https:\/\/now-news.de\/de\/deutschland\/lukaschenko-westen-will-weissrussland-in-militaerischen-konflikt-verwickeln\/#primaryimage","url":"https:\/\/now-news.de\/de\/wp-content\/uploads\/sites\/3\/2024\/07\/Lukaschenko-Westen-will-Weissrussland-in-militaerischen-Konflikt-verwickeln.jpg","contentUrl":"https:\/\/now-news.de\/de\/wp-content\/uploads\/sites\/3\/2024\/07\/Lukaschenko-Westen-will-Weissrussland-in-militaerischen-Konflikt-verwickeln.jpg","width":460,"height":259,"caption":"Lukaschenko: Westen will Wei\u00dfrussland in milit\u00e4rischen Konflikt verwickeln"},{"@type":"BreadcrumbList","@id":"https:\/\/now-news.de\/de\/deutschland\/lukaschenko-westen-will-weissrussland-in-militaerischen-konflikt-verwickeln\/#breadcrumb","itemListElement":[{"@type":"ListItem","position":1,"name":"Home","item":"https:\/\/now-news.de\/de\/"},{"@type":"ListItem","position":2,"name":"Lukaschenko: Westen will Wei\u00dfrussland in milit\u00e4rischen Konflikt verwickeln"}]},{"@type":"WebSite","@id":"https:\/\/now-news.de\/de\/#website","url":"https:\/\/now-news.de\/de\/","name":"just-now.NEWS Deutschland","description":"Das Portal f\u00fcr unzensierte Nachrichten aus der Welt","publisher":{"@id":"https:\/\/now-news.de\/de\/#organization"},"potentialAction":[{"@type":"SearchAction","target":{"@type":"EntryPoint","urlTemplate":"https:\/\/now-news.de\/de\/?s={search_term_string}"},"query-input":"required name=search_term_string"}],"inLanguage":"de"},{"@type":"Organization","@id":"https:\/\/now-news.de\/de\/#organization","name":"Just Now News","url":"https:\/\/now-news.de\/de\/","logo":{"@type":"ImageObject","inLanguage":"de","@id":"https:\/\/now-news.de\/de\/#\/schema\/logo\/image\/","url":"http:\/\/just-now.news\/de\/wp-content\/uploads\/sites\/3\/2022\/04\/logo500x500.jpg","contentUrl":"http:\/\/just-now.news\/de\/wp-content\/uploads\/sites\/3\/2022\/04\/logo500x500.jpg","width":500,"height":500,"caption":"Just Now News"},"image":{"@id":"https:\/\/now-news.de\/de\/#\/schema\/logo\/image\/"},"sameAs":["https:\/\/www.facebook.com\/wirmachenauf","https:\/\/x.com\/WirMachenAuf_de"]},{"@type":"Person","@id":"https:\/\/now-news.de\/de\/#\/schema\/person\/fb534a4e865501d8b3285208df34a9b5","name":"rtnews","image":{"@type":"ImageObject","inLanguage":"de","@id":"https:\/\/now-news.de\/de\/#\/schema\/person\/image\/","url":"https:\/\/secure.gravatar.com\/avatar\/82aafea7d8127119dd649515f56e2117?s=96&d=mm&r=g","contentUrl":"https:\/\/secure.gravatar.com\/avatar\/82aafea7d8127119dd649515f56e2117?s=96&d=mm&r=g","caption":"rtnews"},"url":"https:\/\/now-news.de\/de\/author\/rnews\/"}]}},"_links":{"self":[{"href":"https:\/\/now-news.de\/de\/wp-json\/wp\/v2\/posts\/63952"}],"collection":[{"href":"https:\/\/now-news.de\/de\/wp-json\/wp\/v2\/posts"}],"about":[{"href":"https:\/\/now-news.de\/de\/wp-json\/wp\/v2\/types\/post"}],"author":[{"embeddable":true,"href":"https:\/\/now-news.de\/de\/wp-json\/wp\/v2\/users\/3"}],"replies":[{"embeddable":true,"href":"https:\/\/now-news.de\/de\/wp-json\/wp\/v2\/comments?post=63952"}],"version-history":[{"count":0,"href":"https:\/\/now-news.de\/de\/wp-json\/wp\/v2\/posts\/63952\/revisions"}],"wp:featuredmedia":[{"embeddable":true,"href":"https:\/\/now-news.de\/de\/wp-json\/wp\/v2\/media\/63953"}],"wp:attachment":[{"href":"https:\/\/now-news.de\/de\/wp-json\/wp\/v2\/media?parent=63952"}],"wp:term":[{"taxonomy":"category","embeddable":true,"href":"https:\/\/now-news.de\/de\/wp-json\/wp\/v2\/categories?post=63952"},{"taxonomy":"post_tag","embeddable":true,"href":"https:\/\/now-news.de\/de\/wp-json\/wp\/v2\/tags?post=63952"}],"curies":[{"name":"wp","href":"https:\/\/api.w.org\/{rel}","templated":true}]}}