{"id":63854,"date":"2024-07-01T10:46:08","date_gmt":"2024-07-01T08:46:08","guid":{"rendered":"https:\/\/now-news.de\/de\/deutschland\/wegen-rt-interview-schweizer-politiker-nils-fiechter-mit-weisser-fluessigkeit-attackiert\/"},"modified":"2024-07-01T10:46:08","modified_gmt":"2024-07-01T08:46:08","slug":"wegen-rt-interview-schweizer-politiker-nils-fiechter-mit-weisser-fluessigkeit-attackiert","status":"publish","type":"post","link":"https:\/\/now-news.de\/de\/deutschland\/wegen-rt-interview-schweizer-politiker-nils-fiechter-mit-weisser-fluessigkeit-attackiert\/","title":{"rendered":"Wegen RT-Interview? &#8211; Schweizer Politiker Nils Fiechter mit wei\u00dfer Fl\u00fcssigkeit attackiert"},"content":{"rendered":"<div class=\"Text-root Text-type_1 \">\n                Nils Fiechter gab ein Interview f\u00fcr die NZZ am Bahnhof Stadelhofen in Z\u00fcrich, als ein Fahrradfahrer ihn mit Fl\u00fcssigkeit bewarf. Der JSVP-Politiker pr\u00fcft nun rechtliche Schritte.\n            <\/div>\n<p><\/p>\n<div class=\"Text-root Text-type_5 ArticleView-text ViewText-root \">\n<p>Der Schweizer Politiker Nils Fiechter wurde am vergangenen Sonntag w\u00e4hrend eines Auftritts am Z\u00fcrcher Bahnhof Stadelhofen mit einer wei\u00dfen Fl\u00fcssigkeit angegriffen. Der Vorfall ereignete sich, als Fiechter Flyer verteilte, um den &#8220;Tax Freedom Day&#8221; zu bewerben, wie von der Jungen SVP Schweiz berichtet wurde.<\/p>\n<p>Ein Unbekannter, mutma\u00dflich ein &#8220;<a rel=\"nofollow noopener\" target=\"_blank\" href=\"https:\/\/www.20min.ch\/story\/zuerich-jsvp-praesident-fiechter-mit-weisser-fluessigkeit-ueberschuettet-103140089\">Linksextremist<\/a>, n\u00e4herte sich pl\u00f6tzlich, w\u00e4hrend der Schweizer Politiker mit einem Journalisten der NZZ im Gespr\u00e4ch war, und \u00fcbersch\u00fcttete Fiechter mit der wei\u00dfen Fl\u00fcssigkeit.<\/p>\n<p>Dies stellt den ersten k\u00f6rperlichen Angriff auf den Politiker dar, der von seinen Unterst\u00fctzern f\u00fcr seine mutigen Meinungs\u00e4u\u00dferungen gesch\u00e4tzt wird und von Kritikern, insbesondere in den linken Medien, als Hassfigur betrachtet wird.<\/p>\n<figure class=\"RTImage-root\">\n<div class=\"RTImage-image RTImage-original\"><picture class=\"Picture-root Picture-original\"><!--[if IE 9]><video style=\"display: none;\"><![endif]--><source media=\"(-webkit-min-device-pixel-ratio: 2) and (min-resolution: 120dpi)\" data-srcset=\" \nhttps:\/\/now-news.de\/de\/wp-content\/uploads\/sites\/3\/2024\/07\/6682585448fbef48270c39a7.jpg 850w,\n                https:\/\/now-news.de\/de\/wp-content\/uploads\/sites\/3\/2024\/07\/6682585448fbef48270c39a7.jpg 1960w,            \" ><source data-srcset=\" \nhttps:\/\/now-news.de\/de\/wp-content\/uploads\/sites\/3\/2024\/07\/6682585448fbef48270c39a7.jpg 460w,\n              https:\/\/now-news.de\/de\/wp-content\/uploads\/sites\/3\/2024\/07\/6682585448fbef48270c39a7.jpg 980w,\n            \" ><!--[if IE 9]><\/video><![endif]--><img decoding=\"async\" data- src=\"data:image\/png;base64,iVBORw0KGgoAAAANSUhEUgAAABAAAAAJCAQAAACRI2S5AAAAEElEQVR42mNkIAAYRxWAAQAG9gAKqv6+AwAAAABJRU5ErkJggg==\" class=\"Picture-root Picture-original lazyload\" data-src=\"https:\/\/now-news.de\/de\/wp-content\/uploads\/sites\/3\/2024\/07\/6682585448fbef48270c39a7.jpg\" alt=\"\"><\/source><\/source><\/picture><!-- noscript pattern --><noscript><img decoding=\"async\" src=\"https:\/\/now-news.de\/de\/wp-content\/uploads\/sites\/3\/2024\/07\/6682585448fbef48270c39a7.jpg\" alt=\"\"><\/noscript><\/div><figcaption class=\"RTImage-footer\"><span class=\"RTImage-caption\"><\/span><span class=\"RTImage-source\"><span class=\"RTImage-captionItem\">RT<\/span><\/span><\/figcaption><\/figure>\n<p>Die Attacke hat in der Schweiz eine intensive Diskussion ausgel\u00f6st, vor allem in den sozialen Medien und Kommentarspalten.<\/p>\n<p>W\u00e4hrend Fiechters Anh\u00e4nger die Tat als undemokratisch und einsch\u00fcchternd verurteilen, betrachten Gegner sie als eine Form des Protests gegen seine proschweizer Neutralit\u00e4tsansichten.<\/p>\n<div class=\"EmbedBlock-root EmbedBlock-twitter\">\n<div class=\"TwitterEmbed\">\n<blockquote class=\"twitter-tweet lazyload\" data-twitter=\"twitter-tweet\">\n<p lang=\"de\" dir=\"ltr\">\u203c\ufe0f Erschreckend. H\u00e4tte auch ein Messer sein k\u00f6nnen. \u2705 Anl\u00e4sslich des heutigen Tax Freedom Days verteilte die Junge SVP Guetzli und Flyer beim Bahnhof Stadelhofen in Z\u00fcrich. \u26d4\ufe0f In einem pers\u00f6nlichen Gespr\u00e4ch mit einem Journalisten der <a rel=\"nofollow noopener\" target=\"_blank\" href=\"https:\/\/twitter.com\/NZZ?ref_src=twsrc%5Etfw\">@nzz<\/a> wurde @nils_fiechter, Pr\u00e4sident der\u2026 <a rel=\"nofollow noopener\" target=\"_blank\" href=\"https:\/\/t.co\/zi1m2pykfs\">pic.twitter.com\/zi1m2pykfs<\/a><\/p>\n<p>\u2014 Junge SVP Schweiz (@jungesvp) <a rel=\"nofollow noopener\" target=\"_blank\" href=\"https:\/\/twitter.com\/jungesvp\/status\/1807481111196447080?ref_src=twsrc%5Etfw\">June 30, 2024<\/a><\/p><\/blockquote>\n<\/div>\n<\/div>\n<p>Fiechter \u00e4u\u00dferte sich auf der Plattform X entt\u00e4uscht \u00fcber den Angriff und betonte die Notwendigkeit, politische Meinungsverschiedenheiten auf demokratische Weise zu diskutieren, ohne Gewalt oder pers\u00f6nliche Angriffe. Er erw\u00e4gt rechtliche Schritte gegen den T\u00e4ter, dessen Identit\u00e4t bisher unbekannt ist.<\/p>\n<div class=\"EmbedBlock-root EmbedBlock-twitter\">\n<div class=\"TwitterEmbed\">\n<blockquote class=\"twitter-tweet lazyload\" data-twitter=\"twitter-tweet\">\n<p lang=\"de\" dir=\"ltr\">Die <a rel=\"nofollow noopener\" target=\"_blank\" href=\"https:\/\/twitter.com\/hashtag\/Demokratiefeinde?src=hash&amp;ref_src=twsrc%5Etfw\">#Demokratiefeinde<\/a> sind \u00fcberall. Besch\u00e4mend. Und das am helllichten Tag mitten in <a rel=\"nofollow noopener\" target=\"_blank\" href=\"https:\/\/twitter.com\/hashtag\/Z%C3%BCrich?src=hash&amp;ref_src=twsrc%5Etfw\">#Z\u00fcrich<\/a>.Wer solche Attacken nicht will, wird jetzt Mitglied bei der Jungen SVP: <a rel=\"nofollow noopener\" target=\"_blank\" href=\"https:\/\/t.co\/OO4AAWhqza\">https:\/\/t.co\/OO4AAWhqza<\/a><a rel=\"nofollow noopener\" target=\"_blank\" href=\"https:\/\/t.co\/oW16XKEHwr\">https:\/\/t.co\/oW16XKEHwr<\/a><\/p>\n<p>\u2014 Nils Fiechter (@NilsFiechter) <a rel=\"nofollow noopener\" target=\"_blank\" href=\"https:\/\/twitter.com\/NilsFiechter\/status\/1807483884331844049?ref_src=twsrc%5Etfw\">June 30, 2024<\/a><\/p><\/blockquote>\n<\/div>\n<\/div>\n<p>Die Diskussion \u00fcber den Vorfall h\u00e4lt sowohl innerhalb der politischen Arena als auch in der breiten \u00d6ffentlichkeit an.\u00a0<\/p>\n<p>Die linken Medien hetzen gegen Nils Fiechter wegen seines Interviews mit RT.<\/p>\n<p>Der woke\u00a0<em>TagesAnzeiger<\/em>\u00a0bezeichnete das Interview des Pr\u00e4sidenten der Jungen SVP als provokativ. In dem Gespr\u00e4ch mit RT kritisierte Nils Fiechter das Treffen auf dem B\u00fcrgenstock.<\/p>\n<figure class=\"RTImage-root\">\n<div class=\"RTImage-image RTImage-original\"><picture class=\"Picture-root Picture-original\"><!--[if IE 9]><video style=\"display: none;\"><![endif]--><source media=\"(-webkit-min-device-pixel-ratio: 2) and (min-resolution: 120dpi)\" data-srcset=\" \nhttps:\/\/now-news.de\/de\/wp-content\/uploads\/sites\/3\/2024\/07\/66825a9248fbef60744b7086.png 850w,\n                https:\/\/now-news.de\/de\/wp-content\/uploads\/sites\/3\/2024\/07\/66825a9248fbef60744b7086.png 1960w,            \" ><source data-srcset=\" \nhttps:\/\/now-news.de\/de\/wp-content\/uploads\/sites\/3\/2024\/07\/66825a9248fbef60744b7086.png 460w,\n              https:\/\/now-news.de\/de\/wp-content\/uploads\/sites\/3\/2024\/07\/66825a9248fbef60744b7086.png 980w,\n            \" ><!--[if IE 9]><\/video><![endif]--><img decoding=\"async\" data- src=\"data:image\/png;base64,iVBORw0KGgoAAAANSUhEUgAAABAAAAAJCAQAAACRI2S5AAAAEElEQVR42mNkIAAYRxWAAQAG9gAKqv6+AwAAAABJRU5ErkJggg==\" class=\"Picture-root Picture-original lazyload\" data-src=\"https:\/\/now-news.de\/de\/wp-content\/uploads\/sites\/3\/2024\/07\/66825a9248fbef60744b7086.png\" alt=\"\"><\/source><\/source><\/picture><!-- noscript pattern --><noscript><img decoding=\"async\" src=\"https:\/\/now-news.de\/de\/wp-content\/uploads\/sites\/3\/2024\/07\/66825a9248fbef60744b7086.png\" alt=\"\"><\/noscript><\/div><figcaption class=\"RTImage-footer\"><span class=\"RTImage-caption\"><span class=\"RTImage-captionItem\">Linke Medien f\u00fchren Hasskampagne gegen Pr\u00e4sident der Jungen SVP an<\/span><\/span><span class=\"RTImage-source\"><span class=\"RTImage-captionItem\">Printscreen: TagesAnzeiger<\/span><\/span><\/figcaption><\/figure>\n<p><strong>Mehr zum Thema<\/strong>\u00a0\u2012\u00a0<a rel=\"nofollow noopener\" target=\"_blank\" href=\"https:\/\/freedert.online\/schweiz\/207398-schweizer-mainstream-medien-in-aufruhr\/\">Schweizer Mainstream-Medien in Aufruhr: RT DE st\u00f6rt den medialen Frieden<\/a><\/p>\n<\/p>\n<\/div>\n<p><script async src=\"https:\/\/platform.twitter.com\/widgets.js\" charset=\"utf-8\"><\/script><br \/>\n<br \/><br \/>\n<br \/><a href=\"https:\/\/de.rt.com\/schweiz\/210897-schweizer-politiker-nils-fiechter-mit\/\">Source link <\/a><\/p>\n","protected":false},"excerpt":{"rendered":"<p>Nils Fiechter gab ein Interview f\u00fcr die NZZ am Bahnhof Stadelhofen in Z\u00fcrich, als ein Fahrradfahrer ihn mit Fl\u00fcssigkeit bewarf. Der JSVP-Politiker pr\u00fcft nun rechtliche Schritte. Der Schweizer Politiker Nils Fiechter wurde am vergangenen Sonntag w\u00e4hrend eines Auftritts am Z\u00fcrcher Bahnhof Stadelhofen mit einer wei\u00dfen Fl\u00fcssigkeit angegriffen. Der Vorfall ereignete sich, als Fiechter Flyer verteilte, [&hellip;]<\/p>\n","protected":false},"author":3,"featured_media":63855,"comment_status":"open","ping_status":"open","sticky":false,"template":"","format":"standard","meta":{"_yoast_indexnow_last_ping":["1719823734"],"wp_automatic_camp":["217"],"a7929899b05afeb6b4a5a6fbc87bf4a4":["Wegen RT-Interview? - Schweizer Politiker Nils Fiechter mit wei\u00dfer Fl\u00fcssigkeit attackiert"],"original_link":["https:\/\/de.rt.com\/schweiz\/210897-schweizer-politiker-nils-fiechter-mit\/"],"_thumbnail_id":["63855"],"jnews_social_counter_last_update":["1776897441"],"_wptgpro_p2tg_sent2tg":["a:1:{i:23737;s:19:\"2024-07-01 10:50:08\";}"]},"categories":[19,23],"tags":[19082,56219,5963,419,56218,5679,23031,3424,145,23637],"yoast_head":"<!-- This site is optimized with the Yoast SEO Premium plugin v22.7 (Yoast SEO v22.7) - https:\/\/yoast.com\/wordpress\/plugins\/seo\/ -->\n<title>Wegen RT-Interview? - Schweizer Politiker Nils Fiechter mit wei\u00dfer Fl\u00fcssigkeit attackiert - just-now.NEWS Deutschland<\/title>\n<meta name=\"robots\" content=\"index, follow, max-snippet:-1, max-image-preview:large, max-video-preview:-1\" \/>\n<link rel=\"canonical\" href=\"https:\/\/now-news.de\/de\/deutschland\/wegen-rt-interview-schweizer-politiker-nils-fiechter-mit-weisser-fluessigkeit-attackiert\/\" \/>\n<meta property=\"og:locale\" content=\"de_DE\" \/>\n<meta property=\"og:type\" content=\"article\" \/>\n<meta property=\"og:title\" content=\"Wegen RT-Interview? - Schweizer Politiker Nils Fiechter mit wei\u00dfer Fl\u00fcssigkeit attackiert\" \/>\n<meta property=\"og:description\" content=\"Nils Fiechter gab ein Interview f\u00fcr die NZZ am Bahnhof Stadelhofen in Z\u00fcrich, als ein Fahrradfahrer ihn mit Fl\u00fcssigkeit bewarf. Der JSVP-Politiker pr\u00fcft nun rechtliche Schritte. Der Schweizer Politiker Nils Fiechter wurde am vergangenen Sonntag w\u00e4hrend eines Auftritts am Z\u00fcrcher Bahnhof Stadelhofen mit einer wei\u00dfen Fl\u00fcssigkeit angegriffen. Der Vorfall ereignete sich, als Fiechter Flyer verteilte, [&hellip;]\" \/>\n<meta property=\"og:url\" content=\"https:\/\/now-news.de\/de\/deutschland\/wegen-rt-interview-schweizer-politiker-nils-fiechter-mit-weisser-fluessigkeit-attackiert\/\" \/>\n<meta property=\"og:site_name\" content=\"just-now.NEWS Deutschland\" \/>\n<meta property=\"article:publisher\" content=\"https:\/\/www.facebook.com\/wirmachenauf\" \/>\n<meta property=\"article:published_time\" content=\"2024-07-01T08:46:08+00:00\" \/>\n<meta property=\"og:image\" content=\"https:\/\/now-news.de\/de\/wp-content\/uploads\/sites\/3\/2024\/07\/6682585448fbef48270c39a7.jpg\" \/>\n<meta name=\"author\" content=\"rtnews\" \/>\n<meta name=\"twitter:card\" content=\"summary_large_image\" \/>\n<meta name=\"twitter:creator\" content=\"@WirMachenAuf_de\" \/>\n<meta name=\"twitter:site\" content=\"@WirMachenAuf_de\" \/>\n<meta name=\"twitter:label1\" content=\"Verfasst von\" \/>\n\t<meta name=\"twitter:data1\" content=\"rtnews\" \/>\n\t<meta name=\"twitter:label2\" content=\"Gesch\u00e4tzte Lesezeit\" \/>\n\t<meta name=\"twitter:data2\" content=\"2\u00a0Minuten\" \/>\n<script type=\"application\/ld+json\" class=\"yoast-schema-graph\">{\"@context\":\"https:\/\/schema.org\",\"@graph\":[{\"@type\":\"Article\",\"@id\":\"https:\/\/now-news.de\/de\/deutschland\/wegen-rt-interview-schweizer-politiker-nils-fiechter-mit-weisser-fluessigkeit-attackiert\/#article\",\"isPartOf\":{\"@id\":\"https:\/\/now-news.de\/de\/deutschland\/wegen-rt-interview-schweizer-politiker-nils-fiechter-mit-weisser-fluessigkeit-attackiert\/\"},\"author\":{\"name\":\"rtnews\",\"@id\":\"https:\/\/now-news.de\/de\/#\/schema\/person\/fb534a4e865501d8b3285208df34a9b5\"},\"headline\":\"Wegen RT-Interview? &#8211; Schweizer Politiker Nils Fiechter mit wei\u00dfer Fl\u00fcssigkeit attackiert\",\"datePublished\":\"2024-07-01T08:46:08+00:00\",\"dateModified\":\"2024-07-01T08:46:08+00:00\",\"mainEntityOfPage\":{\"@id\":\"https:\/\/now-news.de\/de\/deutschland\/wegen-rt-interview-schweizer-politiker-nils-fiechter-mit-weisser-fluessigkeit-attackiert\/\"},\"wordCount\":444,\"commentCount\":0,\"publisher\":{\"@id\":\"https:\/\/now-news.de\/de\/#organization\"},\"image\":{\"@id\":\"https:\/\/now-news.de\/de\/deutschland\/wegen-rt-interview-schweizer-politiker-nils-fiechter-mit-weisser-fluessigkeit-attackiert\/#primaryimage\"},\"thumbnailUrl\":\"https:\/\/now-news.de\/de\/wp-content\/uploads\/sites\/3\/2024\/07\/Wegen-RT-Interview-Schweizer-Politiker-Nils-Fiechter-mit-weisser-Fluessigkeit.jpg\",\"keywords\":[\"attackiert\",\"Fiechter\",\"Fl\u00fcssigkeit\",\"mit\",\"Nils\",\"Politiker\",\"RTInterview\",\"Schweizer\",\"wegen\",\"wei\u00dfer\"],\"articleSection\":[\"Deutschland\",\"Russland\"],\"inLanguage\":\"de\",\"potentialAction\":[{\"@type\":\"CommentAction\",\"name\":\"Comment\",\"target\":[\"https:\/\/now-news.de\/de\/deutschland\/wegen-rt-interview-schweizer-politiker-nils-fiechter-mit-weisser-fluessigkeit-attackiert\/#respond\"]}]},{\"@type\":\"WebPage\",\"@id\":\"https:\/\/now-news.de\/de\/deutschland\/wegen-rt-interview-schweizer-politiker-nils-fiechter-mit-weisser-fluessigkeit-attackiert\/\",\"url\":\"https:\/\/now-news.de\/de\/deutschland\/wegen-rt-interview-schweizer-politiker-nils-fiechter-mit-weisser-fluessigkeit-attackiert\/\",\"name\":\"Wegen RT-Interview? - Schweizer Politiker Nils Fiechter mit wei\u00dfer Fl\u00fcssigkeit attackiert - just-now.NEWS Deutschland\",\"isPartOf\":{\"@id\":\"https:\/\/now-news.de\/de\/#website\"},\"primaryImageOfPage\":{\"@id\":\"https:\/\/now-news.de\/de\/deutschland\/wegen-rt-interview-schweizer-politiker-nils-fiechter-mit-weisser-fluessigkeit-attackiert\/#primaryimage\"},\"image\":{\"@id\":\"https:\/\/now-news.de\/de\/deutschland\/wegen-rt-interview-schweizer-politiker-nils-fiechter-mit-weisser-fluessigkeit-attackiert\/#primaryimage\"},\"thumbnailUrl\":\"https:\/\/now-news.de\/de\/wp-content\/uploads\/sites\/3\/2024\/07\/Wegen-RT-Interview-Schweizer-Politiker-Nils-Fiechter-mit-weisser-Fluessigkeit.jpg\",\"datePublished\":\"2024-07-01T08:46:08+00:00\",\"dateModified\":\"2024-07-01T08:46:08+00:00\",\"breadcrumb\":{\"@id\":\"https:\/\/now-news.de\/de\/deutschland\/wegen-rt-interview-schweizer-politiker-nils-fiechter-mit-weisser-fluessigkeit-attackiert\/#breadcrumb\"},\"inLanguage\":\"de\",\"potentialAction\":[{\"@type\":\"ReadAction\",\"target\":[\"https:\/\/now-news.de\/de\/deutschland\/wegen-rt-interview-schweizer-politiker-nils-fiechter-mit-weisser-fluessigkeit-attackiert\/\"]}]},{\"@type\":\"ImageObject\",\"inLanguage\":\"de\",\"@id\":\"https:\/\/now-news.de\/de\/deutschland\/wegen-rt-interview-schweizer-politiker-nils-fiechter-mit-weisser-fluessigkeit-attackiert\/#primaryimage\",\"url\":\"https:\/\/now-news.de\/de\/wp-content\/uploads\/sites\/3\/2024\/07\/Wegen-RT-Interview-Schweizer-Politiker-Nils-Fiechter-mit-weisser-Fluessigkeit.jpg\",\"contentUrl\":\"https:\/\/now-news.de\/de\/wp-content\/uploads\/sites\/3\/2024\/07\/Wegen-RT-Interview-Schweizer-Politiker-Nils-Fiechter-mit-weisser-Fluessigkeit.jpg\",\"width\":864,\"height\":1080,\"caption\":\"Wegen RT-Interview? - Schweizer Politiker Nils Fiechter mit wei\u00dfer Fl\u00fcssigkeit attackiert\"},{\"@type\":\"BreadcrumbList\",\"@id\":\"https:\/\/now-news.de\/de\/deutschland\/wegen-rt-interview-schweizer-politiker-nils-fiechter-mit-weisser-fluessigkeit-attackiert\/#breadcrumb\",\"itemListElement\":[{\"@type\":\"ListItem\",\"position\":1,\"name\":\"Home\",\"item\":\"https:\/\/now-news.de\/de\/\"},{\"@type\":\"ListItem\",\"position\":2,\"name\":\"Wegen RT-Interview? &#8211; Schweizer Politiker Nils Fiechter mit wei\u00dfer Fl\u00fcssigkeit attackiert\"}]},{\"@type\":\"WebSite\",\"@id\":\"https:\/\/now-news.de\/de\/#website\",\"url\":\"https:\/\/now-news.de\/de\/\",\"name\":\"just-now.NEWS Deutschland\",\"description\":\"Das Portal f\u00fcr unzensierte Nachrichten aus der Welt\",\"publisher\":{\"@id\":\"https:\/\/now-news.de\/de\/#organization\"},\"potentialAction\":[{\"@type\":\"SearchAction\",\"target\":{\"@type\":\"EntryPoint\",\"urlTemplate\":\"https:\/\/now-news.de\/de\/?s={search_term_string}\"},\"query-input\":\"required name=search_term_string\"}],\"inLanguage\":\"de\"},{\"@type\":\"Organization\",\"@id\":\"https:\/\/now-news.de\/de\/#organization\",\"name\":\"Just Now News\",\"url\":\"https:\/\/now-news.de\/de\/\",\"logo\":{\"@type\":\"ImageObject\",\"inLanguage\":\"de\",\"@id\":\"https:\/\/now-news.de\/de\/#\/schema\/logo\/image\/\",\"url\":\"http:\/\/just-now.news\/de\/wp-content\/uploads\/sites\/3\/2022\/04\/logo500x500.jpg\",\"contentUrl\":\"http:\/\/just-now.news\/de\/wp-content\/uploads\/sites\/3\/2022\/04\/logo500x500.jpg\",\"width\":500,\"height\":500,\"caption\":\"Just Now News\"},\"image\":{\"@id\":\"https:\/\/now-news.de\/de\/#\/schema\/logo\/image\/\"},\"sameAs\":[\"https:\/\/www.facebook.com\/wirmachenauf\",\"https:\/\/x.com\/WirMachenAuf_de\"]},{\"@type\":\"Person\",\"@id\":\"https:\/\/now-news.de\/de\/#\/schema\/person\/fb534a4e865501d8b3285208df34a9b5\",\"name\":\"rtnews\",\"image\":{\"@type\":\"ImageObject\",\"inLanguage\":\"de\",\"@id\":\"https:\/\/now-news.de\/de\/#\/schema\/person\/image\/\",\"url\":\"https:\/\/secure.gravatar.com\/avatar\/82aafea7d8127119dd649515f56e2117?s=96&d=mm&r=g\",\"contentUrl\":\"https:\/\/secure.gravatar.com\/avatar\/82aafea7d8127119dd649515f56e2117?s=96&d=mm&r=g\",\"caption\":\"rtnews\"},\"url\":\"https:\/\/now-news.de\/de\/author\/rnews\/\"}]}<\/script>\n<!-- \/ Yoast SEO Premium plugin. -->","yoast_head_json":{"title":"Wegen RT-Interview? - Schweizer Politiker Nils Fiechter mit wei\u00dfer Fl\u00fcssigkeit attackiert - just-now.NEWS Deutschland","robots":{"index":"index","follow":"follow","max-snippet":"max-snippet:-1","max-image-preview":"max-image-preview:large","max-video-preview":"max-video-preview:-1"},"canonical":"https:\/\/now-news.de\/de\/deutschland\/wegen-rt-interview-schweizer-politiker-nils-fiechter-mit-weisser-fluessigkeit-attackiert\/","og_locale":"de_DE","og_type":"article","og_title":"Wegen RT-Interview? - Schweizer Politiker Nils Fiechter mit wei\u00dfer Fl\u00fcssigkeit attackiert","og_description":"Nils Fiechter gab ein Interview f\u00fcr die NZZ am Bahnhof Stadelhofen in Z\u00fcrich, als ein Fahrradfahrer ihn mit Fl\u00fcssigkeit bewarf. Der JSVP-Politiker pr\u00fcft nun rechtliche Schritte. Der Schweizer Politiker Nils Fiechter wurde am vergangenen Sonntag w\u00e4hrend eines Auftritts am Z\u00fcrcher Bahnhof Stadelhofen mit einer wei\u00dfen Fl\u00fcssigkeit angegriffen. Der Vorfall ereignete sich, als Fiechter Flyer verteilte, [&hellip;]","og_url":"https:\/\/now-news.de\/de\/deutschland\/wegen-rt-interview-schweizer-politiker-nils-fiechter-mit-weisser-fluessigkeit-attackiert\/","og_site_name":"just-now.NEWS Deutschland","article_publisher":"https:\/\/www.facebook.com\/wirmachenauf","article_published_time":"2024-07-01T08:46:08+00:00","og_image":[{"url":"https:\/\/now-news.de\/de\/wp-content\/uploads\/sites\/3\/2024\/07\/6682585448fbef48270c39a7.jpg"}],"author":"rtnews","twitter_card":"summary_large_image","twitter_creator":"@WirMachenAuf_de","twitter_site":"@WirMachenAuf_de","twitter_misc":{"Verfasst von":"rtnews","Gesch\u00e4tzte Lesezeit":"2\u00a0Minuten"},"schema":{"@context":"https:\/\/schema.org","@graph":[{"@type":"Article","@id":"https:\/\/now-news.de\/de\/deutschland\/wegen-rt-interview-schweizer-politiker-nils-fiechter-mit-weisser-fluessigkeit-attackiert\/#article","isPartOf":{"@id":"https:\/\/now-news.de\/de\/deutschland\/wegen-rt-interview-schweizer-politiker-nils-fiechter-mit-weisser-fluessigkeit-attackiert\/"},"author":{"name":"rtnews","@id":"https:\/\/now-news.de\/de\/#\/schema\/person\/fb534a4e865501d8b3285208df34a9b5"},"headline":"Wegen RT-Interview? &#8211; Schweizer Politiker Nils Fiechter mit wei\u00dfer Fl\u00fcssigkeit attackiert","datePublished":"2024-07-01T08:46:08+00:00","dateModified":"2024-07-01T08:46:08+00:00","mainEntityOfPage":{"@id":"https:\/\/now-news.de\/de\/deutschland\/wegen-rt-interview-schweizer-politiker-nils-fiechter-mit-weisser-fluessigkeit-attackiert\/"},"wordCount":444,"commentCount":0,"publisher":{"@id":"https:\/\/now-news.de\/de\/#organization"},"image":{"@id":"https:\/\/now-news.de\/de\/deutschland\/wegen-rt-interview-schweizer-politiker-nils-fiechter-mit-weisser-fluessigkeit-attackiert\/#primaryimage"},"thumbnailUrl":"https:\/\/now-news.de\/de\/wp-content\/uploads\/sites\/3\/2024\/07\/Wegen-RT-Interview-Schweizer-Politiker-Nils-Fiechter-mit-weisser-Fluessigkeit.jpg","keywords":["attackiert","Fiechter","Fl\u00fcssigkeit","mit","Nils","Politiker","RTInterview","Schweizer","wegen","wei\u00dfer"],"articleSection":["Deutschland","Russland"],"inLanguage":"de","potentialAction":[{"@type":"CommentAction","name":"Comment","target":["https:\/\/now-news.de\/de\/deutschland\/wegen-rt-interview-schweizer-politiker-nils-fiechter-mit-weisser-fluessigkeit-attackiert\/#respond"]}]},{"@type":"WebPage","@id":"https:\/\/now-news.de\/de\/deutschland\/wegen-rt-interview-schweizer-politiker-nils-fiechter-mit-weisser-fluessigkeit-attackiert\/","url":"https:\/\/now-news.de\/de\/deutschland\/wegen-rt-interview-schweizer-politiker-nils-fiechter-mit-weisser-fluessigkeit-attackiert\/","name":"Wegen RT-Interview? - Schweizer Politiker Nils Fiechter mit wei\u00dfer Fl\u00fcssigkeit attackiert - just-now.NEWS Deutschland","isPartOf":{"@id":"https:\/\/now-news.de\/de\/#website"},"primaryImageOfPage":{"@id":"https:\/\/now-news.de\/de\/deutschland\/wegen-rt-interview-schweizer-politiker-nils-fiechter-mit-weisser-fluessigkeit-attackiert\/#primaryimage"},"image":{"@id":"https:\/\/now-news.de\/de\/deutschland\/wegen-rt-interview-schweizer-politiker-nils-fiechter-mit-weisser-fluessigkeit-attackiert\/#primaryimage"},"thumbnailUrl":"https:\/\/now-news.de\/de\/wp-content\/uploads\/sites\/3\/2024\/07\/Wegen-RT-Interview-Schweizer-Politiker-Nils-Fiechter-mit-weisser-Fluessigkeit.jpg","datePublished":"2024-07-01T08:46:08+00:00","dateModified":"2024-07-01T08:46:08+00:00","breadcrumb":{"@id":"https:\/\/now-news.de\/de\/deutschland\/wegen-rt-interview-schweizer-politiker-nils-fiechter-mit-weisser-fluessigkeit-attackiert\/#breadcrumb"},"inLanguage":"de","potentialAction":[{"@type":"ReadAction","target":["https:\/\/now-news.de\/de\/deutschland\/wegen-rt-interview-schweizer-politiker-nils-fiechter-mit-weisser-fluessigkeit-attackiert\/"]}]},{"@type":"ImageObject","inLanguage":"de","@id":"https:\/\/now-news.de\/de\/deutschland\/wegen-rt-interview-schweizer-politiker-nils-fiechter-mit-weisser-fluessigkeit-attackiert\/#primaryimage","url":"https:\/\/now-news.de\/de\/wp-content\/uploads\/sites\/3\/2024\/07\/Wegen-RT-Interview-Schweizer-Politiker-Nils-Fiechter-mit-weisser-Fluessigkeit.jpg","contentUrl":"https:\/\/now-news.de\/de\/wp-content\/uploads\/sites\/3\/2024\/07\/Wegen-RT-Interview-Schweizer-Politiker-Nils-Fiechter-mit-weisser-Fluessigkeit.jpg","width":864,"height":1080,"caption":"Wegen RT-Interview? - Schweizer Politiker Nils Fiechter mit wei\u00dfer Fl\u00fcssigkeit attackiert"},{"@type":"BreadcrumbList","@id":"https:\/\/now-news.de\/de\/deutschland\/wegen-rt-interview-schweizer-politiker-nils-fiechter-mit-weisser-fluessigkeit-attackiert\/#breadcrumb","itemListElement":[{"@type":"ListItem","position":1,"name":"Home","item":"https:\/\/now-news.de\/de\/"},{"@type":"ListItem","position":2,"name":"Wegen RT-Interview? &#8211; Schweizer Politiker Nils Fiechter mit wei\u00dfer Fl\u00fcssigkeit attackiert"}]},{"@type":"WebSite","@id":"https:\/\/now-news.de\/de\/#website","url":"https:\/\/now-news.de\/de\/","name":"just-now.NEWS Deutschland","description":"Das Portal f\u00fcr unzensierte Nachrichten aus der Welt","publisher":{"@id":"https:\/\/now-news.de\/de\/#organization"},"potentialAction":[{"@type":"SearchAction","target":{"@type":"EntryPoint","urlTemplate":"https:\/\/now-news.de\/de\/?s={search_term_string}"},"query-input":"required name=search_term_string"}],"inLanguage":"de"},{"@type":"Organization","@id":"https:\/\/now-news.de\/de\/#organization","name":"Just Now News","url":"https:\/\/now-news.de\/de\/","logo":{"@type":"ImageObject","inLanguage":"de","@id":"https:\/\/now-news.de\/de\/#\/schema\/logo\/image\/","url":"http:\/\/just-now.news\/de\/wp-content\/uploads\/sites\/3\/2022\/04\/logo500x500.jpg","contentUrl":"http:\/\/just-now.news\/de\/wp-content\/uploads\/sites\/3\/2022\/04\/logo500x500.jpg","width":500,"height":500,"caption":"Just Now News"},"image":{"@id":"https:\/\/now-news.de\/de\/#\/schema\/logo\/image\/"},"sameAs":["https:\/\/www.facebook.com\/wirmachenauf","https:\/\/x.com\/WirMachenAuf_de"]},{"@type":"Person","@id":"https:\/\/now-news.de\/de\/#\/schema\/person\/fb534a4e865501d8b3285208df34a9b5","name":"rtnews","image":{"@type":"ImageObject","inLanguage":"de","@id":"https:\/\/now-news.de\/de\/#\/schema\/person\/image\/","url":"https:\/\/secure.gravatar.com\/avatar\/82aafea7d8127119dd649515f56e2117?s=96&d=mm&r=g","contentUrl":"https:\/\/secure.gravatar.com\/avatar\/82aafea7d8127119dd649515f56e2117?s=96&d=mm&r=g","caption":"rtnews"},"url":"https:\/\/now-news.de\/de\/author\/rnews\/"}]}},"_links":{"self":[{"href":"https:\/\/now-news.de\/de\/wp-json\/wp\/v2\/posts\/63854"}],"collection":[{"href":"https:\/\/now-news.de\/de\/wp-json\/wp\/v2\/posts"}],"about":[{"href":"https:\/\/now-news.de\/de\/wp-json\/wp\/v2\/types\/post"}],"author":[{"embeddable":true,"href":"https:\/\/now-news.de\/de\/wp-json\/wp\/v2\/users\/3"}],"replies":[{"embeddable":true,"href":"https:\/\/now-news.de\/de\/wp-json\/wp\/v2\/comments?post=63854"}],"version-history":[{"count":0,"href":"https:\/\/now-news.de\/de\/wp-json\/wp\/v2\/posts\/63854\/revisions"}],"wp:featuredmedia":[{"embeddable":true,"href":"https:\/\/now-news.de\/de\/wp-json\/wp\/v2\/media\/63855"}],"wp:attachment":[{"href":"https:\/\/now-news.de\/de\/wp-json\/wp\/v2\/media?parent=63854"}],"wp:term":[{"taxonomy":"category","embeddable":true,"href":"https:\/\/now-news.de\/de\/wp-json\/wp\/v2\/categories?post=63854"},{"taxonomy":"post_tag","embeddable":true,"href":"https:\/\/now-news.de\/de\/wp-json\/wp\/v2\/tags?post=63854"}],"curies":[{"name":"wp","href":"https:\/\/api.w.org\/{rel}","templated":true}]}}