{"id":63843,"date":"2024-06-30T22:05:27","date_gmt":"2024-06-30T20:05:27","guid":{"rendered":"https:\/\/now-news.de\/de\/deutschland\/messerangriff-auf-polizisten-in-bayern-angreifer-getoetet\/"},"modified":"2024-06-30T22:05:27","modified_gmt":"2024-06-30T20:05:27","slug":"messerangriff-auf-polizisten-in-bayern-angreifer-getoetet","status":"publish","type":"post","link":"https:\/\/now-news.de\/de\/deutschland\/messerangriff-auf-polizisten-in-bayern-angreifer-getoetet\/","title":{"rendered":"Messerangriff auf Polizisten in Bayern \u2013 Angreifer get\u00f6tet"},"content":{"rendered":"<p><img decoding=\"async\" src=\"https:\/\/now-news.de\/de\/wp-content\/uploads\/sites\/3\/2024\/06\/6681ba3b48fbef7024164563.jpg\" \/><\/p>\n<div class=\"Text-root Text-type_1 \">\n                Am Sonntagabend ist es zu einem gr\u00f6\u00dferen Polizeieinsatz in Mittelfranken gekommen. Dabei wurden drei Polizisten von einem Mann mit einem Messer angegriffen. Beim folgenden Schusswaffengebrauch durch die Polizei kam dieser ums Leben.\n            <\/div>\n<p><\/p>\n<div class=\"Text-root Text-type_5 ArticleView-text ViewText-root \">\n<p>Nach einem Messerangriff auf drei Bundespolizisten ist es am Sonntagabend in Lauf an der Pegnitz nahe N\u00fcrnberg zu einem polizeilichen Schusswaffengebrauch gekommen. Dies teilte ein Sprecher des Polizeipr\u00e4sidiums Mittelfranken auf Nachfrage der <em>dpa<\/em> mit.<\/p>\n<p>Demnach habe ein Mann die Beamten mit dem Messer attackiert. Dabei sei jedoch niemand verletzt worden. Wie schwer der mutma\u00dfliche Angreifer, der aus Iran stammen soll, durch den Schusswaffengebrauch verletzt wurde, war zun\u00e4chst unklar. Laut <em>BR24 <\/em>sei der Angreifer durch den Schusswaffeneinsatz noch am Tatort unweit des Bahnhofs verstorben, wie ein Polizeisprecher best\u00e4tigte.<\/p>\n<p>Wie die Polizei am Sonntagabend mitteilte, ging der Mann zun\u00e4chst auf einen Streifenwagen los, dann habe er die Beamten attackiert. Die Gr\u00fcnde daf\u00fcr seien noch unklar. Infolge des Angriffs h\u00e4tten die Polizisten auf den Mann geschossen.<\/p>\n<p>Zuvor hatte die Polizei auf X\/Twitter mitgeteilt, dass es nach einem vorangegangenen Angriff auf Bundespolizisten zu einem polizeilichen Schusswaffengebrauch gekommen sei. In einem weiteren Beitrag auf X hie\u00df es von der Polizei Mittelfranken, dass ein gr\u00f6\u00dferer Einsatz laufe. &#8220;Wir sind mit zahlreichen Kr\u00e4ften vor Ort. Bitte meidet den Bereich. Es besteht keine Gefahr f\u00fcr die Bev\u00f6lkerung.&#8221; Nach Angaben des Polizeisprechers sei der Platz vor dem Bahnhof gesperrt. Weitere Details und Hintergr\u00fcnde waren zun\u00e4chst nicht bekannt.<\/p>\n<div class=\"EmbedBlock-root EmbedBlock-twitter\">\n<div class=\"TwitterEmbed\">\n<blockquote class=\"twitter-tweet lazyload\" data-twitter=\"twitter-tweet\">\n<p lang=\"de\" dir=\"ltr\">Polizeilicher <a rel=\"nofollow noopener\" target=\"_blank\" href=\"https:\/\/twitter.com\/hashtag\/Schusswaffengebrauch?src=hash&amp;ref_src=twsrc%5Etfw\">#Schusswaffengebrauch<\/a> am Bahnhof <a rel=\"nofollow noopener\" target=\"_blank\" href=\"https:\/\/twitter.com\/hashtag\/Lauf?src=hash&amp;ref_src=twsrc%5Etfw\">#Lauf<\/a> (links der Pegnitz) nach vorangegangenem Angriff auf Polizeibeamte der Bundespolizei. <a rel=\"nofollow noopener\" target=\"_blank\" href=\"https:\/\/twitter.com\/hashtag\/LAU3006?src=hash&amp;ref_src=twsrc%5Etfw\">#LAU3006<\/a><a rel=\"nofollow noopener\" target=\"_blank\" href=\"https:\/\/t.co\/4lvfEDilkG\">https:\/\/t.co\/4lvfEDilkG<\/a><a rel=\"nofollow noopener\" target=\"_blank\" href=\"https:\/\/t.co\/zTk7JUglzU\">pic.twitter.com\/zTk7JUglzU<\/a><\/p>\n<p>\u2014 Polizei Mittelfranken (@PolizeiMFR) <a rel=\"nofollow noopener\" target=\"_blank\" href=\"https:\/\/twitter.com\/PolizeiMFR\/status\/1807453877018460480?ref_src=twsrc%5Etfw\">June 30, 2024<\/a><\/p><\/blockquote>\n<\/div>\n<\/div>\n<p><strong>Mehr zum Thema &#8211;<\/strong>\u00a0<a rel=\"nofollow noopener\" target=\"_blank\" href=\"https:\/\/freedert.online\/inland\/209350-schuesse-auf-hamburger-reeperbahn-polizei\/\">Sch\u00fcsse auf Hamburger Reeperbahn \u2013 Polizei stoppt bewaffneten Mann<\/a><\/p>\n<div class=\"EmbedBlock-root EmbedBlock-externalVideo EmbedBlock-odysee\">\n<div class=\"VkEmbed\"><iframe class=\"lazyload\" data-src=\"https:\/\/odysee.com\/%24\/embed\/%40RTDE%3Ae%2FReeperbahn--Polizei-schie%C3%9Ft-bewaffneten-Mann-nieder%3A3\" frameborder=\"0\" width=\"853\" height=\"480\" allowfullscreen><\/iframe><\/div>\n<\/div>\n<\/div>\n<p><script async src=\"https:\/\/platform.twitter.com\/widgets.js\" charset=\"utf-8\"><\/script><br \/>\n<br \/><br \/>\n<br \/><a href=\"https:\/\/de.rt.com\/inland\/210884-messerangriff-auf-polizisten-in-bayern\/\">Source link <\/a><\/p>\n","protected":false},"excerpt":{"rendered":"<p>Am Sonntagabend ist es zu einem gr\u00f6\u00dferen Polizeieinsatz in Mittelfranken gekommen. Dabei wurden drei Polizisten von einem Mann mit einem Messer angegriffen. Beim folgenden Schusswaffengebrauch durch die Polizei kam dieser ums Leben. Nach einem Messerangriff auf drei Bundespolizisten ist es am Sonntagabend in Lauf an der Pegnitz nahe N\u00fcrnberg zu einem polizeilichen Schusswaffengebrauch gekommen. Dies [&hellip;]<\/p>\n","protected":false},"author":3,"featured_media":63844,"comment_status":"open","ping_status":"open","sticky":false,"template":"","format":"standard","meta":{"_yoast_indexnow_last_ping":["1719778191"],"wp_automatic_camp":["217"],"51ab5370d8416970545e6e29d1fea4e3":["Messerangriff auf Polizisten in Bayern \u2013 Angreifer get\u00f6tet"],"original_link":["https:\/\/de.rt.com\/inland\/210884-messerangriff-auf-polizisten-in-bayern\/"],"_thumbnail_id":["63844"],"jnews_social_counter_last_update":["1777443549"],"_wptgpro_p2tg_sent2tg":["a:1:{i:23737;s:19:\"2024-06-30 22:11:05\";}"]},"categories":[19,23],"tags":[19105,133,11374,367,23954,5028],"yoast_head":"<!-- This site is optimized with the Yoast SEO Premium plugin v22.7 (Yoast SEO v22.7) - https:\/\/yoast.com\/wordpress\/plugins\/seo\/ -->\n<title>Messerangriff auf Polizisten in Bayern \u2013 Angreifer get\u00f6tet - just-now.NEWS Deutschland<\/title>\n<meta name=\"robots\" content=\"index, follow, max-snippet:-1, max-image-preview:large, max-video-preview:-1\" \/>\n<link rel=\"canonical\" href=\"https:\/\/now-news.de\/de\/deutschland\/messerangriff-auf-polizisten-in-bayern-angreifer-getoetet\/\" \/>\n<meta property=\"og:locale\" content=\"de_DE\" \/>\n<meta property=\"og:type\" content=\"article\" \/>\n<meta property=\"og:title\" content=\"Messerangriff auf Polizisten in Bayern \u2013 Angreifer get\u00f6tet\" \/>\n<meta property=\"og:description\" content=\"Am Sonntagabend ist es zu einem gr\u00f6\u00dferen Polizeieinsatz in Mittelfranken gekommen. Dabei wurden drei Polizisten von einem Mann mit einem Messer angegriffen. Beim folgenden Schusswaffengebrauch durch die Polizei kam dieser ums Leben. Nach einem Messerangriff auf drei Bundespolizisten ist es am Sonntagabend in Lauf an der Pegnitz nahe N\u00fcrnberg zu einem polizeilichen Schusswaffengebrauch gekommen. Dies [&hellip;]\" \/>\n<meta property=\"og:url\" content=\"https:\/\/now-news.de\/de\/deutschland\/messerangriff-auf-polizisten-in-bayern-angreifer-getoetet\/\" \/>\n<meta property=\"og:site_name\" content=\"just-now.NEWS Deutschland\" \/>\n<meta property=\"article:publisher\" content=\"https:\/\/www.facebook.com\/wirmachenauf\" \/>\n<meta property=\"article:published_time\" content=\"2024-06-30T20:05:27+00:00\" \/>\n<meta property=\"og:image\" content=\"https:\/\/now-news.de\/de\/wp-content\/uploads\/sites\/3\/2024\/06\/6681ba3b48fbef7024164563.jpg\" \/>\n<meta name=\"author\" content=\"rtnews\" \/>\n<meta name=\"twitter:card\" content=\"summary_large_image\" \/>\n<meta name=\"twitter:creator\" content=\"@WirMachenAuf_de\" \/>\n<meta name=\"twitter:site\" content=\"@WirMachenAuf_de\" \/>\n<meta name=\"twitter:label1\" content=\"Verfasst von\" \/>\n\t<meta name=\"twitter:data1\" content=\"rtnews\" \/>\n\t<meta name=\"twitter:label2\" content=\"Gesch\u00e4tzte Lesezeit\" \/>\n\t<meta name=\"twitter:data2\" content=\"1\u00a0Minute\" \/>\n<script type=\"application\/ld+json\" class=\"yoast-schema-graph\">{\"@context\":\"https:\/\/schema.org\",\"@graph\":[{\"@type\":\"Article\",\"@id\":\"https:\/\/now-news.de\/de\/deutschland\/messerangriff-auf-polizisten-in-bayern-angreifer-getoetet\/#article\",\"isPartOf\":{\"@id\":\"https:\/\/now-news.de\/de\/deutschland\/messerangriff-auf-polizisten-in-bayern-angreifer-getoetet\/\"},\"author\":{\"name\":\"rtnews\",\"@id\":\"https:\/\/now-news.de\/de\/#\/schema\/person\/fb534a4e865501d8b3285208df34a9b5\"},\"headline\":\"Messerangriff auf Polizisten in Bayern \u2013 Angreifer get\u00f6tet\",\"datePublished\":\"2024-06-30T20:05:27+00:00\",\"dateModified\":\"2024-06-30T20:05:27+00:00\",\"mainEntityOfPage\":{\"@id\":\"https:\/\/now-news.de\/de\/deutschland\/messerangriff-auf-polizisten-in-bayern-angreifer-getoetet\/\"},\"wordCount\":300,\"commentCount\":0,\"publisher\":{\"@id\":\"https:\/\/now-news.de\/de\/#organization\"},\"image\":{\"@id\":\"https:\/\/now-news.de\/de\/deutschland\/messerangriff-auf-polizisten-in-bayern-angreifer-getoetet\/#primaryimage\"},\"thumbnailUrl\":\"https:\/\/now-news.de\/de\/wp-content\/uploads\/sites\/3\/2024\/06\/Messerangriff-auf-Polizisten-in-Bayern-\u2013-Angreifer-getoetet.jpg\",\"keywords\":[\"Angreifer\",\"AUF\",\"bayern\",\"get\u00f6tet\",\"Messerangriff\",\"Polizisten\"],\"articleSection\":[\"Deutschland\",\"Russland\"],\"inLanguage\":\"de\",\"potentialAction\":[{\"@type\":\"CommentAction\",\"name\":\"Comment\",\"target\":[\"https:\/\/now-news.de\/de\/deutschland\/messerangriff-auf-polizisten-in-bayern-angreifer-getoetet\/#respond\"]}]},{\"@type\":\"WebPage\",\"@id\":\"https:\/\/now-news.de\/de\/deutschland\/messerangriff-auf-polizisten-in-bayern-angreifer-getoetet\/\",\"url\":\"https:\/\/now-news.de\/de\/deutschland\/messerangriff-auf-polizisten-in-bayern-angreifer-getoetet\/\",\"name\":\"Messerangriff auf Polizisten in Bayern \u2013 Angreifer get\u00f6tet - just-now.NEWS Deutschland\",\"isPartOf\":{\"@id\":\"https:\/\/now-news.de\/de\/#website\"},\"primaryImageOfPage\":{\"@id\":\"https:\/\/now-news.de\/de\/deutschland\/messerangriff-auf-polizisten-in-bayern-angreifer-getoetet\/#primaryimage\"},\"image\":{\"@id\":\"https:\/\/now-news.de\/de\/deutschland\/messerangriff-auf-polizisten-in-bayern-angreifer-getoetet\/#primaryimage\"},\"thumbnailUrl\":\"https:\/\/now-news.de\/de\/wp-content\/uploads\/sites\/3\/2024\/06\/Messerangriff-auf-Polizisten-in-Bayern-\u2013-Angreifer-getoetet.jpg\",\"datePublished\":\"2024-06-30T20:05:27+00:00\",\"dateModified\":\"2024-06-30T20:05:27+00:00\",\"breadcrumb\":{\"@id\":\"https:\/\/now-news.de\/de\/deutschland\/messerangriff-auf-polizisten-in-bayern-angreifer-getoetet\/#breadcrumb\"},\"inLanguage\":\"de\",\"potentialAction\":[{\"@type\":\"ReadAction\",\"target\":[\"https:\/\/now-news.de\/de\/deutschland\/messerangriff-auf-polizisten-in-bayern-angreifer-getoetet\/\"]}]},{\"@type\":\"ImageObject\",\"inLanguage\":\"de\",\"@id\":\"https:\/\/now-news.de\/de\/deutschland\/messerangriff-auf-polizisten-in-bayern-angreifer-getoetet\/#primaryimage\",\"url\":\"https:\/\/now-news.de\/de\/wp-content\/uploads\/sites\/3\/2024\/06\/Messerangriff-auf-Polizisten-in-Bayern-\u2013-Angreifer-getoetet.jpg\",\"contentUrl\":\"https:\/\/now-news.de\/de\/wp-content\/uploads\/sites\/3\/2024\/06\/Messerangriff-auf-Polizisten-in-Bayern-\u2013-Angreifer-getoetet.jpg\",\"width\":460,\"height\":259,\"caption\":\"Messerangriff auf Polizisten in Bayern \u2013 Angreifer get\u00f6tet\"},{\"@type\":\"BreadcrumbList\",\"@id\":\"https:\/\/now-news.de\/de\/deutschland\/messerangriff-auf-polizisten-in-bayern-angreifer-getoetet\/#breadcrumb\",\"itemListElement\":[{\"@type\":\"ListItem\",\"position\":1,\"name\":\"Home\",\"item\":\"https:\/\/now-news.de\/de\/\"},{\"@type\":\"ListItem\",\"position\":2,\"name\":\"Messerangriff auf Polizisten in Bayern \u2013 Angreifer get\u00f6tet\"}]},{\"@type\":\"WebSite\",\"@id\":\"https:\/\/now-news.de\/de\/#website\",\"url\":\"https:\/\/now-news.de\/de\/\",\"name\":\"just-now.NEWS Deutschland\",\"description\":\"Das Portal f\u00fcr unzensierte Nachrichten aus der Welt\",\"publisher\":{\"@id\":\"https:\/\/now-news.de\/de\/#organization\"},\"potentialAction\":[{\"@type\":\"SearchAction\",\"target\":{\"@type\":\"EntryPoint\",\"urlTemplate\":\"https:\/\/now-news.de\/de\/?s={search_term_string}\"},\"query-input\":\"required name=search_term_string\"}],\"inLanguage\":\"de\"},{\"@type\":\"Organization\",\"@id\":\"https:\/\/now-news.de\/de\/#organization\",\"name\":\"Just Now News\",\"url\":\"https:\/\/now-news.de\/de\/\",\"logo\":{\"@type\":\"ImageObject\",\"inLanguage\":\"de\",\"@id\":\"https:\/\/now-news.de\/de\/#\/schema\/logo\/image\/\",\"url\":\"http:\/\/just-now.news\/de\/wp-content\/uploads\/sites\/3\/2022\/04\/logo500x500.jpg\",\"contentUrl\":\"http:\/\/just-now.news\/de\/wp-content\/uploads\/sites\/3\/2022\/04\/logo500x500.jpg\",\"width\":500,\"height\":500,\"caption\":\"Just Now News\"},\"image\":{\"@id\":\"https:\/\/now-news.de\/de\/#\/schema\/logo\/image\/\"},\"sameAs\":[\"https:\/\/www.facebook.com\/wirmachenauf\",\"https:\/\/x.com\/WirMachenAuf_de\"]},{\"@type\":\"Person\",\"@id\":\"https:\/\/now-news.de\/de\/#\/schema\/person\/fb534a4e865501d8b3285208df34a9b5\",\"name\":\"rtnews\",\"image\":{\"@type\":\"ImageObject\",\"inLanguage\":\"de\",\"@id\":\"https:\/\/now-news.de\/de\/#\/schema\/person\/image\/\",\"url\":\"https:\/\/secure.gravatar.com\/avatar\/82aafea7d8127119dd649515f56e2117?s=96&d=mm&r=g\",\"contentUrl\":\"https:\/\/secure.gravatar.com\/avatar\/82aafea7d8127119dd649515f56e2117?s=96&d=mm&r=g\",\"caption\":\"rtnews\"},\"url\":\"https:\/\/now-news.de\/de\/author\/rnews\/\"}]}<\/script>\n<!-- \/ Yoast SEO Premium plugin. -->","yoast_head_json":{"title":"Messerangriff auf Polizisten in Bayern \u2013 Angreifer get\u00f6tet - just-now.NEWS Deutschland","robots":{"index":"index","follow":"follow","max-snippet":"max-snippet:-1","max-image-preview":"max-image-preview:large","max-video-preview":"max-video-preview:-1"},"canonical":"https:\/\/now-news.de\/de\/deutschland\/messerangriff-auf-polizisten-in-bayern-angreifer-getoetet\/","og_locale":"de_DE","og_type":"article","og_title":"Messerangriff auf Polizisten in Bayern \u2013 Angreifer get\u00f6tet","og_description":"Am Sonntagabend ist es zu einem gr\u00f6\u00dferen Polizeieinsatz in Mittelfranken gekommen. Dabei wurden drei Polizisten von einem Mann mit einem Messer angegriffen. Beim folgenden Schusswaffengebrauch durch die Polizei kam dieser ums Leben. Nach einem Messerangriff auf drei Bundespolizisten ist es am Sonntagabend in Lauf an der Pegnitz nahe N\u00fcrnberg zu einem polizeilichen Schusswaffengebrauch gekommen. Dies [&hellip;]","og_url":"https:\/\/now-news.de\/de\/deutschland\/messerangriff-auf-polizisten-in-bayern-angreifer-getoetet\/","og_site_name":"just-now.NEWS Deutschland","article_publisher":"https:\/\/www.facebook.com\/wirmachenauf","article_published_time":"2024-06-30T20:05:27+00:00","og_image":[{"url":"https:\/\/now-news.de\/de\/wp-content\/uploads\/sites\/3\/2024\/06\/6681ba3b48fbef7024164563.jpg"}],"author":"rtnews","twitter_card":"summary_large_image","twitter_creator":"@WirMachenAuf_de","twitter_site":"@WirMachenAuf_de","twitter_misc":{"Verfasst von":"rtnews","Gesch\u00e4tzte Lesezeit":"1\u00a0Minute"},"schema":{"@context":"https:\/\/schema.org","@graph":[{"@type":"Article","@id":"https:\/\/now-news.de\/de\/deutschland\/messerangriff-auf-polizisten-in-bayern-angreifer-getoetet\/#article","isPartOf":{"@id":"https:\/\/now-news.de\/de\/deutschland\/messerangriff-auf-polizisten-in-bayern-angreifer-getoetet\/"},"author":{"name":"rtnews","@id":"https:\/\/now-news.de\/de\/#\/schema\/person\/fb534a4e865501d8b3285208df34a9b5"},"headline":"Messerangriff auf Polizisten in Bayern \u2013 Angreifer get\u00f6tet","datePublished":"2024-06-30T20:05:27+00:00","dateModified":"2024-06-30T20:05:27+00:00","mainEntityOfPage":{"@id":"https:\/\/now-news.de\/de\/deutschland\/messerangriff-auf-polizisten-in-bayern-angreifer-getoetet\/"},"wordCount":300,"commentCount":0,"publisher":{"@id":"https:\/\/now-news.de\/de\/#organization"},"image":{"@id":"https:\/\/now-news.de\/de\/deutschland\/messerangriff-auf-polizisten-in-bayern-angreifer-getoetet\/#primaryimage"},"thumbnailUrl":"https:\/\/now-news.de\/de\/wp-content\/uploads\/sites\/3\/2024\/06\/Messerangriff-auf-Polizisten-in-Bayern-\u2013-Angreifer-getoetet.jpg","keywords":["Angreifer","AUF","bayern","get\u00f6tet","Messerangriff","Polizisten"],"articleSection":["Deutschland","Russland"],"inLanguage":"de","potentialAction":[{"@type":"CommentAction","name":"Comment","target":["https:\/\/now-news.de\/de\/deutschland\/messerangriff-auf-polizisten-in-bayern-angreifer-getoetet\/#respond"]}]},{"@type":"WebPage","@id":"https:\/\/now-news.de\/de\/deutschland\/messerangriff-auf-polizisten-in-bayern-angreifer-getoetet\/","url":"https:\/\/now-news.de\/de\/deutschland\/messerangriff-auf-polizisten-in-bayern-angreifer-getoetet\/","name":"Messerangriff auf Polizisten in Bayern \u2013 Angreifer get\u00f6tet - just-now.NEWS Deutschland","isPartOf":{"@id":"https:\/\/now-news.de\/de\/#website"},"primaryImageOfPage":{"@id":"https:\/\/now-news.de\/de\/deutschland\/messerangriff-auf-polizisten-in-bayern-angreifer-getoetet\/#primaryimage"},"image":{"@id":"https:\/\/now-news.de\/de\/deutschland\/messerangriff-auf-polizisten-in-bayern-angreifer-getoetet\/#primaryimage"},"thumbnailUrl":"https:\/\/now-news.de\/de\/wp-content\/uploads\/sites\/3\/2024\/06\/Messerangriff-auf-Polizisten-in-Bayern-\u2013-Angreifer-getoetet.jpg","datePublished":"2024-06-30T20:05:27+00:00","dateModified":"2024-06-30T20:05:27+00:00","breadcrumb":{"@id":"https:\/\/now-news.de\/de\/deutschland\/messerangriff-auf-polizisten-in-bayern-angreifer-getoetet\/#breadcrumb"},"inLanguage":"de","potentialAction":[{"@type":"ReadAction","target":["https:\/\/now-news.de\/de\/deutschland\/messerangriff-auf-polizisten-in-bayern-angreifer-getoetet\/"]}]},{"@type":"ImageObject","inLanguage":"de","@id":"https:\/\/now-news.de\/de\/deutschland\/messerangriff-auf-polizisten-in-bayern-angreifer-getoetet\/#primaryimage","url":"https:\/\/now-news.de\/de\/wp-content\/uploads\/sites\/3\/2024\/06\/Messerangriff-auf-Polizisten-in-Bayern-\u2013-Angreifer-getoetet.jpg","contentUrl":"https:\/\/now-news.de\/de\/wp-content\/uploads\/sites\/3\/2024\/06\/Messerangriff-auf-Polizisten-in-Bayern-\u2013-Angreifer-getoetet.jpg","width":460,"height":259,"caption":"Messerangriff auf Polizisten in Bayern \u2013 Angreifer get\u00f6tet"},{"@type":"BreadcrumbList","@id":"https:\/\/now-news.de\/de\/deutschland\/messerangriff-auf-polizisten-in-bayern-angreifer-getoetet\/#breadcrumb","itemListElement":[{"@type":"ListItem","position":1,"name":"Home","item":"https:\/\/now-news.de\/de\/"},{"@type":"ListItem","position":2,"name":"Messerangriff auf Polizisten in Bayern \u2013 Angreifer get\u00f6tet"}]},{"@type":"WebSite","@id":"https:\/\/now-news.de\/de\/#website","url":"https:\/\/now-news.de\/de\/","name":"just-now.NEWS Deutschland","description":"Das Portal f\u00fcr unzensierte Nachrichten aus der Welt","publisher":{"@id":"https:\/\/now-news.de\/de\/#organization"},"potentialAction":[{"@type":"SearchAction","target":{"@type":"EntryPoint","urlTemplate":"https:\/\/now-news.de\/de\/?s={search_term_string}"},"query-input":"required name=search_term_string"}],"inLanguage":"de"},{"@type":"Organization","@id":"https:\/\/now-news.de\/de\/#organization","name":"Just Now News","url":"https:\/\/now-news.de\/de\/","logo":{"@type":"ImageObject","inLanguage":"de","@id":"https:\/\/now-news.de\/de\/#\/schema\/logo\/image\/","url":"http:\/\/just-now.news\/de\/wp-content\/uploads\/sites\/3\/2022\/04\/logo500x500.jpg","contentUrl":"http:\/\/just-now.news\/de\/wp-content\/uploads\/sites\/3\/2022\/04\/logo500x500.jpg","width":500,"height":500,"caption":"Just Now News"},"image":{"@id":"https:\/\/now-news.de\/de\/#\/schema\/logo\/image\/"},"sameAs":["https:\/\/www.facebook.com\/wirmachenauf","https:\/\/x.com\/WirMachenAuf_de"]},{"@type":"Person","@id":"https:\/\/now-news.de\/de\/#\/schema\/person\/fb534a4e865501d8b3285208df34a9b5","name":"rtnews","image":{"@type":"ImageObject","inLanguage":"de","@id":"https:\/\/now-news.de\/de\/#\/schema\/person\/image\/","url":"https:\/\/secure.gravatar.com\/avatar\/82aafea7d8127119dd649515f56e2117?s=96&d=mm&r=g","contentUrl":"https:\/\/secure.gravatar.com\/avatar\/82aafea7d8127119dd649515f56e2117?s=96&d=mm&r=g","caption":"rtnews"},"url":"https:\/\/now-news.de\/de\/author\/rnews\/"}]}},"_links":{"self":[{"href":"https:\/\/now-news.de\/de\/wp-json\/wp\/v2\/posts\/63843"}],"collection":[{"href":"https:\/\/now-news.de\/de\/wp-json\/wp\/v2\/posts"}],"about":[{"href":"https:\/\/now-news.de\/de\/wp-json\/wp\/v2\/types\/post"}],"author":[{"embeddable":true,"href":"https:\/\/now-news.de\/de\/wp-json\/wp\/v2\/users\/3"}],"replies":[{"embeddable":true,"href":"https:\/\/now-news.de\/de\/wp-json\/wp\/v2\/comments?post=63843"}],"version-history":[{"count":0,"href":"https:\/\/now-news.de\/de\/wp-json\/wp\/v2\/posts\/63843\/revisions"}],"wp:featuredmedia":[{"embeddable":true,"href":"https:\/\/now-news.de\/de\/wp-json\/wp\/v2\/media\/63844"}],"wp:attachment":[{"href":"https:\/\/now-news.de\/de\/wp-json\/wp\/v2\/media?parent=63843"}],"wp:term":[{"taxonomy":"category","embeddable":true,"href":"https:\/\/now-news.de\/de\/wp-json\/wp\/v2\/categories?post=63843"},{"taxonomy":"post_tag","embeddable":true,"href":"https:\/\/now-news.de\/de\/wp-json\/wp\/v2\/tags?post=63843"}],"curies":[{"name":"wp","href":"https:\/\/api.w.org\/{rel}","templated":true}]}}