{"id":63830,"date":"2024-06-30T19:09:20","date_gmt":"2024-06-30T17:09:20","guid":{"rendered":"https:\/\/now-news.de\/de\/deutschland\/wall-street-journal-wirft-wef-gruender-klaus-schwab-sexismus-vor\/"},"modified":"2024-06-30T19:09:20","modified_gmt":"2024-06-30T17:09:20","slug":"wall-street-journal-wirft-wef-gruender-klaus-schwab-sexismus-vor","status":"publish","type":"post","link":"https:\/\/now-news.de\/de\/deutschland\/wall-street-journal-wirft-wef-gruender-klaus-schwab-sexismus-vor\/","title":{"rendered":"&quot;Wall Street Journal&quot; wirft WEF-Gr\u00fcnder Klaus Schwab Sexismus vor"},"content":{"rendered":"<p><img decoding=\"async\" src=\"https:\/\/now-news.de\/de\/wp-content\/uploads\/sites\/3\/2024\/06\/66818a6f48fbef46057d8413.jpg\" \/><\/p>\n<div class=\"Text-root Text-type_1 \">\n                In einem Bericht des &#8220;Wall Street Journal&#8221; wird WEF-Gr\u00fcnder Klaus Schwab vorgeworfen, dass er die Diskriminierung von Frauen und Schwarzen sowie die sexuelle Bel\u00e4stigung in der Organisation ignoriert habe \u2013 obwohl sich das WEF offiziell f\u00fcr die F\u00f6rderung der Geschlechterparit\u00e4t einsetzt.\n            <\/div>\n<p><\/p>\n<div class=\"Text-root Text-type_5 ArticleView-text ViewText-root \">\n<p>Jahrelang wurde der WEF-Gr\u00fcnder Klaus Schwab vom Mainstream hofiert und schien unantastbar. Doch nun wird ihm in einem Bericht des <em>Wall Street Journal<\/em> vorgeworfen, dass er sowie die F\u00fchrung des Forums die Diskriminierung von Frauen und Schwarzen sowie sexuelle Bel\u00e4stigungen in der Organisation ignoriert habe. Dies berichtet die Zeitung am Samstag unter Berufung auf \u00fcber 80 derzeitige und ehemalige Mitarbeiter und andere mit den Vorw\u00fcrfen vertraute Quellen.<\/p>\n<p>Die Anschuldigungen stehen auch im Gegensatz zu den Empfehlungen des WEF, das sich lautstark f\u00fcr die F\u00f6rderung der Geschlechterparit\u00e4t einsetzt, die nach Ansicht seiner Analysten der Weltwirtschaft Billionen einbringen und die Wirtschaftsleistung einiger L\u00e4nder erheblich steigern k\u00f6nnte.<\/p>\n<p>Das Weltwirtschaftsforum (&#8220;World Economic Forum&#8221;, WEF) wurde 1971 von Schwab gegr\u00fcndet. Das j\u00e4hrliche Treffen des Forums im schweizerischen Davos gilt als eines der weltweit gr\u00f6\u00dften j\u00e4hrlichen Wirtschafts- und Gesch\u00e4ftsereignisse und zieht in der Regel Dutzende hochrangige Staats- und Regierungschefs an.<\/p>\n<p>Im vergangenen Monat k\u00fcndigte Schwab an, dass er sich nach mehr als 50 Jahren an der Spitze des j\u00e4hrlichen Treffens von seinem Amt zur\u00fcckziehen wolle. Der 86-j\u00e4hrige Gr\u00fcnder erkl\u00e4rte, dass er bis zum n\u00e4chsten Forum im Jahr 2025 in die Rolle eines nicht gesch\u00e4ftsf\u00fchrenden Vorsitzenden wechseln wolle.<\/p>\n<p>Wie das <em>Wall Street Journal<\/em> nun berichtet, sei bei dem Forum unter Schwabs Aufsicht &#8220;eine frauen- und schwarzenfeindliche Atmosph\u00e4re&#8221; am Arbeitsplatz &#8220;zugelassen worden&#8221;. Mindestens sechs weibliche Besch\u00e4ftigte wurden Berichten zufolge entlassen oder sahen sich in ihrer beruflichen Laufbahn beeintr\u00e4chtigt, nachdem sie schwanger geworden oder aus dem Mutterschaftsurlaub zur\u00fcckgekehrt waren, w\u00e4hrend ein weiteres halbes Dutzend angeblich leitender Angestellter sexuell bel\u00e4stigt wurde, von denen einige noch immer in der Organisation t\u00e4tig sind. Zwei Frauen berichteten, dass sie vor Jahren von VIP-G\u00e4sten bei Forumstreffen sexuell bel\u00e4stigt wurden.<\/p>\n<p>Laut internen Beschwerden, die der Zeitschrift vorlagen, benutzten Forum-Manager rassistische Ausdr\u00fccke gegen\u00fcber schwarzen Mitarbeitern. Schwarze sollen demnach bei Bef\u00f6rderungen \u00fcbergangen oder &#8220;aus Davos ausgeschlossen&#8221; worden sein.<\/p>\n<p>Schwab habe auch versucht, eine Altersgrenze f\u00fcr Mitarbeiter einzuf\u00fchren, sagten Personen, die mit der Angelegenheit vertraut sind, und f\u00fcgten hinzu, dass Schwab sich &#8220;eine Gruppe von Mitarbeitern \u00fcber 50 Jahren herausgegriffen und seinen Personalchef angewiesen habe, sie alle loszuwerden&#8221;.<\/p>\n<p>Drei weibliche Mitarbeiter, die fr\u00fcher eng mit Schwab zusammengearbeitet haben, sagten aus, dass er ihnen gegen\u00fcber \u00fcber mehrere Jahrzehnte hinweg anz\u00fcgliche Bemerkungen gemacht habe, die ihnen &#8220;Unbehagen bereiteten&#8221;. Mehrere andere Mitarbeiter best\u00e4tigten die Vorw\u00fcrfe.<\/p>\n<p>Der Sprecher des Forums, Yann Zopf, erkl\u00e4rte gegen\u00fcber dem <em>Wall Street Journal<\/em>, dass Schwab niemals &#8220;in das vulg\u00e4re Verhalten&#8221; verwickelt gewesen sei, das im Artikel beschrieben wurde. Er nannte die Anschuldigungen &#8220;ungenau und falsch&#8221; und f\u00fcgte hinzu, dass es keine &#8220;sexuellen Ann\u00e4herungsversuche&#8221; gegen\u00fcber Mitarbeitern gegeben habe.<\/p>\n<p>Das WEF wies auch Vorw\u00fcrfe \u00fcber eine Altersgrenze zur\u00fcck und erkl\u00e4rte, dass die Organisation, die hinter der j\u00e4hrlichen Veranstaltung steht, &#8220;keine Toleranz gegen\u00fcber Bel\u00e4stigung oder Diskriminierung zeigt und auf alle eingegangenen Beschwerden angemessen reagiert habe&#8221;.<\/p>\n<p>Der Sprecher behauptete zudem, dass viele der Vorw\u00fcrfe, darunter auch der Vorwurf der Diskriminierung von Schwangeren, ehemalige Mitarbeiter betr\u00e4fen, die aus Leistungsgr\u00fcnden oder im Rahmen von Umstrukturierungen entlassen worden seien. Er f\u00fcgte hinzu, dass die Gesch\u00e4ftsleitung in den letzten vier Jahren drei Berichte \u00fcber rassistische Diskriminierung erhalten habe, die alle gr\u00fcndlich untersucht worden seien. Man habe &#8220;angemessene Schritte zur L\u00f6sung des Problems&#8221; eingeleitet.<\/p>\n<p><strong>Mehr zum Thema &#8211;<\/strong>\u00a0<a rel=\"nofollow noopener\" target=\"_blank\" href=\"https:\/\/freedert.online\/kurzclips\/video\/193233-klaus-schwab-fck-dich-und\/\">&#8220;Klaus Schwab, f*ck dich und deine neue Weltordnung!&#8221; \u2013 Satire-Clip geht viral <\/a><\/p>\n<div class=\"EmbedBlock-root EmbedBlock-externalVideo EmbedBlock-odysee\">\n<div class=\"VkEmbed\"><iframe class=\"lazyload\" data-src=\"https:\/\/odysee.com\/%24\/embed\/%40RTDE%3Ae%2F-Klaus-Schwab%2C-f*ck-dich-und-deine-neue-Weltordnung!--%E2%80%93-Satire-Clip-geht-viral%3A4\" frameborder=\"0\" width=\"853\" height=\"480\" allowfullscreen><\/iframe><\/div>\n<\/div>\n<\/div>\n<p><br \/>\n<br \/><a href=\"https:\/\/de.rt.com\/international\/210874-wall-street-journal-wirft-wef\/\">Source link <\/a><\/p>\n","protected":false},"excerpt":{"rendered":"<p>In einem Bericht des &#8220;Wall Street Journal&#8221; wird WEF-Gr\u00fcnder Klaus Schwab vorgeworfen, dass er die Diskriminierung von Frauen und Schwarzen sowie die sexuelle Bel\u00e4stigung in der Organisation ignoriert habe \u2013 obwohl sich das WEF offiziell f\u00fcr die F\u00f6rderung der Geschlechterparit\u00e4t einsetzt. Jahrelang wurde der WEF-Gr\u00fcnder Klaus Schwab vom Mainstream hofiert und schien unantastbar. Doch nun [&hellip;]<\/p>\n","protected":false},"author":3,"featured_media":63831,"comment_status":"open","ping_status":"open","sticky":false,"template":"","format":"standard","meta":{"_yoast_indexnow_last_ping":["1719767522"],"wp_automatic_camp":["217"],"e13152be6efed244bf1e389d43af48ba":["&quot;Wall Street Journal&quot; wirft WEF-Gr\u00fcnder Klaus Schwab Sexismus vor"],"original_link":["https:\/\/de.rt.com\/international\/210874-wall-street-journal-wirft-wef\/"],"_thumbnail_id":["63831"],"jnews_social_counter_last_update":["1777458125"],"_wptgpro_p2tg_sent2tg":["a:1:{i:23737;s:19:\"2024-06-30 19:13:10\";}"]},"categories":[19,23],"tags":[33089,57,33088,58,50823,1156,320,21571,7129],"yoast_head":"<!-- This site is optimized with the Yoast SEO Premium plugin v22.7 (Yoast SEO v22.7) - https:\/\/yoast.com\/wordpress\/plugins\/seo\/ -->\n<title>&quot;Wall Street Journal&quot; wirft WEF-Gr\u00fcnder Klaus Schwab Sexismus vor - just-now.NEWS Deutschland<\/title>\n<meta name=\"robots\" content=\"index, follow, max-snippet:-1, max-image-preview:large, max-video-preview:-1\" \/>\n<link rel=\"canonical\" href=\"https:\/\/now-news.de\/de\/deutschland\/wall-street-journal-wirft-wef-gruender-klaus-schwab-sexismus-vor\/\" \/>\n<meta property=\"og:locale\" content=\"de_DE\" \/>\n<meta property=\"og:type\" content=\"article\" \/>\n<meta property=\"og:title\" content=\"&quot;Wall Street Journal&quot; wirft WEF-Gr\u00fcnder Klaus Schwab Sexismus vor\" \/>\n<meta property=\"og:description\" content=\"In einem Bericht des &#8220;Wall Street Journal&#8221; wird WEF-Gr\u00fcnder Klaus Schwab vorgeworfen, dass er die Diskriminierung von Frauen und Schwarzen sowie die sexuelle Bel\u00e4stigung in der Organisation ignoriert habe \u2013 obwohl sich das WEF offiziell f\u00fcr die F\u00f6rderung der Geschlechterparit\u00e4t einsetzt. Jahrelang wurde der WEF-Gr\u00fcnder Klaus Schwab vom Mainstream hofiert und schien unantastbar. Doch nun [&hellip;]\" \/>\n<meta property=\"og:url\" content=\"https:\/\/now-news.de\/de\/deutschland\/wall-street-journal-wirft-wef-gruender-klaus-schwab-sexismus-vor\/\" \/>\n<meta property=\"og:site_name\" content=\"just-now.NEWS Deutschland\" \/>\n<meta property=\"article:publisher\" content=\"https:\/\/www.facebook.com\/wirmachenauf\" \/>\n<meta property=\"article:published_time\" content=\"2024-06-30T17:09:20+00:00\" \/>\n<meta property=\"og:image\" content=\"https:\/\/now-news.de\/de\/wp-content\/uploads\/sites\/3\/2024\/06\/66818a6f48fbef46057d8413.jpg\" \/>\n<meta name=\"author\" content=\"rtnews\" \/>\n<meta name=\"twitter:card\" content=\"summary_large_image\" \/>\n<meta name=\"twitter:creator\" content=\"@WirMachenAuf_de\" \/>\n<meta name=\"twitter:site\" content=\"@WirMachenAuf_de\" \/>\n<meta name=\"twitter:label1\" content=\"Verfasst von\" \/>\n\t<meta name=\"twitter:data1\" content=\"rtnews\" \/>\n\t<meta name=\"twitter:label2\" content=\"Gesch\u00e4tzte Lesezeit\" \/>\n\t<meta name=\"twitter:data2\" content=\"3\u00a0Minuten\" \/>\n<script type=\"application\/ld+json\" class=\"yoast-schema-graph\">{\"@context\":\"https:\/\/schema.org\",\"@graph\":[{\"@type\":\"Article\",\"@id\":\"https:\/\/now-news.de\/de\/deutschland\/wall-street-journal-wirft-wef-gruender-klaus-schwab-sexismus-vor\/#article\",\"isPartOf\":{\"@id\":\"https:\/\/now-news.de\/de\/deutschland\/wall-street-journal-wirft-wef-gruender-klaus-schwab-sexismus-vor\/\"},\"author\":{\"name\":\"rtnews\",\"@id\":\"https:\/\/now-news.de\/de\/#\/schema\/person\/fb534a4e865501d8b3285208df34a9b5\"},\"headline\":\"&quot;Wall Street Journal&quot; wirft WEF-Gr\u00fcnder Klaus Schwab Sexismus vor\",\"datePublished\":\"2024-06-30T17:09:20+00:00\",\"dateModified\":\"2024-06-30T17:09:20+00:00\",\"mainEntityOfPage\":{\"@id\":\"https:\/\/now-news.de\/de\/deutschland\/wall-street-journal-wirft-wef-gruender-klaus-schwab-sexismus-vor\/\"},\"wordCount\":651,\"commentCount\":0,\"publisher\":{\"@id\":\"https:\/\/now-news.de\/de\/#organization\"},\"image\":{\"@id\":\"https:\/\/now-news.de\/de\/deutschland\/wall-street-journal-wirft-wef-gruender-klaus-schwab-sexismus-vor\/#primaryimage\"},\"thumbnailUrl\":\"https:\/\/now-news.de\/de\/wp-content\/uploads\/sites\/3\/2024\/06\/quotWall-Street-Journalquot-wirft-WEF-Gruender-Klaus-Schwab-Sexismus-vor.jpg\",\"keywords\":[\"Journalquot\",\"Klaus\",\"quotWall\",\"Schwab\",\"Sexismus\",\"Street\",\"vor\",\"WEFGr\u00fcnder\",\"wirft\"],\"articleSection\":[\"Deutschland\",\"Russland\"],\"inLanguage\":\"de\",\"potentialAction\":[{\"@type\":\"CommentAction\",\"name\":\"Comment\",\"target\":[\"https:\/\/now-news.de\/de\/deutschland\/wall-street-journal-wirft-wef-gruender-klaus-schwab-sexismus-vor\/#respond\"]}]},{\"@type\":\"WebPage\",\"@id\":\"https:\/\/now-news.de\/de\/deutschland\/wall-street-journal-wirft-wef-gruender-klaus-schwab-sexismus-vor\/\",\"url\":\"https:\/\/now-news.de\/de\/deutschland\/wall-street-journal-wirft-wef-gruender-klaus-schwab-sexismus-vor\/\",\"name\":\"&quot;Wall Street Journal&quot; wirft WEF-Gr\u00fcnder Klaus Schwab Sexismus vor - just-now.NEWS Deutschland\",\"isPartOf\":{\"@id\":\"https:\/\/now-news.de\/de\/#website\"},\"primaryImageOfPage\":{\"@id\":\"https:\/\/now-news.de\/de\/deutschland\/wall-street-journal-wirft-wef-gruender-klaus-schwab-sexismus-vor\/#primaryimage\"},\"image\":{\"@id\":\"https:\/\/now-news.de\/de\/deutschland\/wall-street-journal-wirft-wef-gruender-klaus-schwab-sexismus-vor\/#primaryimage\"},\"thumbnailUrl\":\"https:\/\/now-news.de\/de\/wp-content\/uploads\/sites\/3\/2024\/06\/quotWall-Street-Journalquot-wirft-WEF-Gruender-Klaus-Schwab-Sexismus-vor.jpg\",\"datePublished\":\"2024-06-30T17:09:20+00:00\",\"dateModified\":\"2024-06-30T17:09:20+00:00\",\"breadcrumb\":{\"@id\":\"https:\/\/now-news.de\/de\/deutschland\/wall-street-journal-wirft-wef-gruender-klaus-schwab-sexismus-vor\/#breadcrumb\"},\"inLanguage\":\"de\",\"potentialAction\":[{\"@type\":\"ReadAction\",\"target\":[\"https:\/\/now-news.de\/de\/deutschland\/wall-street-journal-wirft-wef-gruender-klaus-schwab-sexismus-vor\/\"]}]},{\"@type\":\"ImageObject\",\"inLanguage\":\"de\",\"@id\":\"https:\/\/now-news.de\/de\/deutschland\/wall-street-journal-wirft-wef-gruender-klaus-schwab-sexismus-vor\/#primaryimage\",\"url\":\"https:\/\/now-news.de\/de\/wp-content\/uploads\/sites\/3\/2024\/06\/quotWall-Street-Journalquot-wirft-WEF-Gruender-Klaus-Schwab-Sexismus-vor.jpg\",\"contentUrl\":\"https:\/\/now-news.de\/de\/wp-content\/uploads\/sites\/3\/2024\/06\/quotWall-Street-Journalquot-wirft-WEF-Gruender-Klaus-Schwab-Sexismus-vor.jpg\",\"width\":460,\"height\":259,\"caption\":\"&quot;Wall Street Journal&quot; wirft WEF-Gr\u00fcnder Klaus Schwab Sexismus vor\"},{\"@type\":\"BreadcrumbList\",\"@id\":\"https:\/\/now-news.de\/de\/deutschland\/wall-street-journal-wirft-wef-gruender-klaus-schwab-sexismus-vor\/#breadcrumb\",\"itemListElement\":[{\"@type\":\"ListItem\",\"position\":1,\"name\":\"Home\",\"item\":\"https:\/\/now-news.de\/de\/\"},{\"@type\":\"ListItem\",\"position\":2,\"name\":\"&quot;Wall Street Journal&quot; wirft WEF-Gr\u00fcnder Klaus Schwab Sexismus vor\"}]},{\"@type\":\"WebSite\",\"@id\":\"https:\/\/now-news.de\/de\/#website\",\"url\":\"https:\/\/now-news.de\/de\/\",\"name\":\"just-now.NEWS Deutschland\",\"description\":\"Das Portal f\u00fcr unzensierte Nachrichten aus der Welt\",\"publisher\":{\"@id\":\"https:\/\/now-news.de\/de\/#organization\"},\"potentialAction\":[{\"@type\":\"SearchAction\",\"target\":{\"@type\":\"EntryPoint\",\"urlTemplate\":\"https:\/\/now-news.de\/de\/?s={search_term_string}\"},\"query-input\":\"required name=search_term_string\"}],\"inLanguage\":\"de\"},{\"@type\":\"Organization\",\"@id\":\"https:\/\/now-news.de\/de\/#organization\",\"name\":\"Just Now News\",\"url\":\"https:\/\/now-news.de\/de\/\",\"logo\":{\"@type\":\"ImageObject\",\"inLanguage\":\"de\",\"@id\":\"https:\/\/now-news.de\/de\/#\/schema\/logo\/image\/\",\"url\":\"http:\/\/just-now.news\/de\/wp-content\/uploads\/sites\/3\/2022\/04\/logo500x500.jpg\",\"contentUrl\":\"http:\/\/just-now.news\/de\/wp-content\/uploads\/sites\/3\/2022\/04\/logo500x500.jpg\",\"width\":500,\"height\":500,\"caption\":\"Just Now News\"},\"image\":{\"@id\":\"https:\/\/now-news.de\/de\/#\/schema\/logo\/image\/\"},\"sameAs\":[\"https:\/\/www.facebook.com\/wirmachenauf\",\"https:\/\/x.com\/WirMachenAuf_de\"]},{\"@type\":\"Person\",\"@id\":\"https:\/\/now-news.de\/de\/#\/schema\/person\/fb534a4e865501d8b3285208df34a9b5\",\"name\":\"rtnews\",\"image\":{\"@type\":\"ImageObject\",\"inLanguage\":\"de\",\"@id\":\"https:\/\/now-news.de\/de\/#\/schema\/person\/image\/\",\"url\":\"https:\/\/secure.gravatar.com\/avatar\/82aafea7d8127119dd649515f56e2117?s=96&d=mm&r=g\",\"contentUrl\":\"https:\/\/secure.gravatar.com\/avatar\/82aafea7d8127119dd649515f56e2117?s=96&d=mm&r=g\",\"caption\":\"rtnews\"},\"url\":\"https:\/\/now-news.de\/de\/author\/rnews\/\"}]}<\/script>\n<!-- \/ Yoast SEO Premium plugin. -->","yoast_head_json":{"title":"&quot;Wall Street Journal&quot; wirft WEF-Gr\u00fcnder Klaus Schwab Sexismus vor - just-now.NEWS Deutschland","robots":{"index":"index","follow":"follow","max-snippet":"max-snippet:-1","max-image-preview":"max-image-preview:large","max-video-preview":"max-video-preview:-1"},"canonical":"https:\/\/now-news.de\/de\/deutschland\/wall-street-journal-wirft-wef-gruender-klaus-schwab-sexismus-vor\/","og_locale":"de_DE","og_type":"article","og_title":"&quot;Wall Street Journal&quot; wirft WEF-Gr\u00fcnder Klaus Schwab Sexismus vor","og_description":"In einem Bericht des &#8220;Wall Street Journal&#8221; wird WEF-Gr\u00fcnder Klaus Schwab vorgeworfen, dass er die Diskriminierung von Frauen und Schwarzen sowie die sexuelle Bel\u00e4stigung in der Organisation ignoriert habe \u2013 obwohl sich das WEF offiziell f\u00fcr die F\u00f6rderung der Geschlechterparit\u00e4t einsetzt. Jahrelang wurde der WEF-Gr\u00fcnder Klaus Schwab vom Mainstream hofiert und schien unantastbar. Doch nun [&hellip;]","og_url":"https:\/\/now-news.de\/de\/deutschland\/wall-street-journal-wirft-wef-gruender-klaus-schwab-sexismus-vor\/","og_site_name":"just-now.NEWS Deutschland","article_publisher":"https:\/\/www.facebook.com\/wirmachenauf","article_published_time":"2024-06-30T17:09:20+00:00","og_image":[{"url":"https:\/\/now-news.de\/de\/wp-content\/uploads\/sites\/3\/2024\/06\/66818a6f48fbef46057d8413.jpg"}],"author":"rtnews","twitter_card":"summary_large_image","twitter_creator":"@WirMachenAuf_de","twitter_site":"@WirMachenAuf_de","twitter_misc":{"Verfasst von":"rtnews","Gesch\u00e4tzte Lesezeit":"3\u00a0Minuten"},"schema":{"@context":"https:\/\/schema.org","@graph":[{"@type":"Article","@id":"https:\/\/now-news.de\/de\/deutschland\/wall-street-journal-wirft-wef-gruender-klaus-schwab-sexismus-vor\/#article","isPartOf":{"@id":"https:\/\/now-news.de\/de\/deutschland\/wall-street-journal-wirft-wef-gruender-klaus-schwab-sexismus-vor\/"},"author":{"name":"rtnews","@id":"https:\/\/now-news.de\/de\/#\/schema\/person\/fb534a4e865501d8b3285208df34a9b5"},"headline":"&quot;Wall Street Journal&quot; wirft WEF-Gr\u00fcnder Klaus Schwab Sexismus vor","datePublished":"2024-06-30T17:09:20+00:00","dateModified":"2024-06-30T17:09:20+00:00","mainEntityOfPage":{"@id":"https:\/\/now-news.de\/de\/deutschland\/wall-street-journal-wirft-wef-gruender-klaus-schwab-sexismus-vor\/"},"wordCount":651,"commentCount":0,"publisher":{"@id":"https:\/\/now-news.de\/de\/#organization"},"image":{"@id":"https:\/\/now-news.de\/de\/deutschland\/wall-street-journal-wirft-wef-gruender-klaus-schwab-sexismus-vor\/#primaryimage"},"thumbnailUrl":"https:\/\/now-news.de\/de\/wp-content\/uploads\/sites\/3\/2024\/06\/quotWall-Street-Journalquot-wirft-WEF-Gruender-Klaus-Schwab-Sexismus-vor.jpg","keywords":["Journalquot","Klaus","quotWall","Schwab","Sexismus","Street","vor","WEFGr\u00fcnder","wirft"],"articleSection":["Deutschland","Russland"],"inLanguage":"de","potentialAction":[{"@type":"CommentAction","name":"Comment","target":["https:\/\/now-news.de\/de\/deutschland\/wall-street-journal-wirft-wef-gruender-klaus-schwab-sexismus-vor\/#respond"]}]},{"@type":"WebPage","@id":"https:\/\/now-news.de\/de\/deutschland\/wall-street-journal-wirft-wef-gruender-klaus-schwab-sexismus-vor\/","url":"https:\/\/now-news.de\/de\/deutschland\/wall-street-journal-wirft-wef-gruender-klaus-schwab-sexismus-vor\/","name":"&quot;Wall Street Journal&quot; wirft WEF-Gr\u00fcnder Klaus Schwab Sexismus vor - just-now.NEWS Deutschland","isPartOf":{"@id":"https:\/\/now-news.de\/de\/#website"},"primaryImageOfPage":{"@id":"https:\/\/now-news.de\/de\/deutschland\/wall-street-journal-wirft-wef-gruender-klaus-schwab-sexismus-vor\/#primaryimage"},"image":{"@id":"https:\/\/now-news.de\/de\/deutschland\/wall-street-journal-wirft-wef-gruender-klaus-schwab-sexismus-vor\/#primaryimage"},"thumbnailUrl":"https:\/\/now-news.de\/de\/wp-content\/uploads\/sites\/3\/2024\/06\/quotWall-Street-Journalquot-wirft-WEF-Gruender-Klaus-Schwab-Sexismus-vor.jpg","datePublished":"2024-06-30T17:09:20+00:00","dateModified":"2024-06-30T17:09:20+00:00","breadcrumb":{"@id":"https:\/\/now-news.de\/de\/deutschland\/wall-street-journal-wirft-wef-gruender-klaus-schwab-sexismus-vor\/#breadcrumb"},"inLanguage":"de","potentialAction":[{"@type":"ReadAction","target":["https:\/\/now-news.de\/de\/deutschland\/wall-street-journal-wirft-wef-gruender-klaus-schwab-sexismus-vor\/"]}]},{"@type":"ImageObject","inLanguage":"de","@id":"https:\/\/now-news.de\/de\/deutschland\/wall-street-journal-wirft-wef-gruender-klaus-schwab-sexismus-vor\/#primaryimage","url":"https:\/\/now-news.de\/de\/wp-content\/uploads\/sites\/3\/2024\/06\/quotWall-Street-Journalquot-wirft-WEF-Gruender-Klaus-Schwab-Sexismus-vor.jpg","contentUrl":"https:\/\/now-news.de\/de\/wp-content\/uploads\/sites\/3\/2024\/06\/quotWall-Street-Journalquot-wirft-WEF-Gruender-Klaus-Schwab-Sexismus-vor.jpg","width":460,"height":259,"caption":"&quot;Wall Street Journal&quot; wirft WEF-Gr\u00fcnder Klaus Schwab Sexismus vor"},{"@type":"BreadcrumbList","@id":"https:\/\/now-news.de\/de\/deutschland\/wall-street-journal-wirft-wef-gruender-klaus-schwab-sexismus-vor\/#breadcrumb","itemListElement":[{"@type":"ListItem","position":1,"name":"Home","item":"https:\/\/now-news.de\/de\/"},{"@type":"ListItem","position":2,"name":"&quot;Wall Street Journal&quot; wirft WEF-Gr\u00fcnder Klaus Schwab Sexismus vor"}]},{"@type":"WebSite","@id":"https:\/\/now-news.de\/de\/#website","url":"https:\/\/now-news.de\/de\/","name":"just-now.NEWS Deutschland","description":"Das Portal f\u00fcr unzensierte Nachrichten aus der Welt","publisher":{"@id":"https:\/\/now-news.de\/de\/#organization"},"potentialAction":[{"@type":"SearchAction","target":{"@type":"EntryPoint","urlTemplate":"https:\/\/now-news.de\/de\/?s={search_term_string}"},"query-input":"required name=search_term_string"}],"inLanguage":"de"},{"@type":"Organization","@id":"https:\/\/now-news.de\/de\/#organization","name":"Just Now News","url":"https:\/\/now-news.de\/de\/","logo":{"@type":"ImageObject","inLanguage":"de","@id":"https:\/\/now-news.de\/de\/#\/schema\/logo\/image\/","url":"http:\/\/just-now.news\/de\/wp-content\/uploads\/sites\/3\/2022\/04\/logo500x500.jpg","contentUrl":"http:\/\/just-now.news\/de\/wp-content\/uploads\/sites\/3\/2022\/04\/logo500x500.jpg","width":500,"height":500,"caption":"Just Now News"},"image":{"@id":"https:\/\/now-news.de\/de\/#\/schema\/logo\/image\/"},"sameAs":["https:\/\/www.facebook.com\/wirmachenauf","https:\/\/x.com\/WirMachenAuf_de"]},{"@type":"Person","@id":"https:\/\/now-news.de\/de\/#\/schema\/person\/fb534a4e865501d8b3285208df34a9b5","name":"rtnews","image":{"@type":"ImageObject","inLanguage":"de","@id":"https:\/\/now-news.de\/de\/#\/schema\/person\/image\/","url":"https:\/\/secure.gravatar.com\/avatar\/82aafea7d8127119dd649515f56e2117?s=96&d=mm&r=g","contentUrl":"https:\/\/secure.gravatar.com\/avatar\/82aafea7d8127119dd649515f56e2117?s=96&d=mm&r=g","caption":"rtnews"},"url":"https:\/\/now-news.de\/de\/author\/rnews\/"}]}},"_links":{"self":[{"href":"https:\/\/now-news.de\/de\/wp-json\/wp\/v2\/posts\/63830"}],"collection":[{"href":"https:\/\/now-news.de\/de\/wp-json\/wp\/v2\/posts"}],"about":[{"href":"https:\/\/now-news.de\/de\/wp-json\/wp\/v2\/types\/post"}],"author":[{"embeddable":true,"href":"https:\/\/now-news.de\/de\/wp-json\/wp\/v2\/users\/3"}],"replies":[{"embeddable":true,"href":"https:\/\/now-news.de\/de\/wp-json\/wp\/v2\/comments?post=63830"}],"version-history":[{"count":0,"href":"https:\/\/now-news.de\/de\/wp-json\/wp\/v2\/posts\/63830\/revisions"}],"wp:featuredmedia":[{"embeddable":true,"href":"https:\/\/now-news.de\/de\/wp-json\/wp\/v2\/media\/63831"}],"wp:attachment":[{"href":"https:\/\/now-news.de\/de\/wp-json\/wp\/v2\/media?parent=63830"}],"wp:term":[{"taxonomy":"category","embeddable":true,"href":"https:\/\/now-news.de\/de\/wp-json\/wp\/v2\/categories?post=63830"},{"taxonomy":"post_tag","embeddable":true,"href":"https:\/\/now-news.de\/de\/wp-json\/wp\/v2\/tags?post=63830"}],"curies":[{"name":"wp","href":"https:\/\/api.w.org\/{rel}","templated":true}]}}