{"id":63816,"date":"2024-06-30T14:29:36","date_gmt":"2024-06-30T12:29:36","guid":{"rendered":"https:\/\/now-news.de\/de\/deutschland\/frieden-ordnung-und-entwicklung-viktor-orban-kuendigt-neue-fraktion-im-eu-parlament-an\/"},"modified":"2024-06-30T14:29:36","modified_gmt":"2024-06-30T12:29:36","slug":"frieden-ordnung-und-entwicklung-viktor-orban-kuendigt-neue-fraktion-im-eu-parlament-an","status":"publish","type":"post","link":"https:\/\/now-news.de\/de\/deutschland\/frieden-ordnung-und-entwicklung-viktor-orban-kuendigt-neue-fraktion-im-eu-parlament-an\/","title":{"rendered":"&quot;Frieden, Ordnung und Entwicklung&quot;: Viktor Orb\u00e1n k\u00fcndigt neue Fraktion im EU-Parlament an"},"content":{"rendered":"<p><img decoding=\"async\" src=\"https:\/\/now-news.de\/de\/wp-content\/uploads\/sites\/3\/2024\/06\/66814f5bb480cc6b077be3ff.jpg\" \/><\/p>\n<div class=\"Text-root Text-type_1 \">\n                &#8220;Krieg, Migration und Stagnation&#8221; \u2013 so fasst Viktor Orb\u00e1n zusammen, was die Europ\u00e4er derzeit aus Br\u00fcssel bekommen. Damit sich das \u00e4ndert, will der Ungar gemeinsam mit Partnern aus Tschechien und \u00d6sterreich eine neue, patriotische Fraktion im EU-Parlament schaffen.\n            <\/div>\n<p><\/p>\n<div class=\"Text-root Text-type_5 ArticleView-text ViewText-root \">\n<p>Der ungarische Ministerpr\u00e4sident\u00a0Viktor Orb\u00e1n, der fr\u00fchere tschechische Regierungschef Andrej Babi\u0161 und der \u00f6sterreichische FP\u00d6-Vorsitzende Herbert Kickl\u00a0haben\u00a0die Schaffung einer neuen, patriotischen Fraktion im EU-Parlament angek\u00fcndigt. Die drei Politiker wollen dazu am Sonntag in Wien eine gemeinsame Erkl\u00e4rung abgeben.<\/p>\n<p>Die neue Fraktion soll von den drei Parteien gegr\u00fcndet werden, denen\u00a0Orb\u00e1n, Babi\u0161 und Kickl vorstehen: der\u00a0ungarischen Fidesz, der\u00a0tschechischen\u00a0ANO und der \u00f6sterreichischen FP\u00d6. Die Politiker ver\u00f6ffentlichten dar\u00fcber hinaus eine gemeinsame Erkl\u00e4rung, das &#8220;Manifest f\u00fcr Europa&#8221;. Orb\u00e1n erkl\u00e4rte:<\/p>\n<p><em>&#8220;Der politische Wandel in Europa hat begonnen. Das europ\u00e4ische Volk will drei Dinge: Frieden, Ordnung und Entwicklung. Was es von der gegenw\u00e4rtigen Br\u00fcsseler Elite bekommt, ist Krieg, Migration und Stagnation.&#8221;<\/em><\/p>\n<div class=\"EmbedBlock-root EmbedBlock-twitter\">\n<div class=\"TwitterEmbed\">\n<blockquote class=\"twitter-tweet lazyload\" data-twitter=\"twitter-tweet\">\n<p lang=\"en\" dir=\"ltr\">Today we launched what will soon be the strongest right-wing political group in Europe. <a rel=\"nofollow noopener\" target=\"_blank\" href=\"https:\/\/twitter.com\/hashtag\/PatriotsforEurope?src=hash&amp;ref_src=twsrc%5Etfw\">#PatriotsforEurope<\/a><a rel=\"nofollow noopener\" target=\"_blank\" href=\"https:\/\/t.co\/loXD370dUU\">pic.twitter.com\/loXD370dUU<\/a><\/p>\n<p>\u2014 Orb\u00e1n Viktor (@PM_ViktorOrban) <a rel=\"nofollow noopener\" target=\"_blank\" href=\"https:\/\/twitter.com\/PM_ViktorOrban\/status\/1807360948035781076?ref_src=twsrc%5Etfw\">June 30, 2024<\/a><\/p><\/blockquote>\n<\/div>\n<\/div>\n<p>Es sei ihre Pflicht, den Willen der W\u00e4hler durchzusetzen, so\u00a0Orb\u00e1n weiter. Ziel sei es, mit dem Zusammenschluss der gr\u00f6\u00dften Parteien ihrer L\u00e4nder die st\u00e4rkste rechte Kraft in der europ\u00e4ischen Politik zu schaffen. FP\u00d6-Chef Kickl sprach von einem &#8220;historischen Tag&#8221;. Man trete in eine &#8220;neue \u00c4ra der europ\u00e4ischen Politik&#8221; ein.<\/p>\n<p>F\u00fcr die Bildung einer neuen Fraktion erf\u00fcllen die drei Parteien zusammen zwar die Voraussetzung von mindestens 23 Mandaten. Sie ben\u00f6tigen allerdings noch Abgeordnete aus mindestens vier weiteren EU-Staaten. Derzeit ist noch unklar, welche weiteren Parteien sich beteiligen k\u00f6nnten.\u00a0Ein m\u00f6glicher Partner w\u00e4re die deutsche AfD, die kurz vor der Wahl des Europ\u00e4ischen Parlaments aus der von Franzosen und Italienern dominierten Fraktion\u00a0Identit\u00e4t und Demokratie (ID) ausgeschlossen worden war.<\/p>\n<p><strong>Mehr zum Thema<\/strong> &#8211; <a rel=\"nofollow noopener\" target=\"_blank\" href=\"https:\/\/freedert.online\/europa\/206809-id-fraktion-im-eu-parlament\/\">ID-Fraktion im EU-Parlament schlie\u00dft AfD aus<\/a><\/p>\n<div class=\"EmbedBlock-root EmbedBlock-externalVideo EmbedBlock-odysee\">\n<div class=\"VkEmbed\"><iframe class=\"lazyload\" data-src=\"https:\/\/odysee.com\/%24\/embed\/%40RTDE%3Ae%2F%E2%80%9CEs-gibt-eine-tiefe-historische-Verbindung-zwischen-Deutschland-und-Russland--%E2%80%93-Dr.-Hauke-Ritz-im-Gespr%C3%A4ch1%3A9\" frameborder=\"0\" width=\"853\" height=\"480\" allowfullscreen><\/iframe><\/div>\n<\/div>\n<\/div>\n<p><script async src=\"https:\/\/platform.twitter.com\/widgets.js\" charset=\"utf-8\"><\/script><br \/>\n<br \/><br \/>\n<br \/><a href=\"https:\/\/de.rt.com\/europa\/210835-frieden-ordnung-und-entwicklung-viktor\/\">Source link <\/a><\/p>\n","protected":false},"excerpt":{"rendered":"<p>&#8220;Krieg, Migration und Stagnation&#8221; \u2013 so fasst Viktor Orb\u00e1n zusammen, was die Europ\u00e4er derzeit aus Br\u00fcssel bekommen. Damit sich das \u00e4ndert, will der Ungar gemeinsam mit Partnern aus Tschechien und \u00d6sterreich eine neue, patriotische Fraktion im EU-Parlament schaffen. Der ungarische Ministerpr\u00e4sident\u00a0Viktor Orb\u00e1n, der fr\u00fchere tschechische Regierungschef Andrej Babi\u0161 und der \u00f6sterreichische FP\u00d6-Vorsitzende Herbert Kickl\u00a0haben\u00a0die Schaffung [&hellip;]<\/p>\n","protected":false},"author":3,"featured_media":63817,"comment_status":"open","ping_status":"open","sticky":false,"template":"","format":"standard","meta":{"_yoast_indexnow_last_ping":["1719751073"],"wp_automatic_camp":["217"],"aca6ead2e2a490b01a175f3f38a5d54e":["&quot;Frieden, Ordnung und Entwicklung&quot;: Viktor Orb\u00e1n k\u00fcndigt neue Fraktion im EU-Parlament an"],"original_link":["https:\/\/de.rt.com\/europa\/210835-frieden-ordnung-und-entwicklung-viktor\/"],"_thumbnail_id":["63817"],"jnews_social_counter_last_update":["1777263936"],"_wptgpro_p2tg_sent2tg":["a:1:{i:23737;s:19:\"2024-06-30 14:39:33\";}"]},"categories":[19,23],"tags":[46105,20898,33491,4224,1227,6397,31472,37646,140,29570],"yoast_head":"<!-- This site is optimized with the Yoast SEO Premium plugin v22.7 (Yoast SEO v22.7) - https:\/\/yoast.com\/wordpress\/plugins\/seo\/ -->\n<title>&quot;Frieden, Ordnung und Entwicklung&quot;: Viktor Orb\u00e1n k\u00fcndigt neue Fraktion im EU-Parlament an - just-now.NEWS Deutschland<\/title>\n<meta name=\"robots\" content=\"index, follow, max-snippet:-1, max-image-preview:large, max-video-preview:-1\" \/>\n<link rel=\"canonical\" href=\"https:\/\/now-news.de\/de\/deutschland\/frieden-ordnung-und-entwicklung-viktor-orban-kuendigt-neue-fraktion-im-eu-parlament-an\/\" \/>\n<meta property=\"og:locale\" content=\"de_DE\" \/>\n<meta property=\"og:type\" content=\"article\" \/>\n<meta property=\"og:title\" content=\"&quot;Frieden, Ordnung und Entwicklung&quot;: Viktor Orb\u00e1n k\u00fcndigt neue Fraktion im EU-Parlament an\" \/>\n<meta property=\"og:description\" content=\"&#8220;Krieg, Migration und Stagnation&#8221; \u2013 so fasst Viktor Orb\u00e1n zusammen, was die Europ\u00e4er derzeit aus Br\u00fcssel bekommen. Damit sich das \u00e4ndert, will der Ungar gemeinsam mit Partnern aus Tschechien und \u00d6sterreich eine neue, patriotische Fraktion im EU-Parlament schaffen. Der ungarische Ministerpr\u00e4sident\u00a0Viktor Orb\u00e1n, der fr\u00fchere tschechische Regierungschef Andrej Babi\u0161 und der \u00f6sterreichische FP\u00d6-Vorsitzende Herbert Kickl\u00a0haben\u00a0die Schaffung [&hellip;]\" \/>\n<meta property=\"og:url\" content=\"https:\/\/now-news.de\/de\/deutschland\/frieden-ordnung-und-entwicklung-viktor-orban-kuendigt-neue-fraktion-im-eu-parlament-an\/\" \/>\n<meta property=\"og:site_name\" content=\"just-now.NEWS Deutschland\" \/>\n<meta property=\"article:publisher\" content=\"https:\/\/www.facebook.com\/wirmachenauf\" \/>\n<meta property=\"article:published_time\" content=\"2024-06-30T12:29:36+00:00\" \/>\n<meta property=\"og:image\" content=\"https:\/\/now-news.de\/de\/wp-content\/uploads\/sites\/3\/2024\/06\/66814f5bb480cc6b077be3ff.jpg\" \/>\n<meta name=\"author\" content=\"rtnews\" \/>\n<meta name=\"twitter:card\" content=\"summary_large_image\" \/>\n<meta name=\"twitter:creator\" content=\"@WirMachenAuf_de\" \/>\n<meta name=\"twitter:site\" content=\"@WirMachenAuf_de\" \/>\n<meta name=\"twitter:label1\" content=\"Verfasst von\" \/>\n\t<meta name=\"twitter:data1\" content=\"rtnews\" \/>\n\t<meta name=\"twitter:label2\" content=\"Gesch\u00e4tzte Lesezeit\" \/>\n\t<meta name=\"twitter:data2\" content=\"2\u00a0Minuten\" \/>\n<script type=\"application\/ld+json\" class=\"yoast-schema-graph\">{\"@context\":\"https:\/\/schema.org\",\"@graph\":[{\"@type\":\"Article\",\"@id\":\"https:\/\/now-news.de\/de\/deutschland\/frieden-ordnung-und-entwicklung-viktor-orban-kuendigt-neue-fraktion-im-eu-parlament-an\/#article\",\"isPartOf\":{\"@id\":\"https:\/\/now-news.de\/de\/deutschland\/frieden-ordnung-und-entwicklung-viktor-orban-kuendigt-neue-fraktion-im-eu-parlament-an\/\"},\"author\":{\"name\":\"rtnews\",\"@id\":\"https:\/\/now-news.de\/de\/#\/schema\/person\/fb534a4e865501d8b3285208df34a9b5\"},\"headline\":\"&quot;Frieden, Ordnung und Entwicklung&quot;: Viktor Orb\u00e1n k\u00fcndigt neue Fraktion im EU-Parlament an\",\"datePublished\":\"2024-06-30T12:29:36+00:00\",\"dateModified\":\"2024-06-30T12:29:36+00:00\",\"mainEntityOfPage\":{\"@id\":\"https:\/\/now-news.de\/de\/deutschland\/frieden-ordnung-und-entwicklung-viktor-orban-kuendigt-neue-fraktion-im-eu-parlament-an\/\"},\"wordCount\":356,\"commentCount\":0,\"publisher\":{\"@id\":\"https:\/\/now-news.de\/de\/#organization\"},\"image\":{\"@id\":\"https:\/\/now-news.de\/de\/deutschland\/frieden-ordnung-und-entwicklung-viktor-orban-kuendigt-neue-fraktion-im-eu-parlament-an\/#primaryimage\"},\"thumbnailUrl\":\"https:\/\/now-news.de\/de\/wp-content\/uploads\/sites\/3\/2024\/06\/quotFrieden-Ordnung-und-Entwicklungquot-Viktor-Orban-kuendigt-neue-Fraktion-im.jpg\",\"keywords\":[\"Entwicklungquot\",\"EUParlament\",\"Fraktion\",\"k\u00fcndigt\",\"NEUE\",\"Orb\u00e1n\",\"Ordnung\",\"quotFrieden\",\"und\",\"Viktor\"],\"articleSection\":[\"Deutschland\",\"Russland\"],\"inLanguage\":\"de\",\"potentialAction\":[{\"@type\":\"CommentAction\",\"name\":\"Comment\",\"target\":[\"https:\/\/now-news.de\/de\/deutschland\/frieden-ordnung-und-entwicklung-viktor-orban-kuendigt-neue-fraktion-im-eu-parlament-an\/#respond\"]}]},{\"@type\":\"WebPage\",\"@id\":\"https:\/\/now-news.de\/de\/deutschland\/frieden-ordnung-und-entwicklung-viktor-orban-kuendigt-neue-fraktion-im-eu-parlament-an\/\",\"url\":\"https:\/\/now-news.de\/de\/deutschland\/frieden-ordnung-und-entwicklung-viktor-orban-kuendigt-neue-fraktion-im-eu-parlament-an\/\",\"name\":\"&quot;Frieden, Ordnung und Entwicklung&quot;: Viktor Orb\u00e1n k\u00fcndigt neue Fraktion im EU-Parlament an - just-now.NEWS Deutschland\",\"isPartOf\":{\"@id\":\"https:\/\/now-news.de\/de\/#website\"},\"primaryImageOfPage\":{\"@id\":\"https:\/\/now-news.de\/de\/deutschland\/frieden-ordnung-und-entwicklung-viktor-orban-kuendigt-neue-fraktion-im-eu-parlament-an\/#primaryimage\"},\"image\":{\"@id\":\"https:\/\/now-news.de\/de\/deutschland\/frieden-ordnung-und-entwicklung-viktor-orban-kuendigt-neue-fraktion-im-eu-parlament-an\/#primaryimage\"},\"thumbnailUrl\":\"https:\/\/now-news.de\/de\/wp-content\/uploads\/sites\/3\/2024\/06\/quotFrieden-Ordnung-und-Entwicklungquot-Viktor-Orban-kuendigt-neue-Fraktion-im.jpg\",\"datePublished\":\"2024-06-30T12:29:36+00:00\",\"dateModified\":\"2024-06-30T12:29:36+00:00\",\"breadcrumb\":{\"@id\":\"https:\/\/now-news.de\/de\/deutschland\/frieden-ordnung-und-entwicklung-viktor-orban-kuendigt-neue-fraktion-im-eu-parlament-an\/#breadcrumb\"},\"inLanguage\":\"de\",\"potentialAction\":[{\"@type\":\"ReadAction\",\"target\":[\"https:\/\/now-news.de\/de\/deutschland\/frieden-ordnung-und-entwicklung-viktor-orban-kuendigt-neue-fraktion-im-eu-parlament-an\/\"]}]},{\"@type\":\"ImageObject\",\"inLanguage\":\"de\",\"@id\":\"https:\/\/now-news.de\/de\/deutschland\/frieden-ordnung-und-entwicklung-viktor-orban-kuendigt-neue-fraktion-im-eu-parlament-an\/#primaryimage\",\"url\":\"https:\/\/now-news.de\/de\/wp-content\/uploads\/sites\/3\/2024\/06\/quotFrieden-Ordnung-und-Entwicklungquot-Viktor-Orban-kuendigt-neue-Fraktion-im.jpg\",\"contentUrl\":\"https:\/\/now-news.de\/de\/wp-content\/uploads\/sites\/3\/2024\/06\/quotFrieden-Ordnung-und-Entwicklungquot-Viktor-Orban-kuendigt-neue-Fraktion-im.jpg\",\"width\":460,\"height\":259,\"caption\":\"&quot;Frieden, Ordnung und Entwicklung&quot;: Viktor Orb\u00e1n k\u00fcndigt neue Fraktion im EU-Parlament an\"},{\"@type\":\"BreadcrumbList\",\"@id\":\"https:\/\/now-news.de\/de\/deutschland\/frieden-ordnung-und-entwicklung-viktor-orban-kuendigt-neue-fraktion-im-eu-parlament-an\/#breadcrumb\",\"itemListElement\":[{\"@type\":\"ListItem\",\"position\":1,\"name\":\"Home\",\"item\":\"https:\/\/now-news.de\/de\/\"},{\"@type\":\"ListItem\",\"position\":2,\"name\":\"&quot;Frieden, Ordnung und Entwicklung&quot;: Viktor Orb\u00e1n k\u00fcndigt neue Fraktion im EU-Parlament an\"}]},{\"@type\":\"WebSite\",\"@id\":\"https:\/\/now-news.de\/de\/#website\",\"url\":\"https:\/\/now-news.de\/de\/\",\"name\":\"just-now.NEWS Deutschland\",\"description\":\"Das Portal f\u00fcr unzensierte Nachrichten aus der Welt\",\"publisher\":{\"@id\":\"https:\/\/now-news.de\/de\/#organization\"},\"potentialAction\":[{\"@type\":\"SearchAction\",\"target\":{\"@type\":\"EntryPoint\",\"urlTemplate\":\"https:\/\/now-news.de\/de\/?s={search_term_string}\"},\"query-input\":\"required name=search_term_string\"}],\"inLanguage\":\"de\"},{\"@type\":\"Organization\",\"@id\":\"https:\/\/now-news.de\/de\/#organization\",\"name\":\"Just Now News\",\"url\":\"https:\/\/now-news.de\/de\/\",\"logo\":{\"@type\":\"ImageObject\",\"inLanguage\":\"de\",\"@id\":\"https:\/\/now-news.de\/de\/#\/schema\/logo\/image\/\",\"url\":\"http:\/\/just-now.news\/de\/wp-content\/uploads\/sites\/3\/2022\/04\/logo500x500.jpg\",\"contentUrl\":\"http:\/\/just-now.news\/de\/wp-content\/uploads\/sites\/3\/2022\/04\/logo500x500.jpg\",\"width\":500,\"height\":500,\"caption\":\"Just Now News\"},\"image\":{\"@id\":\"https:\/\/now-news.de\/de\/#\/schema\/logo\/image\/\"},\"sameAs\":[\"https:\/\/www.facebook.com\/wirmachenauf\",\"https:\/\/x.com\/WirMachenAuf_de\"]},{\"@type\":\"Person\",\"@id\":\"https:\/\/now-news.de\/de\/#\/schema\/person\/fb534a4e865501d8b3285208df34a9b5\",\"name\":\"rtnews\",\"image\":{\"@type\":\"ImageObject\",\"inLanguage\":\"de\",\"@id\":\"https:\/\/now-news.de\/de\/#\/schema\/person\/image\/\",\"url\":\"https:\/\/secure.gravatar.com\/avatar\/82aafea7d8127119dd649515f56e2117?s=96&d=mm&r=g\",\"contentUrl\":\"https:\/\/secure.gravatar.com\/avatar\/82aafea7d8127119dd649515f56e2117?s=96&d=mm&r=g\",\"caption\":\"rtnews\"},\"url\":\"https:\/\/now-news.de\/de\/author\/rnews\/\"}]}<\/script>\n<!-- \/ Yoast SEO Premium plugin. -->","yoast_head_json":{"title":"&quot;Frieden, Ordnung und Entwicklung&quot;: Viktor Orb\u00e1n k\u00fcndigt neue Fraktion im EU-Parlament an - just-now.NEWS Deutschland","robots":{"index":"index","follow":"follow","max-snippet":"max-snippet:-1","max-image-preview":"max-image-preview:large","max-video-preview":"max-video-preview:-1"},"canonical":"https:\/\/now-news.de\/de\/deutschland\/frieden-ordnung-und-entwicklung-viktor-orban-kuendigt-neue-fraktion-im-eu-parlament-an\/","og_locale":"de_DE","og_type":"article","og_title":"&quot;Frieden, Ordnung und Entwicklung&quot;: Viktor Orb\u00e1n k\u00fcndigt neue Fraktion im EU-Parlament an","og_description":"&#8220;Krieg, Migration und Stagnation&#8221; \u2013 so fasst Viktor Orb\u00e1n zusammen, was die Europ\u00e4er derzeit aus Br\u00fcssel bekommen. Damit sich das \u00e4ndert, will der Ungar gemeinsam mit Partnern aus Tschechien und \u00d6sterreich eine neue, patriotische Fraktion im EU-Parlament schaffen. Der ungarische Ministerpr\u00e4sident\u00a0Viktor Orb\u00e1n, der fr\u00fchere tschechische Regierungschef Andrej Babi\u0161 und der \u00f6sterreichische FP\u00d6-Vorsitzende Herbert Kickl\u00a0haben\u00a0die Schaffung [&hellip;]","og_url":"https:\/\/now-news.de\/de\/deutschland\/frieden-ordnung-und-entwicklung-viktor-orban-kuendigt-neue-fraktion-im-eu-parlament-an\/","og_site_name":"just-now.NEWS Deutschland","article_publisher":"https:\/\/www.facebook.com\/wirmachenauf","article_published_time":"2024-06-30T12:29:36+00:00","og_image":[{"url":"https:\/\/now-news.de\/de\/wp-content\/uploads\/sites\/3\/2024\/06\/66814f5bb480cc6b077be3ff.jpg"}],"author":"rtnews","twitter_card":"summary_large_image","twitter_creator":"@WirMachenAuf_de","twitter_site":"@WirMachenAuf_de","twitter_misc":{"Verfasst von":"rtnews","Gesch\u00e4tzte Lesezeit":"2\u00a0Minuten"},"schema":{"@context":"https:\/\/schema.org","@graph":[{"@type":"Article","@id":"https:\/\/now-news.de\/de\/deutschland\/frieden-ordnung-und-entwicklung-viktor-orban-kuendigt-neue-fraktion-im-eu-parlament-an\/#article","isPartOf":{"@id":"https:\/\/now-news.de\/de\/deutschland\/frieden-ordnung-und-entwicklung-viktor-orban-kuendigt-neue-fraktion-im-eu-parlament-an\/"},"author":{"name":"rtnews","@id":"https:\/\/now-news.de\/de\/#\/schema\/person\/fb534a4e865501d8b3285208df34a9b5"},"headline":"&quot;Frieden, Ordnung und Entwicklung&quot;: Viktor Orb\u00e1n k\u00fcndigt neue Fraktion im EU-Parlament an","datePublished":"2024-06-30T12:29:36+00:00","dateModified":"2024-06-30T12:29:36+00:00","mainEntityOfPage":{"@id":"https:\/\/now-news.de\/de\/deutschland\/frieden-ordnung-und-entwicklung-viktor-orban-kuendigt-neue-fraktion-im-eu-parlament-an\/"},"wordCount":356,"commentCount":0,"publisher":{"@id":"https:\/\/now-news.de\/de\/#organization"},"image":{"@id":"https:\/\/now-news.de\/de\/deutschland\/frieden-ordnung-und-entwicklung-viktor-orban-kuendigt-neue-fraktion-im-eu-parlament-an\/#primaryimage"},"thumbnailUrl":"https:\/\/now-news.de\/de\/wp-content\/uploads\/sites\/3\/2024\/06\/quotFrieden-Ordnung-und-Entwicklungquot-Viktor-Orban-kuendigt-neue-Fraktion-im.jpg","keywords":["Entwicklungquot","EUParlament","Fraktion","k\u00fcndigt","NEUE","Orb\u00e1n","Ordnung","quotFrieden","und","Viktor"],"articleSection":["Deutschland","Russland"],"inLanguage":"de","potentialAction":[{"@type":"CommentAction","name":"Comment","target":["https:\/\/now-news.de\/de\/deutschland\/frieden-ordnung-und-entwicklung-viktor-orban-kuendigt-neue-fraktion-im-eu-parlament-an\/#respond"]}]},{"@type":"WebPage","@id":"https:\/\/now-news.de\/de\/deutschland\/frieden-ordnung-und-entwicklung-viktor-orban-kuendigt-neue-fraktion-im-eu-parlament-an\/","url":"https:\/\/now-news.de\/de\/deutschland\/frieden-ordnung-und-entwicklung-viktor-orban-kuendigt-neue-fraktion-im-eu-parlament-an\/","name":"&quot;Frieden, Ordnung und Entwicklung&quot;: Viktor Orb\u00e1n k\u00fcndigt neue Fraktion im EU-Parlament an - just-now.NEWS Deutschland","isPartOf":{"@id":"https:\/\/now-news.de\/de\/#website"},"primaryImageOfPage":{"@id":"https:\/\/now-news.de\/de\/deutschland\/frieden-ordnung-und-entwicklung-viktor-orban-kuendigt-neue-fraktion-im-eu-parlament-an\/#primaryimage"},"image":{"@id":"https:\/\/now-news.de\/de\/deutschland\/frieden-ordnung-und-entwicklung-viktor-orban-kuendigt-neue-fraktion-im-eu-parlament-an\/#primaryimage"},"thumbnailUrl":"https:\/\/now-news.de\/de\/wp-content\/uploads\/sites\/3\/2024\/06\/quotFrieden-Ordnung-und-Entwicklungquot-Viktor-Orban-kuendigt-neue-Fraktion-im.jpg","datePublished":"2024-06-30T12:29:36+00:00","dateModified":"2024-06-30T12:29:36+00:00","breadcrumb":{"@id":"https:\/\/now-news.de\/de\/deutschland\/frieden-ordnung-und-entwicklung-viktor-orban-kuendigt-neue-fraktion-im-eu-parlament-an\/#breadcrumb"},"inLanguage":"de","potentialAction":[{"@type":"ReadAction","target":["https:\/\/now-news.de\/de\/deutschland\/frieden-ordnung-und-entwicklung-viktor-orban-kuendigt-neue-fraktion-im-eu-parlament-an\/"]}]},{"@type":"ImageObject","inLanguage":"de","@id":"https:\/\/now-news.de\/de\/deutschland\/frieden-ordnung-und-entwicklung-viktor-orban-kuendigt-neue-fraktion-im-eu-parlament-an\/#primaryimage","url":"https:\/\/now-news.de\/de\/wp-content\/uploads\/sites\/3\/2024\/06\/quotFrieden-Ordnung-und-Entwicklungquot-Viktor-Orban-kuendigt-neue-Fraktion-im.jpg","contentUrl":"https:\/\/now-news.de\/de\/wp-content\/uploads\/sites\/3\/2024\/06\/quotFrieden-Ordnung-und-Entwicklungquot-Viktor-Orban-kuendigt-neue-Fraktion-im.jpg","width":460,"height":259,"caption":"&quot;Frieden, Ordnung und Entwicklung&quot;: Viktor Orb\u00e1n k\u00fcndigt neue Fraktion im EU-Parlament an"},{"@type":"BreadcrumbList","@id":"https:\/\/now-news.de\/de\/deutschland\/frieden-ordnung-und-entwicklung-viktor-orban-kuendigt-neue-fraktion-im-eu-parlament-an\/#breadcrumb","itemListElement":[{"@type":"ListItem","position":1,"name":"Home","item":"https:\/\/now-news.de\/de\/"},{"@type":"ListItem","position":2,"name":"&quot;Frieden, Ordnung und Entwicklung&quot;: Viktor Orb\u00e1n k\u00fcndigt neue Fraktion im EU-Parlament an"}]},{"@type":"WebSite","@id":"https:\/\/now-news.de\/de\/#website","url":"https:\/\/now-news.de\/de\/","name":"just-now.NEWS Deutschland","description":"Das Portal f\u00fcr unzensierte Nachrichten aus der Welt","publisher":{"@id":"https:\/\/now-news.de\/de\/#organization"},"potentialAction":[{"@type":"SearchAction","target":{"@type":"EntryPoint","urlTemplate":"https:\/\/now-news.de\/de\/?s={search_term_string}"},"query-input":"required name=search_term_string"}],"inLanguage":"de"},{"@type":"Organization","@id":"https:\/\/now-news.de\/de\/#organization","name":"Just Now News","url":"https:\/\/now-news.de\/de\/","logo":{"@type":"ImageObject","inLanguage":"de","@id":"https:\/\/now-news.de\/de\/#\/schema\/logo\/image\/","url":"http:\/\/just-now.news\/de\/wp-content\/uploads\/sites\/3\/2022\/04\/logo500x500.jpg","contentUrl":"http:\/\/just-now.news\/de\/wp-content\/uploads\/sites\/3\/2022\/04\/logo500x500.jpg","width":500,"height":500,"caption":"Just Now News"},"image":{"@id":"https:\/\/now-news.de\/de\/#\/schema\/logo\/image\/"},"sameAs":["https:\/\/www.facebook.com\/wirmachenauf","https:\/\/x.com\/WirMachenAuf_de"]},{"@type":"Person","@id":"https:\/\/now-news.de\/de\/#\/schema\/person\/fb534a4e865501d8b3285208df34a9b5","name":"rtnews","image":{"@type":"ImageObject","inLanguage":"de","@id":"https:\/\/now-news.de\/de\/#\/schema\/person\/image\/","url":"https:\/\/secure.gravatar.com\/avatar\/82aafea7d8127119dd649515f56e2117?s=96&d=mm&r=g","contentUrl":"https:\/\/secure.gravatar.com\/avatar\/82aafea7d8127119dd649515f56e2117?s=96&d=mm&r=g","caption":"rtnews"},"url":"https:\/\/now-news.de\/de\/author\/rnews\/"}]}},"_links":{"self":[{"href":"https:\/\/now-news.de\/de\/wp-json\/wp\/v2\/posts\/63816"}],"collection":[{"href":"https:\/\/now-news.de\/de\/wp-json\/wp\/v2\/posts"}],"about":[{"href":"https:\/\/now-news.de\/de\/wp-json\/wp\/v2\/types\/post"}],"author":[{"embeddable":true,"href":"https:\/\/now-news.de\/de\/wp-json\/wp\/v2\/users\/3"}],"replies":[{"embeddable":true,"href":"https:\/\/now-news.de\/de\/wp-json\/wp\/v2\/comments?post=63816"}],"version-history":[{"count":0,"href":"https:\/\/now-news.de\/de\/wp-json\/wp\/v2\/posts\/63816\/revisions"}],"wp:featuredmedia":[{"embeddable":true,"href":"https:\/\/now-news.de\/de\/wp-json\/wp\/v2\/media\/63817"}],"wp:attachment":[{"href":"https:\/\/now-news.de\/de\/wp-json\/wp\/v2\/media?parent=63816"}],"wp:term":[{"taxonomy":"category","embeddable":true,"href":"https:\/\/now-news.de\/de\/wp-json\/wp\/v2\/categories?post=63816"},{"taxonomy":"post_tag","embeddable":true,"href":"https:\/\/now-news.de\/de\/wp-json\/wp\/v2\/tags?post=63816"}],"curies":[{"name":"wp","href":"https:\/\/api.w.org\/{rel}","templated":true}]}}