{"id":63768,"date":"2024-06-29T16:22:47","date_gmt":"2024-06-29T14:22:47","guid":{"rendered":"https:\/\/now-news.de\/de\/deutschland\/essen-journalisten-muessen-sich-bei-antifa-strassenkontrollen-zur-person-aeussern\/"},"modified":"2024-06-29T16:22:47","modified_gmt":"2024-06-29T14:22:47","slug":"essen-journalisten-muessen-sich-bei-antifa-strassenkontrollen-zur-person-aeussern","status":"publish","type":"post","link":"https:\/\/now-news.de\/de\/deutschland\/essen-journalisten-muessen-sich-bei-antifa-strassenkontrollen-zur-person-aeussern\/","title":{"rendered":"Essen: Journalisten m\u00fcssen sich bei Antifa-Stra\u00dfenkontrollen zur Person \u00e4u\u00dfern"},"content":{"rendered":"<p><img decoding=\"async\" src=\"https:\/\/now-news.de\/de\/wp-content\/uploads\/sites\/3\/2024\/06\/668018da48fbef62b6485290.jpg\" \/><\/p>\n<div class=\"Text-root Text-type_1 \">\n                Der AfD-Parteitag f\u00fchrte Zehntausende sich als Demokraten und Antifaschisten bezeichnende B\u00fcrger nach Essen in Nordrhein-Westfalen. Mehrere Journalisten und Bloggern berichten in X-Postings von Anfeindungen. Mitarbeiter des \u00f6ffentlich-rechtlichen Rundfunks w\u00fcrden am liebsten mitmarschieren.\n            <\/div>\n<p><\/p>\n<div class=\"Text-root Text-type_5 ArticleView-text ViewText-root \">\n<p>Die AfD\u00a0hat\u00a0ihre Delegierten vom 28. bis 30.\u00a0Juni zum Bundesparteitag in der Essener\u00a0Grugahalle eingeladen. Mit dem Anreisetag der Sympathisanten und Politiker der Partei wie auch vor Ort berichtenden Journalisten wird in den sozialen Medien dar\u00fcber zu Protokoll gegeben, wie meist linksradikale, sich als Antifaschisten wahrnehmende Gegendemonstranten, willk\u00fcrliche Personenabfragen auf der Stra\u00dfe durchf\u00fchren.<\/p>\n<p>Der Journalist\u00a0Philippe Debionne, unter anderem f\u00fcr die <em>Schw\u00e4bische Zeitung<\/em> und den <em>Nordkurier<\/em> t\u00e4tig, erl\u00e4utert in einem sehr ausf\u00fchrlichen X-<a rel=\"nofollow noopener\" target=\"_blank\" href=\"https:\/\/x.com\/PDebionne77\/status\/1806986993915637768\">Posting<\/a> seine bizarren Erfahrungen und stellt einleitend fest:<\/p>\n<p><em>&#8220;Bemerkenswert, mit welcher Selbstgerechtigkeit die Demonstranten hier meinen, dass sie als Stra\u00dfenmiliz Ausweise kontrollieren d\u00fcrfen.&#8221;<\/em><\/p>\n<p>Debionne erkl\u00e4rt sichtlich aufgebracht, wie anma\u00dfend er die Tatsache empfindet, dass die &#8220;Stra\u00dfenmiliz&#8221; meint, auch &#8220;mithilfe unverhohlener Drohungen dar\u00fcber entscheiden zu d\u00fcrfen, welcher Journalist arbeiten darf und welcher nicht, das ist schon arg daneben&#8221;. Weiter hei\u00dft es zu der erlebten Situation w\u00f6rtlich:<\/p>\n<p><em>&#8220;Auf dem weiteren Weg zur Halle wurde ich viele Male angesprochen\/ aufgehalten. Mir wurde erkl\u00e4rt, ich sei ein getarnter AfD-Abgeordneter, da ich ein blaues Hemd anhabe. Mir wurde gesagt, ich sei kein Journalist, weil ich keine Kamera dabeihabe und au\u00dferdem sei ich vermutlich eh &#8216;ein L\u00fcgner&#8217;. [\u2026] An der letzten Stra\u00dfenblockade wollte man dann sogar meine Tattoos kontrollieren (!) und mir wurde schlie\u00dflich von einer Wortf\u00fchrerin noch erkl\u00e4rt, dass man schlie\u00dflich auch nicht wissen k\u00f6nne, ob &#8216;Du f\u00fcr uns oder gegen uns schreibst&#8217;, also k\u00f6nne ich leider nicht durchgelassen werden.&#8221;<\/em><\/p>\n<p>Mariam Lau,\u00a0Journalistin und Publizistin, informierte ebenfalls im Rahmen eines X-Postings \u00fcber ihre Erfahrungen:<\/p>\n<div class=\"EmbedBlock-root EmbedBlock-twitter\">\n<div class=\"TwitterEmbed\">\n<blockquote class=\"twitter-tweet lazyload\" data-twitter=\"twitter-tweet\">\n<p lang=\"de\" dir=\"ltr\">Aufbruch mit drei Kollegen vom Deutschlandfunk Richtung Grugahalle. Demonstranten fragen eine von uns: Presse? Sie beantwortet die Frage nicht, warum sollte sie &#8211; und wird daraufhin von f\u00fcnf Leuten angegriffen und angebr\u00fcllt.<\/p>\n<p>\u2014 Mariam Lau (@MariamLau1) <a rel=\"nofollow noopener\" target=\"_blank\" href=\"https:\/\/twitter.com\/MariamLau1\/status\/1806953387633569844?ref_src=twsrc%5Etfw\">June 29, 2024<\/a><\/p><\/blockquote>\n<\/div>\n<\/div>\n<p>Ein berichtender Blogger namens <em>Weichreite TV<\/em> wurden w\u00e4hrend seines Livestreams &#8220;erkannt&#8221; und umgehend von der Antifa attackiert. So bekam er den Wunsch eines Antifaschisten <a rel=\"nofollow noopener\" target=\"_blank\" href=\"https:\/\/x.com\/ColoniaGordon\/status\/1807029729674817919\">zu h\u00f6ren<\/a>:<\/p>\n<p><em>&#8220;Ich sag mal, wenn Du auf dem Glatteis mit dem Auto mal einen Baum erwischen w\u00fcrdest, das w\u00e4re schon okay.&#8221;<\/em><\/p>\n<p>Ein weiterer Vorfall, der unmittelbar am 29.\u00a0Juni erlebt wurde:<\/p>\n<div class=\"EmbedBlock-root EmbedBlock-twitter\">\n<div class=\"TwitterEmbed\">\n<blockquote class=\"twitter-tweet lazyload\" data-twitter=\"twitter-tweet\" data-media-max-width=\"560\">\n<p lang=\"de\" dir=\"ltr\">Empfehlenswerter Livestream aus <a rel=\"nofollow noopener\" target=\"_blank\" href=\"https:\/\/twitter.com\/hashtag\/Essen?src=hash&amp;ref_src=twsrc%5Etfw\">#Essen<\/a> zum <a rel=\"nofollow noopener\" target=\"_blank\" href=\"https:\/\/twitter.com\/hashtag\/AfDBundesparteitag?src=hash&amp;ref_src=twsrc%5Etfw\">#AfDBundesparteitag<\/a> in der <a rel=\"nofollow noopener\" target=\"_blank\" href=\"https:\/\/twitter.com\/hashtag\/Grugahalle?src=hash&amp;ref_src=twsrc%5Etfw\">#Grugahalle<\/a><a rel=\"nofollow noopener\" target=\"_blank\" href=\"https:\/\/t.co\/Gd4BdsOCLj\">https:\/\/t.co\/Gd4BdsOCLj<\/a><a rel=\"nofollow noopener\" target=\"_blank\" href=\"https:\/\/t.co\/G8n3GnFtMt\">pic.twitter.com\/G8n3GnFtMt<\/a><\/p>\n<p>\u2014 Richard Alvaro (@RichardGohm) <a rel=\"nofollow noopener\" target=\"_blank\" href=\"https:\/\/twitter.com\/RichardGohm\/status\/1806952739517149414?ref_src=twsrc%5Etfw\">June 29, 2024<\/a><\/p><\/blockquote>\n<\/div>\n<\/div>\n<p>Demgegen\u00fcber pr\u00e4sentierten sich Mitarbeiter des \u00f6ffentlich-rechtlichen Rundfunks verst\u00e4ndnisvoll, bis hin zur inhaltlichen Unterst\u00fctzung der Gegenproteste. Als drei AfD-Abgeordnete Zuflucht in einer B\u00e4ckerei suchen mussten, da eine Gruppe von Linksextremisten diese als zu attackierende Politiker ausmachte, erkl\u00e4rte ein <em>WDR<\/em>-Mitarbeiter w\u00f6rtlich: &#8220;Und dann sa\u00dfen die halt in der B\u00e4ckerei fest. Und man kann sagen, sie hatten ja immerhin Kaffee und Br\u00f6tchen &#8230;&#8221;<\/p>\n<div class=\"EmbedBlock-root EmbedBlock-twitter\">\n<div class=\"TwitterEmbed\">\n<blockquote class=\"twitter-tweet lazyload\" data-twitter=\"twitter-tweet\" data-media-max-width=\"560\">\n<p lang=\"de\" dir=\"ltr\">Linksextreme setzten Afd-Deligierte in Essen in einer B\u00e4ckerei fest. Diese mussten von der Polizei befreit werden. WDR Journalist Rupert Wiederwald bezeichnet das als &#8220;Riegel&#8221;, die Afd Deligierten h\u00e4tten immerhin Br\u00f6tchen und Kaffee gehabt. Die linksextremen Proteste seien eine\u2026 <a rel=\"nofollow noopener\" target=\"_blank\" href=\"https:\/\/t.co\/3VdMJ4J0JD\">pic.twitter.com\/3VdMJ4J0JD<\/a><\/p>\n<p>\u2014 \u00d6RR Blog. (@OERRBlog) <a rel=\"nofollow noopener\" target=\"_blank\" href=\"https:\/\/twitter.com\/OERRBlog\/status\/1806990091472015640?ref_src=twsrc%5Etfw\">June 29, 2024<\/a><\/p><\/blockquote>\n<\/div>\n<\/div>\n<p>Ein weiterer, inzwischen ehemaliger <em>WDR<\/em>-Mitarbeiter pr\u00e4sentierte sich erneut als \u00fcberzeugter AfD-Gegner:<\/p>\n<div class=\"EmbedBlock-root EmbedBlock-twitter\">\n<div class=\"TwitterEmbed\">\n<blockquote class=\"twitter-tweet lazyload\" data-twitter=\"twitter-tweet\">\n<p lang=\"qme\" dir=\"ltr\">\ud83e\udd29 <a rel=\"nofollow noopener\" target=\"_blank\" href=\"https:\/\/twitter.com\/hashtag\/e2906?src=hash&amp;ref_src=twsrc%5Etfw\">#e2906<\/a><a rel=\"nofollow noopener\" target=\"_blank\" href=\"https:\/\/twitter.com\/hashtag\/noafd?src=hash&amp;ref_src=twsrc%5Etfw\">#noafd<\/a><a rel=\"nofollow noopener\" target=\"_blank\" href=\"https:\/\/t.co\/tACTb2RBl1\">pic.twitter.com\/tACTb2RBl1<\/a><\/p>\n<p>\u2014 Georgine Kellermann she\/her \ud83d\udcef\ud83c\udff3\ufe0f\u200d\u26a7\ufe0f\ud83c\udff3\ufe0f\u200d\ud83c\udf08 (@GeorgineKellerm) <a rel=\"nofollow noopener\" target=\"_blank\" href=\"https:\/\/twitter.com\/GeorgineKellerm\/status\/1806951550113255892?ref_src=twsrc%5Etfw\">June 29, 2024<\/a><\/p><\/blockquote>\n<\/div>\n<\/div>\n<p>Aufmerksame X-User berichten \u00fcber manipulierende Korrekturen\u00a0nach einer Live-\u00dcbertragung des <em>ARD<\/em>-Senders <em>Phoenix<\/em>:<\/p>\n<div class=\"EmbedBlock-root EmbedBlock-twitter\">\n<div class=\"TwitterEmbed\">\n<blockquote class=\"twitter-tweet lazyload\" data-twitter=\"twitter-tweet\">\n<p lang=\"de\" dir=\"ltr\">. <a rel=\"nofollow noopener\" target=\"_blank\" href=\"https:\/\/twitter.com\/phoenix_de?ref_src=twsrc%5Etfw\">@phoenix_de<\/a> hat im Video in dem Post auf X den letzten Satz des phoenix-Reporters rausgeschnitten.\u201eLassen Sie die Kamera liegen. Kommen Sie mit uns mit!\u201c Benedikt Meise: \u201eW\u00fcrden wir gerne, aber&#8230;.\u201c<a rel=\"nofollow noopener\" target=\"_blank\" href=\"https:\/\/twitter.com\/hashtag\/e2906?src=hash&amp;ref_src=twsrc%5Etfw\">#e2906<\/a><a rel=\"nofollow noopener\" target=\"_blank\" href=\"https:\/\/t.co\/QwX8kTxSNK\">pic.twitter.com\/QwX8kTxSNK<\/a><\/p>\n<p>\u2014 _horizont_ (@hori_____zont) <a rel=\"nofollow noopener\" target=\"_blank\" href=\"https:\/\/twitter.com\/hori_____zont\/status\/1807029807894454322?ref_src=twsrc%5Etfw\">June 29, 2024<\/a><\/p><\/blockquote>\n<\/div>\n<\/div>\n<p>Schon am gestrigen Freitagabend befand\u00a0der Journalist der <em>Springer<\/em>-Zeitung <em>Welt<\/em> Gerrit Seebald \u2013 &#8220;Themen: Antisemitismus, Rechts- und Linksextremismus, Ideologiekritik&#8221; \u2013 dass die AfD-Abgeordnete Beatrix von Storch in Essen von Antifa-Sympathisanten &#8220;empfangen&#8221; wurde:<\/p>\n<div class=\"EmbedBlock-root EmbedBlock-twitter\">\n<div class=\"TwitterEmbed\">\n<blockquote class=\"twitter-tweet lazyload\" data-twitter=\"twitter-tweet\">\n<p lang=\"de\" dir=\"ltr\">Am Vortag des Bundesparteitags der AfD wird <a rel=\"nofollow noopener\" target=\"_blank\" href=\"https:\/\/twitter.com\/Beatrix_vStorch?ref_src=twsrc%5Etfw\">@Beatrix_vStorch<\/a> am Essener Hauptbahnhof von Gegendemonstranten empfangen. <a rel=\"nofollow noopener\" target=\"_blank\" href=\"https:\/\/twitter.com\/hashtag\/E2806?src=hash&amp;ref_src=twsrc%5Etfw\">#E2806<\/a><a rel=\"nofollow noopener\" target=\"_blank\" href=\"https:\/\/twitter.com\/hashtag\/e2906?src=hash&amp;ref_src=twsrc%5Etfw\">#e2906<\/a><a rel=\"nofollow noopener\" target=\"_blank\" href=\"https:\/\/t.co\/nXu4oi2VFQ\">pic.twitter.com\/nXu4oi2VFQ<\/a><\/p>\n<p>\u2014 Gerrit Seebald (@garstigergerrit) <a rel=\"nofollow noopener\" target=\"_blank\" href=\"https:\/\/twitter.com\/garstigergerrit\/status\/1806716560305779074?ref_src=twsrc%5Etfw\">June 28, 2024<\/a><\/p><\/blockquote>\n<\/div>\n<\/div>\n<p><strong>Mehr zum Thema <\/strong>\u2013<strong><\/strong><a rel=\"nofollow noopener\" target=\"_blank\" href=\"https:\/\/freedert.online\/inland\/210640-afd-parteitag-in-essen-grossdemonstration\/\">AfD-Parteitag in Essen: Gro\u00dfdemonstration, &#8220;bunte&#8221; Proteste \u2013 und mit dabei die CDU<\/a><\/p>\n<\/p>\n<\/div>\n<p><script async src=\"https:\/\/platform.twitter.com\/widgets.js\" charset=\"utf-8\"><\/script><br \/>\n<br \/><br \/>\n<br \/><a href=\"https:\/\/de.rt.com\/inland\/210781-essen-journalisten-muessen-sich-bei-antifa-strassenkontrollen-zur-person-aeussern\/\">Source link <\/a><\/p>\n","protected":false},"excerpt":{"rendered":"<p>Der AfD-Parteitag f\u00fchrte Zehntausende sich als Demokraten und Antifaschisten bezeichnende B\u00fcrger nach Essen in Nordrhein-Westfalen. Mehrere Journalisten und Bloggern berichten in X-Postings von Anfeindungen. Mitarbeiter des \u00f6ffentlich-rechtlichen Rundfunks w\u00fcrden am liebsten mitmarschieren. Die AfD\u00a0hat\u00a0ihre Delegierten vom 28. bis 30.\u00a0Juni zum Bundesparteitag in der Essener\u00a0Grugahalle eingeladen. Mit dem Anreisetag der Sympathisanten und Politiker der Partei wie [&hellip;]<\/p>\n","protected":false},"author":3,"featured_media":63769,"comment_status":"open","ping_status":"open","sticky":false,"template":"","format":"standard","meta":{"_yoast_indexnow_last_ping":["1719671769"],"wp_automatic_camp":["217"],"3a65e73efbff4081b1033aa44294bd11":["Essen: Journalisten m\u00fcssen sich bei Antifa-Stra\u00dfenkontrollen zur Person \u00e4u\u00dfern"],"original_link":["https:\/\/de.rt.com\/inland\/210781-essen-journalisten-muessen-sich-bei-antifa-strassenkontrollen-zur-person-aeussern\/"],"_thumbnail_id":["63769"],"jnews_social_counter_last_update":["1777174969"],"_wptgpro_p2tg_sent2tg":["a:1:{i:23737;s:19:\"2024-06-29 16:37:27\";}"]},"categories":[19,23],"tags":[56176,22526,363,13899,2726,10623,15045,434,581],"yoast_head":"<!-- This site is optimized with the Yoast SEO Premium plugin v22.7 (Yoast SEO v22.7) - https:\/\/yoast.com\/wordpress\/plugins\/seo\/ -->\n<title>Essen: Journalisten m\u00fcssen sich bei Antifa-Stra\u00dfenkontrollen zur Person \u00e4u\u00dfern - just-now.NEWS Deutschland<\/title>\n<meta name=\"robots\" content=\"index, follow, max-snippet:-1, max-image-preview:large, max-video-preview:-1\" \/>\n<link rel=\"canonical\" href=\"https:\/\/now-news.de\/de\/deutschland\/essen-journalisten-muessen-sich-bei-antifa-strassenkontrollen-zur-person-aeussern\/\" \/>\n<meta property=\"og:locale\" content=\"de_DE\" \/>\n<meta property=\"og:type\" content=\"article\" \/>\n<meta property=\"og:title\" content=\"Essen: Journalisten m\u00fcssen sich bei Antifa-Stra\u00dfenkontrollen zur Person \u00e4u\u00dfern\" \/>\n<meta property=\"og:description\" content=\"Der AfD-Parteitag f\u00fchrte Zehntausende sich als Demokraten und Antifaschisten bezeichnende B\u00fcrger nach Essen in Nordrhein-Westfalen. Mehrere Journalisten und Bloggern berichten in X-Postings von Anfeindungen. Mitarbeiter des \u00f6ffentlich-rechtlichen Rundfunks w\u00fcrden am liebsten mitmarschieren. Die AfD\u00a0hat\u00a0ihre Delegierten vom 28. bis 30.\u00a0Juni zum Bundesparteitag in der Essener\u00a0Grugahalle eingeladen. Mit dem Anreisetag der Sympathisanten und Politiker der Partei wie [&hellip;]\" \/>\n<meta property=\"og:url\" content=\"https:\/\/now-news.de\/de\/deutschland\/essen-journalisten-muessen-sich-bei-antifa-strassenkontrollen-zur-person-aeussern\/\" \/>\n<meta property=\"og:site_name\" content=\"just-now.NEWS Deutschland\" \/>\n<meta property=\"article:publisher\" content=\"https:\/\/www.facebook.com\/wirmachenauf\" \/>\n<meta property=\"article:published_time\" content=\"2024-06-29T14:22:47+00:00\" \/>\n<meta property=\"og:image\" content=\"https:\/\/now-news.de\/de\/wp-content\/uploads\/sites\/3\/2024\/06\/668018da48fbef62b6485290.jpg\" \/>\n<meta name=\"author\" content=\"rtnews\" \/>\n<meta name=\"twitter:card\" content=\"summary_large_image\" \/>\n<meta name=\"twitter:creator\" content=\"@WirMachenAuf_de\" \/>\n<meta name=\"twitter:site\" content=\"@WirMachenAuf_de\" \/>\n<meta name=\"twitter:label1\" content=\"Verfasst von\" \/>\n\t<meta name=\"twitter:data1\" content=\"rtnews\" \/>\n\t<meta name=\"twitter:label2\" content=\"Gesch\u00e4tzte Lesezeit\" \/>\n\t<meta name=\"twitter:data2\" content=\"3\u00a0Minuten\" \/>\n<script type=\"application\/ld+json\" class=\"yoast-schema-graph\">{\"@context\":\"https:\/\/schema.org\",\"@graph\":[{\"@type\":\"Article\",\"@id\":\"https:\/\/now-news.de\/de\/deutschland\/essen-journalisten-muessen-sich-bei-antifa-strassenkontrollen-zur-person-aeussern\/#article\",\"isPartOf\":{\"@id\":\"https:\/\/now-news.de\/de\/deutschland\/essen-journalisten-muessen-sich-bei-antifa-strassenkontrollen-zur-person-aeussern\/\"},\"author\":{\"name\":\"rtnews\",\"@id\":\"https:\/\/now-news.de\/de\/#\/schema\/person\/fb534a4e865501d8b3285208df34a9b5\"},\"headline\":\"Essen: Journalisten m\u00fcssen sich bei Antifa-Stra\u00dfenkontrollen zur Person \u00e4u\u00dfern\",\"datePublished\":\"2024-06-29T14:22:47+00:00\",\"dateModified\":\"2024-06-29T14:22:47+00:00\",\"mainEntityOfPage\":{\"@id\":\"https:\/\/now-news.de\/de\/deutschland\/essen-journalisten-muessen-sich-bei-antifa-strassenkontrollen-zur-person-aeussern\/\"},\"wordCount\":712,\"commentCount\":0,\"publisher\":{\"@id\":\"https:\/\/now-news.de\/de\/#organization\"},\"image\":{\"@id\":\"https:\/\/now-news.de\/de\/deutschland\/essen-journalisten-muessen-sich-bei-antifa-strassenkontrollen-zur-person-aeussern\/#primaryimage\"},\"thumbnailUrl\":\"https:\/\/now-news.de\/de\/wp-content\/uploads\/sites\/3\/2024\/06\/Essen-Journalisten-muessen-sich-bei-Antifa-Strassenkontrollen-zur-Person-aeussern.jpg\",\"keywords\":[\"AntifaStra\u00dfenkontrollen\",\"\u00e4u\u00dfern\",\"bei\",\"Essen\",\"Journalisten\",\"m\u00fcssen\",\"Person\",\"sich\",\"zur\"],\"articleSection\":[\"Deutschland\",\"Russland\"],\"inLanguage\":\"de\",\"potentialAction\":[{\"@type\":\"CommentAction\",\"name\":\"Comment\",\"target\":[\"https:\/\/now-news.de\/de\/deutschland\/essen-journalisten-muessen-sich-bei-antifa-strassenkontrollen-zur-person-aeussern\/#respond\"]}]},{\"@type\":\"WebPage\",\"@id\":\"https:\/\/now-news.de\/de\/deutschland\/essen-journalisten-muessen-sich-bei-antifa-strassenkontrollen-zur-person-aeussern\/\",\"url\":\"https:\/\/now-news.de\/de\/deutschland\/essen-journalisten-muessen-sich-bei-antifa-strassenkontrollen-zur-person-aeussern\/\",\"name\":\"Essen: Journalisten m\u00fcssen sich bei Antifa-Stra\u00dfenkontrollen zur Person \u00e4u\u00dfern - just-now.NEWS Deutschland\",\"isPartOf\":{\"@id\":\"https:\/\/now-news.de\/de\/#website\"},\"primaryImageOfPage\":{\"@id\":\"https:\/\/now-news.de\/de\/deutschland\/essen-journalisten-muessen-sich-bei-antifa-strassenkontrollen-zur-person-aeussern\/#primaryimage\"},\"image\":{\"@id\":\"https:\/\/now-news.de\/de\/deutschland\/essen-journalisten-muessen-sich-bei-antifa-strassenkontrollen-zur-person-aeussern\/#primaryimage\"},\"thumbnailUrl\":\"https:\/\/now-news.de\/de\/wp-content\/uploads\/sites\/3\/2024\/06\/Essen-Journalisten-muessen-sich-bei-Antifa-Strassenkontrollen-zur-Person-aeussern.jpg\",\"datePublished\":\"2024-06-29T14:22:47+00:00\",\"dateModified\":\"2024-06-29T14:22:47+00:00\",\"breadcrumb\":{\"@id\":\"https:\/\/now-news.de\/de\/deutschland\/essen-journalisten-muessen-sich-bei-antifa-strassenkontrollen-zur-person-aeussern\/#breadcrumb\"},\"inLanguage\":\"de\",\"potentialAction\":[{\"@type\":\"ReadAction\",\"target\":[\"https:\/\/now-news.de\/de\/deutschland\/essen-journalisten-muessen-sich-bei-antifa-strassenkontrollen-zur-person-aeussern\/\"]}]},{\"@type\":\"ImageObject\",\"inLanguage\":\"de\",\"@id\":\"https:\/\/now-news.de\/de\/deutschland\/essen-journalisten-muessen-sich-bei-antifa-strassenkontrollen-zur-person-aeussern\/#primaryimage\",\"url\":\"https:\/\/now-news.de\/de\/wp-content\/uploads\/sites\/3\/2024\/06\/Essen-Journalisten-muessen-sich-bei-Antifa-Strassenkontrollen-zur-Person-aeussern.jpg\",\"contentUrl\":\"https:\/\/now-news.de\/de\/wp-content\/uploads\/sites\/3\/2024\/06\/Essen-Journalisten-muessen-sich-bei-Antifa-Strassenkontrollen-zur-Person-aeussern.jpg\",\"width\":460,\"height\":259,\"caption\":\"Essen: Journalisten m\u00fcssen sich bei Antifa-Stra\u00dfenkontrollen zur Person \u00e4u\u00dfern\"},{\"@type\":\"BreadcrumbList\",\"@id\":\"https:\/\/now-news.de\/de\/deutschland\/essen-journalisten-muessen-sich-bei-antifa-strassenkontrollen-zur-person-aeussern\/#breadcrumb\",\"itemListElement\":[{\"@type\":\"ListItem\",\"position\":1,\"name\":\"Home\",\"item\":\"https:\/\/now-news.de\/de\/\"},{\"@type\":\"ListItem\",\"position\":2,\"name\":\"Essen: Journalisten m\u00fcssen sich bei Antifa-Stra\u00dfenkontrollen zur Person \u00e4u\u00dfern\"}]},{\"@type\":\"WebSite\",\"@id\":\"https:\/\/now-news.de\/de\/#website\",\"url\":\"https:\/\/now-news.de\/de\/\",\"name\":\"just-now.NEWS Deutschland\",\"description\":\"Das Portal f\u00fcr unzensierte Nachrichten aus der Welt\",\"publisher\":{\"@id\":\"https:\/\/now-news.de\/de\/#organization\"},\"potentialAction\":[{\"@type\":\"SearchAction\",\"target\":{\"@type\":\"EntryPoint\",\"urlTemplate\":\"https:\/\/now-news.de\/de\/?s={search_term_string}\"},\"query-input\":\"required name=search_term_string\"}],\"inLanguage\":\"de\"},{\"@type\":\"Organization\",\"@id\":\"https:\/\/now-news.de\/de\/#organization\",\"name\":\"Just Now News\",\"url\":\"https:\/\/now-news.de\/de\/\",\"logo\":{\"@type\":\"ImageObject\",\"inLanguage\":\"de\",\"@id\":\"https:\/\/now-news.de\/de\/#\/schema\/logo\/image\/\",\"url\":\"http:\/\/just-now.news\/de\/wp-content\/uploads\/sites\/3\/2022\/04\/logo500x500.jpg\",\"contentUrl\":\"http:\/\/just-now.news\/de\/wp-content\/uploads\/sites\/3\/2022\/04\/logo500x500.jpg\",\"width\":500,\"height\":500,\"caption\":\"Just Now News\"},\"image\":{\"@id\":\"https:\/\/now-news.de\/de\/#\/schema\/logo\/image\/\"},\"sameAs\":[\"https:\/\/www.facebook.com\/wirmachenauf\",\"https:\/\/x.com\/WirMachenAuf_de\"]},{\"@type\":\"Person\",\"@id\":\"https:\/\/now-news.de\/de\/#\/schema\/person\/fb534a4e865501d8b3285208df34a9b5\",\"name\":\"rtnews\",\"image\":{\"@type\":\"ImageObject\",\"inLanguage\":\"de\",\"@id\":\"https:\/\/now-news.de\/de\/#\/schema\/person\/image\/\",\"url\":\"https:\/\/secure.gravatar.com\/avatar\/82aafea7d8127119dd649515f56e2117?s=96&d=mm&r=g\",\"contentUrl\":\"https:\/\/secure.gravatar.com\/avatar\/82aafea7d8127119dd649515f56e2117?s=96&d=mm&r=g\",\"caption\":\"rtnews\"},\"url\":\"https:\/\/now-news.de\/de\/author\/rnews\/\"}]}<\/script>\n<!-- \/ Yoast SEO Premium plugin. -->","yoast_head_json":{"title":"Essen: Journalisten m\u00fcssen sich bei Antifa-Stra\u00dfenkontrollen zur Person \u00e4u\u00dfern - just-now.NEWS Deutschland","robots":{"index":"index","follow":"follow","max-snippet":"max-snippet:-1","max-image-preview":"max-image-preview:large","max-video-preview":"max-video-preview:-1"},"canonical":"https:\/\/now-news.de\/de\/deutschland\/essen-journalisten-muessen-sich-bei-antifa-strassenkontrollen-zur-person-aeussern\/","og_locale":"de_DE","og_type":"article","og_title":"Essen: Journalisten m\u00fcssen sich bei Antifa-Stra\u00dfenkontrollen zur Person \u00e4u\u00dfern","og_description":"Der AfD-Parteitag f\u00fchrte Zehntausende sich als Demokraten und Antifaschisten bezeichnende B\u00fcrger nach Essen in Nordrhein-Westfalen. Mehrere Journalisten und Bloggern berichten in X-Postings von Anfeindungen. Mitarbeiter des \u00f6ffentlich-rechtlichen Rundfunks w\u00fcrden am liebsten mitmarschieren. Die AfD\u00a0hat\u00a0ihre Delegierten vom 28. bis 30.\u00a0Juni zum Bundesparteitag in der Essener\u00a0Grugahalle eingeladen. Mit dem Anreisetag der Sympathisanten und Politiker der Partei wie [&hellip;]","og_url":"https:\/\/now-news.de\/de\/deutschland\/essen-journalisten-muessen-sich-bei-antifa-strassenkontrollen-zur-person-aeussern\/","og_site_name":"just-now.NEWS Deutschland","article_publisher":"https:\/\/www.facebook.com\/wirmachenauf","article_published_time":"2024-06-29T14:22:47+00:00","og_image":[{"url":"https:\/\/now-news.de\/de\/wp-content\/uploads\/sites\/3\/2024\/06\/668018da48fbef62b6485290.jpg"}],"author":"rtnews","twitter_card":"summary_large_image","twitter_creator":"@WirMachenAuf_de","twitter_site":"@WirMachenAuf_de","twitter_misc":{"Verfasst von":"rtnews","Gesch\u00e4tzte Lesezeit":"3\u00a0Minuten"},"schema":{"@context":"https:\/\/schema.org","@graph":[{"@type":"Article","@id":"https:\/\/now-news.de\/de\/deutschland\/essen-journalisten-muessen-sich-bei-antifa-strassenkontrollen-zur-person-aeussern\/#article","isPartOf":{"@id":"https:\/\/now-news.de\/de\/deutschland\/essen-journalisten-muessen-sich-bei-antifa-strassenkontrollen-zur-person-aeussern\/"},"author":{"name":"rtnews","@id":"https:\/\/now-news.de\/de\/#\/schema\/person\/fb534a4e865501d8b3285208df34a9b5"},"headline":"Essen: Journalisten m\u00fcssen sich bei Antifa-Stra\u00dfenkontrollen zur Person \u00e4u\u00dfern","datePublished":"2024-06-29T14:22:47+00:00","dateModified":"2024-06-29T14:22:47+00:00","mainEntityOfPage":{"@id":"https:\/\/now-news.de\/de\/deutschland\/essen-journalisten-muessen-sich-bei-antifa-strassenkontrollen-zur-person-aeussern\/"},"wordCount":712,"commentCount":0,"publisher":{"@id":"https:\/\/now-news.de\/de\/#organization"},"image":{"@id":"https:\/\/now-news.de\/de\/deutschland\/essen-journalisten-muessen-sich-bei-antifa-strassenkontrollen-zur-person-aeussern\/#primaryimage"},"thumbnailUrl":"https:\/\/now-news.de\/de\/wp-content\/uploads\/sites\/3\/2024\/06\/Essen-Journalisten-muessen-sich-bei-Antifa-Strassenkontrollen-zur-Person-aeussern.jpg","keywords":["AntifaStra\u00dfenkontrollen","\u00e4u\u00dfern","bei","Essen","Journalisten","m\u00fcssen","Person","sich","zur"],"articleSection":["Deutschland","Russland"],"inLanguage":"de","potentialAction":[{"@type":"CommentAction","name":"Comment","target":["https:\/\/now-news.de\/de\/deutschland\/essen-journalisten-muessen-sich-bei-antifa-strassenkontrollen-zur-person-aeussern\/#respond"]}]},{"@type":"WebPage","@id":"https:\/\/now-news.de\/de\/deutschland\/essen-journalisten-muessen-sich-bei-antifa-strassenkontrollen-zur-person-aeussern\/","url":"https:\/\/now-news.de\/de\/deutschland\/essen-journalisten-muessen-sich-bei-antifa-strassenkontrollen-zur-person-aeussern\/","name":"Essen: Journalisten m\u00fcssen sich bei Antifa-Stra\u00dfenkontrollen zur Person \u00e4u\u00dfern - just-now.NEWS Deutschland","isPartOf":{"@id":"https:\/\/now-news.de\/de\/#website"},"primaryImageOfPage":{"@id":"https:\/\/now-news.de\/de\/deutschland\/essen-journalisten-muessen-sich-bei-antifa-strassenkontrollen-zur-person-aeussern\/#primaryimage"},"image":{"@id":"https:\/\/now-news.de\/de\/deutschland\/essen-journalisten-muessen-sich-bei-antifa-strassenkontrollen-zur-person-aeussern\/#primaryimage"},"thumbnailUrl":"https:\/\/now-news.de\/de\/wp-content\/uploads\/sites\/3\/2024\/06\/Essen-Journalisten-muessen-sich-bei-Antifa-Strassenkontrollen-zur-Person-aeussern.jpg","datePublished":"2024-06-29T14:22:47+00:00","dateModified":"2024-06-29T14:22:47+00:00","breadcrumb":{"@id":"https:\/\/now-news.de\/de\/deutschland\/essen-journalisten-muessen-sich-bei-antifa-strassenkontrollen-zur-person-aeussern\/#breadcrumb"},"inLanguage":"de","potentialAction":[{"@type":"ReadAction","target":["https:\/\/now-news.de\/de\/deutschland\/essen-journalisten-muessen-sich-bei-antifa-strassenkontrollen-zur-person-aeussern\/"]}]},{"@type":"ImageObject","inLanguage":"de","@id":"https:\/\/now-news.de\/de\/deutschland\/essen-journalisten-muessen-sich-bei-antifa-strassenkontrollen-zur-person-aeussern\/#primaryimage","url":"https:\/\/now-news.de\/de\/wp-content\/uploads\/sites\/3\/2024\/06\/Essen-Journalisten-muessen-sich-bei-Antifa-Strassenkontrollen-zur-Person-aeussern.jpg","contentUrl":"https:\/\/now-news.de\/de\/wp-content\/uploads\/sites\/3\/2024\/06\/Essen-Journalisten-muessen-sich-bei-Antifa-Strassenkontrollen-zur-Person-aeussern.jpg","width":460,"height":259,"caption":"Essen: Journalisten m\u00fcssen sich bei Antifa-Stra\u00dfenkontrollen zur Person \u00e4u\u00dfern"},{"@type":"BreadcrumbList","@id":"https:\/\/now-news.de\/de\/deutschland\/essen-journalisten-muessen-sich-bei-antifa-strassenkontrollen-zur-person-aeussern\/#breadcrumb","itemListElement":[{"@type":"ListItem","position":1,"name":"Home","item":"https:\/\/now-news.de\/de\/"},{"@type":"ListItem","position":2,"name":"Essen: Journalisten m\u00fcssen sich bei Antifa-Stra\u00dfenkontrollen zur Person \u00e4u\u00dfern"}]},{"@type":"WebSite","@id":"https:\/\/now-news.de\/de\/#website","url":"https:\/\/now-news.de\/de\/","name":"just-now.NEWS Deutschland","description":"Das Portal f\u00fcr unzensierte Nachrichten aus der Welt","publisher":{"@id":"https:\/\/now-news.de\/de\/#organization"},"potentialAction":[{"@type":"SearchAction","target":{"@type":"EntryPoint","urlTemplate":"https:\/\/now-news.de\/de\/?s={search_term_string}"},"query-input":"required name=search_term_string"}],"inLanguage":"de"},{"@type":"Organization","@id":"https:\/\/now-news.de\/de\/#organization","name":"Just Now News","url":"https:\/\/now-news.de\/de\/","logo":{"@type":"ImageObject","inLanguage":"de","@id":"https:\/\/now-news.de\/de\/#\/schema\/logo\/image\/","url":"http:\/\/just-now.news\/de\/wp-content\/uploads\/sites\/3\/2022\/04\/logo500x500.jpg","contentUrl":"http:\/\/just-now.news\/de\/wp-content\/uploads\/sites\/3\/2022\/04\/logo500x500.jpg","width":500,"height":500,"caption":"Just Now News"},"image":{"@id":"https:\/\/now-news.de\/de\/#\/schema\/logo\/image\/"},"sameAs":["https:\/\/www.facebook.com\/wirmachenauf","https:\/\/x.com\/WirMachenAuf_de"]},{"@type":"Person","@id":"https:\/\/now-news.de\/de\/#\/schema\/person\/fb534a4e865501d8b3285208df34a9b5","name":"rtnews","image":{"@type":"ImageObject","inLanguage":"de","@id":"https:\/\/now-news.de\/de\/#\/schema\/person\/image\/","url":"https:\/\/secure.gravatar.com\/avatar\/82aafea7d8127119dd649515f56e2117?s=96&d=mm&r=g","contentUrl":"https:\/\/secure.gravatar.com\/avatar\/82aafea7d8127119dd649515f56e2117?s=96&d=mm&r=g","caption":"rtnews"},"url":"https:\/\/now-news.de\/de\/author\/rnews\/"}]}},"_links":{"self":[{"href":"https:\/\/now-news.de\/de\/wp-json\/wp\/v2\/posts\/63768"}],"collection":[{"href":"https:\/\/now-news.de\/de\/wp-json\/wp\/v2\/posts"}],"about":[{"href":"https:\/\/now-news.de\/de\/wp-json\/wp\/v2\/types\/post"}],"author":[{"embeddable":true,"href":"https:\/\/now-news.de\/de\/wp-json\/wp\/v2\/users\/3"}],"replies":[{"embeddable":true,"href":"https:\/\/now-news.de\/de\/wp-json\/wp\/v2\/comments?post=63768"}],"version-history":[{"count":0,"href":"https:\/\/now-news.de\/de\/wp-json\/wp\/v2\/posts\/63768\/revisions"}],"wp:featuredmedia":[{"embeddable":true,"href":"https:\/\/now-news.de\/de\/wp-json\/wp\/v2\/media\/63769"}],"wp:attachment":[{"href":"https:\/\/now-news.de\/de\/wp-json\/wp\/v2\/media?parent=63768"}],"wp:term":[{"taxonomy":"category","embeddable":true,"href":"https:\/\/now-news.de\/de\/wp-json\/wp\/v2\/categories?post=63768"},{"taxonomy":"post_tag","embeddable":true,"href":"https:\/\/now-news.de\/de\/wp-json\/wp\/v2\/tags?post=63768"}],"curies":[{"name":"wp","href":"https:\/\/api.w.org\/{rel}","templated":true}]}}