{"id":63754,"date":"2024-06-29T12:34:40","date_gmt":"2024-06-29T10:34:40","guid":{"rendered":"https:\/\/now-news.de\/de\/deutschland\/kreml-eu-ernennt-tollwuetige-russenhasserin-zur-eu-spitzendiplomatin\/"},"modified":"2024-06-29T12:34:40","modified_gmt":"2024-06-29T10:34:40","slug":"kreml-eu-ernennt-tollwuetige-russenhasserin-zur-eu-spitzendiplomatin","status":"publish","type":"post","link":"https:\/\/now-news.de\/de\/deutschland\/kreml-eu-ernennt-tollwuetige-russenhasserin-zur-eu-spitzendiplomatin\/","title":{"rendered":"Kreml: EU ernennt &quot;tollw\u00fctige Russenhasserin&quot; zur EU-Spitzendiplomatin"},"content":{"rendered":"<p><img decoding=\"async\" src=\"https:\/\/now-news.de\/de\/wp-content\/uploads\/sites\/3\/2024\/06\/667fcadcb480cc3a4b70f01d.jpg\" \/><\/p>\n<div class=\"Text-root Text-type_1 \">\n                Die estnische Premierministerin, ein ber\u00fcchtigter &#8220;Russland-Falke&#8221;, soll im weiteren Jahresverlauf die au\u00dfenpolitische Vertretung der EU \u00fcbernehmen. Moskau sieht darin das Risiko einer weiteren Eskalation, da auch von der Leyen nicht f\u00fcr eine Normalisierung stehe.\n            <\/div>\n<p><\/p>\n<div class=\"Text-root Text-type_5 ArticleView-text ViewText-root \">\n<p>Die estnische Premierministerin Kaja Kallas, die daf\u00fcr nominiert wurde, die Au\u00dfenpolitik der EU zu leiten, hat eine Geschichte feindseliger \u00c4u\u00dferungen gegen\u00fcber Russland vorzuweisen, sagte Kreml-Sprecher Dmitri Peskow.<\/p>\n<p>Die gegen\u00fcber Russland als Hardlinerin auftretende Kallas wurde am Freitag offiziell daf\u00fcr nominiert, Josep Borrells Posten zu \u00fcbernehmen. Das neu gew\u00e4hlte Europ\u00e4ische Parlament, das im kommenden Monat erstmals zusammentritt, muss ihrer Kandidatur noch zustimmen \u2013 eine Prozedur, die jedoch weithin als Formalit\u00e4t betrachtet wird.<\/p>\n<p>&#8220;Kallas ist [in Russland] wohlbekannt f\u00fcr ihre absolut kompromisslosen und manchmal sogar tollw\u00fctig russlandfeindlichen \u00c4u\u00dferungen&#8221;, sagte Peskow am Freitag zu Journalisten.<\/p>\n<p>Er f\u00fcgte hinzu, dass auch Ursula von der Leyen, die f\u00fcr eine zweite Amtszeit als Pr\u00e4sidentin der Europ\u00e4ischen Kommission vorgeschlagen wurde, &#8220;keine Vertreterin einer Normalisierung der Beziehungen zwischen der EU und Russland&#8221; sei.<\/p>\n<p>&#8220;So kennen wir sie und so erinnern wir uns an sie. In dieser Hinsicht hat sich nichts ge\u00e4ndert&#8221;, so Peskow.<\/p>\n<p>Mehrere russische Regierungsvertreter haben davor gewarnt, dass die Politik, f\u00fcr die Kallas steht, nur zu einer weiteren Eskalation f\u00fchren wird. Die Sprecherin des Au\u00dfenministeriums, Maria Sacharowa, erkl\u00e4rte in dieser Woche, die Ernennung von Kallas werde &#8220;das Niveau der Unvernunft erh\u00f6hen&#8221;.<\/p>\n<p>Kallas hat sich bislang konsequent f\u00fcr sch\u00e4rfere Sanktionen gegen Russland und mehr Milit\u00e4rhilfe f\u00fcr die Ukraine eingesetzt. Unter ihrer F\u00fchrung wurde Estland zum ersten Land in der EU, das einem Mechanismus zugestimmt hat, um eingefrorenes russisches Verm\u00f6gen zu beschlagnahmen und es als &#8220;Entsch\u00e4digung&#8221; f\u00fcr Kiew zu gebrauchen.<\/p>\n<p>In einem Kommentar, der im Jahr 2022 in der <em>New York Times<\/em> ver\u00f6ffentlicht wurde, rief Kallas zu einer &#8220;Langzeitpolitik einer klugen Einhegung&#8221; Moskaus auf, die die feste Unterst\u00fctzung der Ukraine, Sanktionen gegen russische \u00d6l- und Gasexporte und eine Erh\u00f6hung der Milit\u00e4rausgaben der EU-Mitglieder beinhaltete.<\/p>\n<p>Die estnische Politikerin soll die diplomatische Abteilung der EU \u00fcbernehmen, w\u00e4hrend der Staatenbund damit ringt, genug Waffen f\u00fcr die Ukraine zu beschaffen. Auch der Ausgang der US-Pr\u00e4sidentschaftswahlen im November ist noch v\u00f6llig offen. Br\u00fcssel muss au\u00dferdem mit den widerspenstigen Slowaken und Ungarn umgehen, deren Regierungen die Position der EU zum Ukraine-Konflikt kritisch sehen.<\/p>\n<p><strong>Mehr zum Thema<\/strong> &#8211; <a rel=\"nofollow noopener\" target=\"_blank\" href=\"https:\/\/freedert.online\/europa\/200075-kaja-kallas-und-ihr-vater\/\">Kaja Kallas und ihr Vater \u2013 Die Geschichte einer Wendehalssippe <\/a><\/p>\n<\/div>\n<p><br \/>\n<br \/><a href=\"https:\/\/de.rt.com\/russland\/210761-kreml-eu-ernennt-tollwuetige-russenhasserin\/\">Source link <\/a><\/p>\n","protected":false},"excerpt":{"rendered":"<p>Die estnische Premierministerin, ein ber\u00fcchtigter &#8220;Russland-Falke&#8221;, soll im weiteren Jahresverlauf die au\u00dfenpolitische Vertretung der EU \u00fcbernehmen. Moskau sieht darin das Risiko einer weiteren Eskalation, da auch von der Leyen nicht f\u00fcr eine Normalisierung stehe. Die estnische Premierministerin Kaja Kallas, die daf\u00fcr nominiert wurde, die Au\u00dfenpolitik der EU zu leiten, hat eine Geschichte feindseliger \u00c4u\u00dferungen gegen\u00fcber [&hellip;]<\/p>\n","protected":false},"author":3,"featured_media":63755,"comment_status":"open","ping_status":"open","sticky":false,"template":"","format":"standard","meta":{"_yoast_indexnow_last_ping":["1719660105"],"wp_automatic_camp":["217"],"593681e47e59ff1813900a822b9d2beb":["Kreml: EU ernennt &quot;tollw\u00fctige Russenhasserin&quot; zur EU-Spitzendiplomatin"],"original_link":["https:\/\/de.rt.com\/russland\/210761-kreml-eu-ernennt-tollwuetige-russenhasserin\/"],"_thumbnail_id":["63755"],"jnews_social_counter_last_update":["1777584328"],"_wptgpro_p2tg_sent2tg":["a:1:{i:23737;s:19:\"2024-06-29 13:23:11\";}"]},"categories":[19,23],"tags":[18006,56167,6312,56165,56166,581],"yoast_head":"<!-- This site is optimized with the Yoast SEO Premium plugin v22.7 (Yoast SEO v22.7) - https:\/\/yoast.com\/wordpress\/plugins\/seo\/ -->\n<title>Kreml: EU ernennt &quot;tollw\u00fctige Russenhasserin&quot; zur EU-Spitzendiplomatin - just-now.NEWS Deutschland<\/title>\n<meta name=\"robots\" content=\"index, follow, max-snippet:-1, max-image-preview:large, max-video-preview:-1\" \/>\n<link rel=\"canonical\" href=\"https:\/\/now-news.de\/de\/deutschland\/kreml-eu-ernennt-tollwuetige-russenhasserin-zur-eu-spitzendiplomatin\/\" \/>\n<meta property=\"og:locale\" content=\"de_DE\" \/>\n<meta property=\"og:type\" content=\"article\" \/>\n<meta property=\"og:title\" content=\"Kreml: EU ernennt &quot;tollw\u00fctige Russenhasserin&quot; zur EU-Spitzendiplomatin\" \/>\n<meta property=\"og:description\" content=\"Die estnische Premierministerin, ein ber\u00fcchtigter &#8220;Russland-Falke&#8221;, soll im weiteren Jahresverlauf die au\u00dfenpolitische Vertretung der EU \u00fcbernehmen. Moskau sieht darin das Risiko einer weiteren Eskalation, da auch von der Leyen nicht f\u00fcr eine Normalisierung stehe. Die estnische Premierministerin Kaja Kallas, die daf\u00fcr nominiert wurde, die Au\u00dfenpolitik der EU zu leiten, hat eine Geschichte feindseliger \u00c4u\u00dferungen gegen\u00fcber [&hellip;]\" \/>\n<meta property=\"og:url\" content=\"https:\/\/now-news.de\/de\/deutschland\/kreml-eu-ernennt-tollwuetige-russenhasserin-zur-eu-spitzendiplomatin\/\" \/>\n<meta property=\"og:site_name\" content=\"just-now.NEWS Deutschland\" \/>\n<meta property=\"article:publisher\" content=\"https:\/\/www.facebook.com\/wirmachenauf\" \/>\n<meta property=\"article:published_time\" content=\"2024-06-29T10:34:40+00:00\" \/>\n<meta property=\"og:image\" content=\"https:\/\/now-news.de\/de\/wp-content\/uploads\/sites\/3\/2024\/06\/667fcadcb480cc3a4b70f01d.jpg\" \/>\n<meta name=\"author\" content=\"rtnews\" \/>\n<meta name=\"twitter:card\" content=\"summary_large_image\" \/>\n<meta name=\"twitter:creator\" content=\"@WirMachenAuf_de\" \/>\n<meta name=\"twitter:site\" content=\"@WirMachenAuf_de\" \/>\n<meta name=\"twitter:label1\" content=\"Verfasst von\" \/>\n\t<meta name=\"twitter:data1\" content=\"rtnews\" \/>\n\t<meta name=\"twitter:label2\" content=\"Gesch\u00e4tzte Lesezeit\" \/>\n\t<meta name=\"twitter:data2\" content=\"2\u00a0Minuten\" \/>\n<script type=\"application\/ld+json\" class=\"yoast-schema-graph\">{\"@context\":\"https:\/\/schema.org\",\"@graph\":[{\"@type\":\"Article\",\"@id\":\"https:\/\/now-news.de\/de\/deutschland\/kreml-eu-ernennt-tollwuetige-russenhasserin-zur-eu-spitzendiplomatin\/#article\",\"isPartOf\":{\"@id\":\"https:\/\/now-news.de\/de\/deutschland\/kreml-eu-ernennt-tollwuetige-russenhasserin-zur-eu-spitzendiplomatin\/\"},\"author\":{\"name\":\"rtnews\",\"@id\":\"https:\/\/now-news.de\/de\/#\/schema\/person\/fb534a4e865501d8b3285208df34a9b5\"},\"headline\":\"Kreml: EU ernennt &quot;tollw\u00fctige Russenhasserin&quot; zur EU-Spitzendiplomatin\",\"datePublished\":\"2024-06-29T10:34:40+00:00\",\"dateModified\":\"2024-06-29T10:34:40+00:00\",\"mainEntityOfPage\":{\"@id\":\"https:\/\/now-news.de\/de\/deutschland\/kreml-eu-ernennt-tollwuetige-russenhasserin-zur-eu-spitzendiplomatin\/\"},\"wordCount\":430,\"commentCount\":0,\"publisher\":{\"@id\":\"https:\/\/now-news.de\/de\/#organization\"},\"image\":{\"@id\":\"https:\/\/now-news.de\/de\/deutschland\/kreml-eu-ernennt-tollwuetige-russenhasserin-zur-eu-spitzendiplomatin\/#primaryimage\"},\"thumbnailUrl\":\"https:\/\/now-news.de\/de\/wp-content\/uploads\/sites\/3\/2024\/06\/Kreml-EU-ernennt-quottollwuetige-Russenhasserinquot-zur-EU-Spitzendiplomatin.jpg\",\"keywords\":[\"ernennt\",\"EUSpitzendiplomatin\",\"Kreml\",\"quottollw\u00fctige\",\"Russenhasserinquot\",\"zur\"],\"articleSection\":[\"Deutschland\",\"Russland\"],\"inLanguage\":\"de\",\"potentialAction\":[{\"@type\":\"CommentAction\",\"name\":\"Comment\",\"target\":[\"https:\/\/now-news.de\/de\/deutschland\/kreml-eu-ernennt-tollwuetige-russenhasserin-zur-eu-spitzendiplomatin\/#respond\"]}]},{\"@type\":\"WebPage\",\"@id\":\"https:\/\/now-news.de\/de\/deutschland\/kreml-eu-ernennt-tollwuetige-russenhasserin-zur-eu-spitzendiplomatin\/\",\"url\":\"https:\/\/now-news.de\/de\/deutschland\/kreml-eu-ernennt-tollwuetige-russenhasserin-zur-eu-spitzendiplomatin\/\",\"name\":\"Kreml: EU ernennt &quot;tollw\u00fctige Russenhasserin&quot; zur EU-Spitzendiplomatin - just-now.NEWS Deutschland\",\"isPartOf\":{\"@id\":\"https:\/\/now-news.de\/de\/#website\"},\"primaryImageOfPage\":{\"@id\":\"https:\/\/now-news.de\/de\/deutschland\/kreml-eu-ernennt-tollwuetige-russenhasserin-zur-eu-spitzendiplomatin\/#primaryimage\"},\"image\":{\"@id\":\"https:\/\/now-news.de\/de\/deutschland\/kreml-eu-ernennt-tollwuetige-russenhasserin-zur-eu-spitzendiplomatin\/#primaryimage\"},\"thumbnailUrl\":\"https:\/\/now-news.de\/de\/wp-content\/uploads\/sites\/3\/2024\/06\/Kreml-EU-ernennt-quottollwuetige-Russenhasserinquot-zur-EU-Spitzendiplomatin.jpg\",\"datePublished\":\"2024-06-29T10:34:40+00:00\",\"dateModified\":\"2024-06-29T10:34:40+00:00\",\"breadcrumb\":{\"@id\":\"https:\/\/now-news.de\/de\/deutschland\/kreml-eu-ernennt-tollwuetige-russenhasserin-zur-eu-spitzendiplomatin\/#breadcrumb\"},\"inLanguage\":\"de\",\"potentialAction\":[{\"@type\":\"ReadAction\",\"target\":[\"https:\/\/now-news.de\/de\/deutschland\/kreml-eu-ernennt-tollwuetige-russenhasserin-zur-eu-spitzendiplomatin\/\"]}]},{\"@type\":\"ImageObject\",\"inLanguage\":\"de\",\"@id\":\"https:\/\/now-news.de\/de\/deutschland\/kreml-eu-ernennt-tollwuetige-russenhasserin-zur-eu-spitzendiplomatin\/#primaryimage\",\"url\":\"https:\/\/now-news.de\/de\/wp-content\/uploads\/sites\/3\/2024\/06\/Kreml-EU-ernennt-quottollwuetige-Russenhasserinquot-zur-EU-Spitzendiplomatin.jpg\",\"contentUrl\":\"https:\/\/now-news.de\/de\/wp-content\/uploads\/sites\/3\/2024\/06\/Kreml-EU-ernennt-quottollwuetige-Russenhasserinquot-zur-EU-Spitzendiplomatin.jpg\",\"width\":460,\"height\":259,\"caption\":\"Kreml: EU ernennt &quot;tollw\u00fctige Russenhasserin&quot; zur EU-Spitzendiplomatin\"},{\"@type\":\"BreadcrumbList\",\"@id\":\"https:\/\/now-news.de\/de\/deutschland\/kreml-eu-ernennt-tollwuetige-russenhasserin-zur-eu-spitzendiplomatin\/#breadcrumb\",\"itemListElement\":[{\"@type\":\"ListItem\",\"position\":1,\"name\":\"Home\",\"item\":\"https:\/\/now-news.de\/de\/\"},{\"@type\":\"ListItem\",\"position\":2,\"name\":\"Kreml: EU ernennt &quot;tollw\u00fctige Russenhasserin&quot; zur EU-Spitzendiplomatin\"}]},{\"@type\":\"WebSite\",\"@id\":\"https:\/\/now-news.de\/de\/#website\",\"url\":\"https:\/\/now-news.de\/de\/\",\"name\":\"just-now.NEWS Deutschland\",\"description\":\"Das Portal f\u00fcr unzensierte Nachrichten aus der Welt\",\"publisher\":{\"@id\":\"https:\/\/now-news.de\/de\/#organization\"},\"potentialAction\":[{\"@type\":\"SearchAction\",\"target\":{\"@type\":\"EntryPoint\",\"urlTemplate\":\"https:\/\/now-news.de\/de\/?s={search_term_string}\"},\"query-input\":\"required name=search_term_string\"}],\"inLanguage\":\"de\"},{\"@type\":\"Organization\",\"@id\":\"https:\/\/now-news.de\/de\/#organization\",\"name\":\"Just Now News\",\"url\":\"https:\/\/now-news.de\/de\/\",\"logo\":{\"@type\":\"ImageObject\",\"inLanguage\":\"de\",\"@id\":\"https:\/\/now-news.de\/de\/#\/schema\/logo\/image\/\",\"url\":\"http:\/\/just-now.news\/de\/wp-content\/uploads\/sites\/3\/2022\/04\/logo500x500.jpg\",\"contentUrl\":\"http:\/\/just-now.news\/de\/wp-content\/uploads\/sites\/3\/2022\/04\/logo500x500.jpg\",\"width\":500,\"height\":500,\"caption\":\"Just Now News\"},\"image\":{\"@id\":\"https:\/\/now-news.de\/de\/#\/schema\/logo\/image\/\"},\"sameAs\":[\"https:\/\/www.facebook.com\/wirmachenauf\",\"https:\/\/x.com\/WirMachenAuf_de\"]},{\"@type\":\"Person\",\"@id\":\"https:\/\/now-news.de\/de\/#\/schema\/person\/fb534a4e865501d8b3285208df34a9b5\",\"name\":\"rtnews\",\"image\":{\"@type\":\"ImageObject\",\"inLanguage\":\"de\",\"@id\":\"https:\/\/now-news.de\/de\/#\/schema\/person\/image\/\",\"url\":\"https:\/\/secure.gravatar.com\/avatar\/82aafea7d8127119dd649515f56e2117?s=96&d=mm&r=g\",\"contentUrl\":\"https:\/\/secure.gravatar.com\/avatar\/82aafea7d8127119dd649515f56e2117?s=96&d=mm&r=g\",\"caption\":\"rtnews\"},\"url\":\"https:\/\/now-news.de\/de\/author\/rnews\/\"}]}<\/script>\n<!-- \/ Yoast SEO Premium plugin. -->","yoast_head_json":{"title":"Kreml: EU ernennt &quot;tollw\u00fctige Russenhasserin&quot; zur EU-Spitzendiplomatin - just-now.NEWS Deutschland","robots":{"index":"index","follow":"follow","max-snippet":"max-snippet:-1","max-image-preview":"max-image-preview:large","max-video-preview":"max-video-preview:-1"},"canonical":"https:\/\/now-news.de\/de\/deutschland\/kreml-eu-ernennt-tollwuetige-russenhasserin-zur-eu-spitzendiplomatin\/","og_locale":"de_DE","og_type":"article","og_title":"Kreml: EU ernennt &quot;tollw\u00fctige Russenhasserin&quot; zur EU-Spitzendiplomatin","og_description":"Die estnische Premierministerin, ein ber\u00fcchtigter &#8220;Russland-Falke&#8221;, soll im weiteren Jahresverlauf die au\u00dfenpolitische Vertretung der EU \u00fcbernehmen. Moskau sieht darin das Risiko einer weiteren Eskalation, da auch von der Leyen nicht f\u00fcr eine Normalisierung stehe. Die estnische Premierministerin Kaja Kallas, die daf\u00fcr nominiert wurde, die Au\u00dfenpolitik der EU zu leiten, hat eine Geschichte feindseliger \u00c4u\u00dferungen gegen\u00fcber [&hellip;]","og_url":"https:\/\/now-news.de\/de\/deutschland\/kreml-eu-ernennt-tollwuetige-russenhasserin-zur-eu-spitzendiplomatin\/","og_site_name":"just-now.NEWS Deutschland","article_publisher":"https:\/\/www.facebook.com\/wirmachenauf","article_published_time":"2024-06-29T10:34:40+00:00","og_image":[{"url":"https:\/\/now-news.de\/de\/wp-content\/uploads\/sites\/3\/2024\/06\/667fcadcb480cc3a4b70f01d.jpg"}],"author":"rtnews","twitter_card":"summary_large_image","twitter_creator":"@WirMachenAuf_de","twitter_site":"@WirMachenAuf_de","twitter_misc":{"Verfasst von":"rtnews","Gesch\u00e4tzte Lesezeit":"2\u00a0Minuten"},"schema":{"@context":"https:\/\/schema.org","@graph":[{"@type":"Article","@id":"https:\/\/now-news.de\/de\/deutschland\/kreml-eu-ernennt-tollwuetige-russenhasserin-zur-eu-spitzendiplomatin\/#article","isPartOf":{"@id":"https:\/\/now-news.de\/de\/deutschland\/kreml-eu-ernennt-tollwuetige-russenhasserin-zur-eu-spitzendiplomatin\/"},"author":{"name":"rtnews","@id":"https:\/\/now-news.de\/de\/#\/schema\/person\/fb534a4e865501d8b3285208df34a9b5"},"headline":"Kreml: EU ernennt &quot;tollw\u00fctige Russenhasserin&quot; zur EU-Spitzendiplomatin","datePublished":"2024-06-29T10:34:40+00:00","dateModified":"2024-06-29T10:34:40+00:00","mainEntityOfPage":{"@id":"https:\/\/now-news.de\/de\/deutschland\/kreml-eu-ernennt-tollwuetige-russenhasserin-zur-eu-spitzendiplomatin\/"},"wordCount":430,"commentCount":0,"publisher":{"@id":"https:\/\/now-news.de\/de\/#organization"},"image":{"@id":"https:\/\/now-news.de\/de\/deutschland\/kreml-eu-ernennt-tollwuetige-russenhasserin-zur-eu-spitzendiplomatin\/#primaryimage"},"thumbnailUrl":"https:\/\/now-news.de\/de\/wp-content\/uploads\/sites\/3\/2024\/06\/Kreml-EU-ernennt-quottollwuetige-Russenhasserinquot-zur-EU-Spitzendiplomatin.jpg","keywords":["ernennt","EUSpitzendiplomatin","Kreml","quottollw\u00fctige","Russenhasserinquot","zur"],"articleSection":["Deutschland","Russland"],"inLanguage":"de","potentialAction":[{"@type":"CommentAction","name":"Comment","target":["https:\/\/now-news.de\/de\/deutschland\/kreml-eu-ernennt-tollwuetige-russenhasserin-zur-eu-spitzendiplomatin\/#respond"]}]},{"@type":"WebPage","@id":"https:\/\/now-news.de\/de\/deutschland\/kreml-eu-ernennt-tollwuetige-russenhasserin-zur-eu-spitzendiplomatin\/","url":"https:\/\/now-news.de\/de\/deutschland\/kreml-eu-ernennt-tollwuetige-russenhasserin-zur-eu-spitzendiplomatin\/","name":"Kreml: EU ernennt &quot;tollw\u00fctige Russenhasserin&quot; zur EU-Spitzendiplomatin - just-now.NEWS Deutschland","isPartOf":{"@id":"https:\/\/now-news.de\/de\/#website"},"primaryImageOfPage":{"@id":"https:\/\/now-news.de\/de\/deutschland\/kreml-eu-ernennt-tollwuetige-russenhasserin-zur-eu-spitzendiplomatin\/#primaryimage"},"image":{"@id":"https:\/\/now-news.de\/de\/deutschland\/kreml-eu-ernennt-tollwuetige-russenhasserin-zur-eu-spitzendiplomatin\/#primaryimage"},"thumbnailUrl":"https:\/\/now-news.de\/de\/wp-content\/uploads\/sites\/3\/2024\/06\/Kreml-EU-ernennt-quottollwuetige-Russenhasserinquot-zur-EU-Spitzendiplomatin.jpg","datePublished":"2024-06-29T10:34:40+00:00","dateModified":"2024-06-29T10:34:40+00:00","breadcrumb":{"@id":"https:\/\/now-news.de\/de\/deutschland\/kreml-eu-ernennt-tollwuetige-russenhasserin-zur-eu-spitzendiplomatin\/#breadcrumb"},"inLanguage":"de","potentialAction":[{"@type":"ReadAction","target":["https:\/\/now-news.de\/de\/deutschland\/kreml-eu-ernennt-tollwuetige-russenhasserin-zur-eu-spitzendiplomatin\/"]}]},{"@type":"ImageObject","inLanguage":"de","@id":"https:\/\/now-news.de\/de\/deutschland\/kreml-eu-ernennt-tollwuetige-russenhasserin-zur-eu-spitzendiplomatin\/#primaryimage","url":"https:\/\/now-news.de\/de\/wp-content\/uploads\/sites\/3\/2024\/06\/Kreml-EU-ernennt-quottollwuetige-Russenhasserinquot-zur-EU-Spitzendiplomatin.jpg","contentUrl":"https:\/\/now-news.de\/de\/wp-content\/uploads\/sites\/3\/2024\/06\/Kreml-EU-ernennt-quottollwuetige-Russenhasserinquot-zur-EU-Spitzendiplomatin.jpg","width":460,"height":259,"caption":"Kreml: EU ernennt &quot;tollw\u00fctige Russenhasserin&quot; zur EU-Spitzendiplomatin"},{"@type":"BreadcrumbList","@id":"https:\/\/now-news.de\/de\/deutschland\/kreml-eu-ernennt-tollwuetige-russenhasserin-zur-eu-spitzendiplomatin\/#breadcrumb","itemListElement":[{"@type":"ListItem","position":1,"name":"Home","item":"https:\/\/now-news.de\/de\/"},{"@type":"ListItem","position":2,"name":"Kreml: EU ernennt &quot;tollw\u00fctige Russenhasserin&quot; zur EU-Spitzendiplomatin"}]},{"@type":"WebSite","@id":"https:\/\/now-news.de\/de\/#website","url":"https:\/\/now-news.de\/de\/","name":"just-now.NEWS Deutschland","description":"Das Portal f\u00fcr unzensierte Nachrichten aus der Welt","publisher":{"@id":"https:\/\/now-news.de\/de\/#organization"},"potentialAction":[{"@type":"SearchAction","target":{"@type":"EntryPoint","urlTemplate":"https:\/\/now-news.de\/de\/?s={search_term_string}"},"query-input":"required name=search_term_string"}],"inLanguage":"de"},{"@type":"Organization","@id":"https:\/\/now-news.de\/de\/#organization","name":"Just Now News","url":"https:\/\/now-news.de\/de\/","logo":{"@type":"ImageObject","inLanguage":"de","@id":"https:\/\/now-news.de\/de\/#\/schema\/logo\/image\/","url":"http:\/\/just-now.news\/de\/wp-content\/uploads\/sites\/3\/2022\/04\/logo500x500.jpg","contentUrl":"http:\/\/just-now.news\/de\/wp-content\/uploads\/sites\/3\/2022\/04\/logo500x500.jpg","width":500,"height":500,"caption":"Just Now News"},"image":{"@id":"https:\/\/now-news.de\/de\/#\/schema\/logo\/image\/"},"sameAs":["https:\/\/www.facebook.com\/wirmachenauf","https:\/\/x.com\/WirMachenAuf_de"]},{"@type":"Person","@id":"https:\/\/now-news.de\/de\/#\/schema\/person\/fb534a4e865501d8b3285208df34a9b5","name":"rtnews","image":{"@type":"ImageObject","inLanguage":"de","@id":"https:\/\/now-news.de\/de\/#\/schema\/person\/image\/","url":"https:\/\/secure.gravatar.com\/avatar\/82aafea7d8127119dd649515f56e2117?s=96&d=mm&r=g","contentUrl":"https:\/\/secure.gravatar.com\/avatar\/82aafea7d8127119dd649515f56e2117?s=96&d=mm&r=g","caption":"rtnews"},"url":"https:\/\/now-news.de\/de\/author\/rnews\/"}]}},"_links":{"self":[{"href":"https:\/\/now-news.de\/de\/wp-json\/wp\/v2\/posts\/63754"}],"collection":[{"href":"https:\/\/now-news.de\/de\/wp-json\/wp\/v2\/posts"}],"about":[{"href":"https:\/\/now-news.de\/de\/wp-json\/wp\/v2\/types\/post"}],"author":[{"embeddable":true,"href":"https:\/\/now-news.de\/de\/wp-json\/wp\/v2\/users\/3"}],"replies":[{"embeddable":true,"href":"https:\/\/now-news.de\/de\/wp-json\/wp\/v2\/comments?post=63754"}],"version-history":[{"count":0,"href":"https:\/\/now-news.de\/de\/wp-json\/wp\/v2\/posts\/63754\/revisions"}],"wp:featuredmedia":[{"embeddable":true,"href":"https:\/\/now-news.de\/de\/wp-json\/wp\/v2\/media\/63755"}],"wp:attachment":[{"href":"https:\/\/now-news.de\/de\/wp-json\/wp\/v2\/media?parent=63754"}],"wp:term":[{"taxonomy":"category","embeddable":true,"href":"https:\/\/now-news.de\/de\/wp-json\/wp\/v2\/categories?post=63754"},{"taxonomy":"post_tag","embeddable":true,"href":"https:\/\/now-news.de\/de\/wp-json\/wp\/v2\/tags?post=63754"}],"curies":[{"name":"wp","href":"https:\/\/api.w.org\/{rel}","templated":true}]}}