{"id":63748,"date":"2024-06-29T11:38:58","date_gmt":"2024-06-29T09:38:58","guid":{"rendered":"https:\/\/now-news.de\/de\/deutschland\/praesidentenwahl-im-iran-kein-gewinner-stichwahl-zwischen-reformer-und-prinzipalist\/"},"modified":"2024-06-29T11:38:58","modified_gmt":"2024-06-29T09:38:58","slug":"praesidentenwahl-im-iran-kein-gewinner-stichwahl-zwischen-reformer-und-prinzipalist","status":"publish","type":"post","link":"https:\/\/now-news.de\/de\/deutschland\/praesidentenwahl-im-iran-kein-gewinner-stichwahl-zwischen-reformer-und-prinzipalist\/","title":{"rendered":"Pr\u00e4sidentenwahl im Iran: Kein Gewinner \u2013 Stichwahl zwischen Reformer und Prinzipalist"},"content":{"rendered":"<p><img decoding=\"async\" src=\"https:\/\/now-news.de\/de\/wp-content\/uploads\/sites\/3\/2024\/06\/667fc6d4b480cc3a9a68e5d0.jpg\" \/><\/p>\n<div class=\"Text-root Text-type_1 \">\n                Am Freitag wurden die Bewohner des Iran zur Pr\u00e4sidentenwahl aufgerufen. Nach ersten Ausz\u00e4hlungen wird erst eine Stichwahl zum finalen Ergebnis f\u00fchren. Medienberichten zufolge kommt es zu einer Entscheidung zwischen dem fr\u00fcheren Gesundheitsminister Massud Peseschkian und dem regierungsnahen Said Dschalili.\n            <\/div>\n<p><\/p>\n<div class=\"Text-root Text-type_5 ArticleView-text ViewText-root \">\n<p>Der\u00a0Todesfall von\u00a0Pr\u00e4sident Ebrahim Raisi bei einem Hubschrauberabsturz im Mai sorgte daf\u00fcr, dass\u00a0die Iranerinnen und Iraner den vorgesehenen Urnengang im Juni n\u00e4chsten Jahres, zur turnusm\u00e4\u00dfigen\u00a0Pr\u00e4sidentschaftswahl nach vier Jahren, vorziehen mussten.<\/p>\n<p>Nach bisherigen Ausz\u00e4hlungen zeichnet sich laut <em>Al Jazeera die\u00a0<\/em>&#8220;niedrigste Wahlbeteiligung seit der Islamischen Revolution 1979&#8221; ab. Laut Informationen des\u00a0iranischen Staatsfernsehens kommt es zu einer Stichwahl zwischen Massud Peseschkian und\u00a0Said Dschalili.<\/p>\n<p>Das iranische Fernsehen ver\u00f6ffentlichte zuerst folgende ermittelte Ergebnisse, nachdem\u00a0mehr als 19 Millionen Stimmen ausgez\u00e4hlt waren:<\/p>\n<ul>\n<li>Massud Peseschkian:\u00a08,3 Millionen Stimmen<\/li>\n<li>Said Dschalili: 7,2 Millionen Stimmen<\/li>\n<li>Mohammad Bagher Qalibaf: 2,7 Millionen Stimmen<\/li>\n<li>Mostafa Pourmohammadi:\u00a0rund 150.000 Stimmen<\/li>\n<\/ul>\n<p>Mohsen Eslami, ein Sprecher der Wahlkommission, gab dann das vorl\u00e4ufige <a rel=\"nofollow noopener\" target=\"_blank\" href=\"https:\/\/economictimes.indiatimes.com\/news\/international\/world-news\/iran-goes-to-a-runoff-election-between-reformist-masoud-pezeshkian-and-hard-liner-saeed-jalili\/articleshow\/111360556.cms\">Ergebnis<\/a> in einer Pressekonferenz bekannt. So teilte er mit, dass von 24,5 Millionen abgegebenen Stimmen Pezeshkian 10,4 Millionen und Jalili 9,4 Millionen erhalten habe. Parlamentspr\u00e4sident Mohammad Bagher Qalibaf erhielt demnach 3,3 Millionen Stimmen. Der schiitische Geistliche Mostafa Pourmohammadi erhielt \u00fcber 206.000 Stimmen.<\/p>\n<p>Eslami teilte zudem mit, dass die Wahlbeteiligung bei 40 Prozent lag. Bei der Wahl 2021 lag die Wahlbeteiligung bei knapp \u00fcber 48 Prozent. Bei den Parlamentswahlen in diesem Jahr lag sie bei 40,6 Prozent.<\/p>\n<p>Da keiner der beiden f\u00fchrenden Politiker als gew\u00e4hlter Kandidat \u00fcber 50 Prozent der Stimmen erhalten hat, kommt es nun zu einer Stichwahl zwischen den beiden Spitzenkandidaten. Nach dem iranischen Wahlgesetz findet die Stichwahl am ersten Freitag nach Bekanntgabe des Ergebnisses statt, also am 5. Juli.<\/p>\n<p>Bei der Wahl am kommenden Freitag wird daher der reformorientierte Kandidat Massud Peseschkian gegen den ehemaligen Chefunterh\u00e4ndler bei den Atomverhandlungen Said Dschalili antreten, der dem Sicherheitsrat angeh\u00f6rt und zum Lager der Prinzipalisten z\u00e4hlt. Diese begreifen sich als W\u00e4chter der Prinzipien der Islamischen Revolution.<\/p>\n<p><strong>Mehr zum Thema &#8211; <\/strong><a rel=\"nofollow noopener\" target=\"_blank\" href=\"https:\/\/freedert.online\/der-nahe-osten\/210360-kriegsgefahr-in-nahost-drohgebaerden-von\/\">Neue Kriegsgefahr in Nahost: Drohgeb\u00e4rden von Israel und Hisbollah sch\u00fcren \u00c4ngste<\/a><\/p>\n<div class=\"EmbedBlock-root EmbedBlock-externalVideo EmbedBlock-odysee\">\n<div class=\"VkEmbed\"><iframe class=\"lazyload\" data-src=\"https:\/\/odysee.com\/%24\/embed\/%40RTDE%3Ae%2FPr%C3%A4sidentschaftswahlen-im-Iran--Sechs-Kandidaten-streben-um-Raisis-Nachfolge-%3A4\" frameborder=\"0\" width=\"853\" height=\"480\" allowfullscreen><\/iframe><\/div>\n<\/div>\n<\/div>\n<p><br \/>\n<br \/><a href=\"https:\/\/de.rt.com\/der-nahe-osten\/210762-iran\/\">Source link <\/a><\/p>\n","protected":false},"excerpt":{"rendered":"<p>Am Freitag wurden die Bewohner des Iran zur Pr\u00e4sidentenwahl aufgerufen. Nach ersten Ausz\u00e4hlungen wird erst eine Stichwahl zum finalen Ergebnis f\u00fchren. Medienberichten zufolge kommt es zu einer Entscheidung zwischen dem fr\u00fcheren Gesundheitsminister Massud Peseschkian und dem regierungsnahen Said Dschalili. Der\u00a0Todesfall von\u00a0Pr\u00e4sident Ebrahim Raisi bei einem Hubschrauberabsturz im Mai sorgte daf\u00fcr, dass\u00a0die Iranerinnen und Iraner den [&hellip;]<\/p>\n","protected":false},"author":3,"featured_media":63749,"comment_status":"open","ping_status":"open","sticky":false,"template":"","format":"standard","meta":{"_yoast_indexnow_last_ping":["1719654348"],"wp_automatic_camp":["217"],"9a853082b435d0e3980d94e121ca8b55":["Pr\u00e4sidentenwahl im Iran: Kein Gewinner \u2013 Stichwahl zwischen Reformer und Prinzipalist"],"original_link":["https:\/\/de.rt.com\/der-nahe-osten\/210762-iran\/"],"_thumbnail_id":["63749"],"jnews_social_counter_last_update":["1777273404"],"_wptgpro_p2tg_sent2tg":["a:1:{i:23737;s:19:\"2024-06-29 11:46:57\";}"]},"categories":[19,23],"tags":[37709,1786,2030,3319,56163,56162,22429,140,436],"yoast_head":"<!-- This site is optimized with the Yoast SEO Premium plugin v22.7 (Yoast SEO v22.7) - https:\/\/yoast.com\/wordpress\/plugins\/seo\/ -->\n<title>Pr\u00e4sidentenwahl im Iran: Kein Gewinner \u2013 Stichwahl zwischen Reformer und Prinzipalist - just-now.NEWS Deutschland<\/title>\n<meta name=\"robots\" content=\"index, follow, max-snippet:-1, max-image-preview:large, max-video-preview:-1\" \/>\n<link rel=\"canonical\" href=\"https:\/\/now-news.de\/de\/deutschland\/praesidentenwahl-im-iran-kein-gewinner-stichwahl-zwischen-reformer-und-prinzipalist\/\" \/>\n<meta property=\"og:locale\" content=\"de_DE\" \/>\n<meta property=\"og:type\" content=\"article\" \/>\n<meta property=\"og:title\" content=\"Pr\u00e4sidentenwahl im Iran: Kein Gewinner \u2013 Stichwahl zwischen Reformer und Prinzipalist\" \/>\n<meta property=\"og:description\" content=\"Am Freitag wurden die Bewohner des Iran zur Pr\u00e4sidentenwahl aufgerufen. Nach ersten Ausz\u00e4hlungen wird erst eine Stichwahl zum finalen Ergebnis f\u00fchren. Medienberichten zufolge kommt es zu einer Entscheidung zwischen dem fr\u00fcheren Gesundheitsminister Massud Peseschkian und dem regierungsnahen Said Dschalili. Der\u00a0Todesfall von\u00a0Pr\u00e4sident Ebrahim Raisi bei einem Hubschrauberabsturz im Mai sorgte daf\u00fcr, dass\u00a0die Iranerinnen und Iraner den [&hellip;]\" \/>\n<meta property=\"og:url\" content=\"https:\/\/now-news.de\/de\/deutschland\/praesidentenwahl-im-iran-kein-gewinner-stichwahl-zwischen-reformer-und-prinzipalist\/\" \/>\n<meta property=\"og:site_name\" content=\"just-now.NEWS Deutschland\" \/>\n<meta property=\"article:publisher\" content=\"https:\/\/www.facebook.com\/wirmachenauf\" \/>\n<meta property=\"article:published_time\" content=\"2024-06-29T09:38:58+00:00\" \/>\n<meta property=\"og:image\" content=\"https:\/\/now-news.de\/de\/wp-content\/uploads\/sites\/3\/2024\/06\/667fc6d4b480cc3a9a68e5d0.jpg\" \/>\n<meta name=\"author\" content=\"rtnews\" \/>\n<meta name=\"twitter:card\" content=\"summary_large_image\" \/>\n<meta name=\"twitter:creator\" content=\"@WirMachenAuf_de\" \/>\n<meta name=\"twitter:site\" content=\"@WirMachenAuf_de\" \/>\n<meta name=\"twitter:label1\" content=\"Verfasst von\" \/>\n\t<meta name=\"twitter:data1\" content=\"rtnews\" \/>\n\t<meta name=\"twitter:label2\" content=\"Gesch\u00e4tzte Lesezeit\" \/>\n\t<meta name=\"twitter:data2\" content=\"2\u00a0Minuten\" \/>\n<script type=\"application\/ld+json\" class=\"yoast-schema-graph\">{\"@context\":\"https:\/\/schema.org\",\"@graph\":[{\"@type\":\"Article\",\"@id\":\"https:\/\/now-news.de\/de\/deutschland\/praesidentenwahl-im-iran-kein-gewinner-stichwahl-zwischen-reformer-und-prinzipalist\/#article\",\"isPartOf\":{\"@id\":\"https:\/\/now-news.de\/de\/deutschland\/praesidentenwahl-im-iran-kein-gewinner-stichwahl-zwischen-reformer-und-prinzipalist\/\"},\"author\":{\"name\":\"rtnews\",\"@id\":\"https:\/\/now-news.de\/de\/#\/schema\/person\/fb534a4e865501d8b3285208df34a9b5\"},\"headline\":\"Pr\u00e4sidentenwahl im Iran: Kein Gewinner \u2013 Stichwahl zwischen Reformer und Prinzipalist\",\"datePublished\":\"2024-06-29T09:38:58+00:00\",\"dateModified\":\"2024-06-29T09:38:58+00:00\",\"mainEntityOfPage\":{\"@id\":\"https:\/\/now-news.de\/de\/deutschland\/praesidentenwahl-im-iran-kein-gewinner-stichwahl-zwischen-reformer-und-prinzipalist\/\"},\"wordCount\":350,\"commentCount\":0,\"publisher\":{\"@id\":\"https:\/\/now-news.de\/de\/#organization\"},\"image\":{\"@id\":\"https:\/\/now-news.de\/de\/deutschland\/praesidentenwahl-im-iran-kein-gewinner-stichwahl-zwischen-reformer-und-prinzipalist\/#primaryimage\"},\"thumbnailUrl\":\"https:\/\/now-news.de\/de\/wp-content\/uploads\/sites\/3\/2024\/06\/Praesidentenwahl-im-Iran-Kein-Gewinner-\u2013-Stichwahl-zwischen-Reformer-und.jpg\",\"keywords\":[\"Gewinner\",\"Iran\",\"Kein\",\"Pr\u00e4sidentenWahl\",\"Prinzipalist\",\"Reformer\",\"Stichwahl\",\"und\",\"zwischen\"],\"articleSection\":[\"Deutschland\",\"Russland\"],\"inLanguage\":\"de\",\"potentialAction\":[{\"@type\":\"CommentAction\",\"name\":\"Comment\",\"target\":[\"https:\/\/now-news.de\/de\/deutschland\/praesidentenwahl-im-iran-kein-gewinner-stichwahl-zwischen-reformer-und-prinzipalist\/#respond\"]}]},{\"@type\":\"WebPage\",\"@id\":\"https:\/\/now-news.de\/de\/deutschland\/praesidentenwahl-im-iran-kein-gewinner-stichwahl-zwischen-reformer-und-prinzipalist\/\",\"url\":\"https:\/\/now-news.de\/de\/deutschland\/praesidentenwahl-im-iran-kein-gewinner-stichwahl-zwischen-reformer-und-prinzipalist\/\",\"name\":\"Pr\u00e4sidentenwahl im Iran: Kein Gewinner \u2013 Stichwahl zwischen Reformer und Prinzipalist - just-now.NEWS Deutschland\",\"isPartOf\":{\"@id\":\"https:\/\/now-news.de\/de\/#website\"},\"primaryImageOfPage\":{\"@id\":\"https:\/\/now-news.de\/de\/deutschland\/praesidentenwahl-im-iran-kein-gewinner-stichwahl-zwischen-reformer-und-prinzipalist\/#primaryimage\"},\"image\":{\"@id\":\"https:\/\/now-news.de\/de\/deutschland\/praesidentenwahl-im-iran-kein-gewinner-stichwahl-zwischen-reformer-und-prinzipalist\/#primaryimage\"},\"thumbnailUrl\":\"https:\/\/now-news.de\/de\/wp-content\/uploads\/sites\/3\/2024\/06\/Praesidentenwahl-im-Iran-Kein-Gewinner-\u2013-Stichwahl-zwischen-Reformer-und.jpg\",\"datePublished\":\"2024-06-29T09:38:58+00:00\",\"dateModified\":\"2024-06-29T09:38:58+00:00\",\"breadcrumb\":{\"@id\":\"https:\/\/now-news.de\/de\/deutschland\/praesidentenwahl-im-iran-kein-gewinner-stichwahl-zwischen-reformer-und-prinzipalist\/#breadcrumb\"},\"inLanguage\":\"de\",\"potentialAction\":[{\"@type\":\"ReadAction\",\"target\":[\"https:\/\/now-news.de\/de\/deutschland\/praesidentenwahl-im-iran-kein-gewinner-stichwahl-zwischen-reformer-und-prinzipalist\/\"]}]},{\"@type\":\"ImageObject\",\"inLanguage\":\"de\",\"@id\":\"https:\/\/now-news.de\/de\/deutschland\/praesidentenwahl-im-iran-kein-gewinner-stichwahl-zwischen-reformer-und-prinzipalist\/#primaryimage\",\"url\":\"https:\/\/now-news.de\/de\/wp-content\/uploads\/sites\/3\/2024\/06\/Praesidentenwahl-im-Iran-Kein-Gewinner-\u2013-Stichwahl-zwischen-Reformer-und.jpg\",\"contentUrl\":\"https:\/\/now-news.de\/de\/wp-content\/uploads\/sites\/3\/2024\/06\/Praesidentenwahl-im-Iran-Kein-Gewinner-\u2013-Stichwahl-zwischen-Reformer-und.jpg\",\"width\":460,\"height\":259,\"caption\":\"Pr\u00e4sidentenwahl im Iran: Kein Gewinner \u2013 Stichwahl zwischen Reformer und Prinzipalist\"},{\"@type\":\"BreadcrumbList\",\"@id\":\"https:\/\/now-news.de\/de\/deutschland\/praesidentenwahl-im-iran-kein-gewinner-stichwahl-zwischen-reformer-und-prinzipalist\/#breadcrumb\",\"itemListElement\":[{\"@type\":\"ListItem\",\"position\":1,\"name\":\"Home\",\"item\":\"https:\/\/now-news.de\/de\/\"},{\"@type\":\"ListItem\",\"position\":2,\"name\":\"Pr\u00e4sidentenwahl im Iran: Kein Gewinner \u2013 Stichwahl zwischen Reformer und Prinzipalist\"}]},{\"@type\":\"WebSite\",\"@id\":\"https:\/\/now-news.de\/de\/#website\",\"url\":\"https:\/\/now-news.de\/de\/\",\"name\":\"just-now.NEWS Deutschland\",\"description\":\"Das Portal f\u00fcr unzensierte Nachrichten aus der Welt\",\"publisher\":{\"@id\":\"https:\/\/now-news.de\/de\/#organization\"},\"potentialAction\":[{\"@type\":\"SearchAction\",\"target\":{\"@type\":\"EntryPoint\",\"urlTemplate\":\"https:\/\/now-news.de\/de\/?s={search_term_string}\"},\"query-input\":\"required name=search_term_string\"}],\"inLanguage\":\"de\"},{\"@type\":\"Organization\",\"@id\":\"https:\/\/now-news.de\/de\/#organization\",\"name\":\"Just Now News\",\"url\":\"https:\/\/now-news.de\/de\/\",\"logo\":{\"@type\":\"ImageObject\",\"inLanguage\":\"de\",\"@id\":\"https:\/\/now-news.de\/de\/#\/schema\/logo\/image\/\",\"url\":\"http:\/\/just-now.news\/de\/wp-content\/uploads\/sites\/3\/2022\/04\/logo500x500.jpg\",\"contentUrl\":\"http:\/\/just-now.news\/de\/wp-content\/uploads\/sites\/3\/2022\/04\/logo500x500.jpg\",\"width\":500,\"height\":500,\"caption\":\"Just Now News\"},\"image\":{\"@id\":\"https:\/\/now-news.de\/de\/#\/schema\/logo\/image\/\"},\"sameAs\":[\"https:\/\/www.facebook.com\/wirmachenauf\",\"https:\/\/x.com\/WirMachenAuf_de\"]},{\"@type\":\"Person\",\"@id\":\"https:\/\/now-news.de\/de\/#\/schema\/person\/fb534a4e865501d8b3285208df34a9b5\",\"name\":\"rtnews\",\"image\":{\"@type\":\"ImageObject\",\"inLanguage\":\"de\",\"@id\":\"https:\/\/now-news.de\/de\/#\/schema\/person\/image\/\",\"url\":\"https:\/\/secure.gravatar.com\/avatar\/82aafea7d8127119dd649515f56e2117?s=96&d=mm&r=g\",\"contentUrl\":\"https:\/\/secure.gravatar.com\/avatar\/82aafea7d8127119dd649515f56e2117?s=96&d=mm&r=g\",\"caption\":\"rtnews\"},\"url\":\"https:\/\/now-news.de\/de\/author\/rnews\/\"}]}<\/script>\n<!-- \/ Yoast SEO Premium plugin. -->","yoast_head_json":{"title":"Pr\u00e4sidentenwahl im Iran: Kein Gewinner \u2013 Stichwahl zwischen Reformer und Prinzipalist - just-now.NEWS Deutschland","robots":{"index":"index","follow":"follow","max-snippet":"max-snippet:-1","max-image-preview":"max-image-preview:large","max-video-preview":"max-video-preview:-1"},"canonical":"https:\/\/now-news.de\/de\/deutschland\/praesidentenwahl-im-iran-kein-gewinner-stichwahl-zwischen-reformer-und-prinzipalist\/","og_locale":"de_DE","og_type":"article","og_title":"Pr\u00e4sidentenwahl im Iran: Kein Gewinner \u2013 Stichwahl zwischen Reformer und Prinzipalist","og_description":"Am Freitag wurden die Bewohner des Iran zur Pr\u00e4sidentenwahl aufgerufen. Nach ersten Ausz\u00e4hlungen wird erst eine Stichwahl zum finalen Ergebnis f\u00fchren. Medienberichten zufolge kommt es zu einer Entscheidung zwischen dem fr\u00fcheren Gesundheitsminister Massud Peseschkian und dem regierungsnahen Said Dschalili. Der\u00a0Todesfall von\u00a0Pr\u00e4sident Ebrahim Raisi bei einem Hubschrauberabsturz im Mai sorgte daf\u00fcr, dass\u00a0die Iranerinnen und Iraner den [&hellip;]","og_url":"https:\/\/now-news.de\/de\/deutschland\/praesidentenwahl-im-iran-kein-gewinner-stichwahl-zwischen-reformer-und-prinzipalist\/","og_site_name":"just-now.NEWS Deutschland","article_publisher":"https:\/\/www.facebook.com\/wirmachenauf","article_published_time":"2024-06-29T09:38:58+00:00","og_image":[{"url":"https:\/\/now-news.de\/de\/wp-content\/uploads\/sites\/3\/2024\/06\/667fc6d4b480cc3a9a68e5d0.jpg"}],"author":"rtnews","twitter_card":"summary_large_image","twitter_creator":"@WirMachenAuf_de","twitter_site":"@WirMachenAuf_de","twitter_misc":{"Verfasst von":"rtnews","Gesch\u00e4tzte Lesezeit":"2\u00a0Minuten"},"schema":{"@context":"https:\/\/schema.org","@graph":[{"@type":"Article","@id":"https:\/\/now-news.de\/de\/deutschland\/praesidentenwahl-im-iran-kein-gewinner-stichwahl-zwischen-reformer-und-prinzipalist\/#article","isPartOf":{"@id":"https:\/\/now-news.de\/de\/deutschland\/praesidentenwahl-im-iran-kein-gewinner-stichwahl-zwischen-reformer-und-prinzipalist\/"},"author":{"name":"rtnews","@id":"https:\/\/now-news.de\/de\/#\/schema\/person\/fb534a4e865501d8b3285208df34a9b5"},"headline":"Pr\u00e4sidentenwahl im Iran: Kein Gewinner \u2013 Stichwahl zwischen Reformer und Prinzipalist","datePublished":"2024-06-29T09:38:58+00:00","dateModified":"2024-06-29T09:38:58+00:00","mainEntityOfPage":{"@id":"https:\/\/now-news.de\/de\/deutschland\/praesidentenwahl-im-iran-kein-gewinner-stichwahl-zwischen-reformer-und-prinzipalist\/"},"wordCount":350,"commentCount":0,"publisher":{"@id":"https:\/\/now-news.de\/de\/#organization"},"image":{"@id":"https:\/\/now-news.de\/de\/deutschland\/praesidentenwahl-im-iran-kein-gewinner-stichwahl-zwischen-reformer-und-prinzipalist\/#primaryimage"},"thumbnailUrl":"https:\/\/now-news.de\/de\/wp-content\/uploads\/sites\/3\/2024\/06\/Praesidentenwahl-im-Iran-Kein-Gewinner-\u2013-Stichwahl-zwischen-Reformer-und.jpg","keywords":["Gewinner","Iran","Kein","Pr\u00e4sidentenWahl","Prinzipalist","Reformer","Stichwahl","und","zwischen"],"articleSection":["Deutschland","Russland"],"inLanguage":"de","potentialAction":[{"@type":"CommentAction","name":"Comment","target":["https:\/\/now-news.de\/de\/deutschland\/praesidentenwahl-im-iran-kein-gewinner-stichwahl-zwischen-reformer-und-prinzipalist\/#respond"]}]},{"@type":"WebPage","@id":"https:\/\/now-news.de\/de\/deutschland\/praesidentenwahl-im-iran-kein-gewinner-stichwahl-zwischen-reformer-und-prinzipalist\/","url":"https:\/\/now-news.de\/de\/deutschland\/praesidentenwahl-im-iran-kein-gewinner-stichwahl-zwischen-reformer-und-prinzipalist\/","name":"Pr\u00e4sidentenwahl im Iran: Kein Gewinner \u2013 Stichwahl zwischen Reformer und Prinzipalist - just-now.NEWS Deutschland","isPartOf":{"@id":"https:\/\/now-news.de\/de\/#website"},"primaryImageOfPage":{"@id":"https:\/\/now-news.de\/de\/deutschland\/praesidentenwahl-im-iran-kein-gewinner-stichwahl-zwischen-reformer-und-prinzipalist\/#primaryimage"},"image":{"@id":"https:\/\/now-news.de\/de\/deutschland\/praesidentenwahl-im-iran-kein-gewinner-stichwahl-zwischen-reformer-und-prinzipalist\/#primaryimage"},"thumbnailUrl":"https:\/\/now-news.de\/de\/wp-content\/uploads\/sites\/3\/2024\/06\/Praesidentenwahl-im-Iran-Kein-Gewinner-\u2013-Stichwahl-zwischen-Reformer-und.jpg","datePublished":"2024-06-29T09:38:58+00:00","dateModified":"2024-06-29T09:38:58+00:00","breadcrumb":{"@id":"https:\/\/now-news.de\/de\/deutschland\/praesidentenwahl-im-iran-kein-gewinner-stichwahl-zwischen-reformer-und-prinzipalist\/#breadcrumb"},"inLanguage":"de","potentialAction":[{"@type":"ReadAction","target":["https:\/\/now-news.de\/de\/deutschland\/praesidentenwahl-im-iran-kein-gewinner-stichwahl-zwischen-reformer-und-prinzipalist\/"]}]},{"@type":"ImageObject","inLanguage":"de","@id":"https:\/\/now-news.de\/de\/deutschland\/praesidentenwahl-im-iran-kein-gewinner-stichwahl-zwischen-reformer-und-prinzipalist\/#primaryimage","url":"https:\/\/now-news.de\/de\/wp-content\/uploads\/sites\/3\/2024\/06\/Praesidentenwahl-im-Iran-Kein-Gewinner-\u2013-Stichwahl-zwischen-Reformer-und.jpg","contentUrl":"https:\/\/now-news.de\/de\/wp-content\/uploads\/sites\/3\/2024\/06\/Praesidentenwahl-im-Iran-Kein-Gewinner-\u2013-Stichwahl-zwischen-Reformer-und.jpg","width":460,"height":259,"caption":"Pr\u00e4sidentenwahl im Iran: Kein Gewinner \u2013 Stichwahl zwischen Reformer und Prinzipalist"},{"@type":"BreadcrumbList","@id":"https:\/\/now-news.de\/de\/deutschland\/praesidentenwahl-im-iran-kein-gewinner-stichwahl-zwischen-reformer-und-prinzipalist\/#breadcrumb","itemListElement":[{"@type":"ListItem","position":1,"name":"Home","item":"https:\/\/now-news.de\/de\/"},{"@type":"ListItem","position":2,"name":"Pr\u00e4sidentenwahl im Iran: Kein Gewinner \u2013 Stichwahl zwischen Reformer und Prinzipalist"}]},{"@type":"WebSite","@id":"https:\/\/now-news.de\/de\/#website","url":"https:\/\/now-news.de\/de\/","name":"just-now.NEWS Deutschland","description":"Das Portal f\u00fcr unzensierte Nachrichten aus der Welt","publisher":{"@id":"https:\/\/now-news.de\/de\/#organization"},"potentialAction":[{"@type":"SearchAction","target":{"@type":"EntryPoint","urlTemplate":"https:\/\/now-news.de\/de\/?s={search_term_string}"},"query-input":"required name=search_term_string"}],"inLanguage":"de"},{"@type":"Organization","@id":"https:\/\/now-news.de\/de\/#organization","name":"Just Now News","url":"https:\/\/now-news.de\/de\/","logo":{"@type":"ImageObject","inLanguage":"de","@id":"https:\/\/now-news.de\/de\/#\/schema\/logo\/image\/","url":"http:\/\/just-now.news\/de\/wp-content\/uploads\/sites\/3\/2022\/04\/logo500x500.jpg","contentUrl":"http:\/\/just-now.news\/de\/wp-content\/uploads\/sites\/3\/2022\/04\/logo500x500.jpg","width":500,"height":500,"caption":"Just Now News"},"image":{"@id":"https:\/\/now-news.de\/de\/#\/schema\/logo\/image\/"},"sameAs":["https:\/\/www.facebook.com\/wirmachenauf","https:\/\/x.com\/WirMachenAuf_de"]},{"@type":"Person","@id":"https:\/\/now-news.de\/de\/#\/schema\/person\/fb534a4e865501d8b3285208df34a9b5","name":"rtnews","image":{"@type":"ImageObject","inLanguage":"de","@id":"https:\/\/now-news.de\/de\/#\/schema\/person\/image\/","url":"https:\/\/secure.gravatar.com\/avatar\/82aafea7d8127119dd649515f56e2117?s=96&d=mm&r=g","contentUrl":"https:\/\/secure.gravatar.com\/avatar\/82aafea7d8127119dd649515f56e2117?s=96&d=mm&r=g","caption":"rtnews"},"url":"https:\/\/now-news.de\/de\/author\/rnews\/"}]}},"_links":{"self":[{"href":"https:\/\/now-news.de\/de\/wp-json\/wp\/v2\/posts\/63748"}],"collection":[{"href":"https:\/\/now-news.de\/de\/wp-json\/wp\/v2\/posts"}],"about":[{"href":"https:\/\/now-news.de\/de\/wp-json\/wp\/v2\/types\/post"}],"author":[{"embeddable":true,"href":"https:\/\/now-news.de\/de\/wp-json\/wp\/v2\/users\/3"}],"replies":[{"embeddable":true,"href":"https:\/\/now-news.de\/de\/wp-json\/wp\/v2\/comments?post=63748"}],"version-history":[{"count":0,"href":"https:\/\/now-news.de\/de\/wp-json\/wp\/v2\/posts\/63748\/revisions"}],"wp:featuredmedia":[{"embeddable":true,"href":"https:\/\/now-news.de\/de\/wp-json\/wp\/v2\/media\/63749"}],"wp:attachment":[{"href":"https:\/\/now-news.de\/de\/wp-json\/wp\/v2\/media?parent=63748"}],"wp:term":[{"taxonomy":"category","embeddable":true,"href":"https:\/\/now-news.de\/de\/wp-json\/wp\/v2\/categories?post=63748"},{"taxonomy":"post_tag","embeddable":true,"href":"https:\/\/now-news.de\/de\/wp-json\/wp\/v2\/tags?post=63748"}],"curies":[{"name":"wp","href":"https:\/\/api.w.org\/{rel}","templated":true}]}}