{"id":63734,"date":"2024-06-28T22:07:39","date_gmt":"2024-06-28T20:07:39","guid":{"rendered":"https:\/\/now-news.de\/de\/deutschland\/alle-lachen-ueber-opa-biden-was-aber-ist-mit-trump\/"},"modified":"2024-06-28T22:07:39","modified_gmt":"2024-06-28T20:07:39","slug":"alle-lachen-ueber-opa-biden-was-aber-ist-mit-trump","status":"publish","type":"post","link":"https:\/\/now-news.de\/de\/deutschland\/alle-lachen-ueber-opa-biden-was-aber-ist-mit-trump\/","title":{"rendered":"Alle lachen \u00fcber Opa Biden. Was aber ist mit Trump?"},"content":{"rendered":"<p><img decoding=\"async\" src=\"https:\/\/now-news.de\/de\/wp-content\/uploads\/sites\/3\/2024\/06\/667f01d848fbef07545d30e7.jpg\" \/><\/p>\n<div class=\"Text-root Text-type_1 \">\n                Der Fokus der Berichterstattung \u00fcber das erste TV-Duell der beiden wahrscheinlichen Kandidaten f\u00fcr die Wiederwahl als US-Pr\u00e4sident im November liegt auf der schwachen Performance von Joe Biden. Unbemerkt bleibt dabei, was Donald Trump zum Ukraine-Krieg zu sagen hatte. Und das ist nicht unbedingt beruhigend.\n            <\/div>\n<p><\/p>\n<div class=\"Text-root Text-type_5 ArticleView-text ViewText-root \">\n<p><em>Von Tatjana Montjan<\/em><\/p>\n<p>Die erste TV-Debatte Trump gegen Biden ist f\u00fcr uns vor allem deshalb interessant, weil beide Kandidaten f\u00fcr das Wei\u00dfe Haus etwas zum Krieg in der Ukraine zu sagen hatten. Oder besser gesagt, ein Kandidat \u2013 Donald Trump, denn Joe Biden kann nach der heutigen Show endg\u00fcltig abgeschrieben werden.<\/p>\n<p>Und Trump hat seine Standardaussagen, dass er den Krieg innerhalb von 24 Stunden nach seinem Wahlsieg und noch vor seinem offiziellen Amtsantritt beenden wird, nur geringf\u00fcgig erweitert. Hier sind seine wichtigsten Aussagen:<\/p>\n<p><em>&#8220;Er [Biden] hat uns jetzt in eine so schlechte Position gegen\u00fcber der Ukraine und Russland gebracht. Denn die Ukraine kann in diesem Krieg nicht gewinnen. Ihr gehen die M\u00e4nner aus, ihr gehen die Soldaten aus. Sie haben so viele Menschen verloren. Sie haben diese majest\u00e4tischen St\u00e4dte mit ihren tausend Jahre alten goldenen Kuppeln verloren \u2013 und das alles wegen ihm [Biden] und den dummen Entscheidungen, die er getroffen hat. Russland h\u00e4tte nie angegriffen, wenn ich Pr\u00e4sident gewesen w\u00e4re. Der Krieg in der Ukraine h\u00e4tte nie beginnen d\u00fcrfen, und jetzt wird Putin die Ukraine \u00fcbernehmen. Russland hat Obama und Biden so viel Land weggenommen, und das ist unter mir nicht passiert, weil Putin wusste, dass man mit mir nicht spielen kann.&#8221;<\/em><\/p>\n<p>Dass man mit Biden &#8220;spielen&#8221; kann, soll Putin vor allem aus dem fluchtartigen Abzug der US-Streitkr\u00e4fte aus Afghanistan im Jahr 2021 geschlussfolgert haben. O-Ton Trump:<\/p>\n<p><em>&#8220;Als Putin das sah, wissen Sie, was er sagte? &#8216;Ich denke, wir werden reingehen und es vielleicht einnehmen.&#8217; Das war sein Traum. Ich habe mit ihm dar\u00fcber gesprochen. Das ist sein Traum! Der Unterschied ist, dass er niemals in die Ukraine einmarschieren w\u00fcrde, niemals! Wenn wir einen echten Pr\u00e4sidenten h\u00e4tten \u2013 die Art von Pr\u00e4sident, die Putin respektieren w\u00fcrde \u2013, w\u00fcrde er niemals in die Ukraine einmarschieren. Ich glaube sogar, dass Biden Russland zum Einmarsch gedr\u00e4ngt hat. Ich k\u00f6nnte den Krieg noch vor meinem Amtsantritt beenden.&#8221;<\/em><\/p>\n<p>Anschlie\u00dfend kritisierte Donald erneut die massive Geldverschwendung in der Ukraine:<\/p>\n<p><em>&#8220;Er [Biden] hat der Ukraine bereits 200 Milliarden Dollar oder mehr gegeben! Das ist eine Menge Geld. Ich glaube nicht, dass so etwas jemals zuvor passiert ist! Jedes Mal, wenn Selenskij in dieses Land kommt, nimmt er 60 Milliarden Dollar mit. Er ist der gr\u00f6\u00dfte Verk\u00e4ufer der Welt. Und ich gebe ihm nicht die Schuld. Ich sage nur: Das Geld, das wir f\u00fcr diesen Krieg ausgeben, sollten wir nicht ausgeben m\u00fcssen.&#8221;<\/em><\/p>\n<p>Aus Trumps \u00c4u\u00dferungen lassen sich mehrere Schlussfolgerungen ziehen. Erstens will Trump nicht Hunderte Milliarden ausgeben und den Krieg verl\u00e4ngern, was zu mehr Kosten f\u00fchren w\u00fcrde.<\/p>\n<p>Zweitens ist sich Trump sicher, dass Putin seit Langem davon tr\u00e4umt, die Ukraine zu annektieren (hat Putin ihm das pers\u00f6nlich gesagt?), aber der Krieg h\u00e4tte vermieden werden k\u00f6nnen, wenn es im Wei\u00dfen Haus eine starke F\u00fchrungspers\u00f6nlichkeit gegeben h\u00e4tte. Ein starker Pr\u00e4sident h\u00e4tte sich nur gegen den Krieg aussprechen brauchen und Putin h\u00e4tte darauf geh\u00f6rt. Auf Trumps Meinung h\u00e4tte Putin geh\u00f6rt, meint Trump, nicht aber auf unartikulierte Provokateure wie Obama und Biden.<\/p>\n<p>Laut Trump waren es Obama und Biden, die Putin zu einem direkten Konflikt provozierten. Ich m\u00f6chte Sie daran erinnern, dass die USA unter Obama mit den H\u00e4nden von Nuland zun\u00e4chst Putin mit den Vereinbarungen zur friedlichen Beilegung des Maidan, die zur Krim und zur Gr\u00fcndung der Volksrepubliken Donezk und Lugansk f\u00fchrten, abserviert haben. Und dann haben sie Schw\u00e4che gezeigt, zum Beispiel mit der Flucht aus Afghanistan, nach der sich viele in der Welt gefragt haben, ob die USA \u00fcberhaupt zu etwas Ernsthaftem f\u00e4hig sind.<\/p>\n<p>Drittens: Putins Friedensvorschl\u00e4ge werden von Trump als inakzeptabel angesehen, und er hat nicht die Absicht, ihnen zuzustimmen.<\/p>\n<p>Wie will Trump also aus diesem Konflikt herauskommen? Bislang kennen wir nur einen seiner &#8220;Friedenspl\u00e4ne&#8221;, der \u00fcbrigens schon mehrmals zu verschiedenen Zeitpunkten vorgetragen wurde, auch von Trump selbst. Er wird Putin vorschlagen, die K\u00e4mpfe entlang der Frontlinien einzustellen. Wenn Putin nicht zustimmt, droht Trump damit, der Ukraine so viele Waffen zu \u00fcbergeben, dass &#8220;alle Russen auf dem Schlachtfeld get\u00f6tet werden&#8221;. Wenn er zustimmt, deutet Trump an, dass er die Ukraine nicht in die NATO aufnehmen, sie aber gut bewaffnen wird. Was mit den Sanktionen, den eingefrorenen Verm\u00f6genswerten und den anderen Folgen dieses Krieges geschehen wird, ist unbekannt.<\/p>\n<p>Inwieweit Trumps Position f\u00fcr Russland akzeptabler ist als diejenige Bidens, m\u00fcssen Sie selbst beurteilen.<\/p>\n<p><em><strong>Tatjana Montjan<\/strong>\u00a0ist eine ukrainische Rechtsanw\u00e4ltin und Strafverteidigerin, Publizistin und Bloggerin. Vor Beginn der russischen milit\u00e4rischen Intervention musste sie Kiew verlassen, nachdem sie vor der UNO \u00fcber die Zust\u00e4nde in der Ukraine gesprochen hatte. Derzeit lebt sie im Donbass, engagiert sich f\u00fcr humanit\u00e4re Hilfe und f\u00fchrt Videoblogs.\u00a0Man kann ihr auf ihrem\u00a0<a rel=\"nofollow noopener\" target=\"_blank\" href=\"https:\/\/t.me\/montyan2\">Telegram-Kanal<\/a>\u00a0folgen.<\/em>\u00a0<\/p>\n<p><strong>Mehr zum Thema<\/strong>\u00a0&#8211; <a rel=\"nofollow noopener\" target=\"_blank\" href=\"https:\/\/freedert.online\/international\/210684-nach-tv-duell-us-verbuendete\/\">Nach dem TV-Duell: US-Verb\u00fcndete stellen sich auf Trumps R\u00fcckkehr ins Wei\u00dfe Haus ein<\/a><\/p>\n<\/div>\n<p><br \/>\n<br \/><a href=\"https:\/\/de.rt.com\/international\/210720-alle-lachen-ueber-opa-biden\/\">Source link <\/a><\/p>\n","protected":false},"excerpt":{"rendered":"<p>Der Fokus der Berichterstattung \u00fcber das erste TV-Duell der beiden wahrscheinlichen Kandidaten f\u00fcr die Wiederwahl als US-Pr\u00e4sident im November liegt auf der schwachen Performance von Joe Biden. Unbemerkt bleibt dabei, was Donald Trump zum Ukraine-Krieg zu sagen hatte. Und das ist nicht unbedingt beruhigend. Von Tatjana Montjan Die erste TV-Debatte Trump gegen Biden ist f\u00fcr [&hellip;]<\/p>\n","protected":false},"author":3,"featured_media":63735,"comment_status":"open","ping_status":"open","sticky":false,"template":"","format":"standard","meta":{"_yoast_indexnow_last_ping":["1719605931"],"wp_automatic_camp":["217"],"1b495d3f1321415a2c8c7d29e7ea3377":["Alle lachen \u00fcber Opa Biden. Was aber ist mit Trump?"],"original_link":["https:\/\/de.rt.com\/international\/210720-alle-lachen-ueber-opa-biden\/"],"_thumbnail_id":["63735"],"jnews_social_counter_last_update":["1776608535"],"_wptgpro_p2tg_sent2tg":["a:1:{i:23737;s:19:\"2024-06-28 22:19:57\";}"]},"categories":[19,23],"tags":[2205,271,1348,414,15569,419,23154,1639,139],"yoast_head":"<!-- This site is optimized with the Yoast SEO Premium plugin v22.7 (Yoast SEO v22.7) - https:\/\/yoast.com\/wordpress\/plugins\/seo\/ -->\n<title>Alle lachen \u00fcber Opa Biden. Was aber ist mit Trump? - just-now.NEWS Deutschland<\/title>\n<meta name=\"robots\" content=\"index, follow, max-snippet:-1, max-image-preview:large, max-video-preview:-1\" \/>\n<link rel=\"canonical\" href=\"https:\/\/now-news.de\/de\/deutschland\/alle-lachen-ueber-opa-biden-was-aber-ist-mit-trump\/\" \/>\n<meta property=\"og:locale\" content=\"de_DE\" \/>\n<meta property=\"og:type\" content=\"article\" \/>\n<meta property=\"og:title\" content=\"Alle lachen \u00fcber Opa Biden. Was aber ist mit Trump?\" \/>\n<meta property=\"og:description\" content=\"Der Fokus der Berichterstattung \u00fcber das erste TV-Duell der beiden wahrscheinlichen Kandidaten f\u00fcr die Wiederwahl als US-Pr\u00e4sident im November liegt auf der schwachen Performance von Joe Biden. Unbemerkt bleibt dabei, was Donald Trump zum Ukraine-Krieg zu sagen hatte. Und das ist nicht unbedingt beruhigend. Von Tatjana Montjan Die erste TV-Debatte Trump gegen Biden ist f\u00fcr [&hellip;]\" \/>\n<meta property=\"og:url\" content=\"https:\/\/now-news.de\/de\/deutschland\/alle-lachen-ueber-opa-biden-was-aber-ist-mit-trump\/\" \/>\n<meta property=\"og:site_name\" content=\"just-now.NEWS Deutschland\" \/>\n<meta property=\"article:publisher\" content=\"https:\/\/www.facebook.com\/wirmachenauf\" \/>\n<meta property=\"article:published_time\" content=\"2024-06-28T20:07:39+00:00\" \/>\n<meta property=\"og:image\" content=\"https:\/\/now-news.de\/de\/wp-content\/uploads\/sites\/3\/2024\/06\/667f01d848fbef07545d30e7.jpg\" \/>\n<meta name=\"author\" content=\"rtnews\" \/>\n<meta name=\"twitter:card\" content=\"summary_large_image\" \/>\n<meta name=\"twitter:creator\" content=\"@WirMachenAuf_de\" \/>\n<meta name=\"twitter:site\" content=\"@WirMachenAuf_de\" \/>\n<meta name=\"twitter:label1\" content=\"Verfasst von\" \/>\n\t<meta name=\"twitter:data1\" content=\"rtnews\" \/>\n\t<meta name=\"twitter:label2\" content=\"Gesch\u00e4tzte Lesezeit\" \/>\n\t<meta name=\"twitter:data2\" content=\"4\u00a0Minuten\" \/>\n<script type=\"application\/ld+json\" class=\"yoast-schema-graph\">{\"@context\":\"https:\/\/schema.org\",\"@graph\":[{\"@type\":\"Article\",\"@id\":\"https:\/\/now-news.de\/de\/deutschland\/alle-lachen-ueber-opa-biden-was-aber-ist-mit-trump\/#article\",\"isPartOf\":{\"@id\":\"https:\/\/now-news.de\/de\/deutschland\/alle-lachen-ueber-opa-biden-was-aber-ist-mit-trump\/\"},\"author\":{\"name\":\"rtnews\",\"@id\":\"https:\/\/now-news.de\/de\/#\/schema\/person\/fb534a4e865501d8b3285208df34a9b5\"},\"headline\":\"Alle lachen \u00fcber Opa Biden. Was aber ist mit Trump?\",\"datePublished\":\"2024-06-28T20:07:39+00:00\",\"dateModified\":\"2024-06-28T20:07:39+00:00\",\"mainEntityOfPage\":{\"@id\":\"https:\/\/now-news.de\/de\/deutschland\/alle-lachen-ueber-opa-biden-was-aber-ist-mit-trump\/\"},\"wordCount\":895,\"commentCount\":0,\"publisher\":{\"@id\":\"https:\/\/now-news.de\/de\/#organization\"},\"image\":{\"@id\":\"https:\/\/now-news.de\/de\/deutschland\/alle-lachen-ueber-opa-biden-was-aber-ist-mit-trump\/#primaryimage\"},\"thumbnailUrl\":\"https:\/\/now-news.de\/de\/wp-content\/uploads\/sites\/3\/2024\/06\/Alle-lachen-ueber-Opa-Biden-Was-aber-ist-mit-Trump.jpg\",\"keywords\":[\"aber\",\"ALLE\",\"Biden\",\"ist\",\"lachen\",\"mit\",\"Opa\",\"trump\",\"\u00fcber\"],\"articleSection\":[\"Deutschland\",\"Russland\"],\"inLanguage\":\"de\",\"potentialAction\":[{\"@type\":\"CommentAction\",\"name\":\"Comment\",\"target\":[\"https:\/\/now-news.de\/de\/deutschland\/alle-lachen-ueber-opa-biden-was-aber-ist-mit-trump\/#respond\"]}]},{\"@type\":\"WebPage\",\"@id\":\"https:\/\/now-news.de\/de\/deutschland\/alle-lachen-ueber-opa-biden-was-aber-ist-mit-trump\/\",\"url\":\"https:\/\/now-news.de\/de\/deutschland\/alle-lachen-ueber-opa-biden-was-aber-ist-mit-trump\/\",\"name\":\"Alle lachen \u00fcber Opa Biden. Was aber ist mit Trump? - just-now.NEWS Deutschland\",\"isPartOf\":{\"@id\":\"https:\/\/now-news.de\/de\/#website\"},\"primaryImageOfPage\":{\"@id\":\"https:\/\/now-news.de\/de\/deutschland\/alle-lachen-ueber-opa-biden-was-aber-ist-mit-trump\/#primaryimage\"},\"image\":{\"@id\":\"https:\/\/now-news.de\/de\/deutschland\/alle-lachen-ueber-opa-biden-was-aber-ist-mit-trump\/#primaryimage\"},\"thumbnailUrl\":\"https:\/\/now-news.de\/de\/wp-content\/uploads\/sites\/3\/2024\/06\/Alle-lachen-ueber-Opa-Biden-Was-aber-ist-mit-Trump.jpg\",\"datePublished\":\"2024-06-28T20:07:39+00:00\",\"dateModified\":\"2024-06-28T20:07:39+00:00\",\"breadcrumb\":{\"@id\":\"https:\/\/now-news.de\/de\/deutschland\/alle-lachen-ueber-opa-biden-was-aber-ist-mit-trump\/#breadcrumb\"},\"inLanguage\":\"de\",\"potentialAction\":[{\"@type\":\"ReadAction\",\"target\":[\"https:\/\/now-news.de\/de\/deutschland\/alle-lachen-ueber-opa-biden-was-aber-ist-mit-trump\/\"]}]},{\"@type\":\"ImageObject\",\"inLanguage\":\"de\",\"@id\":\"https:\/\/now-news.de\/de\/deutschland\/alle-lachen-ueber-opa-biden-was-aber-ist-mit-trump\/#primaryimage\",\"url\":\"https:\/\/now-news.de\/de\/wp-content\/uploads\/sites\/3\/2024\/06\/Alle-lachen-ueber-Opa-Biden-Was-aber-ist-mit-Trump.jpg\",\"contentUrl\":\"https:\/\/now-news.de\/de\/wp-content\/uploads\/sites\/3\/2024\/06\/Alle-lachen-ueber-Opa-Biden-Was-aber-ist-mit-Trump.jpg\",\"width\":460,\"height\":259,\"caption\":\"Alle lachen \u00fcber Opa Biden. Was aber ist mit Trump?\"},{\"@type\":\"BreadcrumbList\",\"@id\":\"https:\/\/now-news.de\/de\/deutschland\/alle-lachen-ueber-opa-biden-was-aber-ist-mit-trump\/#breadcrumb\",\"itemListElement\":[{\"@type\":\"ListItem\",\"position\":1,\"name\":\"Home\",\"item\":\"https:\/\/now-news.de\/de\/\"},{\"@type\":\"ListItem\",\"position\":2,\"name\":\"Alle lachen \u00fcber Opa Biden. Was aber ist mit Trump?\"}]},{\"@type\":\"WebSite\",\"@id\":\"https:\/\/now-news.de\/de\/#website\",\"url\":\"https:\/\/now-news.de\/de\/\",\"name\":\"just-now.NEWS Deutschland\",\"description\":\"Das Portal f\u00fcr unzensierte Nachrichten aus der Welt\",\"publisher\":{\"@id\":\"https:\/\/now-news.de\/de\/#organization\"},\"potentialAction\":[{\"@type\":\"SearchAction\",\"target\":{\"@type\":\"EntryPoint\",\"urlTemplate\":\"https:\/\/now-news.de\/de\/?s={search_term_string}\"},\"query-input\":\"required name=search_term_string\"}],\"inLanguage\":\"de\"},{\"@type\":\"Organization\",\"@id\":\"https:\/\/now-news.de\/de\/#organization\",\"name\":\"Just Now News\",\"url\":\"https:\/\/now-news.de\/de\/\",\"logo\":{\"@type\":\"ImageObject\",\"inLanguage\":\"de\",\"@id\":\"https:\/\/now-news.de\/de\/#\/schema\/logo\/image\/\",\"url\":\"http:\/\/just-now.news\/de\/wp-content\/uploads\/sites\/3\/2022\/04\/logo500x500.jpg\",\"contentUrl\":\"http:\/\/just-now.news\/de\/wp-content\/uploads\/sites\/3\/2022\/04\/logo500x500.jpg\",\"width\":500,\"height\":500,\"caption\":\"Just Now News\"},\"image\":{\"@id\":\"https:\/\/now-news.de\/de\/#\/schema\/logo\/image\/\"},\"sameAs\":[\"https:\/\/www.facebook.com\/wirmachenauf\",\"https:\/\/x.com\/WirMachenAuf_de\"]},{\"@type\":\"Person\",\"@id\":\"https:\/\/now-news.de\/de\/#\/schema\/person\/fb534a4e865501d8b3285208df34a9b5\",\"name\":\"rtnews\",\"image\":{\"@type\":\"ImageObject\",\"inLanguage\":\"de\",\"@id\":\"https:\/\/now-news.de\/de\/#\/schema\/person\/image\/\",\"url\":\"https:\/\/secure.gravatar.com\/avatar\/82aafea7d8127119dd649515f56e2117?s=96&d=mm&r=g\",\"contentUrl\":\"https:\/\/secure.gravatar.com\/avatar\/82aafea7d8127119dd649515f56e2117?s=96&d=mm&r=g\",\"caption\":\"rtnews\"},\"url\":\"https:\/\/now-news.de\/de\/author\/rnews\/\"}]}<\/script>\n<!-- \/ Yoast SEO Premium plugin. -->","yoast_head_json":{"title":"Alle lachen \u00fcber Opa Biden. Was aber ist mit Trump? - just-now.NEWS Deutschland","robots":{"index":"index","follow":"follow","max-snippet":"max-snippet:-1","max-image-preview":"max-image-preview:large","max-video-preview":"max-video-preview:-1"},"canonical":"https:\/\/now-news.de\/de\/deutschland\/alle-lachen-ueber-opa-biden-was-aber-ist-mit-trump\/","og_locale":"de_DE","og_type":"article","og_title":"Alle lachen \u00fcber Opa Biden. Was aber ist mit Trump?","og_description":"Der Fokus der Berichterstattung \u00fcber das erste TV-Duell der beiden wahrscheinlichen Kandidaten f\u00fcr die Wiederwahl als US-Pr\u00e4sident im November liegt auf der schwachen Performance von Joe Biden. Unbemerkt bleibt dabei, was Donald Trump zum Ukraine-Krieg zu sagen hatte. Und das ist nicht unbedingt beruhigend. Von Tatjana Montjan Die erste TV-Debatte Trump gegen Biden ist f\u00fcr [&hellip;]","og_url":"https:\/\/now-news.de\/de\/deutschland\/alle-lachen-ueber-opa-biden-was-aber-ist-mit-trump\/","og_site_name":"just-now.NEWS Deutschland","article_publisher":"https:\/\/www.facebook.com\/wirmachenauf","article_published_time":"2024-06-28T20:07:39+00:00","og_image":[{"url":"https:\/\/now-news.de\/de\/wp-content\/uploads\/sites\/3\/2024\/06\/667f01d848fbef07545d30e7.jpg"}],"author":"rtnews","twitter_card":"summary_large_image","twitter_creator":"@WirMachenAuf_de","twitter_site":"@WirMachenAuf_de","twitter_misc":{"Verfasst von":"rtnews","Gesch\u00e4tzte Lesezeit":"4\u00a0Minuten"},"schema":{"@context":"https:\/\/schema.org","@graph":[{"@type":"Article","@id":"https:\/\/now-news.de\/de\/deutschland\/alle-lachen-ueber-opa-biden-was-aber-ist-mit-trump\/#article","isPartOf":{"@id":"https:\/\/now-news.de\/de\/deutschland\/alle-lachen-ueber-opa-biden-was-aber-ist-mit-trump\/"},"author":{"name":"rtnews","@id":"https:\/\/now-news.de\/de\/#\/schema\/person\/fb534a4e865501d8b3285208df34a9b5"},"headline":"Alle lachen \u00fcber Opa Biden. Was aber ist mit Trump?","datePublished":"2024-06-28T20:07:39+00:00","dateModified":"2024-06-28T20:07:39+00:00","mainEntityOfPage":{"@id":"https:\/\/now-news.de\/de\/deutschland\/alle-lachen-ueber-opa-biden-was-aber-ist-mit-trump\/"},"wordCount":895,"commentCount":0,"publisher":{"@id":"https:\/\/now-news.de\/de\/#organization"},"image":{"@id":"https:\/\/now-news.de\/de\/deutschland\/alle-lachen-ueber-opa-biden-was-aber-ist-mit-trump\/#primaryimage"},"thumbnailUrl":"https:\/\/now-news.de\/de\/wp-content\/uploads\/sites\/3\/2024\/06\/Alle-lachen-ueber-Opa-Biden-Was-aber-ist-mit-Trump.jpg","keywords":["aber","ALLE","Biden","ist","lachen","mit","Opa","trump","\u00fcber"],"articleSection":["Deutschland","Russland"],"inLanguage":"de","potentialAction":[{"@type":"CommentAction","name":"Comment","target":["https:\/\/now-news.de\/de\/deutschland\/alle-lachen-ueber-opa-biden-was-aber-ist-mit-trump\/#respond"]}]},{"@type":"WebPage","@id":"https:\/\/now-news.de\/de\/deutschland\/alle-lachen-ueber-opa-biden-was-aber-ist-mit-trump\/","url":"https:\/\/now-news.de\/de\/deutschland\/alle-lachen-ueber-opa-biden-was-aber-ist-mit-trump\/","name":"Alle lachen \u00fcber Opa Biden. Was aber ist mit Trump? - just-now.NEWS Deutschland","isPartOf":{"@id":"https:\/\/now-news.de\/de\/#website"},"primaryImageOfPage":{"@id":"https:\/\/now-news.de\/de\/deutschland\/alle-lachen-ueber-opa-biden-was-aber-ist-mit-trump\/#primaryimage"},"image":{"@id":"https:\/\/now-news.de\/de\/deutschland\/alle-lachen-ueber-opa-biden-was-aber-ist-mit-trump\/#primaryimage"},"thumbnailUrl":"https:\/\/now-news.de\/de\/wp-content\/uploads\/sites\/3\/2024\/06\/Alle-lachen-ueber-Opa-Biden-Was-aber-ist-mit-Trump.jpg","datePublished":"2024-06-28T20:07:39+00:00","dateModified":"2024-06-28T20:07:39+00:00","breadcrumb":{"@id":"https:\/\/now-news.de\/de\/deutschland\/alle-lachen-ueber-opa-biden-was-aber-ist-mit-trump\/#breadcrumb"},"inLanguage":"de","potentialAction":[{"@type":"ReadAction","target":["https:\/\/now-news.de\/de\/deutschland\/alle-lachen-ueber-opa-biden-was-aber-ist-mit-trump\/"]}]},{"@type":"ImageObject","inLanguage":"de","@id":"https:\/\/now-news.de\/de\/deutschland\/alle-lachen-ueber-opa-biden-was-aber-ist-mit-trump\/#primaryimage","url":"https:\/\/now-news.de\/de\/wp-content\/uploads\/sites\/3\/2024\/06\/Alle-lachen-ueber-Opa-Biden-Was-aber-ist-mit-Trump.jpg","contentUrl":"https:\/\/now-news.de\/de\/wp-content\/uploads\/sites\/3\/2024\/06\/Alle-lachen-ueber-Opa-Biden-Was-aber-ist-mit-Trump.jpg","width":460,"height":259,"caption":"Alle lachen \u00fcber Opa Biden. Was aber ist mit Trump?"},{"@type":"BreadcrumbList","@id":"https:\/\/now-news.de\/de\/deutschland\/alle-lachen-ueber-opa-biden-was-aber-ist-mit-trump\/#breadcrumb","itemListElement":[{"@type":"ListItem","position":1,"name":"Home","item":"https:\/\/now-news.de\/de\/"},{"@type":"ListItem","position":2,"name":"Alle lachen \u00fcber Opa Biden. Was aber ist mit Trump?"}]},{"@type":"WebSite","@id":"https:\/\/now-news.de\/de\/#website","url":"https:\/\/now-news.de\/de\/","name":"just-now.NEWS Deutschland","description":"Das Portal f\u00fcr unzensierte Nachrichten aus der Welt","publisher":{"@id":"https:\/\/now-news.de\/de\/#organization"},"potentialAction":[{"@type":"SearchAction","target":{"@type":"EntryPoint","urlTemplate":"https:\/\/now-news.de\/de\/?s={search_term_string}"},"query-input":"required name=search_term_string"}],"inLanguage":"de"},{"@type":"Organization","@id":"https:\/\/now-news.de\/de\/#organization","name":"Just Now News","url":"https:\/\/now-news.de\/de\/","logo":{"@type":"ImageObject","inLanguage":"de","@id":"https:\/\/now-news.de\/de\/#\/schema\/logo\/image\/","url":"http:\/\/just-now.news\/de\/wp-content\/uploads\/sites\/3\/2022\/04\/logo500x500.jpg","contentUrl":"http:\/\/just-now.news\/de\/wp-content\/uploads\/sites\/3\/2022\/04\/logo500x500.jpg","width":500,"height":500,"caption":"Just Now News"},"image":{"@id":"https:\/\/now-news.de\/de\/#\/schema\/logo\/image\/"},"sameAs":["https:\/\/www.facebook.com\/wirmachenauf","https:\/\/x.com\/WirMachenAuf_de"]},{"@type":"Person","@id":"https:\/\/now-news.de\/de\/#\/schema\/person\/fb534a4e865501d8b3285208df34a9b5","name":"rtnews","image":{"@type":"ImageObject","inLanguage":"de","@id":"https:\/\/now-news.de\/de\/#\/schema\/person\/image\/","url":"https:\/\/secure.gravatar.com\/avatar\/82aafea7d8127119dd649515f56e2117?s=96&d=mm&r=g","contentUrl":"https:\/\/secure.gravatar.com\/avatar\/82aafea7d8127119dd649515f56e2117?s=96&d=mm&r=g","caption":"rtnews"},"url":"https:\/\/now-news.de\/de\/author\/rnews\/"}]}},"_links":{"self":[{"href":"https:\/\/now-news.de\/de\/wp-json\/wp\/v2\/posts\/63734"}],"collection":[{"href":"https:\/\/now-news.de\/de\/wp-json\/wp\/v2\/posts"}],"about":[{"href":"https:\/\/now-news.de\/de\/wp-json\/wp\/v2\/types\/post"}],"author":[{"embeddable":true,"href":"https:\/\/now-news.de\/de\/wp-json\/wp\/v2\/users\/3"}],"replies":[{"embeddable":true,"href":"https:\/\/now-news.de\/de\/wp-json\/wp\/v2\/comments?post=63734"}],"version-history":[{"count":0,"href":"https:\/\/now-news.de\/de\/wp-json\/wp\/v2\/posts\/63734\/revisions"}],"wp:featuredmedia":[{"embeddable":true,"href":"https:\/\/now-news.de\/de\/wp-json\/wp\/v2\/media\/63735"}],"wp:attachment":[{"href":"https:\/\/now-news.de\/de\/wp-json\/wp\/v2\/media?parent=63734"}],"wp:term":[{"taxonomy":"category","embeddable":true,"href":"https:\/\/now-news.de\/de\/wp-json\/wp\/v2\/categories?post=63734"},{"taxonomy":"post_tag","embeddable":true,"href":"https:\/\/now-news.de\/de\/wp-json\/wp\/v2\/tags?post=63734"}],"curies":[{"name":"wp","href":"https:\/\/api.w.org\/{rel}","templated":true}]}}